{"id":30293,"date":"2025-03-10T20:55:15","date_gmt":"2025-03-10T23:55:15","guid":{"rendered":"https:\/\/apuntesdesanluis.com\/?p=30293"},"modified":"2025-03-10T20:55:15","modified_gmt":"2025-03-10T23:55:15","slug":"rindieron-mas-de-450-docentes-para-el-concurso-de-cargos-directivos","status":"publish","type":"post","link":"https:\/\/apuntesdesanluis.com\/index.php\/2025\/03\/10\/rindieron-mas-de-450-docentes-para-el-concurso-de-cargos-directivos\/","title":{"rendered":"RINDIERON M\u00c1S DE 450 DOCENTES PARA EL CONCURSO DE CARGOS DIRECTIVOS"},"content":{"rendered":"<h3>El examen para los aspirantes a director, vicedirector y regente se realiz\u00f3 simult\u00e1neamente en San Luis, Villa Mercedes y Villa de Merlo, cada uno abarcando distintas regiones educativas.<\/h3>\n<h3>Este lunes, 455 docentes que aspiran a ocupar cargos jer\u00e1rquicos en distintas instituciones de la provincia realizaron el examen escrito que pretende constatar los conocimientos adquiridos a lo largo de las capacitaciones de 2024.<\/h3>\n<p><img fetchpriority=\"high\" decoding=\"async\" class=\"wp-image-30295 aligncenter\" src=\"https:\/\/apuntesdesanluis.com\/wp-content\/uploads\/2025\/03\/WhatsApp-Image-2025-03-10-at-16.21.30-768x432-1-300x169.jpg\" alt=\"\" width=\"678\" height=\"382\" srcset=\"https:\/\/apuntesdesanluis.com\/wp-content\/uploads\/2025\/03\/WhatsApp-Image-2025-03-10-at-16.21.30-768x432-1-300x169.jpg 300w, https:\/\/apuntesdesanluis.com\/wp-content\/uploads\/2025\/03\/WhatsApp-Image-2025-03-10-at-16.21.30-768x432-1.jpg 768w\" sizes=\"(max-width: 678px) 100vw, 678px\" \/><\/p>\n<h3>La evaluaci\u00f3n se tom\u00f3 en el Instituto de Formaci\u00f3n Docente Continua (IFDC) en la ciudad de San Luis para los postulantes de la Regi\u00f3n I y VI; en la Universidad de Oficios (UPrO) de Merlo, donde rindieron los de la Regi\u00f3n IV y V; y en la UPrO de Villa Mercedes, que recibi\u00f3 a los aspirantes de la Regi\u00f3n II y III.<\/h3>\n<h3>Las evaluaciones ser\u00e1n corregidas por un jurado compuesto por profesionales provenientes de distintas regiones educativas. Los resultados ser\u00e1n publicados el pr\u00f3ximo 27 de marzo y los docentes que no aprueben tendr\u00e1n la posibilidad de presentar una impugnaci\u00f3n al d\u00eda siguiente.<\/h3>\n<p>&nbsp;<\/p>\n<p>&nbsp;<\/p>\n<p>&nbsp;<\/p>\n<h3><\/h3>\n<h3><\/h3>\n<p>&nbsp;<\/p>\n","protected":false},"excerpt":{"rendered":"<p>El examen para los aspirantes a director, vicedirector y regente se realiz\u00f3 simult\u00e1neamente en San&#8230;<\/p>\n","protected":false},"author":1,"featured_media":30294,"comment_status":"closed","ping_status":"closed","sticky":false,"template":"","format":"standard","meta":{"footnotes":""},"categories":[6],"tags":[],"class_list":["post-30293","post","type-post","status-publish","format-standard","has-post-thumbnail","hentry","category-ciudad-provincia"],"yoast_head":"<!-- This site is optimized with the Yoast SEO plugin v26.1.1 - https:\/\/yoast.com\/wordpress\/plugins\/seo\/ -->\n<title>RINDIERON M\u00c1S DE 450 DOCENTES PARA EL CONCURSO DE CARGOS DIRECTIVOS - Apuntes de San Luis<\/title>\n<meta name=\"robots\" content=\"index, follow, max-snippet:-1, max-image-preview:large, max-video-preview:-1\" \/>\n<link rel=\"canonical\" href=\"https:\/\/apuntesdesanluis.com\/index.php\/2025\/03\/10\/rindieron-mas-de-450-docentes-para-el-concurso-de-cargos-directivos\/\" \/>\n<meta property=\"og:locale\" content=\"es_ES\" \/>\n<meta property=\"og:type\" content=\"article\" \/>\n<meta property=\"og:title\" content=\"RINDIERON M\u00c1S DE 450 DOCENTES PARA EL CONCURSO DE CARGOS DIRECTIVOS - Apuntes de San Luis\" \/>\n<meta property=\"og:description\" content=\"El examen para los aspirantes a director, vicedirector y regente se realiz\u00f3 simult\u00e1neamente en San...\" \/>\n<meta property=\"og:url\" content=\"https:\/\/apuntesdesanluis.com\/index.php\/2025\/03\/10\/rindieron-mas-de-450-docentes-para-el-concurso-de-cargos-directivos\/\" \/>\n<meta property=\"og:site_name\" content=\"Apuntes de San Luis\" \/>\n<meta property=\"article:published_time\" content=\"2025-03-10T23:55:15+00:00\" \/>\n<meta property=\"og:image\" content=\"https:\/\/apuntesdesanluis.com\/wp-content\/uploads\/2025\/03\/IMG-20250310-WA0049-768x576-1.jpg\" \/>\n\t<meta property=\"og:image:width\" content=\"768\" \/>\n\t<meta property=\"og:image:height\" content=\"576\" \/>\n\t<meta property=\"og:image:type\" content=\"image\/jpeg\" \/>\n<meta name=\"author\" content=\"apuntesdesanluis.com\" \/>\n<meta name=\"twitter:card\" content=\"summary_large_image\" \/>\n<meta name=\"twitter:label1\" content=\"Escrito por\" \/>\n\t<meta name=\"twitter:data1\" content=\"apuntesdesanluis.com\" \/>\n\t<meta name=\"twitter:label2\" content=\"Tiempo de lectura\" \/>\n\t<meta name=\"twitter:data2\" content=\"2 minutos\" \/>\n<script type=\"application\/ld+json\" class=\"yoast-schema-graph\">{\"@context\":\"https:\/\/schema.org\",\"@graph\":[{\"@type\":\"Article\",\"@id\":\"https:\/\/apuntesdesanluis.com\/index.php\/2025\/03\/10\/rindieron-mas-de-450-docentes-para-el-concurso-de-cargos-directivos\/#article\",\"isPartOf\":{\"@id\":\"https:\/\/apuntesdesanluis.com\/index.php\/2025\/03\/10\/rindieron-mas-de-450-docentes-para-el-concurso-de-cargos-directivos\/\"},\"author\":{\"name\":\"apuntesdesanluis.com\",\"@id\":\"https:\/\/apuntesdesanluis.com\/#\/schema\/person\/b55151d52296fcce64d1a72538a70b90\"},\"headline\":\"RINDIERON M\u00c1S DE 450 DOCENTES PARA EL CONCURSO DE CARGOS DIRECTIVOS\",\"datePublished\":\"2025-03-10T23:55:15+00:00\",\"mainEntityOfPage\":{\"@id\":\"https:\/\/apuntesdesanluis.com\/index.php\/2025\/03\/10\/rindieron-mas-de-450-docentes-para-el-concurso-de-cargos-directivos\/\"},\"wordCount\":189,\"publisher\":{\"@id\":\"https:\/\/apuntesdesanluis.com\/#\/schema\/person\/b55151d52296fcce64d1a72538a70b90\"},\"image\":{\"@id\":\"https:\/\/apuntesdesanluis.com\/index.php\/2025\/03\/10\/rindieron-mas-de-450-docentes-para-el-concurso-de-cargos-directivos\/#primaryimage\"},\"thumbnailUrl\":\"https:\/\/apuntesdesanluis.com\/wp-content\/uploads\/2025\/03\/IMG-20250310-WA0049-768x576-1.jpg\",\"articleSection\":[\"Ciudad\/Provincia\"],\"inLanguage\":\"es-AR\"},{\"@type\":\"WebPage\",\"@id\":\"https:\/\/apuntesdesanluis.com\/index.php\/2025\/03\/10\/rindieron-mas-de-450-docentes-para-el-concurso-de-cargos-directivos\/\",\"url\":\"https:\/\/apuntesdesanluis.com\/index.php\/2025\/03\/10\/rindieron-mas-de-450-docentes-para-el-concurso-de-cargos-directivos\/\",\"name\":\"RINDIERON M\u00c1S DE 450 DOCENTES PARA EL CONCURSO DE CARGOS DIRECTIVOS - Apuntes de San Luis\",\"isPartOf\":{\"@id\":\"https:\/\/apuntesdesanluis.com\/#website\"},\"primaryImageOfPage\":{\"@id\":\"https:\/\/apuntesdesanluis.com\/index.php\/2025\/03\/10\/rindieron-mas-de-450-docentes-para-el-concurso-de-cargos-directivos\/#primaryimage\"},\"image\":{\"@id\":\"https:\/\/apuntesdesanluis.com\/index.php\/2025\/03\/10\/rindieron-mas-de-450-docentes-para-el-concurso-de-cargos-directivos\/#primaryimage\"},\"thumbnailUrl\":\"https:\/\/apuntesdesanluis.com\/wp-content\/uploads\/2025\/03\/IMG-20250310-WA0049-768x576-1.jpg\",\"datePublished\":\"2025-03-10T23:55:15+00:00\",\"breadcrumb\":{\"@id\":\"https:\/\/apuntesdesanluis.com\/index.php\/2025\/03\/10\/rindieron-mas-de-450-docentes-para-el-concurso-de-cargos-directivos\/#breadcrumb\"},\"inLanguage\":\"es-AR\",\"potentialAction\":[{\"@type\":\"ReadAction\",\"target\":[\"https:\/\/apuntesdesanluis.com\/index.php\/2025\/03\/10\/rindieron-mas-de-450-docentes-para-el-concurso-de-cargos-directivos\/\"]}]},{\"@type\":\"ImageObject\",\"inLanguage\":\"es-AR\",\"@id\":\"https:\/\/apuntesdesanluis.com\/index.php\/2025\/03\/10\/rindieron-mas-de-450-docentes-para-el-concurso-de-cargos-directivos\/#primaryimage\",\"url\":\"https:\/\/apuntesdesanluis.com\/wp-content\/uploads\/2025\/03\/IMG-20250310-WA0049-768x576-1.jpg\",\"contentUrl\":\"https:\/\/apuntesdesanluis.com\/wp-content\/uploads\/2025\/03\/IMG-20250310-WA0049-768x576-1.jpg\",\"width\":768,\"height\":576},{\"@type\":\"BreadcrumbList\",\"@id\":\"https:\/\/apuntesdesanluis.com\/index.php\/2025\/03\/10\/rindieron-mas-de-450-docentes-para-el-concurso-de-cargos-directivos\/#breadcrumb\",\"itemListElement\":[{\"@type\":\"ListItem\",\"position\":1,\"name\":\"Inicio\",\"item\":\"https:\/\/apuntesdesanluis.com\/\"},{\"@type\":\"ListItem\",\"position\":2,\"name\":\"RINDIERON M\u00c1S DE 450 DOCENTES PARA EL CONCURSO DE CARGOS DIRECTIVOS\"}]},{\"@type\":\"WebSite\",\"@id\":\"https:\/\/apuntesdesanluis.com\/#website\",\"url\":\"https:\/\/apuntesdesanluis.com\/\",\"name\":\"Apuntes de San Luis\",\"description\":\"\",\"publisher\":{\"@id\":\"https:\/\/apuntesdesanluis.com\/#\/schema\/person\/b55151d52296fcce64d1a72538a70b90\"},\"potentialAction\":[{\"@type\":\"SearchAction\",\"target\":{\"@type\":\"EntryPoint\",\"urlTemplate\":\"https:\/\/apuntesdesanluis.com\/?s={search_term_string}\"},\"query-input\":{\"@type\":\"PropertyValueSpecification\",\"valueRequired\":true,\"valueName\":\"search_term_string\"}}],\"inLanguage\":\"es-AR\"},{\"@type\":[\"Person\",\"Organization\"],\"@id\":\"https:\/\/apuntesdesanluis.com\/#\/schema\/person\/b55151d52296fcce64d1a72538a70b90\",\"name\":\"apuntesdesanluis.com\",\"image\":{\"@type\":\"ImageObject\",\"inLanguage\":\"es-AR\",\"@id\":\"https:\/\/apuntesdesanluis.com\/#\/schema\/person\/image\/\",\"url\":\"https:\/\/apuntesdesanluis.com\/wp-content\/uploads\/2023\/07\/cropped-apuntesdesanluis.png\",\"contentUrl\":\"https:\/\/apuntesdesanluis.com\/wp-content\/uploads\/2023\/07\/cropped-apuntesdesanluis.png\",\"width\":450,\"height\":112,\"caption\":\"apuntesdesanluis.com\"},\"logo\":{\"@id\":\"https:\/\/apuntesdesanluis.com\/#\/schema\/person\/image\/\"},\"sameAs\":[\"https:\/\/apuntesdesanluis.com\"],\"url\":\"https:\/\/apuntesdesanluis.com\/index.php\/author\/apuntesdesanluis-com\/\"}]}<\/script>\n<!-- \/ Yoast SEO plugin. -->","yoast_head_json":{"title":"RINDIERON M\u00c1S DE 450 DOCENTES PARA EL CONCURSO DE CARGOS DIRECTIVOS - Apuntes de San Luis","robots":{"index":"index","follow":"follow","max-snippet":"max-snippet:-1","max-image-preview":"max-image-preview:large","max-video-preview":"max-video-preview:-1"},"canonical":"https:\/\/apuntesdesanluis.com\/index.php\/2025\/03\/10\/rindieron-mas-de-450-docentes-para-el-concurso-de-cargos-directivos\/","og_locale":"es_ES","og_type":"article","og_title":"RINDIERON M\u00c1S DE 450 DOCENTES PARA EL CONCURSO DE CARGOS DIRECTIVOS - Apuntes de San Luis","og_description":"El examen para los aspirantes a director, vicedirector y regente se realiz\u00f3 simult\u00e1neamente en San...","og_url":"https:\/\/apuntesdesanluis.com\/index.php\/2025\/03\/10\/rindieron-mas-de-450-docentes-para-el-concurso-de-cargos-directivos\/","og_site_name":"Apuntes de San Luis","article_published_time":"2025-03-10T23:55:15+00:00","og_image":[{"width":768,"height":576,"url":"https:\/\/apuntesdesanluis.com\/wp-content\/uploads\/2025\/03\/IMG-20250310-WA0049-768x576-1.jpg","type":"image\/jpeg"}],"author":"apuntesdesanluis.com","twitter_card":"summary_large_image","twitter_misc":{"Escrito por":"apuntesdesanluis.com","Tiempo de lectura":"2 minutos"},"schema":{"@context":"https:\/\/schema.org","@graph":[{"@type":"Article","@id":"https:\/\/apuntesdesanluis.com\/index.php\/2025\/03\/10\/rindieron-mas-de-450-docentes-para-el-concurso-de-cargos-directivos\/#article","isPartOf":{"@id":"https:\/\/apuntesdesanluis.com\/index.php\/2025\/03\/10\/rindieron-mas-de-450-docentes-para-el-concurso-de-cargos-directivos\/"},"author":{"name":"apuntesdesanluis.com","@id":"https:\/\/apuntesdesanluis.com\/#\/schema\/person\/b55151d52296fcce64d1a72538a70b90"},"headline":"RINDIERON M\u00c1S DE 450 DOCENTES PARA EL CONCURSO DE CARGOS DIRECTIVOS","datePublished":"2025-03-10T23:55:15+00:00","mainEntityOfPage":{"@id":"https:\/\/apuntesdesanluis.com\/index.php\/2025\/03\/10\/rindieron-mas-de-450-docentes-para-el-concurso-de-cargos-directivos\/"},"wordCount":189,"publisher":{"@id":"https:\/\/apuntesdesanluis.com\/#\/schema\/person\/b55151d52296fcce64d1a72538a70b90"},"image":{"@id":"https:\/\/apuntesdesanluis.com\/index.php\/2025\/03\/10\/rindieron-mas-de-450-docentes-para-el-concurso-de-cargos-directivos\/#primaryimage"},"thumbnailUrl":"https:\/\/apuntesdesanluis.com\/wp-content\/uploads\/2025\/03\/IMG-20250310-WA0049-768x576-1.jpg","articleSection":["Ciudad\/Provincia"],"inLanguage":"es-AR"},{"@type":"WebPage","@id":"https:\/\/apuntesdesanluis.com\/index.php\/2025\/03\/10\/rindieron-mas-de-450-docentes-para-el-concurso-de-cargos-directivos\/","url":"https:\/\/apuntesdesanluis.com\/index.php\/2025\/03\/10\/rindieron-mas-de-450-docentes-para-el-concurso-de-cargos-directivos\/","name":"RINDIERON M\u00c1S DE 450 DOCENTES PARA EL CONCURSO DE CARGOS DIRECTIVOS - Apuntes de San Luis","isPartOf":{"@id":"https:\/\/apuntesdesanluis.com\/#website"},"primaryImageOfPage":{"@id":"https:\/\/apuntesdesanluis.com\/index.php\/2025\/03\/10\/rindieron-mas-de-450-docentes-para-el-concurso-de-cargos-directivos\/#primaryimage"},"image":{"@id":"https:\/\/apuntesdesanluis.com\/index.php\/2025\/03\/10\/rindieron-mas-de-450-docentes-para-el-concurso-de-cargos-directivos\/#primaryimage"},"thumbnailUrl":"https:\/\/apuntesdesanluis.com\/wp-content\/uploads\/2025\/03\/IMG-20250310-WA0049-768x576-1.jpg","datePublished":"2025-03-10T23:55:15+00:00","breadcrumb":{"@id":"https:\/\/apuntesdesanluis.com\/index.php\/2025\/03\/10\/rindieron-mas-de-450-docentes-para-el-concurso-de-cargos-directivos\/#breadcrumb"},"inLanguage":"es-AR","potentialAction":[{"@type":"ReadAction","target":["https:\/\/apuntesdesanluis.com\/index.php\/2025\/03\/10\/rindieron-mas-de-450-docentes-para-el-concurso-de-cargos-directivos\/"]}]},{"@type":"ImageObject","inLanguage":"es-AR","@id":"https:\/\/apuntesdesanluis.com\/index.php\/2025\/03\/10\/rindieron-mas-de-450-docentes-para-el-concurso-de-cargos-directivos\/#primaryimage","url":"https:\/\/apuntesdesanluis.com\/wp-content\/uploads\/2025\/03\/IMG-20250310-WA0049-768x576-1.jpg","contentUrl":"https:\/\/apuntesdesanluis.com\/wp-content\/uploads\/2025\/03\/IMG-20250310-WA0049-768x576-1.jpg","width":768,"height":576},{"@type":"BreadcrumbList","@id":"https:\/\/apuntesdesanluis.com\/index.php\/2025\/03\/10\/rindieron-mas-de-450-docentes-para-el-concurso-de-cargos-directivos\/#breadcrumb","itemListElement":[{"@type":"ListItem","position":1,"name":"Inicio","item":"https:\/\/apuntesdesanluis.com\/"},{"@type":"ListItem","position":2,"name":"RINDIERON M\u00c1S DE 450 DOCENTES PARA EL CONCURSO DE CARGOS DIRECTIVOS"}]},{"@type":"WebSite","@id":"https:\/\/apuntesdesanluis.com\/#website","url":"https:\/\/apuntesdesanluis.com\/","name":"Apuntes de San Luis","description":"","publisher":{"@id":"https:\/\/apuntesdesanluis.com\/#\/schema\/person\/b55151d52296fcce64d1a72538a70b90"},"potentialAction":[{"@type":"SearchAction","target":{"@type":"EntryPoint","urlTemplate":"https:\/\/apuntesdesanluis.com\/?s={search_term_string}"},"query-input":{"@type":"PropertyValueSpecification","valueRequired":true,"valueName":"search_term_string"}}],"inLanguage":"es-AR"},{"@type":["Person","Organization"],"@id":"https:\/\/apuntesdesanluis.com\/#\/schema\/person\/b55151d52296fcce64d1a72538a70b90","name":"apuntesdesanluis.com","image":{"@type":"ImageObject","inLanguage":"es-AR","@id":"https:\/\/apuntesdesanluis.com\/#\/schema\/person\/image\/","url":"https:\/\/apuntesdesanluis.com\/wp-content\/uploads\/2023\/07\/cropped-apuntesdesanluis.png","contentUrl":"https:\/\/apuntesdesanluis.com\/wp-content\/uploads\/2023\/07\/cropped-apuntesdesanluis.png","width":450,"height":112,"caption":"apuntesdesanluis.com"},"logo":{"@id":"https:\/\/apuntesdesanluis.com\/#\/schema\/person\/image\/"},"sameAs":["https:\/\/apuntesdesanluis.com"],"url":"https:\/\/apuntesdesanluis.com\/index.php\/author\/apuntesdesanluis-com\/"}]}},"featured_image_urls":{"full":["https:\/\/apuntesdesanluis.com\/wp-content\/uploads\/2025\/03\/IMG-20250310-WA0049-768x576-1.jpg",768,576,false],"thumbnail":["https:\/\/apuntesdesanluis.com\/wp-content\/uploads\/2025\/03\/IMG-20250310-WA0049-768x576-1-150x150.jpg",150,150,true],"medium":["https:\/\/apuntesdesanluis.com\/wp-content\/uploads\/2025\/03\/IMG-20250310-WA0049-768x576-1-300x225.jpg",300,225,true],"medium_large":["https:\/\/apuntesdesanluis.com\/wp-content\/uploads\/2025\/03\/IMG-20250310-WA0049-768x576-1.jpg",640,480,false],"large":["https:\/\/apuntesdesanluis.com\/wp-content\/uploads\/2025\/03\/IMG-20250310-WA0049-768x576-1.jpg",640,480,false],"1536x1536":["https:\/\/apuntesdesanluis.com\/wp-content\/uploads\/2025\/03\/IMG-20250310-WA0049-768x576-1.jpg",768,576,false],"2048x2048":["https:\/\/apuntesdesanluis.com\/wp-content\/uploads\/2025\/03\/IMG-20250310-WA0049-768x576-1.jpg",768,576,false],"newsever-slider-full":["https:\/\/apuntesdesanluis.com\/wp-content\/uploads\/2025\/03\/IMG-20250310-WA0049-768x576-1.jpg",768,576,false],"newsever-featured":["https:\/\/apuntesdesanluis.com\/wp-content\/uploads\/2025\/03\/IMG-20250310-WA0049-768x576-1.jpg",768,576,false],"newsever-medium":["https:\/\/apuntesdesanluis.com\/wp-content\/uploads\/2025\/03\/IMG-20250310-WA0049-768x576-1-720x475.jpg",720,475,true]},"author_info":{"display_name":"apuntesdesanluis.com","author_link":"https:\/\/apuntesdesanluis.com\/index.php\/author\/apuntesdesanluis-com\/"},"category_info":"<a href=\"https:\/\/apuntesdesanluis.com\/index.php\/category\/ciudad-provincia\/\" rel=\"category tag\">Ciudad\/Provincia<\/a>","tag_info":"Ciudad\/Provincia","comment_count":"0","_links":{"self":[{"href":"https:\/\/apuntesdesanluis.com\/index.php\/wp-json\/wp\/v2\/posts\/30293","targetHints":{"allow":["GET"]}}],"collection":[{"href":"https:\/\/apuntesdesanluis.com\/index.php\/wp-json\/wp\/v2\/posts"}],"about":[{"href":"https:\/\/apuntesdesanluis.com\/index.php\/wp-json\/wp\/v2\/types\/post"}],"author":[{"embeddable":true,"href":"https:\/\/apuntesdesanluis.com\/index.php\/wp-json\/wp\/v2\/users\/1"}],"replies":[{"embeddable":true,"href":"https:\/\/apuntesdesanluis.com\/index.php\/wp-json\/wp\/v2\/comments?post=30293"}],"version-history":[{"count":1,"href":"https:\/\/apuntesdesanluis.com\/index.php\/wp-json\/wp\/v2\/posts\/30293\/revisions"}],"predecessor-version":[{"id":30296,"href":"https:\/\/apuntesdesanluis.com\/index.php\/wp-json\/wp\/v2\/posts\/30293\/revisions\/30296"}],"wp:featuredmedia":[{"embeddable":true,"href":"https:\/\/apuntesdesanluis.com\/index.php\/wp-json\/wp\/v2\/media\/30294"}],"wp:attachment":[{"href":"https:\/\/apuntesdesanluis.com\/index.php\/wp-json\/wp\/v2\/media?parent=30293"}],"wp:term":[{"taxonomy":"category","embeddable":true,"href":"https:\/\/apuntesdesanluis.com\/index.php\/wp-json\/wp\/v2\/categories?post=30293"},{"taxonomy":"post_tag","embeddable":true,"href":"https:\/\/apuntesdesanluis.com\/index.php\/wp-json\/wp\/v2\/tags?post=30293"}],"curies":[{"name":"wp","href":"https:\/\/api.w.org\/{rel}","templated":true}]}}