{"id":30297,"date":"2025-03-10T20:01:38","date_gmt":"2025-03-10T23:01:38","guid":{"rendered":"https:\/\/apuntesdesanluis.com\/?p=30297"},"modified":"2025-03-10T21:01:53","modified_gmt":"2025-03-11T00:01:53","slug":"prision-domiciliaria-al-conductor-acusado-de-atropellar-y-matar-a-un-motociclista","status":"publish","type":"post","link":"https:\/\/apuntesdesanluis.com\/index.php\/2025\/03\/10\/prision-domiciliaria-al-conductor-acusado-de-atropellar-y-matar-a-un-motociclista\/","title":{"rendered":"PRISI\u00d3N DOMICILIARIA AL CONDUCTOR ACUSADO DE ATROPELLAR Y MATAR A UN MOTOCICLISTA"},"content":{"rendered":"<h3>Este domingo, la Jueza de Garant\u00eda N\u00ba 2 de la Primera Circunscripci\u00f3n, Mar\u00eda Agustina Dopazo hizo lugar al pedido de la Fiscal\u00eda N\u00ba 1 y orden\u00f3 la prisi\u00f3n domiciliaria por un plazo de 120 d\u00edas para <strong>Pablo Gast\u00f3n Fern\u00e1ndez<\/strong>, de 42 a\u00f1os, el conductor acusado de atropellar con su camioneta Fiat Toro a <strong>Guillermo Alberto Gim\u00e9nez<\/strong>, de 41 a\u00f1os, quien perdi\u00f3 la vida por el impacto.<\/h3>\n<h3>El hecho ocurri\u00f3 el s\u00e1bado a la madrugada en la Autopista Jos\u00e9 Santos Ortiz a la altura de la Plazoleta Los Halcones.<\/h3>\n<h3>En la audiencia, el Fiscal N\u00ba 1, Francisco Assat le formul\u00f3 cargos por el delito de homicidio culposo agravado por la conducci\u00f3n imprudente de un veh\u00edculo con motor y por los efectos del alcohol, por lo que solicit\u00f3 la prisi\u00f3n preventiva por 90 d\u00edas para el chofer y como medida alternativa, en caso de que la magistrada no considere suficientes los elementos presentados para otorgar tal medida de coerci\u00f3n, pidi\u00f3 que el cumplimiento sea de forma domiciliaria.<\/h3>\n<h3>El Fiscal Adjunto, Juan Pablo Estopi\u00f1an, relat\u00f3 c\u00f3mo sucedi\u00f3 el hecho ocurrido el 8 de marzo, a las 5:30 hs. en la Autopista Santos Ortiz. El funcionario detall\u00f3 que el conductor ten\u00eda alcohol en sangre superior al permitido y alcanz\u00f3 a la v\u00edctima en el carril de este a oeste. Gim\u00e9nez conduc\u00eda en el mismo sentido, en una motocicleta Corven, con su casco colocado. Tambi\u00e9n aclar\u00f3 que el impacto se produjo del lado izquierdo del conductor contra la parte trasera de la moto provocando que el motociclista caiga sobre el capot de la camioneta y sea arrastrado junto con su motocicleta, cayendo sobre el asfalto.<\/h3>\n<p><img fetchpriority=\"high\" decoding=\"async\" class=\"wp-image-30299 aligncenter\" src=\"https:\/\/apuntesdesanluis.com\/wp-content\/uploads\/2025\/03\/FERNANDEZ-300x225.jpg\" alt=\"\" width=\"696\" height=\"522\" srcset=\"https:\/\/apuntesdesanluis.com\/wp-content\/uploads\/2025\/03\/FERNANDEZ-300x225.jpg 300w, https:\/\/apuntesdesanluis.com\/wp-content\/uploads\/2025\/03\/FERNANDEZ.jpg 700w\" sizes=\"(max-width: 696px) 100vw, 696px\" \/><\/p>\n<h3>La fiscal\u00eda fundament\u00f3 su pedido en la existencia de los riesgos procesales de peligro de fuga por la solidez de la imputaci\u00f3n y la calidad de las pruebas en su contra, teniendo en cuenta que condujo con alcohol en sangre y que el acusado cuenta con los medios necesarios para sustraerse de la investigaci\u00f3n y puede frustrar los fines del proceso, como as\u00ed tambi\u00e9n la actitud posterior de no comunicarse al 911 para dar aviso del accidente.<\/h3>\n<h3>El Ministerio P\u00fablico Fiscal adem\u00e1s consider\u00f3 riesgo de entorpecimiento ya que restan numerosas pericias por producirse; por el tipo de delito y porque existen testigos presenciales del hecho que fueron los que efectuaron las primeras llamadas para informar sobre el hecho.<\/h3>\n<h3>El acusado declar\u00f3 que previo al hecho ven\u00eda de una cena, se dirigi\u00f3 por Av. Santos Ortiz y \u201csiento el golpe, no vi ninguna luz, no vi nada que me llamara la atenci\u00f3n, siento el golpe y es ah\u00ed cuando reci\u00e9n toco el freno por la v\u00eda que iba. En ese momento, me detengo m\u00e1s adelante, primero me bajo, voy hasta donde estaba la gente, yo estaba desesperado y ped\u00ed una ambulancia, que ah\u00ed de hecho alguien me dijo que ya la llamaron\u201d. En ese momento, voy hasta la camioneta y llamo a mi se\u00f1ora le comento lo que hab\u00eda pasado, llamo a mi cu\u00f1ado con el que hab\u00eda estado. En ese momento tambi\u00e9n llega la polic\u00eda y al rato me agarraron estados de que no sab\u00eda qu\u00e9 hacer, ve\u00eda que le hac\u00edan RCP y ped\u00eda por favor que se mejorara\u201d.<\/h3>\n<h3>La defensa, representada por Aldo Giuliani, se opuso a la formulaci\u00f3n de cargos y expres\u00f3 que no compart\u00eda el an\u00e1lisis que realiz\u00f3 la fiscal\u00eda respecto a la mec\u00e1nica del siniestro, ya que \u00e9l pudo observar el lugar donde ocurri\u00f3 el accidente y las marcas del veh\u00edculo. Adem\u00e1s sostuvo que no hubo arrastre de la moto y que no hubo impacto de un cuerpo en la camioneta.<\/h3>\n<h3>El abogado defensor agreg\u00f3 que su representado no se dio a la fuga y prest\u00f3 colaboraci\u00f3n en el lugar, por lo que consider\u00f3 que no hay peligro de fuga ya que tambi\u00e9n es oriundo de la provincia y trabaja en una empresa de la ciudad, Por lo expuesto, solicit\u00f3 que no se haga lugar al primer pedido del Ministerio P\u00fablico Fiscal y pidi\u00f3 la prisi\u00f3n domiciliaria para su defendido.<\/h3>\n<h3>La Jueza Dopazo Samper, luego de escuchar a las partes, dio por admitida la imputaci\u00f3n e hizo lugar a la solicitud subsidiaria del Ministerio P\u00fablico Fiscal por el plazo de 120 d\u00edas.<\/h3>\n<h3><\/h3>\n<h3><\/h3>\n<h3><\/h3>\n<h3><\/h3>\n<h3><\/h3>\n<p>&nbsp;<\/p>\n","protected":false},"excerpt":{"rendered":"<p>Este domingo, la Jueza de Garant\u00eda N\u00ba 2 de la Primera Circunscripci\u00f3n, Mar\u00eda Agustina Dopazo&#8230;<\/p>\n","protected":false},"author":1,"featured_media":30298,"comment_status":"closed","ping_status":"closed","sticky":false,"template":"","format":"standard","meta":{"footnotes":""},"categories":[6],"tags":[],"class_list":["post-30297","post","type-post","status-publish","format-standard","has-post-thumbnail","hentry","category-ciudad-provincia"],"yoast_head":"<!-- This site is optimized with the Yoast SEO plugin v26.1.1 - https:\/\/yoast.com\/wordpress\/plugins\/seo\/ -->\n<title>PRISI\u00d3N DOMICILIARIA AL CONDUCTOR ACUSADO DE ATROPELLAR Y MATAR A UN MOTOCICLISTA - Apuntes de San Luis<\/title>\n<meta name=\"robots\" content=\"index, follow, max-snippet:-1, max-image-preview:large, max-video-preview:-1\" \/>\n<link rel=\"canonical\" href=\"https:\/\/apuntesdesanluis.com\/index.php\/2025\/03\/10\/prision-domiciliaria-al-conductor-acusado-de-atropellar-y-matar-a-un-motociclista\/\" \/>\n<meta property=\"og:locale\" content=\"es_ES\" \/>\n<meta property=\"og:type\" content=\"article\" \/>\n<meta property=\"og:title\" content=\"PRISI\u00d3N DOMICILIARIA AL CONDUCTOR ACUSADO DE ATROPELLAR Y MATAR A UN MOTOCICLISTA - Apuntes de San Luis\" \/>\n<meta property=\"og:description\" content=\"Este domingo, la Jueza de Garant\u00eda N\u00ba 2 de la Primera Circunscripci\u00f3n, Mar\u00eda Agustina Dopazo...\" \/>\n<meta property=\"og:url\" content=\"https:\/\/apuntesdesanluis.com\/index.php\/2025\/03\/10\/prision-domiciliaria-al-conductor-acusado-de-atropellar-y-matar-a-un-motociclista\/\" \/>\n<meta property=\"og:site_name\" content=\"Apuntes de San Luis\" \/>\n<meta property=\"article:published_time\" content=\"2025-03-10T23:01:38+00:00\" \/>\n<meta property=\"article:modified_time\" content=\"2025-03-11T00:01:53+00:00\" \/>\n<meta property=\"og:image\" content=\"https:\/\/apuntesdesanluis.com\/wp-content\/uploads\/2025\/03\/WhatsApp-Image-2025-03-09-at-23.05.51-1024x768-1.jpg\" \/>\n\t<meta property=\"og:image:width\" content=\"744\" \/>\n\t<meta property=\"og:image:height\" content=\"507\" \/>\n\t<meta property=\"og:image:type\" content=\"image\/jpeg\" \/>\n<meta name=\"author\" content=\"apuntesdesanluis.com\" \/>\n<meta name=\"twitter:card\" content=\"summary_large_image\" \/>\n<meta name=\"twitter:label1\" content=\"Escrito por\" \/>\n\t<meta name=\"twitter:data1\" content=\"apuntesdesanluis.com\" \/>\n\t<meta name=\"twitter:label2\" content=\"Tiempo de lectura\" \/>\n\t<meta name=\"twitter:data2\" content=\"4 minutos\" \/>\n<script type=\"application\/ld+json\" class=\"yoast-schema-graph\">{\"@context\":\"https:\/\/schema.org\",\"@graph\":[{\"@type\":\"Article\",\"@id\":\"https:\/\/apuntesdesanluis.com\/index.php\/2025\/03\/10\/prision-domiciliaria-al-conductor-acusado-de-atropellar-y-matar-a-un-motociclista\/#article\",\"isPartOf\":{\"@id\":\"https:\/\/apuntesdesanluis.com\/index.php\/2025\/03\/10\/prision-domiciliaria-al-conductor-acusado-de-atropellar-y-matar-a-un-motociclista\/\"},\"author\":{\"name\":\"apuntesdesanluis.com\",\"@id\":\"https:\/\/apuntesdesanluis.com\/#\/schema\/person\/b55151d52296fcce64d1a72538a70b90\"},\"headline\":\"PRISI\u00d3N DOMICILIARIA AL CONDUCTOR ACUSADO DE ATROPELLAR Y MATAR A UN MOTOCICLISTA\",\"datePublished\":\"2025-03-10T23:01:38+00:00\",\"dateModified\":\"2025-03-11T00:01:53+00:00\",\"mainEntityOfPage\":{\"@id\":\"https:\/\/apuntesdesanluis.com\/index.php\/2025\/03\/10\/prision-domiciliaria-al-conductor-acusado-de-atropellar-y-matar-a-un-motociclista\/\"},\"wordCount\":758,\"publisher\":{\"@id\":\"https:\/\/apuntesdesanluis.com\/#\/schema\/person\/b55151d52296fcce64d1a72538a70b90\"},\"image\":{\"@id\":\"https:\/\/apuntesdesanluis.com\/index.php\/2025\/03\/10\/prision-domiciliaria-al-conductor-acusado-de-atropellar-y-matar-a-un-motociclista\/#primaryimage\"},\"thumbnailUrl\":\"https:\/\/apuntesdesanluis.com\/wp-content\/uploads\/2025\/03\/WhatsApp-Image-2025-03-09-at-23.05.51-1024x768-1.jpg\",\"articleSection\":[\"Ciudad\/Provincia\"],\"inLanguage\":\"es-AR\"},{\"@type\":\"WebPage\",\"@id\":\"https:\/\/apuntesdesanluis.com\/index.php\/2025\/03\/10\/prision-domiciliaria-al-conductor-acusado-de-atropellar-y-matar-a-un-motociclista\/\",\"url\":\"https:\/\/apuntesdesanluis.com\/index.php\/2025\/03\/10\/prision-domiciliaria-al-conductor-acusado-de-atropellar-y-matar-a-un-motociclista\/\",\"name\":\"PRISI\u00d3N DOMICILIARIA AL CONDUCTOR ACUSADO DE ATROPELLAR Y MATAR A UN MOTOCICLISTA - Apuntes de San Luis\",\"isPartOf\":{\"@id\":\"https:\/\/apuntesdesanluis.com\/#website\"},\"primaryImageOfPage\":{\"@id\":\"https:\/\/apuntesdesanluis.com\/index.php\/2025\/03\/10\/prision-domiciliaria-al-conductor-acusado-de-atropellar-y-matar-a-un-motociclista\/#primaryimage\"},\"image\":{\"@id\":\"https:\/\/apuntesdesanluis.com\/index.php\/2025\/03\/10\/prision-domiciliaria-al-conductor-acusado-de-atropellar-y-matar-a-un-motociclista\/#primaryimage\"},\"thumbnailUrl\":\"https:\/\/apuntesdesanluis.com\/wp-content\/uploads\/2025\/03\/WhatsApp-Image-2025-03-09-at-23.05.51-1024x768-1.jpg\",\"datePublished\":\"2025-03-10T23:01:38+00:00\",\"dateModified\":\"2025-03-11T00:01:53+00:00\",\"breadcrumb\":{\"@id\":\"https:\/\/apuntesdesanluis.com\/index.php\/2025\/03\/10\/prision-domiciliaria-al-conductor-acusado-de-atropellar-y-matar-a-un-motociclista\/#breadcrumb\"},\"inLanguage\":\"es-AR\",\"potentialAction\":[{\"@type\":\"ReadAction\",\"target\":[\"https:\/\/apuntesdesanluis.com\/index.php\/2025\/03\/10\/prision-domiciliaria-al-conductor-acusado-de-atropellar-y-matar-a-un-motociclista\/\"]}]},{\"@type\":\"ImageObject\",\"inLanguage\":\"es-AR\",\"@id\":\"https:\/\/apuntesdesanluis.com\/index.php\/2025\/03\/10\/prision-domiciliaria-al-conductor-acusado-de-atropellar-y-matar-a-un-motociclista\/#primaryimage\",\"url\":\"https:\/\/apuntesdesanluis.com\/wp-content\/uploads\/2025\/03\/WhatsApp-Image-2025-03-09-at-23.05.51-1024x768-1.jpg\",\"contentUrl\":\"https:\/\/apuntesdesanluis.com\/wp-content\/uploads\/2025\/03\/WhatsApp-Image-2025-03-09-at-23.05.51-1024x768-1.jpg\",\"width\":744,\"height\":507},{\"@type\":\"BreadcrumbList\",\"@id\":\"https:\/\/apuntesdesanluis.com\/index.php\/2025\/03\/10\/prision-domiciliaria-al-conductor-acusado-de-atropellar-y-matar-a-un-motociclista\/#breadcrumb\",\"itemListElement\":[{\"@type\":\"ListItem\",\"position\":1,\"name\":\"Inicio\",\"item\":\"https:\/\/apuntesdesanluis.com\/\"},{\"@type\":\"ListItem\",\"position\":2,\"name\":\"PRISI\u00d3N DOMICILIARIA AL CONDUCTOR ACUSADO DE ATROPELLAR Y MATAR A UN MOTOCICLISTA\"}]},{\"@type\":\"WebSite\",\"@id\":\"https:\/\/apuntesdesanluis.com\/#website\",\"url\":\"https:\/\/apuntesdesanluis.com\/\",\"name\":\"Apuntes de San Luis\",\"description\":\"\",\"publisher\":{\"@id\":\"https:\/\/apuntesdesanluis.com\/#\/schema\/person\/b55151d52296fcce64d1a72538a70b90\"},\"potentialAction\":[{\"@type\":\"SearchAction\",\"target\":{\"@type\":\"EntryPoint\",\"urlTemplate\":\"https:\/\/apuntesdesanluis.com\/?s={search_term_string}\"},\"query-input\":{\"@type\":\"PropertyValueSpecification\",\"valueRequired\":true,\"valueName\":\"search_term_string\"}}],\"inLanguage\":\"es-AR\"},{\"@type\":[\"Person\",\"Organization\"],\"@id\":\"https:\/\/apuntesdesanluis.com\/#\/schema\/person\/b55151d52296fcce64d1a72538a70b90\",\"name\":\"apuntesdesanluis.com\",\"image\":{\"@type\":\"ImageObject\",\"inLanguage\":\"es-AR\",\"@id\":\"https:\/\/apuntesdesanluis.com\/#\/schema\/person\/image\/\",\"url\":\"https:\/\/apuntesdesanluis.com\/wp-content\/uploads\/2023\/07\/cropped-apuntesdesanluis.png\",\"contentUrl\":\"https:\/\/apuntesdesanluis.com\/wp-content\/uploads\/2023\/07\/cropped-apuntesdesanluis.png\",\"width\":450,\"height\":112,\"caption\":\"apuntesdesanluis.com\"},\"logo\":{\"@id\":\"https:\/\/apuntesdesanluis.com\/#\/schema\/person\/image\/\"},\"sameAs\":[\"https:\/\/apuntesdesanluis.com\"],\"url\":\"https:\/\/apuntesdesanluis.com\/index.php\/author\/apuntesdesanluis-com\/\"}]}<\/script>\n<!-- \/ Yoast SEO plugin. -->","yoast_head_json":{"title":"PRISI\u00d3N DOMICILIARIA AL CONDUCTOR ACUSADO DE ATROPELLAR Y MATAR A UN MOTOCICLISTA - Apuntes de San Luis","robots":{"index":"index","follow":"follow","max-snippet":"max-snippet:-1","max-image-preview":"max-image-preview:large","max-video-preview":"max-video-preview:-1"},"canonical":"https:\/\/apuntesdesanluis.com\/index.php\/2025\/03\/10\/prision-domiciliaria-al-conductor-acusado-de-atropellar-y-matar-a-un-motociclista\/","og_locale":"es_ES","og_type":"article","og_title":"PRISI\u00d3N DOMICILIARIA AL CONDUCTOR ACUSADO DE ATROPELLAR Y MATAR A UN MOTOCICLISTA - Apuntes de San Luis","og_description":"Este domingo, la Jueza de Garant\u00eda N\u00ba 2 de la Primera Circunscripci\u00f3n, Mar\u00eda Agustina Dopazo...","og_url":"https:\/\/apuntesdesanluis.com\/index.php\/2025\/03\/10\/prision-domiciliaria-al-conductor-acusado-de-atropellar-y-matar-a-un-motociclista\/","og_site_name":"Apuntes de San Luis","article_published_time":"2025-03-10T23:01:38+00:00","article_modified_time":"2025-03-11T00:01:53+00:00","og_image":[{"width":744,"height":507,"url":"https:\/\/apuntesdesanluis.com\/wp-content\/uploads\/2025\/03\/WhatsApp-Image-2025-03-09-at-23.05.51-1024x768-1.jpg","type":"image\/jpeg"}],"author":"apuntesdesanluis.com","twitter_card":"summary_large_image","twitter_misc":{"Escrito por":"apuntesdesanluis.com","Tiempo de lectura":"4 minutos"},"schema":{"@context":"https:\/\/schema.org","@graph":[{"@type":"Article","@id":"https:\/\/apuntesdesanluis.com\/index.php\/2025\/03\/10\/prision-domiciliaria-al-conductor-acusado-de-atropellar-y-matar-a-un-motociclista\/#article","isPartOf":{"@id":"https:\/\/apuntesdesanluis.com\/index.php\/2025\/03\/10\/prision-domiciliaria-al-conductor-acusado-de-atropellar-y-matar-a-un-motociclista\/"},"author":{"name":"apuntesdesanluis.com","@id":"https:\/\/apuntesdesanluis.com\/#\/schema\/person\/b55151d52296fcce64d1a72538a70b90"},"headline":"PRISI\u00d3N DOMICILIARIA AL CONDUCTOR ACUSADO DE ATROPELLAR Y MATAR A UN MOTOCICLISTA","datePublished":"2025-03-10T23:01:38+00:00","dateModified":"2025-03-11T00:01:53+00:00","mainEntityOfPage":{"@id":"https:\/\/apuntesdesanluis.com\/index.php\/2025\/03\/10\/prision-domiciliaria-al-conductor-acusado-de-atropellar-y-matar-a-un-motociclista\/"},"wordCount":758,"publisher":{"@id":"https:\/\/apuntesdesanluis.com\/#\/schema\/person\/b55151d52296fcce64d1a72538a70b90"},"image":{"@id":"https:\/\/apuntesdesanluis.com\/index.php\/2025\/03\/10\/prision-domiciliaria-al-conductor-acusado-de-atropellar-y-matar-a-un-motociclista\/#primaryimage"},"thumbnailUrl":"https:\/\/apuntesdesanluis.com\/wp-content\/uploads\/2025\/03\/WhatsApp-Image-2025-03-09-at-23.05.51-1024x768-1.jpg","articleSection":["Ciudad\/Provincia"],"inLanguage":"es-AR"},{"@type":"WebPage","@id":"https:\/\/apuntesdesanluis.com\/index.php\/2025\/03\/10\/prision-domiciliaria-al-conductor-acusado-de-atropellar-y-matar-a-un-motociclista\/","url":"https:\/\/apuntesdesanluis.com\/index.php\/2025\/03\/10\/prision-domiciliaria-al-conductor-acusado-de-atropellar-y-matar-a-un-motociclista\/","name":"PRISI\u00d3N DOMICILIARIA AL CONDUCTOR ACUSADO DE ATROPELLAR Y MATAR A UN MOTOCICLISTA - Apuntes de San Luis","isPartOf":{"@id":"https:\/\/apuntesdesanluis.com\/#website"},"primaryImageOfPage":{"@id":"https:\/\/apuntesdesanluis.com\/index.php\/2025\/03\/10\/prision-domiciliaria-al-conductor-acusado-de-atropellar-y-matar-a-un-motociclista\/#primaryimage"},"image":{"@id":"https:\/\/apuntesdesanluis.com\/index.php\/2025\/03\/10\/prision-domiciliaria-al-conductor-acusado-de-atropellar-y-matar-a-un-motociclista\/#primaryimage"},"thumbnailUrl":"https:\/\/apuntesdesanluis.com\/wp-content\/uploads\/2025\/03\/WhatsApp-Image-2025-03-09-at-23.05.51-1024x768-1.jpg","datePublished":"2025-03-10T23:01:38+00:00","dateModified":"2025-03-11T00:01:53+00:00","breadcrumb":{"@id":"https:\/\/apuntesdesanluis.com\/index.php\/2025\/03\/10\/prision-domiciliaria-al-conductor-acusado-de-atropellar-y-matar-a-un-motociclista\/#breadcrumb"},"inLanguage":"es-AR","potentialAction":[{"@type":"ReadAction","target":["https:\/\/apuntesdesanluis.com\/index.php\/2025\/03\/10\/prision-domiciliaria-al-conductor-acusado-de-atropellar-y-matar-a-un-motociclista\/"]}]},{"@type":"ImageObject","inLanguage":"es-AR","@id":"https:\/\/apuntesdesanluis.com\/index.php\/2025\/03\/10\/prision-domiciliaria-al-conductor-acusado-de-atropellar-y-matar-a-un-motociclista\/#primaryimage","url":"https:\/\/apuntesdesanluis.com\/wp-content\/uploads\/2025\/03\/WhatsApp-Image-2025-03-09-at-23.05.51-1024x768-1.jpg","contentUrl":"https:\/\/apuntesdesanluis.com\/wp-content\/uploads\/2025\/03\/WhatsApp-Image-2025-03-09-at-23.05.51-1024x768-1.jpg","width":744,"height":507},{"@type":"BreadcrumbList","@id":"https:\/\/apuntesdesanluis.com\/index.php\/2025\/03\/10\/prision-domiciliaria-al-conductor-acusado-de-atropellar-y-matar-a-un-motociclista\/#breadcrumb","itemListElement":[{"@type":"ListItem","position":1,"name":"Inicio","item":"https:\/\/apuntesdesanluis.com\/"},{"@type":"ListItem","position":2,"name":"PRISI\u00d3N DOMICILIARIA AL CONDUCTOR ACUSADO DE ATROPELLAR Y MATAR A UN MOTOCICLISTA"}]},{"@type":"WebSite","@id":"https:\/\/apuntesdesanluis.com\/#website","url":"https:\/\/apuntesdesanluis.com\/","name":"Apuntes de San Luis","description":"","publisher":{"@id":"https:\/\/apuntesdesanluis.com\/#\/schema\/person\/b55151d52296fcce64d1a72538a70b90"},"potentialAction":[{"@type":"SearchAction","target":{"@type":"EntryPoint","urlTemplate":"https:\/\/apuntesdesanluis.com\/?s={search_term_string}"},"query-input":{"@type":"PropertyValueSpecification","valueRequired":true,"valueName":"search_term_string"}}],"inLanguage":"es-AR"},{"@type":["Person","Organization"],"@id":"https:\/\/apuntesdesanluis.com\/#\/schema\/person\/b55151d52296fcce64d1a72538a70b90","name":"apuntesdesanluis.com","image":{"@type":"ImageObject","inLanguage":"es-AR","@id":"https:\/\/apuntesdesanluis.com\/#\/schema\/person\/image\/","url":"https:\/\/apuntesdesanluis.com\/wp-content\/uploads\/2023\/07\/cropped-apuntesdesanluis.png","contentUrl":"https:\/\/apuntesdesanluis.com\/wp-content\/uploads\/2023\/07\/cropped-apuntesdesanluis.png","width":450,"height":112,"caption":"apuntesdesanluis.com"},"logo":{"@id":"https:\/\/apuntesdesanluis.com\/#\/schema\/person\/image\/"},"sameAs":["https:\/\/apuntesdesanluis.com"],"url":"https:\/\/apuntesdesanluis.com\/index.php\/author\/apuntesdesanluis-com\/"}]}},"featured_image_urls":{"full":["https:\/\/apuntesdesanluis.com\/wp-content\/uploads\/2025\/03\/WhatsApp-Image-2025-03-09-at-23.05.51-1024x768-1.jpg",744,507,false],"thumbnail":["https:\/\/apuntesdesanluis.com\/wp-content\/uploads\/2025\/03\/WhatsApp-Image-2025-03-09-at-23.05.51-1024x768-1-150x150.jpg",150,150,true],"medium":["https:\/\/apuntesdesanluis.com\/wp-content\/uploads\/2025\/03\/WhatsApp-Image-2025-03-09-at-23.05.51-1024x768-1-300x204.jpg",300,204,true],"medium_large":["https:\/\/apuntesdesanluis.com\/wp-content\/uploads\/2025\/03\/WhatsApp-Image-2025-03-09-at-23.05.51-1024x768-1.jpg",640,436,false],"large":["https:\/\/apuntesdesanluis.com\/wp-content\/uploads\/2025\/03\/WhatsApp-Image-2025-03-09-at-23.05.51-1024x768-1.jpg",640,436,false],"1536x1536":["https:\/\/apuntesdesanluis.com\/wp-content\/uploads\/2025\/03\/WhatsApp-Image-2025-03-09-at-23.05.51-1024x768-1.jpg",744,507,false],"2048x2048":["https:\/\/apuntesdesanluis.com\/wp-content\/uploads\/2025\/03\/WhatsApp-Image-2025-03-09-at-23.05.51-1024x768-1.jpg",744,507,false],"newsever-slider-full":["https:\/\/apuntesdesanluis.com\/wp-content\/uploads\/2025\/03\/WhatsApp-Image-2025-03-09-at-23.05.51-1024x768-1.jpg",744,507,false],"newsever-featured":["https:\/\/apuntesdesanluis.com\/wp-content\/uploads\/2025\/03\/WhatsApp-Image-2025-03-09-at-23.05.51-1024x768-1.jpg",744,507,false],"newsever-medium":["https:\/\/apuntesdesanluis.com\/wp-content\/uploads\/2025\/03\/WhatsApp-Image-2025-03-09-at-23.05.51-1024x768-1-720x475.jpg",720,475,true]},"author_info":{"display_name":"apuntesdesanluis.com","author_link":"https:\/\/apuntesdesanluis.com\/index.php\/author\/apuntesdesanluis-com\/"},"category_info":"<a href=\"https:\/\/apuntesdesanluis.com\/index.php\/category\/ciudad-provincia\/\" rel=\"category tag\">Ciudad\/Provincia<\/a>","tag_info":"Ciudad\/Provincia","comment_count":"0","_links":{"self":[{"href":"https:\/\/apuntesdesanluis.com\/index.php\/wp-json\/wp\/v2\/posts\/30297","targetHints":{"allow":["GET"]}}],"collection":[{"href":"https:\/\/apuntesdesanluis.com\/index.php\/wp-json\/wp\/v2\/posts"}],"about":[{"href":"https:\/\/apuntesdesanluis.com\/index.php\/wp-json\/wp\/v2\/types\/post"}],"author":[{"embeddable":true,"href":"https:\/\/apuntesdesanluis.com\/index.php\/wp-json\/wp\/v2\/users\/1"}],"replies":[{"embeddable":true,"href":"https:\/\/apuntesdesanluis.com\/index.php\/wp-json\/wp\/v2\/comments?post=30297"}],"version-history":[{"count":1,"href":"https:\/\/apuntesdesanluis.com\/index.php\/wp-json\/wp\/v2\/posts\/30297\/revisions"}],"predecessor-version":[{"id":30300,"href":"https:\/\/apuntesdesanluis.com\/index.php\/wp-json\/wp\/v2\/posts\/30297\/revisions\/30300"}],"wp:featuredmedia":[{"embeddable":true,"href":"https:\/\/apuntesdesanluis.com\/index.php\/wp-json\/wp\/v2\/media\/30298"}],"wp:attachment":[{"href":"https:\/\/apuntesdesanluis.com\/index.php\/wp-json\/wp\/v2\/media?parent=30297"}],"wp:term":[{"taxonomy":"category","embeddable":true,"href":"https:\/\/apuntesdesanluis.com\/index.php\/wp-json\/wp\/v2\/categories?post=30297"},{"taxonomy":"post_tag","embeddable":true,"href":"https:\/\/apuntesdesanluis.com\/index.php\/wp-json\/wp\/v2\/tags?post=30297"}],"curies":[{"name":"wp","href":"https:\/\/api.w.org\/{rel}","templated":true}]}}