{"id":30301,"date":"2025-03-10T21:11:32","date_gmt":"2025-03-11T00:11:32","guid":{"rendered":"https:\/\/apuntesdesanluis.com\/?p=30301"},"modified":"2025-03-10T21:11:32","modified_gmt":"2025-03-11T00:11:32","slug":"concursaran-las-nuevas-autoridades-del-ifdc-de-villa-mercedes","status":"publish","type":"post","link":"https:\/\/apuntesdesanluis.com\/index.php\/2025\/03\/10\/concursaran-las-nuevas-autoridades-del-ifdc-de-villa-mercedes\/","title":{"rendered":"CONCURSAR\u00c1N LAS NUEVAS AUTORIDADES DEL IFDC DE VILLA MERCEDES"},"content":{"rendered":"<h3>Este lunes el gobernador <strong>Claudio Poggi<\/strong> firm\u00f3 el decreto de llamado a concurso p\u00fablico y abierto de antecedentes, oposici\u00f3n y propuesta para cubrir cargos jer\u00e1rquicos en el <strong>Instituto de Formaci\u00f3n Docente Continua de la ciudad de Villa Mercedes<\/strong>, dando cumplimiento a la promesa realizada el a\u00f1o pasado.<\/h3>\n<h3>Durante el \u00faltimo a\u00f1o, el IFDC fue ordenado y puesto en condiciones para facilitar el trabajo de los nuevos responsables. Un jurado evaluador ser\u00e1 encargado de seleccionar a los candidatos, quienes deber\u00e1n presentar requisitos y un proyecto de gesti\u00f3n. Este proceso responde a una necesidad y pedido de larga data que se encuadra en la pol\u00edtica que impulsa el gobernador Poggi de fortalecimiento de todas las instituciones educativas.<\/h3>\n<h3>Seg\u00fan inform\u00f3 el ministro de Educaci\u00f3n, <strong>Guillermo Araujo<\/strong>, este concurso cubrir\u00e1 cuatro cargos: rector, director acad\u00e9mico, director de extensi\u00f3n y director administrativo del Instituto de Formaci\u00f3n Docente Continua Villa Mercedes.<\/h3>\n<p><iframe title=\"Guillermo Araujo, ministro de Educaci\u00f3n\" width=\"640\" height=\"360\" src=\"https:\/\/www.youtube.com\/embed\/neKPJ8G7G4Q?feature=oembed\" frameborder=\"0\" allow=\"accelerometer; autoplay; clipboard-write; encrypted-media; gyroscope; picture-in-picture; web-share\" referrerpolicy=\"strict-origin-when-cross-origin\" allowfullscreen><\/iframe><\/p>\n<p>&nbsp;<\/p>\n<p>&nbsp;<\/p>\n<p>&nbsp;<\/p>\n<h3><\/h3>\n","protected":false},"excerpt":{"rendered":"<p>Este lunes el gobernador Claudio Poggi firm\u00f3 el decreto de llamado a concurso p\u00fablico y&#8230;<\/p>\n","protected":false},"author":1,"featured_media":30302,"comment_status":"closed","ping_status":"closed","sticky":false,"template":"","format":"standard","meta":{"footnotes":""},"categories":[6],"tags":[],"class_list":["post-30301","post","type-post","status-publish","format-standard","has-post-thumbnail","hentry","category-ciudad-provincia"],"yoast_head":"<!-- This site is optimized with the Yoast SEO plugin v26.1.1 - https:\/\/yoast.com\/wordpress\/plugins\/seo\/ -->\n<title>CONCURSAR\u00c1N LAS NUEVAS AUTORIDADES DEL IFDC DE VILLA MERCEDES - Apuntes de San Luis<\/title>\n<meta name=\"robots\" content=\"index, follow, max-snippet:-1, max-image-preview:large, max-video-preview:-1\" \/>\n<link rel=\"canonical\" href=\"https:\/\/apuntesdesanluis.com\/index.php\/2025\/03\/10\/concursaran-las-nuevas-autoridades-del-ifdc-de-villa-mercedes\/\" \/>\n<meta property=\"og:locale\" content=\"es_ES\" \/>\n<meta property=\"og:type\" content=\"article\" \/>\n<meta property=\"og:title\" content=\"CONCURSAR\u00c1N LAS NUEVAS AUTORIDADES DEL IFDC DE VILLA MERCEDES - Apuntes de San Luis\" \/>\n<meta property=\"og:description\" content=\"Este lunes el gobernador Claudio Poggi firm\u00f3 el decreto de llamado a concurso p\u00fablico y...\" \/>\n<meta property=\"og:url\" content=\"https:\/\/apuntesdesanluis.com\/index.php\/2025\/03\/10\/concursaran-las-nuevas-autoridades-del-ifdc-de-villa-mercedes\/\" \/>\n<meta property=\"og:site_name\" content=\"Apuntes de San Luis\" \/>\n<meta property=\"article:published_time\" content=\"2025-03-11T00:11:32+00:00\" \/>\n<meta property=\"og:image\" content=\"https:\/\/apuntesdesanluis.com\/wp-content\/uploads\/2025\/03\/POGGI-Y-ARAUJO.jpg\" \/>\n\t<meta property=\"og:image:width\" content=\"768\" \/>\n\t<meta property=\"og:image:height\" content=\"507\" \/>\n\t<meta property=\"og:image:type\" content=\"image\/jpeg\" \/>\n<meta name=\"author\" content=\"apuntesdesanluis.com\" \/>\n<meta name=\"twitter:card\" content=\"summary_large_image\" \/>\n<meta name=\"twitter:label1\" content=\"Escrito por\" \/>\n\t<meta name=\"twitter:data1\" content=\"apuntesdesanluis.com\" \/>\n\t<meta name=\"twitter:label2\" content=\"Tiempo de lectura\" \/>\n\t<meta name=\"twitter:data2\" content=\"1 minuto\" \/>\n<script type=\"application\/ld+json\" class=\"yoast-schema-graph\">{\"@context\":\"https:\/\/schema.org\",\"@graph\":[{\"@type\":\"Article\",\"@id\":\"https:\/\/apuntesdesanluis.com\/index.php\/2025\/03\/10\/concursaran-las-nuevas-autoridades-del-ifdc-de-villa-mercedes\/#article\",\"isPartOf\":{\"@id\":\"https:\/\/apuntesdesanluis.com\/index.php\/2025\/03\/10\/concursaran-las-nuevas-autoridades-del-ifdc-de-villa-mercedes\/\"},\"author\":{\"name\":\"apuntesdesanluis.com\",\"@id\":\"https:\/\/apuntesdesanluis.com\/#\/schema\/person\/b55151d52296fcce64d1a72538a70b90\"},\"headline\":\"CONCURSAR\u00c1N LAS NUEVAS AUTORIDADES DEL IFDC DE VILLA MERCEDES\",\"datePublished\":\"2025-03-11T00:11:32+00:00\",\"mainEntityOfPage\":{\"@id\":\"https:\/\/apuntesdesanluis.com\/index.php\/2025\/03\/10\/concursaran-las-nuevas-autoridades-del-ifdc-de-villa-mercedes\/\"},\"wordCount\":181,\"publisher\":{\"@id\":\"https:\/\/apuntesdesanluis.com\/#\/schema\/person\/b55151d52296fcce64d1a72538a70b90\"},\"image\":{\"@id\":\"https:\/\/apuntesdesanluis.com\/index.php\/2025\/03\/10\/concursaran-las-nuevas-autoridades-del-ifdc-de-villa-mercedes\/#primaryimage\"},\"thumbnailUrl\":\"https:\/\/apuntesdesanluis.com\/wp-content\/uploads\/2025\/03\/POGGI-Y-ARAUJO.jpg\",\"articleSection\":[\"Ciudad\/Provincia\"],\"inLanguage\":\"es-AR\"},{\"@type\":\"WebPage\",\"@id\":\"https:\/\/apuntesdesanluis.com\/index.php\/2025\/03\/10\/concursaran-las-nuevas-autoridades-del-ifdc-de-villa-mercedes\/\",\"url\":\"https:\/\/apuntesdesanluis.com\/index.php\/2025\/03\/10\/concursaran-las-nuevas-autoridades-del-ifdc-de-villa-mercedes\/\",\"name\":\"CONCURSAR\u00c1N LAS NUEVAS AUTORIDADES DEL IFDC DE VILLA MERCEDES - Apuntes de San Luis\",\"isPartOf\":{\"@id\":\"https:\/\/apuntesdesanluis.com\/#website\"},\"primaryImageOfPage\":{\"@id\":\"https:\/\/apuntesdesanluis.com\/index.php\/2025\/03\/10\/concursaran-las-nuevas-autoridades-del-ifdc-de-villa-mercedes\/#primaryimage\"},\"image\":{\"@id\":\"https:\/\/apuntesdesanluis.com\/index.php\/2025\/03\/10\/concursaran-las-nuevas-autoridades-del-ifdc-de-villa-mercedes\/#primaryimage\"},\"thumbnailUrl\":\"https:\/\/apuntesdesanluis.com\/wp-content\/uploads\/2025\/03\/POGGI-Y-ARAUJO.jpg\",\"datePublished\":\"2025-03-11T00:11:32+00:00\",\"breadcrumb\":{\"@id\":\"https:\/\/apuntesdesanluis.com\/index.php\/2025\/03\/10\/concursaran-las-nuevas-autoridades-del-ifdc-de-villa-mercedes\/#breadcrumb\"},\"inLanguage\":\"es-AR\",\"potentialAction\":[{\"@type\":\"ReadAction\",\"target\":[\"https:\/\/apuntesdesanluis.com\/index.php\/2025\/03\/10\/concursaran-las-nuevas-autoridades-del-ifdc-de-villa-mercedes\/\"]}]},{\"@type\":\"ImageObject\",\"inLanguage\":\"es-AR\",\"@id\":\"https:\/\/apuntesdesanluis.com\/index.php\/2025\/03\/10\/concursaran-las-nuevas-autoridades-del-ifdc-de-villa-mercedes\/#primaryimage\",\"url\":\"https:\/\/apuntesdesanluis.com\/wp-content\/uploads\/2025\/03\/POGGI-Y-ARAUJO.jpg\",\"contentUrl\":\"https:\/\/apuntesdesanluis.com\/wp-content\/uploads\/2025\/03\/POGGI-Y-ARAUJO.jpg\",\"width\":768,\"height\":507},{\"@type\":\"BreadcrumbList\",\"@id\":\"https:\/\/apuntesdesanluis.com\/index.php\/2025\/03\/10\/concursaran-las-nuevas-autoridades-del-ifdc-de-villa-mercedes\/#breadcrumb\",\"itemListElement\":[{\"@type\":\"ListItem\",\"position\":1,\"name\":\"Inicio\",\"item\":\"https:\/\/apuntesdesanluis.com\/\"},{\"@type\":\"ListItem\",\"position\":2,\"name\":\"CONCURSAR\u00c1N LAS NUEVAS AUTORIDADES DEL IFDC DE VILLA MERCEDES\"}]},{\"@type\":\"WebSite\",\"@id\":\"https:\/\/apuntesdesanluis.com\/#website\",\"url\":\"https:\/\/apuntesdesanluis.com\/\",\"name\":\"Apuntes de San Luis\",\"description\":\"\",\"publisher\":{\"@id\":\"https:\/\/apuntesdesanluis.com\/#\/schema\/person\/b55151d52296fcce64d1a72538a70b90\"},\"potentialAction\":[{\"@type\":\"SearchAction\",\"target\":{\"@type\":\"EntryPoint\",\"urlTemplate\":\"https:\/\/apuntesdesanluis.com\/?s={search_term_string}\"},\"query-input\":{\"@type\":\"PropertyValueSpecification\",\"valueRequired\":true,\"valueName\":\"search_term_string\"}}],\"inLanguage\":\"es-AR\"},{\"@type\":[\"Person\",\"Organization\"],\"@id\":\"https:\/\/apuntesdesanluis.com\/#\/schema\/person\/b55151d52296fcce64d1a72538a70b90\",\"name\":\"apuntesdesanluis.com\",\"image\":{\"@type\":\"ImageObject\",\"inLanguage\":\"es-AR\",\"@id\":\"https:\/\/apuntesdesanluis.com\/#\/schema\/person\/image\/\",\"url\":\"https:\/\/apuntesdesanluis.com\/wp-content\/uploads\/2023\/07\/cropped-apuntesdesanluis.png\",\"contentUrl\":\"https:\/\/apuntesdesanluis.com\/wp-content\/uploads\/2023\/07\/cropped-apuntesdesanluis.png\",\"width\":450,\"height\":112,\"caption\":\"apuntesdesanluis.com\"},\"logo\":{\"@id\":\"https:\/\/apuntesdesanluis.com\/#\/schema\/person\/image\/\"},\"sameAs\":[\"https:\/\/apuntesdesanluis.com\"],\"url\":\"https:\/\/apuntesdesanluis.com\/index.php\/author\/apuntesdesanluis-com\/\"}]}<\/script>\n<!-- \/ Yoast SEO plugin. -->","yoast_head_json":{"title":"CONCURSAR\u00c1N LAS NUEVAS AUTORIDADES DEL IFDC DE VILLA MERCEDES - Apuntes de San Luis","robots":{"index":"index","follow":"follow","max-snippet":"max-snippet:-1","max-image-preview":"max-image-preview:large","max-video-preview":"max-video-preview:-1"},"canonical":"https:\/\/apuntesdesanluis.com\/index.php\/2025\/03\/10\/concursaran-las-nuevas-autoridades-del-ifdc-de-villa-mercedes\/","og_locale":"es_ES","og_type":"article","og_title":"CONCURSAR\u00c1N LAS NUEVAS AUTORIDADES DEL IFDC DE VILLA MERCEDES - Apuntes de San Luis","og_description":"Este lunes el gobernador Claudio Poggi firm\u00f3 el decreto de llamado a concurso p\u00fablico y...","og_url":"https:\/\/apuntesdesanluis.com\/index.php\/2025\/03\/10\/concursaran-las-nuevas-autoridades-del-ifdc-de-villa-mercedes\/","og_site_name":"Apuntes de San Luis","article_published_time":"2025-03-11T00:11:32+00:00","og_image":[{"width":768,"height":507,"url":"https:\/\/apuntesdesanluis.com\/wp-content\/uploads\/2025\/03\/POGGI-Y-ARAUJO.jpg","type":"image\/jpeg"}],"author":"apuntesdesanluis.com","twitter_card":"summary_large_image","twitter_misc":{"Escrito por":"apuntesdesanluis.com","Tiempo de lectura":"1 minuto"},"schema":{"@context":"https:\/\/schema.org","@graph":[{"@type":"Article","@id":"https:\/\/apuntesdesanluis.com\/index.php\/2025\/03\/10\/concursaran-las-nuevas-autoridades-del-ifdc-de-villa-mercedes\/#article","isPartOf":{"@id":"https:\/\/apuntesdesanluis.com\/index.php\/2025\/03\/10\/concursaran-las-nuevas-autoridades-del-ifdc-de-villa-mercedes\/"},"author":{"name":"apuntesdesanluis.com","@id":"https:\/\/apuntesdesanluis.com\/#\/schema\/person\/b55151d52296fcce64d1a72538a70b90"},"headline":"CONCURSAR\u00c1N LAS NUEVAS AUTORIDADES DEL IFDC DE VILLA MERCEDES","datePublished":"2025-03-11T00:11:32+00:00","mainEntityOfPage":{"@id":"https:\/\/apuntesdesanluis.com\/index.php\/2025\/03\/10\/concursaran-las-nuevas-autoridades-del-ifdc-de-villa-mercedes\/"},"wordCount":181,"publisher":{"@id":"https:\/\/apuntesdesanluis.com\/#\/schema\/person\/b55151d52296fcce64d1a72538a70b90"},"image":{"@id":"https:\/\/apuntesdesanluis.com\/index.php\/2025\/03\/10\/concursaran-las-nuevas-autoridades-del-ifdc-de-villa-mercedes\/#primaryimage"},"thumbnailUrl":"https:\/\/apuntesdesanluis.com\/wp-content\/uploads\/2025\/03\/POGGI-Y-ARAUJO.jpg","articleSection":["Ciudad\/Provincia"],"inLanguage":"es-AR"},{"@type":"WebPage","@id":"https:\/\/apuntesdesanluis.com\/index.php\/2025\/03\/10\/concursaran-las-nuevas-autoridades-del-ifdc-de-villa-mercedes\/","url":"https:\/\/apuntesdesanluis.com\/index.php\/2025\/03\/10\/concursaran-las-nuevas-autoridades-del-ifdc-de-villa-mercedes\/","name":"CONCURSAR\u00c1N LAS NUEVAS AUTORIDADES DEL IFDC DE VILLA MERCEDES - Apuntes de San Luis","isPartOf":{"@id":"https:\/\/apuntesdesanluis.com\/#website"},"primaryImageOfPage":{"@id":"https:\/\/apuntesdesanluis.com\/index.php\/2025\/03\/10\/concursaran-las-nuevas-autoridades-del-ifdc-de-villa-mercedes\/#primaryimage"},"image":{"@id":"https:\/\/apuntesdesanluis.com\/index.php\/2025\/03\/10\/concursaran-las-nuevas-autoridades-del-ifdc-de-villa-mercedes\/#primaryimage"},"thumbnailUrl":"https:\/\/apuntesdesanluis.com\/wp-content\/uploads\/2025\/03\/POGGI-Y-ARAUJO.jpg","datePublished":"2025-03-11T00:11:32+00:00","breadcrumb":{"@id":"https:\/\/apuntesdesanluis.com\/index.php\/2025\/03\/10\/concursaran-las-nuevas-autoridades-del-ifdc-de-villa-mercedes\/#breadcrumb"},"inLanguage":"es-AR","potentialAction":[{"@type":"ReadAction","target":["https:\/\/apuntesdesanluis.com\/index.php\/2025\/03\/10\/concursaran-las-nuevas-autoridades-del-ifdc-de-villa-mercedes\/"]}]},{"@type":"ImageObject","inLanguage":"es-AR","@id":"https:\/\/apuntesdesanluis.com\/index.php\/2025\/03\/10\/concursaran-las-nuevas-autoridades-del-ifdc-de-villa-mercedes\/#primaryimage","url":"https:\/\/apuntesdesanluis.com\/wp-content\/uploads\/2025\/03\/POGGI-Y-ARAUJO.jpg","contentUrl":"https:\/\/apuntesdesanluis.com\/wp-content\/uploads\/2025\/03\/POGGI-Y-ARAUJO.jpg","width":768,"height":507},{"@type":"BreadcrumbList","@id":"https:\/\/apuntesdesanluis.com\/index.php\/2025\/03\/10\/concursaran-las-nuevas-autoridades-del-ifdc-de-villa-mercedes\/#breadcrumb","itemListElement":[{"@type":"ListItem","position":1,"name":"Inicio","item":"https:\/\/apuntesdesanluis.com\/"},{"@type":"ListItem","position":2,"name":"CONCURSAR\u00c1N LAS NUEVAS AUTORIDADES DEL IFDC DE VILLA MERCEDES"}]},{"@type":"WebSite","@id":"https:\/\/apuntesdesanluis.com\/#website","url":"https:\/\/apuntesdesanluis.com\/","name":"Apuntes de San Luis","description":"","publisher":{"@id":"https:\/\/apuntesdesanluis.com\/#\/schema\/person\/b55151d52296fcce64d1a72538a70b90"},"potentialAction":[{"@type":"SearchAction","target":{"@type":"EntryPoint","urlTemplate":"https:\/\/apuntesdesanluis.com\/?s={search_term_string}"},"query-input":{"@type":"PropertyValueSpecification","valueRequired":true,"valueName":"search_term_string"}}],"inLanguage":"es-AR"},{"@type":["Person","Organization"],"@id":"https:\/\/apuntesdesanluis.com\/#\/schema\/person\/b55151d52296fcce64d1a72538a70b90","name":"apuntesdesanluis.com","image":{"@type":"ImageObject","inLanguage":"es-AR","@id":"https:\/\/apuntesdesanluis.com\/#\/schema\/person\/image\/","url":"https:\/\/apuntesdesanluis.com\/wp-content\/uploads\/2023\/07\/cropped-apuntesdesanluis.png","contentUrl":"https:\/\/apuntesdesanluis.com\/wp-content\/uploads\/2023\/07\/cropped-apuntesdesanluis.png","width":450,"height":112,"caption":"apuntesdesanluis.com"},"logo":{"@id":"https:\/\/apuntesdesanluis.com\/#\/schema\/person\/image\/"},"sameAs":["https:\/\/apuntesdesanluis.com"],"url":"https:\/\/apuntesdesanluis.com\/index.php\/author\/apuntesdesanluis-com\/"}]}},"featured_image_urls":{"full":["https:\/\/apuntesdesanluis.com\/wp-content\/uploads\/2025\/03\/POGGI-Y-ARAUJO.jpg",768,507,false],"thumbnail":["https:\/\/apuntesdesanluis.com\/wp-content\/uploads\/2025\/03\/POGGI-Y-ARAUJO-150x150.jpg",150,150,true],"medium":["https:\/\/apuntesdesanluis.com\/wp-content\/uploads\/2025\/03\/POGGI-Y-ARAUJO-300x198.jpg",300,198,true],"medium_large":["https:\/\/apuntesdesanluis.com\/wp-content\/uploads\/2025\/03\/POGGI-Y-ARAUJO.jpg",640,423,false],"large":["https:\/\/apuntesdesanluis.com\/wp-content\/uploads\/2025\/03\/POGGI-Y-ARAUJO.jpg",640,423,false],"1536x1536":["https:\/\/apuntesdesanluis.com\/wp-content\/uploads\/2025\/03\/POGGI-Y-ARAUJO.jpg",768,507,false],"2048x2048":["https:\/\/apuntesdesanluis.com\/wp-content\/uploads\/2025\/03\/POGGI-Y-ARAUJO.jpg",768,507,false],"newsever-slider-full":["https:\/\/apuntesdesanluis.com\/wp-content\/uploads\/2025\/03\/POGGI-Y-ARAUJO.jpg",768,507,false],"newsever-featured":["https:\/\/apuntesdesanluis.com\/wp-content\/uploads\/2025\/03\/POGGI-Y-ARAUJO.jpg",768,507,false],"newsever-medium":["https:\/\/apuntesdesanluis.com\/wp-content\/uploads\/2025\/03\/POGGI-Y-ARAUJO-720x475.jpg",720,475,true]},"author_info":{"display_name":"apuntesdesanluis.com","author_link":"https:\/\/apuntesdesanluis.com\/index.php\/author\/apuntesdesanluis-com\/"},"category_info":"<a href=\"https:\/\/apuntesdesanluis.com\/index.php\/category\/ciudad-provincia\/\" rel=\"category tag\">Ciudad\/Provincia<\/a>","tag_info":"Ciudad\/Provincia","comment_count":"0","_links":{"self":[{"href":"https:\/\/apuntesdesanluis.com\/index.php\/wp-json\/wp\/v2\/posts\/30301","targetHints":{"allow":["GET"]}}],"collection":[{"href":"https:\/\/apuntesdesanluis.com\/index.php\/wp-json\/wp\/v2\/posts"}],"about":[{"href":"https:\/\/apuntesdesanluis.com\/index.php\/wp-json\/wp\/v2\/types\/post"}],"author":[{"embeddable":true,"href":"https:\/\/apuntesdesanluis.com\/index.php\/wp-json\/wp\/v2\/users\/1"}],"replies":[{"embeddable":true,"href":"https:\/\/apuntesdesanluis.com\/index.php\/wp-json\/wp\/v2\/comments?post=30301"}],"version-history":[{"count":1,"href":"https:\/\/apuntesdesanluis.com\/index.php\/wp-json\/wp\/v2\/posts\/30301\/revisions"}],"predecessor-version":[{"id":30303,"href":"https:\/\/apuntesdesanluis.com\/index.php\/wp-json\/wp\/v2\/posts\/30301\/revisions\/30303"}],"wp:featuredmedia":[{"embeddable":true,"href":"https:\/\/apuntesdesanluis.com\/index.php\/wp-json\/wp\/v2\/media\/30302"}],"wp:attachment":[{"href":"https:\/\/apuntesdesanluis.com\/index.php\/wp-json\/wp\/v2\/media?parent=30301"}],"wp:term":[{"taxonomy":"category","embeddable":true,"href":"https:\/\/apuntesdesanluis.com\/index.php\/wp-json\/wp\/v2\/categories?post=30301"},{"taxonomy":"post_tag","embeddable":true,"href":"https:\/\/apuntesdesanluis.com\/index.php\/wp-json\/wp\/v2\/tags?post=30301"}],"curies":[{"name":"wp","href":"https:\/\/api.w.org\/{rel}","templated":true}]}}