{"id":30304,"date":"2025-03-10T21:16:30","date_gmt":"2025-03-11T00:16:30","guid":{"rendered":"https:\/\/apuntesdesanluis.com\/?p=30304"},"modified":"2025-03-10T21:16:30","modified_gmt":"2025-03-11T00:16:30","slug":"comenzo-el-juicio-contra-la-acusada-de-matar-a-su-novio-prendiendole-fuego","status":"publish","type":"post","link":"https:\/\/apuntesdesanluis.com\/index.php\/2025\/03\/10\/comenzo-el-juicio-contra-la-acusada-de-matar-a-su-novio-prendiendole-fuego\/","title":{"rendered":"COMENZ\u00d3 EL JUICIO CONTRA LA ACUSADA DE MATAR A SU NOVIO PRENDI\u00c9NDOLE FUEGO"},"content":{"rendered":"<h3>Este lunes por la ma\u00f1ana, en la Sala de Juicios Orales N\u00b0 1 de la Primera Circunscripci\u00f3n Judicial, inici\u00f3 el juicio contra<strong> Iris Garay<\/strong>, quien est\u00e1 acusada de matar a su novio <strong>Brandon Bustos<\/strong> el 17 de octubre de 2023.<\/h3>\n<h3>Garay, de 23 a\u00f1os, enfrenta una imputaci\u00f3n por homicidio doblemente calificado por el v\u00ednculo y por el ensa\u00f1amiento, con un pedido de prisi\u00f3n perpetua. Actualmente, permanece detenida en el Servicio Penitenciario Provincial bajo prisi\u00f3n preventiva.<\/h3>\n<h3>Se prev\u00e9 que el debate oral se desarrolle hasta el 13 de marzo a partir de las 8:30 horas.<\/h3>\n<h3>El tribunal est\u00e1 conformado por Jos\u00e9 Luis Flores, quien preside la audiencia, junto a los vocales Fernando Julio De Viana y Adriana Lucero Alfonso. La fiscal de juicio N\u00ba 1 es Virginia Palacios, mientras que la defensa de la imputada est\u00e1 a cargo de Javier Rezzano. La damnificada en el proceso es Vilma Lidia Lucero, madre de la v\u00edctima y es representada por el abogado Iv\u00e1n Coria.<\/h3>\n<h3><strong>EL HECHO<\/strong><\/h3>\n<h3>Garay y Bustos eran pareja desde el 2020 y ten\u00edan un hijo de un a\u00f1o y dos meses. De acuerdo a la acusaci\u00f3n fiscal, el 17 de octubre, cerca de las 23 horas, en la casa 5 de la manzana J del barrio 1\u00ba de Mayo, al oeste de la capital puntana, comenz\u00f3 una discusi\u00f3n entre la imputada y la v\u00edctima porque el hombre se quiso ir en moto a su trabajo.<\/h3>\n<h3>\u201cGaray no lo dejaba salir y busc\u00f3 una botella de tres litros para sacarle la nafta a la moto Honda 150. Mientras segu\u00edan discutiendo, ella lo roc\u00eda a Bustos en la zona de la cara y con un encendedor lo prende fuego. Brandon intenta salir, pero la mujer tampoco lo deja\u201d, explic\u00f3 el fiscal de Instrucci\u00f3n N\u00b0 3, Esteban Roche, a cargo de la investigaci\u00f3n.<\/h3>\n<h3>La situaci\u00f3n fue observada por un t\u00edo de la imputada, quien acudi\u00f3 en auxilio de Brandon, sofocando las llamas con agua. Inmediatamente, lo traslad\u00f3 al Hospital del Oeste, donde ingres\u00f3 con graves quemaduras y severos problemas para caminar.<\/h3>\n<h3>La v\u00edctima luego fue derivada al Hospital Carrillo. Presentaba quemaduras en m\u00e1s del 60% de su cuerpo, con compromiso severo de las v\u00edas respiratorias superiores. Adem\u00e1s, su cuadro cl\u00ednico inclu\u00eda falla multiorg\u00e1nica y shock refractario, lo que indicaba que los medicamentos no lograban estabilizar su condici\u00f3n. Despu\u00e9s de agonizar durante casi 17 horas, el joven de 23 a\u00f1os perdi\u00f3 la vida.<\/h3>\n<h3>El juicio busca esclarecer los hechos y determinar la responsabilidad de Garay en el crimen. Se espera que en los pr\u00f3ximos d\u00edas se presenten pruebas y testimonios clave para el desarrollo del debate.<\/h3>\n<h3><\/h3>\n<h3><\/h3>\n<h3><\/h3>\n","protected":false},"excerpt":{"rendered":"<p>Este lunes por la ma\u00f1ana, en la Sala de Juicios Orales N\u00b0 1 de la&#8230;<\/p>\n","protected":false},"author":1,"featured_media":30305,"comment_status":"closed","ping_status":"closed","sticky":false,"template":"","format":"standard","meta":{"footnotes":""},"categories":[6],"tags":[],"class_list":["post-30304","post","type-post","status-publish","format-standard","has-post-thumbnail","hentry","category-ciudad-provincia"],"yoast_head":"<!-- This site is optimized with the Yoast SEO plugin v26.1.1 - https:\/\/yoast.com\/wordpress\/plugins\/seo\/ -->\n<title>COMENZ\u00d3 EL JUICIO CONTRA LA ACUSADA DE MATAR A SU NOVIO PRENDI\u00c9NDOLE FUEGO - Apuntes de San Luis<\/title>\n<meta name=\"robots\" content=\"index, follow, max-snippet:-1, max-image-preview:large, max-video-preview:-1\" \/>\n<link rel=\"canonical\" href=\"https:\/\/apuntesdesanluis.com\/index.php\/2025\/03\/10\/comenzo-el-juicio-contra-la-acusada-de-matar-a-su-novio-prendiendole-fuego\/\" \/>\n<meta property=\"og:locale\" content=\"es_ES\" \/>\n<meta property=\"og:type\" content=\"article\" \/>\n<meta property=\"og:title\" content=\"COMENZ\u00d3 EL JUICIO CONTRA LA ACUSADA DE MATAR A SU NOVIO PRENDI\u00c9NDOLE FUEGO - Apuntes de San Luis\" \/>\n<meta property=\"og:description\" content=\"Este lunes por la ma\u00f1ana, en la Sala de Juicios Orales N\u00b0 1 de la...\" \/>\n<meta property=\"og:url\" content=\"https:\/\/apuntesdesanluis.com\/index.php\/2025\/03\/10\/comenzo-el-juicio-contra-la-acusada-de-matar-a-su-novio-prendiendole-fuego\/\" \/>\n<meta property=\"og:site_name\" content=\"Apuntes de San Luis\" \/>\n<meta property=\"article:published_time\" content=\"2025-03-11T00:16:30+00:00\" \/>\n<meta property=\"og:image\" content=\"https:\/\/apuntesdesanluis.com\/wp-content\/uploads\/2025\/03\/2-2-1024x769-1.jpg\" \/>\n\t<meta property=\"og:image:width\" content=\"719\" \/>\n\t<meta property=\"og:image:height\" content=\"408\" \/>\n\t<meta property=\"og:image:type\" content=\"image\/jpeg\" \/>\n<meta name=\"author\" content=\"apuntesdesanluis.com\" \/>\n<meta name=\"twitter:card\" content=\"summary_large_image\" \/>\n<meta name=\"twitter:label1\" content=\"Escrito por\" \/>\n\t<meta name=\"twitter:data1\" content=\"apuntesdesanluis.com\" \/>\n\t<meta name=\"twitter:label2\" content=\"Tiempo de lectura\" \/>\n\t<meta name=\"twitter:data2\" content=\"3 minutos\" \/>\n<script type=\"application\/ld+json\" class=\"yoast-schema-graph\">{\"@context\":\"https:\/\/schema.org\",\"@graph\":[{\"@type\":\"Article\",\"@id\":\"https:\/\/apuntesdesanluis.com\/index.php\/2025\/03\/10\/comenzo-el-juicio-contra-la-acusada-de-matar-a-su-novio-prendiendole-fuego\/#article\",\"isPartOf\":{\"@id\":\"https:\/\/apuntesdesanluis.com\/index.php\/2025\/03\/10\/comenzo-el-juicio-contra-la-acusada-de-matar-a-su-novio-prendiendole-fuego\/\"},\"author\":{\"name\":\"apuntesdesanluis.com\",\"@id\":\"https:\/\/apuntesdesanluis.com\/#\/schema\/person\/b55151d52296fcce64d1a72538a70b90\"},\"headline\":\"COMENZ\u00d3 EL JUICIO CONTRA LA ACUSADA DE MATAR A SU NOVIO PRENDI\u00c9NDOLE FUEGO\",\"datePublished\":\"2025-03-11T00:16:30+00:00\",\"mainEntityOfPage\":{\"@id\":\"https:\/\/apuntesdesanluis.com\/index.php\/2025\/03\/10\/comenzo-el-juicio-contra-la-acusada-de-matar-a-su-novio-prendiendole-fuego\/\"},\"wordCount\":462,\"publisher\":{\"@id\":\"https:\/\/apuntesdesanluis.com\/#\/schema\/person\/b55151d52296fcce64d1a72538a70b90\"},\"image\":{\"@id\":\"https:\/\/apuntesdesanluis.com\/index.php\/2025\/03\/10\/comenzo-el-juicio-contra-la-acusada-de-matar-a-su-novio-prendiendole-fuego\/#primaryimage\"},\"thumbnailUrl\":\"https:\/\/apuntesdesanluis.com\/wp-content\/uploads\/2025\/03\/2-2-1024x769-1.jpg\",\"articleSection\":[\"Ciudad\/Provincia\"],\"inLanguage\":\"es-AR\"},{\"@type\":\"WebPage\",\"@id\":\"https:\/\/apuntesdesanluis.com\/index.php\/2025\/03\/10\/comenzo-el-juicio-contra-la-acusada-de-matar-a-su-novio-prendiendole-fuego\/\",\"url\":\"https:\/\/apuntesdesanluis.com\/index.php\/2025\/03\/10\/comenzo-el-juicio-contra-la-acusada-de-matar-a-su-novio-prendiendole-fuego\/\",\"name\":\"COMENZ\u00d3 EL JUICIO CONTRA LA ACUSADA DE MATAR A SU NOVIO PRENDI\u00c9NDOLE FUEGO - Apuntes de San Luis\",\"isPartOf\":{\"@id\":\"https:\/\/apuntesdesanluis.com\/#website\"},\"primaryImageOfPage\":{\"@id\":\"https:\/\/apuntesdesanluis.com\/index.php\/2025\/03\/10\/comenzo-el-juicio-contra-la-acusada-de-matar-a-su-novio-prendiendole-fuego\/#primaryimage\"},\"image\":{\"@id\":\"https:\/\/apuntesdesanluis.com\/index.php\/2025\/03\/10\/comenzo-el-juicio-contra-la-acusada-de-matar-a-su-novio-prendiendole-fuego\/#primaryimage\"},\"thumbnailUrl\":\"https:\/\/apuntesdesanluis.com\/wp-content\/uploads\/2025\/03\/2-2-1024x769-1.jpg\",\"datePublished\":\"2025-03-11T00:16:30+00:00\",\"breadcrumb\":{\"@id\":\"https:\/\/apuntesdesanluis.com\/index.php\/2025\/03\/10\/comenzo-el-juicio-contra-la-acusada-de-matar-a-su-novio-prendiendole-fuego\/#breadcrumb\"},\"inLanguage\":\"es-AR\",\"potentialAction\":[{\"@type\":\"ReadAction\",\"target\":[\"https:\/\/apuntesdesanluis.com\/index.php\/2025\/03\/10\/comenzo-el-juicio-contra-la-acusada-de-matar-a-su-novio-prendiendole-fuego\/\"]}]},{\"@type\":\"ImageObject\",\"inLanguage\":\"es-AR\",\"@id\":\"https:\/\/apuntesdesanluis.com\/index.php\/2025\/03\/10\/comenzo-el-juicio-contra-la-acusada-de-matar-a-su-novio-prendiendole-fuego\/#primaryimage\",\"url\":\"https:\/\/apuntesdesanluis.com\/wp-content\/uploads\/2025\/03\/2-2-1024x769-1.jpg\",\"contentUrl\":\"https:\/\/apuntesdesanluis.com\/wp-content\/uploads\/2025\/03\/2-2-1024x769-1.jpg\",\"width\":719,\"height\":408},{\"@type\":\"BreadcrumbList\",\"@id\":\"https:\/\/apuntesdesanluis.com\/index.php\/2025\/03\/10\/comenzo-el-juicio-contra-la-acusada-de-matar-a-su-novio-prendiendole-fuego\/#breadcrumb\",\"itemListElement\":[{\"@type\":\"ListItem\",\"position\":1,\"name\":\"Inicio\",\"item\":\"https:\/\/apuntesdesanluis.com\/\"},{\"@type\":\"ListItem\",\"position\":2,\"name\":\"COMENZ\u00d3 EL JUICIO CONTRA LA ACUSADA DE MATAR A SU NOVIO PRENDI\u00c9NDOLE FUEGO\"}]},{\"@type\":\"WebSite\",\"@id\":\"https:\/\/apuntesdesanluis.com\/#website\",\"url\":\"https:\/\/apuntesdesanluis.com\/\",\"name\":\"Apuntes de San Luis\",\"description\":\"\",\"publisher\":{\"@id\":\"https:\/\/apuntesdesanluis.com\/#\/schema\/person\/b55151d52296fcce64d1a72538a70b90\"},\"potentialAction\":[{\"@type\":\"SearchAction\",\"target\":{\"@type\":\"EntryPoint\",\"urlTemplate\":\"https:\/\/apuntesdesanluis.com\/?s={search_term_string}\"},\"query-input\":{\"@type\":\"PropertyValueSpecification\",\"valueRequired\":true,\"valueName\":\"search_term_string\"}}],\"inLanguage\":\"es-AR\"},{\"@type\":[\"Person\",\"Organization\"],\"@id\":\"https:\/\/apuntesdesanluis.com\/#\/schema\/person\/b55151d52296fcce64d1a72538a70b90\",\"name\":\"apuntesdesanluis.com\",\"image\":{\"@type\":\"ImageObject\",\"inLanguage\":\"es-AR\",\"@id\":\"https:\/\/apuntesdesanluis.com\/#\/schema\/person\/image\/\",\"url\":\"https:\/\/apuntesdesanluis.com\/wp-content\/uploads\/2023\/07\/cropped-apuntesdesanluis.png\",\"contentUrl\":\"https:\/\/apuntesdesanluis.com\/wp-content\/uploads\/2023\/07\/cropped-apuntesdesanluis.png\",\"width\":450,\"height\":112,\"caption\":\"apuntesdesanluis.com\"},\"logo\":{\"@id\":\"https:\/\/apuntesdesanluis.com\/#\/schema\/person\/image\/\"},\"sameAs\":[\"https:\/\/apuntesdesanluis.com\"],\"url\":\"https:\/\/apuntesdesanluis.com\/index.php\/author\/apuntesdesanluis-com\/\"}]}<\/script>\n<!-- \/ Yoast SEO plugin. -->","yoast_head_json":{"title":"COMENZ\u00d3 EL JUICIO CONTRA LA ACUSADA DE MATAR A SU NOVIO PRENDI\u00c9NDOLE FUEGO - Apuntes de San Luis","robots":{"index":"index","follow":"follow","max-snippet":"max-snippet:-1","max-image-preview":"max-image-preview:large","max-video-preview":"max-video-preview:-1"},"canonical":"https:\/\/apuntesdesanluis.com\/index.php\/2025\/03\/10\/comenzo-el-juicio-contra-la-acusada-de-matar-a-su-novio-prendiendole-fuego\/","og_locale":"es_ES","og_type":"article","og_title":"COMENZ\u00d3 EL JUICIO CONTRA LA ACUSADA DE MATAR A SU NOVIO PRENDI\u00c9NDOLE FUEGO - Apuntes de San Luis","og_description":"Este lunes por la ma\u00f1ana, en la Sala de Juicios Orales N\u00b0 1 de la...","og_url":"https:\/\/apuntesdesanluis.com\/index.php\/2025\/03\/10\/comenzo-el-juicio-contra-la-acusada-de-matar-a-su-novio-prendiendole-fuego\/","og_site_name":"Apuntes de San Luis","article_published_time":"2025-03-11T00:16:30+00:00","og_image":[{"width":719,"height":408,"url":"https:\/\/apuntesdesanluis.com\/wp-content\/uploads\/2025\/03\/2-2-1024x769-1.jpg","type":"image\/jpeg"}],"author":"apuntesdesanluis.com","twitter_card":"summary_large_image","twitter_misc":{"Escrito por":"apuntesdesanluis.com","Tiempo de lectura":"3 minutos"},"schema":{"@context":"https:\/\/schema.org","@graph":[{"@type":"Article","@id":"https:\/\/apuntesdesanluis.com\/index.php\/2025\/03\/10\/comenzo-el-juicio-contra-la-acusada-de-matar-a-su-novio-prendiendole-fuego\/#article","isPartOf":{"@id":"https:\/\/apuntesdesanluis.com\/index.php\/2025\/03\/10\/comenzo-el-juicio-contra-la-acusada-de-matar-a-su-novio-prendiendole-fuego\/"},"author":{"name":"apuntesdesanluis.com","@id":"https:\/\/apuntesdesanluis.com\/#\/schema\/person\/b55151d52296fcce64d1a72538a70b90"},"headline":"COMENZ\u00d3 EL JUICIO CONTRA LA ACUSADA DE MATAR A SU NOVIO PRENDI\u00c9NDOLE FUEGO","datePublished":"2025-03-11T00:16:30+00:00","mainEntityOfPage":{"@id":"https:\/\/apuntesdesanluis.com\/index.php\/2025\/03\/10\/comenzo-el-juicio-contra-la-acusada-de-matar-a-su-novio-prendiendole-fuego\/"},"wordCount":462,"publisher":{"@id":"https:\/\/apuntesdesanluis.com\/#\/schema\/person\/b55151d52296fcce64d1a72538a70b90"},"image":{"@id":"https:\/\/apuntesdesanluis.com\/index.php\/2025\/03\/10\/comenzo-el-juicio-contra-la-acusada-de-matar-a-su-novio-prendiendole-fuego\/#primaryimage"},"thumbnailUrl":"https:\/\/apuntesdesanluis.com\/wp-content\/uploads\/2025\/03\/2-2-1024x769-1.jpg","articleSection":["Ciudad\/Provincia"],"inLanguage":"es-AR"},{"@type":"WebPage","@id":"https:\/\/apuntesdesanluis.com\/index.php\/2025\/03\/10\/comenzo-el-juicio-contra-la-acusada-de-matar-a-su-novio-prendiendole-fuego\/","url":"https:\/\/apuntesdesanluis.com\/index.php\/2025\/03\/10\/comenzo-el-juicio-contra-la-acusada-de-matar-a-su-novio-prendiendole-fuego\/","name":"COMENZ\u00d3 EL JUICIO CONTRA LA ACUSADA DE MATAR A SU NOVIO PRENDI\u00c9NDOLE FUEGO - Apuntes de San Luis","isPartOf":{"@id":"https:\/\/apuntesdesanluis.com\/#website"},"primaryImageOfPage":{"@id":"https:\/\/apuntesdesanluis.com\/index.php\/2025\/03\/10\/comenzo-el-juicio-contra-la-acusada-de-matar-a-su-novio-prendiendole-fuego\/#primaryimage"},"image":{"@id":"https:\/\/apuntesdesanluis.com\/index.php\/2025\/03\/10\/comenzo-el-juicio-contra-la-acusada-de-matar-a-su-novio-prendiendole-fuego\/#primaryimage"},"thumbnailUrl":"https:\/\/apuntesdesanluis.com\/wp-content\/uploads\/2025\/03\/2-2-1024x769-1.jpg","datePublished":"2025-03-11T00:16:30+00:00","breadcrumb":{"@id":"https:\/\/apuntesdesanluis.com\/index.php\/2025\/03\/10\/comenzo-el-juicio-contra-la-acusada-de-matar-a-su-novio-prendiendole-fuego\/#breadcrumb"},"inLanguage":"es-AR","potentialAction":[{"@type":"ReadAction","target":["https:\/\/apuntesdesanluis.com\/index.php\/2025\/03\/10\/comenzo-el-juicio-contra-la-acusada-de-matar-a-su-novio-prendiendole-fuego\/"]}]},{"@type":"ImageObject","inLanguage":"es-AR","@id":"https:\/\/apuntesdesanluis.com\/index.php\/2025\/03\/10\/comenzo-el-juicio-contra-la-acusada-de-matar-a-su-novio-prendiendole-fuego\/#primaryimage","url":"https:\/\/apuntesdesanluis.com\/wp-content\/uploads\/2025\/03\/2-2-1024x769-1.jpg","contentUrl":"https:\/\/apuntesdesanluis.com\/wp-content\/uploads\/2025\/03\/2-2-1024x769-1.jpg","width":719,"height":408},{"@type":"BreadcrumbList","@id":"https:\/\/apuntesdesanluis.com\/index.php\/2025\/03\/10\/comenzo-el-juicio-contra-la-acusada-de-matar-a-su-novio-prendiendole-fuego\/#breadcrumb","itemListElement":[{"@type":"ListItem","position":1,"name":"Inicio","item":"https:\/\/apuntesdesanluis.com\/"},{"@type":"ListItem","position":2,"name":"COMENZ\u00d3 EL JUICIO CONTRA LA ACUSADA DE MATAR A SU NOVIO PRENDI\u00c9NDOLE FUEGO"}]},{"@type":"WebSite","@id":"https:\/\/apuntesdesanluis.com\/#website","url":"https:\/\/apuntesdesanluis.com\/","name":"Apuntes de San Luis","description":"","publisher":{"@id":"https:\/\/apuntesdesanluis.com\/#\/schema\/person\/b55151d52296fcce64d1a72538a70b90"},"potentialAction":[{"@type":"SearchAction","target":{"@type":"EntryPoint","urlTemplate":"https:\/\/apuntesdesanluis.com\/?s={search_term_string}"},"query-input":{"@type":"PropertyValueSpecification","valueRequired":true,"valueName":"search_term_string"}}],"inLanguage":"es-AR"},{"@type":["Person","Organization"],"@id":"https:\/\/apuntesdesanluis.com\/#\/schema\/person\/b55151d52296fcce64d1a72538a70b90","name":"apuntesdesanluis.com","image":{"@type":"ImageObject","inLanguage":"es-AR","@id":"https:\/\/apuntesdesanluis.com\/#\/schema\/person\/image\/","url":"https:\/\/apuntesdesanluis.com\/wp-content\/uploads\/2023\/07\/cropped-apuntesdesanluis.png","contentUrl":"https:\/\/apuntesdesanluis.com\/wp-content\/uploads\/2023\/07\/cropped-apuntesdesanluis.png","width":450,"height":112,"caption":"apuntesdesanluis.com"},"logo":{"@id":"https:\/\/apuntesdesanluis.com\/#\/schema\/person\/image\/"},"sameAs":["https:\/\/apuntesdesanluis.com"],"url":"https:\/\/apuntesdesanluis.com\/index.php\/author\/apuntesdesanluis-com\/"}]}},"featured_image_urls":{"full":["https:\/\/apuntesdesanluis.com\/wp-content\/uploads\/2025\/03\/2-2-1024x769-1.jpg",719,408,false],"thumbnail":["https:\/\/apuntesdesanluis.com\/wp-content\/uploads\/2025\/03\/2-2-1024x769-1-150x150.jpg",150,150,true],"medium":["https:\/\/apuntesdesanluis.com\/wp-content\/uploads\/2025\/03\/2-2-1024x769-1-300x170.jpg",300,170,true],"medium_large":["https:\/\/apuntesdesanluis.com\/wp-content\/uploads\/2025\/03\/2-2-1024x769-1.jpg",640,363,false],"large":["https:\/\/apuntesdesanluis.com\/wp-content\/uploads\/2025\/03\/2-2-1024x769-1.jpg",640,363,false],"1536x1536":["https:\/\/apuntesdesanluis.com\/wp-content\/uploads\/2025\/03\/2-2-1024x769-1.jpg",719,408,false],"2048x2048":["https:\/\/apuntesdesanluis.com\/wp-content\/uploads\/2025\/03\/2-2-1024x769-1.jpg",719,408,false],"newsever-slider-full":["https:\/\/apuntesdesanluis.com\/wp-content\/uploads\/2025\/03\/2-2-1024x769-1.jpg",719,408,false],"newsever-featured":["https:\/\/apuntesdesanluis.com\/wp-content\/uploads\/2025\/03\/2-2-1024x769-1.jpg",719,408,false],"newsever-medium":["https:\/\/apuntesdesanluis.com\/wp-content\/uploads\/2025\/03\/2-2-1024x769-1.jpg",719,408,false]},"author_info":{"display_name":"apuntesdesanluis.com","author_link":"https:\/\/apuntesdesanluis.com\/index.php\/author\/apuntesdesanluis-com\/"},"category_info":"<a href=\"https:\/\/apuntesdesanluis.com\/index.php\/category\/ciudad-provincia\/\" rel=\"category tag\">Ciudad\/Provincia<\/a>","tag_info":"Ciudad\/Provincia","comment_count":"0","_links":{"self":[{"href":"https:\/\/apuntesdesanluis.com\/index.php\/wp-json\/wp\/v2\/posts\/30304","targetHints":{"allow":["GET"]}}],"collection":[{"href":"https:\/\/apuntesdesanluis.com\/index.php\/wp-json\/wp\/v2\/posts"}],"about":[{"href":"https:\/\/apuntesdesanluis.com\/index.php\/wp-json\/wp\/v2\/types\/post"}],"author":[{"embeddable":true,"href":"https:\/\/apuntesdesanluis.com\/index.php\/wp-json\/wp\/v2\/users\/1"}],"replies":[{"embeddable":true,"href":"https:\/\/apuntesdesanluis.com\/index.php\/wp-json\/wp\/v2\/comments?post=30304"}],"version-history":[{"count":1,"href":"https:\/\/apuntesdesanluis.com\/index.php\/wp-json\/wp\/v2\/posts\/30304\/revisions"}],"predecessor-version":[{"id":30306,"href":"https:\/\/apuntesdesanluis.com\/index.php\/wp-json\/wp\/v2\/posts\/30304\/revisions\/30306"}],"wp:featuredmedia":[{"embeddable":true,"href":"https:\/\/apuntesdesanluis.com\/index.php\/wp-json\/wp\/v2\/media\/30305"}],"wp:attachment":[{"href":"https:\/\/apuntesdesanluis.com\/index.php\/wp-json\/wp\/v2\/media?parent=30304"}],"wp:term":[{"taxonomy":"category","embeddable":true,"href":"https:\/\/apuntesdesanluis.com\/index.php\/wp-json\/wp\/v2\/categories?post=30304"},{"taxonomy":"post_tag","embeddable":true,"href":"https:\/\/apuntesdesanluis.com\/index.php\/wp-json\/wp\/v2\/tags?post=30304"}],"curies":[{"name":"wp","href":"https:\/\/api.w.org\/{rel}","templated":true}]}}