{"id":30314,"date":"2025-03-10T21:56:13","date_gmt":"2025-03-11T00:56:13","guid":{"rendered":"https:\/\/apuntesdesanluis.com\/?p=30314"},"modified":"2025-03-10T22:00:00","modified_gmt":"2025-03-11T01:00:00","slug":"la-fcejs-invita-a-inscribirse-en-carrera-de-posgrado-que-comienza-en-abril","status":"publish","type":"post","link":"https:\/\/apuntesdesanluis.com\/index.php\/2025\/03\/10\/la-fcejs-invita-a-inscribirse-en-carrera-de-posgrado-que-comienza-en-abril\/","title":{"rendered":"LA FCEJS INVITA A INSCRIBIRSE EN CARRERA DE POSGRADO QUE COMIENZA EN ABRIL"},"content":{"rendered":"<h3>La Secretar\u00eda de Investigaci\u00f3n y Posgrado de FCEJS informa que se encuentran abiertas las preinscripciones a la II Cohorte de la carrera de posgrado <strong>\u201cEspecializaci\u00f3n en Abordajes de Problem\u00e1ticas Sociales desde la Perspectiva de G\u00e9nero y Diversidad\u201d<\/strong>. Su inicio est\u00e1 previsto para el mes de abril de 2025, con modalidad sincr\u00f3nica.<\/h3>\n<h3><a href=\"https:\/\/autogestion-posgrado.unsl.edu.ar\/\" target=\"_blank\" rel=\"noopener\"><span style=\"color: #3366ff;\">PREINSCRIPCIONES<\/span><\/a><\/h3>\n<h3>Para mayor informaci\u00f3n, las personas interesadas pueden comunicarse con la coordinadora de la especializaci\u00f3n, Tec. <strong>Cinthia Alaniz<\/strong>, al correo electr\u00f3nico <span style=\"color: #3366ff;\"><a style=\"color: #3366ff;\" href=\"mailto:especializaciongenerofcejs@gmail.com\">especializaciongenerofcejs@gmail.com<\/a><\/span><\/h3>\n<h3>Bajo la direcci\u00f3n acad\u00e9mica del Mgtr. Gabriela Morales (UNC) y el asesoramiento acad\u00e9mico de la Lic. Marcela Pozzi Vieyra (UNVM), esta carrera de posgrado tiene como objetivos desarrollar y fortalecer estrategias de abordaje con perspectiva de g\u00e9nero y diversidad en profesionales de distintas disciplinas, as\u00ed como promover la transversalizaci\u00f3n de estas perspectivas en los diferentes \u00e1mbitos laborales.<\/h3>\n<h3><strong>Cuerpo docente:<\/strong><\/h3>\n<h3>Dra. Natalia Mart\u00ednez Del Prado<\/h3>\n<h3>Dr. Eduardo Mattio<\/h3>\n<h3>Dra. Fidela Azarian<\/h3>\n<h3>Dra. Mar\u00eda Eugenia Herminda<\/h3>\n<h3>Dra. Adriana Mor\u00e1n<\/h3>\n<h3>Dra. Raquel Drovetts<\/h3>\n<h3>Dra. Viviana Soane<\/h3>\n<h3>Dra. Romina Lerussi<\/h3>\n<h3>Dra. Paula Morales<\/h3>\n<h3>Mgtr. Alejandra Rovacio<\/h3>\n<h3><strong>PLAN DE ESTUDIOS<\/strong><\/h3>\n<ul>\n<li>\n<h3>Teor\u00edas de g\u00e9nero y movimientos feministas<\/h3>\n<\/li>\n<li>\n<h3>Sexualidades y movimientos de la disidencia sexual<\/h3>\n<\/li>\n<li>\n<h3>DDHH de las mujeres y disidencias sexuales<\/h3>\n<\/li>\n<li>\n<h3>Estados, pol\u00edticas p\u00fablicas y g\u00e9nero<\/h3>\n<\/li>\n<li>\n<h3>G\u00e9nero y salud<\/h3>\n<\/li>\n<li>\n<h3>G\u00e9nero y educaci\u00f3n<\/h3>\n<\/li>\n<li>\n<h3>Sexualidad de las mujeres y DDRR<\/h3>\n<\/li>\n<li>\n<h3>G\u00e9nero, trabajo y mercado<\/h3>\n<\/li>\n<li>\n<h3>G\u00e9nero y medios de comunicaci\u00f3n<\/h3>\n<\/li>\n<li>\n<h3>Taller de escritura con perspectiva de g\u00e9nero I y II<\/h3>\n<\/li>\n<li>\n<h3>Taller de trabajo Final Integrador<\/h3>\n<\/li>\n<\/ul>\n<h3><\/h3>\n<p>&nbsp;<\/p>\n<p>&nbsp;<\/p>\n<h3><\/h3>\n<p>&nbsp;<\/p>\n","protected":false},"excerpt":{"rendered":"<p>La Secretar\u00eda de Investigaci\u00f3n y Posgrado de FCEJS informa que se encuentran abiertas las preinscripciones&#8230;<\/p>\n","protected":false},"author":1,"featured_media":30315,"comment_status":"closed","ping_status":"closed","sticky":false,"template":"","format":"standard","meta":{"footnotes":""},"categories":[6],"tags":[],"class_list":["post-30314","post","type-post","status-publish","format-standard","has-post-thumbnail","hentry","category-ciudad-provincia"],"yoast_head":"<!-- This site is optimized with the Yoast SEO plugin v26.1.1 - https:\/\/yoast.com\/wordpress\/plugins\/seo\/ -->\n<title>LA FCEJS INVITA A INSCRIBIRSE EN CARRERA DE POSGRADO QUE COMIENZA EN ABRIL - Apuntes de San Luis<\/title>\n<meta name=\"robots\" content=\"index, follow, max-snippet:-1, max-image-preview:large, max-video-preview:-1\" \/>\n<link rel=\"canonical\" href=\"https:\/\/apuntesdesanluis.com\/index.php\/2025\/03\/10\/la-fcejs-invita-a-inscribirse-en-carrera-de-posgrado-que-comienza-en-abril\/\" \/>\n<meta property=\"og:locale\" content=\"es_ES\" \/>\n<meta property=\"og:type\" content=\"article\" \/>\n<meta property=\"og:title\" content=\"LA FCEJS INVITA A INSCRIBIRSE EN CARRERA DE POSGRADO QUE COMIENZA EN ABRIL - Apuntes de San Luis\" \/>\n<meta property=\"og:description\" content=\"La Secretar\u00eda de Investigaci\u00f3n y Posgrado de FCEJS informa que se encuentran abiertas las preinscripciones...\" \/>\n<meta property=\"og:url\" content=\"https:\/\/apuntesdesanluis.com\/index.php\/2025\/03\/10\/la-fcejs-invita-a-inscribirse-en-carrera-de-posgrado-que-comienza-en-abril\/\" \/>\n<meta property=\"og:site_name\" content=\"Apuntes de San Luis\" \/>\n<meta property=\"article:published_time\" content=\"2025-03-11T00:56:13+00:00\" \/>\n<meta property=\"article:modified_time\" content=\"2025-03-11T01:00:00+00:00\" \/>\n<meta property=\"og:image\" content=\"https:\/\/apuntesdesanluis.com\/wp-content\/uploads\/2025\/03\/ABORDAJE.png\" \/>\n\t<meta property=\"og:image:width\" content=\"700\" \/>\n\t<meta property=\"og:image:height\" content=\"418\" \/>\n\t<meta property=\"og:image:type\" content=\"image\/png\" \/>\n<meta name=\"author\" content=\"apuntesdesanluis.com\" \/>\n<meta name=\"twitter:card\" content=\"summary_large_image\" \/>\n<meta name=\"twitter:label1\" content=\"Escrito por\" \/>\n\t<meta name=\"twitter:data1\" content=\"apuntesdesanluis.com\" \/>\n\t<meta name=\"twitter:label2\" content=\"Tiempo de lectura\" \/>\n\t<meta name=\"twitter:data2\" content=\"2 minutos\" \/>\n<script type=\"application\/ld+json\" class=\"yoast-schema-graph\">{\"@context\":\"https:\/\/schema.org\",\"@graph\":[{\"@type\":\"Article\",\"@id\":\"https:\/\/apuntesdesanluis.com\/index.php\/2025\/03\/10\/la-fcejs-invita-a-inscribirse-en-carrera-de-posgrado-que-comienza-en-abril\/#article\",\"isPartOf\":{\"@id\":\"https:\/\/apuntesdesanluis.com\/index.php\/2025\/03\/10\/la-fcejs-invita-a-inscribirse-en-carrera-de-posgrado-que-comienza-en-abril\/\"},\"author\":{\"name\":\"apuntesdesanluis.com\",\"@id\":\"https:\/\/apuntesdesanluis.com\/#\/schema\/person\/b55151d52296fcce64d1a72538a70b90\"},\"headline\":\"LA FCEJS INVITA A INSCRIBIRSE EN CARRERA DE POSGRADO QUE COMIENZA EN ABRIL\",\"datePublished\":\"2025-03-11T00:56:13+00:00\",\"dateModified\":\"2025-03-11T01:00:00+00:00\",\"mainEntityOfPage\":{\"@id\":\"https:\/\/apuntesdesanluis.com\/index.php\/2025\/03\/10\/la-fcejs-invita-a-inscribirse-en-carrera-de-posgrado-que-comienza-en-abril\/\"},\"wordCount\":275,\"publisher\":{\"@id\":\"https:\/\/apuntesdesanluis.com\/#\/schema\/person\/b55151d52296fcce64d1a72538a70b90\"},\"image\":{\"@id\":\"https:\/\/apuntesdesanluis.com\/index.php\/2025\/03\/10\/la-fcejs-invita-a-inscribirse-en-carrera-de-posgrado-que-comienza-en-abril\/#primaryimage\"},\"thumbnailUrl\":\"https:\/\/apuntesdesanluis.com\/wp-content\/uploads\/2025\/03\/ABORDAJE.png\",\"articleSection\":[\"Ciudad\/Provincia\"],\"inLanguage\":\"es-AR\"},{\"@type\":\"WebPage\",\"@id\":\"https:\/\/apuntesdesanluis.com\/index.php\/2025\/03\/10\/la-fcejs-invita-a-inscribirse-en-carrera-de-posgrado-que-comienza-en-abril\/\",\"url\":\"https:\/\/apuntesdesanluis.com\/index.php\/2025\/03\/10\/la-fcejs-invita-a-inscribirse-en-carrera-de-posgrado-que-comienza-en-abril\/\",\"name\":\"LA FCEJS INVITA A INSCRIBIRSE EN CARRERA DE POSGRADO QUE COMIENZA EN ABRIL - Apuntes de San Luis\",\"isPartOf\":{\"@id\":\"https:\/\/apuntesdesanluis.com\/#website\"},\"primaryImageOfPage\":{\"@id\":\"https:\/\/apuntesdesanluis.com\/index.php\/2025\/03\/10\/la-fcejs-invita-a-inscribirse-en-carrera-de-posgrado-que-comienza-en-abril\/#primaryimage\"},\"image\":{\"@id\":\"https:\/\/apuntesdesanluis.com\/index.php\/2025\/03\/10\/la-fcejs-invita-a-inscribirse-en-carrera-de-posgrado-que-comienza-en-abril\/#primaryimage\"},\"thumbnailUrl\":\"https:\/\/apuntesdesanluis.com\/wp-content\/uploads\/2025\/03\/ABORDAJE.png\",\"datePublished\":\"2025-03-11T00:56:13+00:00\",\"dateModified\":\"2025-03-11T01:00:00+00:00\",\"breadcrumb\":{\"@id\":\"https:\/\/apuntesdesanluis.com\/index.php\/2025\/03\/10\/la-fcejs-invita-a-inscribirse-en-carrera-de-posgrado-que-comienza-en-abril\/#breadcrumb\"},\"inLanguage\":\"es-AR\",\"potentialAction\":[{\"@type\":\"ReadAction\",\"target\":[\"https:\/\/apuntesdesanluis.com\/index.php\/2025\/03\/10\/la-fcejs-invita-a-inscribirse-en-carrera-de-posgrado-que-comienza-en-abril\/\"]}]},{\"@type\":\"ImageObject\",\"inLanguage\":\"es-AR\",\"@id\":\"https:\/\/apuntesdesanluis.com\/index.php\/2025\/03\/10\/la-fcejs-invita-a-inscribirse-en-carrera-de-posgrado-que-comienza-en-abril\/#primaryimage\",\"url\":\"https:\/\/apuntesdesanluis.com\/wp-content\/uploads\/2025\/03\/ABORDAJE.png\",\"contentUrl\":\"https:\/\/apuntesdesanluis.com\/wp-content\/uploads\/2025\/03\/ABORDAJE.png\",\"width\":700,\"height\":418},{\"@type\":\"BreadcrumbList\",\"@id\":\"https:\/\/apuntesdesanluis.com\/index.php\/2025\/03\/10\/la-fcejs-invita-a-inscribirse-en-carrera-de-posgrado-que-comienza-en-abril\/#breadcrumb\",\"itemListElement\":[{\"@type\":\"ListItem\",\"position\":1,\"name\":\"Inicio\",\"item\":\"https:\/\/apuntesdesanluis.com\/\"},{\"@type\":\"ListItem\",\"position\":2,\"name\":\"LA FCEJS INVITA A INSCRIBIRSE EN CARRERA DE POSGRADO QUE COMIENZA EN ABRIL\"}]},{\"@type\":\"WebSite\",\"@id\":\"https:\/\/apuntesdesanluis.com\/#website\",\"url\":\"https:\/\/apuntesdesanluis.com\/\",\"name\":\"Apuntes de San Luis\",\"description\":\"\",\"publisher\":{\"@id\":\"https:\/\/apuntesdesanluis.com\/#\/schema\/person\/b55151d52296fcce64d1a72538a70b90\"},\"potentialAction\":[{\"@type\":\"SearchAction\",\"target\":{\"@type\":\"EntryPoint\",\"urlTemplate\":\"https:\/\/apuntesdesanluis.com\/?s={search_term_string}\"},\"query-input\":{\"@type\":\"PropertyValueSpecification\",\"valueRequired\":true,\"valueName\":\"search_term_string\"}}],\"inLanguage\":\"es-AR\"},{\"@type\":[\"Person\",\"Organization\"],\"@id\":\"https:\/\/apuntesdesanluis.com\/#\/schema\/person\/b55151d52296fcce64d1a72538a70b90\",\"name\":\"apuntesdesanluis.com\",\"image\":{\"@type\":\"ImageObject\",\"inLanguage\":\"es-AR\",\"@id\":\"https:\/\/apuntesdesanluis.com\/#\/schema\/person\/image\/\",\"url\":\"https:\/\/apuntesdesanluis.com\/wp-content\/uploads\/2023\/07\/cropped-apuntesdesanluis.png\",\"contentUrl\":\"https:\/\/apuntesdesanluis.com\/wp-content\/uploads\/2023\/07\/cropped-apuntesdesanluis.png\",\"width\":450,\"height\":112,\"caption\":\"apuntesdesanluis.com\"},\"logo\":{\"@id\":\"https:\/\/apuntesdesanluis.com\/#\/schema\/person\/image\/\"},\"sameAs\":[\"https:\/\/apuntesdesanluis.com\"],\"url\":\"https:\/\/apuntesdesanluis.com\/index.php\/author\/apuntesdesanluis-com\/\"}]}<\/script>\n<!-- \/ Yoast SEO plugin. -->","yoast_head_json":{"title":"LA FCEJS INVITA A INSCRIBIRSE EN CARRERA DE POSGRADO QUE COMIENZA EN ABRIL - Apuntes de San Luis","robots":{"index":"index","follow":"follow","max-snippet":"max-snippet:-1","max-image-preview":"max-image-preview:large","max-video-preview":"max-video-preview:-1"},"canonical":"https:\/\/apuntesdesanluis.com\/index.php\/2025\/03\/10\/la-fcejs-invita-a-inscribirse-en-carrera-de-posgrado-que-comienza-en-abril\/","og_locale":"es_ES","og_type":"article","og_title":"LA FCEJS INVITA A INSCRIBIRSE EN CARRERA DE POSGRADO QUE COMIENZA EN ABRIL - Apuntes de San Luis","og_description":"La Secretar\u00eda de Investigaci\u00f3n y Posgrado de FCEJS informa que se encuentran abiertas las preinscripciones...","og_url":"https:\/\/apuntesdesanluis.com\/index.php\/2025\/03\/10\/la-fcejs-invita-a-inscribirse-en-carrera-de-posgrado-que-comienza-en-abril\/","og_site_name":"Apuntes de San Luis","article_published_time":"2025-03-11T00:56:13+00:00","article_modified_time":"2025-03-11T01:00:00+00:00","og_image":[{"width":700,"height":418,"url":"https:\/\/apuntesdesanluis.com\/wp-content\/uploads\/2025\/03\/ABORDAJE.png","type":"image\/png"}],"author":"apuntesdesanluis.com","twitter_card":"summary_large_image","twitter_misc":{"Escrito por":"apuntesdesanluis.com","Tiempo de lectura":"2 minutos"},"schema":{"@context":"https:\/\/schema.org","@graph":[{"@type":"Article","@id":"https:\/\/apuntesdesanluis.com\/index.php\/2025\/03\/10\/la-fcejs-invita-a-inscribirse-en-carrera-de-posgrado-que-comienza-en-abril\/#article","isPartOf":{"@id":"https:\/\/apuntesdesanluis.com\/index.php\/2025\/03\/10\/la-fcejs-invita-a-inscribirse-en-carrera-de-posgrado-que-comienza-en-abril\/"},"author":{"name":"apuntesdesanluis.com","@id":"https:\/\/apuntesdesanluis.com\/#\/schema\/person\/b55151d52296fcce64d1a72538a70b90"},"headline":"LA FCEJS INVITA A INSCRIBIRSE EN CARRERA DE POSGRADO QUE COMIENZA EN ABRIL","datePublished":"2025-03-11T00:56:13+00:00","dateModified":"2025-03-11T01:00:00+00:00","mainEntityOfPage":{"@id":"https:\/\/apuntesdesanluis.com\/index.php\/2025\/03\/10\/la-fcejs-invita-a-inscribirse-en-carrera-de-posgrado-que-comienza-en-abril\/"},"wordCount":275,"publisher":{"@id":"https:\/\/apuntesdesanluis.com\/#\/schema\/person\/b55151d52296fcce64d1a72538a70b90"},"image":{"@id":"https:\/\/apuntesdesanluis.com\/index.php\/2025\/03\/10\/la-fcejs-invita-a-inscribirse-en-carrera-de-posgrado-que-comienza-en-abril\/#primaryimage"},"thumbnailUrl":"https:\/\/apuntesdesanluis.com\/wp-content\/uploads\/2025\/03\/ABORDAJE.png","articleSection":["Ciudad\/Provincia"],"inLanguage":"es-AR"},{"@type":"WebPage","@id":"https:\/\/apuntesdesanluis.com\/index.php\/2025\/03\/10\/la-fcejs-invita-a-inscribirse-en-carrera-de-posgrado-que-comienza-en-abril\/","url":"https:\/\/apuntesdesanluis.com\/index.php\/2025\/03\/10\/la-fcejs-invita-a-inscribirse-en-carrera-de-posgrado-que-comienza-en-abril\/","name":"LA FCEJS INVITA A INSCRIBIRSE EN CARRERA DE POSGRADO QUE COMIENZA EN ABRIL - Apuntes de San Luis","isPartOf":{"@id":"https:\/\/apuntesdesanluis.com\/#website"},"primaryImageOfPage":{"@id":"https:\/\/apuntesdesanluis.com\/index.php\/2025\/03\/10\/la-fcejs-invita-a-inscribirse-en-carrera-de-posgrado-que-comienza-en-abril\/#primaryimage"},"image":{"@id":"https:\/\/apuntesdesanluis.com\/index.php\/2025\/03\/10\/la-fcejs-invita-a-inscribirse-en-carrera-de-posgrado-que-comienza-en-abril\/#primaryimage"},"thumbnailUrl":"https:\/\/apuntesdesanluis.com\/wp-content\/uploads\/2025\/03\/ABORDAJE.png","datePublished":"2025-03-11T00:56:13+00:00","dateModified":"2025-03-11T01:00:00+00:00","breadcrumb":{"@id":"https:\/\/apuntesdesanluis.com\/index.php\/2025\/03\/10\/la-fcejs-invita-a-inscribirse-en-carrera-de-posgrado-que-comienza-en-abril\/#breadcrumb"},"inLanguage":"es-AR","potentialAction":[{"@type":"ReadAction","target":["https:\/\/apuntesdesanluis.com\/index.php\/2025\/03\/10\/la-fcejs-invita-a-inscribirse-en-carrera-de-posgrado-que-comienza-en-abril\/"]}]},{"@type":"ImageObject","inLanguage":"es-AR","@id":"https:\/\/apuntesdesanluis.com\/index.php\/2025\/03\/10\/la-fcejs-invita-a-inscribirse-en-carrera-de-posgrado-que-comienza-en-abril\/#primaryimage","url":"https:\/\/apuntesdesanluis.com\/wp-content\/uploads\/2025\/03\/ABORDAJE.png","contentUrl":"https:\/\/apuntesdesanluis.com\/wp-content\/uploads\/2025\/03\/ABORDAJE.png","width":700,"height":418},{"@type":"BreadcrumbList","@id":"https:\/\/apuntesdesanluis.com\/index.php\/2025\/03\/10\/la-fcejs-invita-a-inscribirse-en-carrera-de-posgrado-que-comienza-en-abril\/#breadcrumb","itemListElement":[{"@type":"ListItem","position":1,"name":"Inicio","item":"https:\/\/apuntesdesanluis.com\/"},{"@type":"ListItem","position":2,"name":"LA FCEJS INVITA A INSCRIBIRSE EN CARRERA DE POSGRADO QUE COMIENZA EN ABRIL"}]},{"@type":"WebSite","@id":"https:\/\/apuntesdesanluis.com\/#website","url":"https:\/\/apuntesdesanluis.com\/","name":"Apuntes de San Luis","description":"","publisher":{"@id":"https:\/\/apuntesdesanluis.com\/#\/schema\/person\/b55151d52296fcce64d1a72538a70b90"},"potentialAction":[{"@type":"SearchAction","target":{"@type":"EntryPoint","urlTemplate":"https:\/\/apuntesdesanluis.com\/?s={search_term_string}"},"query-input":{"@type":"PropertyValueSpecification","valueRequired":true,"valueName":"search_term_string"}}],"inLanguage":"es-AR"},{"@type":["Person","Organization"],"@id":"https:\/\/apuntesdesanluis.com\/#\/schema\/person\/b55151d52296fcce64d1a72538a70b90","name":"apuntesdesanluis.com","image":{"@type":"ImageObject","inLanguage":"es-AR","@id":"https:\/\/apuntesdesanluis.com\/#\/schema\/person\/image\/","url":"https:\/\/apuntesdesanluis.com\/wp-content\/uploads\/2023\/07\/cropped-apuntesdesanluis.png","contentUrl":"https:\/\/apuntesdesanluis.com\/wp-content\/uploads\/2023\/07\/cropped-apuntesdesanluis.png","width":450,"height":112,"caption":"apuntesdesanluis.com"},"logo":{"@id":"https:\/\/apuntesdesanluis.com\/#\/schema\/person\/image\/"},"sameAs":["https:\/\/apuntesdesanluis.com"],"url":"https:\/\/apuntesdesanluis.com\/index.php\/author\/apuntesdesanluis-com\/"}]}},"featured_image_urls":{"full":["https:\/\/apuntesdesanluis.com\/wp-content\/uploads\/2025\/03\/ABORDAJE.png",700,418,false],"thumbnail":["https:\/\/apuntesdesanluis.com\/wp-content\/uploads\/2025\/03\/ABORDAJE-150x150.png",150,150,true],"medium":["https:\/\/apuntesdesanluis.com\/wp-content\/uploads\/2025\/03\/ABORDAJE-300x179.png",300,179,true],"medium_large":["https:\/\/apuntesdesanluis.com\/wp-content\/uploads\/2025\/03\/ABORDAJE.png",640,382,false],"large":["https:\/\/apuntesdesanluis.com\/wp-content\/uploads\/2025\/03\/ABORDAJE.png",640,382,false],"1536x1536":["https:\/\/apuntesdesanluis.com\/wp-content\/uploads\/2025\/03\/ABORDAJE.png",700,418,false],"2048x2048":["https:\/\/apuntesdesanluis.com\/wp-content\/uploads\/2025\/03\/ABORDAJE.png",700,418,false],"newsever-slider-full":["https:\/\/apuntesdesanluis.com\/wp-content\/uploads\/2025\/03\/ABORDAJE.png",700,418,false],"newsever-featured":["https:\/\/apuntesdesanluis.com\/wp-content\/uploads\/2025\/03\/ABORDAJE.png",700,418,false],"newsever-medium":["https:\/\/apuntesdesanluis.com\/wp-content\/uploads\/2025\/03\/ABORDAJE.png",700,418,false]},"author_info":{"display_name":"apuntesdesanluis.com","author_link":"https:\/\/apuntesdesanluis.com\/index.php\/author\/apuntesdesanluis-com\/"},"category_info":"<a href=\"https:\/\/apuntesdesanluis.com\/index.php\/category\/ciudad-provincia\/\" rel=\"category tag\">Ciudad\/Provincia<\/a>","tag_info":"Ciudad\/Provincia","comment_count":"0","_links":{"self":[{"href":"https:\/\/apuntesdesanluis.com\/index.php\/wp-json\/wp\/v2\/posts\/30314","targetHints":{"allow":["GET"]}}],"collection":[{"href":"https:\/\/apuntesdesanluis.com\/index.php\/wp-json\/wp\/v2\/posts"}],"about":[{"href":"https:\/\/apuntesdesanluis.com\/index.php\/wp-json\/wp\/v2\/types\/post"}],"author":[{"embeddable":true,"href":"https:\/\/apuntesdesanluis.com\/index.php\/wp-json\/wp\/v2\/users\/1"}],"replies":[{"embeddable":true,"href":"https:\/\/apuntesdesanluis.com\/index.php\/wp-json\/wp\/v2\/comments?post=30314"}],"version-history":[{"count":4,"href":"https:\/\/apuntesdesanluis.com\/index.php\/wp-json\/wp\/v2\/posts\/30314\/revisions"}],"predecessor-version":[{"id":30319,"href":"https:\/\/apuntesdesanluis.com\/index.php\/wp-json\/wp\/v2\/posts\/30314\/revisions\/30319"}],"wp:featuredmedia":[{"embeddable":true,"href":"https:\/\/apuntesdesanluis.com\/index.php\/wp-json\/wp\/v2\/media\/30315"}],"wp:attachment":[{"href":"https:\/\/apuntesdesanluis.com\/index.php\/wp-json\/wp\/v2\/media?parent=30314"}],"wp:term":[{"taxonomy":"category","embeddable":true,"href":"https:\/\/apuntesdesanluis.com\/index.php\/wp-json\/wp\/v2\/categories?post=30314"},{"taxonomy":"post_tag","embeddable":true,"href":"https:\/\/apuntesdesanluis.com\/index.php\/wp-json\/wp\/v2\/tags?post=30314"}],"curies":[{"name":"wp","href":"https:\/\/api.w.org\/{rel}","templated":true}]}}