{"id":30332,"date":"2025-03-11T16:24:25","date_gmt":"2025-03-11T19:24:25","guid":{"rendered":"https:\/\/apuntesdesanluis.com\/?p=30332"},"modified":"2025-03-11T16:24:25","modified_gmt":"2025-03-11T19:24:25","slug":"en-dos-dias-movilizaron-91-vagones-cargados-desde-la-zal","status":"publish","type":"post","link":"https:\/\/apuntesdesanluis.com\/index.php\/2025\/03\/11\/en-dos-dias-movilizaron-91-vagones-cargados-desde-la-zal\/","title":{"rendered":"EN DOS D\u00cdAS MOVILIZARON 91 VAGONES CARGADOS DESDE LA ZAL"},"content":{"rendered":"<h3>Este martes, la subdirectora de Nuevos Mercados de la Secretar\u00eda de Actividades Log\u00edsticas, <strong>Valeria Ferrari<\/strong>, y el subdirector de Comunicaci\u00f3n Institucional, <strong>Facundo Ochoa<\/strong>, informaron acerca del gran operativo ferroviario, que incluy\u00f3 91 vagones cargados, y que tuvo lugar la semana pasada en la Zona de Actividades Log\u00edsticas (ZAL) ubicada en Villa Mercedes.<\/h3>\n<h3>Ambos remarcaron la importancia del trabajo en conjunto que ha llevado adelante la secretar\u00eda de Actividades Log\u00edsticas junto a las empresas del sector privado.<\/h3>\n<h3>Los operativos se realizaron en dos tandas: \u201cEl jueves (6 de marzo) se arm\u00f3 una formaci\u00f3n de 46 vagones, entre ellos, 30 correspondientes a una empresa de C\u00f3rdoba que hizo una exportaci\u00f3n de alfalfa, que ten\u00eda como destino Arabia Saudita.<\/h3>\n<h3>Los otros 16 contenedores corresponden a una empresa de Villa Mercedes que hace la log\u00edstica y la exportaci\u00f3n de materia prima\u201d, indic\u00f3 Ochoa, y a\u00f1adi\u00f3 que el viernes se agreg\u00f3 la formaci\u00f3n log\u00edstica de los 45 componentes restantes, que inclu\u00edan 15 vagones cubiertos con cemento de una empresa que opera en el predio La ZAL, con destino a Buenos Aires, y 30 tolvas con ma\u00edz.<\/h3>\n<p><iframe title=\"Trenes de carga: Movimientos en Aduanas de San Luis y Villa Mercedes\" width=\"640\" height=\"360\" src=\"https:\/\/www.youtube.com\/embed\/O0K3G6XVhhg?feature=oembed\" frameborder=\"0\" allow=\"accelerometer; autoplay; clipboard-write; encrypted-media; gyroscope; picture-in-picture; web-share\" referrerpolicy=\"strict-origin-when-cross-origin\" allowfullscreen><\/iframe><\/p>\n<h3>En relaci\u00f3n a la metodolog\u00eda de trabajo en el predio, Ferrari precis\u00f3 que \u201cel operativo comienza los d\u00edas lunes, con un bloque de camiones que viene con los contenedores desde la provincia de C\u00f3rdoba, d\u00f3nde se cargan y vuelven al predio de la ZAL el mismo d\u00eda, en el que contamos con un movimiento de 20 en total, con la gr\u00faa p\u00f3rtico. El operativo dura tres d\u00edas y llevamos 60 movimientos por semana\u201d.<\/h3>\n<h3>Entre enero y febrero, se han realizado importaciones clave para la provincia de mercader\u00eda proveniente de Alemania, China, Canad\u00e1 y pa\u00edses lim\u00edtrofes, mientras que en materia de exportaciones, las protagonistas han sido empresas de San Luis y de provincias vecinas, pa\u00edses del Mercosur y tambi\u00e9n de Colombia.<\/h3>\n<h3><\/h3>\n<p>&nbsp;<\/p>\n<p>&nbsp;<\/p>\n<p>&nbsp;<\/p>\n<h3><\/h3>\n<p>&nbsp;<\/p>\n","protected":false},"excerpt":{"rendered":"<p>Este martes, la subdirectora de Nuevos Mercados de la Secretar\u00eda de Actividades Log\u00edsticas, Valeria Ferrari,&#8230;<\/p>\n","protected":false},"author":1,"featured_media":30333,"comment_status":"closed","ping_status":"closed","sticky":false,"template":"","format":"standard","meta":{"footnotes":""},"categories":[6],"tags":[],"class_list":["post-30332","post","type-post","status-publish","format-standard","has-post-thumbnail","hentry","category-ciudad-provincia"],"yoast_head":"<!-- This site is optimized with the Yoast SEO plugin v26.1.1 - https:\/\/yoast.com\/wordpress\/plugins\/seo\/ -->\n<title>EN DOS D\u00cdAS MOVILIZARON 91 VAGONES CARGADOS DESDE LA ZAL - Apuntes de San Luis<\/title>\n<meta name=\"robots\" content=\"index, follow, max-snippet:-1, max-image-preview:large, max-video-preview:-1\" \/>\n<link rel=\"canonical\" href=\"https:\/\/apuntesdesanluis.com\/index.php\/2025\/03\/11\/en-dos-dias-movilizaron-91-vagones-cargados-desde-la-zal\/\" \/>\n<meta property=\"og:locale\" content=\"es_ES\" \/>\n<meta property=\"og:type\" content=\"article\" \/>\n<meta property=\"og:title\" content=\"EN DOS D\u00cdAS MOVILIZARON 91 VAGONES CARGADOS DESDE LA ZAL - Apuntes de San Luis\" \/>\n<meta property=\"og:description\" content=\"Este martes, la subdirectora de Nuevos Mercados de la Secretar\u00eda de Actividades Log\u00edsticas, Valeria Ferrari,...\" \/>\n<meta property=\"og:url\" content=\"https:\/\/apuntesdesanluis.com\/index.php\/2025\/03\/11\/en-dos-dias-movilizaron-91-vagones-cargados-desde-la-zal\/\" \/>\n<meta property=\"og:site_name\" content=\"Apuntes de San Luis\" \/>\n<meta property=\"article:published_time\" content=\"2025-03-11T19:24:25+00:00\" \/>\n<meta property=\"og:image\" content=\"https:\/\/apuntesdesanluis.com\/wp-content\/uploads\/2025\/03\/TRENES-DE-LA-ZAL.png\" \/>\n\t<meta property=\"og:image:width\" content=\"741\" \/>\n\t<meta property=\"og:image:height\" content=\"484\" \/>\n\t<meta property=\"og:image:type\" content=\"image\/png\" \/>\n<meta name=\"author\" content=\"apuntesdesanluis.com\" \/>\n<meta name=\"twitter:card\" content=\"summary_large_image\" \/>\n<meta name=\"twitter:label1\" content=\"Escrito por\" \/>\n\t<meta name=\"twitter:data1\" content=\"apuntesdesanluis.com\" \/>\n\t<meta name=\"twitter:label2\" content=\"Tiempo de lectura\" \/>\n\t<meta name=\"twitter:data2\" content=\"2 minutos\" \/>\n<script type=\"application\/ld+json\" class=\"yoast-schema-graph\">{\"@context\":\"https:\/\/schema.org\",\"@graph\":[{\"@type\":\"Article\",\"@id\":\"https:\/\/apuntesdesanluis.com\/index.php\/2025\/03\/11\/en-dos-dias-movilizaron-91-vagones-cargados-desde-la-zal\/#article\",\"isPartOf\":{\"@id\":\"https:\/\/apuntesdesanluis.com\/index.php\/2025\/03\/11\/en-dos-dias-movilizaron-91-vagones-cargados-desde-la-zal\/\"},\"author\":{\"name\":\"apuntesdesanluis.com\",\"@id\":\"https:\/\/apuntesdesanluis.com\/#\/schema\/person\/b55151d52296fcce64d1a72538a70b90\"},\"headline\":\"EN DOS D\u00cdAS MOVILIZARON 91 VAGONES CARGADOS DESDE LA ZAL\",\"datePublished\":\"2025-03-11T19:24:25+00:00\",\"mainEntityOfPage\":{\"@id\":\"https:\/\/apuntesdesanluis.com\/index.php\/2025\/03\/11\/en-dos-dias-movilizaron-91-vagones-cargados-desde-la-zal\/\"},\"wordCount\":345,\"publisher\":{\"@id\":\"https:\/\/apuntesdesanluis.com\/#\/schema\/person\/b55151d52296fcce64d1a72538a70b90\"},\"image\":{\"@id\":\"https:\/\/apuntesdesanluis.com\/index.php\/2025\/03\/11\/en-dos-dias-movilizaron-91-vagones-cargados-desde-la-zal\/#primaryimage\"},\"thumbnailUrl\":\"https:\/\/apuntesdesanluis.com\/wp-content\/uploads\/2025\/03\/TRENES-DE-LA-ZAL.png\",\"articleSection\":[\"Ciudad\/Provincia\"],\"inLanguage\":\"es-AR\"},{\"@type\":\"WebPage\",\"@id\":\"https:\/\/apuntesdesanluis.com\/index.php\/2025\/03\/11\/en-dos-dias-movilizaron-91-vagones-cargados-desde-la-zal\/\",\"url\":\"https:\/\/apuntesdesanluis.com\/index.php\/2025\/03\/11\/en-dos-dias-movilizaron-91-vagones-cargados-desde-la-zal\/\",\"name\":\"EN DOS D\u00cdAS MOVILIZARON 91 VAGONES CARGADOS DESDE LA ZAL - Apuntes de San Luis\",\"isPartOf\":{\"@id\":\"https:\/\/apuntesdesanluis.com\/#website\"},\"primaryImageOfPage\":{\"@id\":\"https:\/\/apuntesdesanluis.com\/index.php\/2025\/03\/11\/en-dos-dias-movilizaron-91-vagones-cargados-desde-la-zal\/#primaryimage\"},\"image\":{\"@id\":\"https:\/\/apuntesdesanluis.com\/index.php\/2025\/03\/11\/en-dos-dias-movilizaron-91-vagones-cargados-desde-la-zal\/#primaryimage\"},\"thumbnailUrl\":\"https:\/\/apuntesdesanluis.com\/wp-content\/uploads\/2025\/03\/TRENES-DE-LA-ZAL.png\",\"datePublished\":\"2025-03-11T19:24:25+00:00\",\"breadcrumb\":{\"@id\":\"https:\/\/apuntesdesanluis.com\/index.php\/2025\/03\/11\/en-dos-dias-movilizaron-91-vagones-cargados-desde-la-zal\/#breadcrumb\"},\"inLanguage\":\"es-AR\",\"potentialAction\":[{\"@type\":\"ReadAction\",\"target\":[\"https:\/\/apuntesdesanluis.com\/index.php\/2025\/03\/11\/en-dos-dias-movilizaron-91-vagones-cargados-desde-la-zal\/\"]}]},{\"@type\":\"ImageObject\",\"inLanguage\":\"es-AR\",\"@id\":\"https:\/\/apuntesdesanluis.com\/index.php\/2025\/03\/11\/en-dos-dias-movilizaron-91-vagones-cargados-desde-la-zal\/#primaryimage\",\"url\":\"https:\/\/apuntesdesanluis.com\/wp-content\/uploads\/2025\/03\/TRENES-DE-LA-ZAL.png\",\"contentUrl\":\"https:\/\/apuntesdesanluis.com\/wp-content\/uploads\/2025\/03\/TRENES-DE-LA-ZAL.png\",\"width\":741,\"height\":484},{\"@type\":\"BreadcrumbList\",\"@id\":\"https:\/\/apuntesdesanluis.com\/index.php\/2025\/03\/11\/en-dos-dias-movilizaron-91-vagones-cargados-desde-la-zal\/#breadcrumb\",\"itemListElement\":[{\"@type\":\"ListItem\",\"position\":1,\"name\":\"Inicio\",\"item\":\"https:\/\/apuntesdesanluis.com\/\"},{\"@type\":\"ListItem\",\"position\":2,\"name\":\"EN DOS D\u00cdAS MOVILIZARON 91 VAGONES CARGADOS DESDE LA ZAL\"}]},{\"@type\":\"WebSite\",\"@id\":\"https:\/\/apuntesdesanluis.com\/#website\",\"url\":\"https:\/\/apuntesdesanluis.com\/\",\"name\":\"Apuntes de San Luis\",\"description\":\"\",\"publisher\":{\"@id\":\"https:\/\/apuntesdesanluis.com\/#\/schema\/person\/b55151d52296fcce64d1a72538a70b90\"},\"potentialAction\":[{\"@type\":\"SearchAction\",\"target\":{\"@type\":\"EntryPoint\",\"urlTemplate\":\"https:\/\/apuntesdesanluis.com\/?s={search_term_string}\"},\"query-input\":{\"@type\":\"PropertyValueSpecification\",\"valueRequired\":true,\"valueName\":\"search_term_string\"}}],\"inLanguage\":\"es-AR\"},{\"@type\":[\"Person\",\"Organization\"],\"@id\":\"https:\/\/apuntesdesanluis.com\/#\/schema\/person\/b55151d52296fcce64d1a72538a70b90\",\"name\":\"apuntesdesanluis.com\",\"image\":{\"@type\":\"ImageObject\",\"inLanguage\":\"es-AR\",\"@id\":\"https:\/\/apuntesdesanluis.com\/#\/schema\/person\/image\/\",\"url\":\"https:\/\/apuntesdesanluis.com\/wp-content\/uploads\/2023\/07\/cropped-apuntesdesanluis.png\",\"contentUrl\":\"https:\/\/apuntesdesanluis.com\/wp-content\/uploads\/2023\/07\/cropped-apuntesdesanluis.png\",\"width\":450,\"height\":112,\"caption\":\"apuntesdesanluis.com\"},\"logo\":{\"@id\":\"https:\/\/apuntesdesanluis.com\/#\/schema\/person\/image\/\"},\"sameAs\":[\"https:\/\/apuntesdesanluis.com\"],\"url\":\"https:\/\/apuntesdesanluis.com\/index.php\/author\/apuntesdesanluis-com\/\"}]}<\/script>\n<!-- \/ Yoast SEO plugin. -->","yoast_head_json":{"title":"EN DOS D\u00cdAS MOVILIZARON 91 VAGONES CARGADOS DESDE LA ZAL - Apuntes de San Luis","robots":{"index":"index","follow":"follow","max-snippet":"max-snippet:-1","max-image-preview":"max-image-preview:large","max-video-preview":"max-video-preview:-1"},"canonical":"https:\/\/apuntesdesanluis.com\/index.php\/2025\/03\/11\/en-dos-dias-movilizaron-91-vagones-cargados-desde-la-zal\/","og_locale":"es_ES","og_type":"article","og_title":"EN DOS D\u00cdAS MOVILIZARON 91 VAGONES CARGADOS DESDE LA ZAL - Apuntes de San Luis","og_description":"Este martes, la subdirectora de Nuevos Mercados de la Secretar\u00eda de Actividades Log\u00edsticas, Valeria Ferrari,...","og_url":"https:\/\/apuntesdesanluis.com\/index.php\/2025\/03\/11\/en-dos-dias-movilizaron-91-vagones-cargados-desde-la-zal\/","og_site_name":"Apuntes de San Luis","article_published_time":"2025-03-11T19:24:25+00:00","og_image":[{"width":741,"height":484,"url":"https:\/\/apuntesdesanluis.com\/wp-content\/uploads\/2025\/03\/TRENES-DE-LA-ZAL.png","type":"image\/png"}],"author":"apuntesdesanluis.com","twitter_card":"summary_large_image","twitter_misc":{"Escrito por":"apuntesdesanluis.com","Tiempo de lectura":"2 minutos"},"schema":{"@context":"https:\/\/schema.org","@graph":[{"@type":"Article","@id":"https:\/\/apuntesdesanluis.com\/index.php\/2025\/03\/11\/en-dos-dias-movilizaron-91-vagones-cargados-desde-la-zal\/#article","isPartOf":{"@id":"https:\/\/apuntesdesanluis.com\/index.php\/2025\/03\/11\/en-dos-dias-movilizaron-91-vagones-cargados-desde-la-zal\/"},"author":{"name":"apuntesdesanluis.com","@id":"https:\/\/apuntesdesanluis.com\/#\/schema\/person\/b55151d52296fcce64d1a72538a70b90"},"headline":"EN DOS D\u00cdAS MOVILIZARON 91 VAGONES CARGADOS DESDE LA ZAL","datePublished":"2025-03-11T19:24:25+00:00","mainEntityOfPage":{"@id":"https:\/\/apuntesdesanluis.com\/index.php\/2025\/03\/11\/en-dos-dias-movilizaron-91-vagones-cargados-desde-la-zal\/"},"wordCount":345,"publisher":{"@id":"https:\/\/apuntesdesanluis.com\/#\/schema\/person\/b55151d52296fcce64d1a72538a70b90"},"image":{"@id":"https:\/\/apuntesdesanluis.com\/index.php\/2025\/03\/11\/en-dos-dias-movilizaron-91-vagones-cargados-desde-la-zal\/#primaryimage"},"thumbnailUrl":"https:\/\/apuntesdesanluis.com\/wp-content\/uploads\/2025\/03\/TRENES-DE-LA-ZAL.png","articleSection":["Ciudad\/Provincia"],"inLanguage":"es-AR"},{"@type":"WebPage","@id":"https:\/\/apuntesdesanluis.com\/index.php\/2025\/03\/11\/en-dos-dias-movilizaron-91-vagones-cargados-desde-la-zal\/","url":"https:\/\/apuntesdesanluis.com\/index.php\/2025\/03\/11\/en-dos-dias-movilizaron-91-vagones-cargados-desde-la-zal\/","name":"EN DOS D\u00cdAS MOVILIZARON 91 VAGONES CARGADOS DESDE LA ZAL - Apuntes de San Luis","isPartOf":{"@id":"https:\/\/apuntesdesanluis.com\/#website"},"primaryImageOfPage":{"@id":"https:\/\/apuntesdesanluis.com\/index.php\/2025\/03\/11\/en-dos-dias-movilizaron-91-vagones-cargados-desde-la-zal\/#primaryimage"},"image":{"@id":"https:\/\/apuntesdesanluis.com\/index.php\/2025\/03\/11\/en-dos-dias-movilizaron-91-vagones-cargados-desde-la-zal\/#primaryimage"},"thumbnailUrl":"https:\/\/apuntesdesanluis.com\/wp-content\/uploads\/2025\/03\/TRENES-DE-LA-ZAL.png","datePublished":"2025-03-11T19:24:25+00:00","breadcrumb":{"@id":"https:\/\/apuntesdesanluis.com\/index.php\/2025\/03\/11\/en-dos-dias-movilizaron-91-vagones-cargados-desde-la-zal\/#breadcrumb"},"inLanguage":"es-AR","potentialAction":[{"@type":"ReadAction","target":["https:\/\/apuntesdesanluis.com\/index.php\/2025\/03\/11\/en-dos-dias-movilizaron-91-vagones-cargados-desde-la-zal\/"]}]},{"@type":"ImageObject","inLanguage":"es-AR","@id":"https:\/\/apuntesdesanluis.com\/index.php\/2025\/03\/11\/en-dos-dias-movilizaron-91-vagones-cargados-desde-la-zal\/#primaryimage","url":"https:\/\/apuntesdesanluis.com\/wp-content\/uploads\/2025\/03\/TRENES-DE-LA-ZAL.png","contentUrl":"https:\/\/apuntesdesanluis.com\/wp-content\/uploads\/2025\/03\/TRENES-DE-LA-ZAL.png","width":741,"height":484},{"@type":"BreadcrumbList","@id":"https:\/\/apuntesdesanluis.com\/index.php\/2025\/03\/11\/en-dos-dias-movilizaron-91-vagones-cargados-desde-la-zal\/#breadcrumb","itemListElement":[{"@type":"ListItem","position":1,"name":"Inicio","item":"https:\/\/apuntesdesanluis.com\/"},{"@type":"ListItem","position":2,"name":"EN DOS D\u00cdAS MOVILIZARON 91 VAGONES CARGADOS DESDE LA ZAL"}]},{"@type":"WebSite","@id":"https:\/\/apuntesdesanluis.com\/#website","url":"https:\/\/apuntesdesanluis.com\/","name":"Apuntes de San Luis","description":"","publisher":{"@id":"https:\/\/apuntesdesanluis.com\/#\/schema\/person\/b55151d52296fcce64d1a72538a70b90"},"potentialAction":[{"@type":"SearchAction","target":{"@type":"EntryPoint","urlTemplate":"https:\/\/apuntesdesanluis.com\/?s={search_term_string}"},"query-input":{"@type":"PropertyValueSpecification","valueRequired":true,"valueName":"search_term_string"}}],"inLanguage":"es-AR"},{"@type":["Person","Organization"],"@id":"https:\/\/apuntesdesanluis.com\/#\/schema\/person\/b55151d52296fcce64d1a72538a70b90","name":"apuntesdesanluis.com","image":{"@type":"ImageObject","inLanguage":"es-AR","@id":"https:\/\/apuntesdesanluis.com\/#\/schema\/person\/image\/","url":"https:\/\/apuntesdesanluis.com\/wp-content\/uploads\/2023\/07\/cropped-apuntesdesanluis.png","contentUrl":"https:\/\/apuntesdesanluis.com\/wp-content\/uploads\/2023\/07\/cropped-apuntesdesanluis.png","width":450,"height":112,"caption":"apuntesdesanluis.com"},"logo":{"@id":"https:\/\/apuntesdesanluis.com\/#\/schema\/person\/image\/"},"sameAs":["https:\/\/apuntesdesanluis.com"],"url":"https:\/\/apuntesdesanluis.com\/index.php\/author\/apuntesdesanluis-com\/"}]}},"featured_image_urls":{"full":["https:\/\/apuntesdesanluis.com\/wp-content\/uploads\/2025\/03\/TRENES-DE-LA-ZAL.png",741,484,false],"thumbnail":["https:\/\/apuntesdesanluis.com\/wp-content\/uploads\/2025\/03\/TRENES-DE-LA-ZAL-150x150.png",150,150,true],"medium":["https:\/\/apuntesdesanluis.com\/wp-content\/uploads\/2025\/03\/TRENES-DE-LA-ZAL-300x196.png",300,196,true],"medium_large":["https:\/\/apuntesdesanluis.com\/wp-content\/uploads\/2025\/03\/TRENES-DE-LA-ZAL.png",640,418,false],"large":["https:\/\/apuntesdesanluis.com\/wp-content\/uploads\/2025\/03\/TRENES-DE-LA-ZAL.png",640,418,false],"1536x1536":["https:\/\/apuntesdesanluis.com\/wp-content\/uploads\/2025\/03\/TRENES-DE-LA-ZAL.png",741,484,false],"2048x2048":["https:\/\/apuntesdesanluis.com\/wp-content\/uploads\/2025\/03\/TRENES-DE-LA-ZAL.png",741,484,false],"newsever-slider-full":["https:\/\/apuntesdesanluis.com\/wp-content\/uploads\/2025\/03\/TRENES-DE-LA-ZAL.png",741,484,false],"newsever-featured":["https:\/\/apuntesdesanluis.com\/wp-content\/uploads\/2025\/03\/TRENES-DE-LA-ZAL.png",741,484,false],"newsever-medium":["https:\/\/apuntesdesanluis.com\/wp-content\/uploads\/2025\/03\/TRENES-DE-LA-ZAL-720x475.png",720,475,true]},"author_info":{"display_name":"apuntesdesanluis.com","author_link":"https:\/\/apuntesdesanluis.com\/index.php\/author\/apuntesdesanluis-com\/"},"category_info":"<a href=\"https:\/\/apuntesdesanluis.com\/index.php\/category\/ciudad-provincia\/\" rel=\"category tag\">Ciudad\/Provincia<\/a>","tag_info":"Ciudad\/Provincia","comment_count":"0","_links":{"self":[{"href":"https:\/\/apuntesdesanluis.com\/index.php\/wp-json\/wp\/v2\/posts\/30332","targetHints":{"allow":["GET"]}}],"collection":[{"href":"https:\/\/apuntesdesanluis.com\/index.php\/wp-json\/wp\/v2\/posts"}],"about":[{"href":"https:\/\/apuntesdesanluis.com\/index.php\/wp-json\/wp\/v2\/types\/post"}],"author":[{"embeddable":true,"href":"https:\/\/apuntesdesanluis.com\/index.php\/wp-json\/wp\/v2\/users\/1"}],"replies":[{"embeddable":true,"href":"https:\/\/apuntesdesanluis.com\/index.php\/wp-json\/wp\/v2\/comments?post=30332"}],"version-history":[{"count":1,"href":"https:\/\/apuntesdesanluis.com\/index.php\/wp-json\/wp\/v2\/posts\/30332\/revisions"}],"predecessor-version":[{"id":30334,"href":"https:\/\/apuntesdesanluis.com\/index.php\/wp-json\/wp\/v2\/posts\/30332\/revisions\/30334"}],"wp:featuredmedia":[{"embeddable":true,"href":"https:\/\/apuntesdesanluis.com\/index.php\/wp-json\/wp\/v2\/media\/30333"}],"wp:attachment":[{"href":"https:\/\/apuntesdesanluis.com\/index.php\/wp-json\/wp\/v2\/media?parent=30332"}],"wp:term":[{"taxonomy":"category","embeddable":true,"href":"https:\/\/apuntesdesanluis.com\/index.php\/wp-json\/wp\/v2\/categories?post=30332"},{"taxonomy":"post_tag","embeddable":true,"href":"https:\/\/apuntesdesanluis.com\/index.php\/wp-json\/wp\/v2\/tags?post=30332"}],"curies":[{"name":"wp","href":"https:\/\/api.w.org\/{rel}","templated":true}]}}