{"id":30335,"date":"2025-03-11T16:37:14","date_gmt":"2025-03-11T19:37:14","guid":{"rendered":"https:\/\/apuntesdesanluis.com\/?p=30335"},"modified":"2025-03-11T16:37:14","modified_gmt":"2025-03-11T19:37:14","slug":"imputaron-por-homicidio-culposo-agravado-al-camionero-que-atropello-y-mato-a-una-joven","status":"publish","type":"post","link":"https:\/\/apuntesdesanluis.com\/index.php\/2025\/03\/11\/imputaron-por-homicidio-culposo-agravado-al-camionero-que-atropello-y-mato-a-una-joven\/","title":{"rendered":"IMPUTARON POR HOMICIDIO CULPOSO AGRAVADO AL CAMIONERO QUE ATROPELL\u00d3 Y MAT\u00d3 A UNA JOVEN"},"content":{"rendered":"<h3>Por el hecho en el que falleci\u00f3 <strong>Laura Oviedo<\/strong> de 19 a\u00f1os, cuando fue embestida por un cami\u00f3n en octubre del 2024.<\/h3>\n<h3>El Ministerio P\u00fablico Fiscal formul\u00f3 cargos a un hombre por el delito de homicidio culposo agravado por darse a la fuga por un hecho ocurrido el pasado 19 de octubre de 2024 en el Km 709 de la autopista de las Serran\u00edas Puntanas en cercan\u00edas al ingreso de Liborio Luna.<\/h3>\n<h3>En esa oportunidad, el hombre manejaba un cami\u00f3n marca Mercedes Benz con semi remolque, al pasar por el Km 709 de las Serran\u00edas Puntanas impact\u00f3 con la parte frontal derecha y embisti\u00f3 a la v\u00edctima quien se encontraba parada en el costado de la banquina acomodando un bolso que llevaba en una moto. Laura viajaba con su madre a la ciudad de San Luis.<\/h3>\n<h3>El conductor no fren\u00f3 en el lugar del hecho, continu\u00f3 su marcha. El Fiscal explic\u00f3 que fundamentalmente es necesario comprender que hubo negligencia e imprudencia, que se requiere tener conocimientos espec\u00edficos y se debe tener un deber de cuidado.<\/h3>\n<h3>Describi\u00f3 que se realiz\u00f3 una inspecci\u00f3n ocular en la cual se determin\u00f3 que el lugar del hecho es una parte recta, no hay deformaci\u00f3n de la carpeta asf\u00e1ltica y existe luz artificial. Lo que implica que si bien fue a la noche la visi\u00f3n era id\u00f3nea y se puede apreciar con distancia la existencia de una persona y una motocicleta, aclar\u00f3 Fiscal\u00eda.<\/h3>\n<h3>Mencion\u00f3 las evidencias recolectadas, declaraci\u00f3n de la mam\u00e1 de la v\u00edctima, la pericia accidentol\u00f3gica (impacto, recorrido cami\u00f3n, velocidad), de la que result\u00f3 que no hubo rastros de frenadas o intenci\u00f3n de esquivar, testimoniales, entrevistas, etc.<\/h3>\n<h3>Por otra parte, la Fiscal adjunta describi\u00f3 todo el recorrido que realiz\u00f3 el cami\u00f3n despu\u00e9s del impacto, dijo que avanz\u00f3\u00a0 5000\u00a0 metros aproximadamente y retorn\u00f3 por la autopista volviendo a pasar por el lugar del accidente, luego esper\u00f3 en una estaci\u00f3n de servicio por unas horas y\u00a0 continu\u00f3 su viaje hasta que lleg\u00f3 al lugar donde entreg\u00f3 el cami\u00f3n, evitando controles policiales.<\/h3>\n<h3>Por su parte, las representantes de la Querella adhirieron a la formulaci\u00f3n de cargos de la Fiscal\u00eda. Manifestaron que el imputado fue imprudente, que abandonaron a Laura y a su mam\u00e1, que no le import\u00f3 la vida, que hubo desinter\u00e9s por brindar auxilio, que eludi\u00f3 la justicia y los controles policiales.<\/h3>\n<p><img fetchpriority=\"high\" decoding=\"async\" class=\"wp-image-30337 aligncenter\" src=\"https:\/\/apuntesdesanluis.com\/wp-content\/uploads\/2025\/03\/JUEZ-300x212.png\" alt=\"\" width=\"692\" height=\"489\" srcset=\"https:\/\/apuntesdesanluis.com\/wp-content\/uploads\/2025\/03\/JUEZ-300x212.png 300w, https:\/\/apuntesdesanluis.com\/wp-content\/uploads\/2025\/03\/JUEZ.png 632w\" sizes=\"(max-width: 692px) 100vw, 692px\" \/><\/p>\n<h3>La Defensa, no se opuso a la formulaci\u00f3n de cargos, sin embargo solicit\u00f3 que no se aplique el agravante en esta etapa del proceso ya que su defendido no ten\u00eda conocimiento de que hab\u00eda tenido un siniestro con una persona hasta que se lo inform\u00f3 su jefe y se puso a disposici\u00f3n de la justicia. Agreg\u00f3 que el imputado regres\u00f3 para ver lo que hab\u00eda sucedido y no advirti\u00f3 otra circunstancia y esper\u00f3 unas horas, y que si evit\u00f3 controles fue porque recomendaci\u00f3n de su superior para que no le secuestraran el cami\u00f3n por la \u00f3ptica rota.<\/h3>\n<h3>La Fiscal\u00eda, en relaci\u00f3n a dicho planteo, manifest\u00f3 que esta audiencia es un anoticiamiento de lo que se est\u00e1 investigando, que lo del agravante se deber\u00e1 discutir en un juicio oral.<\/h3>\n<h3>Luego de la exposici\u00f3n de las partes, el Dr. Matias Farinazzo Tempestini consider\u00f3 que la naturaleza de la audiencia es dar a conocer porque delito se lo est\u00e1 investigando y teniendo en cuenta la etapa de la investigaci\u00f3n penal preparatoria en la que se encuentran, rechaz\u00f3 lo planteado por la defensa. Adem\u00e1s hizo lugar a la formulaci\u00f3n de cargos.<\/h3>\n<h3>Cabe mencionar que la causa continuar\u00e1 en investigaci\u00f3n hasta el control de acusaci\u00f3n.<\/h3>\n<h3>En representaci\u00f3n del Ministerio P\u00fablico Fiscal intervinieron los Dres. Maximiliano Bazla, Cecilia Framini y Romina Ustares. Como Querellantes, las Dras. Gabriela Ver\u00f3n y Micaela Rodr\u00edguez. Como Defensor del imputado, intervino el Dr. Pascual Celdr\u00e1n. Como Secretaria del Juzgado, la Dra. Soledad Fern\u00e1ndez.<\/h3>\n<h3><\/h3>\n<h3><\/h3>\n<h3><\/h3>\n","protected":false},"excerpt":{"rendered":"<p>Por el hecho en el que falleci\u00f3 Laura Oviedo de 19 a\u00f1os, cuando fue embestida&#8230;<\/p>\n","protected":false},"author":1,"featured_media":30336,"comment_status":"closed","ping_status":"closed","sticky":false,"template":"","format":"standard","meta":{"footnotes":""},"categories":[6],"tags":[],"class_list":["post-30335","post","type-post","status-publish","format-standard","has-post-thumbnail","hentry","category-ciudad-provincia"],"yoast_head":"<!-- This site is optimized with the Yoast SEO plugin v26.1.1 - https:\/\/yoast.com\/wordpress\/plugins\/seo\/ -->\n<title>IMPUTARON POR HOMICIDIO CULPOSO AGRAVADO AL CAMIONERO QUE ATROPELL\u00d3 Y MAT\u00d3 A UNA JOVEN - Apuntes de San Luis<\/title>\n<meta name=\"robots\" content=\"index, follow, max-snippet:-1, max-image-preview:large, max-video-preview:-1\" \/>\n<link rel=\"canonical\" href=\"https:\/\/apuntesdesanluis.com\/index.php\/2025\/03\/11\/imputaron-por-homicidio-culposo-agravado-al-camionero-que-atropello-y-mato-a-una-joven\/\" \/>\n<meta property=\"og:locale\" content=\"es_ES\" \/>\n<meta property=\"og:type\" content=\"article\" \/>\n<meta property=\"og:title\" content=\"IMPUTARON POR HOMICIDIO CULPOSO AGRAVADO AL CAMIONERO QUE ATROPELL\u00d3 Y MAT\u00d3 A UNA JOVEN - Apuntes de San Luis\" \/>\n<meta property=\"og:description\" content=\"Por el hecho en el que falleci\u00f3 Laura Oviedo de 19 a\u00f1os, cuando fue embestida...\" \/>\n<meta property=\"og:url\" content=\"https:\/\/apuntesdesanluis.com\/index.php\/2025\/03\/11\/imputaron-por-homicidio-culposo-agravado-al-camionero-que-atropello-y-mato-a-una-joven\/\" \/>\n<meta property=\"og:site_name\" content=\"Apuntes de San Luis\" \/>\n<meta property=\"article:published_time\" content=\"2025-03-11T19:37:14+00:00\" \/>\n<meta property=\"og:image\" content=\"https:\/\/apuntesdesanluis.com\/wp-content\/uploads\/2025\/03\/JUICIO-DEL-CAMIONERO.png\" \/>\n\t<meta property=\"og:image:width\" content=\"655\" \/>\n\t<meta property=\"og:image:height\" content=\"486\" \/>\n\t<meta property=\"og:image:type\" content=\"image\/png\" \/>\n<meta name=\"author\" content=\"apuntesdesanluis.com\" \/>\n<meta name=\"twitter:card\" content=\"summary_large_image\" \/>\n<meta name=\"twitter:label1\" content=\"Escrito por\" \/>\n\t<meta name=\"twitter:data1\" content=\"apuntesdesanluis.com\" \/>\n\t<meta name=\"twitter:label2\" content=\"Tiempo de lectura\" \/>\n\t<meta name=\"twitter:data2\" content=\"4 minutos\" \/>\n<script type=\"application\/ld+json\" class=\"yoast-schema-graph\">{\"@context\":\"https:\/\/schema.org\",\"@graph\":[{\"@type\":\"Article\",\"@id\":\"https:\/\/apuntesdesanluis.com\/index.php\/2025\/03\/11\/imputaron-por-homicidio-culposo-agravado-al-camionero-que-atropello-y-mato-a-una-joven\/#article\",\"isPartOf\":{\"@id\":\"https:\/\/apuntesdesanluis.com\/index.php\/2025\/03\/11\/imputaron-por-homicidio-culposo-agravado-al-camionero-que-atropello-y-mato-a-una-joven\/\"},\"author\":{\"name\":\"apuntesdesanluis.com\",\"@id\":\"https:\/\/apuntesdesanluis.com\/#\/schema\/person\/b55151d52296fcce64d1a72538a70b90\"},\"headline\":\"IMPUTARON POR HOMICIDIO CULPOSO AGRAVADO AL CAMIONERO QUE ATROPELL\u00d3 Y MAT\u00d3 A UNA JOVEN\",\"datePublished\":\"2025-03-11T19:37:14+00:00\",\"mainEntityOfPage\":{\"@id\":\"https:\/\/apuntesdesanluis.com\/index.php\/2025\/03\/11\/imputaron-por-homicidio-culposo-agravado-al-camionero-que-atropello-y-mato-a-una-joven\/\"},\"wordCount\":682,\"publisher\":{\"@id\":\"https:\/\/apuntesdesanluis.com\/#\/schema\/person\/b55151d52296fcce64d1a72538a70b90\"},\"image\":{\"@id\":\"https:\/\/apuntesdesanluis.com\/index.php\/2025\/03\/11\/imputaron-por-homicidio-culposo-agravado-al-camionero-que-atropello-y-mato-a-una-joven\/#primaryimage\"},\"thumbnailUrl\":\"https:\/\/apuntesdesanluis.com\/wp-content\/uploads\/2025\/03\/JUICIO-DEL-CAMIONERO.png\",\"articleSection\":[\"Ciudad\/Provincia\"],\"inLanguage\":\"es-AR\"},{\"@type\":\"WebPage\",\"@id\":\"https:\/\/apuntesdesanluis.com\/index.php\/2025\/03\/11\/imputaron-por-homicidio-culposo-agravado-al-camionero-que-atropello-y-mato-a-una-joven\/\",\"url\":\"https:\/\/apuntesdesanluis.com\/index.php\/2025\/03\/11\/imputaron-por-homicidio-culposo-agravado-al-camionero-que-atropello-y-mato-a-una-joven\/\",\"name\":\"IMPUTARON POR HOMICIDIO CULPOSO AGRAVADO AL CAMIONERO QUE ATROPELL\u00d3 Y MAT\u00d3 A UNA JOVEN - Apuntes de San Luis\",\"isPartOf\":{\"@id\":\"https:\/\/apuntesdesanluis.com\/#website\"},\"primaryImageOfPage\":{\"@id\":\"https:\/\/apuntesdesanluis.com\/index.php\/2025\/03\/11\/imputaron-por-homicidio-culposo-agravado-al-camionero-que-atropello-y-mato-a-una-joven\/#primaryimage\"},\"image\":{\"@id\":\"https:\/\/apuntesdesanluis.com\/index.php\/2025\/03\/11\/imputaron-por-homicidio-culposo-agravado-al-camionero-que-atropello-y-mato-a-una-joven\/#primaryimage\"},\"thumbnailUrl\":\"https:\/\/apuntesdesanluis.com\/wp-content\/uploads\/2025\/03\/JUICIO-DEL-CAMIONERO.png\",\"datePublished\":\"2025-03-11T19:37:14+00:00\",\"breadcrumb\":{\"@id\":\"https:\/\/apuntesdesanluis.com\/index.php\/2025\/03\/11\/imputaron-por-homicidio-culposo-agravado-al-camionero-que-atropello-y-mato-a-una-joven\/#breadcrumb\"},\"inLanguage\":\"es-AR\",\"potentialAction\":[{\"@type\":\"ReadAction\",\"target\":[\"https:\/\/apuntesdesanluis.com\/index.php\/2025\/03\/11\/imputaron-por-homicidio-culposo-agravado-al-camionero-que-atropello-y-mato-a-una-joven\/\"]}]},{\"@type\":\"ImageObject\",\"inLanguage\":\"es-AR\",\"@id\":\"https:\/\/apuntesdesanluis.com\/index.php\/2025\/03\/11\/imputaron-por-homicidio-culposo-agravado-al-camionero-que-atropello-y-mato-a-una-joven\/#primaryimage\",\"url\":\"https:\/\/apuntesdesanluis.com\/wp-content\/uploads\/2025\/03\/JUICIO-DEL-CAMIONERO.png\",\"contentUrl\":\"https:\/\/apuntesdesanluis.com\/wp-content\/uploads\/2025\/03\/JUICIO-DEL-CAMIONERO.png\",\"width\":655,\"height\":486},{\"@type\":\"BreadcrumbList\",\"@id\":\"https:\/\/apuntesdesanluis.com\/index.php\/2025\/03\/11\/imputaron-por-homicidio-culposo-agravado-al-camionero-que-atropello-y-mato-a-una-joven\/#breadcrumb\",\"itemListElement\":[{\"@type\":\"ListItem\",\"position\":1,\"name\":\"Inicio\",\"item\":\"https:\/\/apuntesdesanluis.com\/\"},{\"@type\":\"ListItem\",\"position\":2,\"name\":\"IMPUTARON POR HOMICIDIO CULPOSO AGRAVADO AL CAMIONERO QUE ATROPELL\u00d3 Y MAT\u00d3 A UNA JOVEN\"}]},{\"@type\":\"WebSite\",\"@id\":\"https:\/\/apuntesdesanluis.com\/#website\",\"url\":\"https:\/\/apuntesdesanluis.com\/\",\"name\":\"Apuntes de San Luis\",\"description\":\"\",\"publisher\":{\"@id\":\"https:\/\/apuntesdesanluis.com\/#\/schema\/person\/b55151d52296fcce64d1a72538a70b90\"},\"potentialAction\":[{\"@type\":\"SearchAction\",\"target\":{\"@type\":\"EntryPoint\",\"urlTemplate\":\"https:\/\/apuntesdesanluis.com\/?s={search_term_string}\"},\"query-input\":{\"@type\":\"PropertyValueSpecification\",\"valueRequired\":true,\"valueName\":\"search_term_string\"}}],\"inLanguage\":\"es-AR\"},{\"@type\":[\"Person\",\"Organization\"],\"@id\":\"https:\/\/apuntesdesanluis.com\/#\/schema\/person\/b55151d52296fcce64d1a72538a70b90\",\"name\":\"apuntesdesanluis.com\",\"image\":{\"@type\":\"ImageObject\",\"inLanguage\":\"es-AR\",\"@id\":\"https:\/\/apuntesdesanluis.com\/#\/schema\/person\/image\/\",\"url\":\"https:\/\/apuntesdesanluis.com\/wp-content\/uploads\/2023\/07\/cropped-apuntesdesanluis.png\",\"contentUrl\":\"https:\/\/apuntesdesanluis.com\/wp-content\/uploads\/2023\/07\/cropped-apuntesdesanluis.png\",\"width\":450,\"height\":112,\"caption\":\"apuntesdesanluis.com\"},\"logo\":{\"@id\":\"https:\/\/apuntesdesanluis.com\/#\/schema\/person\/image\/\"},\"sameAs\":[\"https:\/\/apuntesdesanluis.com\"],\"url\":\"https:\/\/apuntesdesanluis.com\/index.php\/author\/apuntesdesanluis-com\/\"}]}<\/script>\n<!-- \/ Yoast SEO plugin. -->","yoast_head_json":{"title":"IMPUTARON POR HOMICIDIO CULPOSO AGRAVADO AL CAMIONERO QUE ATROPELL\u00d3 Y MAT\u00d3 A UNA JOVEN - Apuntes de San Luis","robots":{"index":"index","follow":"follow","max-snippet":"max-snippet:-1","max-image-preview":"max-image-preview:large","max-video-preview":"max-video-preview:-1"},"canonical":"https:\/\/apuntesdesanluis.com\/index.php\/2025\/03\/11\/imputaron-por-homicidio-culposo-agravado-al-camionero-que-atropello-y-mato-a-una-joven\/","og_locale":"es_ES","og_type":"article","og_title":"IMPUTARON POR HOMICIDIO CULPOSO AGRAVADO AL CAMIONERO QUE ATROPELL\u00d3 Y MAT\u00d3 A UNA JOVEN - Apuntes de San Luis","og_description":"Por el hecho en el que falleci\u00f3 Laura Oviedo de 19 a\u00f1os, cuando fue embestida...","og_url":"https:\/\/apuntesdesanluis.com\/index.php\/2025\/03\/11\/imputaron-por-homicidio-culposo-agravado-al-camionero-que-atropello-y-mato-a-una-joven\/","og_site_name":"Apuntes de San Luis","article_published_time":"2025-03-11T19:37:14+00:00","og_image":[{"width":655,"height":486,"url":"https:\/\/apuntesdesanluis.com\/wp-content\/uploads\/2025\/03\/JUICIO-DEL-CAMIONERO.png","type":"image\/png"}],"author":"apuntesdesanluis.com","twitter_card":"summary_large_image","twitter_misc":{"Escrito por":"apuntesdesanluis.com","Tiempo de lectura":"4 minutos"},"schema":{"@context":"https:\/\/schema.org","@graph":[{"@type":"Article","@id":"https:\/\/apuntesdesanluis.com\/index.php\/2025\/03\/11\/imputaron-por-homicidio-culposo-agravado-al-camionero-que-atropello-y-mato-a-una-joven\/#article","isPartOf":{"@id":"https:\/\/apuntesdesanluis.com\/index.php\/2025\/03\/11\/imputaron-por-homicidio-culposo-agravado-al-camionero-que-atropello-y-mato-a-una-joven\/"},"author":{"name":"apuntesdesanluis.com","@id":"https:\/\/apuntesdesanluis.com\/#\/schema\/person\/b55151d52296fcce64d1a72538a70b90"},"headline":"IMPUTARON POR HOMICIDIO CULPOSO AGRAVADO AL CAMIONERO QUE ATROPELL\u00d3 Y MAT\u00d3 A UNA JOVEN","datePublished":"2025-03-11T19:37:14+00:00","mainEntityOfPage":{"@id":"https:\/\/apuntesdesanluis.com\/index.php\/2025\/03\/11\/imputaron-por-homicidio-culposo-agravado-al-camionero-que-atropello-y-mato-a-una-joven\/"},"wordCount":682,"publisher":{"@id":"https:\/\/apuntesdesanluis.com\/#\/schema\/person\/b55151d52296fcce64d1a72538a70b90"},"image":{"@id":"https:\/\/apuntesdesanluis.com\/index.php\/2025\/03\/11\/imputaron-por-homicidio-culposo-agravado-al-camionero-que-atropello-y-mato-a-una-joven\/#primaryimage"},"thumbnailUrl":"https:\/\/apuntesdesanluis.com\/wp-content\/uploads\/2025\/03\/JUICIO-DEL-CAMIONERO.png","articleSection":["Ciudad\/Provincia"],"inLanguage":"es-AR"},{"@type":"WebPage","@id":"https:\/\/apuntesdesanluis.com\/index.php\/2025\/03\/11\/imputaron-por-homicidio-culposo-agravado-al-camionero-que-atropello-y-mato-a-una-joven\/","url":"https:\/\/apuntesdesanluis.com\/index.php\/2025\/03\/11\/imputaron-por-homicidio-culposo-agravado-al-camionero-que-atropello-y-mato-a-una-joven\/","name":"IMPUTARON POR HOMICIDIO CULPOSO AGRAVADO AL CAMIONERO QUE ATROPELL\u00d3 Y MAT\u00d3 A UNA JOVEN - Apuntes de San Luis","isPartOf":{"@id":"https:\/\/apuntesdesanluis.com\/#website"},"primaryImageOfPage":{"@id":"https:\/\/apuntesdesanluis.com\/index.php\/2025\/03\/11\/imputaron-por-homicidio-culposo-agravado-al-camionero-que-atropello-y-mato-a-una-joven\/#primaryimage"},"image":{"@id":"https:\/\/apuntesdesanluis.com\/index.php\/2025\/03\/11\/imputaron-por-homicidio-culposo-agravado-al-camionero-que-atropello-y-mato-a-una-joven\/#primaryimage"},"thumbnailUrl":"https:\/\/apuntesdesanluis.com\/wp-content\/uploads\/2025\/03\/JUICIO-DEL-CAMIONERO.png","datePublished":"2025-03-11T19:37:14+00:00","breadcrumb":{"@id":"https:\/\/apuntesdesanluis.com\/index.php\/2025\/03\/11\/imputaron-por-homicidio-culposo-agravado-al-camionero-que-atropello-y-mato-a-una-joven\/#breadcrumb"},"inLanguage":"es-AR","potentialAction":[{"@type":"ReadAction","target":["https:\/\/apuntesdesanluis.com\/index.php\/2025\/03\/11\/imputaron-por-homicidio-culposo-agravado-al-camionero-que-atropello-y-mato-a-una-joven\/"]}]},{"@type":"ImageObject","inLanguage":"es-AR","@id":"https:\/\/apuntesdesanluis.com\/index.php\/2025\/03\/11\/imputaron-por-homicidio-culposo-agravado-al-camionero-que-atropello-y-mato-a-una-joven\/#primaryimage","url":"https:\/\/apuntesdesanluis.com\/wp-content\/uploads\/2025\/03\/JUICIO-DEL-CAMIONERO.png","contentUrl":"https:\/\/apuntesdesanluis.com\/wp-content\/uploads\/2025\/03\/JUICIO-DEL-CAMIONERO.png","width":655,"height":486},{"@type":"BreadcrumbList","@id":"https:\/\/apuntesdesanluis.com\/index.php\/2025\/03\/11\/imputaron-por-homicidio-culposo-agravado-al-camionero-que-atropello-y-mato-a-una-joven\/#breadcrumb","itemListElement":[{"@type":"ListItem","position":1,"name":"Inicio","item":"https:\/\/apuntesdesanluis.com\/"},{"@type":"ListItem","position":2,"name":"IMPUTARON POR HOMICIDIO CULPOSO AGRAVADO AL CAMIONERO QUE ATROPELL\u00d3 Y MAT\u00d3 A UNA JOVEN"}]},{"@type":"WebSite","@id":"https:\/\/apuntesdesanluis.com\/#website","url":"https:\/\/apuntesdesanluis.com\/","name":"Apuntes de San Luis","description":"","publisher":{"@id":"https:\/\/apuntesdesanluis.com\/#\/schema\/person\/b55151d52296fcce64d1a72538a70b90"},"potentialAction":[{"@type":"SearchAction","target":{"@type":"EntryPoint","urlTemplate":"https:\/\/apuntesdesanluis.com\/?s={search_term_string}"},"query-input":{"@type":"PropertyValueSpecification","valueRequired":true,"valueName":"search_term_string"}}],"inLanguage":"es-AR"},{"@type":["Person","Organization"],"@id":"https:\/\/apuntesdesanluis.com\/#\/schema\/person\/b55151d52296fcce64d1a72538a70b90","name":"apuntesdesanluis.com","image":{"@type":"ImageObject","inLanguage":"es-AR","@id":"https:\/\/apuntesdesanluis.com\/#\/schema\/person\/image\/","url":"https:\/\/apuntesdesanluis.com\/wp-content\/uploads\/2023\/07\/cropped-apuntesdesanluis.png","contentUrl":"https:\/\/apuntesdesanluis.com\/wp-content\/uploads\/2023\/07\/cropped-apuntesdesanluis.png","width":450,"height":112,"caption":"apuntesdesanluis.com"},"logo":{"@id":"https:\/\/apuntesdesanluis.com\/#\/schema\/person\/image\/"},"sameAs":["https:\/\/apuntesdesanluis.com"],"url":"https:\/\/apuntesdesanluis.com\/index.php\/author\/apuntesdesanluis-com\/"}]}},"featured_image_urls":{"full":["https:\/\/apuntesdesanluis.com\/wp-content\/uploads\/2025\/03\/JUICIO-DEL-CAMIONERO.png",655,486,false],"thumbnail":["https:\/\/apuntesdesanluis.com\/wp-content\/uploads\/2025\/03\/JUICIO-DEL-CAMIONERO-150x150.png",150,150,true],"medium":["https:\/\/apuntesdesanluis.com\/wp-content\/uploads\/2025\/03\/JUICIO-DEL-CAMIONERO-300x223.png",300,223,true],"medium_large":["https:\/\/apuntesdesanluis.com\/wp-content\/uploads\/2025\/03\/JUICIO-DEL-CAMIONERO.png",640,475,false],"large":["https:\/\/apuntesdesanluis.com\/wp-content\/uploads\/2025\/03\/JUICIO-DEL-CAMIONERO.png",640,475,false],"1536x1536":["https:\/\/apuntesdesanluis.com\/wp-content\/uploads\/2025\/03\/JUICIO-DEL-CAMIONERO.png",655,486,false],"2048x2048":["https:\/\/apuntesdesanluis.com\/wp-content\/uploads\/2025\/03\/JUICIO-DEL-CAMIONERO.png",655,486,false],"newsever-slider-full":["https:\/\/apuntesdesanluis.com\/wp-content\/uploads\/2025\/03\/JUICIO-DEL-CAMIONERO.png",655,486,false],"newsever-featured":["https:\/\/apuntesdesanluis.com\/wp-content\/uploads\/2025\/03\/JUICIO-DEL-CAMIONERO.png",655,486,false],"newsever-medium":["https:\/\/apuntesdesanluis.com\/wp-content\/uploads\/2025\/03\/JUICIO-DEL-CAMIONERO-655x475.png",655,475,true]},"author_info":{"display_name":"apuntesdesanluis.com","author_link":"https:\/\/apuntesdesanluis.com\/index.php\/author\/apuntesdesanluis-com\/"},"category_info":"<a href=\"https:\/\/apuntesdesanluis.com\/index.php\/category\/ciudad-provincia\/\" rel=\"category tag\">Ciudad\/Provincia<\/a>","tag_info":"Ciudad\/Provincia","comment_count":"0","_links":{"self":[{"href":"https:\/\/apuntesdesanluis.com\/index.php\/wp-json\/wp\/v2\/posts\/30335","targetHints":{"allow":["GET"]}}],"collection":[{"href":"https:\/\/apuntesdesanluis.com\/index.php\/wp-json\/wp\/v2\/posts"}],"about":[{"href":"https:\/\/apuntesdesanluis.com\/index.php\/wp-json\/wp\/v2\/types\/post"}],"author":[{"embeddable":true,"href":"https:\/\/apuntesdesanluis.com\/index.php\/wp-json\/wp\/v2\/users\/1"}],"replies":[{"embeddable":true,"href":"https:\/\/apuntesdesanluis.com\/index.php\/wp-json\/wp\/v2\/comments?post=30335"}],"version-history":[{"count":1,"href":"https:\/\/apuntesdesanluis.com\/index.php\/wp-json\/wp\/v2\/posts\/30335\/revisions"}],"predecessor-version":[{"id":30338,"href":"https:\/\/apuntesdesanluis.com\/index.php\/wp-json\/wp\/v2\/posts\/30335\/revisions\/30338"}],"wp:featuredmedia":[{"embeddable":true,"href":"https:\/\/apuntesdesanluis.com\/index.php\/wp-json\/wp\/v2\/media\/30336"}],"wp:attachment":[{"href":"https:\/\/apuntesdesanluis.com\/index.php\/wp-json\/wp\/v2\/media?parent=30335"}],"wp:term":[{"taxonomy":"category","embeddable":true,"href":"https:\/\/apuntesdesanluis.com\/index.php\/wp-json\/wp\/v2\/categories?post=30335"},{"taxonomy":"post_tag","embeddable":true,"href":"https:\/\/apuntesdesanluis.com\/index.php\/wp-json\/wp\/v2\/tags?post=30335"}],"curies":[{"name":"wp","href":"https:\/\/api.w.org\/{rel}","templated":true}]}}