{"id":30342,"date":"2025-03-11T17:04:30","date_gmt":"2025-03-11T20:04:30","guid":{"rendered":"https:\/\/apuntesdesanluis.com\/?p=30342"},"modified":"2025-03-11T17:04:30","modified_gmt":"2025-03-11T20:04:30","slug":"instan-a-la-poblacion-a-vacunarse-contra-el-sarampion-por-la-suba-de-casos-a-nivel-nacional","status":"publish","type":"post","link":"https:\/\/apuntesdesanluis.com\/index.php\/2025\/03\/11\/instan-a-la-poblacion-a-vacunarse-contra-el-sarampion-por-la-suba-de-casos-a-nivel-nacional\/","title":{"rendered":"INSTAN A LA POBLACI\u00d3N A VACUNARSE CONTRA EL SARAMPI\u00d3N POR LA SUBA DE CASOS A NIVEL NACIONAL"},"content":{"rendered":"<h3>Desde el 1\u00ba de enero a la fecha, autoridades sanitarias nacionales detectaron ocho casos positivos de sarampi\u00f3n, seis en Capital Federal y otros dos en Provincia de Buenos Aires. Seg\u00fan el seguimiento epidemiol\u00f3gico, el \u2018caso cero\u2019 fue importado desde Rusia por personas que regresaron de un viaje y que luego transmitieron el virus a personas cercanas. Ante la posibilidad de que la enfermedad se propague, desde el ministerio de Salud de San Luis instaron a la poblaci\u00f3n a que vacunen a los chicos en edad escolar a modo de prevenci\u00f3n.<\/h3>\n<h3>En conferencia de prensa, <strong>Maria Esther D\u00b4Angelo<\/strong>, jefa de Inmunizaciones, explic\u00f3 que \u201cel sarampi\u00f3n es una enfermedad infectocontagiosa provocada por un virus que no solamente afecta ni\u00f1os, sino tambi\u00e9n a adultos, y la \u00fanica manera de prevenirla es a trav\u00e9s de la vacunaci\u00f3n, ya que no es una enfermedad que tenga un tratamiento espec\u00edfico\u201d.<\/h3>\n<p><iframe title=\"Maria Esther D\u00b4Angelo, jefa de Inmunizaciones\" width=\"640\" height=\"360\" src=\"https:\/\/www.youtube.com\/embed\/mscbRpSBdfk?feature=oembed\" frameborder=\"0\" allow=\"accelerometer; autoplay; clipboard-write; encrypted-media; gyroscope; picture-in-picture; web-share\" referrerpolicy=\"strict-origin-when-cross-origin\" allowfullscreen><\/iframe><\/p>\n<h3>En Argentina, la vacuna en cuesti\u00f3n es la triple viral, que est\u00e1 agregada en el calendario de vacunaci\u00f3n nacional y es gratuita. Al cumplir su primer a\u00f1o, los ni\u00f1os reciben la primera dosis y la segunda en el ingreso escolar, completando el esquema. Los adultos y los adolescentes que no la hayan recibido tambi\u00e9n pueden acudir a los centros de salud a inmunizarse, con la aclaraci\u00f3n de que \u201ctoda persona nacida antes de 1965 no necesita recibir esta vacuna porque se considera inmune\u201d.<\/h3>\n<h3>D\u00b4Angelo inform\u00f3 que hay 278 casos informados en toda la regi\u00f3n de las Am\u00e9ricas, una cifra cuatro veces mayor a la de 2024. \u201cFundamentalmente los casos est\u00e1n confirmados en Estados Unidos, la mayor\u00eda son personas que no hab\u00edan recibido la vacunaci\u00f3n\u201d, detall\u00f3.<\/h3>\n<h3>La funcionaria record\u00f3 que en este 2025, los ni\u00f1os nacidos en 2014 cumplir\u00e1n 11 a\u00f1os y que deben colocarse las vacunas del calendario. \u201cNo hace falta esperar que cumplan los 11, se pueden vacunar antes en cualquier vacunatorio. Van a recibir las vacunas del calendario, que son para la meningitis por meningococo, para el virus HPV y la vacuna triple bacteriana, que previene, entre otras enfermedades, el t\u00e9tanos. Tenemos disponibilidad de vacunas, se est\u00e1 trabajando tambi\u00e9n con los establecimientos educativos para evaluar la situaci\u00f3n de los alumnos, en cuanto a aquellos que no tengan los esquemas completos, para que los docentes puedan informar a los pap\u00e1s y que los lleven a los centros de salud, o tambi\u00e9n para visitar las escuelas para realizar vacunaci\u00f3n\u201d.<\/h3>\n<h3><strong>SOBRE LA ENFERMEDAD<\/strong><\/h3>\n<h3>El sarampi\u00f3n es provocado por un virus que puede persistir en el ambiente o en las superficies por m\u00e1s de dos horas, por lo que un ni\u00f1o contagiado que acude a la escuela puede propagar la enfermedad a compa\u00f1eros que no est\u00e9n vacunados, especific\u00f3 D\u00b4Angelo. La forma de contagio es a trav\u00e9s de la tos y los estornudos, es decir, por las v\u00edas respiratorias.<\/h3>\n<h3>En la expresi\u00f3n cl\u00e1sica del virus, los s\u00edntomas son fiebre alta, erupci\u00f3n ros\u00e1cea en el cuerpo, o manchas rojas en la piel, conjuntivitis, rinitis, mucosidad y tos. Pero en una forma m\u00e1s desarrollada puede derivar en una neumon\u00eda, en una encefalitis y otras complicaciones con alta mortalidad.<\/h3>\n<h3><\/h3>\n<h3><\/h3>\n<p>&nbsp;<\/p>\n","protected":false},"excerpt":{"rendered":"<p>Desde el 1\u00ba de enero a la fecha, autoridades sanitarias nacionales detectaron ocho casos positivos&#8230;<\/p>\n","protected":false},"author":1,"featured_media":30343,"comment_status":"closed","ping_status":"closed","sticky":false,"template":"","format":"standard","meta":{"footnotes":""},"categories":[6],"tags":[],"class_list":["post-30342","post","type-post","status-publish","format-standard","has-post-thumbnail","hentry","category-ciudad-provincia"],"yoast_head":"<!-- This site is optimized with the Yoast SEO plugin v26.1.1 - https:\/\/yoast.com\/wordpress\/plugins\/seo\/ -->\n<title>INSTAN A LA POBLACI\u00d3N A VACUNARSE CONTRA EL SARAMPI\u00d3N POR LA SUBA DE CASOS A NIVEL NACIONAL - Apuntes de San Luis<\/title>\n<meta name=\"robots\" content=\"index, follow, max-snippet:-1, max-image-preview:large, max-video-preview:-1\" \/>\n<link rel=\"canonical\" href=\"https:\/\/apuntesdesanluis.com\/index.php\/2025\/03\/11\/instan-a-la-poblacion-a-vacunarse-contra-el-sarampion-por-la-suba-de-casos-a-nivel-nacional\/\" \/>\n<meta property=\"og:locale\" content=\"es_ES\" \/>\n<meta property=\"og:type\" content=\"article\" \/>\n<meta property=\"og:title\" content=\"INSTAN A LA POBLACI\u00d3N A VACUNARSE CONTRA EL SARAMPI\u00d3N POR LA SUBA DE CASOS A NIVEL NACIONAL - Apuntes de San Luis\" \/>\n<meta property=\"og:description\" content=\"Desde el 1\u00ba de enero a la fecha, autoridades sanitarias nacionales detectaron ocho casos positivos...\" \/>\n<meta property=\"og:url\" content=\"https:\/\/apuntesdesanluis.com\/index.php\/2025\/03\/11\/instan-a-la-poblacion-a-vacunarse-contra-el-sarampion-por-la-suba-de-casos-a-nivel-nacional\/\" \/>\n<meta property=\"og:site_name\" content=\"Apuntes de San Luis\" \/>\n<meta property=\"article:published_time\" content=\"2025-03-11T20:04:30+00:00\" \/>\n<meta property=\"og:image\" content=\"https:\/\/apuntesdesanluis.com\/wp-content\/uploads\/2025\/03\/sarampion.png\" \/>\n\t<meta property=\"og:image:width\" content=\"663\" \/>\n\t<meta property=\"og:image:height\" content=\"478\" \/>\n\t<meta property=\"og:image:type\" content=\"image\/png\" \/>\n<meta name=\"author\" content=\"apuntesdesanluis.com\" \/>\n<meta name=\"twitter:card\" content=\"summary_large_image\" \/>\n<meta name=\"twitter:label1\" content=\"Escrito por\" \/>\n\t<meta name=\"twitter:data1\" content=\"apuntesdesanluis.com\" \/>\n\t<meta name=\"twitter:label2\" content=\"Tiempo de lectura\" \/>\n\t<meta name=\"twitter:data2\" content=\"3 minutos\" \/>\n<script type=\"application\/ld+json\" class=\"yoast-schema-graph\">{\"@context\":\"https:\/\/schema.org\",\"@graph\":[{\"@type\":\"Article\",\"@id\":\"https:\/\/apuntesdesanluis.com\/index.php\/2025\/03\/11\/instan-a-la-poblacion-a-vacunarse-contra-el-sarampion-por-la-suba-de-casos-a-nivel-nacional\/#article\",\"isPartOf\":{\"@id\":\"https:\/\/apuntesdesanluis.com\/index.php\/2025\/03\/11\/instan-a-la-poblacion-a-vacunarse-contra-el-sarampion-por-la-suba-de-casos-a-nivel-nacional\/\"},\"author\":{\"name\":\"apuntesdesanluis.com\",\"@id\":\"https:\/\/apuntesdesanluis.com\/#\/schema\/person\/b55151d52296fcce64d1a72538a70b90\"},\"headline\":\"INSTAN A LA POBLACI\u00d3N A VACUNARSE CONTRA EL SARAMPI\u00d3N POR LA SUBA DE CASOS A NIVEL NACIONAL\",\"datePublished\":\"2025-03-11T20:04:30+00:00\",\"mainEntityOfPage\":{\"@id\":\"https:\/\/apuntesdesanluis.com\/index.php\/2025\/03\/11\/instan-a-la-poblacion-a-vacunarse-contra-el-sarampion-por-la-suba-de-casos-a-nivel-nacional\/\"},\"wordCount\":574,\"publisher\":{\"@id\":\"https:\/\/apuntesdesanluis.com\/#\/schema\/person\/b55151d52296fcce64d1a72538a70b90\"},\"image\":{\"@id\":\"https:\/\/apuntesdesanluis.com\/index.php\/2025\/03\/11\/instan-a-la-poblacion-a-vacunarse-contra-el-sarampion-por-la-suba-de-casos-a-nivel-nacional\/#primaryimage\"},\"thumbnailUrl\":\"https:\/\/apuntesdesanluis.com\/wp-content\/uploads\/2025\/03\/sarampion.png\",\"articleSection\":[\"Ciudad\/Provincia\"],\"inLanguage\":\"es-AR\"},{\"@type\":\"WebPage\",\"@id\":\"https:\/\/apuntesdesanluis.com\/index.php\/2025\/03\/11\/instan-a-la-poblacion-a-vacunarse-contra-el-sarampion-por-la-suba-de-casos-a-nivel-nacional\/\",\"url\":\"https:\/\/apuntesdesanluis.com\/index.php\/2025\/03\/11\/instan-a-la-poblacion-a-vacunarse-contra-el-sarampion-por-la-suba-de-casos-a-nivel-nacional\/\",\"name\":\"INSTAN A LA POBLACI\u00d3N A VACUNARSE CONTRA EL SARAMPI\u00d3N POR LA SUBA DE CASOS A NIVEL NACIONAL - Apuntes de San Luis\",\"isPartOf\":{\"@id\":\"https:\/\/apuntesdesanluis.com\/#website\"},\"primaryImageOfPage\":{\"@id\":\"https:\/\/apuntesdesanluis.com\/index.php\/2025\/03\/11\/instan-a-la-poblacion-a-vacunarse-contra-el-sarampion-por-la-suba-de-casos-a-nivel-nacional\/#primaryimage\"},\"image\":{\"@id\":\"https:\/\/apuntesdesanluis.com\/index.php\/2025\/03\/11\/instan-a-la-poblacion-a-vacunarse-contra-el-sarampion-por-la-suba-de-casos-a-nivel-nacional\/#primaryimage\"},\"thumbnailUrl\":\"https:\/\/apuntesdesanluis.com\/wp-content\/uploads\/2025\/03\/sarampion.png\",\"datePublished\":\"2025-03-11T20:04:30+00:00\",\"breadcrumb\":{\"@id\":\"https:\/\/apuntesdesanluis.com\/index.php\/2025\/03\/11\/instan-a-la-poblacion-a-vacunarse-contra-el-sarampion-por-la-suba-de-casos-a-nivel-nacional\/#breadcrumb\"},\"inLanguage\":\"es-AR\",\"potentialAction\":[{\"@type\":\"ReadAction\",\"target\":[\"https:\/\/apuntesdesanluis.com\/index.php\/2025\/03\/11\/instan-a-la-poblacion-a-vacunarse-contra-el-sarampion-por-la-suba-de-casos-a-nivel-nacional\/\"]}]},{\"@type\":\"ImageObject\",\"inLanguage\":\"es-AR\",\"@id\":\"https:\/\/apuntesdesanluis.com\/index.php\/2025\/03\/11\/instan-a-la-poblacion-a-vacunarse-contra-el-sarampion-por-la-suba-de-casos-a-nivel-nacional\/#primaryimage\",\"url\":\"https:\/\/apuntesdesanluis.com\/wp-content\/uploads\/2025\/03\/sarampion.png\",\"contentUrl\":\"https:\/\/apuntesdesanluis.com\/wp-content\/uploads\/2025\/03\/sarampion.png\",\"width\":663,\"height\":478},{\"@type\":\"BreadcrumbList\",\"@id\":\"https:\/\/apuntesdesanluis.com\/index.php\/2025\/03\/11\/instan-a-la-poblacion-a-vacunarse-contra-el-sarampion-por-la-suba-de-casos-a-nivel-nacional\/#breadcrumb\",\"itemListElement\":[{\"@type\":\"ListItem\",\"position\":1,\"name\":\"Inicio\",\"item\":\"https:\/\/apuntesdesanluis.com\/\"},{\"@type\":\"ListItem\",\"position\":2,\"name\":\"INSTAN A LA POBLACI\u00d3N A VACUNARSE CONTRA EL SARAMPI\u00d3N POR LA SUBA DE CASOS A NIVEL NACIONAL\"}]},{\"@type\":\"WebSite\",\"@id\":\"https:\/\/apuntesdesanluis.com\/#website\",\"url\":\"https:\/\/apuntesdesanluis.com\/\",\"name\":\"Apuntes de San Luis\",\"description\":\"\",\"publisher\":{\"@id\":\"https:\/\/apuntesdesanluis.com\/#\/schema\/person\/b55151d52296fcce64d1a72538a70b90\"},\"potentialAction\":[{\"@type\":\"SearchAction\",\"target\":{\"@type\":\"EntryPoint\",\"urlTemplate\":\"https:\/\/apuntesdesanluis.com\/?s={search_term_string}\"},\"query-input\":{\"@type\":\"PropertyValueSpecification\",\"valueRequired\":true,\"valueName\":\"search_term_string\"}}],\"inLanguage\":\"es-AR\"},{\"@type\":[\"Person\",\"Organization\"],\"@id\":\"https:\/\/apuntesdesanluis.com\/#\/schema\/person\/b55151d52296fcce64d1a72538a70b90\",\"name\":\"apuntesdesanluis.com\",\"image\":{\"@type\":\"ImageObject\",\"inLanguage\":\"es-AR\",\"@id\":\"https:\/\/apuntesdesanluis.com\/#\/schema\/person\/image\/\",\"url\":\"https:\/\/apuntesdesanluis.com\/wp-content\/uploads\/2023\/07\/cropped-apuntesdesanluis.png\",\"contentUrl\":\"https:\/\/apuntesdesanluis.com\/wp-content\/uploads\/2023\/07\/cropped-apuntesdesanluis.png\",\"width\":450,\"height\":112,\"caption\":\"apuntesdesanluis.com\"},\"logo\":{\"@id\":\"https:\/\/apuntesdesanluis.com\/#\/schema\/person\/image\/\"},\"sameAs\":[\"https:\/\/apuntesdesanluis.com\"],\"url\":\"https:\/\/apuntesdesanluis.com\/index.php\/author\/apuntesdesanluis-com\/\"}]}<\/script>\n<!-- \/ Yoast SEO plugin. -->","yoast_head_json":{"title":"INSTAN A LA POBLACI\u00d3N A VACUNARSE CONTRA EL SARAMPI\u00d3N POR LA SUBA DE CASOS A NIVEL NACIONAL - Apuntes de San Luis","robots":{"index":"index","follow":"follow","max-snippet":"max-snippet:-1","max-image-preview":"max-image-preview:large","max-video-preview":"max-video-preview:-1"},"canonical":"https:\/\/apuntesdesanluis.com\/index.php\/2025\/03\/11\/instan-a-la-poblacion-a-vacunarse-contra-el-sarampion-por-la-suba-de-casos-a-nivel-nacional\/","og_locale":"es_ES","og_type":"article","og_title":"INSTAN A LA POBLACI\u00d3N A VACUNARSE CONTRA EL SARAMPI\u00d3N POR LA SUBA DE CASOS A NIVEL NACIONAL - Apuntes de San Luis","og_description":"Desde el 1\u00ba de enero a la fecha, autoridades sanitarias nacionales detectaron ocho casos positivos...","og_url":"https:\/\/apuntesdesanluis.com\/index.php\/2025\/03\/11\/instan-a-la-poblacion-a-vacunarse-contra-el-sarampion-por-la-suba-de-casos-a-nivel-nacional\/","og_site_name":"Apuntes de San Luis","article_published_time":"2025-03-11T20:04:30+00:00","og_image":[{"width":663,"height":478,"url":"https:\/\/apuntesdesanluis.com\/wp-content\/uploads\/2025\/03\/sarampion.png","type":"image\/png"}],"author":"apuntesdesanluis.com","twitter_card":"summary_large_image","twitter_misc":{"Escrito por":"apuntesdesanluis.com","Tiempo de lectura":"3 minutos"},"schema":{"@context":"https:\/\/schema.org","@graph":[{"@type":"Article","@id":"https:\/\/apuntesdesanluis.com\/index.php\/2025\/03\/11\/instan-a-la-poblacion-a-vacunarse-contra-el-sarampion-por-la-suba-de-casos-a-nivel-nacional\/#article","isPartOf":{"@id":"https:\/\/apuntesdesanluis.com\/index.php\/2025\/03\/11\/instan-a-la-poblacion-a-vacunarse-contra-el-sarampion-por-la-suba-de-casos-a-nivel-nacional\/"},"author":{"name":"apuntesdesanluis.com","@id":"https:\/\/apuntesdesanluis.com\/#\/schema\/person\/b55151d52296fcce64d1a72538a70b90"},"headline":"INSTAN A LA POBLACI\u00d3N A VACUNARSE CONTRA EL SARAMPI\u00d3N POR LA SUBA DE CASOS A NIVEL NACIONAL","datePublished":"2025-03-11T20:04:30+00:00","mainEntityOfPage":{"@id":"https:\/\/apuntesdesanluis.com\/index.php\/2025\/03\/11\/instan-a-la-poblacion-a-vacunarse-contra-el-sarampion-por-la-suba-de-casos-a-nivel-nacional\/"},"wordCount":574,"publisher":{"@id":"https:\/\/apuntesdesanluis.com\/#\/schema\/person\/b55151d52296fcce64d1a72538a70b90"},"image":{"@id":"https:\/\/apuntesdesanluis.com\/index.php\/2025\/03\/11\/instan-a-la-poblacion-a-vacunarse-contra-el-sarampion-por-la-suba-de-casos-a-nivel-nacional\/#primaryimage"},"thumbnailUrl":"https:\/\/apuntesdesanluis.com\/wp-content\/uploads\/2025\/03\/sarampion.png","articleSection":["Ciudad\/Provincia"],"inLanguage":"es-AR"},{"@type":"WebPage","@id":"https:\/\/apuntesdesanluis.com\/index.php\/2025\/03\/11\/instan-a-la-poblacion-a-vacunarse-contra-el-sarampion-por-la-suba-de-casos-a-nivel-nacional\/","url":"https:\/\/apuntesdesanluis.com\/index.php\/2025\/03\/11\/instan-a-la-poblacion-a-vacunarse-contra-el-sarampion-por-la-suba-de-casos-a-nivel-nacional\/","name":"INSTAN A LA POBLACI\u00d3N A VACUNARSE CONTRA EL SARAMPI\u00d3N POR LA SUBA DE CASOS A NIVEL NACIONAL - Apuntes de San Luis","isPartOf":{"@id":"https:\/\/apuntesdesanluis.com\/#website"},"primaryImageOfPage":{"@id":"https:\/\/apuntesdesanluis.com\/index.php\/2025\/03\/11\/instan-a-la-poblacion-a-vacunarse-contra-el-sarampion-por-la-suba-de-casos-a-nivel-nacional\/#primaryimage"},"image":{"@id":"https:\/\/apuntesdesanluis.com\/index.php\/2025\/03\/11\/instan-a-la-poblacion-a-vacunarse-contra-el-sarampion-por-la-suba-de-casos-a-nivel-nacional\/#primaryimage"},"thumbnailUrl":"https:\/\/apuntesdesanluis.com\/wp-content\/uploads\/2025\/03\/sarampion.png","datePublished":"2025-03-11T20:04:30+00:00","breadcrumb":{"@id":"https:\/\/apuntesdesanluis.com\/index.php\/2025\/03\/11\/instan-a-la-poblacion-a-vacunarse-contra-el-sarampion-por-la-suba-de-casos-a-nivel-nacional\/#breadcrumb"},"inLanguage":"es-AR","potentialAction":[{"@type":"ReadAction","target":["https:\/\/apuntesdesanluis.com\/index.php\/2025\/03\/11\/instan-a-la-poblacion-a-vacunarse-contra-el-sarampion-por-la-suba-de-casos-a-nivel-nacional\/"]}]},{"@type":"ImageObject","inLanguage":"es-AR","@id":"https:\/\/apuntesdesanluis.com\/index.php\/2025\/03\/11\/instan-a-la-poblacion-a-vacunarse-contra-el-sarampion-por-la-suba-de-casos-a-nivel-nacional\/#primaryimage","url":"https:\/\/apuntesdesanluis.com\/wp-content\/uploads\/2025\/03\/sarampion.png","contentUrl":"https:\/\/apuntesdesanluis.com\/wp-content\/uploads\/2025\/03\/sarampion.png","width":663,"height":478},{"@type":"BreadcrumbList","@id":"https:\/\/apuntesdesanluis.com\/index.php\/2025\/03\/11\/instan-a-la-poblacion-a-vacunarse-contra-el-sarampion-por-la-suba-de-casos-a-nivel-nacional\/#breadcrumb","itemListElement":[{"@type":"ListItem","position":1,"name":"Inicio","item":"https:\/\/apuntesdesanluis.com\/"},{"@type":"ListItem","position":2,"name":"INSTAN A LA POBLACI\u00d3N A VACUNARSE CONTRA EL SARAMPI\u00d3N POR LA SUBA DE CASOS A NIVEL NACIONAL"}]},{"@type":"WebSite","@id":"https:\/\/apuntesdesanluis.com\/#website","url":"https:\/\/apuntesdesanluis.com\/","name":"Apuntes de San Luis","description":"","publisher":{"@id":"https:\/\/apuntesdesanluis.com\/#\/schema\/person\/b55151d52296fcce64d1a72538a70b90"},"potentialAction":[{"@type":"SearchAction","target":{"@type":"EntryPoint","urlTemplate":"https:\/\/apuntesdesanluis.com\/?s={search_term_string}"},"query-input":{"@type":"PropertyValueSpecification","valueRequired":true,"valueName":"search_term_string"}}],"inLanguage":"es-AR"},{"@type":["Person","Organization"],"@id":"https:\/\/apuntesdesanluis.com\/#\/schema\/person\/b55151d52296fcce64d1a72538a70b90","name":"apuntesdesanluis.com","image":{"@type":"ImageObject","inLanguage":"es-AR","@id":"https:\/\/apuntesdesanluis.com\/#\/schema\/person\/image\/","url":"https:\/\/apuntesdesanluis.com\/wp-content\/uploads\/2023\/07\/cropped-apuntesdesanluis.png","contentUrl":"https:\/\/apuntesdesanluis.com\/wp-content\/uploads\/2023\/07\/cropped-apuntesdesanluis.png","width":450,"height":112,"caption":"apuntesdesanluis.com"},"logo":{"@id":"https:\/\/apuntesdesanluis.com\/#\/schema\/person\/image\/"},"sameAs":["https:\/\/apuntesdesanluis.com"],"url":"https:\/\/apuntesdesanluis.com\/index.php\/author\/apuntesdesanluis-com\/"}]}},"featured_image_urls":{"full":["https:\/\/apuntesdesanluis.com\/wp-content\/uploads\/2025\/03\/sarampion.png",663,478,false],"thumbnail":["https:\/\/apuntesdesanluis.com\/wp-content\/uploads\/2025\/03\/sarampion-150x150.png",150,150,true],"medium":["https:\/\/apuntesdesanluis.com\/wp-content\/uploads\/2025\/03\/sarampion-300x216.png",300,216,true],"medium_large":["https:\/\/apuntesdesanluis.com\/wp-content\/uploads\/2025\/03\/sarampion.png",640,461,false],"large":["https:\/\/apuntesdesanluis.com\/wp-content\/uploads\/2025\/03\/sarampion.png",640,461,false],"1536x1536":["https:\/\/apuntesdesanluis.com\/wp-content\/uploads\/2025\/03\/sarampion.png",663,478,false],"2048x2048":["https:\/\/apuntesdesanluis.com\/wp-content\/uploads\/2025\/03\/sarampion.png",663,478,false],"newsever-slider-full":["https:\/\/apuntesdesanluis.com\/wp-content\/uploads\/2025\/03\/sarampion.png",663,478,false],"newsever-featured":["https:\/\/apuntesdesanluis.com\/wp-content\/uploads\/2025\/03\/sarampion.png",663,478,false],"newsever-medium":["https:\/\/apuntesdesanluis.com\/wp-content\/uploads\/2025\/03\/sarampion-663x475.png",663,475,true]},"author_info":{"display_name":"apuntesdesanluis.com","author_link":"https:\/\/apuntesdesanluis.com\/index.php\/author\/apuntesdesanluis-com\/"},"category_info":"<a href=\"https:\/\/apuntesdesanluis.com\/index.php\/category\/ciudad-provincia\/\" rel=\"category tag\">Ciudad\/Provincia<\/a>","tag_info":"Ciudad\/Provincia","comment_count":"0","_links":{"self":[{"href":"https:\/\/apuntesdesanluis.com\/index.php\/wp-json\/wp\/v2\/posts\/30342","targetHints":{"allow":["GET"]}}],"collection":[{"href":"https:\/\/apuntesdesanluis.com\/index.php\/wp-json\/wp\/v2\/posts"}],"about":[{"href":"https:\/\/apuntesdesanluis.com\/index.php\/wp-json\/wp\/v2\/types\/post"}],"author":[{"embeddable":true,"href":"https:\/\/apuntesdesanluis.com\/index.php\/wp-json\/wp\/v2\/users\/1"}],"replies":[{"embeddable":true,"href":"https:\/\/apuntesdesanluis.com\/index.php\/wp-json\/wp\/v2\/comments?post=30342"}],"version-history":[{"count":1,"href":"https:\/\/apuntesdesanluis.com\/index.php\/wp-json\/wp\/v2\/posts\/30342\/revisions"}],"predecessor-version":[{"id":30344,"href":"https:\/\/apuntesdesanluis.com\/index.php\/wp-json\/wp\/v2\/posts\/30342\/revisions\/30344"}],"wp:featuredmedia":[{"embeddable":true,"href":"https:\/\/apuntesdesanluis.com\/index.php\/wp-json\/wp\/v2\/media\/30343"}],"wp:attachment":[{"href":"https:\/\/apuntesdesanluis.com\/index.php\/wp-json\/wp\/v2\/media?parent=30342"}],"wp:term":[{"taxonomy":"category","embeddable":true,"href":"https:\/\/apuntesdesanluis.com\/index.php\/wp-json\/wp\/v2\/categories?post=30342"},{"taxonomy":"post_tag","embeddable":true,"href":"https:\/\/apuntesdesanluis.com\/index.php\/wp-json\/wp\/v2\/tags?post=30342"}],"curies":[{"name":"wp","href":"https:\/\/api.w.org\/{rel}","templated":true}]}}