{"id":30352,"date":"2025-03-11T17:56:39","date_gmt":"2025-03-11T20:56:39","guid":{"rendered":"https:\/\/apuntesdesanluis.com\/?p=30352"},"modified":"2025-03-11T17:56:39","modified_gmt":"2025-03-11T20:56:39","slug":"bahia-blanca-tras-el-temporal-aseguran-que-100-personas-siguen-desaparecidas","status":"publish","type":"post","link":"https:\/\/apuntesdesanluis.com\/index.php\/2025\/03\/11\/bahia-blanca-tras-el-temporal-aseguran-que-100-personas-siguen-desaparecidas\/","title":{"rendered":"BAH\u00cdA BLANCA TRAS EL TEMPORAL: ASEGURAN QUE 100 PERSONAS SIGUEN DESAPARECIDAS"},"content":{"rendered":"<h3>En medio de los esfuerzos por recuperar a <strong>Bah\u00eda Blanca<\/strong> tras el feroz temporal que dej\u00f3 la ciudad bajo el agua, el fiscal general <strong>Juan Pablo Fern\u00e1ndez<\/strong> confirm\u00f3 que a\u00fan hay 100 personas no localizadas y advirti\u00f3 que la cantidad de v\u00edctimas fatales podr\u00eda aumentar.<\/h3>\n<h3>&#8220;Puede haber m\u00e1s muertos&#8221;, expres\u00f3 el funcionario en una entrevista con Radio Mitre, en la que detall\u00f3 que se recibieron 192 denuncias por personas desaparecidas. De ese total, hasta el momento, 92 fueron encontradas con vida.<\/h3>\n<h3>El saldo del temporal asciende a 16 muertos confirmados. Entre ellos se encuentra Rub\u00e9n Omar Zalazar, un chofer que perdi\u00f3 la vida intentando rescatar a las hermanas Pilar y Delfina, de 1 y 5 a\u00f1os, quienes a\u00fan no han sido halladas.<\/h3>\n<h3>Seg\u00fan el informe del fiscal, 15 de los fallecidos murieron por &#8220;asfixia mec\u00e1nica por sumersi\u00f3n&#8221;, mientras que otra persona sufri\u00f3 una insuficiencia card\u00edaca en el contexto de la inundaci\u00f3n. Adem\u00e1s, cinco de las v\u00edctimas eran mujeres mayores que resid\u00edan en geri\u00e1tricos al momento del desastre.<\/h3>\n<p><img fetchpriority=\"high\" decoding=\"async\" class=\"wp-image-30354 aligncenter\" src=\"https:\/\/apuntesdesanluis.com\/wp-content\/uploads\/2025\/03\/RESCATE-EN-BAHIA-BLANCA-300x181.png\" alt=\"\" width=\"696\" height=\"420\" srcset=\"https:\/\/apuntesdesanluis.com\/wp-content\/uploads\/2025\/03\/RESCATE-EN-BAHIA-BLANCA-300x181.png 300w, https:\/\/apuntesdesanluis.com\/wp-content\/uploads\/2025\/03\/RESCATE-EN-BAHIA-BLANCA.png 571w\" sizes=\"(max-width: 696px) 100vw, 696px\" \/><\/p>\n<h3>Fern\u00e1ndez explic\u00f3 que la b\u00fasqueda de los desaparecidos se ve obstaculizada por la falta de comunicaci\u00f3n, muchas personas perdieron sus celulares en la inundaci\u00f3n y no tienen forma de contactar a sus familias. Adem\u00e1s, se estima que algunos se refugiaron en casas de vecinos o familiares.<\/h3>\n<h3>Sobre la situaci\u00f3n de Pilar y Delfina, el fiscal fue contundente: &#8220;Ser\u00eda un milagro que aparezcan&#8221;. Sin embargo, asegur\u00f3 que los rastrillajes continuar\u00e1n ahora que las condiciones clim\u00e1ticas mejoraron y el agua comenz\u00f3 a bajar.<\/h3>\n<h3>&#8220;Creemos que entre hoy y ma\u00f1ana podremos encontrar a la mayor\u00eda de las personas que siguen desaparecidas&#8221;, se\u00f1al\u00f3 Fern\u00e1ndez.<\/h3>\n<h3>Por su parte, la fiscal Marina Lara, titular de la UFI N\u00b0 7 de Bah\u00eda Blanca, abri\u00f3 dos investigaciones: una para determinar las causas de muerte de los fallecidos y otra para localizar a los desaparecidos.<\/h3>\n<p><img decoding=\"async\" class=\"wp-image-30355 aligncenter\" src=\"https:\/\/apuntesdesanluis.com\/wp-content\/uploads\/2025\/03\/AUTO-EN-BAHIA-BLANCA-300x175.png\" alt=\"\" width=\"706\" height=\"412\" srcset=\"https:\/\/apuntesdesanluis.com\/wp-content\/uploads\/2025\/03\/AUTO-EN-BAHIA-BLANCA-300x175.png 300w, https:\/\/apuntesdesanluis.com\/wp-content\/uploads\/2025\/03\/AUTO-EN-BAHIA-BLANCA.png 622w\" sizes=\"(max-width: 706px) 100vw, 706px\" \/><\/p>\n<h3>Ademas, Inform\u00f3 sobre la situaci\u00f3n de 17 personas que fueron detenidas por diversos robos y saqueos a comercios, aprovechando la situaci\u00f3n. Actualmente, confirm\u00f3 que hay cuatro personas que siguen detenidas, y 13 fueron liberadas.<\/h3>\n<p>&nbsp;<\/p>\n<p>&nbsp;<\/p>\n<p>&nbsp;<\/p>\n<h3><\/h3>\n<h3><\/h3>\n<p>&nbsp;<\/p>\n","protected":false},"excerpt":{"rendered":"<p>En medio de los esfuerzos por recuperar a Bah\u00eda Blanca tras el feroz temporal que&#8230;<\/p>\n","protected":false},"author":1,"featured_media":30353,"comment_status":"closed","ping_status":"closed","sticky":false,"template":"","format":"standard","meta":{"footnotes":""},"categories":[5],"tags":[],"class_list":["post-30352","post","type-post","status-publish","format-standard","has-post-thumbnail","hentry","category-nacionales-internacionales"],"yoast_head":"<!-- This site is optimized with the Yoast SEO plugin v26.1.1 - https:\/\/yoast.com\/wordpress\/plugins\/seo\/ -->\n<title>BAH\u00cdA BLANCA TRAS EL TEMPORAL: ASEGURAN QUE 100 PERSONAS SIGUEN DESAPARECIDAS - Apuntes de San Luis<\/title>\n<meta name=\"robots\" content=\"index, follow, max-snippet:-1, max-image-preview:large, max-video-preview:-1\" \/>\n<link rel=\"canonical\" href=\"https:\/\/apuntesdesanluis.com\/index.php\/2025\/03\/11\/bahia-blanca-tras-el-temporal-aseguran-que-100-personas-siguen-desaparecidas\/\" \/>\n<meta property=\"og:locale\" content=\"es_ES\" \/>\n<meta property=\"og:type\" content=\"article\" \/>\n<meta property=\"og:title\" content=\"BAH\u00cdA BLANCA TRAS EL TEMPORAL: ASEGURAN QUE 100 PERSONAS SIGUEN DESAPARECIDAS - Apuntes de San Luis\" \/>\n<meta property=\"og:description\" content=\"En medio de los esfuerzos por recuperar a Bah\u00eda Blanca tras el feroz temporal que...\" \/>\n<meta property=\"og:url\" content=\"https:\/\/apuntesdesanluis.com\/index.php\/2025\/03\/11\/bahia-blanca-tras-el-temporal-aseguran-que-100-personas-siguen-desaparecidas\/\" \/>\n<meta property=\"og:site_name\" content=\"Apuntes de San Luis\" \/>\n<meta property=\"article:published_time\" content=\"2025-03-11T20:56:39+00:00\" \/>\n<meta property=\"og:image\" content=\"https:\/\/apuntesdesanluis.com\/wp-content\/uploads\/2025\/03\/BAHIA-BLANCA.png\" \/>\n\t<meta property=\"og:image:width\" content=\"622\" \/>\n\t<meta property=\"og:image:height\" content=\"369\" \/>\n\t<meta property=\"og:image:type\" content=\"image\/png\" \/>\n<meta name=\"author\" content=\"apuntesdesanluis.com\" \/>\n<meta name=\"twitter:card\" content=\"summary_large_image\" \/>\n<meta name=\"twitter:label1\" content=\"Escrito por\" \/>\n\t<meta name=\"twitter:data1\" content=\"apuntesdesanluis.com\" \/>\n\t<meta name=\"twitter:label2\" content=\"Tiempo de lectura\" \/>\n\t<meta name=\"twitter:data2\" content=\"3 minutos\" \/>\n<script type=\"application\/ld+json\" class=\"yoast-schema-graph\">{\"@context\":\"https:\/\/schema.org\",\"@graph\":[{\"@type\":\"Article\",\"@id\":\"https:\/\/apuntesdesanluis.com\/index.php\/2025\/03\/11\/bahia-blanca-tras-el-temporal-aseguran-que-100-personas-siguen-desaparecidas\/#article\",\"isPartOf\":{\"@id\":\"https:\/\/apuntesdesanluis.com\/index.php\/2025\/03\/11\/bahia-blanca-tras-el-temporal-aseguran-que-100-personas-siguen-desaparecidas\/\"},\"author\":{\"name\":\"apuntesdesanluis.com\",\"@id\":\"https:\/\/apuntesdesanluis.com\/#\/schema\/person\/b55151d52296fcce64d1a72538a70b90\"},\"headline\":\"BAH\u00cdA BLANCA TRAS EL TEMPORAL: ASEGURAN QUE 100 PERSONAS SIGUEN DESAPARECIDAS\",\"datePublished\":\"2025-03-11T20:56:39+00:00\",\"mainEntityOfPage\":{\"@id\":\"https:\/\/apuntesdesanluis.com\/index.php\/2025\/03\/11\/bahia-blanca-tras-el-temporal-aseguran-que-100-personas-siguen-desaparecidas\/\"},\"wordCount\":376,\"publisher\":{\"@id\":\"https:\/\/apuntesdesanluis.com\/#\/schema\/person\/b55151d52296fcce64d1a72538a70b90\"},\"image\":{\"@id\":\"https:\/\/apuntesdesanluis.com\/index.php\/2025\/03\/11\/bahia-blanca-tras-el-temporal-aseguran-que-100-personas-siguen-desaparecidas\/#primaryimage\"},\"thumbnailUrl\":\"https:\/\/apuntesdesanluis.com\/wp-content\/uploads\/2025\/03\/BAHIA-BLANCA.png\",\"articleSection\":[\"Nacionales\/Internacionales\"],\"inLanguage\":\"es-AR\"},{\"@type\":\"WebPage\",\"@id\":\"https:\/\/apuntesdesanluis.com\/index.php\/2025\/03\/11\/bahia-blanca-tras-el-temporal-aseguran-que-100-personas-siguen-desaparecidas\/\",\"url\":\"https:\/\/apuntesdesanluis.com\/index.php\/2025\/03\/11\/bahia-blanca-tras-el-temporal-aseguran-que-100-personas-siguen-desaparecidas\/\",\"name\":\"BAH\u00cdA BLANCA TRAS EL TEMPORAL: ASEGURAN QUE 100 PERSONAS SIGUEN DESAPARECIDAS - Apuntes de San Luis\",\"isPartOf\":{\"@id\":\"https:\/\/apuntesdesanluis.com\/#website\"},\"primaryImageOfPage\":{\"@id\":\"https:\/\/apuntesdesanluis.com\/index.php\/2025\/03\/11\/bahia-blanca-tras-el-temporal-aseguran-que-100-personas-siguen-desaparecidas\/#primaryimage\"},\"image\":{\"@id\":\"https:\/\/apuntesdesanluis.com\/index.php\/2025\/03\/11\/bahia-blanca-tras-el-temporal-aseguran-que-100-personas-siguen-desaparecidas\/#primaryimage\"},\"thumbnailUrl\":\"https:\/\/apuntesdesanluis.com\/wp-content\/uploads\/2025\/03\/BAHIA-BLANCA.png\",\"datePublished\":\"2025-03-11T20:56:39+00:00\",\"breadcrumb\":{\"@id\":\"https:\/\/apuntesdesanluis.com\/index.php\/2025\/03\/11\/bahia-blanca-tras-el-temporal-aseguran-que-100-personas-siguen-desaparecidas\/#breadcrumb\"},\"inLanguage\":\"es-AR\",\"potentialAction\":[{\"@type\":\"ReadAction\",\"target\":[\"https:\/\/apuntesdesanluis.com\/index.php\/2025\/03\/11\/bahia-blanca-tras-el-temporal-aseguran-que-100-personas-siguen-desaparecidas\/\"]}]},{\"@type\":\"ImageObject\",\"inLanguage\":\"es-AR\",\"@id\":\"https:\/\/apuntesdesanluis.com\/index.php\/2025\/03\/11\/bahia-blanca-tras-el-temporal-aseguran-que-100-personas-siguen-desaparecidas\/#primaryimage\",\"url\":\"https:\/\/apuntesdesanluis.com\/wp-content\/uploads\/2025\/03\/BAHIA-BLANCA.png\",\"contentUrl\":\"https:\/\/apuntesdesanluis.com\/wp-content\/uploads\/2025\/03\/BAHIA-BLANCA.png\",\"width\":622,\"height\":369},{\"@type\":\"BreadcrumbList\",\"@id\":\"https:\/\/apuntesdesanluis.com\/index.php\/2025\/03\/11\/bahia-blanca-tras-el-temporal-aseguran-que-100-personas-siguen-desaparecidas\/#breadcrumb\",\"itemListElement\":[{\"@type\":\"ListItem\",\"position\":1,\"name\":\"Inicio\",\"item\":\"https:\/\/apuntesdesanluis.com\/\"},{\"@type\":\"ListItem\",\"position\":2,\"name\":\"BAH\u00cdA BLANCA TRAS EL TEMPORAL: ASEGURAN QUE 100 PERSONAS SIGUEN DESAPARECIDAS\"}]},{\"@type\":\"WebSite\",\"@id\":\"https:\/\/apuntesdesanluis.com\/#website\",\"url\":\"https:\/\/apuntesdesanluis.com\/\",\"name\":\"Apuntes de San Luis\",\"description\":\"\",\"publisher\":{\"@id\":\"https:\/\/apuntesdesanluis.com\/#\/schema\/person\/b55151d52296fcce64d1a72538a70b90\"},\"potentialAction\":[{\"@type\":\"SearchAction\",\"target\":{\"@type\":\"EntryPoint\",\"urlTemplate\":\"https:\/\/apuntesdesanluis.com\/?s={search_term_string}\"},\"query-input\":{\"@type\":\"PropertyValueSpecification\",\"valueRequired\":true,\"valueName\":\"search_term_string\"}}],\"inLanguage\":\"es-AR\"},{\"@type\":[\"Person\",\"Organization\"],\"@id\":\"https:\/\/apuntesdesanluis.com\/#\/schema\/person\/b55151d52296fcce64d1a72538a70b90\",\"name\":\"apuntesdesanluis.com\",\"image\":{\"@type\":\"ImageObject\",\"inLanguage\":\"es-AR\",\"@id\":\"https:\/\/apuntesdesanluis.com\/#\/schema\/person\/image\/\",\"url\":\"https:\/\/apuntesdesanluis.com\/wp-content\/uploads\/2023\/07\/cropped-apuntesdesanluis.png\",\"contentUrl\":\"https:\/\/apuntesdesanluis.com\/wp-content\/uploads\/2023\/07\/cropped-apuntesdesanluis.png\",\"width\":450,\"height\":112,\"caption\":\"apuntesdesanluis.com\"},\"logo\":{\"@id\":\"https:\/\/apuntesdesanluis.com\/#\/schema\/person\/image\/\"},\"sameAs\":[\"https:\/\/apuntesdesanluis.com\"],\"url\":\"https:\/\/apuntesdesanluis.com\/index.php\/author\/apuntesdesanluis-com\/\"}]}<\/script>\n<!-- \/ Yoast SEO plugin. -->","yoast_head_json":{"title":"BAH\u00cdA BLANCA TRAS EL TEMPORAL: ASEGURAN QUE 100 PERSONAS SIGUEN DESAPARECIDAS - Apuntes de San Luis","robots":{"index":"index","follow":"follow","max-snippet":"max-snippet:-1","max-image-preview":"max-image-preview:large","max-video-preview":"max-video-preview:-1"},"canonical":"https:\/\/apuntesdesanluis.com\/index.php\/2025\/03\/11\/bahia-blanca-tras-el-temporal-aseguran-que-100-personas-siguen-desaparecidas\/","og_locale":"es_ES","og_type":"article","og_title":"BAH\u00cdA BLANCA TRAS EL TEMPORAL: ASEGURAN QUE 100 PERSONAS SIGUEN DESAPARECIDAS - Apuntes de San Luis","og_description":"En medio de los esfuerzos por recuperar a Bah\u00eda Blanca tras el feroz temporal que...","og_url":"https:\/\/apuntesdesanluis.com\/index.php\/2025\/03\/11\/bahia-blanca-tras-el-temporal-aseguran-que-100-personas-siguen-desaparecidas\/","og_site_name":"Apuntes de San Luis","article_published_time":"2025-03-11T20:56:39+00:00","og_image":[{"width":622,"height":369,"url":"https:\/\/apuntesdesanluis.com\/wp-content\/uploads\/2025\/03\/BAHIA-BLANCA.png","type":"image\/png"}],"author":"apuntesdesanluis.com","twitter_card":"summary_large_image","twitter_misc":{"Escrito por":"apuntesdesanluis.com","Tiempo de lectura":"3 minutos"},"schema":{"@context":"https:\/\/schema.org","@graph":[{"@type":"Article","@id":"https:\/\/apuntesdesanluis.com\/index.php\/2025\/03\/11\/bahia-blanca-tras-el-temporal-aseguran-que-100-personas-siguen-desaparecidas\/#article","isPartOf":{"@id":"https:\/\/apuntesdesanluis.com\/index.php\/2025\/03\/11\/bahia-blanca-tras-el-temporal-aseguran-que-100-personas-siguen-desaparecidas\/"},"author":{"name":"apuntesdesanluis.com","@id":"https:\/\/apuntesdesanluis.com\/#\/schema\/person\/b55151d52296fcce64d1a72538a70b90"},"headline":"BAH\u00cdA BLANCA TRAS EL TEMPORAL: ASEGURAN QUE 100 PERSONAS SIGUEN DESAPARECIDAS","datePublished":"2025-03-11T20:56:39+00:00","mainEntityOfPage":{"@id":"https:\/\/apuntesdesanluis.com\/index.php\/2025\/03\/11\/bahia-blanca-tras-el-temporal-aseguran-que-100-personas-siguen-desaparecidas\/"},"wordCount":376,"publisher":{"@id":"https:\/\/apuntesdesanluis.com\/#\/schema\/person\/b55151d52296fcce64d1a72538a70b90"},"image":{"@id":"https:\/\/apuntesdesanluis.com\/index.php\/2025\/03\/11\/bahia-blanca-tras-el-temporal-aseguran-que-100-personas-siguen-desaparecidas\/#primaryimage"},"thumbnailUrl":"https:\/\/apuntesdesanluis.com\/wp-content\/uploads\/2025\/03\/BAHIA-BLANCA.png","articleSection":["Nacionales\/Internacionales"],"inLanguage":"es-AR"},{"@type":"WebPage","@id":"https:\/\/apuntesdesanluis.com\/index.php\/2025\/03\/11\/bahia-blanca-tras-el-temporal-aseguran-que-100-personas-siguen-desaparecidas\/","url":"https:\/\/apuntesdesanluis.com\/index.php\/2025\/03\/11\/bahia-blanca-tras-el-temporal-aseguran-que-100-personas-siguen-desaparecidas\/","name":"BAH\u00cdA BLANCA TRAS EL TEMPORAL: ASEGURAN QUE 100 PERSONAS SIGUEN DESAPARECIDAS - Apuntes de San Luis","isPartOf":{"@id":"https:\/\/apuntesdesanluis.com\/#website"},"primaryImageOfPage":{"@id":"https:\/\/apuntesdesanluis.com\/index.php\/2025\/03\/11\/bahia-blanca-tras-el-temporal-aseguran-que-100-personas-siguen-desaparecidas\/#primaryimage"},"image":{"@id":"https:\/\/apuntesdesanluis.com\/index.php\/2025\/03\/11\/bahia-blanca-tras-el-temporal-aseguran-que-100-personas-siguen-desaparecidas\/#primaryimage"},"thumbnailUrl":"https:\/\/apuntesdesanluis.com\/wp-content\/uploads\/2025\/03\/BAHIA-BLANCA.png","datePublished":"2025-03-11T20:56:39+00:00","breadcrumb":{"@id":"https:\/\/apuntesdesanluis.com\/index.php\/2025\/03\/11\/bahia-blanca-tras-el-temporal-aseguran-que-100-personas-siguen-desaparecidas\/#breadcrumb"},"inLanguage":"es-AR","potentialAction":[{"@type":"ReadAction","target":["https:\/\/apuntesdesanluis.com\/index.php\/2025\/03\/11\/bahia-blanca-tras-el-temporal-aseguran-que-100-personas-siguen-desaparecidas\/"]}]},{"@type":"ImageObject","inLanguage":"es-AR","@id":"https:\/\/apuntesdesanluis.com\/index.php\/2025\/03\/11\/bahia-blanca-tras-el-temporal-aseguran-que-100-personas-siguen-desaparecidas\/#primaryimage","url":"https:\/\/apuntesdesanluis.com\/wp-content\/uploads\/2025\/03\/BAHIA-BLANCA.png","contentUrl":"https:\/\/apuntesdesanluis.com\/wp-content\/uploads\/2025\/03\/BAHIA-BLANCA.png","width":622,"height":369},{"@type":"BreadcrumbList","@id":"https:\/\/apuntesdesanluis.com\/index.php\/2025\/03\/11\/bahia-blanca-tras-el-temporal-aseguran-que-100-personas-siguen-desaparecidas\/#breadcrumb","itemListElement":[{"@type":"ListItem","position":1,"name":"Inicio","item":"https:\/\/apuntesdesanluis.com\/"},{"@type":"ListItem","position":2,"name":"BAH\u00cdA BLANCA TRAS EL TEMPORAL: ASEGURAN QUE 100 PERSONAS SIGUEN DESAPARECIDAS"}]},{"@type":"WebSite","@id":"https:\/\/apuntesdesanluis.com\/#website","url":"https:\/\/apuntesdesanluis.com\/","name":"Apuntes de San Luis","description":"","publisher":{"@id":"https:\/\/apuntesdesanluis.com\/#\/schema\/person\/b55151d52296fcce64d1a72538a70b90"},"potentialAction":[{"@type":"SearchAction","target":{"@type":"EntryPoint","urlTemplate":"https:\/\/apuntesdesanluis.com\/?s={search_term_string}"},"query-input":{"@type":"PropertyValueSpecification","valueRequired":true,"valueName":"search_term_string"}}],"inLanguage":"es-AR"},{"@type":["Person","Organization"],"@id":"https:\/\/apuntesdesanluis.com\/#\/schema\/person\/b55151d52296fcce64d1a72538a70b90","name":"apuntesdesanluis.com","image":{"@type":"ImageObject","inLanguage":"es-AR","@id":"https:\/\/apuntesdesanluis.com\/#\/schema\/person\/image\/","url":"https:\/\/apuntesdesanluis.com\/wp-content\/uploads\/2023\/07\/cropped-apuntesdesanluis.png","contentUrl":"https:\/\/apuntesdesanluis.com\/wp-content\/uploads\/2023\/07\/cropped-apuntesdesanluis.png","width":450,"height":112,"caption":"apuntesdesanluis.com"},"logo":{"@id":"https:\/\/apuntesdesanluis.com\/#\/schema\/person\/image\/"},"sameAs":["https:\/\/apuntesdesanluis.com"],"url":"https:\/\/apuntesdesanluis.com\/index.php\/author\/apuntesdesanluis-com\/"}]}},"featured_image_urls":{"full":["https:\/\/apuntesdesanluis.com\/wp-content\/uploads\/2025\/03\/BAHIA-BLANCA.png",622,369,false],"thumbnail":["https:\/\/apuntesdesanluis.com\/wp-content\/uploads\/2025\/03\/BAHIA-BLANCA-150x150.png",150,150,true],"medium":["https:\/\/apuntesdesanluis.com\/wp-content\/uploads\/2025\/03\/BAHIA-BLANCA-300x178.png",300,178,true],"medium_large":["https:\/\/apuntesdesanluis.com\/wp-content\/uploads\/2025\/03\/BAHIA-BLANCA.png",622,369,false],"large":["https:\/\/apuntesdesanluis.com\/wp-content\/uploads\/2025\/03\/BAHIA-BLANCA.png",622,369,false],"1536x1536":["https:\/\/apuntesdesanluis.com\/wp-content\/uploads\/2025\/03\/BAHIA-BLANCA.png",622,369,false],"2048x2048":["https:\/\/apuntesdesanluis.com\/wp-content\/uploads\/2025\/03\/BAHIA-BLANCA.png",622,369,false],"newsever-slider-full":["https:\/\/apuntesdesanluis.com\/wp-content\/uploads\/2025\/03\/BAHIA-BLANCA.png",622,369,false],"newsever-featured":["https:\/\/apuntesdesanluis.com\/wp-content\/uploads\/2025\/03\/BAHIA-BLANCA.png",622,369,false],"newsever-medium":["https:\/\/apuntesdesanluis.com\/wp-content\/uploads\/2025\/03\/BAHIA-BLANCA.png",622,369,false]},"author_info":{"display_name":"apuntesdesanluis.com","author_link":"https:\/\/apuntesdesanluis.com\/index.php\/author\/apuntesdesanluis-com\/"},"category_info":"<a href=\"https:\/\/apuntesdesanluis.com\/index.php\/category\/nacionales-internacionales\/\" rel=\"category tag\">Nacionales\/Internacionales<\/a>","tag_info":"Nacionales\/Internacionales","comment_count":"0","_links":{"self":[{"href":"https:\/\/apuntesdesanluis.com\/index.php\/wp-json\/wp\/v2\/posts\/30352","targetHints":{"allow":["GET"]}}],"collection":[{"href":"https:\/\/apuntesdesanluis.com\/index.php\/wp-json\/wp\/v2\/posts"}],"about":[{"href":"https:\/\/apuntesdesanluis.com\/index.php\/wp-json\/wp\/v2\/types\/post"}],"author":[{"embeddable":true,"href":"https:\/\/apuntesdesanluis.com\/index.php\/wp-json\/wp\/v2\/users\/1"}],"replies":[{"embeddable":true,"href":"https:\/\/apuntesdesanluis.com\/index.php\/wp-json\/wp\/v2\/comments?post=30352"}],"version-history":[{"count":1,"href":"https:\/\/apuntesdesanluis.com\/index.php\/wp-json\/wp\/v2\/posts\/30352\/revisions"}],"predecessor-version":[{"id":30356,"href":"https:\/\/apuntesdesanluis.com\/index.php\/wp-json\/wp\/v2\/posts\/30352\/revisions\/30356"}],"wp:featuredmedia":[{"embeddable":true,"href":"https:\/\/apuntesdesanluis.com\/index.php\/wp-json\/wp\/v2\/media\/30353"}],"wp:attachment":[{"href":"https:\/\/apuntesdesanluis.com\/index.php\/wp-json\/wp\/v2\/media?parent=30352"}],"wp:term":[{"taxonomy":"category","embeddable":true,"href":"https:\/\/apuntesdesanluis.com\/index.php\/wp-json\/wp\/v2\/categories?post=30352"},{"taxonomy":"post_tag","embeddable":true,"href":"https:\/\/apuntesdesanluis.com\/index.php\/wp-json\/wp\/v2\/tags?post=30352"}],"curies":[{"name":"wp","href":"https:\/\/api.w.org\/{rel}","templated":true}]}}