{"id":30363,"date":"2025-03-12T08:20:23","date_gmt":"2025-03-12T11:20:23","guid":{"rendered":"https:\/\/apuntesdesanluis.com\/?p=30363"},"modified":"2025-03-12T08:22:25","modified_gmt":"2025-03-12T11:22:25","slug":"el-pj-presento-su-alianza-un-certificado-de-pobreza","status":"publish","type":"post","link":"https:\/\/apuntesdesanluis.com\/index.php\/2025\/03\/12\/el-pj-presento-su-alianza-un-certificado-de-pobreza\/","title":{"rendered":"EL PJ PRESENT\u00d3 SU ALIANZA: UN CERTIFICADO DE POBREZA"},"content":{"rendered":"<h3>Como adelant\u00f3 <strong>Apuntes de San Luis<\/strong>, la sangr\u00eda que viene sufriendo el <strong>Partido Justicialista<\/strong> (PJ) de San Luis se reflej\u00f3 en la alianza electoral que conform\u00f3 de cara a las elecciones provinciales del 11 de mayo: apenas media docena de partidos y algunas agrupaciones poco conocidas acompa\u00f1ar\u00e1n el espacio que orienta el ex gobernador <strong>Alberto Rodr\u00edguez Sa\u00e1<\/strong>.<\/h3>\n<h3>La vicepresidenta del PJ, la ex senadora <strong>Eugenia Catalfamo<\/strong>, resalt\u00f3 la importancia de la uni\u00f3n de fuerzas para afrontar las pr\u00f3ximas elecciones, enfatizando que &#8220;a los peronistas nos gusta enfrentar dif\u00edciles contiendas&#8221;, admitiendo impl\u00edcitamente la complicada para electoral.<\/h3>\n<h3>La Alianza Frente Justicialista, adem\u00e1s del <strong>PJ<\/strong>, est\u00e1 integrada por el <strong>Movimiento de Integraci\u00f3n Latinoamericana de Expresi\u00f3n Social (MILES), Compromiso Federal, Movimiento Comunal Mercedino (Mocomer), MAS + San Luis, Movimiento Puntano<\/strong>, y las agrupaciones Generaci\u00f3n Patri\u00f3tica, Los J\u00f3venes del Alberto, J\u00f3venes Puntanos en Acci\u00f3n, La Usina, Convicciones Peronistas, La 33, Descamisados, J\u00f3venes por San Luis, La Resistencia de la Palmera, Esperanza Peronista y Agrupaci\u00f3n Antonio Cafiero.<\/h3>\n<h3>La debilitada constelaci\u00f3n de adherentes al PJ, lejos de la fuerza que lo caracteriz\u00f3 en tiempos en los que era oficialismo, se explica por la deserci\u00f3n masiva de dirigentes y sectores, el m\u00e1s importante de los cuales es el que lidera el intendente de Villa Mercedes, <strong>Maximiliano Frontera<\/strong>, cuyo nuevo partido \u2013el <strong>Movimiento de Unidad Provincial (MUP)<\/strong>&#8211; va con \u201cAhora San Luis\u201d, espacio que encabeza <strong>Claudio Poggi<\/strong>.<\/h3>\n<h3>Otros partidos que se alejaron del peronismo conformaron un nuevo bloque, el <strong>Frente por la Justicia Social<\/strong>, a quien acompa\u00f1an gremios y organizaciones sociales de distintas extracciones. Y tambi\u00e9n abandon\u00f3 la compa\u00f1\u00eda de Alberto Rodr\u00edguez Sa\u00e1 el ex intendente de San Luis, <strong>Enrique Ponce<\/strong>, que competir\u00e1 por una banca de diputado provincial con su fuerza original, San Luis Somos Todos.<\/h3>\n<h3>En otro orden, Alberto Rodr\u00edguez Sa\u00e1 confirm\u00f3 que no ser\u00e1 candidato en las elecciones del 11 de mayo, para dejar lugar a las nuevas generaciones, excusa que esconde un dato que arroj\u00f3 una encuesta propia: actualmente su intenci\u00f3n de voto oscila entre 15% y 18%.<\/h3>\n<p>&nbsp;<\/p>\n<p>&nbsp;<\/p>\n<p>&nbsp;<\/p>\n<h3><\/h3>\n<h3><\/h3>\n<p>&nbsp;<\/p>\n","protected":false},"excerpt":{"rendered":"<p>Como adelant\u00f3 Apuntes de San Luis, la sangr\u00eda que viene sufriendo el Partido Justicialista (PJ)&#8230;<\/p>\n","protected":false},"author":1,"featured_media":30365,"comment_status":"closed","ping_status":"closed","sticky":false,"template":"","format":"standard","meta":{"footnotes":""},"categories":[9],"tags":[],"class_list":["post-30363","post","type-post","status-publish","format-standard","has-post-thumbnail","hentry","category-opinion"],"yoast_head":"<!-- This site is optimized with the Yoast SEO plugin v26.1.1 - https:\/\/yoast.com\/wordpress\/plugins\/seo\/ -->\n<title>EL PJ PRESENT\u00d3 SU ALIANZA: UN CERTIFICADO DE POBREZA - Apuntes de San Luis<\/title>\n<meta name=\"robots\" content=\"index, follow, max-snippet:-1, max-image-preview:large, max-video-preview:-1\" \/>\n<link rel=\"canonical\" href=\"https:\/\/apuntesdesanluis.com\/index.php\/2025\/03\/12\/el-pj-presento-su-alianza-un-certificado-de-pobreza\/\" \/>\n<meta property=\"og:locale\" content=\"es_ES\" \/>\n<meta property=\"og:type\" content=\"article\" \/>\n<meta property=\"og:title\" content=\"EL PJ PRESENT\u00d3 SU ALIANZA: UN CERTIFICADO DE POBREZA - Apuntes de San Luis\" \/>\n<meta property=\"og:description\" content=\"Como adelant\u00f3 Apuntes de San Luis, la sangr\u00eda que viene sufriendo el Partido Justicialista (PJ)...\" \/>\n<meta property=\"og:url\" content=\"https:\/\/apuntesdesanluis.com\/index.php\/2025\/03\/12\/el-pj-presento-su-alianza-un-certificado-de-pobreza\/\" \/>\n<meta property=\"og:site_name\" content=\"Apuntes de San Luis\" \/>\n<meta property=\"article:published_time\" content=\"2025-03-12T11:20:23+00:00\" \/>\n<meta property=\"article:modified_time\" content=\"2025-03-12T11:22:25+00:00\" \/>\n<meta property=\"og:image\" content=\"https:\/\/apuntesdesanluis.com\/wp-content\/uploads\/2025\/03\/frente-justicialista.png\" \/>\n\t<meta property=\"og:image:width\" content=\"680\" \/>\n\t<meta property=\"og:image:height\" content=\"370\" \/>\n\t<meta property=\"og:image:type\" content=\"image\/png\" \/>\n<meta name=\"author\" content=\"apuntesdesanluis.com\" \/>\n<meta name=\"twitter:card\" content=\"summary_large_image\" \/>\n<meta name=\"twitter:label1\" content=\"Escrito por\" \/>\n\t<meta name=\"twitter:data1\" content=\"apuntesdesanluis.com\" \/>\n\t<meta name=\"twitter:label2\" content=\"Tiempo de lectura\" \/>\n\t<meta name=\"twitter:data2\" content=\"2 minutos\" \/>\n<script type=\"application\/ld+json\" class=\"yoast-schema-graph\">{\"@context\":\"https:\/\/schema.org\",\"@graph\":[{\"@type\":\"Article\",\"@id\":\"https:\/\/apuntesdesanluis.com\/index.php\/2025\/03\/12\/el-pj-presento-su-alianza-un-certificado-de-pobreza\/#article\",\"isPartOf\":{\"@id\":\"https:\/\/apuntesdesanluis.com\/index.php\/2025\/03\/12\/el-pj-presento-su-alianza-un-certificado-de-pobreza\/\"},\"author\":{\"name\":\"apuntesdesanluis.com\",\"@id\":\"https:\/\/apuntesdesanluis.com\/#\/schema\/person\/b55151d52296fcce64d1a72538a70b90\"},\"headline\":\"EL PJ PRESENT\u00d3 SU ALIANZA: UN CERTIFICADO DE POBREZA\",\"datePublished\":\"2025-03-12T11:20:23+00:00\",\"dateModified\":\"2025-03-12T11:22:25+00:00\",\"mainEntityOfPage\":{\"@id\":\"https:\/\/apuntesdesanluis.com\/index.php\/2025\/03\/12\/el-pj-presento-su-alianza-un-certificado-de-pobreza\/\"},\"wordCount\":368,\"publisher\":{\"@id\":\"https:\/\/apuntesdesanluis.com\/#\/schema\/person\/b55151d52296fcce64d1a72538a70b90\"},\"image\":{\"@id\":\"https:\/\/apuntesdesanluis.com\/index.php\/2025\/03\/12\/el-pj-presento-su-alianza-un-certificado-de-pobreza\/#primaryimage\"},\"thumbnailUrl\":\"https:\/\/apuntesdesanluis.com\/wp-content\/uploads\/2025\/03\/frente-justicialista.png\",\"articleSection\":[\"Opini\u00f3n\"],\"inLanguage\":\"es-AR\"},{\"@type\":\"WebPage\",\"@id\":\"https:\/\/apuntesdesanluis.com\/index.php\/2025\/03\/12\/el-pj-presento-su-alianza-un-certificado-de-pobreza\/\",\"url\":\"https:\/\/apuntesdesanluis.com\/index.php\/2025\/03\/12\/el-pj-presento-su-alianza-un-certificado-de-pobreza\/\",\"name\":\"EL PJ PRESENT\u00d3 SU ALIANZA: UN CERTIFICADO DE POBREZA - Apuntes de San Luis\",\"isPartOf\":{\"@id\":\"https:\/\/apuntesdesanluis.com\/#website\"},\"primaryImageOfPage\":{\"@id\":\"https:\/\/apuntesdesanluis.com\/index.php\/2025\/03\/12\/el-pj-presento-su-alianza-un-certificado-de-pobreza\/#primaryimage\"},\"image\":{\"@id\":\"https:\/\/apuntesdesanluis.com\/index.php\/2025\/03\/12\/el-pj-presento-su-alianza-un-certificado-de-pobreza\/#primaryimage\"},\"thumbnailUrl\":\"https:\/\/apuntesdesanluis.com\/wp-content\/uploads\/2025\/03\/frente-justicialista.png\",\"datePublished\":\"2025-03-12T11:20:23+00:00\",\"dateModified\":\"2025-03-12T11:22:25+00:00\",\"breadcrumb\":{\"@id\":\"https:\/\/apuntesdesanluis.com\/index.php\/2025\/03\/12\/el-pj-presento-su-alianza-un-certificado-de-pobreza\/#breadcrumb\"},\"inLanguage\":\"es-AR\",\"potentialAction\":[{\"@type\":\"ReadAction\",\"target\":[\"https:\/\/apuntesdesanluis.com\/index.php\/2025\/03\/12\/el-pj-presento-su-alianza-un-certificado-de-pobreza\/\"]}]},{\"@type\":\"ImageObject\",\"inLanguage\":\"es-AR\",\"@id\":\"https:\/\/apuntesdesanluis.com\/index.php\/2025\/03\/12\/el-pj-presento-su-alianza-un-certificado-de-pobreza\/#primaryimage\",\"url\":\"https:\/\/apuntesdesanluis.com\/wp-content\/uploads\/2025\/03\/frente-justicialista.png\",\"contentUrl\":\"https:\/\/apuntesdesanluis.com\/wp-content\/uploads\/2025\/03\/frente-justicialista.png\",\"width\":680,\"height\":370},{\"@type\":\"BreadcrumbList\",\"@id\":\"https:\/\/apuntesdesanluis.com\/index.php\/2025\/03\/12\/el-pj-presento-su-alianza-un-certificado-de-pobreza\/#breadcrumb\",\"itemListElement\":[{\"@type\":\"ListItem\",\"position\":1,\"name\":\"Inicio\",\"item\":\"https:\/\/apuntesdesanluis.com\/\"},{\"@type\":\"ListItem\",\"position\":2,\"name\":\"EL PJ PRESENT\u00d3 SU ALIANZA: UN CERTIFICADO DE POBREZA\"}]},{\"@type\":\"WebSite\",\"@id\":\"https:\/\/apuntesdesanluis.com\/#website\",\"url\":\"https:\/\/apuntesdesanluis.com\/\",\"name\":\"Apuntes de San Luis\",\"description\":\"\",\"publisher\":{\"@id\":\"https:\/\/apuntesdesanluis.com\/#\/schema\/person\/b55151d52296fcce64d1a72538a70b90\"},\"potentialAction\":[{\"@type\":\"SearchAction\",\"target\":{\"@type\":\"EntryPoint\",\"urlTemplate\":\"https:\/\/apuntesdesanluis.com\/?s={search_term_string}\"},\"query-input\":{\"@type\":\"PropertyValueSpecification\",\"valueRequired\":true,\"valueName\":\"search_term_string\"}}],\"inLanguage\":\"es-AR\"},{\"@type\":[\"Person\",\"Organization\"],\"@id\":\"https:\/\/apuntesdesanluis.com\/#\/schema\/person\/b55151d52296fcce64d1a72538a70b90\",\"name\":\"apuntesdesanluis.com\",\"image\":{\"@type\":\"ImageObject\",\"inLanguage\":\"es-AR\",\"@id\":\"https:\/\/apuntesdesanluis.com\/#\/schema\/person\/image\/\",\"url\":\"https:\/\/apuntesdesanluis.com\/wp-content\/uploads\/2023\/07\/cropped-apuntesdesanluis.png\",\"contentUrl\":\"https:\/\/apuntesdesanluis.com\/wp-content\/uploads\/2023\/07\/cropped-apuntesdesanluis.png\",\"width\":450,\"height\":112,\"caption\":\"apuntesdesanluis.com\"},\"logo\":{\"@id\":\"https:\/\/apuntesdesanluis.com\/#\/schema\/person\/image\/\"},\"sameAs\":[\"https:\/\/apuntesdesanluis.com\"],\"url\":\"https:\/\/apuntesdesanluis.com\/index.php\/author\/apuntesdesanluis-com\/\"}]}<\/script>\n<!-- \/ Yoast SEO plugin. -->","yoast_head_json":{"title":"EL PJ PRESENT\u00d3 SU ALIANZA: UN CERTIFICADO DE POBREZA - Apuntes de San Luis","robots":{"index":"index","follow":"follow","max-snippet":"max-snippet:-1","max-image-preview":"max-image-preview:large","max-video-preview":"max-video-preview:-1"},"canonical":"https:\/\/apuntesdesanluis.com\/index.php\/2025\/03\/12\/el-pj-presento-su-alianza-un-certificado-de-pobreza\/","og_locale":"es_ES","og_type":"article","og_title":"EL PJ PRESENT\u00d3 SU ALIANZA: UN CERTIFICADO DE POBREZA - Apuntes de San Luis","og_description":"Como adelant\u00f3 Apuntes de San Luis, la sangr\u00eda que viene sufriendo el Partido Justicialista (PJ)...","og_url":"https:\/\/apuntesdesanluis.com\/index.php\/2025\/03\/12\/el-pj-presento-su-alianza-un-certificado-de-pobreza\/","og_site_name":"Apuntes de San Luis","article_published_time":"2025-03-12T11:20:23+00:00","article_modified_time":"2025-03-12T11:22:25+00:00","og_image":[{"width":680,"height":370,"url":"https:\/\/apuntesdesanluis.com\/wp-content\/uploads\/2025\/03\/frente-justicialista.png","type":"image\/png"}],"author":"apuntesdesanluis.com","twitter_card":"summary_large_image","twitter_misc":{"Escrito por":"apuntesdesanluis.com","Tiempo de lectura":"2 minutos"},"schema":{"@context":"https:\/\/schema.org","@graph":[{"@type":"Article","@id":"https:\/\/apuntesdesanluis.com\/index.php\/2025\/03\/12\/el-pj-presento-su-alianza-un-certificado-de-pobreza\/#article","isPartOf":{"@id":"https:\/\/apuntesdesanluis.com\/index.php\/2025\/03\/12\/el-pj-presento-su-alianza-un-certificado-de-pobreza\/"},"author":{"name":"apuntesdesanluis.com","@id":"https:\/\/apuntesdesanluis.com\/#\/schema\/person\/b55151d52296fcce64d1a72538a70b90"},"headline":"EL PJ PRESENT\u00d3 SU ALIANZA: UN CERTIFICADO DE POBREZA","datePublished":"2025-03-12T11:20:23+00:00","dateModified":"2025-03-12T11:22:25+00:00","mainEntityOfPage":{"@id":"https:\/\/apuntesdesanluis.com\/index.php\/2025\/03\/12\/el-pj-presento-su-alianza-un-certificado-de-pobreza\/"},"wordCount":368,"publisher":{"@id":"https:\/\/apuntesdesanluis.com\/#\/schema\/person\/b55151d52296fcce64d1a72538a70b90"},"image":{"@id":"https:\/\/apuntesdesanluis.com\/index.php\/2025\/03\/12\/el-pj-presento-su-alianza-un-certificado-de-pobreza\/#primaryimage"},"thumbnailUrl":"https:\/\/apuntesdesanluis.com\/wp-content\/uploads\/2025\/03\/frente-justicialista.png","articleSection":["Opini\u00f3n"],"inLanguage":"es-AR"},{"@type":"WebPage","@id":"https:\/\/apuntesdesanluis.com\/index.php\/2025\/03\/12\/el-pj-presento-su-alianza-un-certificado-de-pobreza\/","url":"https:\/\/apuntesdesanluis.com\/index.php\/2025\/03\/12\/el-pj-presento-su-alianza-un-certificado-de-pobreza\/","name":"EL PJ PRESENT\u00d3 SU ALIANZA: UN CERTIFICADO DE POBREZA - Apuntes de San Luis","isPartOf":{"@id":"https:\/\/apuntesdesanluis.com\/#website"},"primaryImageOfPage":{"@id":"https:\/\/apuntesdesanluis.com\/index.php\/2025\/03\/12\/el-pj-presento-su-alianza-un-certificado-de-pobreza\/#primaryimage"},"image":{"@id":"https:\/\/apuntesdesanluis.com\/index.php\/2025\/03\/12\/el-pj-presento-su-alianza-un-certificado-de-pobreza\/#primaryimage"},"thumbnailUrl":"https:\/\/apuntesdesanluis.com\/wp-content\/uploads\/2025\/03\/frente-justicialista.png","datePublished":"2025-03-12T11:20:23+00:00","dateModified":"2025-03-12T11:22:25+00:00","breadcrumb":{"@id":"https:\/\/apuntesdesanluis.com\/index.php\/2025\/03\/12\/el-pj-presento-su-alianza-un-certificado-de-pobreza\/#breadcrumb"},"inLanguage":"es-AR","potentialAction":[{"@type":"ReadAction","target":["https:\/\/apuntesdesanluis.com\/index.php\/2025\/03\/12\/el-pj-presento-su-alianza-un-certificado-de-pobreza\/"]}]},{"@type":"ImageObject","inLanguage":"es-AR","@id":"https:\/\/apuntesdesanluis.com\/index.php\/2025\/03\/12\/el-pj-presento-su-alianza-un-certificado-de-pobreza\/#primaryimage","url":"https:\/\/apuntesdesanluis.com\/wp-content\/uploads\/2025\/03\/frente-justicialista.png","contentUrl":"https:\/\/apuntesdesanluis.com\/wp-content\/uploads\/2025\/03\/frente-justicialista.png","width":680,"height":370},{"@type":"BreadcrumbList","@id":"https:\/\/apuntesdesanluis.com\/index.php\/2025\/03\/12\/el-pj-presento-su-alianza-un-certificado-de-pobreza\/#breadcrumb","itemListElement":[{"@type":"ListItem","position":1,"name":"Inicio","item":"https:\/\/apuntesdesanluis.com\/"},{"@type":"ListItem","position":2,"name":"EL PJ PRESENT\u00d3 SU ALIANZA: UN CERTIFICADO DE POBREZA"}]},{"@type":"WebSite","@id":"https:\/\/apuntesdesanluis.com\/#website","url":"https:\/\/apuntesdesanluis.com\/","name":"Apuntes de San Luis","description":"","publisher":{"@id":"https:\/\/apuntesdesanluis.com\/#\/schema\/person\/b55151d52296fcce64d1a72538a70b90"},"potentialAction":[{"@type":"SearchAction","target":{"@type":"EntryPoint","urlTemplate":"https:\/\/apuntesdesanluis.com\/?s={search_term_string}"},"query-input":{"@type":"PropertyValueSpecification","valueRequired":true,"valueName":"search_term_string"}}],"inLanguage":"es-AR"},{"@type":["Person","Organization"],"@id":"https:\/\/apuntesdesanluis.com\/#\/schema\/person\/b55151d52296fcce64d1a72538a70b90","name":"apuntesdesanluis.com","image":{"@type":"ImageObject","inLanguage":"es-AR","@id":"https:\/\/apuntesdesanluis.com\/#\/schema\/person\/image\/","url":"https:\/\/apuntesdesanluis.com\/wp-content\/uploads\/2023\/07\/cropped-apuntesdesanluis.png","contentUrl":"https:\/\/apuntesdesanluis.com\/wp-content\/uploads\/2023\/07\/cropped-apuntesdesanluis.png","width":450,"height":112,"caption":"apuntesdesanluis.com"},"logo":{"@id":"https:\/\/apuntesdesanluis.com\/#\/schema\/person\/image\/"},"sameAs":["https:\/\/apuntesdesanluis.com"],"url":"https:\/\/apuntesdesanluis.com\/index.php\/author\/apuntesdesanluis-com\/"}]}},"featured_image_urls":{"full":["https:\/\/apuntesdesanluis.com\/wp-content\/uploads\/2025\/03\/frente-justicialista.png",680,370,false],"thumbnail":["https:\/\/apuntesdesanluis.com\/wp-content\/uploads\/2025\/03\/frente-justicialista-150x150.png",150,150,true],"medium":["https:\/\/apuntesdesanluis.com\/wp-content\/uploads\/2025\/03\/frente-justicialista-300x163.png",300,163,true],"medium_large":["https:\/\/apuntesdesanluis.com\/wp-content\/uploads\/2025\/03\/frente-justicialista.png",640,348,false],"large":["https:\/\/apuntesdesanluis.com\/wp-content\/uploads\/2025\/03\/frente-justicialista.png",640,348,false],"1536x1536":["https:\/\/apuntesdesanluis.com\/wp-content\/uploads\/2025\/03\/frente-justicialista.png",680,370,false],"2048x2048":["https:\/\/apuntesdesanluis.com\/wp-content\/uploads\/2025\/03\/frente-justicialista.png",680,370,false],"newsever-slider-full":["https:\/\/apuntesdesanluis.com\/wp-content\/uploads\/2025\/03\/frente-justicialista.png",680,370,false],"newsever-featured":["https:\/\/apuntesdesanluis.com\/wp-content\/uploads\/2025\/03\/frente-justicialista.png",680,370,false],"newsever-medium":["https:\/\/apuntesdesanluis.com\/wp-content\/uploads\/2025\/03\/frente-justicialista.png",680,370,false]},"author_info":{"display_name":"apuntesdesanluis.com","author_link":"https:\/\/apuntesdesanluis.com\/index.php\/author\/apuntesdesanluis-com\/"},"category_info":"<a href=\"https:\/\/apuntesdesanluis.com\/index.php\/category\/opinion\/\" rel=\"category tag\">Opini\u00f3n<\/a>","tag_info":"Opini\u00f3n","comment_count":"0","_links":{"self":[{"href":"https:\/\/apuntesdesanluis.com\/index.php\/wp-json\/wp\/v2\/posts\/30363","targetHints":{"allow":["GET"]}}],"collection":[{"href":"https:\/\/apuntesdesanluis.com\/index.php\/wp-json\/wp\/v2\/posts"}],"about":[{"href":"https:\/\/apuntesdesanluis.com\/index.php\/wp-json\/wp\/v2\/types\/post"}],"author":[{"embeddable":true,"href":"https:\/\/apuntesdesanluis.com\/index.php\/wp-json\/wp\/v2\/users\/1"}],"replies":[{"embeddable":true,"href":"https:\/\/apuntesdesanluis.com\/index.php\/wp-json\/wp\/v2\/comments?post=30363"}],"version-history":[{"count":3,"href":"https:\/\/apuntesdesanluis.com\/index.php\/wp-json\/wp\/v2\/posts\/30363\/revisions"}],"predecessor-version":[{"id":30368,"href":"https:\/\/apuntesdesanluis.com\/index.php\/wp-json\/wp\/v2\/posts\/30363\/revisions\/30368"}],"wp:featuredmedia":[{"embeddable":true,"href":"https:\/\/apuntesdesanluis.com\/index.php\/wp-json\/wp\/v2\/media\/30365"}],"wp:attachment":[{"href":"https:\/\/apuntesdesanluis.com\/index.php\/wp-json\/wp\/v2\/media?parent=30363"}],"wp:term":[{"taxonomy":"category","embeddable":true,"href":"https:\/\/apuntesdesanluis.com\/index.php\/wp-json\/wp\/v2\/categories?post=30363"},{"taxonomy":"post_tag","embeddable":true,"href":"https:\/\/apuntesdesanluis.com\/index.php\/wp-json\/wp\/v2\/tags?post=30363"}],"curies":[{"name":"wp","href":"https:\/\/api.w.org\/{rel}","templated":true}]}}