{"id":30369,"date":"2025-03-12T08:38:56","date_gmt":"2025-03-12T11:38:56","guid":{"rendered":"https:\/\/apuntesdesanluis.com\/?p=30369"},"modified":"2025-03-12T08:39:26","modified_gmt":"2025-03-12T11:39:26","slug":"arancibia-rodriguez-dejo-de-ser-concejala-y-podria-asumir-un-cargo-nacional","status":"publish","type":"post","link":"https:\/\/apuntesdesanluis.com\/index.php\/2025\/03\/12\/arancibia-rodriguez-dejo-de-ser-concejala-y-podria-asumir-un-cargo-nacional\/","title":{"rendered":"ARANCIBIA RODR\u00cdGUEZ DEJ\u00d3 DE SER CONCEJALA Y PODR\u00cdA ASUMIR UN CARGO NACIONAL"},"content":{"rendered":"<h3>Ayer martes fue el \u00faltimo d\u00eda como concejal de la ex presidenta del cuerpo, <strong>Agustina Arancibia Rodr\u00edguez<\/strong>, quien present\u00f3 su renuncia a la banca el martes \u00faltimo.<\/h3>\n<h3>En su nota indica que la dimisi\u00f3n es \u201ccon efectividad a partir del 12 de marzo\u201d y explica que su dimisi\u00f3n obedece \u201ca razones de \u00edndole personal\u201d.<\/h3>\n<h3>Su mandato se extiende hasta diciembre de 2025 y en principio su reemplazo natural es <strong>Mar\u00eda Celeste Villegas<\/strong>, quien ocup\u00f3 el s\u00e9ptimo lugar en dicha n\u00f3mina.<\/h3>\n<h3>Cabe recordar que, previamente, tambi\u00e9n hab\u00edan renunciado a sus bancas los concejales <strong>Guillermo Araujo<\/strong>, quien asumi\u00f3 como ministro de Educaci\u00f3n, y <strong>Mar\u00eda del Carmen Molina<\/strong>.<\/h3>\n<h3>Trascendi\u00f3 que la exconcejala recibi\u00f3 un ofrecimiento para asumir un cargo nacional, a partir del alineamiento de su familia a la Libertad Avanza.<\/h3>\n<p><img fetchpriority=\"high\" decoding=\"async\" class=\"wp-image-30371 aligncenter\" src=\"https:\/\/apuntesdesanluis.com\/wp-content\/uploads\/2025\/03\/757eb518-bfd6-407c-83b6-ad6d17970c43-300x295.jpg\" alt=\"\" width=\"504\" height=\"496\" srcset=\"https:\/\/apuntesdesanluis.com\/wp-content\/uploads\/2025\/03\/757eb518-bfd6-407c-83b6-ad6d17970c43-300x295.jpg 300w, https:\/\/apuntesdesanluis.com\/wp-content\/uploads\/2025\/03\/757eb518-bfd6-407c-83b6-ad6d17970c43.jpg 720w\" sizes=\"(max-width: 504px) 100vw, 504px\" \/><\/p>\n<p>&nbsp;<\/p>\n<p>&nbsp;<\/p>\n<p>&nbsp;<\/p>\n<h3><\/h3>\n<h3><\/h3>\n<h3><\/h3>\n","protected":false},"excerpt":{"rendered":"<p>Ayer martes fue el \u00faltimo d\u00eda como concejal de la ex presidenta del cuerpo, Agustina&#8230;<\/p>\n","protected":false},"author":1,"featured_media":30370,"comment_status":"closed","ping_status":"closed","sticky":false,"template":"","format":"standard","meta":{"footnotes":""},"categories":[6],"tags":[],"class_list":["post-30369","post","type-post","status-publish","format-standard","has-post-thumbnail","hentry","category-ciudad-provincia"],"yoast_head":"<!-- This site is optimized with the Yoast SEO plugin v26.1.1 - https:\/\/yoast.com\/wordpress\/plugins\/seo\/ -->\n<title>ARANCIBIA RODR\u00cdGUEZ DEJ\u00d3 DE SER CONCEJALA Y PODR\u00cdA ASUMIR UN CARGO NACIONAL - Apuntes de San Luis<\/title>\n<meta name=\"robots\" content=\"index, follow, max-snippet:-1, max-image-preview:large, max-video-preview:-1\" \/>\n<link rel=\"canonical\" href=\"https:\/\/apuntesdesanluis.com\/index.php\/2025\/03\/12\/arancibia-rodriguez-dejo-de-ser-concejala-y-podria-asumir-un-cargo-nacional\/\" \/>\n<meta property=\"og:locale\" content=\"es_ES\" \/>\n<meta property=\"og:type\" content=\"article\" \/>\n<meta property=\"og:title\" content=\"ARANCIBIA RODR\u00cdGUEZ DEJ\u00d3 DE SER CONCEJALA Y PODR\u00cdA ASUMIR UN CARGO NACIONAL - Apuntes de San Luis\" \/>\n<meta property=\"og:description\" content=\"Ayer martes fue el \u00faltimo d\u00eda como concejal de la ex presidenta del cuerpo, Agustina...\" \/>\n<meta property=\"og:url\" content=\"https:\/\/apuntesdesanluis.com\/index.php\/2025\/03\/12\/arancibia-rodriguez-dejo-de-ser-concejala-y-podria-asumir-un-cargo-nacional\/\" \/>\n<meta property=\"og:site_name\" content=\"Apuntes de San Luis\" \/>\n<meta property=\"article:published_time\" content=\"2025-03-12T11:38:56+00:00\" \/>\n<meta property=\"article:modified_time\" content=\"2025-03-12T11:39:26+00:00\" \/>\n<meta property=\"og:image\" content=\"https:\/\/apuntesdesanluis.com\/wp-content\/uploads\/2025\/03\/arancibia-rodriguez.png\" \/>\n\t<meta property=\"og:image:width\" content=\"586\" \/>\n\t<meta property=\"og:image:height\" content=\"398\" \/>\n\t<meta property=\"og:image:type\" content=\"image\/png\" \/>\n<meta name=\"author\" content=\"apuntesdesanluis.com\" \/>\n<meta name=\"twitter:card\" content=\"summary_large_image\" \/>\n<meta name=\"twitter:label1\" content=\"Escrito por\" \/>\n\t<meta name=\"twitter:data1\" content=\"apuntesdesanluis.com\" \/>\n\t<meta name=\"twitter:label2\" content=\"Tiempo de lectura\" \/>\n\t<meta name=\"twitter:data2\" content=\"1 minuto\" \/>\n<script type=\"application\/ld+json\" class=\"yoast-schema-graph\">{\"@context\":\"https:\/\/schema.org\",\"@graph\":[{\"@type\":\"Article\",\"@id\":\"https:\/\/apuntesdesanluis.com\/index.php\/2025\/03\/12\/arancibia-rodriguez-dejo-de-ser-concejala-y-podria-asumir-un-cargo-nacional\/#article\",\"isPartOf\":{\"@id\":\"https:\/\/apuntesdesanluis.com\/index.php\/2025\/03\/12\/arancibia-rodriguez-dejo-de-ser-concejala-y-podria-asumir-un-cargo-nacional\/\"},\"author\":{\"name\":\"apuntesdesanluis.com\",\"@id\":\"https:\/\/apuntesdesanluis.com\/#\/schema\/person\/b55151d52296fcce64d1a72538a70b90\"},\"headline\":\"ARANCIBIA RODR\u00cdGUEZ DEJ\u00d3 DE SER CONCEJALA Y PODR\u00cdA ASUMIR UN CARGO NACIONAL\",\"datePublished\":\"2025-03-12T11:38:56+00:00\",\"dateModified\":\"2025-03-12T11:39:26+00:00\",\"mainEntityOfPage\":{\"@id\":\"https:\/\/apuntesdesanluis.com\/index.php\/2025\/03\/12\/arancibia-rodriguez-dejo-de-ser-concejala-y-podria-asumir-un-cargo-nacional\/\"},\"wordCount\":154,\"publisher\":{\"@id\":\"https:\/\/apuntesdesanluis.com\/#\/schema\/person\/b55151d52296fcce64d1a72538a70b90\"},\"image\":{\"@id\":\"https:\/\/apuntesdesanluis.com\/index.php\/2025\/03\/12\/arancibia-rodriguez-dejo-de-ser-concejala-y-podria-asumir-un-cargo-nacional\/#primaryimage\"},\"thumbnailUrl\":\"https:\/\/apuntesdesanluis.com\/wp-content\/uploads\/2025\/03\/arancibia-rodriguez.png\",\"articleSection\":[\"Ciudad\/Provincia\"],\"inLanguage\":\"es-AR\"},{\"@type\":\"WebPage\",\"@id\":\"https:\/\/apuntesdesanluis.com\/index.php\/2025\/03\/12\/arancibia-rodriguez-dejo-de-ser-concejala-y-podria-asumir-un-cargo-nacional\/\",\"url\":\"https:\/\/apuntesdesanluis.com\/index.php\/2025\/03\/12\/arancibia-rodriguez-dejo-de-ser-concejala-y-podria-asumir-un-cargo-nacional\/\",\"name\":\"ARANCIBIA RODR\u00cdGUEZ DEJ\u00d3 DE SER CONCEJALA Y PODR\u00cdA ASUMIR UN CARGO NACIONAL - Apuntes de San Luis\",\"isPartOf\":{\"@id\":\"https:\/\/apuntesdesanluis.com\/#website\"},\"primaryImageOfPage\":{\"@id\":\"https:\/\/apuntesdesanluis.com\/index.php\/2025\/03\/12\/arancibia-rodriguez-dejo-de-ser-concejala-y-podria-asumir-un-cargo-nacional\/#primaryimage\"},\"image\":{\"@id\":\"https:\/\/apuntesdesanluis.com\/index.php\/2025\/03\/12\/arancibia-rodriguez-dejo-de-ser-concejala-y-podria-asumir-un-cargo-nacional\/#primaryimage\"},\"thumbnailUrl\":\"https:\/\/apuntesdesanluis.com\/wp-content\/uploads\/2025\/03\/arancibia-rodriguez.png\",\"datePublished\":\"2025-03-12T11:38:56+00:00\",\"dateModified\":\"2025-03-12T11:39:26+00:00\",\"breadcrumb\":{\"@id\":\"https:\/\/apuntesdesanluis.com\/index.php\/2025\/03\/12\/arancibia-rodriguez-dejo-de-ser-concejala-y-podria-asumir-un-cargo-nacional\/#breadcrumb\"},\"inLanguage\":\"es-AR\",\"potentialAction\":[{\"@type\":\"ReadAction\",\"target\":[\"https:\/\/apuntesdesanluis.com\/index.php\/2025\/03\/12\/arancibia-rodriguez-dejo-de-ser-concejala-y-podria-asumir-un-cargo-nacional\/\"]}]},{\"@type\":\"ImageObject\",\"inLanguage\":\"es-AR\",\"@id\":\"https:\/\/apuntesdesanluis.com\/index.php\/2025\/03\/12\/arancibia-rodriguez-dejo-de-ser-concejala-y-podria-asumir-un-cargo-nacional\/#primaryimage\",\"url\":\"https:\/\/apuntesdesanluis.com\/wp-content\/uploads\/2025\/03\/arancibia-rodriguez.png\",\"contentUrl\":\"https:\/\/apuntesdesanluis.com\/wp-content\/uploads\/2025\/03\/arancibia-rodriguez.png\",\"width\":586,\"height\":398},{\"@type\":\"BreadcrumbList\",\"@id\":\"https:\/\/apuntesdesanluis.com\/index.php\/2025\/03\/12\/arancibia-rodriguez-dejo-de-ser-concejala-y-podria-asumir-un-cargo-nacional\/#breadcrumb\",\"itemListElement\":[{\"@type\":\"ListItem\",\"position\":1,\"name\":\"Inicio\",\"item\":\"https:\/\/apuntesdesanluis.com\/\"},{\"@type\":\"ListItem\",\"position\":2,\"name\":\"ARANCIBIA RODR\u00cdGUEZ DEJ\u00d3 DE SER CONCEJALA Y PODR\u00cdA ASUMIR UN CARGO NACIONAL\"}]},{\"@type\":\"WebSite\",\"@id\":\"https:\/\/apuntesdesanluis.com\/#website\",\"url\":\"https:\/\/apuntesdesanluis.com\/\",\"name\":\"Apuntes de San Luis\",\"description\":\"\",\"publisher\":{\"@id\":\"https:\/\/apuntesdesanluis.com\/#\/schema\/person\/b55151d52296fcce64d1a72538a70b90\"},\"potentialAction\":[{\"@type\":\"SearchAction\",\"target\":{\"@type\":\"EntryPoint\",\"urlTemplate\":\"https:\/\/apuntesdesanluis.com\/?s={search_term_string}\"},\"query-input\":{\"@type\":\"PropertyValueSpecification\",\"valueRequired\":true,\"valueName\":\"search_term_string\"}}],\"inLanguage\":\"es-AR\"},{\"@type\":[\"Person\",\"Organization\"],\"@id\":\"https:\/\/apuntesdesanluis.com\/#\/schema\/person\/b55151d52296fcce64d1a72538a70b90\",\"name\":\"apuntesdesanluis.com\",\"image\":{\"@type\":\"ImageObject\",\"inLanguage\":\"es-AR\",\"@id\":\"https:\/\/apuntesdesanluis.com\/#\/schema\/person\/image\/\",\"url\":\"https:\/\/apuntesdesanluis.com\/wp-content\/uploads\/2023\/07\/cropped-apuntesdesanluis.png\",\"contentUrl\":\"https:\/\/apuntesdesanluis.com\/wp-content\/uploads\/2023\/07\/cropped-apuntesdesanluis.png\",\"width\":450,\"height\":112,\"caption\":\"apuntesdesanluis.com\"},\"logo\":{\"@id\":\"https:\/\/apuntesdesanluis.com\/#\/schema\/person\/image\/\"},\"sameAs\":[\"https:\/\/apuntesdesanluis.com\"],\"url\":\"https:\/\/apuntesdesanluis.com\/index.php\/author\/apuntesdesanluis-com\/\"}]}<\/script>\n<!-- \/ Yoast SEO plugin. -->","yoast_head_json":{"title":"ARANCIBIA RODR\u00cdGUEZ DEJ\u00d3 DE SER CONCEJALA Y PODR\u00cdA ASUMIR UN CARGO NACIONAL - Apuntes de San Luis","robots":{"index":"index","follow":"follow","max-snippet":"max-snippet:-1","max-image-preview":"max-image-preview:large","max-video-preview":"max-video-preview:-1"},"canonical":"https:\/\/apuntesdesanluis.com\/index.php\/2025\/03\/12\/arancibia-rodriguez-dejo-de-ser-concejala-y-podria-asumir-un-cargo-nacional\/","og_locale":"es_ES","og_type":"article","og_title":"ARANCIBIA RODR\u00cdGUEZ DEJ\u00d3 DE SER CONCEJALA Y PODR\u00cdA ASUMIR UN CARGO NACIONAL - Apuntes de San Luis","og_description":"Ayer martes fue el \u00faltimo d\u00eda como concejal de la ex presidenta del cuerpo, Agustina...","og_url":"https:\/\/apuntesdesanluis.com\/index.php\/2025\/03\/12\/arancibia-rodriguez-dejo-de-ser-concejala-y-podria-asumir-un-cargo-nacional\/","og_site_name":"Apuntes de San Luis","article_published_time":"2025-03-12T11:38:56+00:00","article_modified_time":"2025-03-12T11:39:26+00:00","og_image":[{"width":586,"height":398,"url":"https:\/\/apuntesdesanluis.com\/wp-content\/uploads\/2025\/03\/arancibia-rodriguez.png","type":"image\/png"}],"author":"apuntesdesanluis.com","twitter_card":"summary_large_image","twitter_misc":{"Escrito por":"apuntesdesanluis.com","Tiempo de lectura":"1 minuto"},"schema":{"@context":"https:\/\/schema.org","@graph":[{"@type":"Article","@id":"https:\/\/apuntesdesanluis.com\/index.php\/2025\/03\/12\/arancibia-rodriguez-dejo-de-ser-concejala-y-podria-asumir-un-cargo-nacional\/#article","isPartOf":{"@id":"https:\/\/apuntesdesanluis.com\/index.php\/2025\/03\/12\/arancibia-rodriguez-dejo-de-ser-concejala-y-podria-asumir-un-cargo-nacional\/"},"author":{"name":"apuntesdesanluis.com","@id":"https:\/\/apuntesdesanluis.com\/#\/schema\/person\/b55151d52296fcce64d1a72538a70b90"},"headline":"ARANCIBIA RODR\u00cdGUEZ DEJ\u00d3 DE SER CONCEJALA Y PODR\u00cdA ASUMIR UN CARGO NACIONAL","datePublished":"2025-03-12T11:38:56+00:00","dateModified":"2025-03-12T11:39:26+00:00","mainEntityOfPage":{"@id":"https:\/\/apuntesdesanluis.com\/index.php\/2025\/03\/12\/arancibia-rodriguez-dejo-de-ser-concejala-y-podria-asumir-un-cargo-nacional\/"},"wordCount":154,"publisher":{"@id":"https:\/\/apuntesdesanluis.com\/#\/schema\/person\/b55151d52296fcce64d1a72538a70b90"},"image":{"@id":"https:\/\/apuntesdesanluis.com\/index.php\/2025\/03\/12\/arancibia-rodriguez-dejo-de-ser-concejala-y-podria-asumir-un-cargo-nacional\/#primaryimage"},"thumbnailUrl":"https:\/\/apuntesdesanluis.com\/wp-content\/uploads\/2025\/03\/arancibia-rodriguez.png","articleSection":["Ciudad\/Provincia"],"inLanguage":"es-AR"},{"@type":"WebPage","@id":"https:\/\/apuntesdesanluis.com\/index.php\/2025\/03\/12\/arancibia-rodriguez-dejo-de-ser-concejala-y-podria-asumir-un-cargo-nacional\/","url":"https:\/\/apuntesdesanluis.com\/index.php\/2025\/03\/12\/arancibia-rodriguez-dejo-de-ser-concejala-y-podria-asumir-un-cargo-nacional\/","name":"ARANCIBIA RODR\u00cdGUEZ DEJ\u00d3 DE SER CONCEJALA Y PODR\u00cdA ASUMIR UN CARGO NACIONAL - Apuntes de San Luis","isPartOf":{"@id":"https:\/\/apuntesdesanluis.com\/#website"},"primaryImageOfPage":{"@id":"https:\/\/apuntesdesanluis.com\/index.php\/2025\/03\/12\/arancibia-rodriguez-dejo-de-ser-concejala-y-podria-asumir-un-cargo-nacional\/#primaryimage"},"image":{"@id":"https:\/\/apuntesdesanluis.com\/index.php\/2025\/03\/12\/arancibia-rodriguez-dejo-de-ser-concejala-y-podria-asumir-un-cargo-nacional\/#primaryimage"},"thumbnailUrl":"https:\/\/apuntesdesanluis.com\/wp-content\/uploads\/2025\/03\/arancibia-rodriguez.png","datePublished":"2025-03-12T11:38:56+00:00","dateModified":"2025-03-12T11:39:26+00:00","breadcrumb":{"@id":"https:\/\/apuntesdesanluis.com\/index.php\/2025\/03\/12\/arancibia-rodriguez-dejo-de-ser-concejala-y-podria-asumir-un-cargo-nacional\/#breadcrumb"},"inLanguage":"es-AR","potentialAction":[{"@type":"ReadAction","target":["https:\/\/apuntesdesanluis.com\/index.php\/2025\/03\/12\/arancibia-rodriguez-dejo-de-ser-concejala-y-podria-asumir-un-cargo-nacional\/"]}]},{"@type":"ImageObject","inLanguage":"es-AR","@id":"https:\/\/apuntesdesanluis.com\/index.php\/2025\/03\/12\/arancibia-rodriguez-dejo-de-ser-concejala-y-podria-asumir-un-cargo-nacional\/#primaryimage","url":"https:\/\/apuntesdesanluis.com\/wp-content\/uploads\/2025\/03\/arancibia-rodriguez.png","contentUrl":"https:\/\/apuntesdesanluis.com\/wp-content\/uploads\/2025\/03\/arancibia-rodriguez.png","width":586,"height":398},{"@type":"BreadcrumbList","@id":"https:\/\/apuntesdesanluis.com\/index.php\/2025\/03\/12\/arancibia-rodriguez-dejo-de-ser-concejala-y-podria-asumir-un-cargo-nacional\/#breadcrumb","itemListElement":[{"@type":"ListItem","position":1,"name":"Inicio","item":"https:\/\/apuntesdesanluis.com\/"},{"@type":"ListItem","position":2,"name":"ARANCIBIA RODR\u00cdGUEZ DEJ\u00d3 DE SER CONCEJALA Y PODR\u00cdA ASUMIR UN CARGO NACIONAL"}]},{"@type":"WebSite","@id":"https:\/\/apuntesdesanluis.com\/#website","url":"https:\/\/apuntesdesanluis.com\/","name":"Apuntes de San Luis","description":"","publisher":{"@id":"https:\/\/apuntesdesanluis.com\/#\/schema\/person\/b55151d52296fcce64d1a72538a70b90"},"potentialAction":[{"@type":"SearchAction","target":{"@type":"EntryPoint","urlTemplate":"https:\/\/apuntesdesanluis.com\/?s={search_term_string}"},"query-input":{"@type":"PropertyValueSpecification","valueRequired":true,"valueName":"search_term_string"}}],"inLanguage":"es-AR"},{"@type":["Person","Organization"],"@id":"https:\/\/apuntesdesanluis.com\/#\/schema\/person\/b55151d52296fcce64d1a72538a70b90","name":"apuntesdesanluis.com","image":{"@type":"ImageObject","inLanguage":"es-AR","@id":"https:\/\/apuntesdesanluis.com\/#\/schema\/person\/image\/","url":"https:\/\/apuntesdesanluis.com\/wp-content\/uploads\/2023\/07\/cropped-apuntesdesanluis.png","contentUrl":"https:\/\/apuntesdesanluis.com\/wp-content\/uploads\/2023\/07\/cropped-apuntesdesanluis.png","width":450,"height":112,"caption":"apuntesdesanluis.com"},"logo":{"@id":"https:\/\/apuntesdesanluis.com\/#\/schema\/person\/image\/"},"sameAs":["https:\/\/apuntesdesanluis.com"],"url":"https:\/\/apuntesdesanluis.com\/index.php\/author\/apuntesdesanluis-com\/"}]}},"featured_image_urls":{"full":["https:\/\/apuntesdesanluis.com\/wp-content\/uploads\/2025\/03\/arancibia-rodriguez.png",586,398,false],"thumbnail":["https:\/\/apuntesdesanluis.com\/wp-content\/uploads\/2025\/03\/arancibia-rodriguez-150x150.png",150,150,true],"medium":["https:\/\/apuntesdesanluis.com\/wp-content\/uploads\/2025\/03\/arancibia-rodriguez-300x204.png",300,204,true],"medium_large":["https:\/\/apuntesdesanluis.com\/wp-content\/uploads\/2025\/03\/arancibia-rodriguez.png",586,398,false],"large":["https:\/\/apuntesdesanluis.com\/wp-content\/uploads\/2025\/03\/arancibia-rodriguez.png",586,398,false],"1536x1536":["https:\/\/apuntesdesanluis.com\/wp-content\/uploads\/2025\/03\/arancibia-rodriguez.png",586,398,false],"2048x2048":["https:\/\/apuntesdesanluis.com\/wp-content\/uploads\/2025\/03\/arancibia-rodriguez.png",586,398,false],"newsever-slider-full":["https:\/\/apuntesdesanluis.com\/wp-content\/uploads\/2025\/03\/arancibia-rodriguez.png",586,398,false],"newsever-featured":["https:\/\/apuntesdesanluis.com\/wp-content\/uploads\/2025\/03\/arancibia-rodriguez.png",586,398,false],"newsever-medium":["https:\/\/apuntesdesanluis.com\/wp-content\/uploads\/2025\/03\/arancibia-rodriguez.png",586,398,false]},"author_info":{"display_name":"apuntesdesanluis.com","author_link":"https:\/\/apuntesdesanluis.com\/index.php\/author\/apuntesdesanluis-com\/"},"category_info":"<a href=\"https:\/\/apuntesdesanluis.com\/index.php\/category\/ciudad-provincia\/\" rel=\"category tag\">Ciudad\/Provincia<\/a>","tag_info":"Ciudad\/Provincia","comment_count":"0","_links":{"self":[{"href":"https:\/\/apuntesdesanluis.com\/index.php\/wp-json\/wp\/v2\/posts\/30369","targetHints":{"allow":["GET"]}}],"collection":[{"href":"https:\/\/apuntesdesanluis.com\/index.php\/wp-json\/wp\/v2\/posts"}],"about":[{"href":"https:\/\/apuntesdesanluis.com\/index.php\/wp-json\/wp\/v2\/types\/post"}],"author":[{"embeddable":true,"href":"https:\/\/apuntesdesanluis.com\/index.php\/wp-json\/wp\/v2\/users\/1"}],"replies":[{"embeddable":true,"href":"https:\/\/apuntesdesanluis.com\/index.php\/wp-json\/wp\/v2\/comments?post=30369"}],"version-history":[{"count":2,"href":"https:\/\/apuntesdesanluis.com\/index.php\/wp-json\/wp\/v2\/posts\/30369\/revisions"}],"predecessor-version":[{"id":30373,"href":"https:\/\/apuntesdesanluis.com\/index.php\/wp-json\/wp\/v2\/posts\/30369\/revisions\/30373"}],"wp:featuredmedia":[{"embeddable":true,"href":"https:\/\/apuntesdesanluis.com\/index.php\/wp-json\/wp\/v2\/media\/30370"}],"wp:attachment":[{"href":"https:\/\/apuntesdesanluis.com\/index.php\/wp-json\/wp\/v2\/media?parent=30369"}],"wp:term":[{"taxonomy":"category","embeddable":true,"href":"https:\/\/apuntesdesanluis.com\/index.php\/wp-json\/wp\/v2\/categories?post=30369"},{"taxonomy":"post_tag","embeddable":true,"href":"https:\/\/apuntesdesanluis.com\/index.php\/wp-json\/wp\/v2\/tags?post=30369"}],"curies":[{"name":"wp","href":"https:\/\/api.w.org\/{rel}","templated":true}]}}