{"id":30381,"date":"2025-03-12T18:16:04","date_gmt":"2025-03-12T21:16:04","guid":{"rendered":"https:\/\/apuntesdesanluis.com\/?p=30381"},"modified":"2025-03-12T18:16:19","modified_gmt":"2025-03-12T21:16:19","slug":"separaron-del-cargo-al-director-de-escuela-que-choco-en-estado-de-ebriedad","status":"publish","type":"post","link":"https:\/\/apuntesdesanluis.com\/index.php\/2025\/03\/12\/separaron-del-cargo-al-director-de-escuela-que-choco-en-estado-de-ebriedad\/","title":{"rendered":"SEPARARON DEL CARGO AL DIRECTOR DE ESCUELA QUE CHOC\u00d3 EN ESTADO DE EBRIEDAD"},"content":{"rendered":"<h3>El <strong>Ministerio de Educaci\u00f3n<\/strong> de la provincia de San Luis inform\u00f3 que le iniciaron actuaciones administrativas al <strong>director<\/strong> de la<strong> Escuela N\u00ba 237 \u2018Maestra Trinidad Chirino\u2019<\/strong>, de la localidad de Los Molles, por hechos de p\u00fablico conocimiento ocurridos el domingo pasado en la ciudad cordobesa de Villa Dolores.<\/h3>\n<h3>La cartera resolvi\u00f3 adem\u00e1s separarlo de su cargo mientras se labra el expediente correspondiente.<\/h3>\n<p><img fetchpriority=\"high\" decoding=\"async\" class=\"wp-image-30383 aligncenter\" src=\"https:\/\/apuntesdesanluis.com\/wp-content\/uploads\/2025\/03\/ESCUELA-DE-LOS-MOLLES-300x176.png\" alt=\"\" width=\"559\" height=\"328\" srcset=\"https:\/\/apuntesdesanluis.com\/wp-content\/uploads\/2025\/03\/ESCUELA-DE-LOS-MOLLES-300x176.png 300w, https:\/\/apuntesdesanluis.com\/wp-content\/uploads\/2025\/03\/ESCUELA-DE-LOS-MOLLES.png 570w\" sizes=\"(max-width: 559px) 100vw, 559px\" \/><\/p>\n<h4 style=\"text-align: center;\"><em>La Escuela N\u00b0 237 de Los Molles, conmocionada por la conducta del dire.<\/em><\/h4>\n<h3>El directivo se vio involucrado en un incidente vial ocurrido el pasado domingo, cuando efectivos policiales de esa provincia lo detuvieron y trasladaron a una comisar\u00eda.<\/h3>\n<h3>El grav\u00edsimo hecho fue informado por la Polic\u00eda cordobesa, que dijo que el docente ocasion\u00f3 el accidente el domingo a la tarde en la esquina de Almirante Brown y General Paz, en Villa Dolores. All\u00ed mismo, el director, de 60 a\u00f1os, fue detenido y su Ford Ranger roja, secuestrada.<\/h3>\n<h3>Al volante del rodado iba el docente puntano, quien choc\u00f3 con un utilitario. Del accidente no se registraron heridos de gravedad.<\/h3>\n<h3>La polic\u00eda lo demor\u00f3 y lo traslad\u00f3 a la comisar\u00eda de Dolores por infringir el art\u00edculo 109 del C\u00f3digo de Convivencia de C\u00f3rdoba.<\/h3>\n<h3>A cargo de la escuela qued\u00f3 la actual secretaria de la instituci\u00f3n.<\/h3>\n<p>&nbsp;<\/p>\n<p>&nbsp;<\/p>\n<p>&nbsp;<\/p>\n<p>&nbsp;<\/p>\n<p>&nbsp;<\/p>\n","protected":false},"excerpt":{"rendered":"<p>El Ministerio de Educaci\u00f3n de la provincia de San Luis inform\u00f3 que le iniciaron actuaciones&#8230;<\/p>\n","protected":false},"author":1,"featured_media":30382,"comment_status":"closed","ping_status":"closed","sticky":false,"template":"","format":"standard","meta":{"footnotes":""},"categories":[6],"tags":[],"class_list":["post-30381","post","type-post","status-publish","format-standard","has-post-thumbnail","hentry","category-ciudad-provincia"],"yoast_head":"<!-- This site is optimized with the Yoast SEO plugin v26.1.1 - https:\/\/yoast.com\/wordpress\/plugins\/seo\/ -->\n<title>SEPARARON DEL CARGO AL DIRECTOR DE ESCUELA QUE CHOC\u00d3 EN ESTADO DE EBRIEDAD - Apuntes de San Luis<\/title>\n<meta name=\"robots\" content=\"index, follow, max-snippet:-1, max-image-preview:large, max-video-preview:-1\" \/>\n<link rel=\"canonical\" href=\"https:\/\/apuntesdesanluis.com\/index.php\/2025\/03\/12\/separaron-del-cargo-al-director-de-escuela-que-choco-en-estado-de-ebriedad\/\" \/>\n<meta property=\"og:locale\" content=\"es_ES\" \/>\n<meta property=\"og:type\" content=\"article\" \/>\n<meta property=\"og:title\" content=\"SEPARARON DEL CARGO AL DIRECTOR DE ESCUELA QUE CHOC\u00d3 EN ESTADO DE EBRIEDAD - Apuntes de San Luis\" \/>\n<meta property=\"og:description\" content=\"El Ministerio de Educaci\u00f3n de la provincia de San Luis inform\u00f3 que le iniciaron actuaciones...\" \/>\n<meta property=\"og:url\" content=\"https:\/\/apuntesdesanluis.com\/index.php\/2025\/03\/12\/separaron-del-cargo-al-director-de-escuela-que-choco-en-estado-de-ebriedad\/\" \/>\n<meta property=\"og:site_name\" content=\"Apuntes de San Luis\" \/>\n<meta property=\"article:published_time\" content=\"2025-03-12T21:16:04+00:00\" \/>\n<meta property=\"article:modified_time\" content=\"2025-03-12T21:16:19+00:00\" \/>\n<meta property=\"og:image\" content=\"https:\/\/apuntesdesanluis.com\/wp-content\/uploads\/2025\/03\/DIRECTOR-DE-ESCUELA.png\" \/>\n\t<meta property=\"og:image:width\" content=\"700\" \/>\n\t<meta property=\"og:image:height\" content=\"462\" \/>\n\t<meta property=\"og:image:type\" content=\"image\/png\" \/>\n<meta name=\"author\" content=\"apuntesdesanluis.com\" \/>\n<meta name=\"twitter:card\" content=\"summary_large_image\" \/>\n<meta name=\"twitter:label1\" content=\"Escrito por\" \/>\n\t<meta name=\"twitter:data1\" content=\"apuntesdesanluis.com\" \/>\n\t<meta name=\"twitter:label2\" content=\"Tiempo de lectura\" \/>\n\t<meta name=\"twitter:data2\" content=\"2 minutos\" \/>\n<script type=\"application\/ld+json\" class=\"yoast-schema-graph\">{\"@context\":\"https:\/\/schema.org\",\"@graph\":[{\"@type\":\"Article\",\"@id\":\"https:\/\/apuntesdesanluis.com\/index.php\/2025\/03\/12\/separaron-del-cargo-al-director-de-escuela-que-choco-en-estado-de-ebriedad\/#article\",\"isPartOf\":{\"@id\":\"https:\/\/apuntesdesanluis.com\/index.php\/2025\/03\/12\/separaron-del-cargo-al-director-de-escuela-que-choco-en-estado-de-ebriedad\/\"},\"author\":{\"name\":\"apuntesdesanluis.com\",\"@id\":\"https:\/\/apuntesdesanluis.com\/#\/schema\/person\/b55151d52296fcce64d1a72538a70b90\"},\"headline\":\"SEPARARON DEL CARGO AL DIRECTOR DE ESCUELA QUE CHOC\u00d3 EN ESTADO DE EBRIEDAD\",\"datePublished\":\"2025-03-12T21:16:04+00:00\",\"dateModified\":\"2025-03-12T21:16:19+00:00\",\"mainEntityOfPage\":{\"@id\":\"https:\/\/apuntesdesanluis.com\/index.php\/2025\/03\/12\/separaron-del-cargo-al-director-de-escuela-que-choco-en-estado-de-ebriedad\/\"},\"wordCount\":233,\"publisher\":{\"@id\":\"https:\/\/apuntesdesanluis.com\/#\/schema\/person\/b55151d52296fcce64d1a72538a70b90\"},\"image\":{\"@id\":\"https:\/\/apuntesdesanluis.com\/index.php\/2025\/03\/12\/separaron-del-cargo-al-director-de-escuela-que-choco-en-estado-de-ebriedad\/#primaryimage\"},\"thumbnailUrl\":\"https:\/\/apuntesdesanluis.com\/wp-content\/uploads\/2025\/03\/DIRECTOR-DE-ESCUELA.png\",\"articleSection\":[\"Ciudad\/Provincia\"],\"inLanguage\":\"es-AR\"},{\"@type\":\"WebPage\",\"@id\":\"https:\/\/apuntesdesanluis.com\/index.php\/2025\/03\/12\/separaron-del-cargo-al-director-de-escuela-que-choco-en-estado-de-ebriedad\/\",\"url\":\"https:\/\/apuntesdesanluis.com\/index.php\/2025\/03\/12\/separaron-del-cargo-al-director-de-escuela-que-choco-en-estado-de-ebriedad\/\",\"name\":\"SEPARARON DEL CARGO AL DIRECTOR DE ESCUELA QUE CHOC\u00d3 EN ESTADO DE EBRIEDAD - Apuntes de San Luis\",\"isPartOf\":{\"@id\":\"https:\/\/apuntesdesanluis.com\/#website\"},\"primaryImageOfPage\":{\"@id\":\"https:\/\/apuntesdesanluis.com\/index.php\/2025\/03\/12\/separaron-del-cargo-al-director-de-escuela-que-choco-en-estado-de-ebriedad\/#primaryimage\"},\"image\":{\"@id\":\"https:\/\/apuntesdesanluis.com\/index.php\/2025\/03\/12\/separaron-del-cargo-al-director-de-escuela-que-choco-en-estado-de-ebriedad\/#primaryimage\"},\"thumbnailUrl\":\"https:\/\/apuntesdesanluis.com\/wp-content\/uploads\/2025\/03\/DIRECTOR-DE-ESCUELA.png\",\"datePublished\":\"2025-03-12T21:16:04+00:00\",\"dateModified\":\"2025-03-12T21:16:19+00:00\",\"breadcrumb\":{\"@id\":\"https:\/\/apuntesdesanluis.com\/index.php\/2025\/03\/12\/separaron-del-cargo-al-director-de-escuela-que-choco-en-estado-de-ebriedad\/#breadcrumb\"},\"inLanguage\":\"es-AR\",\"potentialAction\":[{\"@type\":\"ReadAction\",\"target\":[\"https:\/\/apuntesdesanluis.com\/index.php\/2025\/03\/12\/separaron-del-cargo-al-director-de-escuela-que-choco-en-estado-de-ebriedad\/\"]}]},{\"@type\":\"ImageObject\",\"inLanguage\":\"es-AR\",\"@id\":\"https:\/\/apuntesdesanluis.com\/index.php\/2025\/03\/12\/separaron-del-cargo-al-director-de-escuela-que-choco-en-estado-de-ebriedad\/#primaryimage\",\"url\":\"https:\/\/apuntesdesanluis.com\/wp-content\/uploads\/2025\/03\/DIRECTOR-DE-ESCUELA.png\",\"contentUrl\":\"https:\/\/apuntesdesanluis.com\/wp-content\/uploads\/2025\/03\/DIRECTOR-DE-ESCUELA.png\",\"width\":700,\"height\":462},{\"@type\":\"BreadcrumbList\",\"@id\":\"https:\/\/apuntesdesanluis.com\/index.php\/2025\/03\/12\/separaron-del-cargo-al-director-de-escuela-que-choco-en-estado-de-ebriedad\/#breadcrumb\",\"itemListElement\":[{\"@type\":\"ListItem\",\"position\":1,\"name\":\"Inicio\",\"item\":\"https:\/\/apuntesdesanluis.com\/\"},{\"@type\":\"ListItem\",\"position\":2,\"name\":\"SEPARARON DEL CARGO AL DIRECTOR DE ESCUELA QUE CHOC\u00d3 EN ESTADO DE EBRIEDAD\"}]},{\"@type\":\"WebSite\",\"@id\":\"https:\/\/apuntesdesanluis.com\/#website\",\"url\":\"https:\/\/apuntesdesanluis.com\/\",\"name\":\"Apuntes de San Luis\",\"description\":\"\",\"publisher\":{\"@id\":\"https:\/\/apuntesdesanluis.com\/#\/schema\/person\/b55151d52296fcce64d1a72538a70b90\"},\"potentialAction\":[{\"@type\":\"SearchAction\",\"target\":{\"@type\":\"EntryPoint\",\"urlTemplate\":\"https:\/\/apuntesdesanluis.com\/?s={search_term_string}\"},\"query-input\":{\"@type\":\"PropertyValueSpecification\",\"valueRequired\":true,\"valueName\":\"search_term_string\"}}],\"inLanguage\":\"es-AR\"},{\"@type\":[\"Person\",\"Organization\"],\"@id\":\"https:\/\/apuntesdesanluis.com\/#\/schema\/person\/b55151d52296fcce64d1a72538a70b90\",\"name\":\"apuntesdesanluis.com\",\"image\":{\"@type\":\"ImageObject\",\"inLanguage\":\"es-AR\",\"@id\":\"https:\/\/apuntesdesanluis.com\/#\/schema\/person\/image\/\",\"url\":\"https:\/\/apuntesdesanluis.com\/wp-content\/uploads\/2023\/07\/cropped-apuntesdesanluis.png\",\"contentUrl\":\"https:\/\/apuntesdesanluis.com\/wp-content\/uploads\/2023\/07\/cropped-apuntesdesanluis.png\",\"width\":450,\"height\":112,\"caption\":\"apuntesdesanluis.com\"},\"logo\":{\"@id\":\"https:\/\/apuntesdesanluis.com\/#\/schema\/person\/image\/\"},\"sameAs\":[\"https:\/\/apuntesdesanluis.com\"],\"url\":\"https:\/\/apuntesdesanluis.com\/index.php\/author\/apuntesdesanluis-com\/\"}]}<\/script>\n<!-- \/ Yoast SEO plugin. -->","yoast_head_json":{"title":"SEPARARON DEL CARGO AL DIRECTOR DE ESCUELA QUE CHOC\u00d3 EN ESTADO DE EBRIEDAD - Apuntes de San Luis","robots":{"index":"index","follow":"follow","max-snippet":"max-snippet:-1","max-image-preview":"max-image-preview:large","max-video-preview":"max-video-preview:-1"},"canonical":"https:\/\/apuntesdesanluis.com\/index.php\/2025\/03\/12\/separaron-del-cargo-al-director-de-escuela-que-choco-en-estado-de-ebriedad\/","og_locale":"es_ES","og_type":"article","og_title":"SEPARARON DEL CARGO AL DIRECTOR DE ESCUELA QUE CHOC\u00d3 EN ESTADO DE EBRIEDAD - Apuntes de San Luis","og_description":"El Ministerio de Educaci\u00f3n de la provincia de San Luis inform\u00f3 que le iniciaron actuaciones...","og_url":"https:\/\/apuntesdesanluis.com\/index.php\/2025\/03\/12\/separaron-del-cargo-al-director-de-escuela-que-choco-en-estado-de-ebriedad\/","og_site_name":"Apuntes de San Luis","article_published_time":"2025-03-12T21:16:04+00:00","article_modified_time":"2025-03-12T21:16:19+00:00","og_image":[{"width":700,"height":462,"url":"https:\/\/apuntesdesanluis.com\/wp-content\/uploads\/2025\/03\/DIRECTOR-DE-ESCUELA.png","type":"image\/png"}],"author":"apuntesdesanluis.com","twitter_card":"summary_large_image","twitter_misc":{"Escrito por":"apuntesdesanluis.com","Tiempo de lectura":"2 minutos"},"schema":{"@context":"https:\/\/schema.org","@graph":[{"@type":"Article","@id":"https:\/\/apuntesdesanluis.com\/index.php\/2025\/03\/12\/separaron-del-cargo-al-director-de-escuela-que-choco-en-estado-de-ebriedad\/#article","isPartOf":{"@id":"https:\/\/apuntesdesanluis.com\/index.php\/2025\/03\/12\/separaron-del-cargo-al-director-de-escuela-que-choco-en-estado-de-ebriedad\/"},"author":{"name":"apuntesdesanluis.com","@id":"https:\/\/apuntesdesanluis.com\/#\/schema\/person\/b55151d52296fcce64d1a72538a70b90"},"headline":"SEPARARON DEL CARGO AL DIRECTOR DE ESCUELA QUE CHOC\u00d3 EN ESTADO DE EBRIEDAD","datePublished":"2025-03-12T21:16:04+00:00","dateModified":"2025-03-12T21:16:19+00:00","mainEntityOfPage":{"@id":"https:\/\/apuntesdesanluis.com\/index.php\/2025\/03\/12\/separaron-del-cargo-al-director-de-escuela-que-choco-en-estado-de-ebriedad\/"},"wordCount":233,"publisher":{"@id":"https:\/\/apuntesdesanluis.com\/#\/schema\/person\/b55151d52296fcce64d1a72538a70b90"},"image":{"@id":"https:\/\/apuntesdesanluis.com\/index.php\/2025\/03\/12\/separaron-del-cargo-al-director-de-escuela-que-choco-en-estado-de-ebriedad\/#primaryimage"},"thumbnailUrl":"https:\/\/apuntesdesanluis.com\/wp-content\/uploads\/2025\/03\/DIRECTOR-DE-ESCUELA.png","articleSection":["Ciudad\/Provincia"],"inLanguage":"es-AR"},{"@type":"WebPage","@id":"https:\/\/apuntesdesanluis.com\/index.php\/2025\/03\/12\/separaron-del-cargo-al-director-de-escuela-que-choco-en-estado-de-ebriedad\/","url":"https:\/\/apuntesdesanluis.com\/index.php\/2025\/03\/12\/separaron-del-cargo-al-director-de-escuela-que-choco-en-estado-de-ebriedad\/","name":"SEPARARON DEL CARGO AL DIRECTOR DE ESCUELA QUE CHOC\u00d3 EN ESTADO DE EBRIEDAD - Apuntes de San Luis","isPartOf":{"@id":"https:\/\/apuntesdesanluis.com\/#website"},"primaryImageOfPage":{"@id":"https:\/\/apuntesdesanluis.com\/index.php\/2025\/03\/12\/separaron-del-cargo-al-director-de-escuela-que-choco-en-estado-de-ebriedad\/#primaryimage"},"image":{"@id":"https:\/\/apuntesdesanluis.com\/index.php\/2025\/03\/12\/separaron-del-cargo-al-director-de-escuela-que-choco-en-estado-de-ebriedad\/#primaryimage"},"thumbnailUrl":"https:\/\/apuntesdesanluis.com\/wp-content\/uploads\/2025\/03\/DIRECTOR-DE-ESCUELA.png","datePublished":"2025-03-12T21:16:04+00:00","dateModified":"2025-03-12T21:16:19+00:00","breadcrumb":{"@id":"https:\/\/apuntesdesanluis.com\/index.php\/2025\/03\/12\/separaron-del-cargo-al-director-de-escuela-que-choco-en-estado-de-ebriedad\/#breadcrumb"},"inLanguage":"es-AR","potentialAction":[{"@type":"ReadAction","target":["https:\/\/apuntesdesanluis.com\/index.php\/2025\/03\/12\/separaron-del-cargo-al-director-de-escuela-que-choco-en-estado-de-ebriedad\/"]}]},{"@type":"ImageObject","inLanguage":"es-AR","@id":"https:\/\/apuntesdesanluis.com\/index.php\/2025\/03\/12\/separaron-del-cargo-al-director-de-escuela-que-choco-en-estado-de-ebriedad\/#primaryimage","url":"https:\/\/apuntesdesanluis.com\/wp-content\/uploads\/2025\/03\/DIRECTOR-DE-ESCUELA.png","contentUrl":"https:\/\/apuntesdesanluis.com\/wp-content\/uploads\/2025\/03\/DIRECTOR-DE-ESCUELA.png","width":700,"height":462},{"@type":"BreadcrumbList","@id":"https:\/\/apuntesdesanluis.com\/index.php\/2025\/03\/12\/separaron-del-cargo-al-director-de-escuela-que-choco-en-estado-de-ebriedad\/#breadcrumb","itemListElement":[{"@type":"ListItem","position":1,"name":"Inicio","item":"https:\/\/apuntesdesanluis.com\/"},{"@type":"ListItem","position":2,"name":"SEPARARON DEL CARGO AL DIRECTOR DE ESCUELA QUE CHOC\u00d3 EN ESTADO DE EBRIEDAD"}]},{"@type":"WebSite","@id":"https:\/\/apuntesdesanluis.com\/#website","url":"https:\/\/apuntesdesanluis.com\/","name":"Apuntes de San Luis","description":"","publisher":{"@id":"https:\/\/apuntesdesanluis.com\/#\/schema\/person\/b55151d52296fcce64d1a72538a70b90"},"potentialAction":[{"@type":"SearchAction","target":{"@type":"EntryPoint","urlTemplate":"https:\/\/apuntesdesanluis.com\/?s={search_term_string}"},"query-input":{"@type":"PropertyValueSpecification","valueRequired":true,"valueName":"search_term_string"}}],"inLanguage":"es-AR"},{"@type":["Person","Organization"],"@id":"https:\/\/apuntesdesanluis.com\/#\/schema\/person\/b55151d52296fcce64d1a72538a70b90","name":"apuntesdesanluis.com","image":{"@type":"ImageObject","inLanguage":"es-AR","@id":"https:\/\/apuntesdesanluis.com\/#\/schema\/person\/image\/","url":"https:\/\/apuntesdesanluis.com\/wp-content\/uploads\/2023\/07\/cropped-apuntesdesanluis.png","contentUrl":"https:\/\/apuntesdesanluis.com\/wp-content\/uploads\/2023\/07\/cropped-apuntesdesanluis.png","width":450,"height":112,"caption":"apuntesdesanluis.com"},"logo":{"@id":"https:\/\/apuntesdesanluis.com\/#\/schema\/person\/image\/"},"sameAs":["https:\/\/apuntesdesanluis.com"],"url":"https:\/\/apuntesdesanluis.com\/index.php\/author\/apuntesdesanluis-com\/"}]}},"featured_image_urls":{"full":["https:\/\/apuntesdesanluis.com\/wp-content\/uploads\/2025\/03\/DIRECTOR-DE-ESCUELA.png",700,462,false],"thumbnail":["https:\/\/apuntesdesanluis.com\/wp-content\/uploads\/2025\/03\/DIRECTOR-DE-ESCUELA-150x150.png",150,150,true],"medium":["https:\/\/apuntesdesanluis.com\/wp-content\/uploads\/2025\/03\/DIRECTOR-DE-ESCUELA-300x198.png",300,198,true],"medium_large":["https:\/\/apuntesdesanluis.com\/wp-content\/uploads\/2025\/03\/DIRECTOR-DE-ESCUELA.png",640,422,false],"large":["https:\/\/apuntesdesanluis.com\/wp-content\/uploads\/2025\/03\/DIRECTOR-DE-ESCUELA.png",640,422,false],"1536x1536":["https:\/\/apuntesdesanluis.com\/wp-content\/uploads\/2025\/03\/DIRECTOR-DE-ESCUELA.png",700,462,false],"2048x2048":["https:\/\/apuntesdesanluis.com\/wp-content\/uploads\/2025\/03\/DIRECTOR-DE-ESCUELA.png",700,462,false],"newsever-slider-full":["https:\/\/apuntesdesanluis.com\/wp-content\/uploads\/2025\/03\/DIRECTOR-DE-ESCUELA.png",700,462,false],"newsever-featured":["https:\/\/apuntesdesanluis.com\/wp-content\/uploads\/2025\/03\/DIRECTOR-DE-ESCUELA.png",700,462,false],"newsever-medium":["https:\/\/apuntesdesanluis.com\/wp-content\/uploads\/2025\/03\/DIRECTOR-DE-ESCUELA.png",700,462,false]},"author_info":{"display_name":"apuntesdesanluis.com","author_link":"https:\/\/apuntesdesanluis.com\/index.php\/author\/apuntesdesanluis-com\/"},"category_info":"<a href=\"https:\/\/apuntesdesanluis.com\/index.php\/category\/ciudad-provincia\/\" rel=\"category tag\">Ciudad\/Provincia<\/a>","tag_info":"Ciudad\/Provincia","comment_count":"0","_links":{"self":[{"href":"https:\/\/apuntesdesanluis.com\/index.php\/wp-json\/wp\/v2\/posts\/30381","targetHints":{"allow":["GET"]}}],"collection":[{"href":"https:\/\/apuntesdesanluis.com\/index.php\/wp-json\/wp\/v2\/posts"}],"about":[{"href":"https:\/\/apuntesdesanluis.com\/index.php\/wp-json\/wp\/v2\/types\/post"}],"author":[{"embeddable":true,"href":"https:\/\/apuntesdesanluis.com\/index.php\/wp-json\/wp\/v2\/users\/1"}],"replies":[{"embeddable":true,"href":"https:\/\/apuntesdesanluis.com\/index.php\/wp-json\/wp\/v2\/comments?post=30381"}],"version-history":[{"count":1,"href":"https:\/\/apuntesdesanluis.com\/index.php\/wp-json\/wp\/v2\/posts\/30381\/revisions"}],"predecessor-version":[{"id":30384,"href":"https:\/\/apuntesdesanluis.com\/index.php\/wp-json\/wp\/v2\/posts\/30381\/revisions\/30384"}],"wp:featuredmedia":[{"embeddable":true,"href":"https:\/\/apuntesdesanluis.com\/index.php\/wp-json\/wp\/v2\/media\/30382"}],"wp:attachment":[{"href":"https:\/\/apuntesdesanluis.com\/index.php\/wp-json\/wp\/v2\/media?parent=30381"}],"wp:term":[{"taxonomy":"category","embeddable":true,"href":"https:\/\/apuntesdesanluis.com\/index.php\/wp-json\/wp\/v2\/categories?post=30381"},{"taxonomy":"post_tag","embeddable":true,"href":"https:\/\/apuntesdesanluis.com\/index.php\/wp-json\/wp\/v2\/tags?post=30381"}],"curies":[{"name":"wp","href":"https:\/\/api.w.org\/{rel}","templated":true}]}}