{"id":30395,"date":"2025-03-12T19:35:03","date_gmt":"2025-03-12T22:35:03","guid":{"rendered":"https:\/\/apuntesdesanluis.com\/?p=30395"},"modified":"2025-03-12T19:55:55","modified_gmt":"2025-03-12T22:55:55","slug":"en-confuso-episodio-la-policia-demoro-a-una-concejal-en-la-via-publica","status":"publish","type":"post","link":"https:\/\/apuntesdesanluis.com\/index.php\/2025\/03\/12\/en-confuso-episodio-la-policia-demoro-a-una-concejal-en-la-via-publica\/","title":{"rendered":"EN CONFUSO EPISODIO, LA POLIC\u00cdA DEMOR\u00d3 A UNA CONCEJAL EN LA V\u00cdA P\u00daBLICA"},"content":{"rendered":"<h3>Esta ma\u00f1ana se viralizaron im\u00e1genes correspondientes a un control policial en Villa Mercedes, que involucr\u00f3 a la concejal <strong>Virginia Lucero<\/strong> y sus hijos menores. La polic\u00eda admiti\u00f3 que fue un error.<\/h3>\n<h3>A trav\u00e9s de un spot difundido en Instagram por su hermana, la ex diputada <strong>Anabela Lucero<\/strong>, puede escucharse a la legisladora denunciando ser \u201cv\u00edctima de persecuci\u00f3n por ser concejal de la oposici\u00f3n\u201d.<\/h3>\n<h4 style=\"text-align: center;\"><a href=\"https:\/\/www.facebook.com\/AnabelaLucero.Oficial\/videos\/2060838107750072\" target=\"_blank\" rel=\"noopener\"><img fetchpriority=\"high\" decoding=\"async\" class=\"wp-image-30398 aligncenter\" src=\"https:\/\/apuntesdesanluis.com\/wp-content\/uploads\/2025\/03\/imagen-face-300x237.png\" alt=\"\" width=\"667\" height=\"527\" srcset=\"https:\/\/apuntesdesanluis.com\/wp-content\/uploads\/2025\/03\/imagen-face-300x237.png 300w, https:\/\/apuntesdesanluis.com\/wp-content\/uploads\/2025\/03\/imagen-face.png 632w\" sizes=\"(max-width: 667px) 100vw, 667px\" \/><\/a><\/h4>\n<h4 style=\"text-align: center;\"><span style=\"color: #3366ff;\"><em>(Hacer click sobre la imagen)<\/em><\/span><\/h4>\n<h3>\u201cNos persiguen, nos inventan causas y nos acusan sin pruebas contundentes solo entrevistas tomadas por un subcomisario ya denunciado por abuso de poder, montando un circo medi\u00e1tico con fiscales funcionales al poder y medios que ocultan la verdad\u201d, acus\u00f3 la ex titular del Molino F\u00e9nix.<\/h3>\n<h3>\u201c\u00bfEsto es justicia o un mecanismo de disciplinamiento para quienes piensan distinto?\u201d, pregunt\u00f3 ret\u00f3ricamente en su perfil de Instagram.<\/h3>\n<h3>Adem\u00e1s, la ex candidata a intendenta de Villa Mercedes cuestion\u00f3 a la ministra de Seguridad <strong>Nancy Sosa<\/strong> y critic\u00f3 \u201callanamientos irregulares, secuestros ilegales de bienes y aprietes a trabajadores y comerciantes: el abuso de poder es evidente y los medios oficialistas replican la farsa\u201d, fustig\u00f3.<\/h3>\n<h3>\u201cNos persiguen a nosotros, pero ocultan las denuncias reales de corrupci\u00f3n y malversaci\u00f3n de fondos que involucran a su propio Gobierno \u00bfPor qu\u00e9 esas causas no son expuestas con la misma intensidad? \u00bfPor qu\u00e9 el Poder Judicial y los medios callan ante la corrupci\u00f3n real, mientras montan operativos medi\u00e1ticos contra la oposici\u00f3n?\u201d, se\u00f1al\u00f3.<\/h3>\n<h3><strong>COMUNICADO<\/strong><\/h3>\n<h3>En horas de la tarde, el \u00e1rea de prensa de Polic\u00eda de la provincia difundi\u00f3 el siguiente comunicado:<\/h3>\n<h3>\u201cAnte la circulaci\u00f3n de un video en redes sociales, filmado en la v\u00eda p\u00fablica por una conductora durante un control policial de rutina en Villa Mercedes, se informa que la demora moment\u00e1nea del veh\u00edculo se realiz\u00f3 en cumplimiento de un oficio judicial de car\u00e1cter &#8220;urgente&#8221;.<\/h3>\n<h3>Dicha orden fue emitida por el fiscal adjunto Dr. Marcelo Palacio y el fiscal de Instrucci\u00f3n N\u00b03 Dr. Jos\u00e9 Olgu\u00edn, solicitando el secuestro de un autom\u00f3vil con caracter\u00edsticas similares al demorado.<\/h3>\n<h3>Durante el control, el personal procedi\u00f3 a la identificaci\u00f3n, la acreditaci\u00f3n de la documentaci\u00f3n y corroborado los datos se pudo establecer que no se trataba del veh\u00edculo buscado por lo tanto continu\u00f3 con la circulaci\u00f3n normal.<\/h3>\n<h3>Es importante destacar que esta acci\u00f3n del personal policial se realiza en un lapso inferior a loa 5 minutos, tiempo similar al que estuvo demorada la protagonista del video.<\/h3>\n<h3>Se destaca que estos controles son parte del trabajo rutinario de la Polic\u00eda de la provincia y ocurren con el \u00fanico prop\u00f3sito de cumplir con los requerimientos judiciales y garantizar la seguridad en las calles\u201d.<\/h3>\n<h3><strong>DETALLES<\/strong><\/h3>\n<h3>El confuso episodio se da en medio de la tensi\u00f3n generada a partir de la investigaci\u00f3n por el vaciamiento del Molino F\u00e9nix y la Casa de la M\u00fasica, en la que est\u00e1n involucrados varios familiares cercanos a la concejal que milita en el PJ.<\/h3>\n<h3>Prec\u00edsamente su hermana, Anabela Lucero, debe presentarse este viernes a las 8:30 a la audiencia de formulaci\u00f3n de cargos por \u201crobo calificado en poblado y en banda, peculado y defraudaci\u00f3n a la administraci\u00f3n p\u00fablica\u201d que se realizar\u00e1 en los Tribunales de Villa Mercedes.<\/h3>\n<h3>Tambi\u00e9n est\u00e1n citados su pareja, el diputado provincial <strong>Joaqu\u00edn Beltr\u00e1n<\/strong>; su cu\u00f1ado, <strong>Exequiel<\/strong> <strong>Scarel <\/strong>(esposo de Virginia); su hermano, <strong>Enzo Lucero<\/strong> (ex jefe de Eventos) y el ex coordinador del Teatro, <strong>Diego Torres<\/strong>.<\/h3>\n<p>&nbsp;<\/p>\n<p>&nbsp;<\/p>\n<p>&nbsp;<\/p>\n<p>&nbsp;<\/p>\n<p>&nbsp;<\/p>\n<p>&nbsp;<\/p>\n<p>&nbsp;<\/p>\n<p>&nbsp;<\/p>\n<p>&nbsp;<\/p>\n","protected":false},"excerpt":{"rendered":"<p>Esta ma\u00f1ana se viralizaron im\u00e1genes correspondientes a un control policial en Villa Mercedes, que involucr\u00f3&#8230;<\/p>\n","protected":false},"author":1,"featured_media":30396,"comment_status":"closed","ping_status":"closed","sticky":false,"template":"","format":"standard","meta":{"footnotes":""},"categories":[9],"tags":[],"class_list":["post-30395","post","type-post","status-publish","format-standard","has-post-thumbnail","hentry","category-opinion"],"yoast_head":"<!-- This site is optimized with the Yoast SEO plugin v26.1.1 - https:\/\/yoast.com\/wordpress\/plugins\/seo\/ -->\n<title>EN CONFUSO EPISODIO, LA POLIC\u00cdA DEMOR\u00d3 A UNA CONCEJAL EN LA V\u00cdA P\u00daBLICA - Apuntes de San Luis<\/title>\n<meta name=\"robots\" content=\"index, follow, max-snippet:-1, max-image-preview:large, max-video-preview:-1\" \/>\n<link rel=\"canonical\" href=\"https:\/\/apuntesdesanluis.com\/index.php\/2025\/03\/12\/en-confuso-episodio-la-policia-demoro-a-una-concejal-en-la-via-publica\/\" \/>\n<meta property=\"og:locale\" content=\"es_ES\" \/>\n<meta property=\"og:type\" content=\"article\" \/>\n<meta property=\"og:title\" content=\"EN CONFUSO EPISODIO, LA POLIC\u00cdA DEMOR\u00d3 A UNA CONCEJAL EN LA V\u00cdA P\u00daBLICA - Apuntes de San Luis\" \/>\n<meta property=\"og:description\" content=\"Esta ma\u00f1ana se viralizaron im\u00e1genes correspondientes a un control policial en Villa Mercedes, que involucr\u00f3...\" \/>\n<meta property=\"og:url\" content=\"https:\/\/apuntesdesanluis.com\/index.php\/2025\/03\/12\/en-confuso-episodio-la-policia-demoro-a-una-concejal-en-la-via-publica\/\" \/>\n<meta property=\"og:site_name\" content=\"Apuntes de San Luis\" \/>\n<meta property=\"article:published_time\" content=\"2025-03-12T22:35:03+00:00\" \/>\n<meta property=\"article:modified_time\" content=\"2025-03-12T22:55:55+00:00\" \/>\n<meta property=\"og:image\" content=\"https:\/\/apuntesdesanluis.com\/wp-content\/uploads\/2025\/03\/dos-de-lucero.png\" \/>\n\t<meta property=\"og:image:width\" content=\"456\" \/>\n\t<meta property=\"og:image:height\" content=\"286\" \/>\n\t<meta property=\"og:image:type\" content=\"image\/png\" \/>\n<meta name=\"author\" content=\"apuntesdesanluis.com\" \/>\n<meta name=\"twitter:card\" content=\"summary_large_image\" \/>\n<meta name=\"twitter:label1\" content=\"Escrito por\" \/>\n\t<meta name=\"twitter:data1\" content=\"apuntesdesanluis.com\" \/>\n\t<meta name=\"twitter:label2\" content=\"Tiempo de lectura\" \/>\n\t<meta name=\"twitter:data2\" content=\"3 minutos\" \/>\n<script type=\"application\/ld+json\" class=\"yoast-schema-graph\">{\"@context\":\"https:\/\/schema.org\",\"@graph\":[{\"@type\":\"Article\",\"@id\":\"https:\/\/apuntesdesanluis.com\/index.php\/2025\/03\/12\/en-confuso-episodio-la-policia-demoro-a-una-concejal-en-la-via-publica\/#article\",\"isPartOf\":{\"@id\":\"https:\/\/apuntesdesanluis.com\/index.php\/2025\/03\/12\/en-confuso-episodio-la-policia-demoro-a-una-concejal-en-la-via-publica\/\"},\"author\":{\"name\":\"apuntesdesanluis.com\",\"@id\":\"https:\/\/apuntesdesanluis.com\/#\/schema\/person\/b55151d52296fcce64d1a72538a70b90\"},\"headline\":\"EN CONFUSO EPISODIO, LA POLIC\u00cdA DEMOR\u00d3 A UNA CONCEJAL EN LA V\u00cdA P\u00daBLICA\",\"datePublished\":\"2025-03-12T22:35:03+00:00\",\"dateModified\":\"2025-03-12T22:55:55+00:00\",\"mainEntityOfPage\":{\"@id\":\"https:\/\/apuntesdesanluis.com\/index.php\/2025\/03\/12\/en-confuso-episodio-la-policia-demoro-a-una-concejal-en-la-via-publica\/\"},\"wordCount\":620,\"publisher\":{\"@id\":\"https:\/\/apuntesdesanluis.com\/#\/schema\/person\/b55151d52296fcce64d1a72538a70b90\"},\"image\":{\"@id\":\"https:\/\/apuntesdesanluis.com\/index.php\/2025\/03\/12\/en-confuso-episodio-la-policia-demoro-a-una-concejal-en-la-via-publica\/#primaryimage\"},\"thumbnailUrl\":\"https:\/\/apuntesdesanluis.com\/wp-content\/uploads\/2025\/03\/dos-de-lucero.png\",\"articleSection\":[\"Opini\u00f3n\"],\"inLanguage\":\"es-AR\"},{\"@type\":\"WebPage\",\"@id\":\"https:\/\/apuntesdesanluis.com\/index.php\/2025\/03\/12\/en-confuso-episodio-la-policia-demoro-a-una-concejal-en-la-via-publica\/\",\"url\":\"https:\/\/apuntesdesanluis.com\/index.php\/2025\/03\/12\/en-confuso-episodio-la-policia-demoro-a-una-concejal-en-la-via-publica\/\",\"name\":\"EN CONFUSO EPISODIO, LA POLIC\u00cdA DEMOR\u00d3 A UNA CONCEJAL EN LA V\u00cdA P\u00daBLICA - Apuntes de San Luis\",\"isPartOf\":{\"@id\":\"https:\/\/apuntesdesanluis.com\/#website\"},\"primaryImageOfPage\":{\"@id\":\"https:\/\/apuntesdesanluis.com\/index.php\/2025\/03\/12\/en-confuso-episodio-la-policia-demoro-a-una-concejal-en-la-via-publica\/#primaryimage\"},\"image\":{\"@id\":\"https:\/\/apuntesdesanluis.com\/index.php\/2025\/03\/12\/en-confuso-episodio-la-policia-demoro-a-una-concejal-en-la-via-publica\/#primaryimage\"},\"thumbnailUrl\":\"https:\/\/apuntesdesanluis.com\/wp-content\/uploads\/2025\/03\/dos-de-lucero.png\",\"datePublished\":\"2025-03-12T22:35:03+00:00\",\"dateModified\":\"2025-03-12T22:55:55+00:00\",\"breadcrumb\":{\"@id\":\"https:\/\/apuntesdesanluis.com\/index.php\/2025\/03\/12\/en-confuso-episodio-la-policia-demoro-a-una-concejal-en-la-via-publica\/#breadcrumb\"},\"inLanguage\":\"es-AR\",\"potentialAction\":[{\"@type\":\"ReadAction\",\"target\":[\"https:\/\/apuntesdesanluis.com\/index.php\/2025\/03\/12\/en-confuso-episodio-la-policia-demoro-a-una-concejal-en-la-via-publica\/\"]}]},{\"@type\":\"ImageObject\",\"inLanguage\":\"es-AR\",\"@id\":\"https:\/\/apuntesdesanluis.com\/index.php\/2025\/03\/12\/en-confuso-episodio-la-policia-demoro-a-una-concejal-en-la-via-publica\/#primaryimage\",\"url\":\"https:\/\/apuntesdesanluis.com\/wp-content\/uploads\/2025\/03\/dos-de-lucero.png\",\"contentUrl\":\"https:\/\/apuntesdesanluis.com\/wp-content\/uploads\/2025\/03\/dos-de-lucero.png\",\"width\":456,\"height\":286},{\"@type\":\"BreadcrumbList\",\"@id\":\"https:\/\/apuntesdesanluis.com\/index.php\/2025\/03\/12\/en-confuso-episodio-la-policia-demoro-a-una-concejal-en-la-via-publica\/#breadcrumb\",\"itemListElement\":[{\"@type\":\"ListItem\",\"position\":1,\"name\":\"Inicio\",\"item\":\"https:\/\/apuntesdesanluis.com\/\"},{\"@type\":\"ListItem\",\"position\":2,\"name\":\"EN CONFUSO EPISODIO, LA POLIC\u00cdA DEMOR\u00d3 A UNA CONCEJAL EN LA V\u00cdA P\u00daBLICA\"}]},{\"@type\":\"WebSite\",\"@id\":\"https:\/\/apuntesdesanluis.com\/#website\",\"url\":\"https:\/\/apuntesdesanluis.com\/\",\"name\":\"Apuntes de San Luis\",\"description\":\"\",\"publisher\":{\"@id\":\"https:\/\/apuntesdesanluis.com\/#\/schema\/person\/b55151d52296fcce64d1a72538a70b90\"},\"potentialAction\":[{\"@type\":\"SearchAction\",\"target\":{\"@type\":\"EntryPoint\",\"urlTemplate\":\"https:\/\/apuntesdesanluis.com\/?s={search_term_string}\"},\"query-input\":{\"@type\":\"PropertyValueSpecification\",\"valueRequired\":true,\"valueName\":\"search_term_string\"}}],\"inLanguage\":\"es-AR\"},{\"@type\":[\"Person\",\"Organization\"],\"@id\":\"https:\/\/apuntesdesanluis.com\/#\/schema\/person\/b55151d52296fcce64d1a72538a70b90\",\"name\":\"apuntesdesanluis.com\",\"image\":{\"@type\":\"ImageObject\",\"inLanguage\":\"es-AR\",\"@id\":\"https:\/\/apuntesdesanluis.com\/#\/schema\/person\/image\/\",\"url\":\"https:\/\/apuntesdesanluis.com\/wp-content\/uploads\/2023\/07\/cropped-apuntesdesanluis.png\",\"contentUrl\":\"https:\/\/apuntesdesanluis.com\/wp-content\/uploads\/2023\/07\/cropped-apuntesdesanluis.png\",\"width\":450,\"height\":112,\"caption\":\"apuntesdesanluis.com\"},\"logo\":{\"@id\":\"https:\/\/apuntesdesanluis.com\/#\/schema\/person\/image\/\"},\"sameAs\":[\"https:\/\/apuntesdesanluis.com\"],\"url\":\"https:\/\/apuntesdesanluis.com\/index.php\/author\/apuntesdesanluis-com\/\"}]}<\/script>\n<!-- \/ Yoast SEO plugin. -->","yoast_head_json":{"title":"EN CONFUSO EPISODIO, LA POLIC\u00cdA DEMOR\u00d3 A UNA CONCEJAL EN LA V\u00cdA P\u00daBLICA - Apuntes de San Luis","robots":{"index":"index","follow":"follow","max-snippet":"max-snippet:-1","max-image-preview":"max-image-preview:large","max-video-preview":"max-video-preview:-1"},"canonical":"https:\/\/apuntesdesanluis.com\/index.php\/2025\/03\/12\/en-confuso-episodio-la-policia-demoro-a-una-concejal-en-la-via-publica\/","og_locale":"es_ES","og_type":"article","og_title":"EN CONFUSO EPISODIO, LA POLIC\u00cdA DEMOR\u00d3 A UNA CONCEJAL EN LA V\u00cdA P\u00daBLICA - Apuntes de San Luis","og_description":"Esta ma\u00f1ana se viralizaron im\u00e1genes correspondientes a un control policial en Villa Mercedes, que involucr\u00f3...","og_url":"https:\/\/apuntesdesanluis.com\/index.php\/2025\/03\/12\/en-confuso-episodio-la-policia-demoro-a-una-concejal-en-la-via-publica\/","og_site_name":"Apuntes de San Luis","article_published_time":"2025-03-12T22:35:03+00:00","article_modified_time":"2025-03-12T22:55:55+00:00","og_image":[{"width":456,"height":286,"url":"https:\/\/apuntesdesanluis.com\/wp-content\/uploads\/2025\/03\/dos-de-lucero.png","type":"image\/png"}],"author":"apuntesdesanluis.com","twitter_card":"summary_large_image","twitter_misc":{"Escrito por":"apuntesdesanluis.com","Tiempo de lectura":"3 minutos"},"schema":{"@context":"https:\/\/schema.org","@graph":[{"@type":"Article","@id":"https:\/\/apuntesdesanluis.com\/index.php\/2025\/03\/12\/en-confuso-episodio-la-policia-demoro-a-una-concejal-en-la-via-publica\/#article","isPartOf":{"@id":"https:\/\/apuntesdesanluis.com\/index.php\/2025\/03\/12\/en-confuso-episodio-la-policia-demoro-a-una-concejal-en-la-via-publica\/"},"author":{"name":"apuntesdesanluis.com","@id":"https:\/\/apuntesdesanluis.com\/#\/schema\/person\/b55151d52296fcce64d1a72538a70b90"},"headline":"EN CONFUSO EPISODIO, LA POLIC\u00cdA DEMOR\u00d3 A UNA CONCEJAL EN LA V\u00cdA P\u00daBLICA","datePublished":"2025-03-12T22:35:03+00:00","dateModified":"2025-03-12T22:55:55+00:00","mainEntityOfPage":{"@id":"https:\/\/apuntesdesanluis.com\/index.php\/2025\/03\/12\/en-confuso-episodio-la-policia-demoro-a-una-concejal-en-la-via-publica\/"},"wordCount":620,"publisher":{"@id":"https:\/\/apuntesdesanluis.com\/#\/schema\/person\/b55151d52296fcce64d1a72538a70b90"},"image":{"@id":"https:\/\/apuntesdesanluis.com\/index.php\/2025\/03\/12\/en-confuso-episodio-la-policia-demoro-a-una-concejal-en-la-via-publica\/#primaryimage"},"thumbnailUrl":"https:\/\/apuntesdesanluis.com\/wp-content\/uploads\/2025\/03\/dos-de-lucero.png","articleSection":["Opini\u00f3n"],"inLanguage":"es-AR"},{"@type":"WebPage","@id":"https:\/\/apuntesdesanluis.com\/index.php\/2025\/03\/12\/en-confuso-episodio-la-policia-demoro-a-una-concejal-en-la-via-publica\/","url":"https:\/\/apuntesdesanluis.com\/index.php\/2025\/03\/12\/en-confuso-episodio-la-policia-demoro-a-una-concejal-en-la-via-publica\/","name":"EN CONFUSO EPISODIO, LA POLIC\u00cdA DEMOR\u00d3 A UNA CONCEJAL EN LA V\u00cdA P\u00daBLICA - Apuntes de San Luis","isPartOf":{"@id":"https:\/\/apuntesdesanluis.com\/#website"},"primaryImageOfPage":{"@id":"https:\/\/apuntesdesanluis.com\/index.php\/2025\/03\/12\/en-confuso-episodio-la-policia-demoro-a-una-concejal-en-la-via-publica\/#primaryimage"},"image":{"@id":"https:\/\/apuntesdesanluis.com\/index.php\/2025\/03\/12\/en-confuso-episodio-la-policia-demoro-a-una-concejal-en-la-via-publica\/#primaryimage"},"thumbnailUrl":"https:\/\/apuntesdesanluis.com\/wp-content\/uploads\/2025\/03\/dos-de-lucero.png","datePublished":"2025-03-12T22:35:03+00:00","dateModified":"2025-03-12T22:55:55+00:00","breadcrumb":{"@id":"https:\/\/apuntesdesanluis.com\/index.php\/2025\/03\/12\/en-confuso-episodio-la-policia-demoro-a-una-concejal-en-la-via-publica\/#breadcrumb"},"inLanguage":"es-AR","potentialAction":[{"@type":"ReadAction","target":["https:\/\/apuntesdesanluis.com\/index.php\/2025\/03\/12\/en-confuso-episodio-la-policia-demoro-a-una-concejal-en-la-via-publica\/"]}]},{"@type":"ImageObject","inLanguage":"es-AR","@id":"https:\/\/apuntesdesanluis.com\/index.php\/2025\/03\/12\/en-confuso-episodio-la-policia-demoro-a-una-concejal-en-la-via-publica\/#primaryimage","url":"https:\/\/apuntesdesanluis.com\/wp-content\/uploads\/2025\/03\/dos-de-lucero.png","contentUrl":"https:\/\/apuntesdesanluis.com\/wp-content\/uploads\/2025\/03\/dos-de-lucero.png","width":456,"height":286},{"@type":"BreadcrumbList","@id":"https:\/\/apuntesdesanluis.com\/index.php\/2025\/03\/12\/en-confuso-episodio-la-policia-demoro-a-una-concejal-en-la-via-publica\/#breadcrumb","itemListElement":[{"@type":"ListItem","position":1,"name":"Inicio","item":"https:\/\/apuntesdesanluis.com\/"},{"@type":"ListItem","position":2,"name":"EN CONFUSO EPISODIO, LA POLIC\u00cdA DEMOR\u00d3 A UNA CONCEJAL EN LA V\u00cdA P\u00daBLICA"}]},{"@type":"WebSite","@id":"https:\/\/apuntesdesanluis.com\/#website","url":"https:\/\/apuntesdesanluis.com\/","name":"Apuntes de San Luis","description":"","publisher":{"@id":"https:\/\/apuntesdesanluis.com\/#\/schema\/person\/b55151d52296fcce64d1a72538a70b90"},"potentialAction":[{"@type":"SearchAction","target":{"@type":"EntryPoint","urlTemplate":"https:\/\/apuntesdesanluis.com\/?s={search_term_string}"},"query-input":{"@type":"PropertyValueSpecification","valueRequired":true,"valueName":"search_term_string"}}],"inLanguage":"es-AR"},{"@type":["Person","Organization"],"@id":"https:\/\/apuntesdesanluis.com\/#\/schema\/person\/b55151d52296fcce64d1a72538a70b90","name":"apuntesdesanluis.com","image":{"@type":"ImageObject","inLanguage":"es-AR","@id":"https:\/\/apuntesdesanluis.com\/#\/schema\/person\/image\/","url":"https:\/\/apuntesdesanluis.com\/wp-content\/uploads\/2023\/07\/cropped-apuntesdesanluis.png","contentUrl":"https:\/\/apuntesdesanluis.com\/wp-content\/uploads\/2023\/07\/cropped-apuntesdesanluis.png","width":450,"height":112,"caption":"apuntesdesanluis.com"},"logo":{"@id":"https:\/\/apuntesdesanluis.com\/#\/schema\/person\/image\/"},"sameAs":["https:\/\/apuntesdesanluis.com"],"url":"https:\/\/apuntesdesanluis.com\/index.php\/author\/apuntesdesanluis-com\/"}]}},"featured_image_urls":{"full":["https:\/\/apuntesdesanluis.com\/wp-content\/uploads\/2025\/03\/dos-de-lucero.png",456,286,false],"thumbnail":["https:\/\/apuntesdesanluis.com\/wp-content\/uploads\/2025\/03\/dos-de-lucero-150x150.png",150,150,true],"medium":["https:\/\/apuntesdesanluis.com\/wp-content\/uploads\/2025\/03\/dos-de-lucero-300x188.png",300,188,true],"medium_large":["https:\/\/apuntesdesanluis.com\/wp-content\/uploads\/2025\/03\/dos-de-lucero.png",456,286,false],"large":["https:\/\/apuntesdesanluis.com\/wp-content\/uploads\/2025\/03\/dos-de-lucero.png",456,286,false],"1536x1536":["https:\/\/apuntesdesanluis.com\/wp-content\/uploads\/2025\/03\/dos-de-lucero.png",456,286,false],"2048x2048":["https:\/\/apuntesdesanluis.com\/wp-content\/uploads\/2025\/03\/dos-de-lucero.png",456,286,false],"newsever-slider-full":["https:\/\/apuntesdesanluis.com\/wp-content\/uploads\/2025\/03\/dos-de-lucero.png",456,286,false],"newsever-featured":["https:\/\/apuntesdesanluis.com\/wp-content\/uploads\/2025\/03\/dos-de-lucero.png",456,286,false],"newsever-medium":["https:\/\/apuntesdesanluis.com\/wp-content\/uploads\/2025\/03\/dos-de-lucero.png",456,286,false]},"author_info":{"display_name":"apuntesdesanluis.com","author_link":"https:\/\/apuntesdesanluis.com\/index.php\/author\/apuntesdesanluis-com\/"},"category_info":"<a href=\"https:\/\/apuntesdesanluis.com\/index.php\/category\/opinion\/\" rel=\"category tag\">Opini\u00f3n<\/a>","tag_info":"Opini\u00f3n","comment_count":"0","_links":{"self":[{"href":"https:\/\/apuntesdesanluis.com\/index.php\/wp-json\/wp\/v2\/posts\/30395","targetHints":{"allow":["GET"]}}],"collection":[{"href":"https:\/\/apuntesdesanluis.com\/index.php\/wp-json\/wp\/v2\/posts"}],"about":[{"href":"https:\/\/apuntesdesanluis.com\/index.php\/wp-json\/wp\/v2\/types\/post"}],"author":[{"embeddable":true,"href":"https:\/\/apuntesdesanluis.com\/index.php\/wp-json\/wp\/v2\/users\/1"}],"replies":[{"embeddable":true,"href":"https:\/\/apuntesdesanluis.com\/index.php\/wp-json\/wp\/v2\/comments?post=30395"}],"version-history":[{"count":6,"href":"https:\/\/apuntesdesanluis.com\/index.php\/wp-json\/wp\/v2\/posts\/30395\/revisions"}],"predecessor-version":[{"id":30403,"href":"https:\/\/apuntesdesanluis.com\/index.php\/wp-json\/wp\/v2\/posts\/30395\/revisions\/30403"}],"wp:featuredmedia":[{"embeddable":true,"href":"https:\/\/apuntesdesanluis.com\/index.php\/wp-json\/wp\/v2\/media\/30396"}],"wp:attachment":[{"href":"https:\/\/apuntesdesanluis.com\/index.php\/wp-json\/wp\/v2\/media?parent=30395"}],"wp:term":[{"taxonomy":"category","embeddable":true,"href":"https:\/\/apuntesdesanluis.com\/index.php\/wp-json\/wp\/v2\/categories?post=30395"},{"taxonomy":"post_tag","embeddable":true,"href":"https:\/\/apuntesdesanluis.com\/index.php\/wp-json\/wp\/v2\/tags?post=30395"}],"curies":[{"name":"wp","href":"https:\/\/api.w.org\/{rel}","templated":true}]}}