{"id":304,"date":"2023-07-24T19:40:17","date_gmt":"2023-07-24T22:40:17","guid":{"rendered":"https:\/\/apuntesdesanluis.com\/?p=304"},"modified":"2023-07-24T19:40:17","modified_gmt":"2023-07-24T22:40:17","slug":"vulpiani-suspenden-audiencia-de-apelacion-por-planteos-del-abogado-de-los-ambientalistas","status":"publish","type":"post","link":"https:\/\/apuntesdesanluis.com\/index.php\/2023\/07\/24\/vulpiani-suspenden-audiencia-de-apelacion-por-planteos-del-abogado-de-los-ambientalistas\/","title":{"rendered":"VULPIANI: SUSPENDEN AUDIENCIA DE APELACI\u00d3N POR PLANTEOS DEL ABOGADO DE LOS AMBIENTALISTAS"},"content":{"rendered":"<h3>El Tribunal de Impugnaciones de la Primera Circunscripci\u00f3n suspendi\u00f3 la audiencia de apelaci\u00f3n solicitada por la Fiscal\u00eda N\u00b0 4.<\/h3>\n<h3>La decisi\u00f3n de los jueces se debi\u00f3 a que el abogado <strong>Gustavo Quiroga<\/strong>, representante de los integrantes de la Asamblea Ciudadana en Defensa del Vulpiani, realiz\u00f3 una serie de planteos que deber\u00e1n ser analizados por el tribunal para luego fijar una nueva fecha de audiencia.<\/h3>\n<h3>\u201cLa audiencia se suspendi\u00f3 en virtud de una serie de presentaciones realizadas por el Dr. Quiroga donde solicit\u00f3, entre otras cuestiones, participar de la audiencia, no obstante, no se extrae de las constancias de la causa qu\u00e9 rol ostentar\u00eda. Por tanto, siendo necesario resolver esos planteos antes de la audiencia, previo dictamen fiscal. Cabe destacar que posteriormente se fijar\u00e1 nuevamente la audiencia\u201d, inform\u00f3 la jueza Laura Molino, presidente del Tribunal de Impugnaciones.<\/h3>\n<h3>El abogado adem\u00e1s solicit\u00f3 que la causa sea competencia de un fuero Civil y Ambiental y no del fuero Penal. La audiencia en el Tribunal de Impugnaciones hab\u00eda sido fijada para este lunes a las 9 horas, luego de que el Juzgado de Garant\u00edas N\u00b0 3 no hiciera lugar al pedido de desalojo de un grupo de personas que acampan en el predio del Acueducto Vulpiani de Juana Koslay en rechazo a una obra que el Gobierno provincial anunci\u00f3 en el lugar.<\/h3>\n<p><img fetchpriority=\"high\" decoding=\"async\" class=\"wp-image-305 aligncenter\" src=\"https:\/\/apuntesdesanluis.com\/wp-content\/uploads\/2023\/07\/abogado-gustavo-quiroga-300x213.png\" alt=\"\" width=\"603\" height=\"428\" srcset=\"https:\/\/apuntesdesanluis.com\/wp-content\/uploads\/2023\/07\/abogado-gustavo-quiroga-300x213.png 300w, https:\/\/apuntesdesanluis.com\/wp-content\/uploads\/2023\/07\/abogado-gustavo-quiroga.png 545w\" sizes=\"(max-width: 603px) 100vw, 603px\" \/><\/p>\n<h3>Quiroga asegur\u00f3 que desde la Justicia \u201ctrataron de criminalizar el acampe, considerando que son eventualmente delincuentes, y desde el punto de vista del derecho ambiental, son defensores del medioambiente protegidos por un acuerdo internacional que se llama Escaz\u00fa\u201d.<\/h3>\n<h3>El hombre de derecho adelant\u00f3 adem\u00e1s que en caso de que la Justicia dictamine el desalojo, apelar\u00e1n la medida.<\/h3>\n<h3><strong>PROTESTA<\/strong><\/h3>\n<h3>Los asamble\u00edstas realizaron una protesta este lunes en horas de la ma\u00f1ana frente a las escalinatas del Superior Tribunal de Justicia.<\/h3>\n<h3><strong>Mar\u00eda Jos\u00e9 Escudero<\/strong> en conferencia de prensa afirm\u00f3 que continuar\u00e1n con el acampe, que ya lleva m\u00e1s de tres semanas, en el acueducto hasta que desde el Gobierno se anuncie el cese definitivo de la obra que quiere desarrollar en ese lugar.<\/h3>\n<p><img decoding=\"async\" class=\"wp-image-306 aligncenter\" src=\"https:\/\/apuntesdesanluis.com\/wp-content\/uploads\/2023\/07\/asambleista-dique-vulpiani-300x225.png\" alt=\"\" width=\"611\" height=\"458\" srcset=\"https:\/\/apuntesdesanluis.com\/wp-content\/uploads\/2023\/07\/asambleista-dique-vulpiani-300x225.png 300w, https:\/\/apuntesdesanluis.com\/wp-content\/uploads\/2023\/07\/asambleista-dique-vulpiani.png 475w\" sizes=\"(max-width: 611px) 100vw, 611px\" \/><\/p>\n<h3>En ese sentido, dijo que eso es lo \u00fanico que detienen las tareas. \u201cNo estamos siendo escuchados y de no ser porque estamos acampando ah\u00ed, las m\u00e1quinas estar\u00edan avanzando\u201d, se\u00f1al\u00f3.<\/h3>\n<h3>Por \u00faltimo, Escudero asegur\u00f3 que todav\u00eda no reciben una respuesta sobre el proyecto de reserva municipal que le presentaron al intendente Jorge \u201cToti\u201d Videla.<\/h3>\n<h4><em><strong>(IM\u00c1GENES: GENTILEZA LA GACETA DIGITAL)<\/strong><\/em><\/h4>\n","protected":false},"excerpt":{"rendered":"<p>El Tribunal de Impugnaciones de la Primera Circunscripci\u00f3n suspendi\u00f3 la audiencia de apelaci\u00f3n solicitada por&#8230;<\/p>\n","protected":false},"author":1,"featured_media":307,"comment_status":"closed","ping_status":"closed","sticky":false,"template":"","format":"standard","meta":{"footnotes":""},"categories":[6],"tags":[],"class_list":["post-304","post","type-post","status-publish","format-standard","has-post-thumbnail","hentry","category-ciudad-provincia"],"yoast_head":"<!-- This site is optimized with the Yoast SEO plugin v26.1.1 - https:\/\/yoast.com\/wordpress\/plugins\/seo\/ -->\n<title>VULPIANI: SUSPENDEN AUDIENCIA DE APELACI\u00d3N POR PLANTEOS DEL ABOGADO DE LOS AMBIENTALISTAS - Apuntes de San Luis<\/title>\n<meta name=\"robots\" content=\"index, follow, max-snippet:-1, max-image-preview:large, max-video-preview:-1\" \/>\n<link rel=\"canonical\" href=\"https:\/\/apuntesdesanluis.com\/index.php\/2023\/07\/24\/vulpiani-suspenden-audiencia-de-apelacion-por-planteos-del-abogado-de-los-ambientalistas\/\" \/>\n<meta property=\"og:locale\" content=\"es_ES\" \/>\n<meta property=\"og:type\" content=\"article\" \/>\n<meta property=\"og:title\" content=\"VULPIANI: SUSPENDEN AUDIENCIA DE APELACI\u00d3N POR PLANTEOS DEL ABOGADO DE LOS AMBIENTALISTAS - Apuntes de San Luis\" \/>\n<meta property=\"og:description\" content=\"El Tribunal de Impugnaciones de la Primera Circunscripci\u00f3n suspendi\u00f3 la audiencia de apelaci\u00f3n solicitada por...\" \/>\n<meta property=\"og:url\" content=\"https:\/\/apuntesdesanluis.com\/index.php\/2023\/07\/24\/vulpiani-suspenden-audiencia-de-apelacion-por-planteos-del-abogado-de-los-ambientalistas\/\" \/>\n<meta property=\"og:site_name\" content=\"Apuntes de San Luis\" \/>\n<meta property=\"article:published_time\" content=\"2023-07-24T22:40:17+00:00\" \/>\n<meta property=\"og:image\" content=\"https:\/\/apuntesdesanluis.com\/wp-content\/uploads\/2023\/07\/acampe-dique-vulpiani.png\" \/>\n\t<meta property=\"og:image:width\" content=\"964\" \/>\n\t<meta property=\"og:image:height\" content=\"619\" \/>\n\t<meta property=\"og:image:type\" content=\"image\/png\" \/>\n<meta name=\"author\" content=\"apuntesdesanluis.com\" \/>\n<meta name=\"twitter:card\" content=\"summary_large_image\" \/>\n<meta name=\"twitter:label1\" content=\"Escrito por\" \/>\n\t<meta name=\"twitter:data1\" content=\"apuntesdesanluis.com\" \/>\n\t<meta name=\"twitter:label2\" content=\"Tiempo de lectura\" \/>\n\t<meta name=\"twitter:data2\" content=\"3 minutos\" \/>\n<script type=\"application\/ld+json\" class=\"yoast-schema-graph\">{\"@context\":\"https:\/\/schema.org\",\"@graph\":[{\"@type\":\"Article\",\"@id\":\"https:\/\/apuntesdesanluis.com\/index.php\/2023\/07\/24\/vulpiani-suspenden-audiencia-de-apelacion-por-planteos-del-abogado-de-los-ambientalistas\/#article\",\"isPartOf\":{\"@id\":\"https:\/\/apuntesdesanluis.com\/index.php\/2023\/07\/24\/vulpiani-suspenden-audiencia-de-apelacion-por-planteos-del-abogado-de-los-ambientalistas\/\"},\"author\":{\"name\":\"apuntesdesanluis.com\",\"@id\":\"https:\/\/apuntesdesanluis.com\/#\/schema\/person\/b55151d52296fcce64d1a72538a70b90\"},\"headline\":\"VULPIANI: SUSPENDEN AUDIENCIA DE APELACI\u00d3N POR PLANTEOS DEL ABOGADO DE LOS AMBIENTALISTAS\",\"datePublished\":\"2023-07-24T22:40:17+00:00\",\"mainEntityOfPage\":{\"@id\":\"https:\/\/apuntesdesanluis.com\/index.php\/2023\/07\/24\/vulpiani-suspenden-audiencia-de-apelacion-por-planteos-del-abogado-de-los-ambientalistas\/\"},\"wordCount\":429,\"publisher\":{\"@id\":\"https:\/\/apuntesdesanluis.com\/#\/schema\/person\/b55151d52296fcce64d1a72538a70b90\"},\"image\":{\"@id\":\"https:\/\/apuntesdesanluis.com\/index.php\/2023\/07\/24\/vulpiani-suspenden-audiencia-de-apelacion-por-planteos-del-abogado-de-los-ambientalistas\/#primaryimage\"},\"thumbnailUrl\":\"https:\/\/apuntesdesanluis.com\/wp-content\/uploads\/2023\/07\/acampe-dique-vulpiani.png\",\"articleSection\":[\"Ciudad\/Provincia\"],\"inLanguage\":\"es-AR\"},{\"@type\":\"WebPage\",\"@id\":\"https:\/\/apuntesdesanluis.com\/index.php\/2023\/07\/24\/vulpiani-suspenden-audiencia-de-apelacion-por-planteos-del-abogado-de-los-ambientalistas\/\",\"url\":\"https:\/\/apuntesdesanluis.com\/index.php\/2023\/07\/24\/vulpiani-suspenden-audiencia-de-apelacion-por-planteos-del-abogado-de-los-ambientalistas\/\",\"name\":\"VULPIANI: SUSPENDEN AUDIENCIA DE APELACI\u00d3N POR PLANTEOS DEL ABOGADO DE LOS AMBIENTALISTAS - Apuntes de San Luis\",\"isPartOf\":{\"@id\":\"https:\/\/apuntesdesanluis.com\/#website\"},\"primaryImageOfPage\":{\"@id\":\"https:\/\/apuntesdesanluis.com\/index.php\/2023\/07\/24\/vulpiani-suspenden-audiencia-de-apelacion-por-planteos-del-abogado-de-los-ambientalistas\/#primaryimage\"},\"image\":{\"@id\":\"https:\/\/apuntesdesanluis.com\/index.php\/2023\/07\/24\/vulpiani-suspenden-audiencia-de-apelacion-por-planteos-del-abogado-de-los-ambientalistas\/#primaryimage\"},\"thumbnailUrl\":\"https:\/\/apuntesdesanluis.com\/wp-content\/uploads\/2023\/07\/acampe-dique-vulpiani.png\",\"datePublished\":\"2023-07-24T22:40:17+00:00\",\"breadcrumb\":{\"@id\":\"https:\/\/apuntesdesanluis.com\/index.php\/2023\/07\/24\/vulpiani-suspenden-audiencia-de-apelacion-por-planteos-del-abogado-de-los-ambientalistas\/#breadcrumb\"},\"inLanguage\":\"es-AR\",\"potentialAction\":[{\"@type\":\"ReadAction\",\"target\":[\"https:\/\/apuntesdesanluis.com\/index.php\/2023\/07\/24\/vulpiani-suspenden-audiencia-de-apelacion-por-planteos-del-abogado-de-los-ambientalistas\/\"]}]},{\"@type\":\"ImageObject\",\"inLanguage\":\"es-AR\",\"@id\":\"https:\/\/apuntesdesanluis.com\/index.php\/2023\/07\/24\/vulpiani-suspenden-audiencia-de-apelacion-por-planteos-del-abogado-de-los-ambientalistas\/#primaryimage\",\"url\":\"https:\/\/apuntesdesanluis.com\/wp-content\/uploads\/2023\/07\/acampe-dique-vulpiani.png\",\"contentUrl\":\"https:\/\/apuntesdesanluis.com\/wp-content\/uploads\/2023\/07\/acampe-dique-vulpiani.png\",\"width\":964,\"height\":619},{\"@type\":\"BreadcrumbList\",\"@id\":\"https:\/\/apuntesdesanluis.com\/index.php\/2023\/07\/24\/vulpiani-suspenden-audiencia-de-apelacion-por-planteos-del-abogado-de-los-ambientalistas\/#breadcrumb\",\"itemListElement\":[{\"@type\":\"ListItem\",\"position\":1,\"name\":\"Inicio\",\"item\":\"https:\/\/apuntesdesanluis.com\/\"},{\"@type\":\"ListItem\",\"position\":2,\"name\":\"VULPIANI: SUSPENDEN AUDIENCIA DE APELACI\u00d3N POR PLANTEOS DEL ABOGADO DE LOS AMBIENTALISTAS\"}]},{\"@type\":\"WebSite\",\"@id\":\"https:\/\/apuntesdesanluis.com\/#website\",\"url\":\"https:\/\/apuntesdesanluis.com\/\",\"name\":\"Apuntes de San Luis\",\"description\":\"\",\"publisher\":{\"@id\":\"https:\/\/apuntesdesanluis.com\/#\/schema\/person\/b55151d52296fcce64d1a72538a70b90\"},\"potentialAction\":[{\"@type\":\"SearchAction\",\"target\":{\"@type\":\"EntryPoint\",\"urlTemplate\":\"https:\/\/apuntesdesanluis.com\/?s={search_term_string}\"},\"query-input\":{\"@type\":\"PropertyValueSpecification\",\"valueRequired\":true,\"valueName\":\"search_term_string\"}}],\"inLanguage\":\"es-AR\"},{\"@type\":[\"Person\",\"Organization\"],\"@id\":\"https:\/\/apuntesdesanluis.com\/#\/schema\/person\/b55151d52296fcce64d1a72538a70b90\",\"name\":\"apuntesdesanluis.com\",\"image\":{\"@type\":\"ImageObject\",\"inLanguage\":\"es-AR\",\"@id\":\"https:\/\/apuntesdesanluis.com\/#\/schema\/person\/image\/\",\"url\":\"https:\/\/apuntesdesanluis.com\/wp-content\/uploads\/2023\/07\/cropped-apuntesdesanluis.png\",\"contentUrl\":\"https:\/\/apuntesdesanluis.com\/wp-content\/uploads\/2023\/07\/cropped-apuntesdesanluis.png\",\"width\":450,\"height\":112,\"caption\":\"apuntesdesanluis.com\"},\"logo\":{\"@id\":\"https:\/\/apuntesdesanluis.com\/#\/schema\/person\/image\/\"},\"sameAs\":[\"https:\/\/apuntesdesanluis.com\"],\"url\":\"https:\/\/apuntesdesanluis.com\/index.php\/author\/apuntesdesanluis-com\/\"}]}<\/script>\n<!-- \/ Yoast SEO plugin. -->","yoast_head_json":{"title":"VULPIANI: SUSPENDEN AUDIENCIA DE APELACI\u00d3N POR PLANTEOS DEL ABOGADO DE LOS AMBIENTALISTAS - Apuntes de San Luis","robots":{"index":"index","follow":"follow","max-snippet":"max-snippet:-1","max-image-preview":"max-image-preview:large","max-video-preview":"max-video-preview:-1"},"canonical":"https:\/\/apuntesdesanluis.com\/index.php\/2023\/07\/24\/vulpiani-suspenden-audiencia-de-apelacion-por-planteos-del-abogado-de-los-ambientalistas\/","og_locale":"es_ES","og_type":"article","og_title":"VULPIANI: SUSPENDEN AUDIENCIA DE APELACI\u00d3N POR PLANTEOS DEL ABOGADO DE LOS AMBIENTALISTAS - Apuntes de San Luis","og_description":"El Tribunal de Impugnaciones de la Primera Circunscripci\u00f3n suspendi\u00f3 la audiencia de apelaci\u00f3n solicitada por...","og_url":"https:\/\/apuntesdesanluis.com\/index.php\/2023\/07\/24\/vulpiani-suspenden-audiencia-de-apelacion-por-planteos-del-abogado-de-los-ambientalistas\/","og_site_name":"Apuntes de San Luis","article_published_time":"2023-07-24T22:40:17+00:00","og_image":[{"width":964,"height":619,"url":"https:\/\/apuntesdesanluis.com\/wp-content\/uploads\/2023\/07\/acampe-dique-vulpiani.png","type":"image\/png"}],"author":"apuntesdesanluis.com","twitter_card":"summary_large_image","twitter_misc":{"Escrito por":"apuntesdesanluis.com","Tiempo de lectura":"3 minutos"},"schema":{"@context":"https:\/\/schema.org","@graph":[{"@type":"Article","@id":"https:\/\/apuntesdesanluis.com\/index.php\/2023\/07\/24\/vulpiani-suspenden-audiencia-de-apelacion-por-planteos-del-abogado-de-los-ambientalistas\/#article","isPartOf":{"@id":"https:\/\/apuntesdesanluis.com\/index.php\/2023\/07\/24\/vulpiani-suspenden-audiencia-de-apelacion-por-planteos-del-abogado-de-los-ambientalistas\/"},"author":{"name":"apuntesdesanluis.com","@id":"https:\/\/apuntesdesanluis.com\/#\/schema\/person\/b55151d52296fcce64d1a72538a70b90"},"headline":"VULPIANI: SUSPENDEN AUDIENCIA DE APELACI\u00d3N POR PLANTEOS DEL ABOGADO DE LOS AMBIENTALISTAS","datePublished":"2023-07-24T22:40:17+00:00","mainEntityOfPage":{"@id":"https:\/\/apuntesdesanluis.com\/index.php\/2023\/07\/24\/vulpiani-suspenden-audiencia-de-apelacion-por-planteos-del-abogado-de-los-ambientalistas\/"},"wordCount":429,"publisher":{"@id":"https:\/\/apuntesdesanluis.com\/#\/schema\/person\/b55151d52296fcce64d1a72538a70b90"},"image":{"@id":"https:\/\/apuntesdesanluis.com\/index.php\/2023\/07\/24\/vulpiani-suspenden-audiencia-de-apelacion-por-planteos-del-abogado-de-los-ambientalistas\/#primaryimage"},"thumbnailUrl":"https:\/\/apuntesdesanluis.com\/wp-content\/uploads\/2023\/07\/acampe-dique-vulpiani.png","articleSection":["Ciudad\/Provincia"],"inLanguage":"es-AR"},{"@type":"WebPage","@id":"https:\/\/apuntesdesanluis.com\/index.php\/2023\/07\/24\/vulpiani-suspenden-audiencia-de-apelacion-por-planteos-del-abogado-de-los-ambientalistas\/","url":"https:\/\/apuntesdesanluis.com\/index.php\/2023\/07\/24\/vulpiani-suspenden-audiencia-de-apelacion-por-planteos-del-abogado-de-los-ambientalistas\/","name":"VULPIANI: SUSPENDEN AUDIENCIA DE APELACI\u00d3N POR PLANTEOS DEL ABOGADO DE LOS AMBIENTALISTAS - Apuntes de San Luis","isPartOf":{"@id":"https:\/\/apuntesdesanluis.com\/#website"},"primaryImageOfPage":{"@id":"https:\/\/apuntesdesanluis.com\/index.php\/2023\/07\/24\/vulpiani-suspenden-audiencia-de-apelacion-por-planteos-del-abogado-de-los-ambientalistas\/#primaryimage"},"image":{"@id":"https:\/\/apuntesdesanluis.com\/index.php\/2023\/07\/24\/vulpiani-suspenden-audiencia-de-apelacion-por-planteos-del-abogado-de-los-ambientalistas\/#primaryimage"},"thumbnailUrl":"https:\/\/apuntesdesanluis.com\/wp-content\/uploads\/2023\/07\/acampe-dique-vulpiani.png","datePublished":"2023-07-24T22:40:17+00:00","breadcrumb":{"@id":"https:\/\/apuntesdesanluis.com\/index.php\/2023\/07\/24\/vulpiani-suspenden-audiencia-de-apelacion-por-planteos-del-abogado-de-los-ambientalistas\/#breadcrumb"},"inLanguage":"es-AR","potentialAction":[{"@type":"ReadAction","target":["https:\/\/apuntesdesanluis.com\/index.php\/2023\/07\/24\/vulpiani-suspenden-audiencia-de-apelacion-por-planteos-del-abogado-de-los-ambientalistas\/"]}]},{"@type":"ImageObject","inLanguage":"es-AR","@id":"https:\/\/apuntesdesanluis.com\/index.php\/2023\/07\/24\/vulpiani-suspenden-audiencia-de-apelacion-por-planteos-del-abogado-de-los-ambientalistas\/#primaryimage","url":"https:\/\/apuntesdesanluis.com\/wp-content\/uploads\/2023\/07\/acampe-dique-vulpiani.png","contentUrl":"https:\/\/apuntesdesanluis.com\/wp-content\/uploads\/2023\/07\/acampe-dique-vulpiani.png","width":964,"height":619},{"@type":"BreadcrumbList","@id":"https:\/\/apuntesdesanluis.com\/index.php\/2023\/07\/24\/vulpiani-suspenden-audiencia-de-apelacion-por-planteos-del-abogado-de-los-ambientalistas\/#breadcrumb","itemListElement":[{"@type":"ListItem","position":1,"name":"Inicio","item":"https:\/\/apuntesdesanluis.com\/"},{"@type":"ListItem","position":2,"name":"VULPIANI: SUSPENDEN AUDIENCIA DE APELACI\u00d3N POR PLANTEOS DEL ABOGADO DE LOS AMBIENTALISTAS"}]},{"@type":"WebSite","@id":"https:\/\/apuntesdesanluis.com\/#website","url":"https:\/\/apuntesdesanluis.com\/","name":"Apuntes de San Luis","description":"","publisher":{"@id":"https:\/\/apuntesdesanluis.com\/#\/schema\/person\/b55151d52296fcce64d1a72538a70b90"},"potentialAction":[{"@type":"SearchAction","target":{"@type":"EntryPoint","urlTemplate":"https:\/\/apuntesdesanluis.com\/?s={search_term_string}"},"query-input":{"@type":"PropertyValueSpecification","valueRequired":true,"valueName":"search_term_string"}}],"inLanguage":"es-AR"},{"@type":["Person","Organization"],"@id":"https:\/\/apuntesdesanluis.com\/#\/schema\/person\/b55151d52296fcce64d1a72538a70b90","name":"apuntesdesanluis.com","image":{"@type":"ImageObject","inLanguage":"es-AR","@id":"https:\/\/apuntesdesanluis.com\/#\/schema\/person\/image\/","url":"https:\/\/apuntesdesanluis.com\/wp-content\/uploads\/2023\/07\/cropped-apuntesdesanluis.png","contentUrl":"https:\/\/apuntesdesanluis.com\/wp-content\/uploads\/2023\/07\/cropped-apuntesdesanluis.png","width":450,"height":112,"caption":"apuntesdesanluis.com"},"logo":{"@id":"https:\/\/apuntesdesanluis.com\/#\/schema\/person\/image\/"},"sameAs":["https:\/\/apuntesdesanluis.com"],"url":"https:\/\/apuntesdesanluis.com\/index.php\/author\/apuntesdesanluis-com\/"}]}},"featured_image_urls":{"full":["https:\/\/apuntesdesanluis.com\/wp-content\/uploads\/2023\/07\/acampe-dique-vulpiani.png",964,619,false],"thumbnail":["https:\/\/apuntesdesanluis.com\/wp-content\/uploads\/2023\/07\/acampe-dique-vulpiani-150x150.png",150,150,true],"medium":["https:\/\/apuntesdesanluis.com\/wp-content\/uploads\/2023\/07\/acampe-dique-vulpiani-300x193.png",300,193,true],"medium_large":["https:\/\/apuntesdesanluis.com\/wp-content\/uploads\/2023\/07\/acampe-dique-vulpiani-768x493.png",640,411,true],"large":["https:\/\/apuntesdesanluis.com\/wp-content\/uploads\/2023\/07\/acampe-dique-vulpiani.png",640,411,false],"1536x1536":["https:\/\/apuntesdesanluis.com\/wp-content\/uploads\/2023\/07\/acampe-dique-vulpiani.png",964,619,false],"2048x2048":["https:\/\/apuntesdesanluis.com\/wp-content\/uploads\/2023\/07\/acampe-dique-vulpiani.png",964,619,false],"newsever-slider-full":["https:\/\/apuntesdesanluis.com\/wp-content\/uploads\/2023\/07\/acampe-dique-vulpiani.png",964,619,false],"newsever-featured":["https:\/\/apuntesdesanluis.com\/wp-content\/uploads\/2023\/07\/acampe-dique-vulpiani.png",964,619,false],"newsever-medium":["https:\/\/apuntesdesanluis.com\/wp-content\/uploads\/2023\/07\/acampe-dique-vulpiani-720x475.png",720,475,true]},"author_info":{"display_name":"apuntesdesanluis.com","author_link":"https:\/\/apuntesdesanluis.com\/index.php\/author\/apuntesdesanluis-com\/"},"category_info":"<a href=\"https:\/\/apuntesdesanluis.com\/index.php\/category\/ciudad-provincia\/\" rel=\"category tag\">Ciudad\/Provincia<\/a>","tag_info":"Ciudad\/Provincia","comment_count":"0","_links":{"self":[{"href":"https:\/\/apuntesdesanluis.com\/index.php\/wp-json\/wp\/v2\/posts\/304","targetHints":{"allow":["GET"]}}],"collection":[{"href":"https:\/\/apuntesdesanluis.com\/index.php\/wp-json\/wp\/v2\/posts"}],"about":[{"href":"https:\/\/apuntesdesanluis.com\/index.php\/wp-json\/wp\/v2\/types\/post"}],"author":[{"embeddable":true,"href":"https:\/\/apuntesdesanluis.com\/index.php\/wp-json\/wp\/v2\/users\/1"}],"replies":[{"embeddable":true,"href":"https:\/\/apuntesdesanluis.com\/index.php\/wp-json\/wp\/v2\/comments?post=304"}],"version-history":[{"count":1,"href":"https:\/\/apuntesdesanluis.com\/index.php\/wp-json\/wp\/v2\/posts\/304\/revisions"}],"predecessor-version":[{"id":308,"href":"https:\/\/apuntesdesanluis.com\/index.php\/wp-json\/wp\/v2\/posts\/304\/revisions\/308"}],"wp:featuredmedia":[{"embeddable":true,"href":"https:\/\/apuntesdesanluis.com\/index.php\/wp-json\/wp\/v2\/media\/307"}],"wp:attachment":[{"href":"https:\/\/apuntesdesanluis.com\/index.php\/wp-json\/wp\/v2\/media?parent=304"}],"wp:term":[{"taxonomy":"category","embeddable":true,"href":"https:\/\/apuntesdesanluis.com\/index.php\/wp-json\/wp\/v2\/categories?post=304"},{"taxonomy":"post_tag","embeddable":true,"href":"https:\/\/apuntesdesanluis.com\/index.php\/wp-json\/wp\/v2\/tags?post=304"}],"curies":[{"name":"wp","href":"https:\/\/api.w.org\/{rel}","templated":true}]}}