{"id":30407,"date":"2025-03-12T20:23:19","date_gmt":"2025-03-12T23:23:19","guid":{"rendered":"https:\/\/apuntesdesanluis.com\/?p=30407"},"modified":"2025-03-12T20:23:37","modified_gmt":"2025-03-12T23:23:37","slug":"corte-suprema-la-comision-de-acuerdos-se-reune-para-definir-el-futuro-de-manuel-garcia-mansilla","status":"publish","type":"post","link":"https:\/\/apuntesdesanluis.com\/index.php\/2025\/03\/12\/corte-suprema-la-comision-de-acuerdos-se-reune-para-definir-el-futuro-de-manuel-garcia-mansilla\/","title":{"rendered":"CORTE SUPREMA: LA COMISI\u00d3N DE ACUERDOS SE RE\u00daNE PARA DEFINIR EL FUTURO DE MANUEL GARC\u00cdA-MANSILLA"},"content":{"rendered":"<h3>La Comisi\u00f3n de Acuerdos del <strong>Senado<\/strong> se reunir\u00e1 este jueves a las 11 para definir el futuro de Manuel Garc\u00eda Mansilla, el abogado que jur\u00f3 en la Corte Suprema luego ser nombrado por el presidente Javier Milei a trav\u00e9s de un decreto.<\/h3>\n<h3>El pliego de Garc\u00eda Mansilla cuenta con dos dict\u00e1menes de rechazo, seg\u00fan inform\u00f3 la titular de la Comisi\u00f3n, Guadalupe Tagliaferri, a la Agencia Noticias Argentinas. Si bien existe otro de apoyo a su candidatura, motorizado por el oficialismo, a\u00fan no hab\u00eda sido presentado.<\/h3>\n<h3>De esta manera, la inc\u00f3gnita sobre letrado podr\u00eda comenzar a definirse este jueves. El kirchnerismo, a la cabeza de Jos\u00e9 Mayans, y los porte\u00f1os Mart\u00edn Lousteau (UCR) y Tagliaferri (PRO), son los due\u00f1os de esos dos despachos. Ambos fueron impulsados por separado.<\/h3>\n<h3>La idea central de este grupo, que tendr\u00eda apoyo tambi\u00e9n en un pu\u00f1ado de otros senadores, es tambi\u00e9n voltear el pliego de Ariel Lijo, el juez federal que no pudo asumir en la Corte porque el m\u00e1ximo tribunal lo obliga a renunciar a su Juzgado de Comodoro Py, tras rechazar su licencia.<\/h3>\n<h3>Si bien el decretazo de Milei cay\u00f3 mal entre los senadores, esta maniobra propuesta por este grupo complica el apoyo total de los legisladores porque algunos quieren salvar a Garc\u00eda Mansilla y otros est\u00e1n m\u00e1s interesados en rescatar a Lijo.<\/h3>\n<h3>El argumento central de este lote de senadores pasa por frenar el avasallamiento del Poder Ejecutivo contra el Senado al imponer dos jueces por decreto; ya no pasa por una cuesti\u00f3n de idoneidad tanto de Lijo y Garc\u00eda Mansilla, sino m\u00e1s bien para mantener la autonom\u00eda del cuerpo.<\/h3>\n<h3>Al pliego de Garc\u00eda Mansilla le faltaba una firma. El despacho contiene ocho, pero necesita nueve, es decir, la mitad m\u00e1s uno del total de la comisi\u00f3n conformada por 17 miembros. Los apuntados para aportarla eran los radicales: Maximiliano Abad, Mariana Juri y Carolina Losada.<\/h3>\n<h3>Losada le dijo a la Agencia Noticias Argentinas que esperar\u00eda una decisi\u00f3n del bloque. El resto no respondi\u00f3 las consultas. Ayer se reunieron los radicales sin lograr unificar un criterio en com\u00fan frente a la cuesti\u00f3n.<\/h3>\n<h3>No obstante, en las \u00faltimas horas, el kirchnerismo, que ten\u00eda un dictamen de rechazo con seis firmas, podr\u00eda sumar otra. Ser\u00eda la de Mayans, que no estuvo presente en la audiencia p\u00fablica de Garc\u00eda Mansilla en agosto, pero apelar\u00edan a un vericueto reglamentario para habilitarla ma\u00f1ana.<\/h3>\n<h3>De fracasar la movida para conseguir firma restante del dictamen rechazo, la alternativa que le queda a estos senadores es juntar dos tercios en el recinto y sumar as\u00ed el pliego de Garc\u00eda Mansilla. Para el de Lijo no es necesario ya que consigui\u00f3 en febrero las 9 firmas.<\/h3>\n<h3><\/h3>\n<p>&nbsp;<\/p>\n<p>&nbsp;<\/p>\n<p>&nbsp;<\/p>\n","protected":false},"excerpt":{"rendered":"<p>La Comisi\u00f3n de Acuerdos del Senado se reunir\u00e1 este jueves a las 11 para definir&#8230;<\/p>\n","protected":false},"author":1,"featured_media":30408,"comment_status":"closed","ping_status":"closed","sticky":false,"template":"","format":"standard","meta":{"footnotes":""},"categories":[5],"tags":[],"class_list":["post-30407","post","type-post","status-publish","format-standard","has-post-thumbnail","hentry","category-nacionales-internacionales"],"yoast_head":"<!-- This site is optimized with the Yoast SEO plugin v26.1.1 - https:\/\/yoast.com\/wordpress\/plugins\/seo\/ -->\n<title>CORTE SUPREMA: LA COMISI\u00d3N DE ACUERDOS SE RE\u00daNE PARA DEFINIR EL FUTURO DE MANUEL GARC\u00cdA-MANSILLA - Apuntes de San Luis<\/title>\n<meta name=\"robots\" content=\"index, follow, max-snippet:-1, max-image-preview:large, max-video-preview:-1\" \/>\n<link rel=\"canonical\" href=\"https:\/\/apuntesdesanluis.com\/index.php\/2025\/03\/12\/corte-suprema-la-comision-de-acuerdos-se-reune-para-definir-el-futuro-de-manuel-garcia-mansilla\/\" \/>\n<meta property=\"og:locale\" content=\"es_ES\" \/>\n<meta property=\"og:type\" content=\"article\" \/>\n<meta property=\"og:title\" content=\"CORTE SUPREMA: LA COMISI\u00d3N DE ACUERDOS SE RE\u00daNE PARA DEFINIR EL FUTURO DE MANUEL GARC\u00cdA-MANSILLA - Apuntes de San Luis\" \/>\n<meta property=\"og:description\" content=\"La Comisi\u00f3n de Acuerdos del Senado se reunir\u00e1 este jueves a las 11 para definir...\" \/>\n<meta property=\"og:url\" content=\"https:\/\/apuntesdesanluis.com\/index.php\/2025\/03\/12\/corte-suprema-la-comision-de-acuerdos-se-reune-para-definir-el-futuro-de-manuel-garcia-mansilla\/\" \/>\n<meta property=\"og:site_name\" content=\"Apuntes de San Luis\" \/>\n<meta property=\"article:published_time\" content=\"2025-03-12T23:23:19+00:00\" \/>\n<meta property=\"article:modified_time\" content=\"2025-03-12T23:23:37+00:00\" \/>\n<meta property=\"og:image\" content=\"https:\/\/apuntesdesanluis.com\/wp-content\/uploads\/2025\/03\/garcia-mansilla.png\" \/>\n\t<meta property=\"og:image:width\" content=\"612\" \/>\n\t<meta property=\"og:image:height\" content=\"393\" \/>\n\t<meta property=\"og:image:type\" content=\"image\/png\" \/>\n<meta name=\"author\" content=\"apuntesdesanluis.com\" \/>\n<meta name=\"twitter:card\" content=\"summary_large_image\" \/>\n<meta name=\"twitter:label1\" content=\"Escrito por\" \/>\n\t<meta name=\"twitter:data1\" content=\"apuntesdesanluis.com\" \/>\n\t<meta name=\"twitter:label2\" content=\"Tiempo de lectura\" \/>\n\t<meta name=\"twitter:data2\" content=\"3 minutos\" \/>\n<script type=\"application\/ld+json\" class=\"yoast-schema-graph\">{\"@context\":\"https:\/\/schema.org\",\"@graph\":[{\"@type\":\"Article\",\"@id\":\"https:\/\/apuntesdesanluis.com\/index.php\/2025\/03\/12\/corte-suprema-la-comision-de-acuerdos-se-reune-para-definir-el-futuro-de-manuel-garcia-mansilla\/#article\",\"isPartOf\":{\"@id\":\"https:\/\/apuntesdesanluis.com\/index.php\/2025\/03\/12\/corte-suprema-la-comision-de-acuerdos-se-reune-para-definir-el-futuro-de-manuel-garcia-mansilla\/\"},\"author\":{\"name\":\"apuntesdesanluis.com\",\"@id\":\"https:\/\/apuntesdesanluis.com\/#\/schema\/person\/b55151d52296fcce64d1a72538a70b90\"},\"headline\":\"CORTE SUPREMA: LA COMISI\u00d3N DE ACUERDOS SE RE\u00daNE PARA DEFINIR EL FUTURO DE MANUEL GARC\u00cdA-MANSILLA\",\"datePublished\":\"2025-03-12T23:23:19+00:00\",\"dateModified\":\"2025-03-12T23:23:37+00:00\",\"mainEntityOfPage\":{\"@id\":\"https:\/\/apuntesdesanluis.com\/index.php\/2025\/03\/12\/corte-suprema-la-comision-de-acuerdos-se-reune-para-definir-el-futuro-de-manuel-garcia-mansilla\/\"},\"wordCount\":502,\"publisher\":{\"@id\":\"https:\/\/apuntesdesanluis.com\/#\/schema\/person\/b55151d52296fcce64d1a72538a70b90\"},\"image\":{\"@id\":\"https:\/\/apuntesdesanluis.com\/index.php\/2025\/03\/12\/corte-suprema-la-comision-de-acuerdos-se-reune-para-definir-el-futuro-de-manuel-garcia-mansilla\/#primaryimage\"},\"thumbnailUrl\":\"https:\/\/apuntesdesanluis.com\/wp-content\/uploads\/2025\/03\/garcia-mansilla.png\",\"articleSection\":[\"Nacionales\/Internacionales\"],\"inLanguage\":\"es-AR\"},{\"@type\":\"WebPage\",\"@id\":\"https:\/\/apuntesdesanluis.com\/index.php\/2025\/03\/12\/corte-suprema-la-comision-de-acuerdos-se-reune-para-definir-el-futuro-de-manuel-garcia-mansilla\/\",\"url\":\"https:\/\/apuntesdesanluis.com\/index.php\/2025\/03\/12\/corte-suprema-la-comision-de-acuerdos-se-reune-para-definir-el-futuro-de-manuel-garcia-mansilla\/\",\"name\":\"CORTE SUPREMA: LA COMISI\u00d3N DE ACUERDOS SE RE\u00daNE PARA DEFINIR EL FUTURO DE MANUEL GARC\u00cdA-MANSILLA - Apuntes de San Luis\",\"isPartOf\":{\"@id\":\"https:\/\/apuntesdesanluis.com\/#website\"},\"primaryImageOfPage\":{\"@id\":\"https:\/\/apuntesdesanluis.com\/index.php\/2025\/03\/12\/corte-suprema-la-comision-de-acuerdos-se-reune-para-definir-el-futuro-de-manuel-garcia-mansilla\/#primaryimage\"},\"image\":{\"@id\":\"https:\/\/apuntesdesanluis.com\/index.php\/2025\/03\/12\/corte-suprema-la-comision-de-acuerdos-se-reune-para-definir-el-futuro-de-manuel-garcia-mansilla\/#primaryimage\"},\"thumbnailUrl\":\"https:\/\/apuntesdesanluis.com\/wp-content\/uploads\/2025\/03\/garcia-mansilla.png\",\"datePublished\":\"2025-03-12T23:23:19+00:00\",\"dateModified\":\"2025-03-12T23:23:37+00:00\",\"breadcrumb\":{\"@id\":\"https:\/\/apuntesdesanluis.com\/index.php\/2025\/03\/12\/corte-suprema-la-comision-de-acuerdos-se-reune-para-definir-el-futuro-de-manuel-garcia-mansilla\/#breadcrumb\"},\"inLanguage\":\"es-AR\",\"potentialAction\":[{\"@type\":\"ReadAction\",\"target\":[\"https:\/\/apuntesdesanluis.com\/index.php\/2025\/03\/12\/corte-suprema-la-comision-de-acuerdos-se-reune-para-definir-el-futuro-de-manuel-garcia-mansilla\/\"]}]},{\"@type\":\"ImageObject\",\"inLanguage\":\"es-AR\",\"@id\":\"https:\/\/apuntesdesanluis.com\/index.php\/2025\/03\/12\/corte-suprema-la-comision-de-acuerdos-se-reune-para-definir-el-futuro-de-manuel-garcia-mansilla\/#primaryimage\",\"url\":\"https:\/\/apuntesdesanluis.com\/wp-content\/uploads\/2025\/03\/garcia-mansilla.png\",\"contentUrl\":\"https:\/\/apuntesdesanluis.com\/wp-content\/uploads\/2025\/03\/garcia-mansilla.png\",\"width\":612,\"height\":393},{\"@type\":\"BreadcrumbList\",\"@id\":\"https:\/\/apuntesdesanluis.com\/index.php\/2025\/03\/12\/corte-suprema-la-comision-de-acuerdos-se-reune-para-definir-el-futuro-de-manuel-garcia-mansilla\/#breadcrumb\",\"itemListElement\":[{\"@type\":\"ListItem\",\"position\":1,\"name\":\"Inicio\",\"item\":\"https:\/\/apuntesdesanluis.com\/\"},{\"@type\":\"ListItem\",\"position\":2,\"name\":\"CORTE SUPREMA: LA COMISI\u00d3N DE ACUERDOS SE RE\u00daNE PARA DEFINIR EL FUTURO DE MANUEL GARC\u00cdA-MANSILLA\"}]},{\"@type\":\"WebSite\",\"@id\":\"https:\/\/apuntesdesanluis.com\/#website\",\"url\":\"https:\/\/apuntesdesanluis.com\/\",\"name\":\"Apuntes de San Luis\",\"description\":\"\",\"publisher\":{\"@id\":\"https:\/\/apuntesdesanluis.com\/#\/schema\/person\/b55151d52296fcce64d1a72538a70b90\"},\"potentialAction\":[{\"@type\":\"SearchAction\",\"target\":{\"@type\":\"EntryPoint\",\"urlTemplate\":\"https:\/\/apuntesdesanluis.com\/?s={search_term_string}\"},\"query-input\":{\"@type\":\"PropertyValueSpecification\",\"valueRequired\":true,\"valueName\":\"search_term_string\"}}],\"inLanguage\":\"es-AR\"},{\"@type\":[\"Person\",\"Organization\"],\"@id\":\"https:\/\/apuntesdesanluis.com\/#\/schema\/person\/b55151d52296fcce64d1a72538a70b90\",\"name\":\"apuntesdesanluis.com\",\"image\":{\"@type\":\"ImageObject\",\"inLanguage\":\"es-AR\",\"@id\":\"https:\/\/apuntesdesanluis.com\/#\/schema\/person\/image\/\",\"url\":\"https:\/\/apuntesdesanluis.com\/wp-content\/uploads\/2023\/07\/cropped-apuntesdesanluis.png\",\"contentUrl\":\"https:\/\/apuntesdesanluis.com\/wp-content\/uploads\/2023\/07\/cropped-apuntesdesanluis.png\",\"width\":450,\"height\":112,\"caption\":\"apuntesdesanluis.com\"},\"logo\":{\"@id\":\"https:\/\/apuntesdesanluis.com\/#\/schema\/person\/image\/\"},\"sameAs\":[\"https:\/\/apuntesdesanluis.com\"],\"url\":\"https:\/\/apuntesdesanluis.com\/index.php\/author\/apuntesdesanluis-com\/\"}]}<\/script>\n<!-- \/ Yoast SEO plugin. -->","yoast_head_json":{"title":"CORTE SUPREMA: LA COMISI\u00d3N DE ACUERDOS SE RE\u00daNE PARA DEFINIR EL FUTURO DE MANUEL GARC\u00cdA-MANSILLA - Apuntes de San Luis","robots":{"index":"index","follow":"follow","max-snippet":"max-snippet:-1","max-image-preview":"max-image-preview:large","max-video-preview":"max-video-preview:-1"},"canonical":"https:\/\/apuntesdesanluis.com\/index.php\/2025\/03\/12\/corte-suprema-la-comision-de-acuerdos-se-reune-para-definir-el-futuro-de-manuel-garcia-mansilla\/","og_locale":"es_ES","og_type":"article","og_title":"CORTE SUPREMA: LA COMISI\u00d3N DE ACUERDOS SE RE\u00daNE PARA DEFINIR EL FUTURO DE MANUEL GARC\u00cdA-MANSILLA - Apuntes de San Luis","og_description":"La Comisi\u00f3n de Acuerdos del Senado se reunir\u00e1 este jueves a las 11 para definir...","og_url":"https:\/\/apuntesdesanluis.com\/index.php\/2025\/03\/12\/corte-suprema-la-comision-de-acuerdos-se-reune-para-definir-el-futuro-de-manuel-garcia-mansilla\/","og_site_name":"Apuntes de San Luis","article_published_time":"2025-03-12T23:23:19+00:00","article_modified_time":"2025-03-12T23:23:37+00:00","og_image":[{"width":612,"height":393,"url":"https:\/\/apuntesdesanluis.com\/wp-content\/uploads\/2025\/03\/garcia-mansilla.png","type":"image\/png"}],"author":"apuntesdesanluis.com","twitter_card":"summary_large_image","twitter_misc":{"Escrito por":"apuntesdesanluis.com","Tiempo de lectura":"3 minutos"},"schema":{"@context":"https:\/\/schema.org","@graph":[{"@type":"Article","@id":"https:\/\/apuntesdesanluis.com\/index.php\/2025\/03\/12\/corte-suprema-la-comision-de-acuerdos-se-reune-para-definir-el-futuro-de-manuel-garcia-mansilla\/#article","isPartOf":{"@id":"https:\/\/apuntesdesanluis.com\/index.php\/2025\/03\/12\/corte-suprema-la-comision-de-acuerdos-se-reune-para-definir-el-futuro-de-manuel-garcia-mansilla\/"},"author":{"name":"apuntesdesanluis.com","@id":"https:\/\/apuntesdesanluis.com\/#\/schema\/person\/b55151d52296fcce64d1a72538a70b90"},"headline":"CORTE SUPREMA: LA COMISI\u00d3N DE ACUERDOS SE RE\u00daNE PARA DEFINIR EL FUTURO DE MANUEL GARC\u00cdA-MANSILLA","datePublished":"2025-03-12T23:23:19+00:00","dateModified":"2025-03-12T23:23:37+00:00","mainEntityOfPage":{"@id":"https:\/\/apuntesdesanluis.com\/index.php\/2025\/03\/12\/corte-suprema-la-comision-de-acuerdos-se-reune-para-definir-el-futuro-de-manuel-garcia-mansilla\/"},"wordCount":502,"publisher":{"@id":"https:\/\/apuntesdesanluis.com\/#\/schema\/person\/b55151d52296fcce64d1a72538a70b90"},"image":{"@id":"https:\/\/apuntesdesanluis.com\/index.php\/2025\/03\/12\/corte-suprema-la-comision-de-acuerdos-se-reune-para-definir-el-futuro-de-manuel-garcia-mansilla\/#primaryimage"},"thumbnailUrl":"https:\/\/apuntesdesanluis.com\/wp-content\/uploads\/2025\/03\/garcia-mansilla.png","articleSection":["Nacionales\/Internacionales"],"inLanguage":"es-AR"},{"@type":"WebPage","@id":"https:\/\/apuntesdesanluis.com\/index.php\/2025\/03\/12\/corte-suprema-la-comision-de-acuerdos-se-reune-para-definir-el-futuro-de-manuel-garcia-mansilla\/","url":"https:\/\/apuntesdesanluis.com\/index.php\/2025\/03\/12\/corte-suprema-la-comision-de-acuerdos-se-reune-para-definir-el-futuro-de-manuel-garcia-mansilla\/","name":"CORTE SUPREMA: LA COMISI\u00d3N DE ACUERDOS SE RE\u00daNE PARA DEFINIR EL FUTURO DE MANUEL GARC\u00cdA-MANSILLA - Apuntes de San Luis","isPartOf":{"@id":"https:\/\/apuntesdesanluis.com\/#website"},"primaryImageOfPage":{"@id":"https:\/\/apuntesdesanluis.com\/index.php\/2025\/03\/12\/corte-suprema-la-comision-de-acuerdos-se-reune-para-definir-el-futuro-de-manuel-garcia-mansilla\/#primaryimage"},"image":{"@id":"https:\/\/apuntesdesanluis.com\/index.php\/2025\/03\/12\/corte-suprema-la-comision-de-acuerdos-se-reune-para-definir-el-futuro-de-manuel-garcia-mansilla\/#primaryimage"},"thumbnailUrl":"https:\/\/apuntesdesanluis.com\/wp-content\/uploads\/2025\/03\/garcia-mansilla.png","datePublished":"2025-03-12T23:23:19+00:00","dateModified":"2025-03-12T23:23:37+00:00","breadcrumb":{"@id":"https:\/\/apuntesdesanluis.com\/index.php\/2025\/03\/12\/corte-suprema-la-comision-de-acuerdos-se-reune-para-definir-el-futuro-de-manuel-garcia-mansilla\/#breadcrumb"},"inLanguage":"es-AR","potentialAction":[{"@type":"ReadAction","target":["https:\/\/apuntesdesanluis.com\/index.php\/2025\/03\/12\/corte-suprema-la-comision-de-acuerdos-se-reune-para-definir-el-futuro-de-manuel-garcia-mansilla\/"]}]},{"@type":"ImageObject","inLanguage":"es-AR","@id":"https:\/\/apuntesdesanluis.com\/index.php\/2025\/03\/12\/corte-suprema-la-comision-de-acuerdos-se-reune-para-definir-el-futuro-de-manuel-garcia-mansilla\/#primaryimage","url":"https:\/\/apuntesdesanluis.com\/wp-content\/uploads\/2025\/03\/garcia-mansilla.png","contentUrl":"https:\/\/apuntesdesanluis.com\/wp-content\/uploads\/2025\/03\/garcia-mansilla.png","width":612,"height":393},{"@type":"BreadcrumbList","@id":"https:\/\/apuntesdesanluis.com\/index.php\/2025\/03\/12\/corte-suprema-la-comision-de-acuerdos-se-reune-para-definir-el-futuro-de-manuel-garcia-mansilla\/#breadcrumb","itemListElement":[{"@type":"ListItem","position":1,"name":"Inicio","item":"https:\/\/apuntesdesanluis.com\/"},{"@type":"ListItem","position":2,"name":"CORTE SUPREMA: LA COMISI\u00d3N DE ACUERDOS SE RE\u00daNE PARA DEFINIR EL FUTURO DE MANUEL GARC\u00cdA-MANSILLA"}]},{"@type":"WebSite","@id":"https:\/\/apuntesdesanluis.com\/#website","url":"https:\/\/apuntesdesanluis.com\/","name":"Apuntes de San Luis","description":"","publisher":{"@id":"https:\/\/apuntesdesanluis.com\/#\/schema\/person\/b55151d52296fcce64d1a72538a70b90"},"potentialAction":[{"@type":"SearchAction","target":{"@type":"EntryPoint","urlTemplate":"https:\/\/apuntesdesanluis.com\/?s={search_term_string}"},"query-input":{"@type":"PropertyValueSpecification","valueRequired":true,"valueName":"search_term_string"}}],"inLanguage":"es-AR"},{"@type":["Person","Organization"],"@id":"https:\/\/apuntesdesanluis.com\/#\/schema\/person\/b55151d52296fcce64d1a72538a70b90","name":"apuntesdesanluis.com","image":{"@type":"ImageObject","inLanguage":"es-AR","@id":"https:\/\/apuntesdesanluis.com\/#\/schema\/person\/image\/","url":"https:\/\/apuntesdesanluis.com\/wp-content\/uploads\/2023\/07\/cropped-apuntesdesanluis.png","contentUrl":"https:\/\/apuntesdesanluis.com\/wp-content\/uploads\/2023\/07\/cropped-apuntesdesanluis.png","width":450,"height":112,"caption":"apuntesdesanluis.com"},"logo":{"@id":"https:\/\/apuntesdesanluis.com\/#\/schema\/person\/image\/"},"sameAs":["https:\/\/apuntesdesanluis.com"],"url":"https:\/\/apuntesdesanluis.com\/index.php\/author\/apuntesdesanluis-com\/"}]}},"featured_image_urls":{"full":["https:\/\/apuntesdesanluis.com\/wp-content\/uploads\/2025\/03\/garcia-mansilla.png",612,393,false],"thumbnail":["https:\/\/apuntesdesanluis.com\/wp-content\/uploads\/2025\/03\/garcia-mansilla-150x150.png",150,150,true],"medium":["https:\/\/apuntesdesanluis.com\/wp-content\/uploads\/2025\/03\/garcia-mansilla-300x193.png",300,193,true],"medium_large":["https:\/\/apuntesdesanluis.com\/wp-content\/uploads\/2025\/03\/garcia-mansilla.png",612,393,false],"large":["https:\/\/apuntesdesanluis.com\/wp-content\/uploads\/2025\/03\/garcia-mansilla.png",612,393,false],"1536x1536":["https:\/\/apuntesdesanluis.com\/wp-content\/uploads\/2025\/03\/garcia-mansilla.png",612,393,false],"2048x2048":["https:\/\/apuntesdesanluis.com\/wp-content\/uploads\/2025\/03\/garcia-mansilla.png",612,393,false],"newsever-slider-full":["https:\/\/apuntesdesanluis.com\/wp-content\/uploads\/2025\/03\/garcia-mansilla.png",612,393,false],"newsever-featured":["https:\/\/apuntesdesanluis.com\/wp-content\/uploads\/2025\/03\/garcia-mansilla.png",612,393,false],"newsever-medium":["https:\/\/apuntesdesanluis.com\/wp-content\/uploads\/2025\/03\/garcia-mansilla.png",612,393,false]},"author_info":{"display_name":"apuntesdesanluis.com","author_link":"https:\/\/apuntesdesanluis.com\/index.php\/author\/apuntesdesanluis-com\/"},"category_info":"<a href=\"https:\/\/apuntesdesanluis.com\/index.php\/category\/nacionales-internacionales\/\" rel=\"category tag\">Nacionales\/Internacionales<\/a>","tag_info":"Nacionales\/Internacionales","comment_count":"0","_links":{"self":[{"href":"https:\/\/apuntesdesanluis.com\/index.php\/wp-json\/wp\/v2\/posts\/30407","targetHints":{"allow":["GET"]}}],"collection":[{"href":"https:\/\/apuntesdesanluis.com\/index.php\/wp-json\/wp\/v2\/posts"}],"about":[{"href":"https:\/\/apuntesdesanluis.com\/index.php\/wp-json\/wp\/v2\/types\/post"}],"author":[{"embeddable":true,"href":"https:\/\/apuntesdesanluis.com\/index.php\/wp-json\/wp\/v2\/users\/1"}],"replies":[{"embeddable":true,"href":"https:\/\/apuntesdesanluis.com\/index.php\/wp-json\/wp\/v2\/comments?post=30407"}],"version-history":[{"count":1,"href":"https:\/\/apuntesdesanluis.com\/index.php\/wp-json\/wp\/v2\/posts\/30407\/revisions"}],"predecessor-version":[{"id":30409,"href":"https:\/\/apuntesdesanluis.com\/index.php\/wp-json\/wp\/v2\/posts\/30407\/revisions\/30409"}],"wp:featuredmedia":[{"embeddable":true,"href":"https:\/\/apuntesdesanluis.com\/index.php\/wp-json\/wp\/v2\/media\/30408"}],"wp:attachment":[{"href":"https:\/\/apuntesdesanluis.com\/index.php\/wp-json\/wp\/v2\/media?parent=30407"}],"wp:term":[{"taxonomy":"category","embeddable":true,"href":"https:\/\/apuntesdesanluis.com\/index.php\/wp-json\/wp\/v2\/categories?post=30407"},{"taxonomy":"post_tag","embeddable":true,"href":"https:\/\/apuntesdesanluis.com\/index.php\/wp-json\/wp\/v2\/tags?post=30407"}],"curies":[{"name":"wp","href":"https:\/\/api.w.org\/{rel}","templated":true}]}}