{"id":30410,"date":"2025-03-12T20:34:30","date_gmt":"2025-03-12T23:34:30","guid":{"rendered":"https:\/\/apuntesdesanluis.com\/?p=30410"},"modified":"2025-03-12T21:10:49","modified_gmt":"2025-03-13T00:10:49","slug":"graves-incidentes-en-la-marcha-de-jubilados-con-hinchadas-de-futbol-argentino","status":"publish","type":"post","link":"https:\/\/apuntesdesanluis.com\/index.php\/2025\/03\/12\/graves-incidentes-en-la-marcha-de-jubilados-con-hinchadas-de-futbol-argentino\/","title":{"rendered":"GRAVES INCIDENTES EN LA MARCHA DE JUBILADOS, CON HINCHADAS DEL F\u00daTBOL ARGENTINO"},"content":{"rendered":"<h3>Una serie de incidentes y cerca de 100 detenidos se registraron hoy durante la protesta que jubilados, hinchadas de f\u00fatbol, gremios y organizaciones pol\u00edticas realizaron contra el Gobierno en las inmediaciones del Congreso.<\/h3>\n<h3>Los manifestantes fueron reprimidos con gases lacrim\u00f3genos, camiones hidrantes y balas de goma por parte de la Polic\u00eda Federal, la Gendarmer\u00eda y la Polic\u00eda de la Ciudad, que buscaron garantizar el tr\u00e1nsito en las calles que rodean al Congreso.<\/h3>\n<h3>Si bien en un principio las fuerzas de seguridad lograron su cometido, los incidentes fueron en aumento durante la tarde, por lo que el tr\u00e1nsito qued\u00f3 interrumpido en las avenidas Callao y Rivadavia, donde los manifestantes arrojaron piedras e incendiaron los dep\u00f3sitos de basura.<\/h3>\n<h3>Los jubilados, que hab\u00edan convocado a la protesta para las 17, como todos los mi\u00e9rcoles, estuvieron acompa\u00f1ados en esta oportunidad por hinchadas de distintos clubes de f\u00fatbol, gremios de la CGT, agrupaciones de izquierda y organizaciones pol\u00edticas.<\/h3>\n<h3>Personal del SAME y de la Cruz Roja asisti\u00f3 a algunos manifestantes que resultaron heridos durante la protesta por el uso de gas pimienta y del agua utilizada por los camiones hidrantes.<\/h3>\n<p><img fetchpriority=\"high\" decoding=\"async\" class=\"wp-image-30412 aligncenter\" src=\"https:\/\/apuntesdesanluis.com\/wp-content\/uploads\/2025\/03\/represion-285x300.png\" alt=\"\" width=\"729\" height=\"767\" srcset=\"https:\/\/apuntesdesanluis.com\/wp-content\/uploads\/2025\/03\/represion-285x300.png 285w, https:\/\/apuntesdesanluis.com\/wp-content\/uploads\/2025\/03\/represion.png 662w\" sizes=\"(max-width: 729px) 100vw, 729px\" \/><\/p>\n<h3>La Polic\u00eda Federal detuvo a cerca de 100 personas durante los incidentes, del que tampoco estuvieron exentos los periodistas, quienes necesitaron custodia policial para hacer su trabajo.<\/h3>\n<h3>Algunos diputados de Uni\u00f3n por la Patria (UxP) y del Frente de Izquierda (FIT) salieron del Congreso, donde en ese momento hab\u00eda una sesi\u00f3n de la C\u00e1mara baja, para acompa\u00f1ar la protesta.<\/h3>\n<div style=\"width: 364px;\" class=\"wp-video\"><!--[if lt IE 9]><script>document.createElement('video');<\/script><![endif]-->\n<video class=\"wp-video-shortcode\" id=\"video-30410-1\" width=\"364\" height=\"640\" preload=\"metadata\" controls=\"controls\"><source type=\"video\/mp4\" src=\"https:\/\/apuntesdesanluis.com\/wp-content\/uploads\/2025\/03\/GOLPE.mp4?_=1\" \/><a href=\"https:\/\/apuntesdesanluis.com\/wp-content\/uploads\/2025\/03\/GOLPE.mp4\">https:\/\/apuntesdesanluis.com\/wp-content\/uploads\/2025\/03\/GOLPE.mp4<\/a><\/video><\/div>\n<h3>Entre ellos estuvieron Gisela Marziotta, Leandro Santoro, Itai Hagman, Natalia Zaracho, Juan Marino, Eduardo Vald\u00e9s, Julia Strada, Rodolfo Tailhade, Pablo Yedlin y Paula Penacca, por UxP, mientras que Vanina Biasi, del FIT, y Esteban Paul\u00f3n, de Encuentro Federal, tambi\u00e9n se sumaron.<\/h3>\n<div style=\"width: 640px;\" class=\"wp-video\"><video class=\"wp-video-shortcode\" id=\"video-30410-2\" width=\"640\" height=\"360\" preload=\"metadata\" controls=\"controls\"><source type=\"video\/mp4\" src=\"https:\/\/apuntesdesanluis.com\/wp-content\/uploads\/2025\/03\/INCIDENTES.mp4?_=2\" \/><a href=\"https:\/\/apuntesdesanluis.com\/wp-content\/uploads\/2025\/03\/INCIDENTES.mp4\">https:\/\/apuntesdesanluis.com\/wp-content\/uploads\/2025\/03\/INCIDENTES.mp4<\/a><\/video><\/div>\n<h3>El diputado de UxP y secretario general de La Bancaria, Sergio Palazzo, cuestion\u00f3 hoy al Gobierno por &#8220;gastar millonadas de pesos en reprimir&#8221; la protesta en lugar de &#8220;levantarle los ingresos a los jubilados&#8221;.<\/h3>\n<p><img decoding=\"async\" class=\"wp-image-30415 aligncenter\" src=\"https:\/\/apuntesdesanluis.com\/wp-content\/uploads\/2025\/03\/represion-policial-300x191.png\" alt=\"\" width=\"724\" height=\"461\" srcset=\"https:\/\/apuntesdesanluis.com\/wp-content\/uploads\/2025\/03\/represion-policial-300x191.png 300w, https:\/\/apuntesdesanluis.com\/wp-content\/uploads\/2025\/03\/represion-policial.png 706w\" sizes=\"(max-width: 724px) 100vw, 724px\" \/><\/p>\n<h3>En declaraciones a la Agencia Noticias Argentinas, Palazzo se\u00f1al\u00f3 que ante la protesta de los jubilados se asisti\u00f3 a &#8220;la represi\u00f3n a la que parece que quieren hacernos acostumbrar&#8221;.<\/h3>\n<h3>Desde las inmediaciones del Congreso, el referente sindical cuestion\u00f3 al Gobierno porque &#8220;en lugar de atender el reclamo de los jubilados y darse cuenta que la sociedad reclama, la decisi\u00f3n es gastar millonadas de pesos en reprimir, en lugar de levantarle los ingresos a los jubilados&#8221;.<\/h3>\n<h3>Los jubilados se movilizaron para reclamar por la pr\u00f3rroga de la moratoria previsional y la restituci\u00f3n del &#8220;100%&#8221; de los medicamentos del PAMI, entre otras demandas.<\/h3>\n<p><iframe title=\"Incidentes en Congreso por la marcha de jubilados\" width=\"640\" height=\"360\" src=\"https:\/\/www.youtube.com\/embed\/UrKOnBTr4yU?feature=oembed\" frameborder=\"0\" allow=\"accelerometer; autoplay; clipboard-write; encrypted-media; gyroscope; picture-in-picture; web-share\" referrerpolicy=\"strict-origin-when-cross-origin\" allowfullscreen><\/iframe><\/p>\n<p>&nbsp;<\/p>\n<p>&nbsp;<\/p>\n<p>&nbsp;<\/p>\n<p>&nbsp;<\/p>\n<p>&nbsp;<\/p>\n<p>&nbsp;<\/p>\n<h3><\/h3>\n<h3><\/h3>\n<h3><\/h3>\n","protected":false},"excerpt":{"rendered":"<p>Una serie de incidentes y cerca de 100 detenidos se registraron hoy durante la protesta&#8230;<\/p>\n","protected":false},"author":1,"featured_media":30411,"comment_status":"closed","ping_status":"closed","sticky":false,"template":"","format":"standard","meta":{"footnotes":""},"categories":[5],"tags":[],"class_list":["post-30410","post","type-post","status-publish","format-standard","has-post-thumbnail","hentry","category-nacionales-internacionales"],"yoast_head":"<!-- This site is optimized with the Yoast SEO plugin v26.1.1 - https:\/\/yoast.com\/wordpress\/plugins\/seo\/ -->\n<title>GRAVES INCIDENTES EN LA MARCHA DE JUBILADOS, CON HINCHADAS DEL F\u00daTBOL ARGENTINO - Apuntes de San Luis<\/title>\n<meta name=\"robots\" content=\"index, follow, max-snippet:-1, max-image-preview:large, max-video-preview:-1\" \/>\n<link rel=\"canonical\" href=\"https:\/\/apuntesdesanluis.com\/index.php\/2025\/03\/12\/graves-incidentes-en-la-marcha-de-jubilados-con-hinchadas-de-futbol-argentino\/\" \/>\n<meta property=\"og:locale\" content=\"es_ES\" \/>\n<meta property=\"og:type\" content=\"article\" \/>\n<meta property=\"og:title\" content=\"GRAVES INCIDENTES EN LA MARCHA DE JUBILADOS, CON HINCHADAS DEL F\u00daTBOL ARGENTINO - Apuntes de San Luis\" \/>\n<meta property=\"og:description\" content=\"Una serie de incidentes y cerca de 100 detenidos se registraron hoy durante la protesta...\" \/>\n<meta property=\"og:url\" content=\"https:\/\/apuntesdesanluis.com\/index.php\/2025\/03\/12\/graves-incidentes-en-la-marcha-de-jubilados-con-hinchadas-de-futbol-argentino\/\" \/>\n<meta property=\"og:site_name\" content=\"Apuntes de San Luis\" \/>\n<meta property=\"article:published_time\" content=\"2025-03-12T23:34:30+00:00\" \/>\n<meta property=\"article:modified_time\" content=\"2025-03-13T00:10:49+00:00\" \/>\n<meta property=\"og:image\" content=\"https:\/\/apuntesdesanluis.com\/wp-content\/uploads\/2025\/03\/PATRULLERO-INCENDIADO.png\" \/>\n\t<meta property=\"og:image:width\" content=\"700\" \/>\n\t<meta property=\"og:image:height\" content=\"447\" \/>\n\t<meta property=\"og:image:type\" content=\"image\/png\" \/>\n<meta name=\"author\" content=\"apuntesdesanluis.com\" \/>\n<meta name=\"twitter:card\" content=\"summary_large_image\" \/>\n<meta name=\"twitter:label1\" content=\"Escrito por\" \/>\n\t<meta name=\"twitter:data1\" content=\"apuntesdesanluis.com\" \/>\n\t<meta name=\"twitter:label2\" content=\"Tiempo de lectura\" \/>\n\t<meta name=\"twitter:data2\" content=\"3 minutos\" \/>\n<script type=\"application\/ld+json\" class=\"yoast-schema-graph\">{\"@context\":\"https:\/\/schema.org\",\"@graph\":[{\"@type\":\"Article\",\"@id\":\"https:\/\/apuntesdesanluis.com\/index.php\/2025\/03\/12\/graves-incidentes-en-la-marcha-de-jubilados-con-hinchadas-de-futbol-argentino\/#article\",\"isPartOf\":{\"@id\":\"https:\/\/apuntesdesanluis.com\/index.php\/2025\/03\/12\/graves-incidentes-en-la-marcha-de-jubilados-con-hinchadas-de-futbol-argentino\/\"},\"author\":{\"name\":\"apuntesdesanluis.com\",\"@id\":\"https:\/\/apuntesdesanluis.com\/#\/schema\/person\/b55151d52296fcce64d1a72538a70b90\"},\"headline\":\"GRAVES INCIDENTES EN LA MARCHA DE JUBILADOS, CON HINCHADAS DEL F\u00daTBOL ARGENTINO\",\"datePublished\":\"2025-03-12T23:34:30+00:00\",\"dateModified\":\"2025-03-13T00:10:49+00:00\",\"mainEntityOfPage\":{\"@id\":\"https:\/\/apuntesdesanluis.com\/index.php\/2025\/03\/12\/graves-incidentes-en-la-marcha-de-jubilados-con-hinchadas-de-futbol-argentino\/\"},\"wordCount\":496,\"publisher\":{\"@id\":\"https:\/\/apuntesdesanluis.com\/#\/schema\/person\/b55151d52296fcce64d1a72538a70b90\"},\"image\":{\"@id\":\"https:\/\/apuntesdesanluis.com\/index.php\/2025\/03\/12\/graves-incidentes-en-la-marcha-de-jubilados-con-hinchadas-de-futbol-argentino\/#primaryimage\"},\"thumbnailUrl\":\"https:\/\/apuntesdesanluis.com\/wp-content\/uploads\/2025\/03\/PATRULLERO-INCENDIADO.png\",\"articleSection\":[\"Nacionales\/Internacionales\"],\"inLanguage\":\"es-AR\"},{\"@type\":\"WebPage\",\"@id\":\"https:\/\/apuntesdesanluis.com\/index.php\/2025\/03\/12\/graves-incidentes-en-la-marcha-de-jubilados-con-hinchadas-de-futbol-argentino\/\",\"url\":\"https:\/\/apuntesdesanluis.com\/index.php\/2025\/03\/12\/graves-incidentes-en-la-marcha-de-jubilados-con-hinchadas-de-futbol-argentino\/\",\"name\":\"GRAVES INCIDENTES EN LA MARCHA DE JUBILADOS, CON HINCHADAS DEL F\u00daTBOL ARGENTINO - Apuntes de San Luis\",\"isPartOf\":{\"@id\":\"https:\/\/apuntesdesanluis.com\/#website\"},\"primaryImageOfPage\":{\"@id\":\"https:\/\/apuntesdesanluis.com\/index.php\/2025\/03\/12\/graves-incidentes-en-la-marcha-de-jubilados-con-hinchadas-de-futbol-argentino\/#primaryimage\"},\"image\":{\"@id\":\"https:\/\/apuntesdesanluis.com\/index.php\/2025\/03\/12\/graves-incidentes-en-la-marcha-de-jubilados-con-hinchadas-de-futbol-argentino\/#primaryimage\"},\"thumbnailUrl\":\"https:\/\/apuntesdesanluis.com\/wp-content\/uploads\/2025\/03\/PATRULLERO-INCENDIADO.png\",\"datePublished\":\"2025-03-12T23:34:30+00:00\",\"dateModified\":\"2025-03-13T00:10:49+00:00\",\"breadcrumb\":{\"@id\":\"https:\/\/apuntesdesanluis.com\/index.php\/2025\/03\/12\/graves-incidentes-en-la-marcha-de-jubilados-con-hinchadas-de-futbol-argentino\/#breadcrumb\"},\"inLanguage\":\"es-AR\",\"potentialAction\":[{\"@type\":\"ReadAction\",\"target\":[\"https:\/\/apuntesdesanluis.com\/index.php\/2025\/03\/12\/graves-incidentes-en-la-marcha-de-jubilados-con-hinchadas-de-futbol-argentino\/\"]}]},{\"@type\":\"ImageObject\",\"inLanguage\":\"es-AR\",\"@id\":\"https:\/\/apuntesdesanluis.com\/index.php\/2025\/03\/12\/graves-incidentes-en-la-marcha-de-jubilados-con-hinchadas-de-futbol-argentino\/#primaryimage\",\"url\":\"https:\/\/apuntesdesanluis.com\/wp-content\/uploads\/2025\/03\/PATRULLERO-INCENDIADO.png\",\"contentUrl\":\"https:\/\/apuntesdesanluis.com\/wp-content\/uploads\/2025\/03\/PATRULLERO-INCENDIADO.png\",\"width\":700,\"height\":447},{\"@type\":\"BreadcrumbList\",\"@id\":\"https:\/\/apuntesdesanluis.com\/index.php\/2025\/03\/12\/graves-incidentes-en-la-marcha-de-jubilados-con-hinchadas-de-futbol-argentino\/#breadcrumb\",\"itemListElement\":[{\"@type\":\"ListItem\",\"position\":1,\"name\":\"Inicio\",\"item\":\"https:\/\/apuntesdesanluis.com\/\"},{\"@type\":\"ListItem\",\"position\":2,\"name\":\"GRAVES INCIDENTES EN LA MARCHA DE JUBILADOS, CON HINCHADAS DEL F\u00daTBOL ARGENTINO\"}]},{\"@type\":\"WebSite\",\"@id\":\"https:\/\/apuntesdesanluis.com\/#website\",\"url\":\"https:\/\/apuntesdesanluis.com\/\",\"name\":\"Apuntes de San Luis\",\"description\":\"\",\"publisher\":{\"@id\":\"https:\/\/apuntesdesanluis.com\/#\/schema\/person\/b55151d52296fcce64d1a72538a70b90\"},\"potentialAction\":[{\"@type\":\"SearchAction\",\"target\":{\"@type\":\"EntryPoint\",\"urlTemplate\":\"https:\/\/apuntesdesanluis.com\/?s={search_term_string}\"},\"query-input\":{\"@type\":\"PropertyValueSpecification\",\"valueRequired\":true,\"valueName\":\"search_term_string\"}}],\"inLanguage\":\"es-AR\"},{\"@type\":[\"Person\",\"Organization\"],\"@id\":\"https:\/\/apuntesdesanluis.com\/#\/schema\/person\/b55151d52296fcce64d1a72538a70b90\",\"name\":\"apuntesdesanluis.com\",\"image\":{\"@type\":\"ImageObject\",\"inLanguage\":\"es-AR\",\"@id\":\"https:\/\/apuntesdesanluis.com\/#\/schema\/person\/image\/\",\"url\":\"https:\/\/apuntesdesanluis.com\/wp-content\/uploads\/2023\/07\/cropped-apuntesdesanluis.png\",\"contentUrl\":\"https:\/\/apuntesdesanluis.com\/wp-content\/uploads\/2023\/07\/cropped-apuntesdesanluis.png\",\"width\":450,\"height\":112,\"caption\":\"apuntesdesanluis.com\"},\"logo\":{\"@id\":\"https:\/\/apuntesdesanluis.com\/#\/schema\/person\/image\/\"},\"sameAs\":[\"https:\/\/apuntesdesanluis.com\"],\"url\":\"https:\/\/apuntesdesanluis.com\/index.php\/author\/apuntesdesanluis-com\/\"}]}<\/script>\n<!-- \/ Yoast SEO plugin. -->","yoast_head_json":{"title":"GRAVES INCIDENTES EN LA MARCHA DE JUBILADOS, CON HINCHADAS DEL F\u00daTBOL ARGENTINO - Apuntes de San Luis","robots":{"index":"index","follow":"follow","max-snippet":"max-snippet:-1","max-image-preview":"max-image-preview:large","max-video-preview":"max-video-preview:-1"},"canonical":"https:\/\/apuntesdesanluis.com\/index.php\/2025\/03\/12\/graves-incidentes-en-la-marcha-de-jubilados-con-hinchadas-de-futbol-argentino\/","og_locale":"es_ES","og_type":"article","og_title":"GRAVES INCIDENTES EN LA MARCHA DE JUBILADOS, CON HINCHADAS DEL F\u00daTBOL ARGENTINO - Apuntes de San Luis","og_description":"Una serie de incidentes y cerca de 100 detenidos se registraron hoy durante la protesta...","og_url":"https:\/\/apuntesdesanluis.com\/index.php\/2025\/03\/12\/graves-incidentes-en-la-marcha-de-jubilados-con-hinchadas-de-futbol-argentino\/","og_site_name":"Apuntes de San Luis","article_published_time":"2025-03-12T23:34:30+00:00","article_modified_time":"2025-03-13T00:10:49+00:00","og_image":[{"width":700,"height":447,"url":"https:\/\/apuntesdesanluis.com\/wp-content\/uploads\/2025\/03\/PATRULLERO-INCENDIADO.png","type":"image\/png"}],"author":"apuntesdesanluis.com","twitter_card":"summary_large_image","twitter_misc":{"Escrito por":"apuntesdesanluis.com","Tiempo de lectura":"3 minutos"},"schema":{"@context":"https:\/\/schema.org","@graph":[{"@type":"Article","@id":"https:\/\/apuntesdesanluis.com\/index.php\/2025\/03\/12\/graves-incidentes-en-la-marcha-de-jubilados-con-hinchadas-de-futbol-argentino\/#article","isPartOf":{"@id":"https:\/\/apuntesdesanluis.com\/index.php\/2025\/03\/12\/graves-incidentes-en-la-marcha-de-jubilados-con-hinchadas-de-futbol-argentino\/"},"author":{"name":"apuntesdesanluis.com","@id":"https:\/\/apuntesdesanluis.com\/#\/schema\/person\/b55151d52296fcce64d1a72538a70b90"},"headline":"GRAVES INCIDENTES EN LA MARCHA DE JUBILADOS, CON HINCHADAS DEL F\u00daTBOL ARGENTINO","datePublished":"2025-03-12T23:34:30+00:00","dateModified":"2025-03-13T00:10:49+00:00","mainEntityOfPage":{"@id":"https:\/\/apuntesdesanluis.com\/index.php\/2025\/03\/12\/graves-incidentes-en-la-marcha-de-jubilados-con-hinchadas-de-futbol-argentino\/"},"wordCount":496,"publisher":{"@id":"https:\/\/apuntesdesanluis.com\/#\/schema\/person\/b55151d52296fcce64d1a72538a70b90"},"image":{"@id":"https:\/\/apuntesdesanluis.com\/index.php\/2025\/03\/12\/graves-incidentes-en-la-marcha-de-jubilados-con-hinchadas-de-futbol-argentino\/#primaryimage"},"thumbnailUrl":"https:\/\/apuntesdesanluis.com\/wp-content\/uploads\/2025\/03\/PATRULLERO-INCENDIADO.png","articleSection":["Nacionales\/Internacionales"],"inLanguage":"es-AR"},{"@type":"WebPage","@id":"https:\/\/apuntesdesanluis.com\/index.php\/2025\/03\/12\/graves-incidentes-en-la-marcha-de-jubilados-con-hinchadas-de-futbol-argentino\/","url":"https:\/\/apuntesdesanluis.com\/index.php\/2025\/03\/12\/graves-incidentes-en-la-marcha-de-jubilados-con-hinchadas-de-futbol-argentino\/","name":"GRAVES INCIDENTES EN LA MARCHA DE JUBILADOS, CON HINCHADAS DEL F\u00daTBOL ARGENTINO - Apuntes de San Luis","isPartOf":{"@id":"https:\/\/apuntesdesanluis.com\/#website"},"primaryImageOfPage":{"@id":"https:\/\/apuntesdesanluis.com\/index.php\/2025\/03\/12\/graves-incidentes-en-la-marcha-de-jubilados-con-hinchadas-de-futbol-argentino\/#primaryimage"},"image":{"@id":"https:\/\/apuntesdesanluis.com\/index.php\/2025\/03\/12\/graves-incidentes-en-la-marcha-de-jubilados-con-hinchadas-de-futbol-argentino\/#primaryimage"},"thumbnailUrl":"https:\/\/apuntesdesanluis.com\/wp-content\/uploads\/2025\/03\/PATRULLERO-INCENDIADO.png","datePublished":"2025-03-12T23:34:30+00:00","dateModified":"2025-03-13T00:10:49+00:00","breadcrumb":{"@id":"https:\/\/apuntesdesanluis.com\/index.php\/2025\/03\/12\/graves-incidentes-en-la-marcha-de-jubilados-con-hinchadas-de-futbol-argentino\/#breadcrumb"},"inLanguage":"es-AR","potentialAction":[{"@type":"ReadAction","target":["https:\/\/apuntesdesanluis.com\/index.php\/2025\/03\/12\/graves-incidentes-en-la-marcha-de-jubilados-con-hinchadas-de-futbol-argentino\/"]}]},{"@type":"ImageObject","inLanguage":"es-AR","@id":"https:\/\/apuntesdesanluis.com\/index.php\/2025\/03\/12\/graves-incidentes-en-la-marcha-de-jubilados-con-hinchadas-de-futbol-argentino\/#primaryimage","url":"https:\/\/apuntesdesanluis.com\/wp-content\/uploads\/2025\/03\/PATRULLERO-INCENDIADO.png","contentUrl":"https:\/\/apuntesdesanluis.com\/wp-content\/uploads\/2025\/03\/PATRULLERO-INCENDIADO.png","width":700,"height":447},{"@type":"BreadcrumbList","@id":"https:\/\/apuntesdesanluis.com\/index.php\/2025\/03\/12\/graves-incidentes-en-la-marcha-de-jubilados-con-hinchadas-de-futbol-argentino\/#breadcrumb","itemListElement":[{"@type":"ListItem","position":1,"name":"Inicio","item":"https:\/\/apuntesdesanluis.com\/"},{"@type":"ListItem","position":2,"name":"GRAVES INCIDENTES EN LA MARCHA DE JUBILADOS, CON HINCHADAS DEL F\u00daTBOL ARGENTINO"}]},{"@type":"WebSite","@id":"https:\/\/apuntesdesanluis.com\/#website","url":"https:\/\/apuntesdesanluis.com\/","name":"Apuntes de San Luis","description":"","publisher":{"@id":"https:\/\/apuntesdesanluis.com\/#\/schema\/person\/b55151d52296fcce64d1a72538a70b90"},"potentialAction":[{"@type":"SearchAction","target":{"@type":"EntryPoint","urlTemplate":"https:\/\/apuntesdesanluis.com\/?s={search_term_string}"},"query-input":{"@type":"PropertyValueSpecification","valueRequired":true,"valueName":"search_term_string"}}],"inLanguage":"es-AR"},{"@type":["Person","Organization"],"@id":"https:\/\/apuntesdesanluis.com\/#\/schema\/person\/b55151d52296fcce64d1a72538a70b90","name":"apuntesdesanluis.com","image":{"@type":"ImageObject","inLanguage":"es-AR","@id":"https:\/\/apuntesdesanluis.com\/#\/schema\/person\/image\/","url":"https:\/\/apuntesdesanluis.com\/wp-content\/uploads\/2023\/07\/cropped-apuntesdesanluis.png","contentUrl":"https:\/\/apuntesdesanluis.com\/wp-content\/uploads\/2023\/07\/cropped-apuntesdesanluis.png","width":450,"height":112,"caption":"apuntesdesanluis.com"},"logo":{"@id":"https:\/\/apuntesdesanluis.com\/#\/schema\/person\/image\/"},"sameAs":["https:\/\/apuntesdesanluis.com"],"url":"https:\/\/apuntesdesanluis.com\/index.php\/author\/apuntesdesanluis-com\/"}]}},"featured_image_urls":{"full":["https:\/\/apuntesdesanluis.com\/wp-content\/uploads\/2025\/03\/PATRULLERO-INCENDIADO.png",700,447,false],"thumbnail":["https:\/\/apuntesdesanluis.com\/wp-content\/uploads\/2025\/03\/PATRULLERO-INCENDIADO-150x150.png",150,150,true],"medium":["https:\/\/apuntesdesanluis.com\/wp-content\/uploads\/2025\/03\/PATRULLERO-INCENDIADO-300x192.png",300,192,true],"medium_large":["https:\/\/apuntesdesanluis.com\/wp-content\/uploads\/2025\/03\/PATRULLERO-INCENDIADO.png",640,409,false],"large":["https:\/\/apuntesdesanluis.com\/wp-content\/uploads\/2025\/03\/PATRULLERO-INCENDIADO.png",640,409,false],"1536x1536":["https:\/\/apuntesdesanluis.com\/wp-content\/uploads\/2025\/03\/PATRULLERO-INCENDIADO.png",700,447,false],"2048x2048":["https:\/\/apuntesdesanluis.com\/wp-content\/uploads\/2025\/03\/PATRULLERO-INCENDIADO.png",700,447,false],"newsever-slider-full":["https:\/\/apuntesdesanluis.com\/wp-content\/uploads\/2025\/03\/PATRULLERO-INCENDIADO.png",700,447,false],"newsever-featured":["https:\/\/apuntesdesanluis.com\/wp-content\/uploads\/2025\/03\/PATRULLERO-INCENDIADO.png",700,447,false],"newsever-medium":["https:\/\/apuntesdesanluis.com\/wp-content\/uploads\/2025\/03\/PATRULLERO-INCENDIADO.png",700,447,false]},"author_info":{"display_name":"apuntesdesanluis.com","author_link":"https:\/\/apuntesdesanluis.com\/index.php\/author\/apuntesdesanluis-com\/"},"category_info":"<a href=\"https:\/\/apuntesdesanluis.com\/index.php\/category\/nacionales-internacionales\/\" rel=\"category tag\">Nacionales\/Internacionales<\/a>","tag_info":"Nacionales\/Internacionales","comment_count":"0","_links":{"self":[{"href":"https:\/\/apuntesdesanluis.com\/index.php\/wp-json\/wp\/v2\/posts\/30410","targetHints":{"allow":["GET"]}}],"collection":[{"href":"https:\/\/apuntesdesanluis.com\/index.php\/wp-json\/wp\/v2\/posts"}],"about":[{"href":"https:\/\/apuntesdesanluis.com\/index.php\/wp-json\/wp\/v2\/types\/post"}],"author":[{"embeddable":true,"href":"https:\/\/apuntesdesanluis.com\/index.php\/wp-json\/wp\/v2\/users\/1"}],"replies":[{"embeddable":true,"href":"https:\/\/apuntesdesanluis.com\/index.php\/wp-json\/wp\/v2\/comments?post=30410"}],"version-history":[{"count":6,"href":"https:\/\/apuntesdesanluis.com\/index.php\/wp-json\/wp\/v2\/posts\/30410\/revisions"}],"predecessor-version":[{"id":30421,"href":"https:\/\/apuntesdesanluis.com\/index.php\/wp-json\/wp\/v2\/posts\/30410\/revisions\/30421"}],"wp:featuredmedia":[{"embeddable":true,"href":"https:\/\/apuntesdesanluis.com\/index.php\/wp-json\/wp\/v2\/media\/30411"}],"wp:attachment":[{"href":"https:\/\/apuntesdesanluis.com\/index.php\/wp-json\/wp\/v2\/media?parent=30410"}],"wp:term":[{"taxonomy":"category","embeddable":true,"href":"https:\/\/apuntesdesanluis.com\/index.php\/wp-json\/wp\/v2\/categories?post=30410"},{"taxonomy":"post_tag","embeddable":true,"href":"https:\/\/apuntesdesanluis.com\/index.php\/wp-json\/wp\/v2\/tags?post=30410"}],"curies":[{"name":"wp","href":"https:\/\/api.w.org\/{rel}","templated":true}]}}