{"id":30422,"date":"2025-03-13T08:27:36","date_gmt":"2025-03-13T11:27:36","guid":{"rendered":"https:\/\/apuntesdesanluis.com\/?p=30422"},"modified":"2025-03-13T08:27:36","modified_gmt":"2025-03-13T11:27:36","slug":"se-presentaron-7-frentes-electorales-y-la-libertad-avanza-va-dividida","status":"publish","type":"post","link":"https:\/\/apuntesdesanluis.com\/index.php\/2025\/03\/13\/se-presentaron-7-frentes-electorales-y-la-libertad-avanza-va-dividida\/","title":{"rendered":"SE PRESENTARON 7 FRENTES ELECTORALES Y LA LIBERTAD AVANZA VA DIVIDIDA"},"content":{"rendered":"<h3>Al cumplirse el plazo establecido por el calendario electoral para la presentaci\u00f3n de alianzas electorales, a las 24:00 h de este mi\u00e9rcoles 12, se inscribieron un total de siete (7) frentes, entre los cuales dos (2) responden al partido del presidente <strong>Javier Milei<\/strong>.<\/h3>\n<h3><strong>Apuntes de San Luis<\/strong> hab\u00eda adelantado el domingo \u00faltimo las diferencias que exist\u00edan entre los distintos sectores que se referencian en la gesti\u00f3n libertaria, por las dificultades para alcanzar acuerdos en torno de las candidaturas. (Ver: <span style=\"color: #3366ff;\"><strong><a style=\"color: #3366ff;\" href=\"https:\/\/apuntesdesanluis.com\/index.php\/2025\/03\/09\/cambalashe-politiko\/\" target=\"_blank\" rel=\"noopener\">CaMbAlaShe PoL\u00edtIkO<\/a><\/strong><\/span>)<\/h3>\n<h3>Otras fuerzas pol\u00edticas han adelantado que participar\u00e1n de las elecciones del 11 de mayo, pero sin integrar ning\u00fan frente, a pesar que algunos de ellos negociaron hasta \u00faltimo momento con el oficialismo provincial, los libertarios e incluso el PJ. Se trata del Movipro, Proclame y NOS. Los mismos inscribir\u00e1n directamente su partido y candidatos el pr\u00f3ximo s\u00e1bado 22 de marzo.<\/h3>\n<h3>Extraoficialmente, estos son los frentes inscriptos, que ahora deber\u00e1 oficializar la justicia electoral, luego del plazo de impugnaciones:<\/h3>\n<h3><strong>\u201cAHORA SAN LUIS\u201d<\/strong><\/h3>\n<h3>Avanzar San Luis, UCR, MID, Todos Unidos, PRO Propuesta Republicana, Movimiento de Unidad Provincial, Libres del Sur, GEN, El Exodo Puntano, Mirada Socialista, Mercedinos por el Cambio, Sanluise\u00f1os por el Cambio, Juntos Podemos, Pueblo, Identidad y Pertenencia, Partido de Acci\u00f3n Renovadora.<\/h3>\n<h3><strong>\u201cALIANZA FRENTE JUSTICIALISTA\u201d<\/strong><\/h3>\n<h3>Partido Justicialista, Movimiento de Integraci\u00f3n Latinoamericana de Expresi\u00f3n Social (Miles), Compromiso Federal, Movimiento Comunal Mercedino (Mocomer), MAS + San Luis, Movimiento Puntano.<\/h3>\n<h3><strong>\u201cFRENTE POR LA JUSTICIA SOCIAL\u201d<\/strong><\/h3>\n<h3>Partido de la Lealtad Sanluise\u00f1a, Partido Comunista, Partido Tierra, Techo, Trabajo, Partido Nuevo Encuentro por la Democracia y la Equidad, Movimiento Patri\u00f3tico de Liberaci\u00f3n, Partido del Trabajo y del Pueblo, Agrupaci\u00f3n Patria Grande, Agrupaci\u00f3n Identidad Popular.<\/h3>\n<h3><strong>\u201cPRIMERO SAN LUIS\u00bb<\/strong><\/h3>\n<h3>San Luis Somos Todos, Partido De la Victoria, Frente para la Victoria y Socialismo Merlino.<\/h3>\n<h3><strong>\u201cFRENTE DE IZQUIERDA Y DE LOS TRABAJADORES \u2013 UNIDAD\u201d<\/strong><\/h3>\n<h3>Partido de los Trabajadores por el Socialismo, Movimiento Socialista de los Trabajadores.<\/h3>\n<h3><strong>\u201cFRENTE LA LIBERTAD AVANZA\u201d<\/strong><\/h3>\n<h3>Movimiento de Acci\u00f3n Vecinal, Partido Libertario.<strong>\u00a0<\/strong><\/h3>\n<h3><strong>\u201cLAS FUERZAS DEL CIELO\u201d<\/strong><\/h3>\n<h3>Tercera Posici\u00f3n, Uni\u00f3n Vecinal Provincial.<\/h3>\n<h3>Una vez que se oficialicen estos frentes, la expectativa se trasladar\u00e1 al pr\u00f3ximo s\u00e1bado 22, oportunidad en que se deber\u00e1n inscribir los candidatos de cada fuerza y se conocer\u00e1n los partidos que se sumar\u00e1n a la contienda.<\/h3>\n<p>&nbsp;<\/p>\n<p>&nbsp;<\/p>\n<p>&nbsp;<\/p>\n<h3><\/h3>\n<h3><\/h3>\n<h3><\/h3>\n<h3><\/h3>\n<p>&nbsp;<\/p>\n<p>&nbsp;<\/p>\n<p>&nbsp;<\/p>\n","protected":false},"excerpt":{"rendered":"<p>Al cumplirse el plazo establecido por el calendario electoral para la presentaci\u00f3n de alianzas electorales,&#8230;<\/p>\n","protected":false},"author":1,"featured_media":30423,"comment_status":"closed","ping_status":"closed","sticky":false,"template":"","format":"standard","meta":{"footnotes":""},"categories":[9],"tags":[],"class_list":["post-30422","post","type-post","status-publish","format-standard","has-post-thumbnail","hentry","category-opinion"],"yoast_head":"<!-- This site is optimized with the Yoast SEO plugin v26.1.1 - https:\/\/yoast.com\/wordpress\/plugins\/seo\/ -->\n<title>SE PRESENTARON 7 FRENTES ELECTORALES Y LA LIBERTAD AVANZA VA DIVIDIDA - Apuntes de San Luis<\/title>\n<meta name=\"robots\" content=\"index, follow, max-snippet:-1, max-image-preview:large, max-video-preview:-1\" \/>\n<link rel=\"canonical\" href=\"https:\/\/apuntesdesanluis.com\/index.php\/2025\/03\/13\/se-presentaron-7-frentes-electorales-y-la-libertad-avanza-va-dividida\/\" \/>\n<meta property=\"og:locale\" content=\"es_ES\" \/>\n<meta property=\"og:type\" content=\"article\" \/>\n<meta property=\"og:title\" content=\"SE PRESENTARON 7 FRENTES ELECTORALES Y LA LIBERTAD AVANZA VA DIVIDIDA - Apuntes de San Luis\" \/>\n<meta property=\"og:description\" content=\"Al cumplirse el plazo establecido por el calendario electoral para la presentaci\u00f3n de alianzas electorales,...\" \/>\n<meta property=\"og:url\" content=\"https:\/\/apuntesdesanluis.com\/index.php\/2025\/03\/13\/se-presentaron-7-frentes-electorales-y-la-libertad-avanza-va-dividida\/\" \/>\n<meta property=\"og:site_name\" content=\"Apuntes de San Luis\" \/>\n<meta property=\"article:published_time\" content=\"2025-03-13T11:27:36+00:00\" \/>\n<meta property=\"og:image\" content=\"https:\/\/apuntesdesanluis.com\/wp-content\/uploads\/2025\/03\/Secretaria-electoral-san-luis.png\" \/>\n\t<meta property=\"og:image:width\" content=\"549\" \/>\n\t<meta property=\"og:image:height\" content=\"349\" \/>\n\t<meta property=\"og:image:type\" content=\"image\/png\" \/>\n<meta name=\"author\" content=\"apuntesdesanluis.com\" \/>\n<meta name=\"twitter:card\" content=\"summary_large_image\" \/>\n<meta name=\"twitter:label1\" content=\"Escrito por\" \/>\n\t<meta name=\"twitter:data1\" content=\"apuntesdesanluis.com\" \/>\n\t<meta name=\"twitter:label2\" content=\"Tiempo de lectura\" \/>\n\t<meta name=\"twitter:data2\" content=\"2 minutos\" \/>\n<script type=\"application\/ld+json\" class=\"yoast-schema-graph\">{\"@context\":\"https:\/\/schema.org\",\"@graph\":[{\"@type\":\"Article\",\"@id\":\"https:\/\/apuntesdesanluis.com\/index.php\/2025\/03\/13\/se-presentaron-7-frentes-electorales-y-la-libertad-avanza-va-dividida\/#article\",\"isPartOf\":{\"@id\":\"https:\/\/apuntesdesanluis.com\/index.php\/2025\/03\/13\/se-presentaron-7-frentes-electorales-y-la-libertad-avanza-va-dividida\/\"},\"author\":{\"name\":\"apuntesdesanluis.com\",\"@id\":\"https:\/\/apuntesdesanluis.com\/#\/schema\/person\/b55151d52296fcce64d1a72538a70b90\"},\"headline\":\"SE PRESENTARON 7 FRENTES ELECTORALES Y LA LIBERTAD AVANZA VA DIVIDIDA\",\"datePublished\":\"2025-03-13T11:27:36+00:00\",\"mainEntityOfPage\":{\"@id\":\"https:\/\/apuntesdesanluis.com\/index.php\/2025\/03\/13\/se-presentaron-7-frentes-electorales-y-la-libertad-avanza-va-dividida\/\"},\"wordCount\":400,\"publisher\":{\"@id\":\"https:\/\/apuntesdesanluis.com\/#\/schema\/person\/b55151d52296fcce64d1a72538a70b90\"},\"image\":{\"@id\":\"https:\/\/apuntesdesanluis.com\/index.php\/2025\/03\/13\/se-presentaron-7-frentes-electorales-y-la-libertad-avanza-va-dividida\/#primaryimage\"},\"thumbnailUrl\":\"https:\/\/apuntesdesanluis.com\/wp-content\/uploads\/2025\/03\/Secretaria-electoral-san-luis.png\",\"articleSection\":[\"Opini\u00f3n\"],\"inLanguage\":\"es-AR\"},{\"@type\":\"WebPage\",\"@id\":\"https:\/\/apuntesdesanluis.com\/index.php\/2025\/03\/13\/se-presentaron-7-frentes-electorales-y-la-libertad-avanza-va-dividida\/\",\"url\":\"https:\/\/apuntesdesanluis.com\/index.php\/2025\/03\/13\/se-presentaron-7-frentes-electorales-y-la-libertad-avanza-va-dividida\/\",\"name\":\"SE PRESENTARON 7 FRENTES ELECTORALES Y LA LIBERTAD AVANZA VA DIVIDIDA - Apuntes de San Luis\",\"isPartOf\":{\"@id\":\"https:\/\/apuntesdesanluis.com\/#website\"},\"primaryImageOfPage\":{\"@id\":\"https:\/\/apuntesdesanluis.com\/index.php\/2025\/03\/13\/se-presentaron-7-frentes-electorales-y-la-libertad-avanza-va-dividida\/#primaryimage\"},\"image\":{\"@id\":\"https:\/\/apuntesdesanluis.com\/index.php\/2025\/03\/13\/se-presentaron-7-frentes-electorales-y-la-libertad-avanza-va-dividida\/#primaryimage\"},\"thumbnailUrl\":\"https:\/\/apuntesdesanluis.com\/wp-content\/uploads\/2025\/03\/Secretaria-electoral-san-luis.png\",\"datePublished\":\"2025-03-13T11:27:36+00:00\",\"breadcrumb\":{\"@id\":\"https:\/\/apuntesdesanluis.com\/index.php\/2025\/03\/13\/se-presentaron-7-frentes-electorales-y-la-libertad-avanza-va-dividida\/#breadcrumb\"},\"inLanguage\":\"es-AR\",\"potentialAction\":[{\"@type\":\"ReadAction\",\"target\":[\"https:\/\/apuntesdesanluis.com\/index.php\/2025\/03\/13\/se-presentaron-7-frentes-electorales-y-la-libertad-avanza-va-dividida\/\"]}]},{\"@type\":\"ImageObject\",\"inLanguage\":\"es-AR\",\"@id\":\"https:\/\/apuntesdesanluis.com\/index.php\/2025\/03\/13\/se-presentaron-7-frentes-electorales-y-la-libertad-avanza-va-dividida\/#primaryimage\",\"url\":\"https:\/\/apuntesdesanluis.com\/wp-content\/uploads\/2025\/03\/Secretaria-electoral-san-luis.png\",\"contentUrl\":\"https:\/\/apuntesdesanluis.com\/wp-content\/uploads\/2025\/03\/Secretaria-electoral-san-luis.png\",\"width\":549,\"height\":349},{\"@type\":\"BreadcrumbList\",\"@id\":\"https:\/\/apuntesdesanluis.com\/index.php\/2025\/03\/13\/se-presentaron-7-frentes-electorales-y-la-libertad-avanza-va-dividida\/#breadcrumb\",\"itemListElement\":[{\"@type\":\"ListItem\",\"position\":1,\"name\":\"Inicio\",\"item\":\"https:\/\/apuntesdesanluis.com\/\"},{\"@type\":\"ListItem\",\"position\":2,\"name\":\"SE PRESENTARON 7 FRENTES ELECTORALES Y LA LIBERTAD AVANZA VA DIVIDIDA\"}]},{\"@type\":\"WebSite\",\"@id\":\"https:\/\/apuntesdesanluis.com\/#website\",\"url\":\"https:\/\/apuntesdesanluis.com\/\",\"name\":\"Apuntes de San Luis\",\"description\":\"\",\"publisher\":{\"@id\":\"https:\/\/apuntesdesanluis.com\/#\/schema\/person\/b55151d52296fcce64d1a72538a70b90\"},\"potentialAction\":[{\"@type\":\"SearchAction\",\"target\":{\"@type\":\"EntryPoint\",\"urlTemplate\":\"https:\/\/apuntesdesanluis.com\/?s={search_term_string}\"},\"query-input\":{\"@type\":\"PropertyValueSpecification\",\"valueRequired\":true,\"valueName\":\"search_term_string\"}}],\"inLanguage\":\"es-AR\"},{\"@type\":[\"Person\",\"Organization\"],\"@id\":\"https:\/\/apuntesdesanluis.com\/#\/schema\/person\/b55151d52296fcce64d1a72538a70b90\",\"name\":\"apuntesdesanluis.com\",\"image\":{\"@type\":\"ImageObject\",\"inLanguage\":\"es-AR\",\"@id\":\"https:\/\/apuntesdesanluis.com\/#\/schema\/person\/image\/\",\"url\":\"https:\/\/apuntesdesanluis.com\/wp-content\/uploads\/2023\/07\/cropped-apuntesdesanluis.png\",\"contentUrl\":\"https:\/\/apuntesdesanluis.com\/wp-content\/uploads\/2023\/07\/cropped-apuntesdesanluis.png\",\"width\":450,\"height\":112,\"caption\":\"apuntesdesanluis.com\"},\"logo\":{\"@id\":\"https:\/\/apuntesdesanluis.com\/#\/schema\/person\/image\/\"},\"sameAs\":[\"https:\/\/apuntesdesanluis.com\"],\"url\":\"https:\/\/apuntesdesanluis.com\/index.php\/author\/apuntesdesanluis-com\/\"}]}<\/script>\n<!-- \/ Yoast SEO plugin. -->","yoast_head_json":{"title":"SE PRESENTARON 7 FRENTES ELECTORALES Y LA LIBERTAD AVANZA VA DIVIDIDA - Apuntes de San Luis","robots":{"index":"index","follow":"follow","max-snippet":"max-snippet:-1","max-image-preview":"max-image-preview:large","max-video-preview":"max-video-preview:-1"},"canonical":"https:\/\/apuntesdesanluis.com\/index.php\/2025\/03\/13\/se-presentaron-7-frentes-electorales-y-la-libertad-avanza-va-dividida\/","og_locale":"es_ES","og_type":"article","og_title":"SE PRESENTARON 7 FRENTES ELECTORALES Y LA LIBERTAD AVANZA VA DIVIDIDA - Apuntes de San Luis","og_description":"Al cumplirse el plazo establecido por el calendario electoral para la presentaci\u00f3n de alianzas electorales,...","og_url":"https:\/\/apuntesdesanluis.com\/index.php\/2025\/03\/13\/se-presentaron-7-frentes-electorales-y-la-libertad-avanza-va-dividida\/","og_site_name":"Apuntes de San Luis","article_published_time":"2025-03-13T11:27:36+00:00","og_image":[{"width":549,"height":349,"url":"https:\/\/apuntesdesanluis.com\/wp-content\/uploads\/2025\/03\/Secretaria-electoral-san-luis.png","type":"image\/png"}],"author":"apuntesdesanluis.com","twitter_card":"summary_large_image","twitter_misc":{"Escrito por":"apuntesdesanluis.com","Tiempo de lectura":"2 minutos"},"schema":{"@context":"https:\/\/schema.org","@graph":[{"@type":"Article","@id":"https:\/\/apuntesdesanluis.com\/index.php\/2025\/03\/13\/se-presentaron-7-frentes-electorales-y-la-libertad-avanza-va-dividida\/#article","isPartOf":{"@id":"https:\/\/apuntesdesanluis.com\/index.php\/2025\/03\/13\/se-presentaron-7-frentes-electorales-y-la-libertad-avanza-va-dividida\/"},"author":{"name":"apuntesdesanluis.com","@id":"https:\/\/apuntesdesanluis.com\/#\/schema\/person\/b55151d52296fcce64d1a72538a70b90"},"headline":"SE PRESENTARON 7 FRENTES ELECTORALES Y LA LIBERTAD AVANZA VA DIVIDIDA","datePublished":"2025-03-13T11:27:36+00:00","mainEntityOfPage":{"@id":"https:\/\/apuntesdesanluis.com\/index.php\/2025\/03\/13\/se-presentaron-7-frentes-electorales-y-la-libertad-avanza-va-dividida\/"},"wordCount":400,"publisher":{"@id":"https:\/\/apuntesdesanluis.com\/#\/schema\/person\/b55151d52296fcce64d1a72538a70b90"},"image":{"@id":"https:\/\/apuntesdesanluis.com\/index.php\/2025\/03\/13\/se-presentaron-7-frentes-electorales-y-la-libertad-avanza-va-dividida\/#primaryimage"},"thumbnailUrl":"https:\/\/apuntesdesanluis.com\/wp-content\/uploads\/2025\/03\/Secretaria-electoral-san-luis.png","articleSection":["Opini\u00f3n"],"inLanguage":"es-AR"},{"@type":"WebPage","@id":"https:\/\/apuntesdesanluis.com\/index.php\/2025\/03\/13\/se-presentaron-7-frentes-electorales-y-la-libertad-avanza-va-dividida\/","url":"https:\/\/apuntesdesanluis.com\/index.php\/2025\/03\/13\/se-presentaron-7-frentes-electorales-y-la-libertad-avanza-va-dividida\/","name":"SE PRESENTARON 7 FRENTES ELECTORALES Y LA LIBERTAD AVANZA VA DIVIDIDA - Apuntes de San Luis","isPartOf":{"@id":"https:\/\/apuntesdesanluis.com\/#website"},"primaryImageOfPage":{"@id":"https:\/\/apuntesdesanluis.com\/index.php\/2025\/03\/13\/se-presentaron-7-frentes-electorales-y-la-libertad-avanza-va-dividida\/#primaryimage"},"image":{"@id":"https:\/\/apuntesdesanluis.com\/index.php\/2025\/03\/13\/se-presentaron-7-frentes-electorales-y-la-libertad-avanza-va-dividida\/#primaryimage"},"thumbnailUrl":"https:\/\/apuntesdesanluis.com\/wp-content\/uploads\/2025\/03\/Secretaria-electoral-san-luis.png","datePublished":"2025-03-13T11:27:36+00:00","breadcrumb":{"@id":"https:\/\/apuntesdesanluis.com\/index.php\/2025\/03\/13\/se-presentaron-7-frentes-electorales-y-la-libertad-avanza-va-dividida\/#breadcrumb"},"inLanguage":"es-AR","potentialAction":[{"@type":"ReadAction","target":["https:\/\/apuntesdesanluis.com\/index.php\/2025\/03\/13\/se-presentaron-7-frentes-electorales-y-la-libertad-avanza-va-dividida\/"]}]},{"@type":"ImageObject","inLanguage":"es-AR","@id":"https:\/\/apuntesdesanluis.com\/index.php\/2025\/03\/13\/se-presentaron-7-frentes-electorales-y-la-libertad-avanza-va-dividida\/#primaryimage","url":"https:\/\/apuntesdesanluis.com\/wp-content\/uploads\/2025\/03\/Secretaria-electoral-san-luis.png","contentUrl":"https:\/\/apuntesdesanluis.com\/wp-content\/uploads\/2025\/03\/Secretaria-electoral-san-luis.png","width":549,"height":349},{"@type":"BreadcrumbList","@id":"https:\/\/apuntesdesanluis.com\/index.php\/2025\/03\/13\/se-presentaron-7-frentes-electorales-y-la-libertad-avanza-va-dividida\/#breadcrumb","itemListElement":[{"@type":"ListItem","position":1,"name":"Inicio","item":"https:\/\/apuntesdesanluis.com\/"},{"@type":"ListItem","position":2,"name":"SE PRESENTARON 7 FRENTES ELECTORALES Y LA LIBERTAD AVANZA VA DIVIDIDA"}]},{"@type":"WebSite","@id":"https:\/\/apuntesdesanluis.com\/#website","url":"https:\/\/apuntesdesanluis.com\/","name":"Apuntes de San Luis","description":"","publisher":{"@id":"https:\/\/apuntesdesanluis.com\/#\/schema\/person\/b55151d52296fcce64d1a72538a70b90"},"potentialAction":[{"@type":"SearchAction","target":{"@type":"EntryPoint","urlTemplate":"https:\/\/apuntesdesanluis.com\/?s={search_term_string}"},"query-input":{"@type":"PropertyValueSpecification","valueRequired":true,"valueName":"search_term_string"}}],"inLanguage":"es-AR"},{"@type":["Person","Organization"],"@id":"https:\/\/apuntesdesanluis.com\/#\/schema\/person\/b55151d52296fcce64d1a72538a70b90","name":"apuntesdesanluis.com","image":{"@type":"ImageObject","inLanguage":"es-AR","@id":"https:\/\/apuntesdesanluis.com\/#\/schema\/person\/image\/","url":"https:\/\/apuntesdesanluis.com\/wp-content\/uploads\/2023\/07\/cropped-apuntesdesanluis.png","contentUrl":"https:\/\/apuntesdesanluis.com\/wp-content\/uploads\/2023\/07\/cropped-apuntesdesanluis.png","width":450,"height":112,"caption":"apuntesdesanluis.com"},"logo":{"@id":"https:\/\/apuntesdesanluis.com\/#\/schema\/person\/image\/"},"sameAs":["https:\/\/apuntesdesanluis.com"],"url":"https:\/\/apuntesdesanluis.com\/index.php\/author\/apuntesdesanluis-com\/"}]}},"featured_image_urls":{"full":["https:\/\/apuntesdesanluis.com\/wp-content\/uploads\/2025\/03\/Secretaria-electoral-san-luis.png",549,349,false],"thumbnail":["https:\/\/apuntesdesanluis.com\/wp-content\/uploads\/2025\/03\/Secretaria-electoral-san-luis-150x150.png",150,150,true],"medium":["https:\/\/apuntesdesanluis.com\/wp-content\/uploads\/2025\/03\/Secretaria-electoral-san-luis-300x191.png",300,191,true],"medium_large":["https:\/\/apuntesdesanluis.com\/wp-content\/uploads\/2025\/03\/Secretaria-electoral-san-luis.png",549,349,false],"large":["https:\/\/apuntesdesanluis.com\/wp-content\/uploads\/2025\/03\/Secretaria-electoral-san-luis.png",549,349,false],"1536x1536":["https:\/\/apuntesdesanluis.com\/wp-content\/uploads\/2025\/03\/Secretaria-electoral-san-luis.png",549,349,false],"2048x2048":["https:\/\/apuntesdesanluis.com\/wp-content\/uploads\/2025\/03\/Secretaria-electoral-san-luis.png",549,349,false],"newsever-slider-full":["https:\/\/apuntesdesanluis.com\/wp-content\/uploads\/2025\/03\/Secretaria-electoral-san-luis.png",549,349,false],"newsever-featured":["https:\/\/apuntesdesanluis.com\/wp-content\/uploads\/2025\/03\/Secretaria-electoral-san-luis.png",549,349,false],"newsever-medium":["https:\/\/apuntesdesanluis.com\/wp-content\/uploads\/2025\/03\/Secretaria-electoral-san-luis.png",549,349,false]},"author_info":{"display_name":"apuntesdesanluis.com","author_link":"https:\/\/apuntesdesanluis.com\/index.php\/author\/apuntesdesanluis-com\/"},"category_info":"<a href=\"https:\/\/apuntesdesanluis.com\/index.php\/category\/opinion\/\" rel=\"category tag\">Opini\u00f3n<\/a>","tag_info":"Opini\u00f3n","comment_count":"0","_links":{"self":[{"href":"https:\/\/apuntesdesanluis.com\/index.php\/wp-json\/wp\/v2\/posts\/30422","targetHints":{"allow":["GET"]}}],"collection":[{"href":"https:\/\/apuntesdesanluis.com\/index.php\/wp-json\/wp\/v2\/posts"}],"about":[{"href":"https:\/\/apuntesdesanluis.com\/index.php\/wp-json\/wp\/v2\/types\/post"}],"author":[{"embeddable":true,"href":"https:\/\/apuntesdesanluis.com\/index.php\/wp-json\/wp\/v2\/users\/1"}],"replies":[{"embeddable":true,"href":"https:\/\/apuntesdesanluis.com\/index.php\/wp-json\/wp\/v2\/comments?post=30422"}],"version-history":[{"count":1,"href":"https:\/\/apuntesdesanluis.com\/index.php\/wp-json\/wp\/v2\/posts\/30422\/revisions"}],"predecessor-version":[{"id":30424,"href":"https:\/\/apuntesdesanluis.com\/index.php\/wp-json\/wp\/v2\/posts\/30422\/revisions\/30424"}],"wp:featuredmedia":[{"embeddable":true,"href":"https:\/\/apuntesdesanluis.com\/index.php\/wp-json\/wp\/v2\/media\/30423"}],"wp:attachment":[{"href":"https:\/\/apuntesdesanluis.com\/index.php\/wp-json\/wp\/v2\/media?parent=30422"}],"wp:term":[{"taxonomy":"category","embeddable":true,"href":"https:\/\/apuntesdesanluis.com\/index.php\/wp-json\/wp\/v2\/categories?post=30422"},{"taxonomy":"post_tag","embeddable":true,"href":"https:\/\/apuntesdesanluis.com\/index.php\/wp-json\/wp\/v2\/tags?post=30422"}],"curies":[{"name":"wp","href":"https:\/\/api.w.org\/{rel}","templated":true}]}}