{"id":30433,"date":"2025-03-13T22:01:04","date_gmt":"2025-03-14T01:01:04","guid":{"rendered":"https:\/\/apuntesdesanluis.com\/?p=30433"},"modified":"2025-03-13T23:12:14","modified_gmt":"2025-03-14T02:12:14","slug":"la-mesa-intersindical-estatal-reitero-su-reclamo-salarial-al-gobierno","status":"publish","type":"post","link":"https:\/\/apuntesdesanluis.com\/index.php\/2025\/03\/13\/la-mesa-intersindical-estatal-reitero-su-reclamo-salarial-al-gobierno\/","title":{"rendered":"LA MESA INTERSINDICAL ESTATAL REITER\u00d3 SU RECLAMO SALARIAL AL GOBIERNO"},"content":{"rendered":"<h3>Referentes de <strong>APTS, APEL. SIEP, ATE, UTEP y SIJUPU<\/strong> se reunieron con el ministro de gobierno de la provincia, <strong>Gonzalo Amondara\u00edn<\/strong>, a quien le reclamaron nuevamente por una recomposici\u00f3n salarial que permita compensar la p\u00e9rdida de poder adquisitivo.<\/h3>\n<h3>En el encuentro solicitaron que el porcentaje de aumento del 12,5% previsto para abril se adelante para marzo, tema que el ministro agend\u00f3 y se comprometi\u00f3 a dar una respuesta antes de la liquidaci\u00f3n de los salarios de este mes.<\/h3>\n<p><img fetchpriority=\"high\" decoding=\"async\" class=\"wp-image-30436 aligncenter\" src=\"https:\/\/apuntesdesanluis.com\/wp-content\/uploads\/2025\/03\/estatales-con-amondarain-1-300x167.jpg\" alt=\"\" width=\"668\" height=\"372\" srcset=\"https:\/\/apuntesdesanluis.com\/wp-content\/uploads\/2025\/03\/estatales-con-amondarain-1-300x167.jpg 300w, https:\/\/apuntesdesanluis.com\/wp-content\/uploads\/2025\/03\/estatales-con-amondarain-1.jpg 755w\" sizes=\"(max-width: 668px) 100vw, 668px\" \/><\/p>\n<h3>Por otro lado, Amondara\u00edn adelant\u00f3 la disposici\u00f3n del gobierno de \u201chabilitar espacios de negociaci\u00f3n con los ministros de cada \u00e1rea para tratar las problem\u00e1ticas espec\u00edficas de cada sector estatal\u201d.<\/h3>\n<h3><strong>JUDICIALES <\/strong><\/h3>\n<h3>Por su parte desde el Sindicato Judiciales Puntanos (SIJUPU), manifestaron tambi\u00e9n en la reuni\u00f3n de la Mesa Intersindical Estatal la necesidad de resolver el desfasaje salarial del 20,38%, el cual se encuentra judicializado. Como asimismos, el problema de la Autonom\u00eda del Poder Judicial y el recorte presupuestario de a\u00f1o 2025 que impacta directamente en el funcionamiento del Poder Judicial.<\/h3>\n<h3>\u201cAdem\u00e1s, planteamos la necesidad de dar una respuesta concreta a las familias judiciales afectadas por la no construcci\u00f3n del barrio bioclim\u00e1tico, sobre todo las inscriptas en el plan sue\u00f1o progreso\u201d, sostuvo el Secretario General Luciano Cardarelli.<\/h3>\n<h3>\u201cDesde SIJUPU, seguimos abiertos al di\u00e1logo, para que en las futuras reuniones prometidas para cada sector, se concreten medidas que realmente mejoren los salarios y las condiciones laborales de los trabajadores judiciales, garantizando as\u00ed un Poder Judicial a la altura de las necesidades de la sociedad\u201d, enfatiz\u00f3.<\/h3>\n<p><img decoding=\"async\" class=\"wp-image-30434 aligncenter\" src=\"https:\/\/apuntesdesanluis.com\/wp-content\/uploads\/2025\/03\/Imagen-de-WhatsApp-2025-03-13-a-las-20.02.25_f9d046ee-212x300.jpg\" alt=\"\" width=\"589\" height=\"833\" srcset=\"https:\/\/apuntesdesanluis.com\/wp-content\/uploads\/2025\/03\/Imagen-de-WhatsApp-2025-03-13-a-las-20.02.25_f9d046ee-212x300.jpg 212w, https:\/\/apuntesdesanluis.com\/wp-content\/uploads\/2025\/03\/Imagen-de-WhatsApp-2025-03-13-a-las-20.02.25_f9d046ee-723x1024.jpg 723w, https:\/\/apuntesdesanluis.com\/wp-content\/uploads\/2025\/03\/Imagen-de-WhatsApp-2025-03-13-a-las-20.02.25_f9d046ee-768x1087.jpg 768w, https:\/\/apuntesdesanluis.com\/wp-content\/uploads\/2025\/03\/Imagen-de-WhatsApp-2025-03-13-a-las-20.02.25_f9d046ee.jpg 904w\" sizes=\"(max-width: 589px) 100vw, 589px\" \/><\/p>\n<p>&nbsp;<\/p>\n<p>&nbsp;<\/p>\n","protected":false},"excerpt":{"rendered":"<p>Referentes de APTS, APEL. SIEP, ATE, UTEP y SIJUPU se reunieron con el ministro de&#8230;<\/p>\n","protected":false},"author":1,"featured_media":30435,"comment_status":"closed","ping_status":"closed","sticky":false,"template":"","format":"standard","meta":{"footnotes":""},"categories":[6],"tags":[],"class_list":["post-30433","post","type-post","status-publish","format-standard","has-post-thumbnail","hentry","category-ciudad-provincia"],"yoast_head":"<!-- This site is optimized with the Yoast SEO plugin v26.1.1 - https:\/\/yoast.com\/wordpress\/plugins\/seo\/ -->\n<title>LA MESA INTERSINDICAL ESTATAL REITER\u00d3 SU RECLAMO SALARIAL AL GOBIERNO - Apuntes de San Luis<\/title>\n<meta name=\"robots\" content=\"index, follow, max-snippet:-1, max-image-preview:large, max-video-preview:-1\" \/>\n<link rel=\"canonical\" href=\"https:\/\/apuntesdesanluis.com\/index.php\/2025\/03\/13\/la-mesa-intersindical-estatal-reitero-su-reclamo-salarial-al-gobierno\/\" \/>\n<meta property=\"og:locale\" content=\"es_ES\" \/>\n<meta property=\"og:type\" content=\"article\" \/>\n<meta property=\"og:title\" content=\"LA MESA INTERSINDICAL ESTATAL REITER\u00d3 SU RECLAMO SALARIAL AL GOBIERNO - Apuntes de San Luis\" \/>\n<meta property=\"og:description\" content=\"Referentes de APTS, APEL. SIEP, ATE, UTEP y SIJUPU se reunieron con el ministro de...\" \/>\n<meta property=\"og:url\" content=\"https:\/\/apuntesdesanluis.com\/index.php\/2025\/03\/13\/la-mesa-intersindical-estatal-reitero-su-reclamo-salarial-al-gobierno\/\" \/>\n<meta property=\"og:site_name\" content=\"Apuntes de San Luis\" \/>\n<meta property=\"article:published_time\" content=\"2025-03-14T01:01:04+00:00\" \/>\n<meta property=\"article:modified_time\" content=\"2025-03-14T02:12:14+00:00\" \/>\n<meta property=\"og:image\" content=\"https:\/\/apuntesdesanluis.com\/wp-content\/uploads\/2025\/03\/estatales-con-amondarain.jpg\" \/>\n\t<meta property=\"og:image:width\" content=\"700\" \/>\n\t<meta property=\"og:image:height\" content=\"402\" \/>\n\t<meta property=\"og:image:type\" content=\"image\/jpeg\" \/>\n<meta name=\"author\" content=\"apuntesdesanluis.com\" \/>\n<meta name=\"twitter:card\" content=\"summary_large_image\" \/>\n<meta name=\"twitter:label1\" content=\"Escrito por\" \/>\n\t<meta name=\"twitter:data1\" content=\"apuntesdesanluis.com\" \/>\n\t<meta name=\"twitter:label2\" content=\"Tiempo de lectura\" \/>\n\t<meta name=\"twitter:data2\" content=\"2 minutos\" \/>\n<script type=\"application\/ld+json\" class=\"yoast-schema-graph\">{\"@context\":\"https:\/\/schema.org\",\"@graph\":[{\"@type\":\"Article\",\"@id\":\"https:\/\/apuntesdesanluis.com\/index.php\/2025\/03\/13\/la-mesa-intersindical-estatal-reitero-su-reclamo-salarial-al-gobierno\/#article\",\"isPartOf\":{\"@id\":\"https:\/\/apuntesdesanluis.com\/index.php\/2025\/03\/13\/la-mesa-intersindical-estatal-reitero-su-reclamo-salarial-al-gobierno\/\"},\"author\":{\"name\":\"apuntesdesanluis.com\",\"@id\":\"https:\/\/apuntesdesanluis.com\/#\/schema\/person\/b55151d52296fcce64d1a72538a70b90\"},\"headline\":\"LA MESA INTERSINDICAL ESTATAL REITER\u00d3 SU RECLAMO SALARIAL AL GOBIERNO\",\"datePublished\":\"2025-03-14T01:01:04+00:00\",\"dateModified\":\"2025-03-14T02:12:14+00:00\",\"mainEntityOfPage\":{\"@id\":\"https:\/\/apuntesdesanluis.com\/index.php\/2025\/03\/13\/la-mesa-intersindical-estatal-reitero-su-reclamo-salarial-al-gobierno\/\"},\"wordCount\":277,\"publisher\":{\"@id\":\"https:\/\/apuntesdesanluis.com\/#\/schema\/person\/b55151d52296fcce64d1a72538a70b90\"},\"image\":{\"@id\":\"https:\/\/apuntesdesanluis.com\/index.php\/2025\/03\/13\/la-mesa-intersindical-estatal-reitero-su-reclamo-salarial-al-gobierno\/#primaryimage\"},\"thumbnailUrl\":\"https:\/\/apuntesdesanluis.com\/wp-content\/uploads\/2025\/03\/estatales-con-amondarain.jpg\",\"articleSection\":[\"Ciudad\/Provincia\"],\"inLanguage\":\"es-AR\"},{\"@type\":\"WebPage\",\"@id\":\"https:\/\/apuntesdesanluis.com\/index.php\/2025\/03\/13\/la-mesa-intersindical-estatal-reitero-su-reclamo-salarial-al-gobierno\/\",\"url\":\"https:\/\/apuntesdesanluis.com\/index.php\/2025\/03\/13\/la-mesa-intersindical-estatal-reitero-su-reclamo-salarial-al-gobierno\/\",\"name\":\"LA MESA INTERSINDICAL ESTATAL REITER\u00d3 SU RECLAMO SALARIAL AL GOBIERNO - Apuntes de San Luis\",\"isPartOf\":{\"@id\":\"https:\/\/apuntesdesanluis.com\/#website\"},\"primaryImageOfPage\":{\"@id\":\"https:\/\/apuntesdesanluis.com\/index.php\/2025\/03\/13\/la-mesa-intersindical-estatal-reitero-su-reclamo-salarial-al-gobierno\/#primaryimage\"},\"image\":{\"@id\":\"https:\/\/apuntesdesanluis.com\/index.php\/2025\/03\/13\/la-mesa-intersindical-estatal-reitero-su-reclamo-salarial-al-gobierno\/#primaryimage\"},\"thumbnailUrl\":\"https:\/\/apuntesdesanluis.com\/wp-content\/uploads\/2025\/03\/estatales-con-amondarain.jpg\",\"datePublished\":\"2025-03-14T01:01:04+00:00\",\"dateModified\":\"2025-03-14T02:12:14+00:00\",\"breadcrumb\":{\"@id\":\"https:\/\/apuntesdesanluis.com\/index.php\/2025\/03\/13\/la-mesa-intersindical-estatal-reitero-su-reclamo-salarial-al-gobierno\/#breadcrumb\"},\"inLanguage\":\"es-AR\",\"potentialAction\":[{\"@type\":\"ReadAction\",\"target\":[\"https:\/\/apuntesdesanluis.com\/index.php\/2025\/03\/13\/la-mesa-intersindical-estatal-reitero-su-reclamo-salarial-al-gobierno\/\"]}]},{\"@type\":\"ImageObject\",\"inLanguage\":\"es-AR\",\"@id\":\"https:\/\/apuntesdesanluis.com\/index.php\/2025\/03\/13\/la-mesa-intersindical-estatal-reitero-su-reclamo-salarial-al-gobierno\/#primaryimage\",\"url\":\"https:\/\/apuntesdesanluis.com\/wp-content\/uploads\/2025\/03\/estatales-con-amondarain.jpg\",\"contentUrl\":\"https:\/\/apuntesdesanluis.com\/wp-content\/uploads\/2025\/03\/estatales-con-amondarain.jpg\",\"width\":700,\"height\":402},{\"@type\":\"BreadcrumbList\",\"@id\":\"https:\/\/apuntesdesanluis.com\/index.php\/2025\/03\/13\/la-mesa-intersindical-estatal-reitero-su-reclamo-salarial-al-gobierno\/#breadcrumb\",\"itemListElement\":[{\"@type\":\"ListItem\",\"position\":1,\"name\":\"Inicio\",\"item\":\"https:\/\/apuntesdesanluis.com\/\"},{\"@type\":\"ListItem\",\"position\":2,\"name\":\"LA MESA INTERSINDICAL ESTATAL REITER\u00d3 SU RECLAMO SALARIAL AL GOBIERNO\"}]},{\"@type\":\"WebSite\",\"@id\":\"https:\/\/apuntesdesanluis.com\/#website\",\"url\":\"https:\/\/apuntesdesanluis.com\/\",\"name\":\"Apuntes de San Luis\",\"description\":\"\",\"publisher\":{\"@id\":\"https:\/\/apuntesdesanluis.com\/#\/schema\/person\/b55151d52296fcce64d1a72538a70b90\"},\"potentialAction\":[{\"@type\":\"SearchAction\",\"target\":{\"@type\":\"EntryPoint\",\"urlTemplate\":\"https:\/\/apuntesdesanluis.com\/?s={search_term_string}\"},\"query-input\":{\"@type\":\"PropertyValueSpecification\",\"valueRequired\":true,\"valueName\":\"search_term_string\"}}],\"inLanguage\":\"es-AR\"},{\"@type\":[\"Person\",\"Organization\"],\"@id\":\"https:\/\/apuntesdesanluis.com\/#\/schema\/person\/b55151d52296fcce64d1a72538a70b90\",\"name\":\"apuntesdesanluis.com\",\"image\":{\"@type\":\"ImageObject\",\"inLanguage\":\"es-AR\",\"@id\":\"https:\/\/apuntesdesanluis.com\/#\/schema\/person\/image\/\",\"url\":\"https:\/\/apuntesdesanluis.com\/wp-content\/uploads\/2023\/07\/cropped-apuntesdesanluis.png\",\"contentUrl\":\"https:\/\/apuntesdesanluis.com\/wp-content\/uploads\/2023\/07\/cropped-apuntesdesanluis.png\",\"width\":450,\"height\":112,\"caption\":\"apuntesdesanluis.com\"},\"logo\":{\"@id\":\"https:\/\/apuntesdesanluis.com\/#\/schema\/person\/image\/\"},\"sameAs\":[\"https:\/\/apuntesdesanluis.com\"],\"url\":\"https:\/\/apuntesdesanluis.com\/index.php\/author\/apuntesdesanluis-com\/\"}]}<\/script>\n<!-- \/ Yoast SEO plugin. -->","yoast_head_json":{"title":"LA MESA INTERSINDICAL ESTATAL REITER\u00d3 SU RECLAMO SALARIAL AL GOBIERNO - Apuntes de San Luis","robots":{"index":"index","follow":"follow","max-snippet":"max-snippet:-1","max-image-preview":"max-image-preview:large","max-video-preview":"max-video-preview:-1"},"canonical":"https:\/\/apuntesdesanluis.com\/index.php\/2025\/03\/13\/la-mesa-intersindical-estatal-reitero-su-reclamo-salarial-al-gobierno\/","og_locale":"es_ES","og_type":"article","og_title":"LA MESA INTERSINDICAL ESTATAL REITER\u00d3 SU RECLAMO SALARIAL AL GOBIERNO - Apuntes de San Luis","og_description":"Referentes de APTS, APEL. SIEP, ATE, UTEP y SIJUPU se reunieron con el ministro de...","og_url":"https:\/\/apuntesdesanluis.com\/index.php\/2025\/03\/13\/la-mesa-intersindical-estatal-reitero-su-reclamo-salarial-al-gobierno\/","og_site_name":"Apuntes de San Luis","article_published_time":"2025-03-14T01:01:04+00:00","article_modified_time":"2025-03-14T02:12:14+00:00","og_image":[{"width":700,"height":402,"url":"https:\/\/apuntesdesanluis.com\/wp-content\/uploads\/2025\/03\/estatales-con-amondarain.jpg","type":"image\/jpeg"}],"author":"apuntesdesanluis.com","twitter_card":"summary_large_image","twitter_misc":{"Escrito por":"apuntesdesanluis.com","Tiempo de lectura":"2 minutos"},"schema":{"@context":"https:\/\/schema.org","@graph":[{"@type":"Article","@id":"https:\/\/apuntesdesanluis.com\/index.php\/2025\/03\/13\/la-mesa-intersindical-estatal-reitero-su-reclamo-salarial-al-gobierno\/#article","isPartOf":{"@id":"https:\/\/apuntesdesanluis.com\/index.php\/2025\/03\/13\/la-mesa-intersindical-estatal-reitero-su-reclamo-salarial-al-gobierno\/"},"author":{"name":"apuntesdesanluis.com","@id":"https:\/\/apuntesdesanluis.com\/#\/schema\/person\/b55151d52296fcce64d1a72538a70b90"},"headline":"LA MESA INTERSINDICAL ESTATAL REITER\u00d3 SU RECLAMO SALARIAL AL GOBIERNO","datePublished":"2025-03-14T01:01:04+00:00","dateModified":"2025-03-14T02:12:14+00:00","mainEntityOfPage":{"@id":"https:\/\/apuntesdesanluis.com\/index.php\/2025\/03\/13\/la-mesa-intersindical-estatal-reitero-su-reclamo-salarial-al-gobierno\/"},"wordCount":277,"publisher":{"@id":"https:\/\/apuntesdesanluis.com\/#\/schema\/person\/b55151d52296fcce64d1a72538a70b90"},"image":{"@id":"https:\/\/apuntesdesanluis.com\/index.php\/2025\/03\/13\/la-mesa-intersindical-estatal-reitero-su-reclamo-salarial-al-gobierno\/#primaryimage"},"thumbnailUrl":"https:\/\/apuntesdesanluis.com\/wp-content\/uploads\/2025\/03\/estatales-con-amondarain.jpg","articleSection":["Ciudad\/Provincia"],"inLanguage":"es-AR"},{"@type":"WebPage","@id":"https:\/\/apuntesdesanluis.com\/index.php\/2025\/03\/13\/la-mesa-intersindical-estatal-reitero-su-reclamo-salarial-al-gobierno\/","url":"https:\/\/apuntesdesanluis.com\/index.php\/2025\/03\/13\/la-mesa-intersindical-estatal-reitero-su-reclamo-salarial-al-gobierno\/","name":"LA MESA INTERSINDICAL ESTATAL REITER\u00d3 SU RECLAMO SALARIAL AL GOBIERNO - Apuntes de San Luis","isPartOf":{"@id":"https:\/\/apuntesdesanluis.com\/#website"},"primaryImageOfPage":{"@id":"https:\/\/apuntesdesanluis.com\/index.php\/2025\/03\/13\/la-mesa-intersindical-estatal-reitero-su-reclamo-salarial-al-gobierno\/#primaryimage"},"image":{"@id":"https:\/\/apuntesdesanluis.com\/index.php\/2025\/03\/13\/la-mesa-intersindical-estatal-reitero-su-reclamo-salarial-al-gobierno\/#primaryimage"},"thumbnailUrl":"https:\/\/apuntesdesanluis.com\/wp-content\/uploads\/2025\/03\/estatales-con-amondarain.jpg","datePublished":"2025-03-14T01:01:04+00:00","dateModified":"2025-03-14T02:12:14+00:00","breadcrumb":{"@id":"https:\/\/apuntesdesanluis.com\/index.php\/2025\/03\/13\/la-mesa-intersindical-estatal-reitero-su-reclamo-salarial-al-gobierno\/#breadcrumb"},"inLanguage":"es-AR","potentialAction":[{"@type":"ReadAction","target":["https:\/\/apuntesdesanluis.com\/index.php\/2025\/03\/13\/la-mesa-intersindical-estatal-reitero-su-reclamo-salarial-al-gobierno\/"]}]},{"@type":"ImageObject","inLanguage":"es-AR","@id":"https:\/\/apuntesdesanluis.com\/index.php\/2025\/03\/13\/la-mesa-intersindical-estatal-reitero-su-reclamo-salarial-al-gobierno\/#primaryimage","url":"https:\/\/apuntesdesanluis.com\/wp-content\/uploads\/2025\/03\/estatales-con-amondarain.jpg","contentUrl":"https:\/\/apuntesdesanluis.com\/wp-content\/uploads\/2025\/03\/estatales-con-amondarain.jpg","width":700,"height":402},{"@type":"BreadcrumbList","@id":"https:\/\/apuntesdesanluis.com\/index.php\/2025\/03\/13\/la-mesa-intersindical-estatal-reitero-su-reclamo-salarial-al-gobierno\/#breadcrumb","itemListElement":[{"@type":"ListItem","position":1,"name":"Inicio","item":"https:\/\/apuntesdesanluis.com\/"},{"@type":"ListItem","position":2,"name":"LA MESA INTERSINDICAL ESTATAL REITER\u00d3 SU RECLAMO SALARIAL AL GOBIERNO"}]},{"@type":"WebSite","@id":"https:\/\/apuntesdesanluis.com\/#website","url":"https:\/\/apuntesdesanluis.com\/","name":"Apuntes de San Luis","description":"","publisher":{"@id":"https:\/\/apuntesdesanluis.com\/#\/schema\/person\/b55151d52296fcce64d1a72538a70b90"},"potentialAction":[{"@type":"SearchAction","target":{"@type":"EntryPoint","urlTemplate":"https:\/\/apuntesdesanluis.com\/?s={search_term_string}"},"query-input":{"@type":"PropertyValueSpecification","valueRequired":true,"valueName":"search_term_string"}}],"inLanguage":"es-AR"},{"@type":["Person","Organization"],"@id":"https:\/\/apuntesdesanluis.com\/#\/schema\/person\/b55151d52296fcce64d1a72538a70b90","name":"apuntesdesanluis.com","image":{"@type":"ImageObject","inLanguage":"es-AR","@id":"https:\/\/apuntesdesanluis.com\/#\/schema\/person\/image\/","url":"https:\/\/apuntesdesanluis.com\/wp-content\/uploads\/2023\/07\/cropped-apuntesdesanluis.png","contentUrl":"https:\/\/apuntesdesanluis.com\/wp-content\/uploads\/2023\/07\/cropped-apuntesdesanluis.png","width":450,"height":112,"caption":"apuntesdesanluis.com"},"logo":{"@id":"https:\/\/apuntesdesanluis.com\/#\/schema\/person\/image\/"},"sameAs":["https:\/\/apuntesdesanluis.com"],"url":"https:\/\/apuntesdesanluis.com\/index.php\/author\/apuntesdesanluis-com\/"}]}},"featured_image_urls":{"full":["https:\/\/apuntesdesanluis.com\/wp-content\/uploads\/2025\/03\/estatales-con-amondarain.jpg",700,402,false],"thumbnail":["https:\/\/apuntesdesanluis.com\/wp-content\/uploads\/2025\/03\/estatales-con-amondarain-150x150.jpg",150,150,true],"medium":["https:\/\/apuntesdesanluis.com\/wp-content\/uploads\/2025\/03\/estatales-con-amondarain-300x172.jpg",300,172,true],"medium_large":["https:\/\/apuntesdesanluis.com\/wp-content\/uploads\/2025\/03\/estatales-con-amondarain.jpg",640,368,false],"large":["https:\/\/apuntesdesanluis.com\/wp-content\/uploads\/2025\/03\/estatales-con-amondarain.jpg",640,368,false],"1536x1536":["https:\/\/apuntesdesanluis.com\/wp-content\/uploads\/2025\/03\/estatales-con-amondarain.jpg",700,402,false],"2048x2048":["https:\/\/apuntesdesanluis.com\/wp-content\/uploads\/2025\/03\/estatales-con-amondarain.jpg",700,402,false],"newsever-slider-full":["https:\/\/apuntesdesanluis.com\/wp-content\/uploads\/2025\/03\/estatales-con-amondarain.jpg",700,402,false],"newsever-featured":["https:\/\/apuntesdesanluis.com\/wp-content\/uploads\/2025\/03\/estatales-con-amondarain.jpg",700,402,false],"newsever-medium":["https:\/\/apuntesdesanluis.com\/wp-content\/uploads\/2025\/03\/estatales-con-amondarain.jpg",700,402,false]},"author_info":{"display_name":"apuntesdesanluis.com","author_link":"https:\/\/apuntesdesanluis.com\/index.php\/author\/apuntesdesanluis-com\/"},"category_info":"<a href=\"https:\/\/apuntesdesanluis.com\/index.php\/category\/ciudad-provincia\/\" rel=\"category tag\">Ciudad\/Provincia<\/a>","tag_info":"Ciudad\/Provincia","comment_count":"0","_links":{"self":[{"href":"https:\/\/apuntesdesanluis.com\/index.php\/wp-json\/wp\/v2\/posts\/30433","targetHints":{"allow":["GET"]}}],"collection":[{"href":"https:\/\/apuntesdesanluis.com\/index.php\/wp-json\/wp\/v2\/posts"}],"about":[{"href":"https:\/\/apuntesdesanluis.com\/index.php\/wp-json\/wp\/v2\/types\/post"}],"author":[{"embeddable":true,"href":"https:\/\/apuntesdesanluis.com\/index.php\/wp-json\/wp\/v2\/users\/1"}],"replies":[{"embeddable":true,"href":"https:\/\/apuntesdesanluis.com\/index.php\/wp-json\/wp\/v2\/comments?post=30433"}],"version-history":[{"count":2,"href":"https:\/\/apuntesdesanluis.com\/index.php\/wp-json\/wp\/v2\/posts\/30433\/revisions"}],"predecessor-version":[{"id":30451,"href":"https:\/\/apuntesdesanluis.com\/index.php\/wp-json\/wp\/v2\/posts\/30433\/revisions\/30451"}],"wp:featuredmedia":[{"embeddable":true,"href":"https:\/\/apuntesdesanluis.com\/index.php\/wp-json\/wp\/v2\/media\/30435"}],"wp:attachment":[{"href":"https:\/\/apuntesdesanluis.com\/index.php\/wp-json\/wp\/v2\/media?parent=30433"}],"wp:term":[{"taxonomy":"category","embeddable":true,"href":"https:\/\/apuntesdesanluis.com\/index.php\/wp-json\/wp\/v2\/categories?post=30433"},{"taxonomy":"post_tag","embeddable":true,"href":"https:\/\/apuntesdesanluis.com\/index.php\/wp-json\/wp\/v2\/tags?post=30433"}],"curies":[{"name":"wp","href":"https:\/\/api.w.org\/{rel}","templated":true}]}}