{"id":30457,"date":"2025-03-13T23:39:20","date_gmt":"2025-03-14T02:39:20","guid":{"rendered":"https:\/\/apuntesdesanluis.com\/?p=30457"},"modified":"2025-03-13T23:39:20","modified_gmt":"2025-03-14T02:39:20","slug":"le-dieron-20-anos-de-prision-a-la-mujer-que-mato-a-su-novio","status":"publish","type":"post","link":"https:\/\/apuntesdesanluis.com\/index.php\/2025\/03\/13\/le-dieron-20-anos-de-prision-a-la-mujer-que-mato-a-su-novio\/","title":{"rendered":"LE DIERON 20 A\u00d1OS DE PRISI\u00d3N A LA MUJER QUE MAT\u00d3 A SU NOVIO"},"content":{"rendered":"<h3>Un tribunal del Colegio de Jueces de la Primera Circunscripci\u00f3n conden\u00f3 a 20 a\u00f1os de prisi\u00f3n a <strong>Iris Noelia Garay Arangue por<\/strong> encontrarla responsable del homicidio de su pareja <strong>Brandon Bustos<\/strong>, ocurrido la noche del 17 de octubre de 2023 en el Barrio 1\u00b0 de Mayo de la ciudad de San Luis. Los jueces tambi\u00e9n ordenaron que, dado el contexto del hijo menor de edad de la acusada, se notifique a la Defensor\u00eda de Ni\u00f1ez para que adopte las medidas legales necesarias en resguardo de su inter\u00e9s superior.<\/h3>\n<h3>El veredicto fue votado por unanimidad y se emiti\u00f3 este mi\u00e9rcoles a las 18 horas luego de una extensa jornada que incluy\u00f3 testimoniales de testigos, la declaraci\u00f3n de Garay y los alegatos de las partes. Como circunstancias agravantes, los jueces consideraron la naturaleza del medio utilizado, la extensi\u00f3n del da\u00f1o provocado y el peligro causado.<\/h3>\n<h3>Garay fue condenada por el delito de homicidio calificado por el v\u00ednculo con circunstancias extraordinarias de atenuaci\u00f3n, en los t\u00e9rminos del art. 80-inc. 1\u00b0 y \u00faltimo p\u00e1rrafo y 45 del C\u00f3digo Penal.<\/h3>\n<h3>La joven de 24 a\u00f1os lleg\u00f3 a debate acusada de rociar con nafta a su novio y prenderlo fuego. En su declaraci\u00f3n ante el tribunal, Garay dijo que sufri\u00f3 violencia de g\u00e9nero por parte de Bustos y que esa noche discutieron, la golpe\u00f3 en la cabeza y le dijo que si ella lo dejaba se mataba.<\/h3>\n<h3>\u201cEl d\u00eda del hecho se quiso llevar mi moto y yo no lo dej\u00e9 entonces busc\u00f3 una botella para sacarle la nafta porque dijo que la hab\u00eda pagado \u00e9l. Comenzamos a forcejear, me peg\u00f3 y todo pas\u00f3 muy r\u00e1pido, no se en que momento encendi\u00f3 el mechero. Le pido disculpas a la familia, soy madre y s\u00e9 el dolor de perder un hijo, a \u00e9l lo amaba y me hubiese gustado que estuviera ac\u00e1\u201d, dijo la mujer.<\/h3>\n<h3><img fetchpriority=\"high\" decoding=\"async\" class=\"wp-image-30459 aligncenter\" src=\"https:\/\/apuntesdesanluis.com\/wp-content\/uploads\/2025\/03\/ASEWSINA-300x166.png\" alt=\"\" width=\"681\" height=\"377\" srcset=\"https:\/\/apuntesdesanluis.com\/wp-content\/uploads\/2025\/03\/ASEWSINA-300x166.png 300w, https:\/\/apuntesdesanluis.com\/wp-content\/uploads\/2025\/03\/ASEWSINA.png 700w\" sizes=\"(max-width: 681px) 100vw, 681px\" \/><\/h3>\n<h3>La situaci\u00f3n fue observada por un t\u00edo de la imputada, quien acudi\u00f3 en auxilio de Brandon, sofocando las llamas con agua. Inmediatamente, lo traslad\u00f3 al Hospital del Oeste, donde ingres\u00f3 con graves quemaduras y severos problemas para caminar. La v\u00edctima luego fue derivada al Hospital Carrillo. Presentaba quemaduras en m\u00e1s del 60% de su cuerpo, con compromiso severo de las v\u00edas respiratorias superiores. Adem\u00e1s, su cuadro cl\u00ednico inclu\u00eda falla multiorg\u00e1nica y shock refractario, lo que indicaba que los medicamentos no lograban estabilizar su condici\u00f3n. Despu\u00e9s de agonizar durante casi 17 horas, el joven de 23 a\u00f1os muri\u00f3.<\/h3>\n<h3>Garay lleg\u00f3 al debate por homicidio doblemente calificado por el v\u00ednculo y por el ensa\u00f1amiento, con un pedido de prisi\u00f3n perpetua. En los alegatos, la fiscal de Juicio N\u00b0 1 Virginia Palacios descart\u00f3 el ensa\u00f1amiento en su acusaci\u00f3n y solicit\u00f3 que fuera condenada a 14 a\u00f1os de prisi\u00f3n por homicidio calificado por el v\u00ednculo con circunstancias extraordinarias de atenuaci\u00f3n.<\/h3>\n<h3>El abogado de la querella, Iv\u00e1n Coria, dijo que la mujer planific\u00f3 la acci\u00f3n y la muerte de su novio y pidi\u00f3 una condena ejemplar. Por el contrario, la defensa de Garay, representada por Javier Rezzano, pidi\u00f3 la absoluci\u00f3n de la joven ya que fue sometida a un \u201ccalvario de violencia a lo largo de la relaci\u00f3n con Bustos\u201d.<\/h3>\n<h3>El tribunal estuvo conformado por Jos\u00e9 Luis Flores, como presidente, junto a los vocales Fernando Julio De Viana y Adriana Lucero Alfonso. La fiscal de juicio N\u00ba 1 fue Virginia Palacios, mientras que la defensa de la imputada estuvo a cargo de Javier Rezzano. La damnificada en el proceso es Vilma Lidia Lucero, madre de la v\u00edctima y fue representada por el abogado Iv\u00e1n Coria.<\/h3>\n<h3><\/h3>\n<h3><\/h3>\n<p>&nbsp;<\/p>\n","protected":false},"excerpt":{"rendered":"<p>Un tribunal del Colegio de Jueces de la Primera Circunscripci\u00f3n conden\u00f3 a 20 a\u00f1os de&#8230;<\/p>\n","protected":false},"author":1,"featured_media":30458,"comment_status":"closed","ping_status":"closed","sticky":false,"template":"","format":"standard","meta":{"footnotes":""},"categories":[6],"tags":[],"class_list":["post-30457","post","type-post","status-publish","format-standard","has-post-thumbnail","hentry","category-ciudad-provincia"],"yoast_head":"<!-- This site is optimized with the Yoast SEO plugin v26.1.1 - https:\/\/yoast.com\/wordpress\/plugins\/seo\/ -->\n<title>LE DIERON 20 A\u00d1OS DE PRISI\u00d3N A LA MUJER QUE MAT\u00d3 A SU NOVIO - Apuntes de San Luis<\/title>\n<meta name=\"robots\" content=\"index, follow, max-snippet:-1, max-image-preview:large, max-video-preview:-1\" \/>\n<link rel=\"canonical\" href=\"https:\/\/apuntesdesanluis.com\/index.php\/2025\/03\/13\/le-dieron-20-anos-de-prision-a-la-mujer-que-mato-a-su-novio\/\" \/>\n<meta property=\"og:locale\" content=\"es_ES\" \/>\n<meta property=\"og:type\" content=\"article\" \/>\n<meta property=\"og:title\" content=\"LE DIERON 20 A\u00d1OS DE PRISI\u00d3N A LA MUJER QUE MAT\u00d3 A SU NOVIO - Apuntes de San Luis\" \/>\n<meta property=\"og:description\" content=\"Un tribunal del Colegio de Jueces de la Primera Circunscripci\u00f3n conden\u00f3 a 20 a\u00f1os de...\" \/>\n<meta property=\"og:url\" content=\"https:\/\/apuntesdesanluis.com\/index.php\/2025\/03\/13\/le-dieron-20-anos-de-prision-a-la-mujer-que-mato-a-su-novio\/\" \/>\n<meta property=\"og:site_name\" content=\"Apuntes de San Luis\" \/>\n<meta property=\"article:published_time\" content=\"2025-03-14T02:39:20+00:00\" \/>\n<meta property=\"og:image\" content=\"https:\/\/apuntesdesanluis.com\/wp-content\/uploads\/2025\/03\/CULPABLE.png\" \/>\n\t<meta property=\"og:image:width\" content=\"577\" \/>\n\t<meta property=\"og:image:height\" content=\"360\" \/>\n\t<meta property=\"og:image:type\" content=\"image\/png\" \/>\n<meta name=\"author\" content=\"apuntesdesanluis.com\" \/>\n<meta name=\"twitter:card\" content=\"summary_large_image\" \/>\n<meta name=\"twitter:label1\" content=\"Escrito por\" \/>\n\t<meta name=\"twitter:data1\" content=\"apuntesdesanluis.com\" \/>\n\t<meta name=\"twitter:label2\" content=\"Tiempo de lectura\" \/>\n\t<meta name=\"twitter:data2\" content=\"4 minutos\" \/>\n<script type=\"application\/ld+json\" class=\"yoast-schema-graph\">{\"@context\":\"https:\/\/schema.org\",\"@graph\":[{\"@type\":\"Article\",\"@id\":\"https:\/\/apuntesdesanluis.com\/index.php\/2025\/03\/13\/le-dieron-20-anos-de-prision-a-la-mujer-que-mato-a-su-novio\/#article\",\"isPartOf\":{\"@id\":\"https:\/\/apuntesdesanluis.com\/index.php\/2025\/03\/13\/le-dieron-20-anos-de-prision-a-la-mujer-que-mato-a-su-novio\/\"},\"author\":{\"name\":\"apuntesdesanluis.com\",\"@id\":\"https:\/\/apuntesdesanluis.com\/#\/schema\/person\/b55151d52296fcce64d1a72538a70b90\"},\"headline\":\"LE DIERON 20 A\u00d1OS DE PRISI\u00d3N A LA MUJER QUE MAT\u00d3 A SU NOVIO\",\"datePublished\":\"2025-03-14T02:39:20+00:00\",\"mainEntityOfPage\":{\"@id\":\"https:\/\/apuntesdesanluis.com\/index.php\/2025\/03\/13\/le-dieron-20-anos-de-prision-a-la-mujer-que-mato-a-su-novio\/\"},\"wordCount\":639,\"publisher\":{\"@id\":\"https:\/\/apuntesdesanluis.com\/#\/schema\/person\/b55151d52296fcce64d1a72538a70b90\"},\"image\":{\"@id\":\"https:\/\/apuntesdesanluis.com\/index.php\/2025\/03\/13\/le-dieron-20-anos-de-prision-a-la-mujer-que-mato-a-su-novio\/#primaryimage\"},\"thumbnailUrl\":\"https:\/\/apuntesdesanluis.com\/wp-content\/uploads\/2025\/03\/CULPABLE.png\",\"articleSection\":[\"Ciudad\/Provincia\"],\"inLanguage\":\"es-AR\"},{\"@type\":\"WebPage\",\"@id\":\"https:\/\/apuntesdesanluis.com\/index.php\/2025\/03\/13\/le-dieron-20-anos-de-prision-a-la-mujer-que-mato-a-su-novio\/\",\"url\":\"https:\/\/apuntesdesanluis.com\/index.php\/2025\/03\/13\/le-dieron-20-anos-de-prision-a-la-mujer-que-mato-a-su-novio\/\",\"name\":\"LE DIERON 20 A\u00d1OS DE PRISI\u00d3N A LA MUJER QUE MAT\u00d3 A SU NOVIO - Apuntes de San Luis\",\"isPartOf\":{\"@id\":\"https:\/\/apuntesdesanluis.com\/#website\"},\"primaryImageOfPage\":{\"@id\":\"https:\/\/apuntesdesanluis.com\/index.php\/2025\/03\/13\/le-dieron-20-anos-de-prision-a-la-mujer-que-mato-a-su-novio\/#primaryimage\"},\"image\":{\"@id\":\"https:\/\/apuntesdesanluis.com\/index.php\/2025\/03\/13\/le-dieron-20-anos-de-prision-a-la-mujer-que-mato-a-su-novio\/#primaryimage\"},\"thumbnailUrl\":\"https:\/\/apuntesdesanluis.com\/wp-content\/uploads\/2025\/03\/CULPABLE.png\",\"datePublished\":\"2025-03-14T02:39:20+00:00\",\"breadcrumb\":{\"@id\":\"https:\/\/apuntesdesanluis.com\/index.php\/2025\/03\/13\/le-dieron-20-anos-de-prision-a-la-mujer-que-mato-a-su-novio\/#breadcrumb\"},\"inLanguage\":\"es-AR\",\"potentialAction\":[{\"@type\":\"ReadAction\",\"target\":[\"https:\/\/apuntesdesanluis.com\/index.php\/2025\/03\/13\/le-dieron-20-anos-de-prision-a-la-mujer-que-mato-a-su-novio\/\"]}]},{\"@type\":\"ImageObject\",\"inLanguage\":\"es-AR\",\"@id\":\"https:\/\/apuntesdesanluis.com\/index.php\/2025\/03\/13\/le-dieron-20-anos-de-prision-a-la-mujer-que-mato-a-su-novio\/#primaryimage\",\"url\":\"https:\/\/apuntesdesanluis.com\/wp-content\/uploads\/2025\/03\/CULPABLE.png\",\"contentUrl\":\"https:\/\/apuntesdesanluis.com\/wp-content\/uploads\/2025\/03\/CULPABLE.png\",\"width\":577,\"height\":360},{\"@type\":\"BreadcrumbList\",\"@id\":\"https:\/\/apuntesdesanluis.com\/index.php\/2025\/03\/13\/le-dieron-20-anos-de-prision-a-la-mujer-que-mato-a-su-novio\/#breadcrumb\",\"itemListElement\":[{\"@type\":\"ListItem\",\"position\":1,\"name\":\"Inicio\",\"item\":\"https:\/\/apuntesdesanluis.com\/\"},{\"@type\":\"ListItem\",\"position\":2,\"name\":\"LE DIERON 20 A\u00d1OS DE PRISI\u00d3N A LA MUJER QUE MAT\u00d3 A SU NOVIO\"}]},{\"@type\":\"WebSite\",\"@id\":\"https:\/\/apuntesdesanluis.com\/#website\",\"url\":\"https:\/\/apuntesdesanluis.com\/\",\"name\":\"Apuntes de San Luis\",\"description\":\"\",\"publisher\":{\"@id\":\"https:\/\/apuntesdesanluis.com\/#\/schema\/person\/b55151d52296fcce64d1a72538a70b90\"},\"potentialAction\":[{\"@type\":\"SearchAction\",\"target\":{\"@type\":\"EntryPoint\",\"urlTemplate\":\"https:\/\/apuntesdesanluis.com\/?s={search_term_string}\"},\"query-input\":{\"@type\":\"PropertyValueSpecification\",\"valueRequired\":true,\"valueName\":\"search_term_string\"}}],\"inLanguage\":\"es-AR\"},{\"@type\":[\"Person\",\"Organization\"],\"@id\":\"https:\/\/apuntesdesanluis.com\/#\/schema\/person\/b55151d52296fcce64d1a72538a70b90\",\"name\":\"apuntesdesanluis.com\",\"image\":{\"@type\":\"ImageObject\",\"inLanguage\":\"es-AR\",\"@id\":\"https:\/\/apuntesdesanluis.com\/#\/schema\/person\/image\/\",\"url\":\"https:\/\/apuntesdesanluis.com\/wp-content\/uploads\/2023\/07\/cropped-apuntesdesanluis.png\",\"contentUrl\":\"https:\/\/apuntesdesanluis.com\/wp-content\/uploads\/2023\/07\/cropped-apuntesdesanluis.png\",\"width\":450,\"height\":112,\"caption\":\"apuntesdesanluis.com\"},\"logo\":{\"@id\":\"https:\/\/apuntesdesanluis.com\/#\/schema\/person\/image\/\"},\"sameAs\":[\"https:\/\/apuntesdesanluis.com\"],\"url\":\"https:\/\/apuntesdesanluis.com\/index.php\/author\/apuntesdesanluis-com\/\"}]}<\/script>\n<!-- \/ Yoast SEO plugin. -->","yoast_head_json":{"title":"LE DIERON 20 A\u00d1OS DE PRISI\u00d3N A LA MUJER QUE MAT\u00d3 A SU NOVIO - Apuntes de San Luis","robots":{"index":"index","follow":"follow","max-snippet":"max-snippet:-1","max-image-preview":"max-image-preview:large","max-video-preview":"max-video-preview:-1"},"canonical":"https:\/\/apuntesdesanluis.com\/index.php\/2025\/03\/13\/le-dieron-20-anos-de-prision-a-la-mujer-que-mato-a-su-novio\/","og_locale":"es_ES","og_type":"article","og_title":"LE DIERON 20 A\u00d1OS DE PRISI\u00d3N A LA MUJER QUE MAT\u00d3 A SU NOVIO - Apuntes de San Luis","og_description":"Un tribunal del Colegio de Jueces de la Primera Circunscripci\u00f3n conden\u00f3 a 20 a\u00f1os de...","og_url":"https:\/\/apuntesdesanluis.com\/index.php\/2025\/03\/13\/le-dieron-20-anos-de-prision-a-la-mujer-que-mato-a-su-novio\/","og_site_name":"Apuntes de San Luis","article_published_time":"2025-03-14T02:39:20+00:00","og_image":[{"width":577,"height":360,"url":"https:\/\/apuntesdesanluis.com\/wp-content\/uploads\/2025\/03\/CULPABLE.png","type":"image\/png"}],"author":"apuntesdesanluis.com","twitter_card":"summary_large_image","twitter_misc":{"Escrito por":"apuntesdesanluis.com","Tiempo de lectura":"4 minutos"},"schema":{"@context":"https:\/\/schema.org","@graph":[{"@type":"Article","@id":"https:\/\/apuntesdesanluis.com\/index.php\/2025\/03\/13\/le-dieron-20-anos-de-prision-a-la-mujer-que-mato-a-su-novio\/#article","isPartOf":{"@id":"https:\/\/apuntesdesanluis.com\/index.php\/2025\/03\/13\/le-dieron-20-anos-de-prision-a-la-mujer-que-mato-a-su-novio\/"},"author":{"name":"apuntesdesanluis.com","@id":"https:\/\/apuntesdesanluis.com\/#\/schema\/person\/b55151d52296fcce64d1a72538a70b90"},"headline":"LE DIERON 20 A\u00d1OS DE PRISI\u00d3N A LA MUJER QUE MAT\u00d3 A SU NOVIO","datePublished":"2025-03-14T02:39:20+00:00","mainEntityOfPage":{"@id":"https:\/\/apuntesdesanluis.com\/index.php\/2025\/03\/13\/le-dieron-20-anos-de-prision-a-la-mujer-que-mato-a-su-novio\/"},"wordCount":639,"publisher":{"@id":"https:\/\/apuntesdesanluis.com\/#\/schema\/person\/b55151d52296fcce64d1a72538a70b90"},"image":{"@id":"https:\/\/apuntesdesanluis.com\/index.php\/2025\/03\/13\/le-dieron-20-anos-de-prision-a-la-mujer-que-mato-a-su-novio\/#primaryimage"},"thumbnailUrl":"https:\/\/apuntesdesanluis.com\/wp-content\/uploads\/2025\/03\/CULPABLE.png","articleSection":["Ciudad\/Provincia"],"inLanguage":"es-AR"},{"@type":"WebPage","@id":"https:\/\/apuntesdesanluis.com\/index.php\/2025\/03\/13\/le-dieron-20-anos-de-prision-a-la-mujer-que-mato-a-su-novio\/","url":"https:\/\/apuntesdesanluis.com\/index.php\/2025\/03\/13\/le-dieron-20-anos-de-prision-a-la-mujer-que-mato-a-su-novio\/","name":"LE DIERON 20 A\u00d1OS DE PRISI\u00d3N A LA MUJER QUE MAT\u00d3 A SU NOVIO - Apuntes de San Luis","isPartOf":{"@id":"https:\/\/apuntesdesanluis.com\/#website"},"primaryImageOfPage":{"@id":"https:\/\/apuntesdesanluis.com\/index.php\/2025\/03\/13\/le-dieron-20-anos-de-prision-a-la-mujer-que-mato-a-su-novio\/#primaryimage"},"image":{"@id":"https:\/\/apuntesdesanluis.com\/index.php\/2025\/03\/13\/le-dieron-20-anos-de-prision-a-la-mujer-que-mato-a-su-novio\/#primaryimage"},"thumbnailUrl":"https:\/\/apuntesdesanluis.com\/wp-content\/uploads\/2025\/03\/CULPABLE.png","datePublished":"2025-03-14T02:39:20+00:00","breadcrumb":{"@id":"https:\/\/apuntesdesanluis.com\/index.php\/2025\/03\/13\/le-dieron-20-anos-de-prision-a-la-mujer-que-mato-a-su-novio\/#breadcrumb"},"inLanguage":"es-AR","potentialAction":[{"@type":"ReadAction","target":["https:\/\/apuntesdesanluis.com\/index.php\/2025\/03\/13\/le-dieron-20-anos-de-prision-a-la-mujer-que-mato-a-su-novio\/"]}]},{"@type":"ImageObject","inLanguage":"es-AR","@id":"https:\/\/apuntesdesanluis.com\/index.php\/2025\/03\/13\/le-dieron-20-anos-de-prision-a-la-mujer-que-mato-a-su-novio\/#primaryimage","url":"https:\/\/apuntesdesanluis.com\/wp-content\/uploads\/2025\/03\/CULPABLE.png","contentUrl":"https:\/\/apuntesdesanluis.com\/wp-content\/uploads\/2025\/03\/CULPABLE.png","width":577,"height":360},{"@type":"BreadcrumbList","@id":"https:\/\/apuntesdesanluis.com\/index.php\/2025\/03\/13\/le-dieron-20-anos-de-prision-a-la-mujer-que-mato-a-su-novio\/#breadcrumb","itemListElement":[{"@type":"ListItem","position":1,"name":"Inicio","item":"https:\/\/apuntesdesanluis.com\/"},{"@type":"ListItem","position":2,"name":"LE DIERON 20 A\u00d1OS DE PRISI\u00d3N A LA MUJER QUE MAT\u00d3 A SU NOVIO"}]},{"@type":"WebSite","@id":"https:\/\/apuntesdesanluis.com\/#website","url":"https:\/\/apuntesdesanluis.com\/","name":"Apuntes de San Luis","description":"","publisher":{"@id":"https:\/\/apuntesdesanluis.com\/#\/schema\/person\/b55151d52296fcce64d1a72538a70b90"},"potentialAction":[{"@type":"SearchAction","target":{"@type":"EntryPoint","urlTemplate":"https:\/\/apuntesdesanluis.com\/?s={search_term_string}"},"query-input":{"@type":"PropertyValueSpecification","valueRequired":true,"valueName":"search_term_string"}}],"inLanguage":"es-AR"},{"@type":["Person","Organization"],"@id":"https:\/\/apuntesdesanluis.com\/#\/schema\/person\/b55151d52296fcce64d1a72538a70b90","name":"apuntesdesanluis.com","image":{"@type":"ImageObject","inLanguage":"es-AR","@id":"https:\/\/apuntesdesanluis.com\/#\/schema\/person\/image\/","url":"https:\/\/apuntesdesanluis.com\/wp-content\/uploads\/2023\/07\/cropped-apuntesdesanluis.png","contentUrl":"https:\/\/apuntesdesanluis.com\/wp-content\/uploads\/2023\/07\/cropped-apuntesdesanluis.png","width":450,"height":112,"caption":"apuntesdesanluis.com"},"logo":{"@id":"https:\/\/apuntesdesanluis.com\/#\/schema\/person\/image\/"},"sameAs":["https:\/\/apuntesdesanluis.com"],"url":"https:\/\/apuntesdesanluis.com\/index.php\/author\/apuntesdesanluis-com\/"}]}},"featured_image_urls":{"full":["https:\/\/apuntesdesanluis.com\/wp-content\/uploads\/2025\/03\/CULPABLE.png",577,360,false],"thumbnail":["https:\/\/apuntesdesanluis.com\/wp-content\/uploads\/2025\/03\/CULPABLE-150x150.png",150,150,true],"medium":["https:\/\/apuntesdesanluis.com\/wp-content\/uploads\/2025\/03\/CULPABLE-300x187.png",300,187,true],"medium_large":["https:\/\/apuntesdesanluis.com\/wp-content\/uploads\/2025\/03\/CULPABLE.png",577,360,false],"large":["https:\/\/apuntesdesanluis.com\/wp-content\/uploads\/2025\/03\/CULPABLE.png",577,360,false],"1536x1536":["https:\/\/apuntesdesanluis.com\/wp-content\/uploads\/2025\/03\/CULPABLE.png",577,360,false],"2048x2048":["https:\/\/apuntesdesanluis.com\/wp-content\/uploads\/2025\/03\/CULPABLE.png",577,360,false],"newsever-slider-full":["https:\/\/apuntesdesanluis.com\/wp-content\/uploads\/2025\/03\/CULPABLE.png",577,360,false],"newsever-featured":["https:\/\/apuntesdesanluis.com\/wp-content\/uploads\/2025\/03\/CULPABLE.png",577,360,false],"newsever-medium":["https:\/\/apuntesdesanluis.com\/wp-content\/uploads\/2025\/03\/CULPABLE.png",577,360,false]},"author_info":{"display_name":"apuntesdesanluis.com","author_link":"https:\/\/apuntesdesanluis.com\/index.php\/author\/apuntesdesanluis-com\/"},"category_info":"<a href=\"https:\/\/apuntesdesanluis.com\/index.php\/category\/ciudad-provincia\/\" rel=\"category tag\">Ciudad\/Provincia<\/a>","tag_info":"Ciudad\/Provincia","comment_count":"0","_links":{"self":[{"href":"https:\/\/apuntesdesanluis.com\/index.php\/wp-json\/wp\/v2\/posts\/30457","targetHints":{"allow":["GET"]}}],"collection":[{"href":"https:\/\/apuntesdesanluis.com\/index.php\/wp-json\/wp\/v2\/posts"}],"about":[{"href":"https:\/\/apuntesdesanluis.com\/index.php\/wp-json\/wp\/v2\/types\/post"}],"author":[{"embeddable":true,"href":"https:\/\/apuntesdesanluis.com\/index.php\/wp-json\/wp\/v2\/users\/1"}],"replies":[{"embeddable":true,"href":"https:\/\/apuntesdesanluis.com\/index.php\/wp-json\/wp\/v2\/comments?post=30457"}],"version-history":[{"count":1,"href":"https:\/\/apuntesdesanluis.com\/index.php\/wp-json\/wp\/v2\/posts\/30457\/revisions"}],"predecessor-version":[{"id":30460,"href":"https:\/\/apuntesdesanluis.com\/index.php\/wp-json\/wp\/v2\/posts\/30457\/revisions\/30460"}],"wp:featuredmedia":[{"embeddable":true,"href":"https:\/\/apuntesdesanluis.com\/index.php\/wp-json\/wp\/v2\/media\/30458"}],"wp:attachment":[{"href":"https:\/\/apuntesdesanluis.com\/index.php\/wp-json\/wp\/v2\/media?parent=30457"}],"wp:term":[{"taxonomy":"category","embeddable":true,"href":"https:\/\/apuntesdesanluis.com\/index.php\/wp-json\/wp\/v2\/categories?post=30457"},{"taxonomy":"post_tag","embeddable":true,"href":"https:\/\/apuntesdesanluis.com\/index.php\/wp-json\/wp\/v2\/tags?post=30457"}],"curies":[{"name":"wp","href":"https:\/\/api.w.org\/{rel}","templated":true}]}}