{"id":30461,"date":"2025-03-13T23:49:46","date_gmt":"2025-03-14T02:49:46","guid":{"rendered":"https:\/\/apuntesdesanluis.com\/?p=30461"},"modified":"2025-03-13T23:49:46","modified_gmt":"2025-03-14T02:49:46","slug":"imputaron-al-conductor-acusado-de-embestir-a-dos-estudiantes-en-avenida-illia","status":"publish","type":"post","link":"https:\/\/apuntesdesanluis.com\/index.php\/2025\/03\/13\/imputaron-al-conductor-acusado-de-embestir-a-dos-estudiantes-en-avenida-illia\/","title":{"rendered":"IMPUTARON AL CONDUCTOR ACUSADO DE EMBESTIR A DOS ESTUDIANTES EN AVENIDA ILLIA"},"content":{"rendered":"<h3><strong>Mart\u00edn Quevedo<\/strong>, el conductor de la camioneta Volkswagen Amarok que protagoniz\u00f3 un accidente en el que resultaron gravemente heridos dos estudiantes de la Escuela \u201cMauricio Pastor Daract\u201d, fue imputado lesiones culposas agravadas por la conducci\u00f3n imprudente y la violaci\u00f3n de normas de tr\u00e1nsito.<\/h3>\n<h3>La jueza de Garant\u00eda N\u00b0 2 de la Primera Circunscripci\u00f3n, Agustina Dopazo Samper, hizo lugar a lo solicitado por la Fiscal\u00eda de Instrucci\u00f3n N\u00b0 1 y orden\u00f3 como medidas de coerci\u00f3n la firma del libro de imputados, la prohibici\u00f3n de salir de la provincia y la inhabilitaci\u00f3n cautelar para conducir, por un plazo de 120 d\u00edas mientras contin\u00faa la investigaci\u00f3n.<\/h3>\n<h3>Este mi\u00e9rcoles al mediod\u00eda se realiz\u00f3 la audiencia de formulaci\u00f3n de cargos. El fiscal Francisco Assat, explic\u00f3 en su teor\u00eda del caso que el conductor pas\u00f3 en rojo el sem\u00e1foro de la intersecci\u00f3n de Avenida Illia y Mitre, y embisti\u00f3 a <strong>Trinidad Escobar<\/strong>, de 18 a\u00f1os, y <strong>Valentino Arce<\/strong>, de 17, que circulaban en moto por la avenida. El hecho ocurri\u00f3 el 5 de marzo a las 20 horas.<\/h3>\n<h3>Por el impacto, los j\u00f3venes cayeron sobre la carpeta asf\u00e1ltica. Trinidad golpe\u00f3 contra un cesto de basura de cemento y su casco sali\u00f3 despedido. Sufri\u00f3 m\u00faltiples fracturas y traumatismos y contin\u00faa internada en la Unidad de Terapia Intensiva (UTI), se encuentra estable, hemodin\u00e1micamente compensada, con evoluci\u00f3n favorable y sin asistencia respiratoria mec\u00e1nica desde ayer. Neurol\u00f3gicamente responde a \u00f3rdenes simples y moviliza sus cuatro extremidades. Arce permanece en la Sala de Cuidados Moderados, estable y a la espera de una cirug\u00eda de estabilizaci\u00f3n de columna.<\/h3>\n<h3>Assat expuso ante la jueza las pruebas recolectadas, entre ellas testimonios de testigos, informes policiales y una filmaci\u00f3n de una c\u00e1mara de seguridad privada que capt\u00f3 parte del accidente. Los abogados defensores del imputado, Guillermo Levingston y Guillermo Pena, aceptaron las medidas impuestas, aunque plante\u00f3 objeciones respecto a la prohibici\u00f3n de conducir y de salir de San Luis, porque dijeron que su trabajo requiere que maneje y que debe viajar a Mendoza por cuestiones de salud de su madre. Quevedo se abstuvo de declarar.<\/h3>\n<h3>Mientras tanto, los j\u00f3venes siguen hospitalizados a ra\u00edz de las graves heridas, aunque en recuperaci\u00f3n.<\/h3>\n<p>&nbsp;<\/p>\n<p>&nbsp;<\/p>\n<p>&nbsp;<\/p>\n<h3><\/h3>\n<h3><\/h3>\n<h3><\/h3>\n","protected":false},"excerpt":{"rendered":"<p>Mart\u00edn Quevedo, el conductor de la camioneta Volkswagen Amarok que protagoniz\u00f3 un accidente en el&#8230;<\/p>\n","protected":false},"author":1,"featured_media":30462,"comment_status":"closed","ping_status":"closed","sticky":false,"template":"","format":"standard","meta":{"footnotes":""},"categories":[6],"tags":[],"class_list":["post-30461","post","type-post","status-publish","format-standard","has-post-thumbnail","hentry","category-ciudad-provincia"],"yoast_head":"<!-- This site is optimized with the Yoast SEO plugin v26.1.1 - https:\/\/yoast.com\/wordpress\/plugins\/seo\/ -->\n<title>IMPUTARON AL CONDUCTOR ACUSADO DE EMBESTIR A DOS ESTUDIANTES EN AVENIDA ILLIA - Apuntes de San Luis<\/title>\n<meta name=\"robots\" content=\"index, follow, max-snippet:-1, max-image-preview:large, max-video-preview:-1\" \/>\n<link rel=\"canonical\" href=\"https:\/\/apuntesdesanluis.com\/index.php\/2025\/03\/13\/imputaron-al-conductor-acusado-de-embestir-a-dos-estudiantes-en-avenida-illia\/\" \/>\n<meta property=\"og:locale\" content=\"es_ES\" \/>\n<meta property=\"og:type\" content=\"article\" \/>\n<meta property=\"og:title\" content=\"IMPUTARON AL CONDUCTOR ACUSADO DE EMBESTIR A DOS ESTUDIANTES EN AVENIDA ILLIA - Apuntes de San Luis\" \/>\n<meta property=\"og:description\" content=\"Mart\u00edn Quevedo, el conductor de la camioneta Volkswagen Amarok que protagoniz\u00f3 un accidente en el...\" \/>\n<meta property=\"og:url\" content=\"https:\/\/apuntesdesanluis.com\/index.php\/2025\/03\/13\/imputaron-al-conductor-acusado-de-embestir-a-dos-estudiantes-en-avenida-illia\/\" \/>\n<meta property=\"og:site_name\" content=\"Apuntes de San Luis\" \/>\n<meta property=\"article:published_time\" content=\"2025-03-14T02:49:46+00:00\" \/>\n<meta property=\"og:image\" content=\"https:\/\/apuntesdesanluis.com\/wp-content\/uploads\/2025\/03\/juicio-al-conductor.png\" \/>\n\t<meta property=\"og:image:width\" content=\"700\" \/>\n\t<meta property=\"og:image:height\" content=\"399\" \/>\n\t<meta property=\"og:image:type\" content=\"image\/png\" \/>\n<meta name=\"author\" content=\"apuntesdesanluis.com\" \/>\n<meta name=\"twitter:card\" content=\"summary_large_image\" \/>\n<meta name=\"twitter:label1\" content=\"Escrito por\" \/>\n\t<meta name=\"twitter:data1\" content=\"apuntesdesanluis.com\" \/>\n\t<meta name=\"twitter:label2\" content=\"Tiempo de lectura\" \/>\n\t<meta name=\"twitter:data2\" content=\"2 minutos\" \/>\n<script type=\"application\/ld+json\" class=\"yoast-schema-graph\">{\"@context\":\"https:\/\/schema.org\",\"@graph\":[{\"@type\":\"Article\",\"@id\":\"https:\/\/apuntesdesanluis.com\/index.php\/2025\/03\/13\/imputaron-al-conductor-acusado-de-embestir-a-dos-estudiantes-en-avenida-illia\/#article\",\"isPartOf\":{\"@id\":\"https:\/\/apuntesdesanluis.com\/index.php\/2025\/03\/13\/imputaron-al-conductor-acusado-de-embestir-a-dos-estudiantes-en-avenida-illia\/\"},\"author\":{\"name\":\"apuntesdesanluis.com\",\"@id\":\"https:\/\/apuntesdesanluis.com\/#\/schema\/person\/b55151d52296fcce64d1a72538a70b90\"},\"headline\":\"IMPUTARON AL CONDUCTOR ACUSADO DE EMBESTIR A DOS ESTUDIANTES EN AVENIDA ILLIA\",\"datePublished\":\"2025-03-14T02:49:46+00:00\",\"mainEntityOfPage\":{\"@id\":\"https:\/\/apuntesdesanluis.com\/index.php\/2025\/03\/13\/imputaron-al-conductor-acusado-de-embestir-a-dos-estudiantes-en-avenida-illia\/\"},\"wordCount\":400,\"publisher\":{\"@id\":\"https:\/\/apuntesdesanluis.com\/#\/schema\/person\/b55151d52296fcce64d1a72538a70b90\"},\"image\":{\"@id\":\"https:\/\/apuntesdesanluis.com\/index.php\/2025\/03\/13\/imputaron-al-conductor-acusado-de-embestir-a-dos-estudiantes-en-avenida-illia\/#primaryimage\"},\"thumbnailUrl\":\"https:\/\/apuntesdesanluis.com\/wp-content\/uploads\/2025\/03\/juicio-al-conductor.png\",\"articleSection\":[\"Ciudad\/Provincia\"],\"inLanguage\":\"es-AR\"},{\"@type\":\"WebPage\",\"@id\":\"https:\/\/apuntesdesanluis.com\/index.php\/2025\/03\/13\/imputaron-al-conductor-acusado-de-embestir-a-dos-estudiantes-en-avenida-illia\/\",\"url\":\"https:\/\/apuntesdesanluis.com\/index.php\/2025\/03\/13\/imputaron-al-conductor-acusado-de-embestir-a-dos-estudiantes-en-avenida-illia\/\",\"name\":\"IMPUTARON AL CONDUCTOR ACUSADO DE EMBESTIR A DOS ESTUDIANTES EN AVENIDA ILLIA - Apuntes de San Luis\",\"isPartOf\":{\"@id\":\"https:\/\/apuntesdesanluis.com\/#website\"},\"primaryImageOfPage\":{\"@id\":\"https:\/\/apuntesdesanluis.com\/index.php\/2025\/03\/13\/imputaron-al-conductor-acusado-de-embestir-a-dos-estudiantes-en-avenida-illia\/#primaryimage\"},\"image\":{\"@id\":\"https:\/\/apuntesdesanluis.com\/index.php\/2025\/03\/13\/imputaron-al-conductor-acusado-de-embestir-a-dos-estudiantes-en-avenida-illia\/#primaryimage\"},\"thumbnailUrl\":\"https:\/\/apuntesdesanluis.com\/wp-content\/uploads\/2025\/03\/juicio-al-conductor.png\",\"datePublished\":\"2025-03-14T02:49:46+00:00\",\"breadcrumb\":{\"@id\":\"https:\/\/apuntesdesanluis.com\/index.php\/2025\/03\/13\/imputaron-al-conductor-acusado-de-embestir-a-dos-estudiantes-en-avenida-illia\/#breadcrumb\"},\"inLanguage\":\"es-AR\",\"potentialAction\":[{\"@type\":\"ReadAction\",\"target\":[\"https:\/\/apuntesdesanluis.com\/index.php\/2025\/03\/13\/imputaron-al-conductor-acusado-de-embestir-a-dos-estudiantes-en-avenida-illia\/\"]}]},{\"@type\":\"ImageObject\",\"inLanguage\":\"es-AR\",\"@id\":\"https:\/\/apuntesdesanluis.com\/index.php\/2025\/03\/13\/imputaron-al-conductor-acusado-de-embestir-a-dos-estudiantes-en-avenida-illia\/#primaryimage\",\"url\":\"https:\/\/apuntesdesanluis.com\/wp-content\/uploads\/2025\/03\/juicio-al-conductor.png\",\"contentUrl\":\"https:\/\/apuntesdesanluis.com\/wp-content\/uploads\/2025\/03\/juicio-al-conductor.png\",\"width\":700,\"height\":399},{\"@type\":\"BreadcrumbList\",\"@id\":\"https:\/\/apuntesdesanluis.com\/index.php\/2025\/03\/13\/imputaron-al-conductor-acusado-de-embestir-a-dos-estudiantes-en-avenida-illia\/#breadcrumb\",\"itemListElement\":[{\"@type\":\"ListItem\",\"position\":1,\"name\":\"Inicio\",\"item\":\"https:\/\/apuntesdesanluis.com\/\"},{\"@type\":\"ListItem\",\"position\":2,\"name\":\"IMPUTARON AL CONDUCTOR ACUSADO DE EMBESTIR A DOS ESTUDIANTES EN AVENIDA ILLIA\"}]},{\"@type\":\"WebSite\",\"@id\":\"https:\/\/apuntesdesanluis.com\/#website\",\"url\":\"https:\/\/apuntesdesanluis.com\/\",\"name\":\"Apuntes de San Luis\",\"description\":\"\",\"publisher\":{\"@id\":\"https:\/\/apuntesdesanluis.com\/#\/schema\/person\/b55151d52296fcce64d1a72538a70b90\"},\"potentialAction\":[{\"@type\":\"SearchAction\",\"target\":{\"@type\":\"EntryPoint\",\"urlTemplate\":\"https:\/\/apuntesdesanluis.com\/?s={search_term_string}\"},\"query-input\":{\"@type\":\"PropertyValueSpecification\",\"valueRequired\":true,\"valueName\":\"search_term_string\"}}],\"inLanguage\":\"es-AR\"},{\"@type\":[\"Person\",\"Organization\"],\"@id\":\"https:\/\/apuntesdesanluis.com\/#\/schema\/person\/b55151d52296fcce64d1a72538a70b90\",\"name\":\"apuntesdesanluis.com\",\"image\":{\"@type\":\"ImageObject\",\"inLanguage\":\"es-AR\",\"@id\":\"https:\/\/apuntesdesanluis.com\/#\/schema\/person\/image\/\",\"url\":\"https:\/\/apuntesdesanluis.com\/wp-content\/uploads\/2023\/07\/cropped-apuntesdesanluis.png\",\"contentUrl\":\"https:\/\/apuntesdesanluis.com\/wp-content\/uploads\/2023\/07\/cropped-apuntesdesanluis.png\",\"width\":450,\"height\":112,\"caption\":\"apuntesdesanluis.com\"},\"logo\":{\"@id\":\"https:\/\/apuntesdesanluis.com\/#\/schema\/person\/image\/\"},\"sameAs\":[\"https:\/\/apuntesdesanluis.com\"],\"url\":\"https:\/\/apuntesdesanluis.com\/index.php\/author\/apuntesdesanluis-com\/\"}]}<\/script>\n<!-- \/ Yoast SEO plugin. -->","yoast_head_json":{"title":"IMPUTARON AL CONDUCTOR ACUSADO DE EMBESTIR A DOS ESTUDIANTES EN AVENIDA ILLIA - Apuntes de San Luis","robots":{"index":"index","follow":"follow","max-snippet":"max-snippet:-1","max-image-preview":"max-image-preview:large","max-video-preview":"max-video-preview:-1"},"canonical":"https:\/\/apuntesdesanluis.com\/index.php\/2025\/03\/13\/imputaron-al-conductor-acusado-de-embestir-a-dos-estudiantes-en-avenida-illia\/","og_locale":"es_ES","og_type":"article","og_title":"IMPUTARON AL CONDUCTOR ACUSADO DE EMBESTIR A DOS ESTUDIANTES EN AVENIDA ILLIA - Apuntes de San Luis","og_description":"Mart\u00edn Quevedo, el conductor de la camioneta Volkswagen Amarok que protagoniz\u00f3 un accidente en el...","og_url":"https:\/\/apuntesdesanluis.com\/index.php\/2025\/03\/13\/imputaron-al-conductor-acusado-de-embestir-a-dos-estudiantes-en-avenida-illia\/","og_site_name":"Apuntes de San Luis","article_published_time":"2025-03-14T02:49:46+00:00","og_image":[{"width":700,"height":399,"url":"https:\/\/apuntesdesanluis.com\/wp-content\/uploads\/2025\/03\/juicio-al-conductor.png","type":"image\/png"}],"author":"apuntesdesanluis.com","twitter_card":"summary_large_image","twitter_misc":{"Escrito por":"apuntesdesanluis.com","Tiempo de lectura":"2 minutos"},"schema":{"@context":"https:\/\/schema.org","@graph":[{"@type":"Article","@id":"https:\/\/apuntesdesanluis.com\/index.php\/2025\/03\/13\/imputaron-al-conductor-acusado-de-embestir-a-dos-estudiantes-en-avenida-illia\/#article","isPartOf":{"@id":"https:\/\/apuntesdesanluis.com\/index.php\/2025\/03\/13\/imputaron-al-conductor-acusado-de-embestir-a-dos-estudiantes-en-avenida-illia\/"},"author":{"name":"apuntesdesanluis.com","@id":"https:\/\/apuntesdesanluis.com\/#\/schema\/person\/b55151d52296fcce64d1a72538a70b90"},"headline":"IMPUTARON AL CONDUCTOR ACUSADO DE EMBESTIR A DOS ESTUDIANTES EN AVENIDA ILLIA","datePublished":"2025-03-14T02:49:46+00:00","mainEntityOfPage":{"@id":"https:\/\/apuntesdesanluis.com\/index.php\/2025\/03\/13\/imputaron-al-conductor-acusado-de-embestir-a-dos-estudiantes-en-avenida-illia\/"},"wordCount":400,"publisher":{"@id":"https:\/\/apuntesdesanluis.com\/#\/schema\/person\/b55151d52296fcce64d1a72538a70b90"},"image":{"@id":"https:\/\/apuntesdesanluis.com\/index.php\/2025\/03\/13\/imputaron-al-conductor-acusado-de-embestir-a-dos-estudiantes-en-avenida-illia\/#primaryimage"},"thumbnailUrl":"https:\/\/apuntesdesanluis.com\/wp-content\/uploads\/2025\/03\/juicio-al-conductor.png","articleSection":["Ciudad\/Provincia"],"inLanguage":"es-AR"},{"@type":"WebPage","@id":"https:\/\/apuntesdesanluis.com\/index.php\/2025\/03\/13\/imputaron-al-conductor-acusado-de-embestir-a-dos-estudiantes-en-avenida-illia\/","url":"https:\/\/apuntesdesanluis.com\/index.php\/2025\/03\/13\/imputaron-al-conductor-acusado-de-embestir-a-dos-estudiantes-en-avenida-illia\/","name":"IMPUTARON AL CONDUCTOR ACUSADO DE EMBESTIR A DOS ESTUDIANTES EN AVENIDA ILLIA - Apuntes de San Luis","isPartOf":{"@id":"https:\/\/apuntesdesanluis.com\/#website"},"primaryImageOfPage":{"@id":"https:\/\/apuntesdesanluis.com\/index.php\/2025\/03\/13\/imputaron-al-conductor-acusado-de-embestir-a-dos-estudiantes-en-avenida-illia\/#primaryimage"},"image":{"@id":"https:\/\/apuntesdesanluis.com\/index.php\/2025\/03\/13\/imputaron-al-conductor-acusado-de-embestir-a-dos-estudiantes-en-avenida-illia\/#primaryimage"},"thumbnailUrl":"https:\/\/apuntesdesanluis.com\/wp-content\/uploads\/2025\/03\/juicio-al-conductor.png","datePublished":"2025-03-14T02:49:46+00:00","breadcrumb":{"@id":"https:\/\/apuntesdesanluis.com\/index.php\/2025\/03\/13\/imputaron-al-conductor-acusado-de-embestir-a-dos-estudiantes-en-avenida-illia\/#breadcrumb"},"inLanguage":"es-AR","potentialAction":[{"@type":"ReadAction","target":["https:\/\/apuntesdesanluis.com\/index.php\/2025\/03\/13\/imputaron-al-conductor-acusado-de-embestir-a-dos-estudiantes-en-avenida-illia\/"]}]},{"@type":"ImageObject","inLanguage":"es-AR","@id":"https:\/\/apuntesdesanluis.com\/index.php\/2025\/03\/13\/imputaron-al-conductor-acusado-de-embestir-a-dos-estudiantes-en-avenida-illia\/#primaryimage","url":"https:\/\/apuntesdesanluis.com\/wp-content\/uploads\/2025\/03\/juicio-al-conductor.png","contentUrl":"https:\/\/apuntesdesanluis.com\/wp-content\/uploads\/2025\/03\/juicio-al-conductor.png","width":700,"height":399},{"@type":"BreadcrumbList","@id":"https:\/\/apuntesdesanluis.com\/index.php\/2025\/03\/13\/imputaron-al-conductor-acusado-de-embestir-a-dos-estudiantes-en-avenida-illia\/#breadcrumb","itemListElement":[{"@type":"ListItem","position":1,"name":"Inicio","item":"https:\/\/apuntesdesanluis.com\/"},{"@type":"ListItem","position":2,"name":"IMPUTARON AL CONDUCTOR ACUSADO DE EMBESTIR A DOS ESTUDIANTES EN AVENIDA ILLIA"}]},{"@type":"WebSite","@id":"https:\/\/apuntesdesanluis.com\/#website","url":"https:\/\/apuntesdesanluis.com\/","name":"Apuntes de San Luis","description":"","publisher":{"@id":"https:\/\/apuntesdesanluis.com\/#\/schema\/person\/b55151d52296fcce64d1a72538a70b90"},"potentialAction":[{"@type":"SearchAction","target":{"@type":"EntryPoint","urlTemplate":"https:\/\/apuntesdesanluis.com\/?s={search_term_string}"},"query-input":{"@type":"PropertyValueSpecification","valueRequired":true,"valueName":"search_term_string"}}],"inLanguage":"es-AR"},{"@type":["Person","Organization"],"@id":"https:\/\/apuntesdesanluis.com\/#\/schema\/person\/b55151d52296fcce64d1a72538a70b90","name":"apuntesdesanluis.com","image":{"@type":"ImageObject","inLanguage":"es-AR","@id":"https:\/\/apuntesdesanluis.com\/#\/schema\/person\/image\/","url":"https:\/\/apuntesdesanluis.com\/wp-content\/uploads\/2023\/07\/cropped-apuntesdesanluis.png","contentUrl":"https:\/\/apuntesdesanluis.com\/wp-content\/uploads\/2023\/07\/cropped-apuntesdesanluis.png","width":450,"height":112,"caption":"apuntesdesanluis.com"},"logo":{"@id":"https:\/\/apuntesdesanluis.com\/#\/schema\/person\/image\/"},"sameAs":["https:\/\/apuntesdesanluis.com"],"url":"https:\/\/apuntesdesanluis.com\/index.php\/author\/apuntesdesanluis-com\/"}]}},"featured_image_urls":{"full":["https:\/\/apuntesdesanluis.com\/wp-content\/uploads\/2025\/03\/juicio-al-conductor.png",700,399,false],"thumbnail":["https:\/\/apuntesdesanluis.com\/wp-content\/uploads\/2025\/03\/juicio-al-conductor-150x150.png",150,150,true],"medium":["https:\/\/apuntesdesanluis.com\/wp-content\/uploads\/2025\/03\/juicio-al-conductor-300x171.png",300,171,true],"medium_large":["https:\/\/apuntesdesanluis.com\/wp-content\/uploads\/2025\/03\/juicio-al-conductor.png",640,365,false],"large":["https:\/\/apuntesdesanluis.com\/wp-content\/uploads\/2025\/03\/juicio-al-conductor.png",640,365,false],"1536x1536":["https:\/\/apuntesdesanluis.com\/wp-content\/uploads\/2025\/03\/juicio-al-conductor.png",700,399,false],"2048x2048":["https:\/\/apuntesdesanluis.com\/wp-content\/uploads\/2025\/03\/juicio-al-conductor.png",700,399,false],"newsever-slider-full":["https:\/\/apuntesdesanluis.com\/wp-content\/uploads\/2025\/03\/juicio-al-conductor.png",700,399,false],"newsever-featured":["https:\/\/apuntesdesanluis.com\/wp-content\/uploads\/2025\/03\/juicio-al-conductor.png",700,399,false],"newsever-medium":["https:\/\/apuntesdesanluis.com\/wp-content\/uploads\/2025\/03\/juicio-al-conductor.png",700,399,false]},"author_info":{"display_name":"apuntesdesanluis.com","author_link":"https:\/\/apuntesdesanluis.com\/index.php\/author\/apuntesdesanluis-com\/"},"category_info":"<a href=\"https:\/\/apuntesdesanluis.com\/index.php\/category\/ciudad-provincia\/\" rel=\"category tag\">Ciudad\/Provincia<\/a>","tag_info":"Ciudad\/Provincia","comment_count":"0","_links":{"self":[{"href":"https:\/\/apuntesdesanluis.com\/index.php\/wp-json\/wp\/v2\/posts\/30461","targetHints":{"allow":["GET"]}}],"collection":[{"href":"https:\/\/apuntesdesanluis.com\/index.php\/wp-json\/wp\/v2\/posts"}],"about":[{"href":"https:\/\/apuntesdesanluis.com\/index.php\/wp-json\/wp\/v2\/types\/post"}],"author":[{"embeddable":true,"href":"https:\/\/apuntesdesanluis.com\/index.php\/wp-json\/wp\/v2\/users\/1"}],"replies":[{"embeddable":true,"href":"https:\/\/apuntesdesanluis.com\/index.php\/wp-json\/wp\/v2\/comments?post=30461"}],"version-history":[{"count":1,"href":"https:\/\/apuntesdesanluis.com\/index.php\/wp-json\/wp\/v2\/posts\/30461\/revisions"}],"predecessor-version":[{"id":30463,"href":"https:\/\/apuntesdesanluis.com\/index.php\/wp-json\/wp\/v2\/posts\/30461\/revisions\/30463"}],"wp:featuredmedia":[{"embeddable":true,"href":"https:\/\/apuntesdesanluis.com\/index.php\/wp-json\/wp\/v2\/media\/30462"}],"wp:attachment":[{"href":"https:\/\/apuntesdesanluis.com\/index.php\/wp-json\/wp\/v2\/media?parent=30461"}],"wp:term":[{"taxonomy":"category","embeddable":true,"href":"https:\/\/apuntesdesanluis.com\/index.php\/wp-json\/wp\/v2\/categories?post=30461"},{"taxonomy":"post_tag","embeddable":true,"href":"https:\/\/apuntesdesanluis.com\/index.php\/wp-json\/wp\/v2\/tags?post=30461"}],"curies":[{"name":"wp","href":"https:\/\/api.w.org\/{rel}","templated":true}]}}