{"id":30470,"date":"2025-03-14T00:13:50","date_gmt":"2025-03-14T03:13:50","guid":{"rendered":"https:\/\/apuntesdesanluis.com\/?p=30470"},"modified":"2025-03-14T00:13:50","modified_gmt":"2025-03-14T03:13:50","slug":"una-jueza-libero-a-los-114-detenidos-por-los-incidentes-en-el-congreso","status":"publish","type":"post","link":"https:\/\/apuntesdesanluis.com\/index.php\/2025\/03\/14\/una-jueza-libero-a-los-114-detenidos-por-los-incidentes-en-el-congreso\/","title":{"rendered":"UNA JUEZA LIBER\u00d3 A LOS 114 DETENIDOS POR LOS INCIDENTES EN EL CONGRESO"},"content":{"rendered":"<h3>La jueza penal, contravencional y de faltas de la ciudad de Buenos Aires <strong>Karina Andrade<\/strong>, liber\u00f3 hoy a las 114 personas que fueron detenidas ayer en el Congreso de la Naci\u00f3n en la marcha de los jubilados a la que se sumaron barras de clubes de f\u00fatbol y militantes pol\u00edticos. La magistrada argument\u00f3 que las fuerzas de seguridad no aportaron la informaci\u00f3n necesaria sobre los hechos.<\/h3>\n<h3>\u201cLa informaci\u00f3n que me fue puesta en conocimiento fue absolutamente deficitaria. No se informaron, en la mayor\u00eda de los casos, el lugar donde se realiz\u00f3 la detenci\u00f3n, aludiendo en forma gen\u00e9rica a `los hechos del Congreso de la Naci\u00f3n`. Por lo dem\u00e1s, y a diferencia de lo que sucede con otros detenidos en `flagrancia`, no se aclararon las circunstancias de detenci\u00f3n ni los motivos, al menos con alg\u00fan tipo de detalle&#8221;, sostuvo la magistrada.<\/h3>\n<h3>La decisi\u00f3n gener\u00f3 el enojo del gobierno nacional. El jefe de Gabinete, <strong>Guillermo Francos<\/strong>, asegur\u00f3 esta ma\u00f1ana: \u201cSi detienen a 130 o 140 personas y a las pocas horas una jueza dice que estaban defendiendo derechos y los libera, es muy dif\u00edcil combatir la violencia organizada\u201d.<\/h3>\n<h3>De hecho, abundan im\u00e1genes en donde se puede ver a manifestantes quemar patrulleros, romper contenedores de basura y arrojar piedras contra la Polic\u00eda. Estiman que el costo por los destrozos en la zona del Congreso asciende a $414 millones.<\/h3>\n<p><img fetchpriority=\"high\" decoding=\"async\" class=\"wp-image-30472 aligncenter\" src=\"https:\/\/apuntesdesanluis.com\/wp-content\/uploads\/2025\/03\/detenidos-300x175.png\" alt=\"\" width=\"708\" height=\"413\" srcset=\"https:\/\/apuntesdesanluis.com\/wp-content\/uploads\/2025\/03\/detenidos-300x175.png 300w, https:\/\/apuntesdesanluis.com\/wp-content\/uploads\/2025\/03\/detenidos.png 700w\" sizes=\"(max-width: 708px) 100vw, 708px\" \/><\/p>\n<h3>Karina Andrade asumi\u00f3 como jueza en 2021, en medio de la pandemia. Tiene 42 a\u00f1os, estudi\u00f3 derecho en la Universidad de Buenos Aires y realiz\u00f3 un posgrado en derecho penal. Antes de llegar a la oficina que ocupa actualmente, pas\u00f3 por unidades fiscales y secretar\u00edas. Tambi\u00e9n fue secretaria en uno de los tribunales federales de Comodoro Py. Es la jueza que est\u00e1 a cargo de una causa por juego clandestino que promociobana varios famosos y quiien absolvi\u00f3 a la ex pareja de Vicky Xipolitakis por violencia de g\u00e9nero.<\/h3>\n<h3>En su fallo de este jueves, la magistrada se quej\u00f3 porque a medida que recib\u00eda informaci\u00f3n sobre las detenciones \u201cse volv\u00eda m\u00e1s imprecisa\u201d. \u201cSe dejaron de brindar detalles sobre la hora y lugar en el que ocurri\u00f3 la detenci\u00f3n, como as\u00ed tampoco se lograba informar con relaci\u00f3n a qu\u00e9 delito espec\u00edfico se estaba convalidando la detenci\u00f3n. Tampoco se indicaba el lugar en donde ser\u00edan alojados. En algunos casos el delito se informaba despu\u00e9s\u201d, relat\u00f3.<\/h3>\n<h3>La resoluci\u00f3n se\u00f1ala que el delito que m\u00e1s se inform\u00f3 por la polic\u00eda fue el de atentado y resistencia a la autoridad. Y no hubo detenidos por delitos de portaci\u00f3n de armas de fuego, lesiones o incendio a bienes p\u00fablicos. Ayer se vieron im\u00e1genes de contenedores y un patrullero incendiado.<\/h3>\n<h3>El jefe de Gobierno de la Ciudad de Buenos Aires, Jorge Macri, tiene otra mirada sobre la cuesti\u00f3n. Esta ma\u00f1ana dijo que m\u00e1s de la mitad de los detenidos ostenta graves antecedentes penales. Asegur\u00f3 adem\u00e1s que cuentan con pruebas y seguir\u00e1n la causa hasta las \u00faltimas consecuencias.<\/h3>\n<h3>Andrade detall\u00f3 en su resoluci\u00f3n la situaci\u00f3n de los detenidos y presuntas irregularidades en los sumarios que entregaron las fuerzas de seguridad, tanto de la ciudad de Buenos Aires como las federales que intervinieron en el Congreso.<\/h3>\n<h3>As\u00ed, la magistrada record\u00f3 un fallo de la Corte Interamericana de Derechos Humanos de 2011 en el que hizo referencia a las libertades de las personas. \u201cCualquier detenci\u00f3n tiene que estar debidamente registrada en el documento pertinente, se\u00f1alando con claridad las causas de la detenci\u00f3n, qui\u00e9n la realiz\u00f3, la hora de detenci\u00f3n y la hora de su puesta en libertad, as\u00ed como constancia de que se dio aviso al juez de instrucci\u00f3n competente, en su caso, como m\u00ednimo\u201d, explic\u00f3 la jueza.<\/h3>\n<h3>La magistrada se\u00f1al\u00f3 que no solo fue deficiente la informaci\u00f3n que aport\u00f3 la Polic\u00eda sino que tambi\u00e9n fue tard\u00eda. \u201cN\u00f3tese que hasta las 22.17 horas aproximadamente el tribunal hab\u00eda sido informado de catorce detenciones y la informaci\u00f3n que se conoci\u00f3 despu\u00e9s da cuenta de que la cantidad de detenidos a disposici\u00f3n de este fuero result\u00f3 ser mucho mayor\u201d, explic\u00f3.<\/h3>\n<h3>La resoluci\u00f3n tambi\u00e9n destaca que en el caso \u201cse encontraban en juego derechos constitucionales fundamentales como son el derecho a la protesta, a manifestarse en democracia, a peticionar ante las autoridades, a la libertad de expresi\u00f3n, entre otros\u201d y que esos derechos \u201cno pueden ser ejercidos de manera absoluta, que se encuentran limitados por las leyes que reglamentan su ejercicio\u201d. \u201cNo obstante, parece importante destacar que esas leyes que reglamentan el ejercicio de derechos b\u00e1sicos no pueden alterar el sentido o esp\u00edritu mismo de esos derechos, torn\u00e1ndolos inoperativos y volvi\u00e9ndolos una ficci\u00f3n sin sentido pr\u00e1ctico\u201d, agreg\u00f3.<\/h3>\n<p>&nbsp;<\/p>\n<p>&nbsp;<\/p>\n<p>&nbsp;<\/p>\n<h3><\/h3>\n<h3><\/h3>\n<p>&nbsp;<\/p>\n<p>&nbsp;<\/p>\n","protected":false},"excerpt":{"rendered":"<p>La jueza penal, contravencional y de faltas de la ciudad de Buenos Aires Karina Andrade,&#8230;<\/p>\n","protected":false},"author":1,"featured_media":30471,"comment_status":"closed","ping_status":"closed","sticky":false,"template":"","format":"standard","meta":{"footnotes":""},"categories":[5],"tags":[],"class_list":["post-30470","post","type-post","status-publish","format-standard","has-post-thumbnail","hentry","category-nacionales-internacionales"],"yoast_head":"<!-- This site is optimized with the Yoast SEO plugin v26.1.1 - https:\/\/yoast.com\/wordpress\/plugins\/seo\/ -->\n<title>UNA JUEZA LIBER\u00d3 A LOS 114 DETENIDOS POR LOS INCIDENTES EN EL CONGRESO - Apuntes de San Luis<\/title>\n<meta name=\"robots\" content=\"index, follow, max-snippet:-1, max-image-preview:large, max-video-preview:-1\" \/>\n<link rel=\"canonical\" href=\"https:\/\/apuntesdesanluis.com\/index.php\/2025\/03\/14\/una-jueza-libero-a-los-114-detenidos-por-los-incidentes-en-el-congreso\/\" \/>\n<meta property=\"og:locale\" content=\"es_ES\" \/>\n<meta property=\"og:type\" content=\"article\" \/>\n<meta property=\"og:title\" content=\"UNA JUEZA LIBER\u00d3 A LOS 114 DETENIDOS POR LOS INCIDENTES EN EL CONGRESO - Apuntes de San Luis\" \/>\n<meta property=\"og:description\" content=\"La jueza penal, contravencional y de faltas de la ciudad de Buenos Aires Karina Andrade,...\" \/>\n<meta property=\"og:url\" content=\"https:\/\/apuntesdesanluis.com\/index.php\/2025\/03\/14\/una-jueza-libero-a-los-114-detenidos-por-los-incidentes-en-el-congreso\/\" \/>\n<meta property=\"og:site_name\" content=\"Apuntes de San Luis\" \/>\n<meta property=\"article:published_time\" content=\"2025-03-14T03:13:50+00:00\" \/>\n<meta property=\"og:image\" content=\"https:\/\/apuntesdesanluis.com\/wp-content\/uploads\/2025\/03\/andrade.png\" \/>\n\t<meta property=\"og:image:width\" content=\"534\" \/>\n\t<meta property=\"og:image:height\" content=\"363\" \/>\n\t<meta property=\"og:image:type\" content=\"image\/png\" \/>\n<meta name=\"author\" content=\"apuntesdesanluis.com\" \/>\n<meta name=\"twitter:card\" content=\"summary_large_image\" \/>\n<meta name=\"twitter:label1\" content=\"Escrito por\" \/>\n\t<meta name=\"twitter:data1\" content=\"apuntesdesanluis.com\" \/>\n\t<meta name=\"twitter:label2\" content=\"Tiempo de lectura\" \/>\n\t<meta name=\"twitter:data2\" content=\"4 minutos\" \/>\n<script type=\"application\/ld+json\" class=\"yoast-schema-graph\">{\"@context\":\"https:\/\/schema.org\",\"@graph\":[{\"@type\":\"Article\",\"@id\":\"https:\/\/apuntesdesanluis.com\/index.php\/2025\/03\/14\/una-jueza-libero-a-los-114-detenidos-por-los-incidentes-en-el-congreso\/#article\",\"isPartOf\":{\"@id\":\"https:\/\/apuntesdesanluis.com\/index.php\/2025\/03\/14\/una-jueza-libero-a-los-114-detenidos-por-los-incidentes-en-el-congreso\/\"},\"author\":{\"name\":\"apuntesdesanluis.com\",\"@id\":\"https:\/\/apuntesdesanluis.com\/#\/schema\/person\/b55151d52296fcce64d1a72538a70b90\"},\"headline\":\"UNA JUEZA LIBER\u00d3 A LOS 114 DETENIDOS POR LOS INCIDENTES EN EL CONGRESO\",\"datePublished\":\"2025-03-14T03:13:50+00:00\",\"mainEntityOfPage\":{\"@id\":\"https:\/\/apuntesdesanluis.com\/index.php\/2025\/03\/14\/una-jueza-libero-a-los-114-detenidos-por-los-incidentes-en-el-congreso\/\"},\"wordCount\":837,\"publisher\":{\"@id\":\"https:\/\/apuntesdesanluis.com\/#\/schema\/person\/b55151d52296fcce64d1a72538a70b90\"},\"image\":{\"@id\":\"https:\/\/apuntesdesanluis.com\/index.php\/2025\/03\/14\/una-jueza-libero-a-los-114-detenidos-por-los-incidentes-en-el-congreso\/#primaryimage\"},\"thumbnailUrl\":\"https:\/\/apuntesdesanluis.com\/wp-content\/uploads\/2025\/03\/andrade.png\",\"articleSection\":[\"Nacionales\/Internacionales\"],\"inLanguage\":\"es-AR\"},{\"@type\":\"WebPage\",\"@id\":\"https:\/\/apuntesdesanluis.com\/index.php\/2025\/03\/14\/una-jueza-libero-a-los-114-detenidos-por-los-incidentes-en-el-congreso\/\",\"url\":\"https:\/\/apuntesdesanluis.com\/index.php\/2025\/03\/14\/una-jueza-libero-a-los-114-detenidos-por-los-incidentes-en-el-congreso\/\",\"name\":\"UNA JUEZA LIBER\u00d3 A LOS 114 DETENIDOS POR LOS INCIDENTES EN EL CONGRESO - Apuntes de San Luis\",\"isPartOf\":{\"@id\":\"https:\/\/apuntesdesanluis.com\/#website\"},\"primaryImageOfPage\":{\"@id\":\"https:\/\/apuntesdesanluis.com\/index.php\/2025\/03\/14\/una-jueza-libero-a-los-114-detenidos-por-los-incidentes-en-el-congreso\/#primaryimage\"},\"image\":{\"@id\":\"https:\/\/apuntesdesanluis.com\/index.php\/2025\/03\/14\/una-jueza-libero-a-los-114-detenidos-por-los-incidentes-en-el-congreso\/#primaryimage\"},\"thumbnailUrl\":\"https:\/\/apuntesdesanluis.com\/wp-content\/uploads\/2025\/03\/andrade.png\",\"datePublished\":\"2025-03-14T03:13:50+00:00\",\"breadcrumb\":{\"@id\":\"https:\/\/apuntesdesanluis.com\/index.php\/2025\/03\/14\/una-jueza-libero-a-los-114-detenidos-por-los-incidentes-en-el-congreso\/#breadcrumb\"},\"inLanguage\":\"es-AR\",\"potentialAction\":[{\"@type\":\"ReadAction\",\"target\":[\"https:\/\/apuntesdesanluis.com\/index.php\/2025\/03\/14\/una-jueza-libero-a-los-114-detenidos-por-los-incidentes-en-el-congreso\/\"]}]},{\"@type\":\"ImageObject\",\"inLanguage\":\"es-AR\",\"@id\":\"https:\/\/apuntesdesanluis.com\/index.php\/2025\/03\/14\/una-jueza-libero-a-los-114-detenidos-por-los-incidentes-en-el-congreso\/#primaryimage\",\"url\":\"https:\/\/apuntesdesanluis.com\/wp-content\/uploads\/2025\/03\/andrade.png\",\"contentUrl\":\"https:\/\/apuntesdesanluis.com\/wp-content\/uploads\/2025\/03\/andrade.png\",\"width\":534,\"height\":363},{\"@type\":\"BreadcrumbList\",\"@id\":\"https:\/\/apuntesdesanluis.com\/index.php\/2025\/03\/14\/una-jueza-libero-a-los-114-detenidos-por-los-incidentes-en-el-congreso\/#breadcrumb\",\"itemListElement\":[{\"@type\":\"ListItem\",\"position\":1,\"name\":\"Inicio\",\"item\":\"https:\/\/apuntesdesanluis.com\/\"},{\"@type\":\"ListItem\",\"position\":2,\"name\":\"UNA JUEZA LIBER\u00d3 A LOS 114 DETENIDOS POR LOS INCIDENTES EN EL CONGRESO\"}]},{\"@type\":\"WebSite\",\"@id\":\"https:\/\/apuntesdesanluis.com\/#website\",\"url\":\"https:\/\/apuntesdesanluis.com\/\",\"name\":\"Apuntes de San Luis\",\"description\":\"\",\"publisher\":{\"@id\":\"https:\/\/apuntesdesanluis.com\/#\/schema\/person\/b55151d52296fcce64d1a72538a70b90\"},\"potentialAction\":[{\"@type\":\"SearchAction\",\"target\":{\"@type\":\"EntryPoint\",\"urlTemplate\":\"https:\/\/apuntesdesanluis.com\/?s={search_term_string}\"},\"query-input\":{\"@type\":\"PropertyValueSpecification\",\"valueRequired\":true,\"valueName\":\"search_term_string\"}}],\"inLanguage\":\"es-AR\"},{\"@type\":[\"Person\",\"Organization\"],\"@id\":\"https:\/\/apuntesdesanluis.com\/#\/schema\/person\/b55151d52296fcce64d1a72538a70b90\",\"name\":\"apuntesdesanluis.com\",\"image\":{\"@type\":\"ImageObject\",\"inLanguage\":\"es-AR\",\"@id\":\"https:\/\/apuntesdesanluis.com\/#\/schema\/person\/image\/\",\"url\":\"https:\/\/apuntesdesanluis.com\/wp-content\/uploads\/2023\/07\/cropped-apuntesdesanluis.png\",\"contentUrl\":\"https:\/\/apuntesdesanluis.com\/wp-content\/uploads\/2023\/07\/cropped-apuntesdesanluis.png\",\"width\":450,\"height\":112,\"caption\":\"apuntesdesanluis.com\"},\"logo\":{\"@id\":\"https:\/\/apuntesdesanluis.com\/#\/schema\/person\/image\/\"},\"sameAs\":[\"https:\/\/apuntesdesanluis.com\"],\"url\":\"https:\/\/apuntesdesanluis.com\/index.php\/author\/apuntesdesanluis-com\/\"}]}<\/script>\n<!-- \/ Yoast SEO plugin. -->","yoast_head_json":{"title":"UNA JUEZA LIBER\u00d3 A LOS 114 DETENIDOS POR LOS INCIDENTES EN EL CONGRESO - Apuntes de San Luis","robots":{"index":"index","follow":"follow","max-snippet":"max-snippet:-1","max-image-preview":"max-image-preview:large","max-video-preview":"max-video-preview:-1"},"canonical":"https:\/\/apuntesdesanluis.com\/index.php\/2025\/03\/14\/una-jueza-libero-a-los-114-detenidos-por-los-incidentes-en-el-congreso\/","og_locale":"es_ES","og_type":"article","og_title":"UNA JUEZA LIBER\u00d3 A LOS 114 DETENIDOS POR LOS INCIDENTES EN EL CONGRESO - Apuntes de San Luis","og_description":"La jueza penal, contravencional y de faltas de la ciudad de Buenos Aires Karina Andrade,...","og_url":"https:\/\/apuntesdesanluis.com\/index.php\/2025\/03\/14\/una-jueza-libero-a-los-114-detenidos-por-los-incidentes-en-el-congreso\/","og_site_name":"Apuntes de San Luis","article_published_time":"2025-03-14T03:13:50+00:00","og_image":[{"width":534,"height":363,"url":"https:\/\/apuntesdesanluis.com\/wp-content\/uploads\/2025\/03\/andrade.png","type":"image\/png"}],"author":"apuntesdesanluis.com","twitter_card":"summary_large_image","twitter_misc":{"Escrito por":"apuntesdesanluis.com","Tiempo de lectura":"4 minutos"},"schema":{"@context":"https:\/\/schema.org","@graph":[{"@type":"Article","@id":"https:\/\/apuntesdesanluis.com\/index.php\/2025\/03\/14\/una-jueza-libero-a-los-114-detenidos-por-los-incidentes-en-el-congreso\/#article","isPartOf":{"@id":"https:\/\/apuntesdesanluis.com\/index.php\/2025\/03\/14\/una-jueza-libero-a-los-114-detenidos-por-los-incidentes-en-el-congreso\/"},"author":{"name":"apuntesdesanluis.com","@id":"https:\/\/apuntesdesanluis.com\/#\/schema\/person\/b55151d52296fcce64d1a72538a70b90"},"headline":"UNA JUEZA LIBER\u00d3 A LOS 114 DETENIDOS POR LOS INCIDENTES EN EL CONGRESO","datePublished":"2025-03-14T03:13:50+00:00","mainEntityOfPage":{"@id":"https:\/\/apuntesdesanluis.com\/index.php\/2025\/03\/14\/una-jueza-libero-a-los-114-detenidos-por-los-incidentes-en-el-congreso\/"},"wordCount":837,"publisher":{"@id":"https:\/\/apuntesdesanluis.com\/#\/schema\/person\/b55151d52296fcce64d1a72538a70b90"},"image":{"@id":"https:\/\/apuntesdesanluis.com\/index.php\/2025\/03\/14\/una-jueza-libero-a-los-114-detenidos-por-los-incidentes-en-el-congreso\/#primaryimage"},"thumbnailUrl":"https:\/\/apuntesdesanluis.com\/wp-content\/uploads\/2025\/03\/andrade.png","articleSection":["Nacionales\/Internacionales"],"inLanguage":"es-AR"},{"@type":"WebPage","@id":"https:\/\/apuntesdesanluis.com\/index.php\/2025\/03\/14\/una-jueza-libero-a-los-114-detenidos-por-los-incidentes-en-el-congreso\/","url":"https:\/\/apuntesdesanluis.com\/index.php\/2025\/03\/14\/una-jueza-libero-a-los-114-detenidos-por-los-incidentes-en-el-congreso\/","name":"UNA JUEZA LIBER\u00d3 A LOS 114 DETENIDOS POR LOS INCIDENTES EN EL CONGRESO - Apuntes de San Luis","isPartOf":{"@id":"https:\/\/apuntesdesanluis.com\/#website"},"primaryImageOfPage":{"@id":"https:\/\/apuntesdesanluis.com\/index.php\/2025\/03\/14\/una-jueza-libero-a-los-114-detenidos-por-los-incidentes-en-el-congreso\/#primaryimage"},"image":{"@id":"https:\/\/apuntesdesanluis.com\/index.php\/2025\/03\/14\/una-jueza-libero-a-los-114-detenidos-por-los-incidentes-en-el-congreso\/#primaryimage"},"thumbnailUrl":"https:\/\/apuntesdesanluis.com\/wp-content\/uploads\/2025\/03\/andrade.png","datePublished":"2025-03-14T03:13:50+00:00","breadcrumb":{"@id":"https:\/\/apuntesdesanluis.com\/index.php\/2025\/03\/14\/una-jueza-libero-a-los-114-detenidos-por-los-incidentes-en-el-congreso\/#breadcrumb"},"inLanguage":"es-AR","potentialAction":[{"@type":"ReadAction","target":["https:\/\/apuntesdesanluis.com\/index.php\/2025\/03\/14\/una-jueza-libero-a-los-114-detenidos-por-los-incidentes-en-el-congreso\/"]}]},{"@type":"ImageObject","inLanguage":"es-AR","@id":"https:\/\/apuntesdesanluis.com\/index.php\/2025\/03\/14\/una-jueza-libero-a-los-114-detenidos-por-los-incidentes-en-el-congreso\/#primaryimage","url":"https:\/\/apuntesdesanluis.com\/wp-content\/uploads\/2025\/03\/andrade.png","contentUrl":"https:\/\/apuntesdesanluis.com\/wp-content\/uploads\/2025\/03\/andrade.png","width":534,"height":363},{"@type":"BreadcrumbList","@id":"https:\/\/apuntesdesanluis.com\/index.php\/2025\/03\/14\/una-jueza-libero-a-los-114-detenidos-por-los-incidentes-en-el-congreso\/#breadcrumb","itemListElement":[{"@type":"ListItem","position":1,"name":"Inicio","item":"https:\/\/apuntesdesanluis.com\/"},{"@type":"ListItem","position":2,"name":"UNA JUEZA LIBER\u00d3 A LOS 114 DETENIDOS POR LOS INCIDENTES EN EL CONGRESO"}]},{"@type":"WebSite","@id":"https:\/\/apuntesdesanluis.com\/#website","url":"https:\/\/apuntesdesanluis.com\/","name":"Apuntes de San Luis","description":"","publisher":{"@id":"https:\/\/apuntesdesanluis.com\/#\/schema\/person\/b55151d52296fcce64d1a72538a70b90"},"potentialAction":[{"@type":"SearchAction","target":{"@type":"EntryPoint","urlTemplate":"https:\/\/apuntesdesanluis.com\/?s={search_term_string}"},"query-input":{"@type":"PropertyValueSpecification","valueRequired":true,"valueName":"search_term_string"}}],"inLanguage":"es-AR"},{"@type":["Person","Organization"],"@id":"https:\/\/apuntesdesanluis.com\/#\/schema\/person\/b55151d52296fcce64d1a72538a70b90","name":"apuntesdesanluis.com","image":{"@type":"ImageObject","inLanguage":"es-AR","@id":"https:\/\/apuntesdesanluis.com\/#\/schema\/person\/image\/","url":"https:\/\/apuntesdesanluis.com\/wp-content\/uploads\/2023\/07\/cropped-apuntesdesanluis.png","contentUrl":"https:\/\/apuntesdesanluis.com\/wp-content\/uploads\/2023\/07\/cropped-apuntesdesanluis.png","width":450,"height":112,"caption":"apuntesdesanluis.com"},"logo":{"@id":"https:\/\/apuntesdesanluis.com\/#\/schema\/person\/image\/"},"sameAs":["https:\/\/apuntesdesanluis.com"],"url":"https:\/\/apuntesdesanluis.com\/index.php\/author\/apuntesdesanluis-com\/"}]}},"featured_image_urls":{"full":["https:\/\/apuntesdesanluis.com\/wp-content\/uploads\/2025\/03\/andrade.png",534,363,false],"thumbnail":["https:\/\/apuntesdesanluis.com\/wp-content\/uploads\/2025\/03\/andrade-150x150.png",150,150,true],"medium":["https:\/\/apuntesdesanluis.com\/wp-content\/uploads\/2025\/03\/andrade-300x204.png",300,204,true],"medium_large":["https:\/\/apuntesdesanluis.com\/wp-content\/uploads\/2025\/03\/andrade.png",534,363,false],"large":["https:\/\/apuntesdesanluis.com\/wp-content\/uploads\/2025\/03\/andrade.png",534,363,false],"1536x1536":["https:\/\/apuntesdesanluis.com\/wp-content\/uploads\/2025\/03\/andrade.png",534,363,false],"2048x2048":["https:\/\/apuntesdesanluis.com\/wp-content\/uploads\/2025\/03\/andrade.png",534,363,false],"newsever-slider-full":["https:\/\/apuntesdesanluis.com\/wp-content\/uploads\/2025\/03\/andrade.png",534,363,false],"newsever-featured":["https:\/\/apuntesdesanluis.com\/wp-content\/uploads\/2025\/03\/andrade.png",534,363,false],"newsever-medium":["https:\/\/apuntesdesanluis.com\/wp-content\/uploads\/2025\/03\/andrade.png",534,363,false]},"author_info":{"display_name":"apuntesdesanluis.com","author_link":"https:\/\/apuntesdesanluis.com\/index.php\/author\/apuntesdesanluis-com\/"},"category_info":"<a href=\"https:\/\/apuntesdesanluis.com\/index.php\/category\/nacionales-internacionales\/\" rel=\"category tag\">Nacionales\/Internacionales<\/a>","tag_info":"Nacionales\/Internacionales","comment_count":"0","_links":{"self":[{"href":"https:\/\/apuntesdesanluis.com\/index.php\/wp-json\/wp\/v2\/posts\/30470","targetHints":{"allow":["GET"]}}],"collection":[{"href":"https:\/\/apuntesdesanluis.com\/index.php\/wp-json\/wp\/v2\/posts"}],"about":[{"href":"https:\/\/apuntesdesanluis.com\/index.php\/wp-json\/wp\/v2\/types\/post"}],"author":[{"embeddable":true,"href":"https:\/\/apuntesdesanluis.com\/index.php\/wp-json\/wp\/v2\/users\/1"}],"replies":[{"embeddable":true,"href":"https:\/\/apuntesdesanluis.com\/index.php\/wp-json\/wp\/v2\/comments?post=30470"}],"version-history":[{"count":1,"href":"https:\/\/apuntesdesanluis.com\/index.php\/wp-json\/wp\/v2\/posts\/30470\/revisions"}],"predecessor-version":[{"id":30473,"href":"https:\/\/apuntesdesanluis.com\/index.php\/wp-json\/wp\/v2\/posts\/30470\/revisions\/30473"}],"wp:featuredmedia":[{"embeddable":true,"href":"https:\/\/apuntesdesanluis.com\/index.php\/wp-json\/wp\/v2\/media\/30471"}],"wp:attachment":[{"href":"https:\/\/apuntesdesanluis.com\/index.php\/wp-json\/wp\/v2\/media?parent=30470"}],"wp:term":[{"taxonomy":"category","embeddable":true,"href":"https:\/\/apuntesdesanluis.com\/index.php\/wp-json\/wp\/v2\/categories?post=30470"},{"taxonomy":"post_tag","embeddable":true,"href":"https:\/\/apuntesdesanluis.com\/index.php\/wp-json\/wp\/v2\/tags?post=30470"}],"curies":[{"name":"wp","href":"https:\/\/api.w.org\/{rel}","templated":true}]}}