{"id":30477,"date":"2025-03-15T19:49:22","date_gmt":"2025-03-15T22:49:22","guid":{"rendered":"https:\/\/apuntesdesanluis.com\/?p=30477"},"modified":"2025-03-16T17:33:02","modified_gmt":"2025-03-16T20:33:02","slug":"dia-historico-para-la-unvime-primera-egresada-en-medicina","status":"publish","type":"post","link":"https:\/\/apuntesdesanluis.com\/index.php\/2025\/03\/15\/dia-historico-para-la-unvime-primera-egresada-en-medicina\/","title":{"rendered":"D\u00cdA HIST\u00d3RICO PARA LA UNVIME: \u00a1PRIMERA EGRESADA EN MEDICINA!"},"content":{"rendered":"<h3>Este viernes <strong>Milagros Gonz\u00e1lez<\/strong> rindi\u00f3 su \u00faltima asignatura, \u201cCirug\u00eda General\u201d, y complet\u00f3 su trayecto acad\u00e9mico, transform\u00e1ndose en la primera egresada de la carrera de Medicina en la historia de la Universidad Nacional de Villa Mercedes.<\/h3>\n<h3>\u00a0\u201cDeseo expresar la felicitaci\u00f3n de nuestra universidad para Milagros, para su familia que est\u00e1 aqu\u00ed presente apoy\u00e1ndola como siempre, porque ella es el s\u00edmbolo del esfuerzo y la perseverancia. Producto, tambi\u00e9n, de la universidad p\u00fablica y de la comunidad de Villa Mercedes, que luch\u00f3 y pele\u00f3 para que existiera la UNViMe y tuviera Medicina en su propuesta acad\u00e9mica\u201d, se\u00f1al\u00f3 el rector <strong>Marcelo Sosa<\/strong>.<\/h3>\n<h3><img fetchpriority=\"high\" decoding=\"async\" class=\"wp-image-30479 aligncenter\" src=\"https:\/\/apuntesdesanluis.com\/wp-content\/uploads\/2025\/03\/RECTOR-MARCELO-SOSA-300x237.png\" alt=\"\" width=\"558\" height=\"441\" srcset=\"https:\/\/apuntesdesanluis.com\/wp-content\/uploads\/2025\/03\/RECTOR-MARCELO-SOSA-300x237.png 300w, https:\/\/apuntesdesanluis.com\/wp-content\/uploads\/2025\/03\/RECTOR-MARCELO-SOSA.png 618w\" sizes=\"(max-width: 558px) 100vw, 558px\" \/><\/h3>\n<h3>Estuvieron presentes tambi\u00e9n la directora de Escuela de Ciencias de la Salud <strong>Paola Mu\u00f1oz<\/strong>, el Coordinador de Medicina <strong>Pablo Angulo<\/strong>, docentes, familiares, compa\u00f1eros de estudio y personal del Hospital Juan Domingo Per\u00f3n, quienes felicitaron a \u201cPipi\u201d, como le dicen afectuosamente, y compartieron este especial momento para ella en t\u00e9rminos personales y para nuestra instituci\u00f3n, la ciudad de Villa Mercedes y la provincia de San Luis.<\/h3>\n<h3><img decoding=\"async\" class=\"wp-image-30480 aligncenter\" src=\"https:\/\/apuntesdesanluis.com\/wp-content\/uploads\/2025\/03\/PADRES-300x185.png\" alt=\"\" width=\"556\" height=\"343\" srcset=\"https:\/\/apuntesdesanluis.com\/wp-content\/uploads\/2025\/03\/PADRES-300x185.png 300w, https:\/\/apuntesdesanluis.com\/wp-content\/uploads\/2025\/03\/PADRES.png 547w\" sizes=\"(max-width: 556px) 100vw, 556px\" \/><\/h3>\n<h3>Milagros, de 24 a\u00f1os, es oriunda de la localidad de Winifreda, ubicada a 40 km de Santa Rosa (La Pampa). Estuvo acompa\u00f1ada por sus padres, dos de sus cinco hermanos, su novio y varios sobrinos, quienes la besaron y abrazaron emocionados por su logro acad\u00e9mico.<\/h3>\n<h3><img decoding=\"async\" class=\"wp-image-30483 aligncenter\" src=\"https:\/\/apuntesdesanluis.com\/wp-content\/uploads\/2025\/03\/AUTORIDADES-300x195.png\" alt=\"\" width=\"558\" height=\"363\" srcset=\"https:\/\/apuntesdesanluis.com\/wp-content\/uploads\/2025\/03\/AUTORIDADES-300x195.png 300w, https:\/\/apuntesdesanluis.com\/wp-content\/uploads\/2025\/03\/AUTORIDADES.png 674w\" sizes=\"(max-width: 558px) 100vw, 558px\" \/><\/h3>\n<h3>Tambi\u00e9n se acercaron a saludarla la directora del Hospital Juan Domingo Per\u00f3n, Dra. <strong>Berta Arenas<\/strong>, y profesionales del nosocomio que fueron docentes en diferentes asignaturas.<\/h3>\n<h3><img loading=\"lazy\" decoding=\"async\" class=\"wp-image-30482 aligncenter\" src=\"https:\/\/apuntesdesanluis.com\/wp-content\/uploads\/2025\/03\/COORDINADORES-300x183.png\" alt=\"\" width=\"556\" height=\"339\" srcset=\"https:\/\/apuntesdesanluis.com\/wp-content\/uploads\/2025\/03\/COORDINADORES-300x183.png 300w, https:\/\/apuntesdesanluis.com\/wp-content\/uploads\/2025\/03\/COORDINADORES.png 563w\" sizes=\"(max-width: 556px) 100vw, 556px\" \/><\/h3>\n<h4 style=\"text-align: center;\"><em>Dres. Humberto Llanos y Pablo Angulo.<\/em><\/h4>\n<h3>La flamante doctora rindi\u00f3 en el \u00e1rea de Cirug\u00eda del nosocomio regional, obtuvo la m\u00e1xima calificaci\u00f3n, y a partir de ahora comenzar\u00e1 a desarrollar las pr\u00e1cticas para completar su formaci\u00f3n profesional.<\/h3>\n<h3><img loading=\"lazy\" decoding=\"async\" class=\"wp-image-30481 aligncenter\" src=\"https:\/\/apuntesdesanluis.com\/wp-content\/uploads\/2025\/03\/MILAGROS-Y-EL-DIEZ-300x221.png\" alt=\"\" width=\"554\" height=\"408\" srcset=\"https:\/\/apuntesdesanluis.com\/wp-content\/uploads\/2025\/03\/MILAGROS-Y-EL-DIEZ-300x221.png 300w, https:\/\/apuntesdesanluis.com\/wp-content\/uploads\/2025\/03\/MILAGROS-Y-EL-DIEZ.png 545w\" sizes=\"(max-width: 554px) 100vw, 554px\" \/><\/h3>\n<h3>De la mesa examinadora particip\u00f3 un docente que tuvo a Milagros en primer a\u00f1o, el ex coordinador de la carrera, Dr. <strong>Humberto Llanos<\/strong>, visiblemente emocionado, quien expres\u00f3 que la ahora \u201ccolega\u201d fue su alumna en la c\u00e1tedra de Anatom\u00eda, la felicit\u00f3 por la feliz culminaci\u00f3n del trayecto acad\u00e9mico y extendi\u00f3 el reconocimiento al coordinador de la carrera, al cuerpo docente y la universidad como instituci\u00f3n formadora.<\/h3>\n<h3>\u201cEste es un d\u00eda de felicidad y celebraci\u00f3n. La universidad cumple con su principal funci\u00f3n, que es preparar profesionales que nuestra sociedad, la provincia, el pa\u00eds, necesitan. Felicito a nuestros docentes, coordinadores, la direcci\u00f3n de escuela, que son art\u00edfices fundamentales de este gran logro\u201d, sostuvo el rector Marcelo Sosa.<\/h3>\n<h3><img loading=\"lazy\" decoding=\"async\" class=\"wp-image-30484 aligncenter\" src=\"https:\/\/apuntesdesanluis.com\/wp-content\/uploads\/2025\/03\/MILAGROS-PARED-300x288.png\" alt=\"\" width=\"553\" height=\"531\" srcset=\"https:\/\/apuntesdesanluis.com\/wp-content\/uploads\/2025\/03\/MILAGROS-PARED-300x288.png 300w, https:\/\/apuntesdesanluis.com\/wp-content\/uploads\/2025\/03\/MILAGROS-PARED.png 627w\" sizes=\"(max-width: 553px) 100vw, 553px\" \/><\/h3>\n<h3>Compa\u00f1eros de la Dra. Milagros Gonz\u00e1lez pintaron sus manos, para que las estampara en una de las paredes del hall central del Hospital Juan Domingo Per\u00f3n, donde su pseud\u00f3nimo qued\u00f3 inscripto para la historia como la primera egresada de la carrera de Medicina de la Universidad Nacional de Villa Mercedes.<\/h3>\n<h3><img loading=\"lazy\" decoding=\"async\" class=\"wp-image-30485 aligncenter\" src=\"https:\/\/apuntesdesanluis.com\/wp-content\/uploads\/2025\/03\/grupal-300x178.png\" alt=\"\" width=\"554\" height=\"329\" srcset=\"https:\/\/apuntesdesanluis.com\/wp-content\/uploads\/2025\/03\/grupal-300x178.png 300w, https:\/\/apuntesdesanluis.com\/wp-content\/uploads\/2025\/03\/grupal.png 700w\" sizes=\"(max-width: 554px) 100vw, 554px\" \/><\/h3>\n<h3>Al salir a la explanada de ingreso al nosocomio, plena de felicidad, Milagros se someti\u00f3 al tradicional ritual, preparado por sus compa\u00f1eros, familiares y amigos: espuma, harina y huevos, para celebrar la exitosa coronaci\u00f3n.<\/h3>\n<p><img loading=\"lazy\" decoding=\"async\" class=\"wp-image-30486 aligncenter\" src=\"https:\/\/apuntesdesanluis.com\/wp-content\/uploads\/2025\/03\/MILAGROS-FESTEJANDO-300x223.png\" alt=\"\" width=\"553\" height=\"411\" srcset=\"https:\/\/apuntesdesanluis.com\/wp-content\/uploads\/2025\/03\/MILAGROS-FESTEJANDO-300x223.png 300w, https:\/\/apuntesdesanluis.com\/wp-content\/uploads\/2025\/03\/MILAGROS-FESTEJANDO.png 755w\" sizes=\"(max-width: 553px) 100vw, 553px\" \/><\/p>\n<p>&nbsp;<\/p>\n<p>&nbsp;<\/p>\n<p>&nbsp;<\/p>\n","protected":false},"excerpt":{"rendered":"<p>Este viernes Milagros Gonz\u00e1lez rindi\u00f3 su \u00faltima asignatura, \u201cCirug\u00eda General\u201d, y complet\u00f3 su trayecto acad\u00e9mico,&#8230;<\/p>\n","protected":false},"author":1,"featured_media":30478,"comment_status":"closed","ping_status":"closed","sticky":false,"template":"","format":"standard","meta":{"footnotes":""},"categories":[6],"tags":[],"class_list":["post-30477","post","type-post","status-publish","format-standard","has-post-thumbnail","hentry","category-ciudad-provincia"],"yoast_head":"<!-- This site is optimized with the Yoast SEO plugin v26.1.1 - https:\/\/yoast.com\/wordpress\/plugins\/seo\/ -->\n<title>D\u00cdA HIST\u00d3RICO PARA LA UNVIME: \u00a1PRIMERA EGRESADA EN MEDICINA! - Apuntes de San Luis<\/title>\n<meta name=\"robots\" content=\"index, follow, max-snippet:-1, max-image-preview:large, max-video-preview:-1\" \/>\n<link rel=\"canonical\" href=\"https:\/\/apuntesdesanluis.com\/index.php\/2025\/03\/15\/dia-historico-para-la-unvime-primera-egresada-en-medicina\/\" \/>\n<meta property=\"og:locale\" content=\"es_ES\" \/>\n<meta property=\"og:type\" content=\"article\" \/>\n<meta property=\"og:title\" content=\"D\u00cdA HIST\u00d3RICO PARA LA UNVIME: \u00a1PRIMERA EGRESADA EN MEDICINA! - Apuntes de San Luis\" \/>\n<meta property=\"og:description\" content=\"Este viernes Milagros Gonz\u00e1lez rindi\u00f3 su \u00faltima asignatura, \u201cCirug\u00eda General\u201d, y complet\u00f3 su trayecto acad\u00e9mico,...\" \/>\n<meta property=\"og:url\" content=\"https:\/\/apuntesdesanluis.com\/index.php\/2025\/03\/15\/dia-historico-para-la-unvime-primera-egresada-en-medicina\/\" \/>\n<meta property=\"og:site_name\" content=\"Apuntes de San Luis\" \/>\n<meta property=\"article:published_time\" content=\"2025-03-15T22:49:22+00:00\" \/>\n<meta property=\"article:modified_time\" content=\"2025-03-16T20:33:02+00:00\" \/>\n<meta property=\"og:image\" content=\"https:\/\/apuntesdesanluis.com\/wp-content\/uploads\/2025\/03\/MILAGROS-GONZALEZ-PORTADA.png\" \/>\n\t<meta property=\"og:image:width\" content=\"557\" \/>\n\t<meta property=\"og:image:height\" content=\"380\" \/>\n\t<meta property=\"og:image:type\" content=\"image\/png\" \/>\n<meta name=\"author\" content=\"apuntesdesanluis.com\" \/>\n<meta name=\"twitter:card\" content=\"summary_large_image\" \/>\n<meta name=\"twitter:label1\" content=\"Escrito por\" \/>\n\t<meta name=\"twitter:data1\" content=\"apuntesdesanluis.com\" \/>\n\t<meta name=\"twitter:label2\" content=\"Tiempo de lectura\" \/>\n\t<meta name=\"twitter:data2\" content=\"4 minutos\" \/>\n<script type=\"application\/ld+json\" class=\"yoast-schema-graph\">{\"@context\":\"https:\/\/schema.org\",\"@graph\":[{\"@type\":\"Article\",\"@id\":\"https:\/\/apuntesdesanluis.com\/index.php\/2025\/03\/15\/dia-historico-para-la-unvime-primera-egresada-en-medicina\/#article\",\"isPartOf\":{\"@id\":\"https:\/\/apuntesdesanluis.com\/index.php\/2025\/03\/15\/dia-historico-para-la-unvime-primera-egresada-en-medicina\/\"},\"author\":{\"name\":\"apuntesdesanluis.com\",\"@id\":\"https:\/\/apuntesdesanluis.com\/#\/schema\/person\/b55151d52296fcce64d1a72538a70b90\"},\"headline\":\"D\u00cdA HIST\u00d3RICO PARA LA UNVIME: \u00a1PRIMERA EGRESADA EN MEDICINA!\",\"datePublished\":\"2025-03-15T22:49:22+00:00\",\"dateModified\":\"2025-03-16T20:33:02+00:00\",\"mainEntityOfPage\":{\"@id\":\"https:\/\/apuntesdesanluis.com\/index.php\/2025\/03\/15\/dia-historico-para-la-unvime-primera-egresada-en-medicina\/\"},\"wordCount\":526,\"publisher\":{\"@id\":\"https:\/\/apuntesdesanluis.com\/#\/schema\/person\/b55151d52296fcce64d1a72538a70b90\"},\"image\":{\"@id\":\"https:\/\/apuntesdesanluis.com\/index.php\/2025\/03\/15\/dia-historico-para-la-unvime-primera-egresada-en-medicina\/#primaryimage\"},\"thumbnailUrl\":\"https:\/\/apuntesdesanluis.com\/wp-content\/uploads\/2025\/03\/MILAGROS-GONZALEZ-PORTADA.png\",\"articleSection\":[\"Ciudad\/Provincia\"],\"inLanguage\":\"es-AR\"},{\"@type\":\"WebPage\",\"@id\":\"https:\/\/apuntesdesanluis.com\/index.php\/2025\/03\/15\/dia-historico-para-la-unvime-primera-egresada-en-medicina\/\",\"url\":\"https:\/\/apuntesdesanluis.com\/index.php\/2025\/03\/15\/dia-historico-para-la-unvime-primera-egresada-en-medicina\/\",\"name\":\"D\u00cdA HIST\u00d3RICO PARA LA UNVIME: \u00a1PRIMERA EGRESADA EN MEDICINA! - Apuntes de San Luis\",\"isPartOf\":{\"@id\":\"https:\/\/apuntesdesanluis.com\/#website\"},\"primaryImageOfPage\":{\"@id\":\"https:\/\/apuntesdesanluis.com\/index.php\/2025\/03\/15\/dia-historico-para-la-unvime-primera-egresada-en-medicina\/#primaryimage\"},\"image\":{\"@id\":\"https:\/\/apuntesdesanluis.com\/index.php\/2025\/03\/15\/dia-historico-para-la-unvime-primera-egresada-en-medicina\/#primaryimage\"},\"thumbnailUrl\":\"https:\/\/apuntesdesanluis.com\/wp-content\/uploads\/2025\/03\/MILAGROS-GONZALEZ-PORTADA.png\",\"datePublished\":\"2025-03-15T22:49:22+00:00\",\"dateModified\":\"2025-03-16T20:33:02+00:00\",\"breadcrumb\":{\"@id\":\"https:\/\/apuntesdesanluis.com\/index.php\/2025\/03\/15\/dia-historico-para-la-unvime-primera-egresada-en-medicina\/#breadcrumb\"},\"inLanguage\":\"es-AR\",\"potentialAction\":[{\"@type\":\"ReadAction\",\"target\":[\"https:\/\/apuntesdesanluis.com\/index.php\/2025\/03\/15\/dia-historico-para-la-unvime-primera-egresada-en-medicina\/\"]}]},{\"@type\":\"ImageObject\",\"inLanguage\":\"es-AR\",\"@id\":\"https:\/\/apuntesdesanluis.com\/index.php\/2025\/03\/15\/dia-historico-para-la-unvime-primera-egresada-en-medicina\/#primaryimage\",\"url\":\"https:\/\/apuntesdesanluis.com\/wp-content\/uploads\/2025\/03\/MILAGROS-GONZALEZ-PORTADA.png\",\"contentUrl\":\"https:\/\/apuntesdesanluis.com\/wp-content\/uploads\/2025\/03\/MILAGROS-GONZALEZ-PORTADA.png\",\"width\":557,\"height\":380},{\"@type\":\"BreadcrumbList\",\"@id\":\"https:\/\/apuntesdesanluis.com\/index.php\/2025\/03\/15\/dia-historico-para-la-unvime-primera-egresada-en-medicina\/#breadcrumb\",\"itemListElement\":[{\"@type\":\"ListItem\",\"position\":1,\"name\":\"Inicio\",\"item\":\"https:\/\/apuntesdesanluis.com\/\"},{\"@type\":\"ListItem\",\"position\":2,\"name\":\"D\u00cdA HIST\u00d3RICO PARA LA UNVIME: \u00a1PRIMERA EGRESADA EN MEDICINA!\"}]},{\"@type\":\"WebSite\",\"@id\":\"https:\/\/apuntesdesanluis.com\/#website\",\"url\":\"https:\/\/apuntesdesanluis.com\/\",\"name\":\"Apuntes de San Luis\",\"description\":\"\",\"publisher\":{\"@id\":\"https:\/\/apuntesdesanluis.com\/#\/schema\/person\/b55151d52296fcce64d1a72538a70b90\"},\"potentialAction\":[{\"@type\":\"SearchAction\",\"target\":{\"@type\":\"EntryPoint\",\"urlTemplate\":\"https:\/\/apuntesdesanluis.com\/?s={search_term_string}\"},\"query-input\":{\"@type\":\"PropertyValueSpecification\",\"valueRequired\":true,\"valueName\":\"search_term_string\"}}],\"inLanguage\":\"es-AR\"},{\"@type\":[\"Person\",\"Organization\"],\"@id\":\"https:\/\/apuntesdesanluis.com\/#\/schema\/person\/b55151d52296fcce64d1a72538a70b90\",\"name\":\"apuntesdesanluis.com\",\"image\":{\"@type\":\"ImageObject\",\"inLanguage\":\"es-AR\",\"@id\":\"https:\/\/apuntesdesanluis.com\/#\/schema\/person\/image\/\",\"url\":\"https:\/\/apuntesdesanluis.com\/wp-content\/uploads\/2023\/07\/cropped-apuntesdesanluis.png\",\"contentUrl\":\"https:\/\/apuntesdesanluis.com\/wp-content\/uploads\/2023\/07\/cropped-apuntesdesanluis.png\",\"width\":450,\"height\":112,\"caption\":\"apuntesdesanluis.com\"},\"logo\":{\"@id\":\"https:\/\/apuntesdesanluis.com\/#\/schema\/person\/image\/\"},\"sameAs\":[\"https:\/\/apuntesdesanluis.com\"],\"url\":\"https:\/\/apuntesdesanluis.com\/index.php\/author\/apuntesdesanluis-com\/\"}]}<\/script>\n<!-- \/ Yoast SEO plugin. -->","yoast_head_json":{"title":"D\u00cdA HIST\u00d3RICO PARA LA UNVIME: \u00a1PRIMERA EGRESADA EN MEDICINA! - Apuntes de San Luis","robots":{"index":"index","follow":"follow","max-snippet":"max-snippet:-1","max-image-preview":"max-image-preview:large","max-video-preview":"max-video-preview:-1"},"canonical":"https:\/\/apuntesdesanluis.com\/index.php\/2025\/03\/15\/dia-historico-para-la-unvime-primera-egresada-en-medicina\/","og_locale":"es_ES","og_type":"article","og_title":"D\u00cdA HIST\u00d3RICO PARA LA UNVIME: \u00a1PRIMERA EGRESADA EN MEDICINA! - Apuntes de San Luis","og_description":"Este viernes Milagros Gonz\u00e1lez rindi\u00f3 su \u00faltima asignatura, \u201cCirug\u00eda General\u201d, y complet\u00f3 su trayecto acad\u00e9mico,...","og_url":"https:\/\/apuntesdesanluis.com\/index.php\/2025\/03\/15\/dia-historico-para-la-unvime-primera-egresada-en-medicina\/","og_site_name":"Apuntes de San Luis","article_published_time":"2025-03-15T22:49:22+00:00","article_modified_time":"2025-03-16T20:33:02+00:00","og_image":[{"width":557,"height":380,"url":"https:\/\/apuntesdesanluis.com\/wp-content\/uploads\/2025\/03\/MILAGROS-GONZALEZ-PORTADA.png","type":"image\/png"}],"author":"apuntesdesanluis.com","twitter_card":"summary_large_image","twitter_misc":{"Escrito por":"apuntesdesanluis.com","Tiempo de lectura":"4 minutos"},"schema":{"@context":"https:\/\/schema.org","@graph":[{"@type":"Article","@id":"https:\/\/apuntesdesanluis.com\/index.php\/2025\/03\/15\/dia-historico-para-la-unvime-primera-egresada-en-medicina\/#article","isPartOf":{"@id":"https:\/\/apuntesdesanluis.com\/index.php\/2025\/03\/15\/dia-historico-para-la-unvime-primera-egresada-en-medicina\/"},"author":{"name":"apuntesdesanluis.com","@id":"https:\/\/apuntesdesanluis.com\/#\/schema\/person\/b55151d52296fcce64d1a72538a70b90"},"headline":"D\u00cdA HIST\u00d3RICO PARA LA UNVIME: \u00a1PRIMERA EGRESADA EN MEDICINA!","datePublished":"2025-03-15T22:49:22+00:00","dateModified":"2025-03-16T20:33:02+00:00","mainEntityOfPage":{"@id":"https:\/\/apuntesdesanluis.com\/index.php\/2025\/03\/15\/dia-historico-para-la-unvime-primera-egresada-en-medicina\/"},"wordCount":526,"publisher":{"@id":"https:\/\/apuntesdesanluis.com\/#\/schema\/person\/b55151d52296fcce64d1a72538a70b90"},"image":{"@id":"https:\/\/apuntesdesanluis.com\/index.php\/2025\/03\/15\/dia-historico-para-la-unvime-primera-egresada-en-medicina\/#primaryimage"},"thumbnailUrl":"https:\/\/apuntesdesanluis.com\/wp-content\/uploads\/2025\/03\/MILAGROS-GONZALEZ-PORTADA.png","articleSection":["Ciudad\/Provincia"],"inLanguage":"es-AR"},{"@type":"WebPage","@id":"https:\/\/apuntesdesanluis.com\/index.php\/2025\/03\/15\/dia-historico-para-la-unvime-primera-egresada-en-medicina\/","url":"https:\/\/apuntesdesanluis.com\/index.php\/2025\/03\/15\/dia-historico-para-la-unvime-primera-egresada-en-medicina\/","name":"D\u00cdA HIST\u00d3RICO PARA LA UNVIME: \u00a1PRIMERA EGRESADA EN MEDICINA! - Apuntes de San Luis","isPartOf":{"@id":"https:\/\/apuntesdesanluis.com\/#website"},"primaryImageOfPage":{"@id":"https:\/\/apuntesdesanluis.com\/index.php\/2025\/03\/15\/dia-historico-para-la-unvime-primera-egresada-en-medicina\/#primaryimage"},"image":{"@id":"https:\/\/apuntesdesanluis.com\/index.php\/2025\/03\/15\/dia-historico-para-la-unvime-primera-egresada-en-medicina\/#primaryimage"},"thumbnailUrl":"https:\/\/apuntesdesanluis.com\/wp-content\/uploads\/2025\/03\/MILAGROS-GONZALEZ-PORTADA.png","datePublished":"2025-03-15T22:49:22+00:00","dateModified":"2025-03-16T20:33:02+00:00","breadcrumb":{"@id":"https:\/\/apuntesdesanluis.com\/index.php\/2025\/03\/15\/dia-historico-para-la-unvime-primera-egresada-en-medicina\/#breadcrumb"},"inLanguage":"es-AR","potentialAction":[{"@type":"ReadAction","target":["https:\/\/apuntesdesanluis.com\/index.php\/2025\/03\/15\/dia-historico-para-la-unvime-primera-egresada-en-medicina\/"]}]},{"@type":"ImageObject","inLanguage":"es-AR","@id":"https:\/\/apuntesdesanluis.com\/index.php\/2025\/03\/15\/dia-historico-para-la-unvime-primera-egresada-en-medicina\/#primaryimage","url":"https:\/\/apuntesdesanluis.com\/wp-content\/uploads\/2025\/03\/MILAGROS-GONZALEZ-PORTADA.png","contentUrl":"https:\/\/apuntesdesanluis.com\/wp-content\/uploads\/2025\/03\/MILAGROS-GONZALEZ-PORTADA.png","width":557,"height":380},{"@type":"BreadcrumbList","@id":"https:\/\/apuntesdesanluis.com\/index.php\/2025\/03\/15\/dia-historico-para-la-unvime-primera-egresada-en-medicina\/#breadcrumb","itemListElement":[{"@type":"ListItem","position":1,"name":"Inicio","item":"https:\/\/apuntesdesanluis.com\/"},{"@type":"ListItem","position":2,"name":"D\u00cdA HIST\u00d3RICO PARA LA UNVIME: \u00a1PRIMERA EGRESADA EN MEDICINA!"}]},{"@type":"WebSite","@id":"https:\/\/apuntesdesanluis.com\/#website","url":"https:\/\/apuntesdesanluis.com\/","name":"Apuntes de San Luis","description":"","publisher":{"@id":"https:\/\/apuntesdesanluis.com\/#\/schema\/person\/b55151d52296fcce64d1a72538a70b90"},"potentialAction":[{"@type":"SearchAction","target":{"@type":"EntryPoint","urlTemplate":"https:\/\/apuntesdesanluis.com\/?s={search_term_string}"},"query-input":{"@type":"PropertyValueSpecification","valueRequired":true,"valueName":"search_term_string"}}],"inLanguage":"es-AR"},{"@type":["Person","Organization"],"@id":"https:\/\/apuntesdesanluis.com\/#\/schema\/person\/b55151d52296fcce64d1a72538a70b90","name":"apuntesdesanluis.com","image":{"@type":"ImageObject","inLanguage":"es-AR","@id":"https:\/\/apuntesdesanluis.com\/#\/schema\/person\/image\/","url":"https:\/\/apuntesdesanluis.com\/wp-content\/uploads\/2023\/07\/cropped-apuntesdesanluis.png","contentUrl":"https:\/\/apuntesdesanluis.com\/wp-content\/uploads\/2023\/07\/cropped-apuntesdesanluis.png","width":450,"height":112,"caption":"apuntesdesanluis.com"},"logo":{"@id":"https:\/\/apuntesdesanluis.com\/#\/schema\/person\/image\/"},"sameAs":["https:\/\/apuntesdesanluis.com"],"url":"https:\/\/apuntesdesanluis.com\/index.php\/author\/apuntesdesanluis-com\/"}]}},"featured_image_urls":{"full":["https:\/\/apuntesdesanluis.com\/wp-content\/uploads\/2025\/03\/MILAGROS-GONZALEZ-PORTADA.png",557,380,false],"thumbnail":["https:\/\/apuntesdesanluis.com\/wp-content\/uploads\/2025\/03\/MILAGROS-GONZALEZ-PORTADA-150x150.png",150,150,true],"medium":["https:\/\/apuntesdesanluis.com\/wp-content\/uploads\/2025\/03\/MILAGROS-GONZALEZ-PORTADA-300x205.png",300,205,true],"medium_large":["https:\/\/apuntesdesanluis.com\/wp-content\/uploads\/2025\/03\/MILAGROS-GONZALEZ-PORTADA.png",557,380,false],"large":["https:\/\/apuntesdesanluis.com\/wp-content\/uploads\/2025\/03\/MILAGROS-GONZALEZ-PORTADA.png",557,380,false],"1536x1536":["https:\/\/apuntesdesanluis.com\/wp-content\/uploads\/2025\/03\/MILAGROS-GONZALEZ-PORTADA.png",557,380,false],"2048x2048":["https:\/\/apuntesdesanluis.com\/wp-content\/uploads\/2025\/03\/MILAGROS-GONZALEZ-PORTADA.png",557,380,false],"newsever-slider-full":["https:\/\/apuntesdesanluis.com\/wp-content\/uploads\/2025\/03\/MILAGROS-GONZALEZ-PORTADA.png",557,380,false],"newsever-featured":["https:\/\/apuntesdesanluis.com\/wp-content\/uploads\/2025\/03\/MILAGROS-GONZALEZ-PORTADA.png",557,380,false],"newsever-medium":["https:\/\/apuntesdesanluis.com\/wp-content\/uploads\/2025\/03\/MILAGROS-GONZALEZ-PORTADA.png",557,380,false]},"author_info":{"display_name":"apuntesdesanluis.com","author_link":"https:\/\/apuntesdesanluis.com\/index.php\/author\/apuntesdesanluis-com\/"},"category_info":"<a href=\"https:\/\/apuntesdesanluis.com\/index.php\/category\/ciudad-provincia\/\" rel=\"category tag\">Ciudad\/Provincia<\/a>","tag_info":"Ciudad\/Provincia","comment_count":"0","_links":{"self":[{"href":"https:\/\/apuntesdesanluis.com\/index.php\/wp-json\/wp\/v2\/posts\/30477","targetHints":{"allow":["GET"]}}],"collection":[{"href":"https:\/\/apuntesdesanluis.com\/index.php\/wp-json\/wp\/v2\/posts"}],"about":[{"href":"https:\/\/apuntesdesanluis.com\/index.php\/wp-json\/wp\/v2\/types\/post"}],"author":[{"embeddable":true,"href":"https:\/\/apuntesdesanluis.com\/index.php\/wp-json\/wp\/v2\/users\/1"}],"replies":[{"embeddable":true,"href":"https:\/\/apuntesdesanluis.com\/index.php\/wp-json\/wp\/v2\/comments?post=30477"}],"version-history":[{"count":4,"href":"https:\/\/apuntesdesanluis.com\/index.php\/wp-json\/wp\/v2\/posts\/30477\/revisions"}],"predecessor-version":[{"id":30514,"href":"https:\/\/apuntesdesanluis.com\/index.php\/wp-json\/wp\/v2\/posts\/30477\/revisions\/30514"}],"wp:featuredmedia":[{"embeddable":true,"href":"https:\/\/apuntesdesanluis.com\/index.php\/wp-json\/wp\/v2\/media\/30478"}],"wp:attachment":[{"href":"https:\/\/apuntesdesanluis.com\/index.php\/wp-json\/wp\/v2\/media?parent=30477"}],"wp:term":[{"taxonomy":"category","embeddable":true,"href":"https:\/\/apuntesdesanluis.com\/index.php\/wp-json\/wp\/v2\/categories?post=30477"},{"taxonomy":"post_tag","embeddable":true,"href":"https:\/\/apuntesdesanluis.com\/index.php\/wp-json\/wp\/v2\/tags?post=30477"}],"curies":[{"name":"wp","href":"https:\/\/api.w.org\/{rel}","templated":true}]}}