{"id":30494,"date":"2025-03-15T20:43:42","date_gmt":"2025-03-15T23:43:42","guid":{"rendered":"https:\/\/apuntesdesanluis.com\/?p=30494"},"modified":"2025-03-15T20:43:42","modified_gmt":"2025-03-15T23:43:42","slug":"caso-molino-fenix-imputacion-y-embargo-millonario-a-joaquin-beltran-y-anabela-lucero","status":"publish","type":"post","link":"https:\/\/apuntesdesanluis.com\/index.php\/2025\/03\/15\/caso-molino-fenix-imputacion-y-embargo-millonario-a-joaquin-beltran-y-anabela-lucero\/","title":{"rendered":"CASO MOLINO F\u00c9NIX: IMPUTACI\u00d3N Y EMBARGO MILLONARIO A JOAQU\u00cdN BELTR\u00c1N Y ANABELA LUCERO"},"content":{"rendered":"<h3>Fue la resoluci\u00f3n judicial que se dio a conocer al t\u00e9rmino de la audiencia de formulaci\u00f3n de cargos que se realiz\u00f3 este viernes, en marco de la causa donde se investiga la comisi\u00f3n de posibles hechos delictivos en la <strong>Casa de la M\u00fasica del Molino F\u00e9nix<\/strong> de Villa Mercedes.<\/h3>\n<h3>La audiencia, que se extendi\u00f3 por m\u00e1s de cinco horas, se desarroll\u00f3 en la Sala de\u00a0 Audiencias del\u00a0 Juzgado de Garant\u00eda N\u00ba 4, dirigido por el Dr. Santiago Ortiz. Como Secretaria intervino la Dra. Daniela L\u00f3pez Martin.<\/h3>\n<h3>En primer lugar, en representaci\u00f3n del Ministerio P\u00fablico Fiscal, el Dr. <strong>Jos\u00e9 Olgu\u00edn<\/strong> \u2013Fiscal de Instrucci\u00f3n N\u00ba 3- relat\u00f3 los hechos investigados y en cada uno de ellos mencion\u00f3 la evidencia.<\/h3>\n<p><img fetchpriority=\"high\" decoding=\"async\" class=\"alignnone  wp-image-30495\" src=\"https:\/\/apuntesdesanluis.com\/wp-content\/uploads\/2025\/03\/santiago-ortiz-300x155.png\" alt=\"\" width=\"658\" height=\"340\" srcset=\"https:\/\/apuntesdesanluis.com\/wp-content\/uploads\/2025\/03\/santiago-ortiz-300x155.png 300w, https:\/\/apuntesdesanluis.com\/wp-content\/uploads\/2025\/03\/santiago-ortiz.png 700w\" sizes=\"(max-width: 658px) 100vw, 658px\" \/><\/p>\n<h3>El primer hecho relatado por Fiscal\u00eda, ocurri\u00f3 el 15 de junio de 2023 en Casa de la M\u00fasica entre las 22hs y 00hs. En ese momento, Beltr\u00e1n y Torres en colaboraci\u00f3n con otras personas, se habr\u00edan apersonado en el lugar y habr\u00edan reunido muebles que fueron cargados en una camioneta y trasladados hacia la sede partidaria de la Sra. Lucero.<\/h3>\n<h3>El segundo hecho sucedi\u00f3 -seg\u00fan el relato de Fiscal\u00eda- el 27 de noviembre de 2023 cuando el Sr. Scarel se habr\u00eda apersonado en la Casa de la M\u00fasica y sustra\u00eddo elementos.<\/h3>\n<h3>El Fiscal Olgu\u00edn relat\u00f3 que el tercer hecho ocurri\u00f3 el 9 de diciembre de 2023 entre las 11:00 y las 18:00 hs cuando los cinco imputados se habr\u00edan apersonado en Casa de la M\u00fasica y se habr\u00edan apoderado de documentaci\u00f3n y elementos del teatro, describi\u00f3 que para lograrlo habr\u00edan roto y forzado puertas y cajones.<\/h3>\n<h3>Mientras que, como cuarto hecho mencion\u00f3 la utilizaci\u00f3n de elementos o bienes en beneficio privado y de terceros en relaci\u00f3n al servicio de hoteler\u00eda con el que cuenta el complejo y que est\u00e1 destinado al alojamiento de m\u00fasicos y artistas.<\/h3>\n<h3>El quinto hecho se produjo cuando hubo gastos de carga de combustibles de otras personas, dichas autorizaciones estuvieron a cargo de Beltr\u00e1n quien era el encargado de la administraci\u00f3n del complejo.<\/h3>\n<h3>Tambi\u00e9n describi\u00f3 como un sexto hecho que se hicieron uso de bienes, personal e instalaciones de Casa de la M\u00fasica a los fines de financiar la campa\u00f1a pol\u00edtica de la Sra. Lucero.<\/h3>\n<p><img decoding=\"async\" class=\"wp-image-28743 aligncenter\" src=\"https:\/\/apuntesdesanluis.com\/wp-content\/uploads\/2025\/02\/anabela-lucero-300x181.png\" alt=\"\" width=\"640\" height=\"386\" srcset=\"https:\/\/apuntesdesanluis.com\/wp-content\/uploads\/2025\/02\/anabela-lucero-300x181.png 300w, https:\/\/apuntesdesanluis.com\/wp-content\/uploads\/2025\/02\/anabela-lucero.png 649w\" sizes=\"(max-width: 640px) 100vw, 640px\" \/><\/p>\n<h3>El s\u00e9ptimo hecho, relat\u00f3 la Fiscal\u00eda, sucedi\u00f3 cuando se hicieron uso de los automotores destinados a actividades del complejo para fines pol\u00edticos y partidarios.<\/h3>\n<h3>El Fiscal adem\u00e1s formul\u00f3 cargos por otros tres hechos m\u00e1s denunciados como, la compra de elementos que se utilizaron en la campa\u00f1a\u00a0 con fondos del Molino F\u00e9nix, el pago de servicios de traslados de personas y militantes a diferentes puntos de la provincia, y la contrataci\u00f3n de seguros para la sede partidaria.<\/h3>\n<h3>El Ministerio P\u00fablico Fiscal, formul\u00f3 cargos por distintos delitos: peculado, administraci\u00f3n fraudulenta, robo en poblado y en banda, malversaci\u00f3n de fondos p\u00fablicos y abuso de autoridad.<\/h3>\n<h3>El Dr. Flavio \u00c1vila quien intervino en representaci\u00f3n de Fiscal\u00eda de Estado como Querellante, adhiri\u00f3 al planteamiento del Ministerio P\u00fablico Fiscal en relaci\u00f3n a los hechos que se investigan, a la evidencia y a los delitos endilgados.<\/h3>\n<h3>A continuaci\u00f3n, Joaqu\u00edn Beltr\u00e1n declar\u00f3 y dio su versi\u00f3n de los hechos, de la funci\u00f3n que cumpl\u00eda en el complejo y de las actividades que se realizaban, los otros imputados no declararon en esta instancia.<\/h3>\n<h3>Luego de un cuarto intermedio, la Defensa de los imputados tom\u00f3 la palabra.<\/h3>\n<h3>La Dra. Cecilia Mithiaux se opuso a la formulaci\u00f3n de cargos, dijo que no existen elementos de convicci\u00f3n suficientes para sostener la imputaci\u00f3n de su defendido. En el mismo sentido lo hizo la Dra. Ximena Bertoli quien solicit\u00f3 que se rechace la formulaci\u00f3n de cargos porque no surge la conducta t\u00edpica para atribuirle dichos delitos, describi\u00f3 el contexto de su defendido y pidi\u00f3 que se apliquen los principios de legalidad y de inocencia.<\/h3>\n<h3>A su vez, la Dra. P\u00e1ez pidi\u00f3 que se rechace la formulaci\u00f3n y adhiri\u00f3 a lo manifestado por Bertoli en relaci\u00f3n al contexto de donde fueron recabadas algunas evidencias, expres\u00f3 que no se entiende cu\u00e1les son los elementos objetivos para que se le imputen dichos delitos.<\/h3>\n<h3>Por otra parte, los Dres. Cobo y Estrada rechazaron las imputaciones y plantearon una nulidad por indeterminaci\u00f3n de la formulaci\u00f3n de cargos, adhirieron a las posturas de las otras defensoras.<\/h3>\n<h3>Luego de un cuarto intermedio, el Dr. Santiago Ortiz \u2013Juez de Garant\u00eda N\u00b0 4- rechaz\u00f3 la formulaci\u00f3n de cargos en relaci\u00f3n al delito de poblado y en banda y admiti\u00f3 la imputaci\u00f3n para:<\/h3>\n<ul>\n<li>\n<h3><strong>Joaqu\u00edn Beltr\u00e1n:<\/strong> por los delitos de peculado, administraci\u00f3n fraudulenta, abuso de autoridad y malversaci\u00f3n de caudales p\u00fablicos.<\/h3>\n<\/li>\n<li>\n<h3><strong>Diego Torres:<\/strong> peculado y administraci\u00f3n fraudulenta.<\/h3>\n<\/li>\n<li>\n<h3><strong>Ezequiel Scarel:<\/strong> peculado y administraci\u00f3n fraudulenta.<\/h3>\n<\/li>\n<li>\n<h3><strong>Enzo Lucero:<\/strong> peculado y administraci\u00f3n fraudulenta.<\/h3>\n<\/li>\n<li>\n<h3><strong>Anabela Lucero:<\/strong> Peculado, administraci\u00f3n fraudulenta, malversaci\u00f3n caudales p\u00fablicos y abuso de autoridad.<\/h3>\n<\/li>\n<\/ul>\n<h3>La Dra. Bertoli solicit\u00f3 una revocatoria que el Juez no hizo lugar. La Dra. Mithiaux plante\u00f3 una revocatoria con apelaci\u00f3n en subsidio, la Dra. P\u00e1ez una reserva de apelaci\u00f3n y los Dres. Estrada y Cobo tambi\u00e9n.<\/h3>\n<h3>Por otra parte, el Dr. Flavio \u00c1vila hizo reserva de apelar el rechazo de la formulaci\u00f3n de cargos en relaci\u00f3n al delito de robo en poblado y en banda, la Fiscal\u00eda adhiri\u00f3.<\/h3>\n<h3><strong>MEDIDAS CAUTELARES<\/strong><\/h3>\n<h3>La Fiscal\u00eda solicit\u00f3 una serie de medidas a los fines de evitar el peligro procesal y para asegurar el proceso, prohibici\u00f3n de acercamiento a testigos y al \u00e1mbito del Molino F\u00e9nix, prohibici\u00f3n de salir de la provincia y del pa\u00eds \u2013con entrega de pasaporte- firma del libro en fiscal\u00eda cada quince d\u00edas, embargo de 300 millones de pesos e inhibici\u00f3n de bienes.<\/h3>\n<h3>La Querella adhiri\u00f3 y los representantes de los imputados se opusieron, argumentando su posici\u00f3n.<\/h3>\n<h3>Luego de un cuarto intermedio, a las 18 hs el Juez emiti\u00f3 su resoluci\u00f3n, orden\u00f3 como medida por el t\u00e9rmino de cuatro meses: la firma del libro ante fiscal\u00eda del 1 al 10 de cada mes, una prohibici\u00f3n de acercamiento al Complejo Molino F\u00e9nix, a la Casa de la M\u00fasica, al museo Jos\u00e9 Mar\u00eda Gatica y al Sum Eva Per\u00f3n, una prohibici\u00f3n de salir del pa\u00eds sin autorizaci\u00f3n judicial, el embargo preventivo por la suma de 300 millones de pesos y la inhibici\u00f3n de bienes. Por otra parte, rechaz\u00f3 la prohibici\u00f3n de acercamiento a los testigos por falta de especificidad.<\/h3>\n<h3>Los representantes de la Defensa de todos los imputados, solicitaron la revisi\u00f3n de la medida, lo que deber\u00e1 ser resuelto por el Tribunal de Impugnaciones.<\/h3>\n<h3>\u00a0En representaci\u00f3n del Ministerio P\u00fablico Fiscal intervinieron, el Dr. Jos\u00e9 Olgu\u00edn \u2013Fiscal de Instrucci\u00f3n N\u00ba 3- el Dr. Marcelo Palacio Fern\u00e1ndez \u2013Fiscal Adjunto-. En representaci\u00f3n de Ezequiel Scarel, Enzo Lucero y Diego Torres, actuaron las Dras. Cecilia Mithiaux, Noelia P\u00e1ez, Ximena Bertoli y Silvia Moran\u00a0 y los Dres. Gonzalo Estrada y Carlos Cobo, en representaci\u00f3n de la Defensa de Joaqu\u00edn Beltr\u00e1n y Anabela Lucero. El Dr. Flavio \u00c1vila intervino en representaci\u00f3n de Fiscal\u00eda de Estado como Querellante. Tambi\u00e9n estuvo presente el Comisario Inspector Pedernera.<\/h3>\n<h3><\/h3>\n<h3><\/h3>\n<p>&nbsp;<\/p>\n","protected":false},"excerpt":{"rendered":"<p>Fue la resoluci\u00f3n judicial que se dio a conocer al t\u00e9rmino de la audiencia de&#8230;<\/p>\n","protected":false},"author":1,"featured_media":25330,"comment_status":"closed","ping_status":"closed","sticky":false,"template":"","format":"standard","meta":{"footnotes":""},"categories":[6],"tags":[],"class_list":["post-30494","post","type-post","status-publish","format-standard","has-post-thumbnail","hentry","category-ciudad-provincia"],"yoast_head":"<!-- This site is optimized with the Yoast SEO plugin v26.1.1 - https:\/\/yoast.com\/wordpress\/plugins\/seo\/ -->\n<title>CASO MOLINO F\u00c9NIX: IMPUTACI\u00d3N Y EMBARGO MILLONARIO A JOAQU\u00cdN BELTR\u00c1N Y ANABELA LUCERO - Apuntes de San Luis<\/title>\n<meta name=\"robots\" content=\"index, follow, max-snippet:-1, max-image-preview:large, max-video-preview:-1\" \/>\n<link rel=\"canonical\" href=\"https:\/\/apuntesdesanluis.com\/index.php\/2025\/03\/15\/caso-molino-fenix-imputacion-y-embargo-millonario-a-joaquin-beltran-y-anabela-lucero\/\" \/>\n<meta property=\"og:locale\" content=\"es_ES\" \/>\n<meta property=\"og:type\" content=\"article\" \/>\n<meta property=\"og:title\" content=\"CASO MOLINO F\u00c9NIX: IMPUTACI\u00d3N Y EMBARGO MILLONARIO A JOAQU\u00cdN BELTR\u00c1N Y ANABELA LUCERO - Apuntes de San Luis\" \/>\n<meta property=\"og:description\" content=\"Fue la resoluci\u00f3n judicial que se dio a conocer al t\u00e9rmino de la audiencia de...\" \/>\n<meta property=\"og:url\" content=\"https:\/\/apuntesdesanluis.com\/index.php\/2025\/03\/15\/caso-molino-fenix-imputacion-y-embargo-millonario-a-joaquin-beltran-y-anabela-lucero\/\" \/>\n<meta property=\"og:site_name\" content=\"Apuntes de San Luis\" \/>\n<meta property=\"article:published_time\" content=\"2025-03-15T23:43:42+00:00\" \/>\n<meta property=\"og:image\" content=\"https:\/\/apuntesdesanluis.com\/wp-content\/uploads\/2024\/11\/joaquin-beltran-y-anabela-lucero.png\" \/>\n\t<meta property=\"og:image:width\" content=\"958\" \/>\n\t<meta property=\"og:image:height\" content=\"611\" \/>\n\t<meta property=\"og:image:type\" content=\"image\/png\" \/>\n<meta name=\"author\" content=\"apuntesdesanluis.com\" \/>\n<meta name=\"twitter:card\" content=\"summary_large_image\" \/>\n<meta name=\"twitter:label1\" content=\"Escrito por\" \/>\n\t<meta name=\"twitter:data1\" content=\"apuntesdesanluis.com\" \/>\n\t<meta name=\"twitter:label2\" content=\"Tiempo de lectura\" \/>\n\t<meta name=\"twitter:data2\" content=\"6 minutos\" \/>\n<script type=\"application\/ld+json\" class=\"yoast-schema-graph\">{\"@context\":\"https:\/\/schema.org\",\"@graph\":[{\"@type\":\"Article\",\"@id\":\"https:\/\/apuntesdesanluis.com\/index.php\/2025\/03\/15\/caso-molino-fenix-imputacion-y-embargo-millonario-a-joaquin-beltran-y-anabela-lucero\/#article\",\"isPartOf\":{\"@id\":\"https:\/\/apuntesdesanluis.com\/index.php\/2025\/03\/15\/caso-molino-fenix-imputacion-y-embargo-millonario-a-joaquin-beltran-y-anabela-lucero\/\"},\"author\":{\"name\":\"apuntesdesanluis.com\",\"@id\":\"https:\/\/apuntesdesanluis.com\/#\/schema\/person\/b55151d52296fcce64d1a72538a70b90\"},\"headline\":\"CASO MOLINO F\u00c9NIX: IMPUTACI\u00d3N Y EMBARGO MILLONARIO A JOAQU\u00cdN BELTR\u00c1N Y ANABELA LUCERO\",\"datePublished\":\"2025-03-15T23:43:42+00:00\",\"mainEntityOfPage\":{\"@id\":\"https:\/\/apuntesdesanluis.com\/index.php\/2025\/03\/15\/caso-molino-fenix-imputacion-y-embargo-millonario-a-joaquin-beltran-y-anabela-lucero\/\"},\"wordCount\":1272,\"publisher\":{\"@id\":\"https:\/\/apuntesdesanluis.com\/#\/schema\/person\/b55151d52296fcce64d1a72538a70b90\"},\"image\":{\"@id\":\"https:\/\/apuntesdesanluis.com\/index.php\/2025\/03\/15\/caso-molino-fenix-imputacion-y-embargo-millonario-a-joaquin-beltran-y-anabela-lucero\/#primaryimage\"},\"thumbnailUrl\":\"https:\/\/apuntesdesanluis.com\/wp-content\/uploads\/2024\/11\/joaquin-beltran-y-anabela-lucero.png\",\"articleSection\":[\"Ciudad\/Provincia\"],\"inLanguage\":\"es-AR\"},{\"@type\":\"WebPage\",\"@id\":\"https:\/\/apuntesdesanluis.com\/index.php\/2025\/03\/15\/caso-molino-fenix-imputacion-y-embargo-millonario-a-joaquin-beltran-y-anabela-lucero\/\",\"url\":\"https:\/\/apuntesdesanluis.com\/index.php\/2025\/03\/15\/caso-molino-fenix-imputacion-y-embargo-millonario-a-joaquin-beltran-y-anabela-lucero\/\",\"name\":\"CASO MOLINO F\u00c9NIX: IMPUTACI\u00d3N Y EMBARGO MILLONARIO A JOAQU\u00cdN BELTR\u00c1N Y ANABELA LUCERO - Apuntes de San Luis\",\"isPartOf\":{\"@id\":\"https:\/\/apuntesdesanluis.com\/#website\"},\"primaryImageOfPage\":{\"@id\":\"https:\/\/apuntesdesanluis.com\/index.php\/2025\/03\/15\/caso-molino-fenix-imputacion-y-embargo-millonario-a-joaquin-beltran-y-anabela-lucero\/#primaryimage\"},\"image\":{\"@id\":\"https:\/\/apuntesdesanluis.com\/index.php\/2025\/03\/15\/caso-molino-fenix-imputacion-y-embargo-millonario-a-joaquin-beltran-y-anabela-lucero\/#primaryimage\"},\"thumbnailUrl\":\"https:\/\/apuntesdesanluis.com\/wp-content\/uploads\/2024\/11\/joaquin-beltran-y-anabela-lucero.png\",\"datePublished\":\"2025-03-15T23:43:42+00:00\",\"breadcrumb\":{\"@id\":\"https:\/\/apuntesdesanluis.com\/index.php\/2025\/03\/15\/caso-molino-fenix-imputacion-y-embargo-millonario-a-joaquin-beltran-y-anabela-lucero\/#breadcrumb\"},\"inLanguage\":\"es-AR\",\"potentialAction\":[{\"@type\":\"ReadAction\",\"target\":[\"https:\/\/apuntesdesanluis.com\/index.php\/2025\/03\/15\/caso-molino-fenix-imputacion-y-embargo-millonario-a-joaquin-beltran-y-anabela-lucero\/\"]}]},{\"@type\":\"ImageObject\",\"inLanguage\":\"es-AR\",\"@id\":\"https:\/\/apuntesdesanluis.com\/index.php\/2025\/03\/15\/caso-molino-fenix-imputacion-y-embargo-millonario-a-joaquin-beltran-y-anabela-lucero\/#primaryimage\",\"url\":\"https:\/\/apuntesdesanluis.com\/wp-content\/uploads\/2024\/11\/joaquin-beltran-y-anabela-lucero.png\",\"contentUrl\":\"https:\/\/apuntesdesanluis.com\/wp-content\/uploads\/2024\/11\/joaquin-beltran-y-anabela-lucero.png\",\"width\":958,\"height\":611},{\"@type\":\"BreadcrumbList\",\"@id\":\"https:\/\/apuntesdesanluis.com\/index.php\/2025\/03\/15\/caso-molino-fenix-imputacion-y-embargo-millonario-a-joaquin-beltran-y-anabela-lucero\/#breadcrumb\",\"itemListElement\":[{\"@type\":\"ListItem\",\"position\":1,\"name\":\"Inicio\",\"item\":\"https:\/\/apuntesdesanluis.com\/\"},{\"@type\":\"ListItem\",\"position\":2,\"name\":\"CASO MOLINO F\u00c9NIX: IMPUTACI\u00d3N Y EMBARGO MILLONARIO A JOAQU\u00cdN BELTR\u00c1N Y ANABELA LUCERO\"}]},{\"@type\":\"WebSite\",\"@id\":\"https:\/\/apuntesdesanluis.com\/#website\",\"url\":\"https:\/\/apuntesdesanluis.com\/\",\"name\":\"Apuntes de San Luis\",\"description\":\"\",\"publisher\":{\"@id\":\"https:\/\/apuntesdesanluis.com\/#\/schema\/person\/b55151d52296fcce64d1a72538a70b90\"},\"potentialAction\":[{\"@type\":\"SearchAction\",\"target\":{\"@type\":\"EntryPoint\",\"urlTemplate\":\"https:\/\/apuntesdesanluis.com\/?s={search_term_string}\"},\"query-input\":{\"@type\":\"PropertyValueSpecification\",\"valueRequired\":true,\"valueName\":\"search_term_string\"}}],\"inLanguage\":\"es-AR\"},{\"@type\":[\"Person\",\"Organization\"],\"@id\":\"https:\/\/apuntesdesanluis.com\/#\/schema\/person\/b55151d52296fcce64d1a72538a70b90\",\"name\":\"apuntesdesanluis.com\",\"image\":{\"@type\":\"ImageObject\",\"inLanguage\":\"es-AR\",\"@id\":\"https:\/\/apuntesdesanluis.com\/#\/schema\/person\/image\/\",\"url\":\"https:\/\/apuntesdesanluis.com\/wp-content\/uploads\/2023\/07\/cropped-apuntesdesanluis.png\",\"contentUrl\":\"https:\/\/apuntesdesanluis.com\/wp-content\/uploads\/2023\/07\/cropped-apuntesdesanluis.png\",\"width\":450,\"height\":112,\"caption\":\"apuntesdesanluis.com\"},\"logo\":{\"@id\":\"https:\/\/apuntesdesanluis.com\/#\/schema\/person\/image\/\"},\"sameAs\":[\"https:\/\/apuntesdesanluis.com\"],\"url\":\"https:\/\/apuntesdesanluis.com\/index.php\/author\/apuntesdesanluis-com\/\"}]}<\/script>\n<!-- \/ Yoast SEO plugin. -->","yoast_head_json":{"title":"CASO MOLINO F\u00c9NIX: IMPUTACI\u00d3N Y EMBARGO MILLONARIO A JOAQU\u00cdN BELTR\u00c1N Y ANABELA LUCERO - Apuntes de San Luis","robots":{"index":"index","follow":"follow","max-snippet":"max-snippet:-1","max-image-preview":"max-image-preview:large","max-video-preview":"max-video-preview:-1"},"canonical":"https:\/\/apuntesdesanluis.com\/index.php\/2025\/03\/15\/caso-molino-fenix-imputacion-y-embargo-millonario-a-joaquin-beltran-y-anabela-lucero\/","og_locale":"es_ES","og_type":"article","og_title":"CASO MOLINO F\u00c9NIX: IMPUTACI\u00d3N Y EMBARGO MILLONARIO A JOAQU\u00cdN BELTR\u00c1N Y ANABELA LUCERO - Apuntes de San Luis","og_description":"Fue la resoluci\u00f3n judicial que se dio a conocer al t\u00e9rmino de la audiencia de...","og_url":"https:\/\/apuntesdesanluis.com\/index.php\/2025\/03\/15\/caso-molino-fenix-imputacion-y-embargo-millonario-a-joaquin-beltran-y-anabela-lucero\/","og_site_name":"Apuntes de San Luis","article_published_time":"2025-03-15T23:43:42+00:00","og_image":[{"width":958,"height":611,"url":"https:\/\/apuntesdesanluis.com\/wp-content\/uploads\/2024\/11\/joaquin-beltran-y-anabela-lucero.png","type":"image\/png"}],"author":"apuntesdesanluis.com","twitter_card":"summary_large_image","twitter_misc":{"Escrito por":"apuntesdesanluis.com","Tiempo de lectura":"6 minutos"},"schema":{"@context":"https:\/\/schema.org","@graph":[{"@type":"Article","@id":"https:\/\/apuntesdesanluis.com\/index.php\/2025\/03\/15\/caso-molino-fenix-imputacion-y-embargo-millonario-a-joaquin-beltran-y-anabela-lucero\/#article","isPartOf":{"@id":"https:\/\/apuntesdesanluis.com\/index.php\/2025\/03\/15\/caso-molino-fenix-imputacion-y-embargo-millonario-a-joaquin-beltran-y-anabela-lucero\/"},"author":{"name":"apuntesdesanluis.com","@id":"https:\/\/apuntesdesanluis.com\/#\/schema\/person\/b55151d52296fcce64d1a72538a70b90"},"headline":"CASO MOLINO F\u00c9NIX: IMPUTACI\u00d3N Y EMBARGO MILLONARIO A JOAQU\u00cdN BELTR\u00c1N Y ANABELA LUCERO","datePublished":"2025-03-15T23:43:42+00:00","mainEntityOfPage":{"@id":"https:\/\/apuntesdesanluis.com\/index.php\/2025\/03\/15\/caso-molino-fenix-imputacion-y-embargo-millonario-a-joaquin-beltran-y-anabela-lucero\/"},"wordCount":1272,"publisher":{"@id":"https:\/\/apuntesdesanluis.com\/#\/schema\/person\/b55151d52296fcce64d1a72538a70b90"},"image":{"@id":"https:\/\/apuntesdesanluis.com\/index.php\/2025\/03\/15\/caso-molino-fenix-imputacion-y-embargo-millonario-a-joaquin-beltran-y-anabela-lucero\/#primaryimage"},"thumbnailUrl":"https:\/\/apuntesdesanluis.com\/wp-content\/uploads\/2024\/11\/joaquin-beltran-y-anabela-lucero.png","articleSection":["Ciudad\/Provincia"],"inLanguage":"es-AR"},{"@type":"WebPage","@id":"https:\/\/apuntesdesanluis.com\/index.php\/2025\/03\/15\/caso-molino-fenix-imputacion-y-embargo-millonario-a-joaquin-beltran-y-anabela-lucero\/","url":"https:\/\/apuntesdesanluis.com\/index.php\/2025\/03\/15\/caso-molino-fenix-imputacion-y-embargo-millonario-a-joaquin-beltran-y-anabela-lucero\/","name":"CASO MOLINO F\u00c9NIX: IMPUTACI\u00d3N Y EMBARGO MILLONARIO A JOAQU\u00cdN BELTR\u00c1N Y ANABELA LUCERO - Apuntes de San Luis","isPartOf":{"@id":"https:\/\/apuntesdesanluis.com\/#website"},"primaryImageOfPage":{"@id":"https:\/\/apuntesdesanluis.com\/index.php\/2025\/03\/15\/caso-molino-fenix-imputacion-y-embargo-millonario-a-joaquin-beltran-y-anabela-lucero\/#primaryimage"},"image":{"@id":"https:\/\/apuntesdesanluis.com\/index.php\/2025\/03\/15\/caso-molino-fenix-imputacion-y-embargo-millonario-a-joaquin-beltran-y-anabela-lucero\/#primaryimage"},"thumbnailUrl":"https:\/\/apuntesdesanluis.com\/wp-content\/uploads\/2024\/11\/joaquin-beltran-y-anabela-lucero.png","datePublished":"2025-03-15T23:43:42+00:00","breadcrumb":{"@id":"https:\/\/apuntesdesanluis.com\/index.php\/2025\/03\/15\/caso-molino-fenix-imputacion-y-embargo-millonario-a-joaquin-beltran-y-anabela-lucero\/#breadcrumb"},"inLanguage":"es-AR","potentialAction":[{"@type":"ReadAction","target":["https:\/\/apuntesdesanluis.com\/index.php\/2025\/03\/15\/caso-molino-fenix-imputacion-y-embargo-millonario-a-joaquin-beltran-y-anabela-lucero\/"]}]},{"@type":"ImageObject","inLanguage":"es-AR","@id":"https:\/\/apuntesdesanluis.com\/index.php\/2025\/03\/15\/caso-molino-fenix-imputacion-y-embargo-millonario-a-joaquin-beltran-y-anabela-lucero\/#primaryimage","url":"https:\/\/apuntesdesanluis.com\/wp-content\/uploads\/2024\/11\/joaquin-beltran-y-anabela-lucero.png","contentUrl":"https:\/\/apuntesdesanluis.com\/wp-content\/uploads\/2024\/11\/joaquin-beltran-y-anabela-lucero.png","width":958,"height":611},{"@type":"BreadcrumbList","@id":"https:\/\/apuntesdesanluis.com\/index.php\/2025\/03\/15\/caso-molino-fenix-imputacion-y-embargo-millonario-a-joaquin-beltran-y-anabela-lucero\/#breadcrumb","itemListElement":[{"@type":"ListItem","position":1,"name":"Inicio","item":"https:\/\/apuntesdesanluis.com\/"},{"@type":"ListItem","position":2,"name":"CASO MOLINO F\u00c9NIX: IMPUTACI\u00d3N Y EMBARGO MILLONARIO A JOAQU\u00cdN BELTR\u00c1N Y ANABELA LUCERO"}]},{"@type":"WebSite","@id":"https:\/\/apuntesdesanluis.com\/#website","url":"https:\/\/apuntesdesanluis.com\/","name":"Apuntes de San Luis","description":"","publisher":{"@id":"https:\/\/apuntesdesanluis.com\/#\/schema\/person\/b55151d52296fcce64d1a72538a70b90"},"potentialAction":[{"@type":"SearchAction","target":{"@type":"EntryPoint","urlTemplate":"https:\/\/apuntesdesanluis.com\/?s={search_term_string}"},"query-input":{"@type":"PropertyValueSpecification","valueRequired":true,"valueName":"search_term_string"}}],"inLanguage":"es-AR"},{"@type":["Person","Organization"],"@id":"https:\/\/apuntesdesanluis.com\/#\/schema\/person\/b55151d52296fcce64d1a72538a70b90","name":"apuntesdesanluis.com","image":{"@type":"ImageObject","inLanguage":"es-AR","@id":"https:\/\/apuntesdesanluis.com\/#\/schema\/person\/image\/","url":"https:\/\/apuntesdesanluis.com\/wp-content\/uploads\/2023\/07\/cropped-apuntesdesanluis.png","contentUrl":"https:\/\/apuntesdesanluis.com\/wp-content\/uploads\/2023\/07\/cropped-apuntesdesanluis.png","width":450,"height":112,"caption":"apuntesdesanluis.com"},"logo":{"@id":"https:\/\/apuntesdesanluis.com\/#\/schema\/person\/image\/"},"sameAs":["https:\/\/apuntesdesanluis.com"],"url":"https:\/\/apuntesdesanluis.com\/index.php\/author\/apuntesdesanluis-com\/"}]}},"featured_image_urls":{"full":["https:\/\/apuntesdesanluis.com\/wp-content\/uploads\/2024\/11\/joaquin-beltran-y-anabela-lucero.png",958,611,false],"thumbnail":["https:\/\/apuntesdesanluis.com\/wp-content\/uploads\/2024\/11\/joaquin-beltran-y-anabela-lucero-150x150.png",150,150,true],"medium":["https:\/\/apuntesdesanluis.com\/wp-content\/uploads\/2024\/11\/joaquin-beltran-y-anabela-lucero-300x191.png",300,191,true],"medium_large":["https:\/\/apuntesdesanluis.com\/wp-content\/uploads\/2024\/11\/joaquin-beltran-y-anabela-lucero-768x490.png",640,408,true],"large":["https:\/\/apuntesdesanluis.com\/wp-content\/uploads\/2024\/11\/joaquin-beltran-y-anabela-lucero.png",640,408,false],"1536x1536":["https:\/\/apuntesdesanluis.com\/wp-content\/uploads\/2024\/11\/joaquin-beltran-y-anabela-lucero.png",958,611,false],"2048x2048":["https:\/\/apuntesdesanluis.com\/wp-content\/uploads\/2024\/11\/joaquin-beltran-y-anabela-lucero.png",958,611,false],"newsever-slider-full":["https:\/\/apuntesdesanluis.com\/wp-content\/uploads\/2024\/11\/joaquin-beltran-y-anabela-lucero.png",958,611,false],"newsever-featured":["https:\/\/apuntesdesanluis.com\/wp-content\/uploads\/2024\/11\/joaquin-beltran-y-anabela-lucero.png",958,611,false],"newsever-medium":["https:\/\/apuntesdesanluis.com\/wp-content\/uploads\/2024\/11\/joaquin-beltran-y-anabela-lucero-720x475.png",720,475,true]},"author_info":{"display_name":"apuntesdesanluis.com","author_link":"https:\/\/apuntesdesanluis.com\/index.php\/author\/apuntesdesanluis-com\/"},"category_info":"<a href=\"https:\/\/apuntesdesanluis.com\/index.php\/category\/ciudad-provincia\/\" rel=\"category tag\">Ciudad\/Provincia<\/a>","tag_info":"Ciudad\/Provincia","comment_count":"0","_links":{"self":[{"href":"https:\/\/apuntesdesanluis.com\/index.php\/wp-json\/wp\/v2\/posts\/30494","targetHints":{"allow":["GET"]}}],"collection":[{"href":"https:\/\/apuntesdesanluis.com\/index.php\/wp-json\/wp\/v2\/posts"}],"about":[{"href":"https:\/\/apuntesdesanluis.com\/index.php\/wp-json\/wp\/v2\/types\/post"}],"author":[{"embeddable":true,"href":"https:\/\/apuntesdesanluis.com\/index.php\/wp-json\/wp\/v2\/users\/1"}],"replies":[{"embeddable":true,"href":"https:\/\/apuntesdesanluis.com\/index.php\/wp-json\/wp\/v2\/comments?post=30494"}],"version-history":[{"count":1,"href":"https:\/\/apuntesdesanluis.com\/index.php\/wp-json\/wp\/v2\/posts\/30494\/revisions"}],"predecessor-version":[{"id":30496,"href":"https:\/\/apuntesdesanluis.com\/index.php\/wp-json\/wp\/v2\/posts\/30494\/revisions\/30496"}],"wp:featuredmedia":[{"embeddable":true,"href":"https:\/\/apuntesdesanluis.com\/index.php\/wp-json\/wp\/v2\/media\/25330"}],"wp:attachment":[{"href":"https:\/\/apuntesdesanluis.com\/index.php\/wp-json\/wp\/v2\/media?parent=30494"}],"wp:term":[{"taxonomy":"category","embeddable":true,"href":"https:\/\/apuntesdesanluis.com\/index.php\/wp-json\/wp\/v2\/categories?post=30494"},{"taxonomy":"post_tag","embeddable":true,"href":"https:\/\/apuntesdesanluis.com\/index.php\/wp-json\/wp\/v2\/tags?post=30494"}],"curies":[{"name":"wp","href":"https:\/\/api.w.org\/{rel}","templated":true}]}}