{"id":30502,"date":"2025-03-15T22:02:01","date_gmt":"2025-03-16T01:02:01","guid":{"rendered":"https:\/\/apuntesdesanluis.com\/?p=30502"},"modified":"2025-03-15T22:02:01","modified_gmt":"2025-03-16T01:02:01","slug":"javier-milei-mantiene-la-visita-oficial-a-israel-a-pesar-de-la-crisis-local","status":"publish","type":"post","link":"https:\/\/apuntesdesanluis.com\/index.php\/2025\/03\/15\/javier-milei-mantiene-la-visita-oficial-a-israel-a-pesar-de-la-crisis-local\/","title":{"rendered":"JAVIER MILEI MANTIENE LA VISITA OFICIAL A ISRAEL A PESAR DE LA CRISIS LOCAL"},"content":{"rendered":"<h3>Fren\u00f3 una gira por Madrid por lo sucedido esta semana en Buenos Aires, pero sigue en pie la segunda parte, concentrada en un encuentro bilateral con su par <strong>Benjamin Netanyahu<\/strong>. Quiere capitalizar la sanci\u00f3n del Juicio en ausencia.<\/h3>\n<h3>El presidente <strong>Javier Milei<\/strong> viajar\u00e1 el pr\u00f3ximo fin de semana a Israel. Lo espera una agenda de cuatro d\u00edas y mantendr\u00e1 una serie de encuentros, entre ellos, uno con su par Benjamin Netanyahu, atravesado por la creciente fragilidad del cese al fuego con Hamas.<\/h3>\n<h3>El mandatario argentino concretar\u00e1 desde el s\u00e1bado su primera visita oficial al estado hebreo. Por ahora, el viaje est\u00e1 en pie aunque la Casa Rosada no brinda mayores precisiones porque la previa de la traves\u00eda no viene f\u00e1cil. Estuvo cargada de problemas para Milei. Lo oblig\u00f3 a aferrarse a la agenda de seguridad de la ministra Patricia Bullrich, al punto de suspender la escala que ten\u00eda prevista en Madrid.<\/h3>\n<h3>En la capital espa\u00f1ola esperaba recibir el premio \u201cEscuela de Salamanca\u201d el pr\u00f3ximo 21 de marzo, en donde adem\u00e1s se ver\u00eda con referentes de la derecha local.<\/h3>\n<h3>La distinci\u00f3n que iba a recibir es otorgada por \u201cEl Club de los Viernes\u201d, un think tank liberal con sede en distintos pa\u00edses, pero con origen en Espa\u00f1a.<\/h3>\n<h3>La visita a la pen\u00ednsula ib\u00e9rica iba a suceder d\u00edas antes del arribo a Israel. El foro espa\u00f1ol anunci\u00f3 ayer en sus redes la suspensi\u00f3n del acto.<\/h3>\n<h3>Seg\u00fan explicaron fuentes del Gobierno, los actos vand\u00e1licos y el accionar \u201csedicioso\u201d de los manifestantes frente al Congreso y a la Casa de Gobierno el mi\u00e9rcoles pasado obligaron al Presidente a dar de baja la visita.<\/h3>\n<h3>De esa manera, el Presidente acotar\u00e1 su agenda internacional, pero no dejar\u00e1 de poner un pie en el pa\u00eds de Medio Oriente justo en momentos en los que se atraviesa una tambaleante tregua con la organizaci\u00f3n terrorista Hamas, luego de la guerra desatada tras el ataque del 7 de octubre de 2023.<\/h3>\n<h3>En ese marco se espera que firme junto al premier israel\u00ed un memor\u00e1ndum de entendimiento para avanzar en la lucha y el combate contra el terrorismo. La visita de Milei a Israel se dar\u00e1 luego de que el Congreso argentino haya aprobado la denominada ley de \u201cJuicio en ausencia\u201d.<\/h3>\n<h3>En la pr\u00e1ctica, se trata de la modificaci\u00f3n al C\u00f3digo Penal que permitir\u00e1 juzgar a los acusados del atentado a la AMIA sin que estos, est\u00e9n presentes en el pa\u00eds. El gesto es, en s\u00ed mismo, una nueva y potente diferenciaci\u00f3n con Cristina Kirchner.<\/h3>\n<h3>Milei viajar\u00e1 acompa\u00f1ado por su hermana, la Secretaria General, Karina Milei, el canciller, Gerardo Werthein, y el rabino argentino ante Israel, Axel Wanish, quien adem\u00e1s, es gu\u00eda espiritual del jefe de Estado y ha sugerido en m\u00e1s de una ocasi\u00f3n la intenci\u00f3n de la Casa Rosada de trasladar la embajada argentina a la ciudad santa de Jerusal\u00e9n. El traslado de la embajada argentina a Jerusal\u00e9n, abrir\u00eda problemas diplom\u00e1ticos con el mundo \u00e1rabe e ir\u00eda en contra de la posici\u00f3n hist\u00f3rica argentina.<\/h3>\n<h3>La visita a Israel reforzar\u00e1 los alineamientos internacionales de la Casa Rosada, en momento donde Milei es uno de los principales aliados del presidente de los Estados Unidos, Donald Trump. Le dar\u00e1 nuevo impulso al v\u00ednculo con el pa\u00eds de Medio Oriente, pero no se prev\u00e9 que reporte avances en materia econ\u00f3mica. Israel no figura siquiera entre los principales veinte socios comerciales de la Argentina durante el 2024 y el objetivo de la visita no es comercial, sino pol\u00edtico y diplom\u00e1tico.<\/h3>\n<h3>La defensa de Israel y el alineamiento absoluto detr\u00e1s de Washington en el tablero internacional forman parte de la inserci\u00f3n que Milei pens\u00f3 para la Argentina, y que no sufrir\u00e1 modificaciones. Ello se ha visto reflejado en muchas de las votaciones que la Argentina ha sostenido en organismos internacionales como la ONU.<\/h3>\n<h3>Milei recibir\u00e1 \u201cThe Genesis Prize\u201d en su versi\u00f3n 2025. Es conocido como el \u201cPremio Nobel Jud\u00edo\u201d. El mismo fue anunciado el pasado 14 de enero. Es la primera vez que el premio ser\u00e1 otorgado a un jefe de Estado. Habitualmente se le entrega a personalidades de la cultura, como el director cinematogr\u00e1fico Steven Spielberg.<\/h3>\n<h3><\/h3>\n<h3><\/h3>\n<p>&nbsp;<\/p>\n","protected":false},"excerpt":{"rendered":"<p>Fren\u00f3 una gira por Madrid por lo sucedido esta semana en Buenos Aires, pero sigue&#8230;<\/p>\n","protected":false},"author":1,"featured_media":30503,"comment_status":"closed","ping_status":"closed","sticky":false,"template":"","format":"standard","meta":{"footnotes":""},"categories":[5],"tags":[],"class_list":["post-30502","post","type-post","status-publish","format-standard","has-post-thumbnail","hentry","category-nacionales-internacionales"],"yoast_head":"<!-- This site is optimized with the Yoast SEO plugin v26.1.1 - https:\/\/yoast.com\/wordpress\/plugins\/seo\/ -->\n<title>JAVIER MILEI MANTIENE LA VISITA OFICIAL A ISRAEL A PESAR DE LA CRISIS LOCAL - Apuntes de San Luis<\/title>\n<meta name=\"robots\" content=\"index, follow, max-snippet:-1, max-image-preview:large, max-video-preview:-1\" \/>\n<link rel=\"canonical\" href=\"https:\/\/apuntesdesanluis.com\/index.php\/2025\/03\/15\/javier-milei-mantiene-la-visita-oficial-a-israel-a-pesar-de-la-crisis-local\/\" \/>\n<meta property=\"og:locale\" content=\"es_ES\" \/>\n<meta property=\"og:type\" content=\"article\" \/>\n<meta property=\"og:title\" content=\"JAVIER MILEI MANTIENE LA VISITA OFICIAL A ISRAEL A PESAR DE LA CRISIS LOCAL - Apuntes de San Luis\" \/>\n<meta property=\"og:description\" content=\"Fren\u00f3 una gira por Madrid por lo sucedido esta semana en Buenos Aires, pero sigue...\" \/>\n<meta property=\"og:url\" content=\"https:\/\/apuntesdesanluis.com\/index.php\/2025\/03\/15\/javier-milei-mantiene-la-visita-oficial-a-israel-a-pesar-de-la-crisis-local\/\" \/>\n<meta property=\"og:site_name\" content=\"Apuntes de San Luis\" \/>\n<meta property=\"article:published_time\" content=\"2025-03-16T01:02:01+00:00\" \/>\n<meta property=\"og:image\" content=\"https:\/\/apuntesdesanluis.com\/wp-content\/uploads\/2025\/03\/MILEI-1.png\" \/>\n\t<meta property=\"og:image:width\" content=\"707\" \/>\n\t<meta property=\"og:image:height\" content=\"428\" \/>\n\t<meta property=\"og:image:type\" content=\"image\/png\" \/>\n<meta name=\"author\" content=\"apuntesdesanluis.com\" \/>\n<meta name=\"twitter:card\" content=\"summary_large_image\" \/>\n<meta name=\"twitter:label1\" content=\"Escrito por\" \/>\n\t<meta name=\"twitter:data1\" content=\"apuntesdesanluis.com\" \/>\n\t<meta name=\"twitter:label2\" content=\"Tiempo de lectura\" \/>\n\t<meta name=\"twitter:data2\" content=\"4 minutos\" \/>\n<script type=\"application\/ld+json\" class=\"yoast-schema-graph\">{\"@context\":\"https:\/\/schema.org\",\"@graph\":[{\"@type\":\"Article\",\"@id\":\"https:\/\/apuntesdesanluis.com\/index.php\/2025\/03\/15\/javier-milei-mantiene-la-visita-oficial-a-israel-a-pesar-de-la-crisis-local\/#article\",\"isPartOf\":{\"@id\":\"https:\/\/apuntesdesanluis.com\/index.php\/2025\/03\/15\/javier-milei-mantiene-la-visita-oficial-a-israel-a-pesar-de-la-crisis-local\/\"},\"author\":{\"name\":\"apuntesdesanluis.com\",\"@id\":\"https:\/\/apuntesdesanluis.com\/#\/schema\/person\/b55151d52296fcce64d1a72538a70b90\"},\"headline\":\"JAVIER MILEI MANTIENE LA VISITA OFICIAL A ISRAEL A PESAR DE LA CRISIS LOCAL\",\"datePublished\":\"2025-03-16T01:02:01+00:00\",\"mainEntityOfPage\":{\"@id\":\"https:\/\/apuntesdesanluis.com\/index.php\/2025\/03\/15\/javier-milei-mantiene-la-visita-oficial-a-israel-a-pesar-de-la-crisis-local\/\"},\"wordCount\":745,\"publisher\":{\"@id\":\"https:\/\/apuntesdesanluis.com\/#\/schema\/person\/b55151d52296fcce64d1a72538a70b90\"},\"image\":{\"@id\":\"https:\/\/apuntesdesanluis.com\/index.php\/2025\/03\/15\/javier-milei-mantiene-la-visita-oficial-a-israel-a-pesar-de-la-crisis-local\/#primaryimage\"},\"thumbnailUrl\":\"https:\/\/apuntesdesanluis.com\/wp-content\/uploads\/2025\/03\/MILEI-1.png\",\"articleSection\":[\"Nacionales\/Internacionales\"],\"inLanguage\":\"es-AR\"},{\"@type\":\"WebPage\",\"@id\":\"https:\/\/apuntesdesanluis.com\/index.php\/2025\/03\/15\/javier-milei-mantiene-la-visita-oficial-a-israel-a-pesar-de-la-crisis-local\/\",\"url\":\"https:\/\/apuntesdesanluis.com\/index.php\/2025\/03\/15\/javier-milei-mantiene-la-visita-oficial-a-israel-a-pesar-de-la-crisis-local\/\",\"name\":\"JAVIER MILEI MANTIENE LA VISITA OFICIAL A ISRAEL A PESAR DE LA CRISIS LOCAL - Apuntes de San Luis\",\"isPartOf\":{\"@id\":\"https:\/\/apuntesdesanluis.com\/#website\"},\"primaryImageOfPage\":{\"@id\":\"https:\/\/apuntesdesanluis.com\/index.php\/2025\/03\/15\/javier-milei-mantiene-la-visita-oficial-a-israel-a-pesar-de-la-crisis-local\/#primaryimage\"},\"image\":{\"@id\":\"https:\/\/apuntesdesanluis.com\/index.php\/2025\/03\/15\/javier-milei-mantiene-la-visita-oficial-a-israel-a-pesar-de-la-crisis-local\/#primaryimage\"},\"thumbnailUrl\":\"https:\/\/apuntesdesanluis.com\/wp-content\/uploads\/2025\/03\/MILEI-1.png\",\"datePublished\":\"2025-03-16T01:02:01+00:00\",\"breadcrumb\":{\"@id\":\"https:\/\/apuntesdesanluis.com\/index.php\/2025\/03\/15\/javier-milei-mantiene-la-visita-oficial-a-israel-a-pesar-de-la-crisis-local\/#breadcrumb\"},\"inLanguage\":\"es-AR\",\"potentialAction\":[{\"@type\":\"ReadAction\",\"target\":[\"https:\/\/apuntesdesanluis.com\/index.php\/2025\/03\/15\/javier-milei-mantiene-la-visita-oficial-a-israel-a-pesar-de-la-crisis-local\/\"]}]},{\"@type\":\"ImageObject\",\"inLanguage\":\"es-AR\",\"@id\":\"https:\/\/apuntesdesanluis.com\/index.php\/2025\/03\/15\/javier-milei-mantiene-la-visita-oficial-a-israel-a-pesar-de-la-crisis-local\/#primaryimage\",\"url\":\"https:\/\/apuntesdesanluis.com\/wp-content\/uploads\/2025\/03\/MILEI-1.png\",\"contentUrl\":\"https:\/\/apuntesdesanluis.com\/wp-content\/uploads\/2025\/03\/MILEI-1.png\",\"width\":707,\"height\":428},{\"@type\":\"BreadcrumbList\",\"@id\":\"https:\/\/apuntesdesanluis.com\/index.php\/2025\/03\/15\/javier-milei-mantiene-la-visita-oficial-a-israel-a-pesar-de-la-crisis-local\/#breadcrumb\",\"itemListElement\":[{\"@type\":\"ListItem\",\"position\":1,\"name\":\"Inicio\",\"item\":\"https:\/\/apuntesdesanluis.com\/\"},{\"@type\":\"ListItem\",\"position\":2,\"name\":\"JAVIER MILEI MANTIENE LA VISITA OFICIAL A ISRAEL A PESAR DE LA CRISIS LOCAL\"}]},{\"@type\":\"WebSite\",\"@id\":\"https:\/\/apuntesdesanluis.com\/#website\",\"url\":\"https:\/\/apuntesdesanluis.com\/\",\"name\":\"Apuntes de San Luis\",\"description\":\"\",\"publisher\":{\"@id\":\"https:\/\/apuntesdesanluis.com\/#\/schema\/person\/b55151d52296fcce64d1a72538a70b90\"},\"potentialAction\":[{\"@type\":\"SearchAction\",\"target\":{\"@type\":\"EntryPoint\",\"urlTemplate\":\"https:\/\/apuntesdesanluis.com\/?s={search_term_string}\"},\"query-input\":{\"@type\":\"PropertyValueSpecification\",\"valueRequired\":true,\"valueName\":\"search_term_string\"}}],\"inLanguage\":\"es-AR\"},{\"@type\":[\"Person\",\"Organization\"],\"@id\":\"https:\/\/apuntesdesanluis.com\/#\/schema\/person\/b55151d52296fcce64d1a72538a70b90\",\"name\":\"apuntesdesanluis.com\",\"image\":{\"@type\":\"ImageObject\",\"inLanguage\":\"es-AR\",\"@id\":\"https:\/\/apuntesdesanluis.com\/#\/schema\/person\/image\/\",\"url\":\"https:\/\/apuntesdesanluis.com\/wp-content\/uploads\/2023\/07\/cropped-apuntesdesanluis.png\",\"contentUrl\":\"https:\/\/apuntesdesanluis.com\/wp-content\/uploads\/2023\/07\/cropped-apuntesdesanluis.png\",\"width\":450,\"height\":112,\"caption\":\"apuntesdesanluis.com\"},\"logo\":{\"@id\":\"https:\/\/apuntesdesanluis.com\/#\/schema\/person\/image\/\"},\"sameAs\":[\"https:\/\/apuntesdesanluis.com\"],\"url\":\"https:\/\/apuntesdesanluis.com\/index.php\/author\/apuntesdesanluis-com\/\"}]}<\/script>\n<!-- \/ Yoast SEO plugin. -->","yoast_head_json":{"title":"JAVIER MILEI MANTIENE LA VISITA OFICIAL A ISRAEL A PESAR DE LA CRISIS LOCAL - Apuntes de San Luis","robots":{"index":"index","follow":"follow","max-snippet":"max-snippet:-1","max-image-preview":"max-image-preview:large","max-video-preview":"max-video-preview:-1"},"canonical":"https:\/\/apuntesdesanluis.com\/index.php\/2025\/03\/15\/javier-milei-mantiene-la-visita-oficial-a-israel-a-pesar-de-la-crisis-local\/","og_locale":"es_ES","og_type":"article","og_title":"JAVIER MILEI MANTIENE LA VISITA OFICIAL A ISRAEL A PESAR DE LA CRISIS LOCAL - Apuntes de San Luis","og_description":"Fren\u00f3 una gira por Madrid por lo sucedido esta semana en Buenos Aires, pero sigue...","og_url":"https:\/\/apuntesdesanluis.com\/index.php\/2025\/03\/15\/javier-milei-mantiene-la-visita-oficial-a-israel-a-pesar-de-la-crisis-local\/","og_site_name":"Apuntes de San Luis","article_published_time":"2025-03-16T01:02:01+00:00","og_image":[{"width":707,"height":428,"url":"https:\/\/apuntesdesanluis.com\/wp-content\/uploads\/2025\/03\/MILEI-1.png","type":"image\/png"}],"author":"apuntesdesanluis.com","twitter_card":"summary_large_image","twitter_misc":{"Escrito por":"apuntesdesanluis.com","Tiempo de lectura":"4 minutos"},"schema":{"@context":"https:\/\/schema.org","@graph":[{"@type":"Article","@id":"https:\/\/apuntesdesanluis.com\/index.php\/2025\/03\/15\/javier-milei-mantiene-la-visita-oficial-a-israel-a-pesar-de-la-crisis-local\/#article","isPartOf":{"@id":"https:\/\/apuntesdesanluis.com\/index.php\/2025\/03\/15\/javier-milei-mantiene-la-visita-oficial-a-israel-a-pesar-de-la-crisis-local\/"},"author":{"name":"apuntesdesanluis.com","@id":"https:\/\/apuntesdesanluis.com\/#\/schema\/person\/b55151d52296fcce64d1a72538a70b90"},"headline":"JAVIER MILEI MANTIENE LA VISITA OFICIAL A ISRAEL A PESAR DE LA CRISIS LOCAL","datePublished":"2025-03-16T01:02:01+00:00","mainEntityOfPage":{"@id":"https:\/\/apuntesdesanluis.com\/index.php\/2025\/03\/15\/javier-milei-mantiene-la-visita-oficial-a-israel-a-pesar-de-la-crisis-local\/"},"wordCount":745,"publisher":{"@id":"https:\/\/apuntesdesanluis.com\/#\/schema\/person\/b55151d52296fcce64d1a72538a70b90"},"image":{"@id":"https:\/\/apuntesdesanluis.com\/index.php\/2025\/03\/15\/javier-milei-mantiene-la-visita-oficial-a-israel-a-pesar-de-la-crisis-local\/#primaryimage"},"thumbnailUrl":"https:\/\/apuntesdesanluis.com\/wp-content\/uploads\/2025\/03\/MILEI-1.png","articleSection":["Nacionales\/Internacionales"],"inLanguage":"es-AR"},{"@type":"WebPage","@id":"https:\/\/apuntesdesanluis.com\/index.php\/2025\/03\/15\/javier-milei-mantiene-la-visita-oficial-a-israel-a-pesar-de-la-crisis-local\/","url":"https:\/\/apuntesdesanluis.com\/index.php\/2025\/03\/15\/javier-milei-mantiene-la-visita-oficial-a-israel-a-pesar-de-la-crisis-local\/","name":"JAVIER MILEI MANTIENE LA VISITA OFICIAL A ISRAEL A PESAR DE LA CRISIS LOCAL - Apuntes de San Luis","isPartOf":{"@id":"https:\/\/apuntesdesanluis.com\/#website"},"primaryImageOfPage":{"@id":"https:\/\/apuntesdesanluis.com\/index.php\/2025\/03\/15\/javier-milei-mantiene-la-visita-oficial-a-israel-a-pesar-de-la-crisis-local\/#primaryimage"},"image":{"@id":"https:\/\/apuntesdesanluis.com\/index.php\/2025\/03\/15\/javier-milei-mantiene-la-visita-oficial-a-israel-a-pesar-de-la-crisis-local\/#primaryimage"},"thumbnailUrl":"https:\/\/apuntesdesanluis.com\/wp-content\/uploads\/2025\/03\/MILEI-1.png","datePublished":"2025-03-16T01:02:01+00:00","breadcrumb":{"@id":"https:\/\/apuntesdesanluis.com\/index.php\/2025\/03\/15\/javier-milei-mantiene-la-visita-oficial-a-israel-a-pesar-de-la-crisis-local\/#breadcrumb"},"inLanguage":"es-AR","potentialAction":[{"@type":"ReadAction","target":["https:\/\/apuntesdesanluis.com\/index.php\/2025\/03\/15\/javier-milei-mantiene-la-visita-oficial-a-israel-a-pesar-de-la-crisis-local\/"]}]},{"@type":"ImageObject","inLanguage":"es-AR","@id":"https:\/\/apuntesdesanluis.com\/index.php\/2025\/03\/15\/javier-milei-mantiene-la-visita-oficial-a-israel-a-pesar-de-la-crisis-local\/#primaryimage","url":"https:\/\/apuntesdesanluis.com\/wp-content\/uploads\/2025\/03\/MILEI-1.png","contentUrl":"https:\/\/apuntesdesanluis.com\/wp-content\/uploads\/2025\/03\/MILEI-1.png","width":707,"height":428},{"@type":"BreadcrumbList","@id":"https:\/\/apuntesdesanluis.com\/index.php\/2025\/03\/15\/javier-milei-mantiene-la-visita-oficial-a-israel-a-pesar-de-la-crisis-local\/#breadcrumb","itemListElement":[{"@type":"ListItem","position":1,"name":"Inicio","item":"https:\/\/apuntesdesanluis.com\/"},{"@type":"ListItem","position":2,"name":"JAVIER MILEI MANTIENE LA VISITA OFICIAL A ISRAEL A PESAR DE LA CRISIS LOCAL"}]},{"@type":"WebSite","@id":"https:\/\/apuntesdesanluis.com\/#website","url":"https:\/\/apuntesdesanluis.com\/","name":"Apuntes de San Luis","description":"","publisher":{"@id":"https:\/\/apuntesdesanluis.com\/#\/schema\/person\/b55151d52296fcce64d1a72538a70b90"},"potentialAction":[{"@type":"SearchAction","target":{"@type":"EntryPoint","urlTemplate":"https:\/\/apuntesdesanluis.com\/?s={search_term_string}"},"query-input":{"@type":"PropertyValueSpecification","valueRequired":true,"valueName":"search_term_string"}}],"inLanguage":"es-AR"},{"@type":["Person","Organization"],"@id":"https:\/\/apuntesdesanluis.com\/#\/schema\/person\/b55151d52296fcce64d1a72538a70b90","name":"apuntesdesanluis.com","image":{"@type":"ImageObject","inLanguage":"es-AR","@id":"https:\/\/apuntesdesanluis.com\/#\/schema\/person\/image\/","url":"https:\/\/apuntesdesanluis.com\/wp-content\/uploads\/2023\/07\/cropped-apuntesdesanluis.png","contentUrl":"https:\/\/apuntesdesanluis.com\/wp-content\/uploads\/2023\/07\/cropped-apuntesdesanluis.png","width":450,"height":112,"caption":"apuntesdesanluis.com"},"logo":{"@id":"https:\/\/apuntesdesanluis.com\/#\/schema\/person\/image\/"},"sameAs":["https:\/\/apuntesdesanluis.com"],"url":"https:\/\/apuntesdesanluis.com\/index.php\/author\/apuntesdesanluis-com\/"}]}},"featured_image_urls":{"full":["https:\/\/apuntesdesanluis.com\/wp-content\/uploads\/2025\/03\/MILEI-1.png",707,428,false],"thumbnail":["https:\/\/apuntesdesanluis.com\/wp-content\/uploads\/2025\/03\/MILEI-1-150x150.png",150,150,true],"medium":["https:\/\/apuntesdesanluis.com\/wp-content\/uploads\/2025\/03\/MILEI-1-300x182.png",300,182,true],"medium_large":["https:\/\/apuntesdesanluis.com\/wp-content\/uploads\/2025\/03\/MILEI-1.png",640,387,false],"large":["https:\/\/apuntesdesanluis.com\/wp-content\/uploads\/2025\/03\/MILEI-1.png",640,387,false],"1536x1536":["https:\/\/apuntesdesanluis.com\/wp-content\/uploads\/2025\/03\/MILEI-1.png",707,428,false],"2048x2048":["https:\/\/apuntesdesanluis.com\/wp-content\/uploads\/2025\/03\/MILEI-1.png",707,428,false],"newsever-slider-full":["https:\/\/apuntesdesanluis.com\/wp-content\/uploads\/2025\/03\/MILEI-1.png",707,428,false],"newsever-featured":["https:\/\/apuntesdesanluis.com\/wp-content\/uploads\/2025\/03\/MILEI-1.png",707,428,false],"newsever-medium":["https:\/\/apuntesdesanluis.com\/wp-content\/uploads\/2025\/03\/MILEI-1.png",707,428,false]},"author_info":{"display_name":"apuntesdesanluis.com","author_link":"https:\/\/apuntesdesanluis.com\/index.php\/author\/apuntesdesanluis-com\/"},"category_info":"<a href=\"https:\/\/apuntesdesanluis.com\/index.php\/category\/nacionales-internacionales\/\" rel=\"category tag\">Nacionales\/Internacionales<\/a>","tag_info":"Nacionales\/Internacionales","comment_count":"0","_links":{"self":[{"href":"https:\/\/apuntesdesanluis.com\/index.php\/wp-json\/wp\/v2\/posts\/30502","targetHints":{"allow":["GET"]}}],"collection":[{"href":"https:\/\/apuntesdesanluis.com\/index.php\/wp-json\/wp\/v2\/posts"}],"about":[{"href":"https:\/\/apuntesdesanluis.com\/index.php\/wp-json\/wp\/v2\/types\/post"}],"author":[{"embeddable":true,"href":"https:\/\/apuntesdesanluis.com\/index.php\/wp-json\/wp\/v2\/users\/1"}],"replies":[{"embeddable":true,"href":"https:\/\/apuntesdesanluis.com\/index.php\/wp-json\/wp\/v2\/comments?post=30502"}],"version-history":[{"count":1,"href":"https:\/\/apuntesdesanluis.com\/index.php\/wp-json\/wp\/v2\/posts\/30502\/revisions"}],"predecessor-version":[{"id":30504,"href":"https:\/\/apuntesdesanluis.com\/index.php\/wp-json\/wp\/v2\/posts\/30502\/revisions\/30504"}],"wp:featuredmedia":[{"embeddable":true,"href":"https:\/\/apuntesdesanluis.com\/index.php\/wp-json\/wp\/v2\/media\/30503"}],"wp:attachment":[{"href":"https:\/\/apuntesdesanluis.com\/index.php\/wp-json\/wp\/v2\/media?parent=30502"}],"wp:term":[{"taxonomy":"category","embeddable":true,"href":"https:\/\/apuntesdesanluis.com\/index.php\/wp-json\/wp\/v2\/categories?post=30502"},{"taxonomy":"post_tag","embeddable":true,"href":"https:\/\/apuntesdesanluis.com\/index.php\/wp-json\/wp\/v2\/tags?post=30502"}],"curies":[{"name":"wp","href":"https:\/\/api.w.org\/{rel}","templated":true}]}}