{"id":30515,"date":"2025-03-16T17:44:21","date_gmt":"2025-03-16T20:44:21","guid":{"rendered":"https:\/\/apuntesdesanluis.com\/?p=30515"},"modified":"2025-03-16T17:45:31","modified_gmt":"2025-03-16T20:45:31","slug":"cristina-kirchner-salio-a-pegarle-a-milei-mandas-a-apalear-viejos-y-fusilar-a-un-fotografo","status":"publish","type":"post","link":"https:\/\/apuntesdesanluis.com\/index.php\/2025\/03\/16\/cristina-kirchner-salio-a-pegarle-a-milei-mandas-a-apalear-viejos-y-fusilar-a-un-fotografo\/","title":{"rendered":"CRISTINA KIRCHNER SALI\u00d3 A PEGARLE A MILEI: &#8220;MAND\u00c1S A APALEAR VIEJOS Y FUSILAR A UN FOT\u00d3GRAFO&#8221;"},"content":{"rendered":"<h3>La expresidenta <strong>Cristina Kirchner<\/strong> lanz\u00f3 duras cr\u00edticas contra <strong>Javier Milei<\/strong> a trav\u00e9s de un extenso mensaje en redes sociales, en el que lo acus\u00f3 de represi\u00f3n, desmanejo econ\u00f3mico y contradicciones pol\u00edticas.<\/h3>\n<h3>La exmandataria cuestion\u00f3 el accionar del presidente tras el temporal en Bah\u00eda Blanca, la reacci\u00f3n del Gobierno ante la marcha de los jubilados y la venta de 474 millones de d\u00f3lares del Banco Central para sostener el tipo de cambio.<\/h3>\n<h3>&#8220;Mand\u00e1s a apalear viejos y fusilar a un fot\u00f3grafo que a\u00fan lucha por su vida&#8221;, dispar\u00f3 en referencia a la represi\u00f3n policial y al estado cr\u00edtico del reportero gr\u00e1fico <strong>Pablo Grillo<\/strong>.<\/h3>\n<h3>Adem\u00e1s, carg\u00f3 contra la ministra de Seguridad, <strong>Patricia Bullrich<\/strong>, a quien calific\u00f3 como &#8220;ex montonera, ex menemista, ex cavallista, ex delarruista, ex macrista&#8221;, y sostuvo que Milei &#8220;habla de casta mientras se rodea de casta&#8221;.<\/h3>\n<h3>En su mensaje, tambi\u00e9n se refiri\u00f3 a la pol\u00edtica econ\u00f3mica del Gobierno: &#8220;Hiciste vender al Banco Central 474 millones de d\u00f3lares para seguir con la ficci\u00f3n del precio barato de tu d\u00f3lar oficial&#8221;, sostuvo. Y compar\u00f3 la situaci\u00f3n con la convertibilidad: &#8220;Debo reconocer que a Cavallo le dur\u00f3 bastante m\u00e1s&#8221;.<\/h3>\n<h3><img fetchpriority=\"high\" decoding=\"async\" class=\"wp-image-30516 aligncenter\" src=\"https:\/\/apuntesdesanluis.com\/wp-content\/uploads\/2025\/03\/cristina-300x168.png\" alt=\"\" width=\"743\" height=\"416\" srcset=\"https:\/\/apuntesdesanluis.com\/wp-content\/uploads\/2025\/03\/cristina-300x168.png 300w, https:\/\/apuntesdesanluis.com\/wp-content\/uploads\/2025\/03\/cristina-768x431.png 768w, https:\/\/apuntesdesanluis.com\/wp-content\/uploads\/2025\/03\/cristina.png 983w\" sizes=\"(max-width: 743px) 100vw, 743px\" \/><\/h3>\n<h4 style=\"text-align: center;\"><em>Parte del extenso mensaje de CFK contra Milei.<\/em><\/h4>\n<h3>Adem\u00e1s, Fern\u00e1ndez de Kirchner advirti\u00f3 sobre el impacto de la inflaci\u00f3n y cuestion\u00f3 la idea de buscar un nuevo acuerdo con el FMI: &#8220;Si crees que vas a solucionar este problema con un nuevo pr\u00e9stamo del Fondo&#8230; \u00a1acordate de <strong>Macri<\/strong>!&#8221;, remarc\u00f3.<\/h3>\n<h3>Por \u00faltimo, dej\u00f3 un enigm\u00e1tico mensaje sobre supuestas irregularidades financieras: &#8220;De la crypto estafa de la que participaste hoy no te voy a decir nada porque eso viene para largo y cada vez peor&#8221;, cerr\u00f3.<\/h3>\n<p>&nbsp;<\/p>\n<p>&nbsp;<\/p>\n<p>&nbsp;<\/p>\n<h3><\/h3>\n<h3><\/h3>\n<p>&nbsp;<\/p>\n","protected":false},"excerpt":{"rendered":"<p>La expresidenta Cristina Kirchner lanz\u00f3 duras cr\u00edticas contra Javier Milei a trav\u00e9s de un extenso&#8230;<\/p>\n","protected":false},"author":1,"featured_media":30517,"comment_status":"closed","ping_status":"closed","sticky":false,"template":"","format":"standard","meta":{"footnotes":""},"categories":[5],"tags":[],"class_list":["post-30515","post","type-post","status-publish","format-standard","has-post-thumbnail","hentry","category-nacionales-internacionales"],"yoast_head":"<!-- This site is optimized with the Yoast SEO plugin v26.1.1 - https:\/\/yoast.com\/wordpress\/plugins\/seo\/ -->\n<title>CRISTINA KIRCHNER SALI\u00d3 A PEGARLE A MILEI: &quot;MAND\u00c1S A APALEAR VIEJOS Y FUSILAR A UN FOT\u00d3GRAFO&quot; - Apuntes de San Luis<\/title>\n<meta name=\"robots\" content=\"index, follow, max-snippet:-1, max-image-preview:large, max-video-preview:-1\" \/>\n<link rel=\"canonical\" href=\"https:\/\/apuntesdesanluis.com\/index.php\/2025\/03\/16\/cristina-kirchner-salio-a-pegarle-a-milei-mandas-a-apalear-viejos-y-fusilar-a-un-fotografo\/\" \/>\n<meta property=\"og:locale\" content=\"es_ES\" \/>\n<meta property=\"og:type\" content=\"article\" \/>\n<meta property=\"og:title\" content=\"CRISTINA KIRCHNER SALI\u00d3 A PEGARLE A MILEI: &quot;MAND\u00c1S A APALEAR VIEJOS Y FUSILAR A UN FOT\u00d3GRAFO&quot; - Apuntes de San Luis\" \/>\n<meta property=\"og:description\" content=\"La expresidenta Cristina Kirchner lanz\u00f3 duras cr\u00edticas contra Javier Milei a trav\u00e9s de un extenso...\" \/>\n<meta property=\"og:url\" content=\"https:\/\/apuntesdesanluis.com\/index.php\/2025\/03\/16\/cristina-kirchner-salio-a-pegarle-a-milei-mandas-a-apalear-viejos-y-fusilar-a-un-fotografo\/\" \/>\n<meta property=\"og:site_name\" content=\"Apuntes de San Luis\" \/>\n<meta property=\"article:published_time\" content=\"2025-03-16T20:44:21+00:00\" \/>\n<meta property=\"article:modified_time\" content=\"2025-03-16T20:45:31+00:00\" \/>\n<meta property=\"og:image\" content=\"https:\/\/apuntesdesanluis.com\/wp-content\/uploads\/2025\/03\/CRISTINA-Y-MILEI.png\" \/>\n\t<meta property=\"og:image:width\" content=\"781\" \/>\n\t<meta property=\"og:image:height\" content=\"455\" \/>\n\t<meta property=\"og:image:type\" content=\"image\/png\" \/>\n<meta name=\"author\" content=\"apuntesdesanluis.com\" \/>\n<meta name=\"twitter:card\" content=\"summary_large_image\" \/>\n<meta name=\"twitter:label1\" content=\"Escrito por\" \/>\n\t<meta name=\"twitter:data1\" content=\"apuntesdesanluis.com\" \/>\n\t<meta name=\"twitter:label2\" content=\"Tiempo de lectura\" \/>\n\t<meta name=\"twitter:data2\" content=\"2 minutos\" \/>\n<script type=\"application\/ld+json\" class=\"yoast-schema-graph\">{\"@context\":\"https:\/\/schema.org\",\"@graph\":[{\"@type\":\"Article\",\"@id\":\"https:\/\/apuntesdesanluis.com\/index.php\/2025\/03\/16\/cristina-kirchner-salio-a-pegarle-a-milei-mandas-a-apalear-viejos-y-fusilar-a-un-fotografo\/#article\",\"isPartOf\":{\"@id\":\"https:\/\/apuntesdesanluis.com\/index.php\/2025\/03\/16\/cristina-kirchner-salio-a-pegarle-a-milei-mandas-a-apalear-viejos-y-fusilar-a-un-fotografo\/\"},\"author\":{\"name\":\"apuntesdesanluis.com\",\"@id\":\"https:\/\/apuntesdesanluis.com\/#\/schema\/person\/b55151d52296fcce64d1a72538a70b90\"},\"headline\":\"CRISTINA KIRCHNER SALI\u00d3 A PEGARLE A MILEI: &#8220;MAND\u00c1S A APALEAR VIEJOS Y FUSILAR A UN FOT\u00d3GRAFO&#8221;\",\"datePublished\":\"2025-03-16T20:44:21+00:00\",\"dateModified\":\"2025-03-16T20:45:31+00:00\",\"mainEntityOfPage\":{\"@id\":\"https:\/\/apuntesdesanluis.com\/index.php\/2025\/03\/16\/cristina-kirchner-salio-a-pegarle-a-milei-mandas-a-apalear-viejos-y-fusilar-a-un-fotografo\/\"},\"wordCount\":319,\"publisher\":{\"@id\":\"https:\/\/apuntesdesanluis.com\/#\/schema\/person\/b55151d52296fcce64d1a72538a70b90\"},\"image\":{\"@id\":\"https:\/\/apuntesdesanluis.com\/index.php\/2025\/03\/16\/cristina-kirchner-salio-a-pegarle-a-milei-mandas-a-apalear-viejos-y-fusilar-a-un-fotografo\/#primaryimage\"},\"thumbnailUrl\":\"https:\/\/apuntesdesanluis.com\/wp-content\/uploads\/2025\/03\/CRISTINA-Y-MILEI.png\",\"articleSection\":[\"Nacionales\/Internacionales\"],\"inLanguage\":\"es-AR\"},{\"@type\":\"WebPage\",\"@id\":\"https:\/\/apuntesdesanluis.com\/index.php\/2025\/03\/16\/cristina-kirchner-salio-a-pegarle-a-milei-mandas-a-apalear-viejos-y-fusilar-a-un-fotografo\/\",\"url\":\"https:\/\/apuntesdesanluis.com\/index.php\/2025\/03\/16\/cristina-kirchner-salio-a-pegarle-a-milei-mandas-a-apalear-viejos-y-fusilar-a-un-fotografo\/\",\"name\":\"CRISTINA KIRCHNER SALI\u00d3 A PEGARLE A MILEI: \\\"MAND\u00c1S A APALEAR VIEJOS Y FUSILAR A UN FOT\u00d3GRAFO\\\" - Apuntes de San Luis\",\"isPartOf\":{\"@id\":\"https:\/\/apuntesdesanluis.com\/#website\"},\"primaryImageOfPage\":{\"@id\":\"https:\/\/apuntesdesanluis.com\/index.php\/2025\/03\/16\/cristina-kirchner-salio-a-pegarle-a-milei-mandas-a-apalear-viejos-y-fusilar-a-un-fotografo\/#primaryimage\"},\"image\":{\"@id\":\"https:\/\/apuntesdesanluis.com\/index.php\/2025\/03\/16\/cristina-kirchner-salio-a-pegarle-a-milei-mandas-a-apalear-viejos-y-fusilar-a-un-fotografo\/#primaryimage\"},\"thumbnailUrl\":\"https:\/\/apuntesdesanluis.com\/wp-content\/uploads\/2025\/03\/CRISTINA-Y-MILEI.png\",\"datePublished\":\"2025-03-16T20:44:21+00:00\",\"dateModified\":\"2025-03-16T20:45:31+00:00\",\"breadcrumb\":{\"@id\":\"https:\/\/apuntesdesanluis.com\/index.php\/2025\/03\/16\/cristina-kirchner-salio-a-pegarle-a-milei-mandas-a-apalear-viejos-y-fusilar-a-un-fotografo\/#breadcrumb\"},\"inLanguage\":\"es-AR\",\"potentialAction\":[{\"@type\":\"ReadAction\",\"target\":[\"https:\/\/apuntesdesanluis.com\/index.php\/2025\/03\/16\/cristina-kirchner-salio-a-pegarle-a-milei-mandas-a-apalear-viejos-y-fusilar-a-un-fotografo\/\"]}]},{\"@type\":\"ImageObject\",\"inLanguage\":\"es-AR\",\"@id\":\"https:\/\/apuntesdesanluis.com\/index.php\/2025\/03\/16\/cristina-kirchner-salio-a-pegarle-a-milei-mandas-a-apalear-viejos-y-fusilar-a-un-fotografo\/#primaryimage\",\"url\":\"https:\/\/apuntesdesanluis.com\/wp-content\/uploads\/2025\/03\/CRISTINA-Y-MILEI.png\",\"contentUrl\":\"https:\/\/apuntesdesanluis.com\/wp-content\/uploads\/2025\/03\/CRISTINA-Y-MILEI.png\",\"width\":781,\"height\":455},{\"@type\":\"BreadcrumbList\",\"@id\":\"https:\/\/apuntesdesanluis.com\/index.php\/2025\/03\/16\/cristina-kirchner-salio-a-pegarle-a-milei-mandas-a-apalear-viejos-y-fusilar-a-un-fotografo\/#breadcrumb\",\"itemListElement\":[{\"@type\":\"ListItem\",\"position\":1,\"name\":\"Inicio\",\"item\":\"https:\/\/apuntesdesanluis.com\/\"},{\"@type\":\"ListItem\",\"position\":2,\"name\":\"CRISTINA KIRCHNER SALI\u00d3 A PEGARLE A MILEI: &#8220;MAND\u00c1S A APALEAR VIEJOS Y FUSILAR A UN FOT\u00d3GRAFO&#8221;\"}]},{\"@type\":\"WebSite\",\"@id\":\"https:\/\/apuntesdesanluis.com\/#website\",\"url\":\"https:\/\/apuntesdesanluis.com\/\",\"name\":\"Apuntes de San Luis\",\"description\":\"\",\"publisher\":{\"@id\":\"https:\/\/apuntesdesanluis.com\/#\/schema\/person\/b55151d52296fcce64d1a72538a70b90\"},\"potentialAction\":[{\"@type\":\"SearchAction\",\"target\":{\"@type\":\"EntryPoint\",\"urlTemplate\":\"https:\/\/apuntesdesanluis.com\/?s={search_term_string}\"},\"query-input\":{\"@type\":\"PropertyValueSpecification\",\"valueRequired\":true,\"valueName\":\"search_term_string\"}}],\"inLanguage\":\"es-AR\"},{\"@type\":[\"Person\",\"Organization\"],\"@id\":\"https:\/\/apuntesdesanluis.com\/#\/schema\/person\/b55151d52296fcce64d1a72538a70b90\",\"name\":\"apuntesdesanluis.com\",\"image\":{\"@type\":\"ImageObject\",\"inLanguage\":\"es-AR\",\"@id\":\"https:\/\/apuntesdesanluis.com\/#\/schema\/person\/image\/\",\"url\":\"https:\/\/apuntesdesanluis.com\/wp-content\/uploads\/2023\/07\/cropped-apuntesdesanluis.png\",\"contentUrl\":\"https:\/\/apuntesdesanluis.com\/wp-content\/uploads\/2023\/07\/cropped-apuntesdesanluis.png\",\"width\":450,\"height\":112,\"caption\":\"apuntesdesanluis.com\"},\"logo\":{\"@id\":\"https:\/\/apuntesdesanluis.com\/#\/schema\/person\/image\/\"},\"sameAs\":[\"https:\/\/apuntesdesanluis.com\"],\"url\":\"https:\/\/apuntesdesanluis.com\/index.php\/author\/apuntesdesanluis-com\/\"}]}<\/script>\n<!-- \/ Yoast SEO plugin. -->","yoast_head_json":{"title":"CRISTINA KIRCHNER SALI\u00d3 A PEGARLE A MILEI: \"MAND\u00c1S A APALEAR VIEJOS Y FUSILAR A UN FOT\u00d3GRAFO\" - Apuntes de San Luis","robots":{"index":"index","follow":"follow","max-snippet":"max-snippet:-1","max-image-preview":"max-image-preview:large","max-video-preview":"max-video-preview:-1"},"canonical":"https:\/\/apuntesdesanluis.com\/index.php\/2025\/03\/16\/cristina-kirchner-salio-a-pegarle-a-milei-mandas-a-apalear-viejos-y-fusilar-a-un-fotografo\/","og_locale":"es_ES","og_type":"article","og_title":"CRISTINA KIRCHNER SALI\u00d3 A PEGARLE A MILEI: \"MAND\u00c1S A APALEAR VIEJOS Y FUSILAR A UN FOT\u00d3GRAFO\" - Apuntes de San Luis","og_description":"La expresidenta Cristina Kirchner lanz\u00f3 duras cr\u00edticas contra Javier Milei a trav\u00e9s de un extenso...","og_url":"https:\/\/apuntesdesanluis.com\/index.php\/2025\/03\/16\/cristina-kirchner-salio-a-pegarle-a-milei-mandas-a-apalear-viejos-y-fusilar-a-un-fotografo\/","og_site_name":"Apuntes de San Luis","article_published_time":"2025-03-16T20:44:21+00:00","article_modified_time":"2025-03-16T20:45:31+00:00","og_image":[{"width":781,"height":455,"url":"https:\/\/apuntesdesanluis.com\/wp-content\/uploads\/2025\/03\/CRISTINA-Y-MILEI.png","type":"image\/png"}],"author":"apuntesdesanluis.com","twitter_card":"summary_large_image","twitter_misc":{"Escrito por":"apuntesdesanluis.com","Tiempo de lectura":"2 minutos"},"schema":{"@context":"https:\/\/schema.org","@graph":[{"@type":"Article","@id":"https:\/\/apuntesdesanluis.com\/index.php\/2025\/03\/16\/cristina-kirchner-salio-a-pegarle-a-milei-mandas-a-apalear-viejos-y-fusilar-a-un-fotografo\/#article","isPartOf":{"@id":"https:\/\/apuntesdesanluis.com\/index.php\/2025\/03\/16\/cristina-kirchner-salio-a-pegarle-a-milei-mandas-a-apalear-viejos-y-fusilar-a-un-fotografo\/"},"author":{"name":"apuntesdesanluis.com","@id":"https:\/\/apuntesdesanluis.com\/#\/schema\/person\/b55151d52296fcce64d1a72538a70b90"},"headline":"CRISTINA KIRCHNER SALI\u00d3 A PEGARLE A MILEI: &#8220;MAND\u00c1S A APALEAR VIEJOS Y FUSILAR A UN FOT\u00d3GRAFO&#8221;","datePublished":"2025-03-16T20:44:21+00:00","dateModified":"2025-03-16T20:45:31+00:00","mainEntityOfPage":{"@id":"https:\/\/apuntesdesanluis.com\/index.php\/2025\/03\/16\/cristina-kirchner-salio-a-pegarle-a-milei-mandas-a-apalear-viejos-y-fusilar-a-un-fotografo\/"},"wordCount":319,"publisher":{"@id":"https:\/\/apuntesdesanluis.com\/#\/schema\/person\/b55151d52296fcce64d1a72538a70b90"},"image":{"@id":"https:\/\/apuntesdesanluis.com\/index.php\/2025\/03\/16\/cristina-kirchner-salio-a-pegarle-a-milei-mandas-a-apalear-viejos-y-fusilar-a-un-fotografo\/#primaryimage"},"thumbnailUrl":"https:\/\/apuntesdesanluis.com\/wp-content\/uploads\/2025\/03\/CRISTINA-Y-MILEI.png","articleSection":["Nacionales\/Internacionales"],"inLanguage":"es-AR"},{"@type":"WebPage","@id":"https:\/\/apuntesdesanluis.com\/index.php\/2025\/03\/16\/cristina-kirchner-salio-a-pegarle-a-milei-mandas-a-apalear-viejos-y-fusilar-a-un-fotografo\/","url":"https:\/\/apuntesdesanluis.com\/index.php\/2025\/03\/16\/cristina-kirchner-salio-a-pegarle-a-milei-mandas-a-apalear-viejos-y-fusilar-a-un-fotografo\/","name":"CRISTINA KIRCHNER SALI\u00d3 A PEGARLE A MILEI: \"MAND\u00c1S A APALEAR VIEJOS Y FUSILAR A UN FOT\u00d3GRAFO\" - Apuntes de San Luis","isPartOf":{"@id":"https:\/\/apuntesdesanluis.com\/#website"},"primaryImageOfPage":{"@id":"https:\/\/apuntesdesanluis.com\/index.php\/2025\/03\/16\/cristina-kirchner-salio-a-pegarle-a-milei-mandas-a-apalear-viejos-y-fusilar-a-un-fotografo\/#primaryimage"},"image":{"@id":"https:\/\/apuntesdesanluis.com\/index.php\/2025\/03\/16\/cristina-kirchner-salio-a-pegarle-a-milei-mandas-a-apalear-viejos-y-fusilar-a-un-fotografo\/#primaryimage"},"thumbnailUrl":"https:\/\/apuntesdesanluis.com\/wp-content\/uploads\/2025\/03\/CRISTINA-Y-MILEI.png","datePublished":"2025-03-16T20:44:21+00:00","dateModified":"2025-03-16T20:45:31+00:00","breadcrumb":{"@id":"https:\/\/apuntesdesanluis.com\/index.php\/2025\/03\/16\/cristina-kirchner-salio-a-pegarle-a-milei-mandas-a-apalear-viejos-y-fusilar-a-un-fotografo\/#breadcrumb"},"inLanguage":"es-AR","potentialAction":[{"@type":"ReadAction","target":["https:\/\/apuntesdesanluis.com\/index.php\/2025\/03\/16\/cristina-kirchner-salio-a-pegarle-a-milei-mandas-a-apalear-viejos-y-fusilar-a-un-fotografo\/"]}]},{"@type":"ImageObject","inLanguage":"es-AR","@id":"https:\/\/apuntesdesanluis.com\/index.php\/2025\/03\/16\/cristina-kirchner-salio-a-pegarle-a-milei-mandas-a-apalear-viejos-y-fusilar-a-un-fotografo\/#primaryimage","url":"https:\/\/apuntesdesanluis.com\/wp-content\/uploads\/2025\/03\/CRISTINA-Y-MILEI.png","contentUrl":"https:\/\/apuntesdesanluis.com\/wp-content\/uploads\/2025\/03\/CRISTINA-Y-MILEI.png","width":781,"height":455},{"@type":"BreadcrumbList","@id":"https:\/\/apuntesdesanluis.com\/index.php\/2025\/03\/16\/cristina-kirchner-salio-a-pegarle-a-milei-mandas-a-apalear-viejos-y-fusilar-a-un-fotografo\/#breadcrumb","itemListElement":[{"@type":"ListItem","position":1,"name":"Inicio","item":"https:\/\/apuntesdesanluis.com\/"},{"@type":"ListItem","position":2,"name":"CRISTINA KIRCHNER SALI\u00d3 A PEGARLE A MILEI: &#8220;MAND\u00c1S A APALEAR VIEJOS Y FUSILAR A UN FOT\u00d3GRAFO&#8221;"}]},{"@type":"WebSite","@id":"https:\/\/apuntesdesanluis.com\/#website","url":"https:\/\/apuntesdesanluis.com\/","name":"Apuntes de San Luis","description":"","publisher":{"@id":"https:\/\/apuntesdesanluis.com\/#\/schema\/person\/b55151d52296fcce64d1a72538a70b90"},"potentialAction":[{"@type":"SearchAction","target":{"@type":"EntryPoint","urlTemplate":"https:\/\/apuntesdesanluis.com\/?s={search_term_string}"},"query-input":{"@type":"PropertyValueSpecification","valueRequired":true,"valueName":"search_term_string"}}],"inLanguage":"es-AR"},{"@type":["Person","Organization"],"@id":"https:\/\/apuntesdesanluis.com\/#\/schema\/person\/b55151d52296fcce64d1a72538a70b90","name":"apuntesdesanluis.com","image":{"@type":"ImageObject","inLanguage":"es-AR","@id":"https:\/\/apuntesdesanluis.com\/#\/schema\/person\/image\/","url":"https:\/\/apuntesdesanluis.com\/wp-content\/uploads\/2023\/07\/cropped-apuntesdesanluis.png","contentUrl":"https:\/\/apuntesdesanluis.com\/wp-content\/uploads\/2023\/07\/cropped-apuntesdesanluis.png","width":450,"height":112,"caption":"apuntesdesanluis.com"},"logo":{"@id":"https:\/\/apuntesdesanluis.com\/#\/schema\/person\/image\/"},"sameAs":["https:\/\/apuntesdesanluis.com"],"url":"https:\/\/apuntesdesanluis.com\/index.php\/author\/apuntesdesanluis-com\/"}]}},"featured_image_urls":{"full":["https:\/\/apuntesdesanluis.com\/wp-content\/uploads\/2025\/03\/CRISTINA-Y-MILEI.png",781,455,false],"thumbnail":["https:\/\/apuntesdesanluis.com\/wp-content\/uploads\/2025\/03\/CRISTINA-Y-MILEI-150x150.png",150,150,true],"medium":["https:\/\/apuntesdesanluis.com\/wp-content\/uploads\/2025\/03\/CRISTINA-Y-MILEI-300x175.png",300,175,true],"medium_large":["https:\/\/apuntesdesanluis.com\/wp-content\/uploads\/2025\/03\/CRISTINA-Y-MILEI-768x447.png",640,373,true],"large":["https:\/\/apuntesdesanluis.com\/wp-content\/uploads\/2025\/03\/CRISTINA-Y-MILEI.png",640,373,false],"1536x1536":["https:\/\/apuntesdesanluis.com\/wp-content\/uploads\/2025\/03\/CRISTINA-Y-MILEI.png",781,455,false],"2048x2048":["https:\/\/apuntesdesanluis.com\/wp-content\/uploads\/2025\/03\/CRISTINA-Y-MILEI.png",781,455,false],"newsever-slider-full":["https:\/\/apuntesdesanluis.com\/wp-content\/uploads\/2025\/03\/CRISTINA-Y-MILEI.png",781,455,false],"newsever-featured":["https:\/\/apuntesdesanluis.com\/wp-content\/uploads\/2025\/03\/CRISTINA-Y-MILEI.png",781,455,false],"newsever-medium":["https:\/\/apuntesdesanluis.com\/wp-content\/uploads\/2025\/03\/CRISTINA-Y-MILEI-720x455.png",720,455,true]},"author_info":{"display_name":"apuntesdesanluis.com","author_link":"https:\/\/apuntesdesanluis.com\/index.php\/author\/apuntesdesanluis-com\/"},"category_info":"<a href=\"https:\/\/apuntesdesanluis.com\/index.php\/category\/nacionales-internacionales\/\" rel=\"category tag\">Nacionales\/Internacionales<\/a>","tag_info":"Nacionales\/Internacionales","comment_count":"0","_links":{"self":[{"href":"https:\/\/apuntesdesanluis.com\/index.php\/wp-json\/wp\/v2\/posts\/30515","targetHints":{"allow":["GET"]}}],"collection":[{"href":"https:\/\/apuntesdesanluis.com\/index.php\/wp-json\/wp\/v2\/posts"}],"about":[{"href":"https:\/\/apuntesdesanluis.com\/index.php\/wp-json\/wp\/v2\/types\/post"}],"author":[{"embeddable":true,"href":"https:\/\/apuntesdesanluis.com\/index.php\/wp-json\/wp\/v2\/users\/1"}],"replies":[{"embeddable":true,"href":"https:\/\/apuntesdesanluis.com\/index.php\/wp-json\/wp\/v2\/comments?post=30515"}],"version-history":[{"count":3,"href":"https:\/\/apuntesdesanluis.com\/index.php\/wp-json\/wp\/v2\/posts\/30515\/revisions"}],"predecessor-version":[{"id":30520,"href":"https:\/\/apuntesdesanluis.com\/index.php\/wp-json\/wp\/v2\/posts\/30515\/revisions\/30520"}],"wp:featuredmedia":[{"embeddable":true,"href":"https:\/\/apuntesdesanluis.com\/index.php\/wp-json\/wp\/v2\/media\/30517"}],"wp:attachment":[{"href":"https:\/\/apuntesdesanluis.com\/index.php\/wp-json\/wp\/v2\/media?parent=30515"}],"wp:term":[{"taxonomy":"category","embeddable":true,"href":"https:\/\/apuntesdesanluis.com\/index.php\/wp-json\/wp\/v2\/categories?post=30515"},{"taxonomy":"post_tag","embeddable":true,"href":"https:\/\/apuntesdesanluis.com\/index.php\/wp-json\/wp\/v2\/tags?post=30515"}],"curies":[{"name":"wp","href":"https:\/\/api.w.org\/{rel}","templated":true}]}}