{"id":30521,"date":"2025-03-16T17:57:22","date_gmt":"2025-03-16T20:57:22","guid":{"rendered":"https:\/\/apuntesdesanluis.com\/?p=30521"},"modified":"2025-03-16T17:57:22","modified_gmt":"2025-03-16T20:57:22","slug":"primera-imagen-del-papa-francisco-tras-mas-de-un-mes-de-internacion","status":"publish","type":"post","link":"https:\/\/apuntesdesanluis.com\/index.php\/2025\/03\/16\/primera-imagen-del-papa-francisco-tras-mas-de-un-mes-de-internacion\/","title":{"rendered":"PRIMERA IMAGEN DEL PAPA FRANCISCO TRAS M\u00c1S DE UN MES DE INTERNACI\u00d3N"},"content":{"rendered":"<h3>El <strong>Vaticano<\/strong> difundi\u00f3 este domingo la primera fotograf\u00eda del <strong>Papa Francisco<\/strong> desde que fuera internado hace 31 d\u00edas y tras permanecer varias jornadas en estado muy cr\u00edtico. Si bien permanece internado en el policl\u00ednico Gemelli de Roma se lo pudo observar durante una misa en la capilla de ese centro asistencial.<\/h3>\n<h3>La foto, publicada en el perfil oficial de X de la Santa Sede, muestra a Francisco esta ma\u00f1ana concelebrando una misa en una sala de oraci\u00f3n. El pont\u00edfice est\u00e1 de espaldas con una estola de color morado y se puede observar de semiperfil su rostro.<\/h3>\n<h3>El comunicado del Vaticano que acompa\u00f1a la fotograf\u00eda se\u00f1ala: &#8220;Esta ma\u00f1ana, el papa Francisco ha concelebrado la santa misa en la capilla del apartamento de la d\u00e9cima planta del policl\u00ednico Gemelli&#8221;.<\/h3>\n<h3>Internado desde el 14 de febrero \u00faltimo, Francisco envi\u00f3 esta ma\u00f1ana un mensaje para la oraci\u00f3n mariana del Angelus. Sumado a ello, afirm\u00f3 que se encuentra &#8220;atravesando un momento de prueba&#8221; y volvi\u00f3 a agradecer a los fieles que rezan por su recuperaci\u00f3n.<\/h3>\n<h3>El papa, de 88 a\u00f1os de edad, fue hospitalizado por una neumon\u00eda bilateral, asegur\u00f3: &#8220;Nuestro f\u00edsico est\u00e1 d\u00e9bil, pero, incluso as\u00ed, nada puede impedirnos amar, rezar, entregarnos, estar los unos para los otros, en la fe, se\u00f1ales luminosas de esperanza&#8221;.<\/h3>\n<h3><\/h3>\n<h3><\/h3>\n<p>&nbsp;<\/p>\n<p>&nbsp;<\/p>\n","protected":false},"excerpt":{"rendered":"<p>El Vaticano difundi\u00f3 este domingo la primera fotograf\u00eda del Papa Francisco desde que fuera internado&#8230;<\/p>\n","protected":false},"author":1,"featured_media":30522,"comment_status":"closed","ping_status":"closed","sticky":false,"template":"","format":"standard","meta":{"footnotes":""},"categories":[5],"tags":[],"class_list":["post-30521","post","type-post","status-publish","format-standard","has-post-thumbnail","hentry","category-nacionales-internacionales"],"yoast_head":"<!-- This site is optimized with the Yoast SEO plugin v26.1.1 - https:\/\/yoast.com\/wordpress\/plugins\/seo\/ -->\n<title>PRIMERA IMAGEN DEL PAPA FRANCISCO TRAS M\u00c1S DE UN MES DE INTERNACI\u00d3N - Apuntes de San Luis<\/title>\n<meta name=\"robots\" content=\"index, follow, max-snippet:-1, max-image-preview:large, max-video-preview:-1\" \/>\n<link rel=\"canonical\" href=\"https:\/\/apuntesdesanluis.com\/index.php\/2025\/03\/16\/primera-imagen-del-papa-francisco-tras-mas-de-un-mes-de-internacion\/\" \/>\n<meta property=\"og:locale\" content=\"es_ES\" \/>\n<meta property=\"og:type\" content=\"article\" \/>\n<meta property=\"og:title\" content=\"PRIMERA IMAGEN DEL PAPA FRANCISCO TRAS M\u00c1S DE UN MES DE INTERNACI\u00d3N - Apuntes de San Luis\" \/>\n<meta property=\"og:description\" content=\"El Vaticano difundi\u00f3 este domingo la primera fotograf\u00eda del Papa Francisco desde que fuera internado...\" \/>\n<meta property=\"og:url\" content=\"https:\/\/apuntesdesanluis.com\/index.php\/2025\/03\/16\/primera-imagen-del-papa-francisco-tras-mas-de-un-mes-de-internacion\/\" \/>\n<meta property=\"og:site_name\" content=\"Apuntes de San Luis\" \/>\n<meta property=\"article:published_time\" content=\"2025-03-16T20:57:22+00:00\" \/>\n<meta property=\"og:image\" content=\"https:\/\/apuntesdesanluis.com\/wp-content\/uploads\/2025\/03\/papa-francisco.png\" \/>\n\t<meta property=\"og:image:width\" content=\"780\" \/>\n\t<meta property=\"og:image:height\" content=\"589\" \/>\n\t<meta property=\"og:image:type\" content=\"image\/png\" \/>\n<meta name=\"author\" content=\"apuntesdesanluis.com\" \/>\n<meta name=\"twitter:card\" content=\"summary_large_image\" \/>\n<meta name=\"twitter:label1\" content=\"Escrito por\" \/>\n\t<meta name=\"twitter:data1\" content=\"apuntesdesanluis.com\" \/>\n\t<meta name=\"twitter:label2\" content=\"Tiempo de lectura\" \/>\n\t<meta name=\"twitter:data2\" content=\"2 minutos\" \/>\n<script type=\"application\/ld+json\" class=\"yoast-schema-graph\">{\"@context\":\"https:\/\/schema.org\",\"@graph\":[{\"@type\":\"Article\",\"@id\":\"https:\/\/apuntesdesanluis.com\/index.php\/2025\/03\/16\/primera-imagen-del-papa-francisco-tras-mas-de-un-mes-de-internacion\/#article\",\"isPartOf\":{\"@id\":\"https:\/\/apuntesdesanluis.com\/index.php\/2025\/03\/16\/primera-imagen-del-papa-francisco-tras-mas-de-un-mes-de-internacion\/\"},\"author\":{\"name\":\"apuntesdesanluis.com\",\"@id\":\"https:\/\/apuntesdesanluis.com\/#\/schema\/person\/b55151d52296fcce64d1a72538a70b90\"},\"headline\":\"PRIMERA IMAGEN DEL PAPA FRANCISCO TRAS M\u00c1S DE UN MES DE INTERNACI\u00d3N\",\"datePublished\":\"2025-03-16T20:57:22+00:00\",\"mainEntityOfPage\":{\"@id\":\"https:\/\/apuntesdesanluis.com\/index.php\/2025\/03\/16\/primera-imagen-del-papa-francisco-tras-mas-de-un-mes-de-internacion\/\"},\"wordCount\":244,\"publisher\":{\"@id\":\"https:\/\/apuntesdesanluis.com\/#\/schema\/person\/b55151d52296fcce64d1a72538a70b90\"},\"image\":{\"@id\":\"https:\/\/apuntesdesanluis.com\/index.php\/2025\/03\/16\/primera-imagen-del-papa-francisco-tras-mas-de-un-mes-de-internacion\/#primaryimage\"},\"thumbnailUrl\":\"https:\/\/apuntesdesanluis.com\/wp-content\/uploads\/2025\/03\/papa-francisco.png\",\"articleSection\":[\"Nacionales\/Internacionales\"],\"inLanguage\":\"es-AR\"},{\"@type\":\"WebPage\",\"@id\":\"https:\/\/apuntesdesanluis.com\/index.php\/2025\/03\/16\/primera-imagen-del-papa-francisco-tras-mas-de-un-mes-de-internacion\/\",\"url\":\"https:\/\/apuntesdesanluis.com\/index.php\/2025\/03\/16\/primera-imagen-del-papa-francisco-tras-mas-de-un-mes-de-internacion\/\",\"name\":\"PRIMERA IMAGEN DEL PAPA FRANCISCO TRAS M\u00c1S DE UN MES DE INTERNACI\u00d3N - Apuntes de San Luis\",\"isPartOf\":{\"@id\":\"https:\/\/apuntesdesanluis.com\/#website\"},\"primaryImageOfPage\":{\"@id\":\"https:\/\/apuntesdesanluis.com\/index.php\/2025\/03\/16\/primera-imagen-del-papa-francisco-tras-mas-de-un-mes-de-internacion\/#primaryimage\"},\"image\":{\"@id\":\"https:\/\/apuntesdesanluis.com\/index.php\/2025\/03\/16\/primera-imagen-del-papa-francisco-tras-mas-de-un-mes-de-internacion\/#primaryimage\"},\"thumbnailUrl\":\"https:\/\/apuntesdesanluis.com\/wp-content\/uploads\/2025\/03\/papa-francisco.png\",\"datePublished\":\"2025-03-16T20:57:22+00:00\",\"breadcrumb\":{\"@id\":\"https:\/\/apuntesdesanluis.com\/index.php\/2025\/03\/16\/primera-imagen-del-papa-francisco-tras-mas-de-un-mes-de-internacion\/#breadcrumb\"},\"inLanguage\":\"es-AR\",\"potentialAction\":[{\"@type\":\"ReadAction\",\"target\":[\"https:\/\/apuntesdesanluis.com\/index.php\/2025\/03\/16\/primera-imagen-del-papa-francisco-tras-mas-de-un-mes-de-internacion\/\"]}]},{\"@type\":\"ImageObject\",\"inLanguage\":\"es-AR\",\"@id\":\"https:\/\/apuntesdesanluis.com\/index.php\/2025\/03\/16\/primera-imagen-del-papa-francisco-tras-mas-de-un-mes-de-internacion\/#primaryimage\",\"url\":\"https:\/\/apuntesdesanluis.com\/wp-content\/uploads\/2025\/03\/papa-francisco.png\",\"contentUrl\":\"https:\/\/apuntesdesanluis.com\/wp-content\/uploads\/2025\/03\/papa-francisco.png\",\"width\":780,\"height\":589},{\"@type\":\"BreadcrumbList\",\"@id\":\"https:\/\/apuntesdesanluis.com\/index.php\/2025\/03\/16\/primera-imagen-del-papa-francisco-tras-mas-de-un-mes-de-internacion\/#breadcrumb\",\"itemListElement\":[{\"@type\":\"ListItem\",\"position\":1,\"name\":\"Inicio\",\"item\":\"https:\/\/apuntesdesanluis.com\/\"},{\"@type\":\"ListItem\",\"position\":2,\"name\":\"PRIMERA IMAGEN DEL PAPA FRANCISCO TRAS M\u00c1S DE UN MES DE INTERNACI\u00d3N\"}]},{\"@type\":\"WebSite\",\"@id\":\"https:\/\/apuntesdesanluis.com\/#website\",\"url\":\"https:\/\/apuntesdesanluis.com\/\",\"name\":\"Apuntes de San Luis\",\"description\":\"\",\"publisher\":{\"@id\":\"https:\/\/apuntesdesanluis.com\/#\/schema\/person\/b55151d52296fcce64d1a72538a70b90\"},\"potentialAction\":[{\"@type\":\"SearchAction\",\"target\":{\"@type\":\"EntryPoint\",\"urlTemplate\":\"https:\/\/apuntesdesanluis.com\/?s={search_term_string}\"},\"query-input\":{\"@type\":\"PropertyValueSpecification\",\"valueRequired\":true,\"valueName\":\"search_term_string\"}}],\"inLanguage\":\"es-AR\"},{\"@type\":[\"Person\",\"Organization\"],\"@id\":\"https:\/\/apuntesdesanluis.com\/#\/schema\/person\/b55151d52296fcce64d1a72538a70b90\",\"name\":\"apuntesdesanluis.com\",\"image\":{\"@type\":\"ImageObject\",\"inLanguage\":\"es-AR\",\"@id\":\"https:\/\/apuntesdesanluis.com\/#\/schema\/person\/image\/\",\"url\":\"https:\/\/apuntesdesanluis.com\/wp-content\/uploads\/2023\/07\/cropped-apuntesdesanluis.png\",\"contentUrl\":\"https:\/\/apuntesdesanluis.com\/wp-content\/uploads\/2023\/07\/cropped-apuntesdesanluis.png\",\"width\":450,\"height\":112,\"caption\":\"apuntesdesanluis.com\"},\"logo\":{\"@id\":\"https:\/\/apuntesdesanluis.com\/#\/schema\/person\/image\/\"},\"sameAs\":[\"https:\/\/apuntesdesanluis.com\"],\"url\":\"https:\/\/apuntesdesanluis.com\/index.php\/author\/apuntesdesanluis-com\/\"}]}<\/script>\n<!-- \/ Yoast SEO plugin. -->","yoast_head_json":{"title":"PRIMERA IMAGEN DEL PAPA FRANCISCO TRAS M\u00c1S DE UN MES DE INTERNACI\u00d3N - Apuntes de San Luis","robots":{"index":"index","follow":"follow","max-snippet":"max-snippet:-1","max-image-preview":"max-image-preview:large","max-video-preview":"max-video-preview:-1"},"canonical":"https:\/\/apuntesdesanluis.com\/index.php\/2025\/03\/16\/primera-imagen-del-papa-francisco-tras-mas-de-un-mes-de-internacion\/","og_locale":"es_ES","og_type":"article","og_title":"PRIMERA IMAGEN DEL PAPA FRANCISCO TRAS M\u00c1S DE UN MES DE INTERNACI\u00d3N - Apuntes de San Luis","og_description":"El Vaticano difundi\u00f3 este domingo la primera fotograf\u00eda del Papa Francisco desde que fuera internado...","og_url":"https:\/\/apuntesdesanluis.com\/index.php\/2025\/03\/16\/primera-imagen-del-papa-francisco-tras-mas-de-un-mes-de-internacion\/","og_site_name":"Apuntes de San Luis","article_published_time":"2025-03-16T20:57:22+00:00","og_image":[{"width":780,"height":589,"url":"https:\/\/apuntesdesanluis.com\/wp-content\/uploads\/2025\/03\/papa-francisco.png","type":"image\/png"}],"author":"apuntesdesanluis.com","twitter_card":"summary_large_image","twitter_misc":{"Escrito por":"apuntesdesanluis.com","Tiempo de lectura":"2 minutos"},"schema":{"@context":"https:\/\/schema.org","@graph":[{"@type":"Article","@id":"https:\/\/apuntesdesanluis.com\/index.php\/2025\/03\/16\/primera-imagen-del-papa-francisco-tras-mas-de-un-mes-de-internacion\/#article","isPartOf":{"@id":"https:\/\/apuntesdesanluis.com\/index.php\/2025\/03\/16\/primera-imagen-del-papa-francisco-tras-mas-de-un-mes-de-internacion\/"},"author":{"name":"apuntesdesanluis.com","@id":"https:\/\/apuntesdesanluis.com\/#\/schema\/person\/b55151d52296fcce64d1a72538a70b90"},"headline":"PRIMERA IMAGEN DEL PAPA FRANCISCO TRAS M\u00c1S DE UN MES DE INTERNACI\u00d3N","datePublished":"2025-03-16T20:57:22+00:00","mainEntityOfPage":{"@id":"https:\/\/apuntesdesanluis.com\/index.php\/2025\/03\/16\/primera-imagen-del-papa-francisco-tras-mas-de-un-mes-de-internacion\/"},"wordCount":244,"publisher":{"@id":"https:\/\/apuntesdesanluis.com\/#\/schema\/person\/b55151d52296fcce64d1a72538a70b90"},"image":{"@id":"https:\/\/apuntesdesanluis.com\/index.php\/2025\/03\/16\/primera-imagen-del-papa-francisco-tras-mas-de-un-mes-de-internacion\/#primaryimage"},"thumbnailUrl":"https:\/\/apuntesdesanluis.com\/wp-content\/uploads\/2025\/03\/papa-francisco.png","articleSection":["Nacionales\/Internacionales"],"inLanguage":"es-AR"},{"@type":"WebPage","@id":"https:\/\/apuntesdesanluis.com\/index.php\/2025\/03\/16\/primera-imagen-del-papa-francisco-tras-mas-de-un-mes-de-internacion\/","url":"https:\/\/apuntesdesanluis.com\/index.php\/2025\/03\/16\/primera-imagen-del-papa-francisco-tras-mas-de-un-mes-de-internacion\/","name":"PRIMERA IMAGEN DEL PAPA FRANCISCO TRAS M\u00c1S DE UN MES DE INTERNACI\u00d3N - Apuntes de San Luis","isPartOf":{"@id":"https:\/\/apuntesdesanluis.com\/#website"},"primaryImageOfPage":{"@id":"https:\/\/apuntesdesanluis.com\/index.php\/2025\/03\/16\/primera-imagen-del-papa-francisco-tras-mas-de-un-mes-de-internacion\/#primaryimage"},"image":{"@id":"https:\/\/apuntesdesanluis.com\/index.php\/2025\/03\/16\/primera-imagen-del-papa-francisco-tras-mas-de-un-mes-de-internacion\/#primaryimage"},"thumbnailUrl":"https:\/\/apuntesdesanluis.com\/wp-content\/uploads\/2025\/03\/papa-francisco.png","datePublished":"2025-03-16T20:57:22+00:00","breadcrumb":{"@id":"https:\/\/apuntesdesanluis.com\/index.php\/2025\/03\/16\/primera-imagen-del-papa-francisco-tras-mas-de-un-mes-de-internacion\/#breadcrumb"},"inLanguage":"es-AR","potentialAction":[{"@type":"ReadAction","target":["https:\/\/apuntesdesanluis.com\/index.php\/2025\/03\/16\/primera-imagen-del-papa-francisco-tras-mas-de-un-mes-de-internacion\/"]}]},{"@type":"ImageObject","inLanguage":"es-AR","@id":"https:\/\/apuntesdesanluis.com\/index.php\/2025\/03\/16\/primera-imagen-del-papa-francisco-tras-mas-de-un-mes-de-internacion\/#primaryimage","url":"https:\/\/apuntesdesanluis.com\/wp-content\/uploads\/2025\/03\/papa-francisco.png","contentUrl":"https:\/\/apuntesdesanluis.com\/wp-content\/uploads\/2025\/03\/papa-francisco.png","width":780,"height":589},{"@type":"BreadcrumbList","@id":"https:\/\/apuntesdesanluis.com\/index.php\/2025\/03\/16\/primera-imagen-del-papa-francisco-tras-mas-de-un-mes-de-internacion\/#breadcrumb","itemListElement":[{"@type":"ListItem","position":1,"name":"Inicio","item":"https:\/\/apuntesdesanluis.com\/"},{"@type":"ListItem","position":2,"name":"PRIMERA IMAGEN DEL PAPA FRANCISCO TRAS M\u00c1S DE UN MES DE INTERNACI\u00d3N"}]},{"@type":"WebSite","@id":"https:\/\/apuntesdesanluis.com\/#website","url":"https:\/\/apuntesdesanluis.com\/","name":"Apuntes de San Luis","description":"","publisher":{"@id":"https:\/\/apuntesdesanluis.com\/#\/schema\/person\/b55151d52296fcce64d1a72538a70b90"},"potentialAction":[{"@type":"SearchAction","target":{"@type":"EntryPoint","urlTemplate":"https:\/\/apuntesdesanluis.com\/?s={search_term_string}"},"query-input":{"@type":"PropertyValueSpecification","valueRequired":true,"valueName":"search_term_string"}}],"inLanguage":"es-AR"},{"@type":["Person","Organization"],"@id":"https:\/\/apuntesdesanluis.com\/#\/schema\/person\/b55151d52296fcce64d1a72538a70b90","name":"apuntesdesanluis.com","image":{"@type":"ImageObject","inLanguage":"es-AR","@id":"https:\/\/apuntesdesanluis.com\/#\/schema\/person\/image\/","url":"https:\/\/apuntesdesanluis.com\/wp-content\/uploads\/2023\/07\/cropped-apuntesdesanluis.png","contentUrl":"https:\/\/apuntesdesanluis.com\/wp-content\/uploads\/2023\/07\/cropped-apuntesdesanluis.png","width":450,"height":112,"caption":"apuntesdesanluis.com"},"logo":{"@id":"https:\/\/apuntesdesanluis.com\/#\/schema\/person\/image\/"},"sameAs":["https:\/\/apuntesdesanluis.com"],"url":"https:\/\/apuntesdesanluis.com\/index.php\/author\/apuntesdesanluis-com\/"}]}},"featured_image_urls":{"full":["https:\/\/apuntesdesanluis.com\/wp-content\/uploads\/2025\/03\/papa-francisco.png",780,589,false],"thumbnail":["https:\/\/apuntesdesanluis.com\/wp-content\/uploads\/2025\/03\/papa-francisco-150x150.png",150,150,true],"medium":["https:\/\/apuntesdesanluis.com\/wp-content\/uploads\/2025\/03\/papa-francisco-300x227.png",300,227,true],"medium_large":["https:\/\/apuntesdesanluis.com\/wp-content\/uploads\/2025\/03\/papa-francisco-768x580.png",640,483,true],"large":["https:\/\/apuntesdesanluis.com\/wp-content\/uploads\/2025\/03\/papa-francisco.png",640,483,false],"1536x1536":["https:\/\/apuntesdesanluis.com\/wp-content\/uploads\/2025\/03\/papa-francisco.png",780,589,false],"2048x2048":["https:\/\/apuntesdesanluis.com\/wp-content\/uploads\/2025\/03\/papa-francisco.png",780,589,false],"newsever-slider-full":["https:\/\/apuntesdesanluis.com\/wp-content\/uploads\/2025\/03\/papa-francisco.png",780,589,false],"newsever-featured":["https:\/\/apuntesdesanluis.com\/wp-content\/uploads\/2025\/03\/papa-francisco.png",780,589,false],"newsever-medium":["https:\/\/apuntesdesanluis.com\/wp-content\/uploads\/2025\/03\/papa-francisco-720x475.png",720,475,true]},"author_info":{"display_name":"apuntesdesanluis.com","author_link":"https:\/\/apuntesdesanluis.com\/index.php\/author\/apuntesdesanluis-com\/"},"category_info":"<a href=\"https:\/\/apuntesdesanluis.com\/index.php\/category\/nacionales-internacionales\/\" rel=\"category tag\">Nacionales\/Internacionales<\/a>","tag_info":"Nacionales\/Internacionales","comment_count":"0","_links":{"self":[{"href":"https:\/\/apuntesdesanluis.com\/index.php\/wp-json\/wp\/v2\/posts\/30521","targetHints":{"allow":["GET"]}}],"collection":[{"href":"https:\/\/apuntesdesanluis.com\/index.php\/wp-json\/wp\/v2\/posts"}],"about":[{"href":"https:\/\/apuntesdesanluis.com\/index.php\/wp-json\/wp\/v2\/types\/post"}],"author":[{"embeddable":true,"href":"https:\/\/apuntesdesanluis.com\/index.php\/wp-json\/wp\/v2\/users\/1"}],"replies":[{"embeddable":true,"href":"https:\/\/apuntesdesanluis.com\/index.php\/wp-json\/wp\/v2\/comments?post=30521"}],"version-history":[{"count":1,"href":"https:\/\/apuntesdesanluis.com\/index.php\/wp-json\/wp\/v2\/posts\/30521\/revisions"}],"predecessor-version":[{"id":30523,"href":"https:\/\/apuntesdesanluis.com\/index.php\/wp-json\/wp\/v2\/posts\/30521\/revisions\/30523"}],"wp:featuredmedia":[{"embeddable":true,"href":"https:\/\/apuntesdesanluis.com\/index.php\/wp-json\/wp\/v2\/media\/30522"}],"wp:attachment":[{"href":"https:\/\/apuntesdesanluis.com\/index.php\/wp-json\/wp\/v2\/media?parent=30521"}],"wp:term":[{"taxonomy":"category","embeddable":true,"href":"https:\/\/apuntesdesanluis.com\/index.php\/wp-json\/wp\/v2\/categories?post=30521"},{"taxonomy":"post_tag","embeddable":true,"href":"https:\/\/apuntesdesanluis.com\/index.php\/wp-json\/wp\/v2\/tags?post=30521"}],"curies":[{"name":"wp","href":"https:\/\/api.w.org\/{rel}","templated":true}]}}