{"id":3053,"date":"2023-09-11T13:30:26","date_gmt":"2023-09-11T16:30:26","guid":{"rendered":"https:\/\/apuntesdesanluis.com\/?p=3053"},"modified":"2023-09-11T13:35:29","modified_gmt":"2023-09-11T16:35:29","slug":"congreso-misionero-despertar-la-vocacion-e-ir-mas-alla-de-las-fronteras","status":"publish","type":"post","link":"https:\/\/apuntesdesanluis.com\/index.php\/2023\/09\/11\/congreso-misionero-despertar-la-vocacion-e-ir-mas-alla-de-las-fronteras\/","title":{"rendered":"CONGRESO MISIONERO NACIONAL: YA HAY APROXIMADAMENTE 900 INSCRIPTOS"},"content":{"rendered":"<h3>As\u00ed lo asegur\u00f3 <strong>Javier Aguiar<\/strong>, responsable de Comunicaci\u00f3n y Prensa del Obispado de San Luis, en torno del <strong>VI Congreso Misionero Nacional<\/strong> (Comina6) que se realizar\u00e1 los d\u00edas 13, 14 y 15 de octubre en la di\u00f3cesis de San Luis, lo cual constituye un acontecimiento de gran relevancia para la Iglesia Argentina y la comunidad cat\u00f3lica en general.<\/h3>\n<h3>En ese marco, el obispo anfitri\u00f3n, monse\u00f1or<strong> Gabriel Barba<\/strong>, junto con los cuatro obispos que pertenecen a la Comisi\u00f3n Episcopal de las Misiones de la Conferencia Episcopal Argentina, brindaron una conferencia de prensa el viernes y dieron detalles sobre esta jornada.<\/h3>\n<h3>Con el lema \u201cArgentina, con la fuerza del Esp\u00edritu, testigos de Cristo\u201d, el congreso busca tanto animar la conciencia misionera como convocar y fortalecer el servicio de los equipos de animaci\u00f3n misionera de las distintas di\u00f3cesis.<\/h3>\n<h3>Monse\u00f1or Alejandro Giorgi, obispo auxiliar de Buenos Aires y miembro de la Comisi\u00f3n de Misiones, adelant\u00f3 que se trata de un \u201ccongreso de animaci\u00f3n\u201d, en consonancia con lo que va a ser el 6\u00b0 Congreso Americano Misionero (CAM6) que se llevar\u00e1 a cabo en noviembre del 2024 en Puerto Rico.<\/h3>\n<h3>En ese sentido, explic\u00f3 que \u201cel env\u00edo misionero tiene dos objetivos: por un lado, que cada bautizado es misionero en su propio \u00e1mbito y, por otro, un objetivo concreto que es la misi\u00f3n ad gentes\u201d.<\/h3>\n<h3>Como Iglesia argentina, el compromiso con la misi\u00f3n interna tiene que ver con los barrios populares, mientras que la misi\u00f3n m\u00e1s all\u00e1 de las fronteras se ve plasmada actualmente en una misi\u00f3n en la Amazonia peruana, que hoy llevan a cabo cinco misioneros.<\/h3>\n<h3>Monse\u00f1or Fernando Croxatto, obispo de Neuqu\u00e9n, indic\u00f3 que \u201cuna de las tareas de la Comisi\u00f3n de Misiones es sostener la misi\u00f3n universal de la Iglesia de llevar la Palabra del Se\u00f1or m\u00e1s all\u00e1 de las fronteras\u201d.<\/h3>\n<h3>\u201cEsto es lo que se trata de incentivar. La idea es llevar esta Buena Nueva del Se\u00f1or, esta alegr\u00eda del Evangelio a todos los que no la han escuchado nunca. Se trata de renovar ese esp\u00edritu de salida y desde all\u00ed poder motivar esa salida en los corazones, m\u00e1s all\u00e1 de las fronteras\u201d, expres\u00f3.<\/h3>\n<h3>\u201cEl congreso tiene la tarea de animar, sostener y ayudar a despertar esa vocaci\u00f3n misionera de la Iglesia internamente y m\u00e1s all\u00e1 de las fronteras\u201d, resumi\u00f3.<\/h3>\n<h3>El obispo anfitri\u00f3n, monse\u00f1or Barba, tambi\u00e9n insisti\u00f3 en esta dimensi\u00f3n de la Iglesia en salida: &#8220;La misi\u00f3n tiene que ver con este esp\u00edritu de actualizar y fortalecer, de acuerdo a cada necesidad, una Iglesia que salga al encuentro&#8221;.<\/h3>\n<h3>Por su parte, el obispo de Cafayate, monse\u00f1or Dar\u00edo Rub\u00e9n Quintana OAR, destac\u00f3 que \u201ctodos somos misioneros\u201d, y anim\u00f3 a \u201ctrabajar y entusiasmarnos juntos en la misi\u00f3n de Jes\u00fas, y llevarlo a los dem\u00e1s\u201d.<\/h3>\n<h3>A su vez, detall\u00f3 el cronograma de actividades, que comenzar\u00e1n temprano el viernes 13 en el colegio Don Bosco, con ponencias a trav\u00e9s de din\u00e1micas y distintos recursos. Por la tarde, un religioso dictar\u00e1 la ponencia \u201cSer\u00e1n mis testigos\u201d. La jornada concluir\u00e1 con una misa.<\/h3>\n<h3>El s\u00e1bado, se realizar\u00e1n talleres espec\u00edficos entre los que los congresistas tendr\u00e1n la posibilidad de elegir. Por la tarde, habr\u00e1 ponencias y trabajos en grupo. Para finalizar el d\u00eda, se celebrar\u00e1 la Eucarist\u00eda \u201cdando gracias a Dios por la jornada, que estimamos ser\u00e1 muy rica\u201d, y se har\u00e1 el tradicional fog\u00f3n \u201cdonde compartimos la alegr\u00eda de estar juntos\u201d.<\/h3>\n<h3>El domingo habr\u00e1 una marcha misionera a la catedral de la Inmaculada Concepci\u00f3n, donde se celebrar\u00e1 una misa de acci\u00f3n de gracias y env\u00edo, reforzando el mandato misionero de Jes\u00fas.<\/h3>\n<h3>Los ni\u00f1os tambi\u00e9n tendr\u00e1n un espacio dentro del congreso, para que puedan vivir esta dimensi\u00f3n misionera desde peque\u00f1os. Habr\u00e1 otro espacio para los catequistas de la di\u00f3cesis y talleres espec\u00edficos para el trabajo con los enfermos y los ancianos.<\/h3>\n<h3>Hasta el momento, hay inscriptos m\u00e1s de 900 personas de 60 di\u00f3cesis de la Argentina y 15 obispos, y se espera que la participaci\u00f3n ascienda a un total de 1.000 congresistas.<\/h3>\n<h3>En ese sentido, monse\u00f1or Quintana destac\u00f3 la generosidad de las familias anfitrionas: \u201cValoramos y agradecemos a las familias que reciben a los misioneros. Se transforman ellas mismas en generadoras de donaci\u00f3n\u201d, sostuvo.<\/h3>\n<h3>Monse\u00f1or Vicente Bokalic Iglic CM, obispo de Santiago del Estero, se\u00f1al\u00f3 que \u201ccuesta a veces encontrar sedes\u201d, por lo que agradeci\u00f3 la generosidad de monse\u00f1or Barba y la di\u00f3cesis de San Luis.<\/h3>\n<h3>A su vez, llam\u00f3 a \u201crenovar nuestra fe y la fe de las comunidades\u201d, y dijo que \u201cla idea es fortalecer los equipos diocesanos de misi\u00f3n para que animen esta dimensi\u00f3n misional en todas las comunidades\u201d, al tiempo que anim\u00f3 a \u201cayudar a las familias a vivir la fe en estos tiempos desafiantes porque -asegur\u00f3- hay gente que espera el mensaje\u201d.<\/h3>\n<h3>Claudio Navarro, coordinador general del congreso y director de las Obras Misionales Pontificias en San Luis, expres\u00f3: \u201cEstamos necesitando alojamientos. Las familias que puedan acercarse a la comunidad parroquial para ofrecer uno o dos lugares van a ser muy bienvenidas. Llamamos a la buena voluntad y disponibilidad de los puntanos para que puedan recibir a los sacerdotes y misioneros\u201d.<\/h3>\n<h3>Concluida la conferencia de prensa, los prelados rezaron el \u00c1ngelus desde la capilla del obispado de San Luis y pidieron, de manera especial, por el pr\u00f3ximo Congreso Misionero Nacional.<\/h3>\n<h3>El responsable de la Oficina de Comunicaci\u00f3n y Prensa del Obispado de San Luis, <strong>Javier Aguiar<\/strong>, dialog\u00f3 con <strong>Apuntes de San Luis,<\/strong> ofreci\u00f3 detalles del Sexto Congreso Misionero Nacional y pidi\u00f3 la colaboraci\u00f3n de los villamercedinos que puedan alojar congresistas.<\/h3>\n<p><img fetchpriority=\"high\" decoding=\"async\" class=\"wp-image-3059 aligncenter\" src=\"https:\/\/apuntesdesanluis.com\/wp-content\/uploads\/2023\/09\/aguiar-con-el-obispo-300x295.png\" alt=\"\" width=\"475\" height=\"467\" srcset=\"https:\/\/apuntesdesanluis.com\/wp-content\/uploads\/2023\/09\/aguiar-con-el-obispo-300x295.png 300w, https:\/\/apuntesdesanluis.com\/wp-content\/uploads\/2023\/09\/aguiar-con-el-obispo.png 419w\" sizes=\"(max-width: 475px) 100vw, 475px\" \/><\/p>\n<!--[if lt IE 9]><script>document.createElement('audio');<\/script><![endif]-->\n<audio class=\"wp-audio-shortcode\" id=\"audio-3053-1\" preload=\"none\" style=\"width: 100%;\" controls=\"controls\"><source type=\"audio\/mpeg\" src=\"https:\/\/apuntesdesanluis.com\/wp-content\/uploads\/2023\/09\/Aguiar.mp3?_=1\" \/><a href=\"https:\/\/apuntesdesanluis.com\/wp-content\/uploads\/2023\/09\/Aguiar.mp3\">https:\/\/apuntesdesanluis.com\/wp-content\/uploads\/2023\/09\/Aguiar.mp3<\/a><\/audio>\n","protected":false},"excerpt":{"rendered":"<p>As\u00ed lo asegur\u00f3 Javier Aguiar, responsable de Comunicaci\u00f3n y Prensa del Obispado de San Luis,&#8230;<\/p>\n","protected":false},"author":1,"featured_media":3054,"comment_status":"closed","ping_status":"closed","sticky":false,"template":"","format":"standard","meta":{"footnotes":""},"categories":[6],"tags":[],"class_list":["post-3053","post","type-post","status-publish","format-standard","has-post-thumbnail","hentry","category-ciudad-provincia"],"yoast_head":"<!-- This site is optimized with the Yoast SEO plugin v26.1.1 - https:\/\/yoast.com\/wordpress\/plugins\/seo\/ -->\n<title>CONGRESO MISIONERO NACIONAL: YA HAY APROXIMADAMENTE 900 INSCRIPTOS - Apuntes de San Luis<\/title>\n<meta name=\"robots\" content=\"index, follow, max-snippet:-1, max-image-preview:large, max-video-preview:-1\" \/>\n<link rel=\"canonical\" href=\"https:\/\/apuntesdesanluis.com\/index.php\/2023\/09\/11\/congreso-misionero-despertar-la-vocacion-e-ir-mas-alla-de-las-fronteras\/\" \/>\n<meta property=\"og:locale\" content=\"es_ES\" \/>\n<meta property=\"og:type\" content=\"article\" \/>\n<meta property=\"og:title\" content=\"CONGRESO MISIONERO NACIONAL: YA HAY APROXIMADAMENTE 900 INSCRIPTOS - Apuntes de San Luis\" \/>\n<meta property=\"og:description\" content=\"As\u00ed lo asegur\u00f3 Javier Aguiar, responsable de Comunicaci\u00f3n y Prensa del Obispado de San Luis,...\" \/>\n<meta property=\"og:url\" content=\"https:\/\/apuntesdesanluis.com\/index.php\/2023\/09\/11\/congreso-misionero-despertar-la-vocacion-e-ir-mas-alla-de-las-fronteras\/\" \/>\n<meta property=\"og:site_name\" content=\"Apuntes de San Luis\" \/>\n<meta property=\"article:published_time\" content=\"2023-09-11T16:30:26+00:00\" \/>\n<meta property=\"article:modified_time\" content=\"2023-09-11T16:35:29+00:00\" \/>\n<meta property=\"og:image\" content=\"https:\/\/apuntesdesanluis.com\/wp-content\/uploads\/2023\/09\/congreso-misionero.png\" \/>\n\t<meta property=\"og:image:width\" content=\"655\" \/>\n\t<meta property=\"og:image:height\" content=\"422\" \/>\n\t<meta property=\"og:image:type\" content=\"image\/png\" \/>\n<meta name=\"author\" content=\"apuntesdesanluis.com\" \/>\n<meta name=\"twitter:card\" content=\"summary_large_image\" \/>\n<meta name=\"twitter:label1\" content=\"Escrito por\" \/>\n\t<meta name=\"twitter:data1\" content=\"apuntesdesanluis.com\" \/>\n\t<meta name=\"twitter:label2\" content=\"Tiempo de lectura\" \/>\n\t<meta name=\"twitter:data2\" content=\"5 minutos\" \/>\n<script type=\"application\/ld+json\" class=\"yoast-schema-graph\">{\"@context\":\"https:\/\/schema.org\",\"@graph\":[{\"@type\":\"Article\",\"@id\":\"https:\/\/apuntesdesanluis.com\/index.php\/2023\/09\/11\/congreso-misionero-despertar-la-vocacion-e-ir-mas-alla-de-las-fronteras\/#article\",\"isPartOf\":{\"@id\":\"https:\/\/apuntesdesanluis.com\/index.php\/2023\/09\/11\/congreso-misionero-despertar-la-vocacion-e-ir-mas-alla-de-las-fronteras\/\"},\"author\":{\"name\":\"apuntesdesanluis.com\",\"@id\":\"https:\/\/apuntesdesanluis.com\/#\/schema\/person\/b55151d52296fcce64d1a72538a70b90\"},\"headline\":\"CONGRESO MISIONERO NACIONAL: YA HAY APROXIMADAMENTE 900 INSCRIPTOS\",\"datePublished\":\"2023-09-11T16:30:26+00:00\",\"dateModified\":\"2023-09-11T16:35:29+00:00\",\"mainEntityOfPage\":{\"@id\":\"https:\/\/apuntesdesanluis.com\/index.php\/2023\/09\/11\/congreso-misionero-despertar-la-vocacion-e-ir-mas-alla-de-las-fronteras\/\"},\"wordCount\":995,\"publisher\":{\"@id\":\"https:\/\/apuntesdesanluis.com\/#\/schema\/person\/b55151d52296fcce64d1a72538a70b90\"},\"image\":{\"@id\":\"https:\/\/apuntesdesanluis.com\/index.php\/2023\/09\/11\/congreso-misionero-despertar-la-vocacion-e-ir-mas-alla-de-las-fronteras\/#primaryimage\"},\"thumbnailUrl\":\"https:\/\/apuntesdesanluis.com\/wp-content\/uploads\/2023\/09\/congreso-misionero.png\",\"articleSection\":[\"Ciudad\/Provincia\"],\"inLanguage\":\"es-AR\"},{\"@type\":\"WebPage\",\"@id\":\"https:\/\/apuntesdesanluis.com\/index.php\/2023\/09\/11\/congreso-misionero-despertar-la-vocacion-e-ir-mas-alla-de-las-fronteras\/\",\"url\":\"https:\/\/apuntesdesanluis.com\/index.php\/2023\/09\/11\/congreso-misionero-despertar-la-vocacion-e-ir-mas-alla-de-las-fronteras\/\",\"name\":\"CONGRESO MISIONERO NACIONAL: YA HAY APROXIMADAMENTE 900 INSCRIPTOS - Apuntes de San Luis\",\"isPartOf\":{\"@id\":\"https:\/\/apuntesdesanluis.com\/#website\"},\"primaryImageOfPage\":{\"@id\":\"https:\/\/apuntesdesanluis.com\/index.php\/2023\/09\/11\/congreso-misionero-despertar-la-vocacion-e-ir-mas-alla-de-las-fronteras\/#primaryimage\"},\"image\":{\"@id\":\"https:\/\/apuntesdesanluis.com\/index.php\/2023\/09\/11\/congreso-misionero-despertar-la-vocacion-e-ir-mas-alla-de-las-fronteras\/#primaryimage\"},\"thumbnailUrl\":\"https:\/\/apuntesdesanluis.com\/wp-content\/uploads\/2023\/09\/congreso-misionero.png\",\"datePublished\":\"2023-09-11T16:30:26+00:00\",\"dateModified\":\"2023-09-11T16:35:29+00:00\",\"breadcrumb\":{\"@id\":\"https:\/\/apuntesdesanluis.com\/index.php\/2023\/09\/11\/congreso-misionero-despertar-la-vocacion-e-ir-mas-alla-de-las-fronteras\/#breadcrumb\"},\"inLanguage\":\"es-AR\",\"potentialAction\":[{\"@type\":\"ReadAction\",\"target\":[\"https:\/\/apuntesdesanluis.com\/index.php\/2023\/09\/11\/congreso-misionero-despertar-la-vocacion-e-ir-mas-alla-de-las-fronteras\/\"]}]},{\"@type\":\"ImageObject\",\"inLanguage\":\"es-AR\",\"@id\":\"https:\/\/apuntesdesanluis.com\/index.php\/2023\/09\/11\/congreso-misionero-despertar-la-vocacion-e-ir-mas-alla-de-las-fronteras\/#primaryimage\",\"url\":\"https:\/\/apuntesdesanluis.com\/wp-content\/uploads\/2023\/09\/congreso-misionero.png\",\"contentUrl\":\"https:\/\/apuntesdesanluis.com\/wp-content\/uploads\/2023\/09\/congreso-misionero.png\",\"width\":655,\"height\":422},{\"@type\":\"BreadcrumbList\",\"@id\":\"https:\/\/apuntesdesanluis.com\/index.php\/2023\/09\/11\/congreso-misionero-despertar-la-vocacion-e-ir-mas-alla-de-las-fronteras\/#breadcrumb\",\"itemListElement\":[{\"@type\":\"ListItem\",\"position\":1,\"name\":\"Inicio\",\"item\":\"https:\/\/apuntesdesanluis.com\/\"},{\"@type\":\"ListItem\",\"position\":2,\"name\":\"CONGRESO MISIONERO NACIONAL: YA HAY APROXIMADAMENTE 900 INSCRIPTOS\"}]},{\"@type\":\"WebSite\",\"@id\":\"https:\/\/apuntesdesanluis.com\/#website\",\"url\":\"https:\/\/apuntesdesanluis.com\/\",\"name\":\"Apuntes de San Luis\",\"description\":\"\",\"publisher\":{\"@id\":\"https:\/\/apuntesdesanluis.com\/#\/schema\/person\/b55151d52296fcce64d1a72538a70b90\"},\"potentialAction\":[{\"@type\":\"SearchAction\",\"target\":{\"@type\":\"EntryPoint\",\"urlTemplate\":\"https:\/\/apuntesdesanluis.com\/?s={search_term_string}\"},\"query-input\":{\"@type\":\"PropertyValueSpecification\",\"valueRequired\":true,\"valueName\":\"search_term_string\"}}],\"inLanguage\":\"es-AR\"},{\"@type\":[\"Person\",\"Organization\"],\"@id\":\"https:\/\/apuntesdesanluis.com\/#\/schema\/person\/b55151d52296fcce64d1a72538a70b90\",\"name\":\"apuntesdesanluis.com\",\"image\":{\"@type\":\"ImageObject\",\"inLanguage\":\"es-AR\",\"@id\":\"https:\/\/apuntesdesanluis.com\/#\/schema\/person\/image\/\",\"url\":\"https:\/\/apuntesdesanluis.com\/wp-content\/uploads\/2023\/07\/cropped-apuntesdesanluis.png\",\"contentUrl\":\"https:\/\/apuntesdesanluis.com\/wp-content\/uploads\/2023\/07\/cropped-apuntesdesanluis.png\",\"width\":450,\"height\":112,\"caption\":\"apuntesdesanluis.com\"},\"logo\":{\"@id\":\"https:\/\/apuntesdesanluis.com\/#\/schema\/person\/image\/\"},\"sameAs\":[\"https:\/\/apuntesdesanluis.com\"],\"url\":\"https:\/\/apuntesdesanluis.com\/index.php\/author\/apuntesdesanluis-com\/\"}]}<\/script>\n<!-- \/ Yoast SEO plugin. -->","yoast_head_json":{"title":"CONGRESO MISIONERO NACIONAL: YA HAY APROXIMADAMENTE 900 INSCRIPTOS - Apuntes de San Luis","robots":{"index":"index","follow":"follow","max-snippet":"max-snippet:-1","max-image-preview":"max-image-preview:large","max-video-preview":"max-video-preview:-1"},"canonical":"https:\/\/apuntesdesanluis.com\/index.php\/2023\/09\/11\/congreso-misionero-despertar-la-vocacion-e-ir-mas-alla-de-las-fronteras\/","og_locale":"es_ES","og_type":"article","og_title":"CONGRESO MISIONERO NACIONAL: YA HAY APROXIMADAMENTE 900 INSCRIPTOS - Apuntes de San Luis","og_description":"As\u00ed lo asegur\u00f3 Javier Aguiar, responsable de Comunicaci\u00f3n y Prensa del Obispado de San Luis,...","og_url":"https:\/\/apuntesdesanluis.com\/index.php\/2023\/09\/11\/congreso-misionero-despertar-la-vocacion-e-ir-mas-alla-de-las-fronteras\/","og_site_name":"Apuntes de San Luis","article_published_time":"2023-09-11T16:30:26+00:00","article_modified_time":"2023-09-11T16:35:29+00:00","og_image":[{"width":655,"height":422,"url":"https:\/\/apuntesdesanluis.com\/wp-content\/uploads\/2023\/09\/congreso-misionero.png","type":"image\/png"}],"author":"apuntesdesanluis.com","twitter_card":"summary_large_image","twitter_misc":{"Escrito por":"apuntesdesanluis.com","Tiempo de lectura":"5 minutos"},"schema":{"@context":"https:\/\/schema.org","@graph":[{"@type":"Article","@id":"https:\/\/apuntesdesanluis.com\/index.php\/2023\/09\/11\/congreso-misionero-despertar-la-vocacion-e-ir-mas-alla-de-las-fronteras\/#article","isPartOf":{"@id":"https:\/\/apuntesdesanluis.com\/index.php\/2023\/09\/11\/congreso-misionero-despertar-la-vocacion-e-ir-mas-alla-de-las-fronteras\/"},"author":{"name":"apuntesdesanluis.com","@id":"https:\/\/apuntesdesanluis.com\/#\/schema\/person\/b55151d52296fcce64d1a72538a70b90"},"headline":"CONGRESO MISIONERO NACIONAL: YA HAY APROXIMADAMENTE 900 INSCRIPTOS","datePublished":"2023-09-11T16:30:26+00:00","dateModified":"2023-09-11T16:35:29+00:00","mainEntityOfPage":{"@id":"https:\/\/apuntesdesanluis.com\/index.php\/2023\/09\/11\/congreso-misionero-despertar-la-vocacion-e-ir-mas-alla-de-las-fronteras\/"},"wordCount":995,"publisher":{"@id":"https:\/\/apuntesdesanluis.com\/#\/schema\/person\/b55151d52296fcce64d1a72538a70b90"},"image":{"@id":"https:\/\/apuntesdesanluis.com\/index.php\/2023\/09\/11\/congreso-misionero-despertar-la-vocacion-e-ir-mas-alla-de-las-fronteras\/#primaryimage"},"thumbnailUrl":"https:\/\/apuntesdesanluis.com\/wp-content\/uploads\/2023\/09\/congreso-misionero.png","articleSection":["Ciudad\/Provincia"],"inLanguage":"es-AR"},{"@type":"WebPage","@id":"https:\/\/apuntesdesanluis.com\/index.php\/2023\/09\/11\/congreso-misionero-despertar-la-vocacion-e-ir-mas-alla-de-las-fronteras\/","url":"https:\/\/apuntesdesanluis.com\/index.php\/2023\/09\/11\/congreso-misionero-despertar-la-vocacion-e-ir-mas-alla-de-las-fronteras\/","name":"CONGRESO MISIONERO NACIONAL: YA HAY APROXIMADAMENTE 900 INSCRIPTOS - Apuntes de San Luis","isPartOf":{"@id":"https:\/\/apuntesdesanluis.com\/#website"},"primaryImageOfPage":{"@id":"https:\/\/apuntesdesanluis.com\/index.php\/2023\/09\/11\/congreso-misionero-despertar-la-vocacion-e-ir-mas-alla-de-las-fronteras\/#primaryimage"},"image":{"@id":"https:\/\/apuntesdesanluis.com\/index.php\/2023\/09\/11\/congreso-misionero-despertar-la-vocacion-e-ir-mas-alla-de-las-fronteras\/#primaryimage"},"thumbnailUrl":"https:\/\/apuntesdesanluis.com\/wp-content\/uploads\/2023\/09\/congreso-misionero.png","datePublished":"2023-09-11T16:30:26+00:00","dateModified":"2023-09-11T16:35:29+00:00","breadcrumb":{"@id":"https:\/\/apuntesdesanluis.com\/index.php\/2023\/09\/11\/congreso-misionero-despertar-la-vocacion-e-ir-mas-alla-de-las-fronteras\/#breadcrumb"},"inLanguage":"es-AR","potentialAction":[{"@type":"ReadAction","target":["https:\/\/apuntesdesanluis.com\/index.php\/2023\/09\/11\/congreso-misionero-despertar-la-vocacion-e-ir-mas-alla-de-las-fronteras\/"]}]},{"@type":"ImageObject","inLanguage":"es-AR","@id":"https:\/\/apuntesdesanluis.com\/index.php\/2023\/09\/11\/congreso-misionero-despertar-la-vocacion-e-ir-mas-alla-de-las-fronteras\/#primaryimage","url":"https:\/\/apuntesdesanluis.com\/wp-content\/uploads\/2023\/09\/congreso-misionero.png","contentUrl":"https:\/\/apuntesdesanluis.com\/wp-content\/uploads\/2023\/09\/congreso-misionero.png","width":655,"height":422},{"@type":"BreadcrumbList","@id":"https:\/\/apuntesdesanluis.com\/index.php\/2023\/09\/11\/congreso-misionero-despertar-la-vocacion-e-ir-mas-alla-de-las-fronteras\/#breadcrumb","itemListElement":[{"@type":"ListItem","position":1,"name":"Inicio","item":"https:\/\/apuntesdesanluis.com\/"},{"@type":"ListItem","position":2,"name":"CONGRESO MISIONERO NACIONAL: YA HAY APROXIMADAMENTE 900 INSCRIPTOS"}]},{"@type":"WebSite","@id":"https:\/\/apuntesdesanluis.com\/#website","url":"https:\/\/apuntesdesanluis.com\/","name":"Apuntes de San Luis","description":"","publisher":{"@id":"https:\/\/apuntesdesanluis.com\/#\/schema\/person\/b55151d52296fcce64d1a72538a70b90"},"potentialAction":[{"@type":"SearchAction","target":{"@type":"EntryPoint","urlTemplate":"https:\/\/apuntesdesanluis.com\/?s={search_term_string}"},"query-input":{"@type":"PropertyValueSpecification","valueRequired":true,"valueName":"search_term_string"}}],"inLanguage":"es-AR"},{"@type":["Person","Organization"],"@id":"https:\/\/apuntesdesanluis.com\/#\/schema\/person\/b55151d52296fcce64d1a72538a70b90","name":"apuntesdesanluis.com","image":{"@type":"ImageObject","inLanguage":"es-AR","@id":"https:\/\/apuntesdesanluis.com\/#\/schema\/person\/image\/","url":"https:\/\/apuntesdesanluis.com\/wp-content\/uploads\/2023\/07\/cropped-apuntesdesanluis.png","contentUrl":"https:\/\/apuntesdesanluis.com\/wp-content\/uploads\/2023\/07\/cropped-apuntesdesanluis.png","width":450,"height":112,"caption":"apuntesdesanluis.com"},"logo":{"@id":"https:\/\/apuntesdesanluis.com\/#\/schema\/person\/image\/"},"sameAs":["https:\/\/apuntesdesanluis.com"],"url":"https:\/\/apuntesdesanluis.com\/index.php\/author\/apuntesdesanluis-com\/"}]}},"featured_image_urls":{"full":["https:\/\/apuntesdesanluis.com\/wp-content\/uploads\/2023\/09\/congreso-misionero.png",655,422,false],"thumbnail":["https:\/\/apuntesdesanluis.com\/wp-content\/uploads\/2023\/09\/congreso-misionero-150x150.png",150,150,true],"medium":["https:\/\/apuntesdesanluis.com\/wp-content\/uploads\/2023\/09\/congreso-misionero-300x193.png",300,193,true],"medium_large":["https:\/\/apuntesdesanluis.com\/wp-content\/uploads\/2023\/09\/congreso-misionero.png",640,412,false],"large":["https:\/\/apuntesdesanluis.com\/wp-content\/uploads\/2023\/09\/congreso-misionero.png",640,412,false],"1536x1536":["https:\/\/apuntesdesanluis.com\/wp-content\/uploads\/2023\/09\/congreso-misionero.png",655,422,false],"2048x2048":["https:\/\/apuntesdesanluis.com\/wp-content\/uploads\/2023\/09\/congreso-misionero.png",655,422,false],"newsever-slider-full":["https:\/\/apuntesdesanluis.com\/wp-content\/uploads\/2023\/09\/congreso-misionero.png",655,422,false],"newsever-featured":["https:\/\/apuntesdesanluis.com\/wp-content\/uploads\/2023\/09\/congreso-misionero.png",655,422,false],"newsever-medium":["https:\/\/apuntesdesanluis.com\/wp-content\/uploads\/2023\/09\/congreso-misionero.png",655,422,false]},"author_info":{"display_name":"apuntesdesanluis.com","author_link":"https:\/\/apuntesdesanluis.com\/index.php\/author\/apuntesdesanluis-com\/"},"category_info":"<a href=\"https:\/\/apuntesdesanluis.com\/index.php\/category\/ciudad-provincia\/\" rel=\"category tag\">Ciudad\/Provincia<\/a>","tag_info":"Ciudad\/Provincia","comment_count":"0","_links":{"self":[{"href":"https:\/\/apuntesdesanluis.com\/index.php\/wp-json\/wp\/v2\/posts\/3053","targetHints":{"allow":["GET"]}}],"collection":[{"href":"https:\/\/apuntesdesanluis.com\/index.php\/wp-json\/wp\/v2\/posts"}],"about":[{"href":"https:\/\/apuntesdesanluis.com\/index.php\/wp-json\/wp\/v2\/types\/post"}],"author":[{"embeddable":true,"href":"https:\/\/apuntesdesanluis.com\/index.php\/wp-json\/wp\/v2\/users\/1"}],"replies":[{"embeddable":true,"href":"https:\/\/apuntesdesanluis.com\/index.php\/wp-json\/wp\/v2\/comments?post=3053"}],"version-history":[{"count":7,"href":"https:\/\/apuntesdesanluis.com\/index.php\/wp-json\/wp\/v2\/posts\/3053\/revisions"}],"predecessor-version":[{"id":3066,"href":"https:\/\/apuntesdesanluis.com\/index.php\/wp-json\/wp\/v2\/posts\/3053\/revisions\/3066"}],"wp:featuredmedia":[{"embeddable":true,"href":"https:\/\/apuntesdesanluis.com\/index.php\/wp-json\/wp\/v2\/media\/3054"}],"wp:attachment":[{"href":"https:\/\/apuntesdesanluis.com\/index.php\/wp-json\/wp\/v2\/media?parent=3053"}],"wp:term":[{"taxonomy":"category","embeddable":true,"href":"https:\/\/apuntesdesanluis.com\/index.php\/wp-json\/wp\/v2\/categories?post=3053"},{"taxonomy":"post_tag","embeddable":true,"href":"https:\/\/apuntesdesanluis.com\/index.php\/wp-json\/wp\/v2\/tags?post=3053"}],"curies":[{"name":"wp","href":"https:\/\/api.w.org\/{rel}","templated":true}]}}