{"id":30539,"date":"2025-03-16T21:10:28","date_gmt":"2025-03-17T00:10:28","guid":{"rendered":"https:\/\/apuntesdesanluis.com\/?p=30539"},"modified":"2025-03-16T21:10:28","modified_gmt":"2025-03-17T00:10:28","slug":"la-cgt-hara-su-tercer-paro-general-contra-milei-el-8-de-abril-y-participara-de-la-marcha-del-24-de-marzo","status":"publish","type":"post","link":"https:\/\/apuntesdesanluis.com\/index.php\/2025\/03\/16\/la-cgt-hara-su-tercer-paro-general-contra-milei-el-8-de-abril-y-participara-de-la-marcha-del-24-de-marzo\/","title":{"rendered":"LA CGT HAR\u00c1 SU TERCER PARO GENERAL CONTRA MILEI EL 8 DE ABRIL Y PARTICIPAR\u00c1 DE LA MARCHA DEL 24 DE MARZO"},"content":{"rendered":"<h3>La<strong> CGT<\/strong> le puso fecha. El 8 de abril, la central obrera har\u00e1 su tercer paro general contra el gobierno de <strong>Javier Milei<\/strong> y tiene previsto el <strong>24 de marzo<\/strong>, el D\u00eda de la Memoria, participar de la marcha opositora, que se prev\u00e9 tendr\u00e1 mayor convocatoria que a\u00f1os anteriores.<\/h3>\n<h3>\u201cLa fecha est\u00e1 definida, los detalles se resolver\u00e1n el jueves\u201d, explic\u00f3 un dirigente que integra la mesa chica de la central obrera. El 20 de marzo, a las 15, en el Sal\u00f3n Sa\u00fal Ubaldini del cuarto piso del m\u00edtico edificio de la calle Azopardo, el Consejo Directivo definir\u00e1 esos \u201cdetalles\u201d.<\/h3>\n<h3>As\u00ed, la CGT encabezar\u00e1 el 8 de abril la tercera huelga general. La primera fue el 24 de enero de 2024, la m\u00e1s r\u00e1pida anunciada contra un gobierno democr\u00e1tico desde 1983. El 9 de mayo del mismo a\u00f1o ocurri\u00f3 el segundo paro nacional, que cont\u00f3 con la participaci\u00f3n del transporte y tuvo un fuerte impacto.<\/h3>\n<h3>Lo cierto es que, adem\u00e1s de la fecha y de la participaci\u00f3n de la marcha opositora del 24 de marzo -cuando se recuerda el d\u00eda en que empez\u00f3 la \u00faltima y m\u00e1s criminal dictadura militar- los l\u00edderes sindicales tomaron la decisi\u00f3n de redoblar su posici\u00f3n cr\u00edtica contra el gobierno de Milei, despu\u00e9s de meses de tregua y coexistencia pac\u00edfica.<\/h3>\n<h3>La ruptura de ese estado de cosas se concret\u00f3 el viernes pasado cuando en el Sal\u00f3n Felipe Vallese, H\u00e9ctor Daer, uno de los secretarios generales de la CGT recibi\u00f3 a la conducci\u00f3n piquetera de la UTEP, la organizaci\u00f3n que fund\u00f3 Juan Grabois, y comunic\u00f3 que hab\u00edan decidido convocar a un paro general antes del 10 de abril.<\/h3>\n<h3>En el estrado estaban adem\u00e1s de Daer (Sanidad), la dirigencia de la Uni\u00f3n de Trabajadores de la Econom\u00eda Popular, y debajo, en primera fila, el camionero Hugo Moyano y los gordos Andr\u00e9s Rodr\u00edguez (estatales), y Jos\u00e9 Luis Lingeri (obras sanitarias), aplaudiendo fervorosos el anuncio de la protesta.<\/h3>\n<h3>Ese cambio de tono en el v\u00ednculo, seg\u00fan lo anticip\u00f3 este medio, se resolvi\u00f3 en el \u00faltimo encuentro de mesa chica, al que asistieron Daer, Rodr\u00edguez, Lingeri, Moyano, Juan Carlos Schmid (Dragado y Balizamiento), Sergio Romero (UDA), Jorge Sola (Seguros) y Cristian Jer\u00f3nimo (vidrio), y el representante moyanista en el triunvirato de la CGT, Octavio Arg\u00fcello.<\/h3>\n<h3>M\u00e1s all\u00e1 del anuncio del paro, la clave de la efectividad que tendr\u00e1 esa medida de fuerza estar\u00e1 en lo que hagan los gremios del transporte. Las dos centrales que re\u00fanen a los sindicatos del sector -la CATT, moyanista, y su rival, la UGATT- hab\u00edan amagado con participar de la marcha por los jubilados que convocaron a gremios y barra bravas, pero finalmente se bajaron.<\/h3>\n<h3>Respecto a la marcha del mi\u00e9rcoles, donde est\u00e1 previsto que se vuelva a convocar una protesta frente al Congreso, todav\u00eda la CGT no tom\u00f3 ninguna determinaci\u00f3n. Las escenas de violencia y enfrentamientos con la Polic\u00eda pusieron a los sindicalistas en alerta.<\/h3>\n<h3>Lo cierto es que la Asociaci\u00f3n Trabajadores del Estado (ATE) defini\u00f3 un cese de tareas y retiro de los lugares de trabajo este mi\u00e9rcoles a partir de las 12 del mediod\u00eda para marchar nuevamente junto a los jubilados al Congreso de la Naci\u00f3n.<\/h3>\n<h3>Seg\u00fan informaron en un comunicado, a partir de la notificaci\u00f3n formal remitida a la cartera laboral, los trabajadores estar\u00e1n habilitados a abandonar servicios en todos los ministerios y organismos a la hora se\u00f1alada. \u201cDespu\u00e9s de la represi\u00f3n ilegal, est\u00e1 m\u00e1s claro que nunca que la lucha es por los jubilados y principalmente en defensa de la democracia\u201d, se\u00f1al\u00f3 Rodolfo Aguiar, Secretario General de la entidad gremial.<\/h3>\n<h3>Es el que encabeza la posici\u00f3n gremial m\u00e1s dura contra el gobierno de Milei, que parece empezar a contagiarse a los otros l\u00edderes sindicales.<\/h3>\n<h3><\/h3>\n<h3><\/h3>\n<h3><\/h3>\n","protected":false},"excerpt":{"rendered":"<p>La CGT le puso fecha. El 8 de abril, la central obrera har\u00e1 su tercer&#8230;<\/p>\n","protected":false},"author":1,"featured_media":30540,"comment_status":"closed","ping_status":"closed","sticky":false,"template":"","format":"standard","meta":{"footnotes":""},"categories":[5],"tags":[],"class_list":["post-30539","post","type-post","status-publish","format-standard","has-post-thumbnail","hentry","category-nacionales-internacionales"],"yoast_head":"<!-- This site is optimized with the Yoast SEO plugin v26.1.1 - https:\/\/yoast.com\/wordpress\/plugins\/seo\/ -->\n<title>LA CGT HAR\u00c1 SU TERCER PARO GENERAL CONTRA MILEI EL 8 DE ABRIL Y PARTICIPAR\u00c1 DE LA MARCHA DEL 24 DE MARZO - Apuntes de San Luis<\/title>\n<meta name=\"robots\" content=\"index, follow, max-snippet:-1, max-image-preview:large, max-video-preview:-1\" \/>\n<link rel=\"canonical\" href=\"https:\/\/apuntesdesanluis.com\/index.php\/2025\/03\/16\/la-cgt-hara-su-tercer-paro-general-contra-milei-el-8-de-abril-y-participara-de-la-marcha-del-24-de-marzo\/\" \/>\n<meta property=\"og:locale\" content=\"es_ES\" \/>\n<meta property=\"og:type\" content=\"article\" \/>\n<meta property=\"og:title\" content=\"LA CGT HAR\u00c1 SU TERCER PARO GENERAL CONTRA MILEI EL 8 DE ABRIL Y PARTICIPAR\u00c1 DE LA MARCHA DEL 24 DE MARZO - Apuntes de San Luis\" \/>\n<meta property=\"og:description\" content=\"La CGT le puso fecha. El 8 de abril, la central obrera har\u00e1 su tercer...\" \/>\n<meta property=\"og:url\" content=\"https:\/\/apuntesdesanluis.com\/index.php\/2025\/03\/16\/la-cgt-hara-su-tercer-paro-general-contra-milei-el-8-de-abril-y-participara-de-la-marcha-del-24-de-marzo\/\" \/>\n<meta property=\"og:site_name\" content=\"Apuntes de San Luis\" \/>\n<meta property=\"article:published_time\" content=\"2025-03-17T00:10:28+00:00\" \/>\n<meta property=\"og:image\" content=\"https:\/\/apuntesdesanluis.com\/wp-content\/uploads\/2025\/03\/paro-de-la-cgt.png\" \/>\n\t<meta property=\"og:image:width\" content=\"803\" \/>\n\t<meta property=\"og:image:height\" content=\"478\" \/>\n\t<meta property=\"og:image:type\" content=\"image\/png\" \/>\n<meta name=\"author\" content=\"apuntesdesanluis.com\" \/>\n<meta name=\"twitter:card\" content=\"summary_large_image\" \/>\n<meta name=\"twitter:label1\" content=\"Escrito por\" \/>\n\t<meta name=\"twitter:data1\" content=\"apuntesdesanluis.com\" \/>\n\t<meta name=\"twitter:label2\" content=\"Tiempo de lectura\" \/>\n\t<meta name=\"twitter:data2\" content=\"4 minutos\" \/>\n<script type=\"application\/ld+json\" class=\"yoast-schema-graph\">{\"@context\":\"https:\/\/schema.org\",\"@graph\":[{\"@type\":\"Article\",\"@id\":\"https:\/\/apuntesdesanluis.com\/index.php\/2025\/03\/16\/la-cgt-hara-su-tercer-paro-general-contra-milei-el-8-de-abril-y-participara-de-la-marcha-del-24-de-marzo\/#article\",\"isPartOf\":{\"@id\":\"https:\/\/apuntesdesanluis.com\/index.php\/2025\/03\/16\/la-cgt-hara-su-tercer-paro-general-contra-milei-el-8-de-abril-y-participara-de-la-marcha-del-24-de-marzo\/\"},\"author\":{\"name\":\"apuntesdesanluis.com\",\"@id\":\"https:\/\/apuntesdesanluis.com\/#\/schema\/person\/b55151d52296fcce64d1a72538a70b90\"},\"headline\":\"LA CGT HAR\u00c1 SU TERCER PARO GENERAL CONTRA MILEI EL 8 DE ABRIL Y PARTICIPAR\u00c1 DE LA MARCHA DEL 24 DE MARZO\",\"datePublished\":\"2025-03-17T00:10:28+00:00\",\"mainEntityOfPage\":{\"@id\":\"https:\/\/apuntesdesanluis.com\/index.php\/2025\/03\/16\/la-cgt-hara-su-tercer-paro-general-contra-milei-el-8-de-abril-y-participara-de-la-marcha-del-24-de-marzo\/\"},\"wordCount\":678,\"publisher\":{\"@id\":\"https:\/\/apuntesdesanluis.com\/#\/schema\/person\/b55151d52296fcce64d1a72538a70b90\"},\"image\":{\"@id\":\"https:\/\/apuntesdesanluis.com\/index.php\/2025\/03\/16\/la-cgt-hara-su-tercer-paro-general-contra-milei-el-8-de-abril-y-participara-de-la-marcha-del-24-de-marzo\/#primaryimage\"},\"thumbnailUrl\":\"https:\/\/apuntesdesanluis.com\/wp-content\/uploads\/2025\/03\/paro-de-la-cgt.png\",\"articleSection\":[\"Nacionales\/Internacionales\"],\"inLanguage\":\"es-AR\"},{\"@type\":\"WebPage\",\"@id\":\"https:\/\/apuntesdesanluis.com\/index.php\/2025\/03\/16\/la-cgt-hara-su-tercer-paro-general-contra-milei-el-8-de-abril-y-participara-de-la-marcha-del-24-de-marzo\/\",\"url\":\"https:\/\/apuntesdesanluis.com\/index.php\/2025\/03\/16\/la-cgt-hara-su-tercer-paro-general-contra-milei-el-8-de-abril-y-participara-de-la-marcha-del-24-de-marzo\/\",\"name\":\"LA CGT HAR\u00c1 SU TERCER PARO GENERAL CONTRA MILEI EL 8 DE ABRIL Y PARTICIPAR\u00c1 DE LA MARCHA DEL 24 DE MARZO - Apuntes de San Luis\",\"isPartOf\":{\"@id\":\"https:\/\/apuntesdesanluis.com\/#website\"},\"primaryImageOfPage\":{\"@id\":\"https:\/\/apuntesdesanluis.com\/index.php\/2025\/03\/16\/la-cgt-hara-su-tercer-paro-general-contra-milei-el-8-de-abril-y-participara-de-la-marcha-del-24-de-marzo\/#primaryimage\"},\"image\":{\"@id\":\"https:\/\/apuntesdesanluis.com\/index.php\/2025\/03\/16\/la-cgt-hara-su-tercer-paro-general-contra-milei-el-8-de-abril-y-participara-de-la-marcha-del-24-de-marzo\/#primaryimage\"},\"thumbnailUrl\":\"https:\/\/apuntesdesanluis.com\/wp-content\/uploads\/2025\/03\/paro-de-la-cgt.png\",\"datePublished\":\"2025-03-17T00:10:28+00:00\",\"breadcrumb\":{\"@id\":\"https:\/\/apuntesdesanluis.com\/index.php\/2025\/03\/16\/la-cgt-hara-su-tercer-paro-general-contra-milei-el-8-de-abril-y-participara-de-la-marcha-del-24-de-marzo\/#breadcrumb\"},\"inLanguage\":\"es-AR\",\"potentialAction\":[{\"@type\":\"ReadAction\",\"target\":[\"https:\/\/apuntesdesanluis.com\/index.php\/2025\/03\/16\/la-cgt-hara-su-tercer-paro-general-contra-milei-el-8-de-abril-y-participara-de-la-marcha-del-24-de-marzo\/\"]}]},{\"@type\":\"ImageObject\",\"inLanguage\":\"es-AR\",\"@id\":\"https:\/\/apuntesdesanluis.com\/index.php\/2025\/03\/16\/la-cgt-hara-su-tercer-paro-general-contra-milei-el-8-de-abril-y-participara-de-la-marcha-del-24-de-marzo\/#primaryimage\",\"url\":\"https:\/\/apuntesdesanluis.com\/wp-content\/uploads\/2025\/03\/paro-de-la-cgt.png\",\"contentUrl\":\"https:\/\/apuntesdesanluis.com\/wp-content\/uploads\/2025\/03\/paro-de-la-cgt.png\",\"width\":803,\"height\":478},{\"@type\":\"BreadcrumbList\",\"@id\":\"https:\/\/apuntesdesanluis.com\/index.php\/2025\/03\/16\/la-cgt-hara-su-tercer-paro-general-contra-milei-el-8-de-abril-y-participara-de-la-marcha-del-24-de-marzo\/#breadcrumb\",\"itemListElement\":[{\"@type\":\"ListItem\",\"position\":1,\"name\":\"Inicio\",\"item\":\"https:\/\/apuntesdesanluis.com\/\"},{\"@type\":\"ListItem\",\"position\":2,\"name\":\"LA CGT HAR\u00c1 SU TERCER PARO GENERAL CONTRA MILEI EL 8 DE ABRIL Y PARTICIPAR\u00c1 DE LA MARCHA DEL 24 DE MARZO\"}]},{\"@type\":\"WebSite\",\"@id\":\"https:\/\/apuntesdesanluis.com\/#website\",\"url\":\"https:\/\/apuntesdesanluis.com\/\",\"name\":\"Apuntes de San Luis\",\"description\":\"\",\"publisher\":{\"@id\":\"https:\/\/apuntesdesanluis.com\/#\/schema\/person\/b55151d52296fcce64d1a72538a70b90\"},\"potentialAction\":[{\"@type\":\"SearchAction\",\"target\":{\"@type\":\"EntryPoint\",\"urlTemplate\":\"https:\/\/apuntesdesanluis.com\/?s={search_term_string}\"},\"query-input\":{\"@type\":\"PropertyValueSpecification\",\"valueRequired\":true,\"valueName\":\"search_term_string\"}}],\"inLanguage\":\"es-AR\"},{\"@type\":[\"Person\",\"Organization\"],\"@id\":\"https:\/\/apuntesdesanluis.com\/#\/schema\/person\/b55151d52296fcce64d1a72538a70b90\",\"name\":\"apuntesdesanluis.com\",\"image\":{\"@type\":\"ImageObject\",\"inLanguage\":\"es-AR\",\"@id\":\"https:\/\/apuntesdesanluis.com\/#\/schema\/person\/image\/\",\"url\":\"https:\/\/apuntesdesanluis.com\/wp-content\/uploads\/2023\/07\/cropped-apuntesdesanluis.png\",\"contentUrl\":\"https:\/\/apuntesdesanluis.com\/wp-content\/uploads\/2023\/07\/cropped-apuntesdesanluis.png\",\"width\":450,\"height\":112,\"caption\":\"apuntesdesanluis.com\"},\"logo\":{\"@id\":\"https:\/\/apuntesdesanluis.com\/#\/schema\/person\/image\/\"},\"sameAs\":[\"https:\/\/apuntesdesanluis.com\"],\"url\":\"https:\/\/apuntesdesanluis.com\/index.php\/author\/apuntesdesanluis-com\/\"}]}<\/script>\n<!-- \/ Yoast SEO plugin. -->","yoast_head_json":{"title":"LA CGT HAR\u00c1 SU TERCER PARO GENERAL CONTRA MILEI EL 8 DE ABRIL Y PARTICIPAR\u00c1 DE LA MARCHA DEL 24 DE MARZO - Apuntes de San Luis","robots":{"index":"index","follow":"follow","max-snippet":"max-snippet:-1","max-image-preview":"max-image-preview:large","max-video-preview":"max-video-preview:-1"},"canonical":"https:\/\/apuntesdesanluis.com\/index.php\/2025\/03\/16\/la-cgt-hara-su-tercer-paro-general-contra-milei-el-8-de-abril-y-participara-de-la-marcha-del-24-de-marzo\/","og_locale":"es_ES","og_type":"article","og_title":"LA CGT HAR\u00c1 SU TERCER PARO GENERAL CONTRA MILEI EL 8 DE ABRIL Y PARTICIPAR\u00c1 DE LA MARCHA DEL 24 DE MARZO - Apuntes de San Luis","og_description":"La CGT le puso fecha. El 8 de abril, la central obrera har\u00e1 su tercer...","og_url":"https:\/\/apuntesdesanluis.com\/index.php\/2025\/03\/16\/la-cgt-hara-su-tercer-paro-general-contra-milei-el-8-de-abril-y-participara-de-la-marcha-del-24-de-marzo\/","og_site_name":"Apuntes de San Luis","article_published_time":"2025-03-17T00:10:28+00:00","og_image":[{"width":803,"height":478,"url":"https:\/\/apuntesdesanluis.com\/wp-content\/uploads\/2025\/03\/paro-de-la-cgt.png","type":"image\/png"}],"author":"apuntesdesanluis.com","twitter_card":"summary_large_image","twitter_misc":{"Escrito por":"apuntesdesanluis.com","Tiempo de lectura":"4 minutos"},"schema":{"@context":"https:\/\/schema.org","@graph":[{"@type":"Article","@id":"https:\/\/apuntesdesanluis.com\/index.php\/2025\/03\/16\/la-cgt-hara-su-tercer-paro-general-contra-milei-el-8-de-abril-y-participara-de-la-marcha-del-24-de-marzo\/#article","isPartOf":{"@id":"https:\/\/apuntesdesanluis.com\/index.php\/2025\/03\/16\/la-cgt-hara-su-tercer-paro-general-contra-milei-el-8-de-abril-y-participara-de-la-marcha-del-24-de-marzo\/"},"author":{"name":"apuntesdesanluis.com","@id":"https:\/\/apuntesdesanluis.com\/#\/schema\/person\/b55151d52296fcce64d1a72538a70b90"},"headline":"LA CGT HAR\u00c1 SU TERCER PARO GENERAL CONTRA MILEI EL 8 DE ABRIL Y PARTICIPAR\u00c1 DE LA MARCHA DEL 24 DE MARZO","datePublished":"2025-03-17T00:10:28+00:00","mainEntityOfPage":{"@id":"https:\/\/apuntesdesanluis.com\/index.php\/2025\/03\/16\/la-cgt-hara-su-tercer-paro-general-contra-milei-el-8-de-abril-y-participara-de-la-marcha-del-24-de-marzo\/"},"wordCount":678,"publisher":{"@id":"https:\/\/apuntesdesanluis.com\/#\/schema\/person\/b55151d52296fcce64d1a72538a70b90"},"image":{"@id":"https:\/\/apuntesdesanluis.com\/index.php\/2025\/03\/16\/la-cgt-hara-su-tercer-paro-general-contra-milei-el-8-de-abril-y-participara-de-la-marcha-del-24-de-marzo\/#primaryimage"},"thumbnailUrl":"https:\/\/apuntesdesanluis.com\/wp-content\/uploads\/2025\/03\/paro-de-la-cgt.png","articleSection":["Nacionales\/Internacionales"],"inLanguage":"es-AR"},{"@type":"WebPage","@id":"https:\/\/apuntesdesanluis.com\/index.php\/2025\/03\/16\/la-cgt-hara-su-tercer-paro-general-contra-milei-el-8-de-abril-y-participara-de-la-marcha-del-24-de-marzo\/","url":"https:\/\/apuntesdesanluis.com\/index.php\/2025\/03\/16\/la-cgt-hara-su-tercer-paro-general-contra-milei-el-8-de-abril-y-participara-de-la-marcha-del-24-de-marzo\/","name":"LA CGT HAR\u00c1 SU TERCER PARO GENERAL CONTRA MILEI EL 8 DE ABRIL Y PARTICIPAR\u00c1 DE LA MARCHA DEL 24 DE MARZO - Apuntes de San Luis","isPartOf":{"@id":"https:\/\/apuntesdesanluis.com\/#website"},"primaryImageOfPage":{"@id":"https:\/\/apuntesdesanluis.com\/index.php\/2025\/03\/16\/la-cgt-hara-su-tercer-paro-general-contra-milei-el-8-de-abril-y-participara-de-la-marcha-del-24-de-marzo\/#primaryimage"},"image":{"@id":"https:\/\/apuntesdesanluis.com\/index.php\/2025\/03\/16\/la-cgt-hara-su-tercer-paro-general-contra-milei-el-8-de-abril-y-participara-de-la-marcha-del-24-de-marzo\/#primaryimage"},"thumbnailUrl":"https:\/\/apuntesdesanluis.com\/wp-content\/uploads\/2025\/03\/paro-de-la-cgt.png","datePublished":"2025-03-17T00:10:28+00:00","breadcrumb":{"@id":"https:\/\/apuntesdesanluis.com\/index.php\/2025\/03\/16\/la-cgt-hara-su-tercer-paro-general-contra-milei-el-8-de-abril-y-participara-de-la-marcha-del-24-de-marzo\/#breadcrumb"},"inLanguage":"es-AR","potentialAction":[{"@type":"ReadAction","target":["https:\/\/apuntesdesanluis.com\/index.php\/2025\/03\/16\/la-cgt-hara-su-tercer-paro-general-contra-milei-el-8-de-abril-y-participara-de-la-marcha-del-24-de-marzo\/"]}]},{"@type":"ImageObject","inLanguage":"es-AR","@id":"https:\/\/apuntesdesanluis.com\/index.php\/2025\/03\/16\/la-cgt-hara-su-tercer-paro-general-contra-milei-el-8-de-abril-y-participara-de-la-marcha-del-24-de-marzo\/#primaryimage","url":"https:\/\/apuntesdesanluis.com\/wp-content\/uploads\/2025\/03\/paro-de-la-cgt.png","contentUrl":"https:\/\/apuntesdesanluis.com\/wp-content\/uploads\/2025\/03\/paro-de-la-cgt.png","width":803,"height":478},{"@type":"BreadcrumbList","@id":"https:\/\/apuntesdesanluis.com\/index.php\/2025\/03\/16\/la-cgt-hara-su-tercer-paro-general-contra-milei-el-8-de-abril-y-participara-de-la-marcha-del-24-de-marzo\/#breadcrumb","itemListElement":[{"@type":"ListItem","position":1,"name":"Inicio","item":"https:\/\/apuntesdesanluis.com\/"},{"@type":"ListItem","position":2,"name":"LA CGT HAR\u00c1 SU TERCER PARO GENERAL CONTRA MILEI EL 8 DE ABRIL Y PARTICIPAR\u00c1 DE LA MARCHA DEL 24 DE MARZO"}]},{"@type":"WebSite","@id":"https:\/\/apuntesdesanluis.com\/#website","url":"https:\/\/apuntesdesanluis.com\/","name":"Apuntes de San Luis","description":"","publisher":{"@id":"https:\/\/apuntesdesanluis.com\/#\/schema\/person\/b55151d52296fcce64d1a72538a70b90"},"potentialAction":[{"@type":"SearchAction","target":{"@type":"EntryPoint","urlTemplate":"https:\/\/apuntesdesanluis.com\/?s={search_term_string}"},"query-input":{"@type":"PropertyValueSpecification","valueRequired":true,"valueName":"search_term_string"}}],"inLanguage":"es-AR"},{"@type":["Person","Organization"],"@id":"https:\/\/apuntesdesanluis.com\/#\/schema\/person\/b55151d52296fcce64d1a72538a70b90","name":"apuntesdesanluis.com","image":{"@type":"ImageObject","inLanguage":"es-AR","@id":"https:\/\/apuntesdesanluis.com\/#\/schema\/person\/image\/","url":"https:\/\/apuntesdesanluis.com\/wp-content\/uploads\/2023\/07\/cropped-apuntesdesanluis.png","contentUrl":"https:\/\/apuntesdesanluis.com\/wp-content\/uploads\/2023\/07\/cropped-apuntesdesanluis.png","width":450,"height":112,"caption":"apuntesdesanluis.com"},"logo":{"@id":"https:\/\/apuntesdesanluis.com\/#\/schema\/person\/image\/"},"sameAs":["https:\/\/apuntesdesanluis.com"],"url":"https:\/\/apuntesdesanluis.com\/index.php\/author\/apuntesdesanluis-com\/"}]}},"featured_image_urls":{"full":["https:\/\/apuntesdesanluis.com\/wp-content\/uploads\/2025\/03\/paro-de-la-cgt.png",803,478,false],"thumbnail":["https:\/\/apuntesdesanluis.com\/wp-content\/uploads\/2025\/03\/paro-de-la-cgt-150x150.png",150,150,true],"medium":["https:\/\/apuntesdesanluis.com\/wp-content\/uploads\/2025\/03\/paro-de-la-cgt-300x179.png",300,179,true],"medium_large":["https:\/\/apuntesdesanluis.com\/wp-content\/uploads\/2025\/03\/paro-de-la-cgt-768x457.png",640,381,true],"large":["https:\/\/apuntesdesanluis.com\/wp-content\/uploads\/2025\/03\/paro-de-la-cgt.png",640,381,false],"1536x1536":["https:\/\/apuntesdesanluis.com\/wp-content\/uploads\/2025\/03\/paro-de-la-cgt.png",803,478,false],"2048x2048":["https:\/\/apuntesdesanluis.com\/wp-content\/uploads\/2025\/03\/paro-de-la-cgt.png",803,478,false],"newsever-slider-full":["https:\/\/apuntesdesanluis.com\/wp-content\/uploads\/2025\/03\/paro-de-la-cgt.png",803,478,false],"newsever-featured":["https:\/\/apuntesdesanluis.com\/wp-content\/uploads\/2025\/03\/paro-de-la-cgt.png",803,478,false],"newsever-medium":["https:\/\/apuntesdesanluis.com\/wp-content\/uploads\/2025\/03\/paro-de-la-cgt-720x475.png",720,475,true]},"author_info":{"display_name":"apuntesdesanluis.com","author_link":"https:\/\/apuntesdesanluis.com\/index.php\/author\/apuntesdesanluis-com\/"},"category_info":"<a href=\"https:\/\/apuntesdesanluis.com\/index.php\/category\/nacionales-internacionales\/\" rel=\"category tag\">Nacionales\/Internacionales<\/a>","tag_info":"Nacionales\/Internacionales","comment_count":"0","_links":{"self":[{"href":"https:\/\/apuntesdesanluis.com\/index.php\/wp-json\/wp\/v2\/posts\/30539","targetHints":{"allow":["GET"]}}],"collection":[{"href":"https:\/\/apuntesdesanluis.com\/index.php\/wp-json\/wp\/v2\/posts"}],"about":[{"href":"https:\/\/apuntesdesanluis.com\/index.php\/wp-json\/wp\/v2\/types\/post"}],"author":[{"embeddable":true,"href":"https:\/\/apuntesdesanluis.com\/index.php\/wp-json\/wp\/v2\/users\/1"}],"replies":[{"embeddable":true,"href":"https:\/\/apuntesdesanluis.com\/index.php\/wp-json\/wp\/v2\/comments?post=30539"}],"version-history":[{"count":1,"href":"https:\/\/apuntesdesanluis.com\/index.php\/wp-json\/wp\/v2\/posts\/30539\/revisions"}],"predecessor-version":[{"id":30541,"href":"https:\/\/apuntesdesanluis.com\/index.php\/wp-json\/wp\/v2\/posts\/30539\/revisions\/30541"}],"wp:featuredmedia":[{"embeddable":true,"href":"https:\/\/apuntesdesanluis.com\/index.php\/wp-json\/wp\/v2\/media\/30540"}],"wp:attachment":[{"href":"https:\/\/apuntesdesanluis.com\/index.php\/wp-json\/wp\/v2\/media?parent=30539"}],"wp:term":[{"taxonomy":"category","embeddable":true,"href":"https:\/\/apuntesdesanluis.com\/index.php\/wp-json\/wp\/v2\/categories?post=30539"},{"taxonomy":"post_tag","embeddable":true,"href":"https:\/\/apuntesdesanluis.com\/index.php\/wp-json\/wp\/v2\/tags?post=30539"}],"curies":[{"name":"wp","href":"https:\/\/api.w.org\/{rel}","templated":true}]}}