{"id":30542,"date":"2025-03-16T21:41:44","date_gmt":"2025-03-17T00:41:44","guid":{"rendered":"https:\/\/apuntesdesanluis.com\/?p=30542"},"modified":"2025-03-16T21:41:44","modified_gmt":"2025-03-17T00:41:44","slug":"comienzan-las-clases-en-las-universidades-con-un-paro-por-48-horas","status":"publish","type":"post","link":"https:\/\/apuntesdesanluis.com\/index.php\/2025\/03\/16\/comienzan-las-clases-en-las-universidades-con-un-paro-por-48-horas\/","title":{"rendered":"COMIENZAN LAS CLASES EN LAS UNIVERSIDADES CON UN PARO POR 48 HORAS"},"content":{"rendered":"<h3>El paro de este <strong>lunes 17 y martes 18 de marzo<\/strong> se perfila como el primer episodio de la segunda temporada del conflicto universitario, cuya trama qued\u00f3 sin resolver en 2024.<\/h3>\n<h3>El deterioro de los salarios de docentes e investigadores, la reducci\u00f3n de las becas para estudiantes, la par\u00e1lisis de las obras de infraestructura, el desfinanciamiento del sistema cient\u00edfico y tecnol\u00f3gico y la desactualizaci\u00f3n de los gastos de funcionamiento componen una agenda de reclamos que motiv\u00f3 el a\u00f1o pasado dos marchas federales masivas.<\/h3>\n<h3>De estos cinco puntos, solo el \u00faltimo se hab\u00eda saldado tras la primera marcha del 23 de abril, cuando el Gobierno nacional otorg\u00f3 una actualizaci\u00f3n del 270%, primero a la UBA y luego al resto de las universidades nacionales. Sin embargo, varios rectores denuncian que esa partida \u2013que representa hasta un 10% del presupuesto universitario\u2013 volvi\u00f3 a quedar desactualizada en 2025, mientras las becas siguen congeladas desde agosto, las obras permanecen detenidas y los salarios de docentes y no docentes profundizaron su ca\u00edda en enero y febrero.<\/h3>\n<h3>A diferencia del a\u00f1o pasado, cuando el reclamo m\u00e1s urgente ten\u00eda que ver con la amenaza a la continuidad en el funcionamiento normal de las universidades, en este primer cuatrimestre de 2025 el principal foco est\u00e1 puesto en los salarios, que perdieron alrededor de un 30% de poder de compra desde que asumi\u00f3 el actual gobierno.<\/h3>\n<h3>Desde el Frente Sindical de Universidades Nacionales denuncian que los aumentos ofrecidos en enero (1,5%) y febrero (1,2%) quedaron por debajo de la inflaci\u00f3n de esos meses (2,2% y 2,4%, respectivamente). Es decir que, en lo que va del a\u00f1o, la ca\u00edda de los ingresos de los profesores se acentu\u00f3. Los sindicatos tambi\u00e9n piden que se los convoque a paritarias, dado que el Gobierno viene definiendo los aumentos de manera unilateral.<\/h3>\n<h3>La p\u00e9rdida salarial est\u00e1 provocando una progresiva migraci\u00f3n de docentes e investigadores a universidades privadas o del exterior, advirti\u00f3 Guillermo Dur\u00e1n, decano de la Facultad de Ciencias Exactas y Naturales de la Universidad de Buenos Aires.<\/h3>\n<h3>\u201cEntre profesores, investigadores y personal de apoyo t\u00e9cnico, durante el a\u00f1o pasado se fueron unas 150 personas, que representan entre 6% y 7% del personal de la facultad. Hay universidades privadas que hoy les ofrecen el triple de lo que est\u00e1n ganando en la UBA por una dedicaci\u00f3n full time. Otros se van afuera, a pa\u00edses vecinos, Europa o Estados Unidos\u201d, explic\u00f3 Dur\u00e1n, y compar\u00f3 la situaci\u00f3n con una \u201casfixia paulatina\u201d.<\/h3>\n<h3>Junto con la cuesti\u00f3n salarial, otra preocupaci\u00f3n cr\u00edtica apunta al desfinanciamiento de la investigaci\u00f3n, que en Argentina depende centralmente de las universidades. \u201cLos subsidios de la Agencia de Promoci\u00f3n de la Investigaci\u00f3n no se entregaron, las becas doctorales se recortaron. En estas condiciones, sostener la investigaci\u00f3n se vuelve pr\u00e1cticamente imposible\u201d, describi\u00f3 Dur\u00e1n.<\/h3>\n<h3>\u201cEl sistema de investigaci\u00f3n, ciencia y tecnolog\u00eda que, en su inmensa mayor\u00eda, reside en las universidades nacionales, es v\u00edctima de una dr\u00e1stica reducci\u00f3n de recursos que parece tener por objetivo abortar el desarrollo cient\u00edfico y tecnol\u00f3gico aut\u00f3nomo de nuestra Naci\u00f3n. Obras de ampliaci\u00f3n, mejora y mantenimiento de la infraestructura universitaria est\u00e1n totalmente paralizadas, dej\u00e1ndolas libradas a las posibilidades econ\u00f3micas de cada instituci\u00f3n\u201d, denunci\u00f3 el Consejo Interuniversitario Nacional (CIN) esta semana en un comunicado.<\/h3>\n<p>&nbsp;<\/p>\n<p>&nbsp;<\/p>\n<p>&nbsp;<\/p>\n<h3><\/h3>\n<h3><\/h3>\n<p>&nbsp;<\/p>\n","protected":false},"excerpt":{"rendered":"<p>El paro de este lunes 17 y martes 18 de marzo se perfila como el&#8230;<\/p>\n","protected":false},"author":1,"featured_media":30543,"comment_status":"closed","ping_status":"closed","sticky":false,"template":"","format":"standard","meta":{"footnotes":""},"categories":[5],"tags":[],"class_list":["post-30542","post","type-post","status-publish","format-standard","has-post-thumbnail","hentry","category-nacionales-internacionales"],"yoast_head":"<!-- This site is optimized with the Yoast SEO plugin v26.1.1 - https:\/\/yoast.com\/wordpress\/plugins\/seo\/ -->\n<title>COMIENZAN LAS CLASES EN LAS UNIVERSIDADES CON UN PARO POR 48 HORAS - Apuntes de San Luis<\/title>\n<meta name=\"robots\" content=\"index, follow, max-snippet:-1, max-image-preview:large, max-video-preview:-1\" \/>\n<link rel=\"canonical\" href=\"https:\/\/apuntesdesanluis.com\/index.php\/2025\/03\/16\/comienzan-las-clases-en-las-universidades-con-un-paro-por-48-horas\/\" \/>\n<meta property=\"og:locale\" content=\"es_ES\" \/>\n<meta property=\"og:type\" content=\"article\" \/>\n<meta property=\"og:title\" content=\"COMIENZAN LAS CLASES EN LAS UNIVERSIDADES CON UN PARO POR 48 HORAS - Apuntes de San Luis\" \/>\n<meta property=\"og:description\" content=\"El paro de este lunes 17 y martes 18 de marzo se perfila como el...\" \/>\n<meta property=\"og:url\" content=\"https:\/\/apuntesdesanluis.com\/index.php\/2025\/03\/16\/comienzan-las-clases-en-las-universidades-con-un-paro-por-48-horas\/\" \/>\n<meta property=\"og:site_name\" content=\"Apuntes de San Luis\" \/>\n<meta property=\"article:published_time\" content=\"2025-03-17T00:41:44+00:00\" \/>\n<meta property=\"og:image\" content=\"https:\/\/apuntesdesanluis.com\/wp-content\/uploads\/2025\/03\/paro-universitario.png\" \/>\n\t<meta property=\"og:image:width\" content=\"800\" \/>\n\t<meta property=\"og:image:height\" content=\"460\" \/>\n\t<meta property=\"og:image:type\" content=\"image\/png\" \/>\n<meta name=\"author\" content=\"apuntesdesanluis.com\" \/>\n<meta name=\"twitter:card\" content=\"summary_large_image\" \/>\n<meta name=\"twitter:label1\" content=\"Escrito por\" \/>\n\t<meta name=\"twitter:data1\" content=\"apuntesdesanluis.com\" \/>\n\t<meta name=\"twitter:label2\" content=\"Tiempo de lectura\" \/>\n\t<meta name=\"twitter:data2\" content=\"3 minutos\" \/>\n<script type=\"application\/ld+json\" class=\"yoast-schema-graph\">{\"@context\":\"https:\/\/schema.org\",\"@graph\":[{\"@type\":\"Article\",\"@id\":\"https:\/\/apuntesdesanluis.com\/index.php\/2025\/03\/16\/comienzan-las-clases-en-las-universidades-con-un-paro-por-48-horas\/#article\",\"isPartOf\":{\"@id\":\"https:\/\/apuntesdesanluis.com\/index.php\/2025\/03\/16\/comienzan-las-clases-en-las-universidades-con-un-paro-por-48-horas\/\"},\"author\":{\"name\":\"apuntesdesanluis.com\",\"@id\":\"https:\/\/apuntesdesanluis.com\/#\/schema\/person\/b55151d52296fcce64d1a72538a70b90\"},\"headline\":\"COMIENZAN LAS CLASES EN LAS UNIVERSIDADES CON UN PARO POR 48 HORAS\",\"datePublished\":\"2025-03-17T00:41:44+00:00\",\"mainEntityOfPage\":{\"@id\":\"https:\/\/apuntesdesanluis.com\/index.php\/2025\/03\/16\/comienzan-las-clases-en-las-universidades-con-un-paro-por-48-horas\/\"},\"wordCount\":578,\"publisher\":{\"@id\":\"https:\/\/apuntesdesanluis.com\/#\/schema\/person\/b55151d52296fcce64d1a72538a70b90\"},\"image\":{\"@id\":\"https:\/\/apuntesdesanluis.com\/index.php\/2025\/03\/16\/comienzan-las-clases-en-las-universidades-con-un-paro-por-48-horas\/#primaryimage\"},\"thumbnailUrl\":\"https:\/\/apuntesdesanluis.com\/wp-content\/uploads\/2025\/03\/paro-universitario.png\",\"articleSection\":[\"Nacionales\/Internacionales\"],\"inLanguage\":\"es-AR\"},{\"@type\":\"WebPage\",\"@id\":\"https:\/\/apuntesdesanluis.com\/index.php\/2025\/03\/16\/comienzan-las-clases-en-las-universidades-con-un-paro-por-48-horas\/\",\"url\":\"https:\/\/apuntesdesanluis.com\/index.php\/2025\/03\/16\/comienzan-las-clases-en-las-universidades-con-un-paro-por-48-horas\/\",\"name\":\"COMIENZAN LAS CLASES EN LAS UNIVERSIDADES CON UN PARO POR 48 HORAS - Apuntes de San Luis\",\"isPartOf\":{\"@id\":\"https:\/\/apuntesdesanluis.com\/#website\"},\"primaryImageOfPage\":{\"@id\":\"https:\/\/apuntesdesanluis.com\/index.php\/2025\/03\/16\/comienzan-las-clases-en-las-universidades-con-un-paro-por-48-horas\/#primaryimage\"},\"image\":{\"@id\":\"https:\/\/apuntesdesanluis.com\/index.php\/2025\/03\/16\/comienzan-las-clases-en-las-universidades-con-un-paro-por-48-horas\/#primaryimage\"},\"thumbnailUrl\":\"https:\/\/apuntesdesanluis.com\/wp-content\/uploads\/2025\/03\/paro-universitario.png\",\"datePublished\":\"2025-03-17T00:41:44+00:00\",\"breadcrumb\":{\"@id\":\"https:\/\/apuntesdesanluis.com\/index.php\/2025\/03\/16\/comienzan-las-clases-en-las-universidades-con-un-paro-por-48-horas\/#breadcrumb\"},\"inLanguage\":\"es-AR\",\"potentialAction\":[{\"@type\":\"ReadAction\",\"target\":[\"https:\/\/apuntesdesanluis.com\/index.php\/2025\/03\/16\/comienzan-las-clases-en-las-universidades-con-un-paro-por-48-horas\/\"]}]},{\"@type\":\"ImageObject\",\"inLanguage\":\"es-AR\",\"@id\":\"https:\/\/apuntesdesanluis.com\/index.php\/2025\/03\/16\/comienzan-las-clases-en-las-universidades-con-un-paro-por-48-horas\/#primaryimage\",\"url\":\"https:\/\/apuntesdesanluis.com\/wp-content\/uploads\/2025\/03\/paro-universitario.png\",\"contentUrl\":\"https:\/\/apuntesdesanluis.com\/wp-content\/uploads\/2025\/03\/paro-universitario.png\",\"width\":800,\"height\":460},{\"@type\":\"BreadcrumbList\",\"@id\":\"https:\/\/apuntesdesanluis.com\/index.php\/2025\/03\/16\/comienzan-las-clases-en-las-universidades-con-un-paro-por-48-horas\/#breadcrumb\",\"itemListElement\":[{\"@type\":\"ListItem\",\"position\":1,\"name\":\"Inicio\",\"item\":\"https:\/\/apuntesdesanluis.com\/\"},{\"@type\":\"ListItem\",\"position\":2,\"name\":\"COMIENZAN LAS CLASES EN LAS UNIVERSIDADES CON UN PARO POR 48 HORAS\"}]},{\"@type\":\"WebSite\",\"@id\":\"https:\/\/apuntesdesanluis.com\/#website\",\"url\":\"https:\/\/apuntesdesanluis.com\/\",\"name\":\"Apuntes de San Luis\",\"description\":\"\",\"publisher\":{\"@id\":\"https:\/\/apuntesdesanluis.com\/#\/schema\/person\/b55151d52296fcce64d1a72538a70b90\"},\"potentialAction\":[{\"@type\":\"SearchAction\",\"target\":{\"@type\":\"EntryPoint\",\"urlTemplate\":\"https:\/\/apuntesdesanluis.com\/?s={search_term_string}\"},\"query-input\":{\"@type\":\"PropertyValueSpecification\",\"valueRequired\":true,\"valueName\":\"search_term_string\"}}],\"inLanguage\":\"es-AR\"},{\"@type\":[\"Person\",\"Organization\"],\"@id\":\"https:\/\/apuntesdesanluis.com\/#\/schema\/person\/b55151d52296fcce64d1a72538a70b90\",\"name\":\"apuntesdesanluis.com\",\"image\":{\"@type\":\"ImageObject\",\"inLanguage\":\"es-AR\",\"@id\":\"https:\/\/apuntesdesanluis.com\/#\/schema\/person\/image\/\",\"url\":\"https:\/\/apuntesdesanluis.com\/wp-content\/uploads\/2023\/07\/cropped-apuntesdesanluis.png\",\"contentUrl\":\"https:\/\/apuntesdesanluis.com\/wp-content\/uploads\/2023\/07\/cropped-apuntesdesanluis.png\",\"width\":450,\"height\":112,\"caption\":\"apuntesdesanluis.com\"},\"logo\":{\"@id\":\"https:\/\/apuntesdesanluis.com\/#\/schema\/person\/image\/\"},\"sameAs\":[\"https:\/\/apuntesdesanluis.com\"],\"url\":\"https:\/\/apuntesdesanluis.com\/index.php\/author\/apuntesdesanluis-com\/\"}]}<\/script>\n<!-- \/ Yoast SEO plugin. -->","yoast_head_json":{"title":"COMIENZAN LAS CLASES EN LAS UNIVERSIDADES CON UN PARO POR 48 HORAS - Apuntes de San Luis","robots":{"index":"index","follow":"follow","max-snippet":"max-snippet:-1","max-image-preview":"max-image-preview:large","max-video-preview":"max-video-preview:-1"},"canonical":"https:\/\/apuntesdesanluis.com\/index.php\/2025\/03\/16\/comienzan-las-clases-en-las-universidades-con-un-paro-por-48-horas\/","og_locale":"es_ES","og_type":"article","og_title":"COMIENZAN LAS CLASES EN LAS UNIVERSIDADES CON UN PARO POR 48 HORAS - Apuntes de San Luis","og_description":"El paro de este lunes 17 y martes 18 de marzo se perfila como el...","og_url":"https:\/\/apuntesdesanluis.com\/index.php\/2025\/03\/16\/comienzan-las-clases-en-las-universidades-con-un-paro-por-48-horas\/","og_site_name":"Apuntes de San Luis","article_published_time":"2025-03-17T00:41:44+00:00","og_image":[{"width":800,"height":460,"url":"https:\/\/apuntesdesanluis.com\/wp-content\/uploads\/2025\/03\/paro-universitario.png","type":"image\/png"}],"author":"apuntesdesanluis.com","twitter_card":"summary_large_image","twitter_misc":{"Escrito por":"apuntesdesanluis.com","Tiempo de lectura":"3 minutos"},"schema":{"@context":"https:\/\/schema.org","@graph":[{"@type":"Article","@id":"https:\/\/apuntesdesanluis.com\/index.php\/2025\/03\/16\/comienzan-las-clases-en-las-universidades-con-un-paro-por-48-horas\/#article","isPartOf":{"@id":"https:\/\/apuntesdesanluis.com\/index.php\/2025\/03\/16\/comienzan-las-clases-en-las-universidades-con-un-paro-por-48-horas\/"},"author":{"name":"apuntesdesanluis.com","@id":"https:\/\/apuntesdesanluis.com\/#\/schema\/person\/b55151d52296fcce64d1a72538a70b90"},"headline":"COMIENZAN LAS CLASES EN LAS UNIVERSIDADES CON UN PARO POR 48 HORAS","datePublished":"2025-03-17T00:41:44+00:00","mainEntityOfPage":{"@id":"https:\/\/apuntesdesanluis.com\/index.php\/2025\/03\/16\/comienzan-las-clases-en-las-universidades-con-un-paro-por-48-horas\/"},"wordCount":578,"publisher":{"@id":"https:\/\/apuntesdesanluis.com\/#\/schema\/person\/b55151d52296fcce64d1a72538a70b90"},"image":{"@id":"https:\/\/apuntesdesanluis.com\/index.php\/2025\/03\/16\/comienzan-las-clases-en-las-universidades-con-un-paro-por-48-horas\/#primaryimage"},"thumbnailUrl":"https:\/\/apuntesdesanluis.com\/wp-content\/uploads\/2025\/03\/paro-universitario.png","articleSection":["Nacionales\/Internacionales"],"inLanguage":"es-AR"},{"@type":"WebPage","@id":"https:\/\/apuntesdesanluis.com\/index.php\/2025\/03\/16\/comienzan-las-clases-en-las-universidades-con-un-paro-por-48-horas\/","url":"https:\/\/apuntesdesanluis.com\/index.php\/2025\/03\/16\/comienzan-las-clases-en-las-universidades-con-un-paro-por-48-horas\/","name":"COMIENZAN LAS CLASES EN LAS UNIVERSIDADES CON UN PARO POR 48 HORAS - Apuntes de San Luis","isPartOf":{"@id":"https:\/\/apuntesdesanluis.com\/#website"},"primaryImageOfPage":{"@id":"https:\/\/apuntesdesanluis.com\/index.php\/2025\/03\/16\/comienzan-las-clases-en-las-universidades-con-un-paro-por-48-horas\/#primaryimage"},"image":{"@id":"https:\/\/apuntesdesanluis.com\/index.php\/2025\/03\/16\/comienzan-las-clases-en-las-universidades-con-un-paro-por-48-horas\/#primaryimage"},"thumbnailUrl":"https:\/\/apuntesdesanluis.com\/wp-content\/uploads\/2025\/03\/paro-universitario.png","datePublished":"2025-03-17T00:41:44+00:00","breadcrumb":{"@id":"https:\/\/apuntesdesanluis.com\/index.php\/2025\/03\/16\/comienzan-las-clases-en-las-universidades-con-un-paro-por-48-horas\/#breadcrumb"},"inLanguage":"es-AR","potentialAction":[{"@type":"ReadAction","target":["https:\/\/apuntesdesanluis.com\/index.php\/2025\/03\/16\/comienzan-las-clases-en-las-universidades-con-un-paro-por-48-horas\/"]}]},{"@type":"ImageObject","inLanguage":"es-AR","@id":"https:\/\/apuntesdesanluis.com\/index.php\/2025\/03\/16\/comienzan-las-clases-en-las-universidades-con-un-paro-por-48-horas\/#primaryimage","url":"https:\/\/apuntesdesanluis.com\/wp-content\/uploads\/2025\/03\/paro-universitario.png","contentUrl":"https:\/\/apuntesdesanluis.com\/wp-content\/uploads\/2025\/03\/paro-universitario.png","width":800,"height":460},{"@type":"BreadcrumbList","@id":"https:\/\/apuntesdesanluis.com\/index.php\/2025\/03\/16\/comienzan-las-clases-en-las-universidades-con-un-paro-por-48-horas\/#breadcrumb","itemListElement":[{"@type":"ListItem","position":1,"name":"Inicio","item":"https:\/\/apuntesdesanluis.com\/"},{"@type":"ListItem","position":2,"name":"COMIENZAN LAS CLASES EN LAS UNIVERSIDADES CON UN PARO POR 48 HORAS"}]},{"@type":"WebSite","@id":"https:\/\/apuntesdesanluis.com\/#website","url":"https:\/\/apuntesdesanluis.com\/","name":"Apuntes de San Luis","description":"","publisher":{"@id":"https:\/\/apuntesdesanluis.com\/#\/schema\/person\/b55151d52296fcce64d1a72538a70b90"},"potentialAction":[{"@type":"SearchAction","target":{"@type":"EntryPoint","urlTemplate":"https:\/\/apuntesdesanluis.com\/?s={search_term_string}"},"query-input":{"@type":"PropertyValueSpecification","valueRequired":true,"valueName":"search_term_string"}}],"inLanguage":"es-AR"},{"@type":["Person","Organization"],"@id":"https:\/\/apuntesdesanluis.com\/#\/schema\/person\/b55151d52296fcce64d1a72538a70b90","name":"apuntesdesanluis.com","image":{"@type":"ImageObject","inLanguage":"es-AR","@id":"https:\/\/apuntesdesanluis.com\/#\/schema\/person\/image\/","url":"https:\/\/apuntesdesanluis.com\/wp-content\/uploads\/2023\/07\/cropped-apuntesdesanluis.png","contentUrl":"https:\/\/apuntesdesanluis.com\/wp-content\/uploads\/2023\/07\/cropped-apuntesdesanluis.png","width":450,"height":112,"caption":"apuntesdesanluis.com"},"logo":{"@id":"https:\/\/apuntesdesanluis.com\/#\/schema\/person\/image\/"},"sameAs":["https:\/\/apuntesdesanluis.com"],"url":"https:\/\/apuntesdesanluis.com\/index.php\/author\/apuntesdesanluis-com\/"}]}},"featured_image_urls":{"full":["https:\/\/apuntesdesanluis.com\/wp-content\/uploads\/2025\/03\/paro-universitario.png",800,460,false],"thumbnail":["https:\/\/apuntesdesanluis.com\/wp-content\/uploads\/2025\/03\/paro-universitario-150x150.png",150,150,true],"medium":["https:\/\/apuntesdesanluis.com\/wp-content\/uploads\/2025\/03\/paro-universitario-300x173.png",300,173,true],"medium_large":["https:\/\/apuntesdesanluis.com\/wp-content\/uploads\/2025\/03\/paro-universitario-768x442.png",640,368,true],"large":["https:\/\/apuntesdesanluis.com\/wp-content\/uploads\/2025\/03\/paro-universitario.png",640,368,false],"1536x1536":["https:\/\/apuntesdesanluis.com\/wp-content\/uploads\/2025\/03\/paro-universitario.png",800,460,false],"2048x2048":["https:\/\/apuntesdesanluis.com\/wp-content\/uploads\/2025\/03\/paro-universitario.png",800,460,false],"newsever-slider-full":["https:\/\/apuntesdesanluis.com\/wp-content\/uploads\/2025\/03\/paro-universitario.png",800,460,false],"newsever-featured":["https:\/\/apuntesdesanluis.com\/wp-content\/uploads\/2025\/03\/paro-universitario.png",800,460,false],"newsever-medium":["https:\/\/apuntesdesanluis.com\/wp-content\/uploads\/2025\/03\/paro-universitario-720x460.png",720,460,true]},"author_info":{"display_name":"apuntesdesanluis.com","author_link":"https:\/\/apuntesdesanluis.com\/index.php\/author\/apuntesdesanluis-com\/"},"category_info":"<a href=\"https:\/\/apuntesdesanluis.com\/index.php\/category\/nacionales-internacionales\/\" rel=\"category tag\">Nacionales\/Internacionales<\/a>","tag_info":"Nacionales\/Internacionales","comment_count":"0","_links":{"self":[{"href":"https:\/\/apuntesdesanluis.com\/index.php\/wp-json\/wp\/v2\/posts\/30542","targetHints":{"allow":["GET"]}}],"collection":[{"href":"https:\/\/apuntesdesanluis.com\/index.php\/wp-json\/wp\/v2\/posts"}],"about":[{"href":"https:\/\/apuntesdesanluis.com\/index.php\/wp-json\/wp\/v2\/types\/post"}],"author":[{"embeddable":true,"href":"https:\/\/apuntesdesanluis.com\/index.php\/wp-json\/wp\/v2\/users\/1"}],"replies":[{"embeddable":true,"href":"https:\/\/apuntesdesanluis.com\/index.php\/wp-json\/wp\/v2\/comments?post=30542"}],"version-history":[{"count":1,"href":"https:\/\/apuntesdesanluis.com\/index.php\/wp-json\/wp\/v2\/posts\/30542\/revisions"}],"predecessor-version":[{"id":30544,"href":"https:\/\/apuntesdesanluis.com\/index.php\/wp-json\/wp\/v2\/posts\/30542\/revisions\/30544"}],"wp:featuredmedia":[{"embeddable":true,"href":"https:\/\/apuntesdesanluis.com\/index.php\/wp-json\/wp\/v2\/media\/30543"}],"wp:attachment":[{"href":"https:\/\/apuntesdesanluis.com\/index.php\/wp-json\/wp\/v2\/media?parent=30542"}],"wp:term":[{"taxonomy":"category","embeddable":true,"href":"https:\/\/apuntesdesanluis.com\/index.php\/wp-json\/wp\/v2\/categories?post=30542"},{"taxonomy":"post_tag","embeddable":true,"href":"https:\/\/apuntesdesanluis.com\/index.php\/wp-json\/wp\/v2\/tags?post=30542"}],"curies":[{"name":"wp","href":"https:\/\/api.w.org\/{rel}","templated":true}]}}