{"id":30558,"date":"2025-03-17T22:36:42","date_gmt":"2025-03-18T01:36:42","guid":{"rendered":"https:\/\/apuntesdesanluis.com\/?p=30558"},"modified":"2025-03-17T22:36:42","modified_gmt":"2025-03-18T01:36:42","slug":"presentaron-el-calendario-de-eventos-2025-en-merlo","status":"publish","type":"post","link":"https:\/\/apuntesdesanluis.com\/index.php\/2025\/03\/17\/presentaron-el-calendario-de-eventos-2025-en-merlo\/","title":{"rendered":"PRESENTARON EL CALENDARIO DE EVENTOS 2025 EN MERLO"},"content":{"rendered":"<h3>Este lunes se llev\u00f3 a cabo la presentaci\u00f3n oficial de la programaci\u00f3n anual de eventos de Villa de Merlo, un espacio clave para la planificaci\u00f3n y promoci\u00f3n de actividades que dinamizan el destino a lo largo del a\u00f1o.<\/h3>\n<h3>El encuentro tuvo lugar en la Casa del Poeta y cont\u00f3 con la presencia del intendente <strong>Leonardo Rodr\u00edguez<\/strong>, acompa\u00f1ado por su gabinete municipal. Durante la presentaci\u00f3n realizada por el Secretario de Turismo, <strong>Santiago Trobo<\/strong> y la Directora de Turismo, <strong>Ornella Capetta<\/strong>, se destac\u00f3 la importancia de generar eventos que fomenten la participaci\u00f3n y el crecimiento local, ya que estos no solo enriquecen la agenda tur\u00edstica y cultural, sino que tambi\u00e9n fortalecen la econom\u00eda y el desarrollo social de la comunidad.<\/h3>\n<p><img fetchpriority=\"high\" decoding=\"async\" class=\"wp-image-30560 aligncenter\" src=\"https:\/\/apuntesdesanluis.com\/wp-content\/uploads\/2025\/03\/Imagen-de-WhatsApp-2025-03-17-a-las-14.24.50_dd570f09-300x194.jpg\" alt=\"\" width=\"687\" height=\"444\" srcset=\"https:\/\/apuntesdesanluis.com\/wp-content\/uploads\/2025\/03\/Imagen-de-WhatsApp-2025-03-17-a-las-14.24.50_dd570f09-300x194.jpg 300w, https:\/\/apuntesdesanluis.com\/wp-content\/uploads\/2025\/03\/Imagen-de-WhatsApp-2025-03-17-a-las-14.24.50_dd570f09-768x496.jpg 768w, https:\/\/apuntesdesanluis.com\/wp-content\/uploads\/2025\/03\/Imagen-de-WhatsApp-2025-03-17-a-las-14.24.50_dd570f09.jpg 933w\" sizes=\"(max-width: 687px) 100vw, 687px\" \/><\/p>\n<h3>Un punto central de la presentaci\u00f3n fue el <strong>Merlo Bureau Eventos (MBE)<\/strong>, una iniciativa que posiciona a la Villa de Merlo como sede de grandes encuentros, congresos y convenciones. Desde el MBE, se trabaja en la <strong>organizaci\u00f3n integral de eventos<\/strong>, a trav\u00e9s de un modelo de gesti\u00f3n <strong>mixta p\u00fablico-privado<\/strong>, asegurando que cada encuentro, desde su planificaci\u00f3n hasta su ejecuci\u00f3n, se lleve adelante con profesionalismo y calidad.<\/h3>\n<h3>Villa de Merlo contin\u00faa consolid\u00e1ndose como un <strong>destino tur\u00edstico y de eventos de referencia<\/strong>, apostando por el crecimiento y la innovaci\u00f3n en cada propuesta.<\/h3>\n<h3>Para m\u00e1s informaci\u00f3n: <span style=\"color: #3366ff;\"><strong><u>merlobureauevento@gmail.com<\/u><\/strong><\/span><\/h3>\n<p>&nbsp;<\/p>\n<p>&nbsp;<\/p>\n<p>&nbsp;<\/p>\n<p>&nbsp;<\/p>\n<p>&nbsp;<\/p>\n<p>&nbsp;<\/p>\n","protected":false},"excerpt":{"rendered":"<p>Este lunes se llev\u00f3 a cabo la presentaci\u00f3n oficial de la programaci\u00f3n anual de eventos&#8230;<\/p>\n","protected":false},"author":1,"featured_media":30559,"comment_status":"closed","ping_status":"closed","sticky":false,"template":"","format":"standard","meta":{"footnotes":""},"categories":[6],"tags":[],"class_list":["post-30558","post","type-post","status-publish","format-standard","has-post-thumbnail","hentry","category-ciudad-provincia"],"yoast_head":"<!-- This site is optimized with the Yoast SEO plugin v26.1.1 - https:\/\/yoast.com\/wordpress\/plugins\/seo\/ -->\n<title>PRESENTARON EL CALENDARIO DE EVENTOS 2025 EN MERLO - Apuntes de San Luis<\/title>\n<meta name=\"robots\" content=\"index, follow, max-snippet:-1, max-image-preview:large, max-video-preview:-1\" \/>\n<link rel=\"canonical\" href=\"https:\/\/apuntesdesanluis.com\/index.php\/2025\/03\/17\/presentaron-el-calendario-de-eventos-2025-en-merlo\/\" \/>\n<meta property=\"og:locale\" content=\"es_ES\" \/>\n<meta property=\"og:type\" content=\"article\" \/>\n<meta property=\"og:title\" content=\"PRESENTARON EL CALENDARIO DE EVENTOS 2025 EN MERLO - Apuntes de San Luis\" \/>\n<meta property=\"og:description\" content=\"Este lunes se llev\u00f3 a cabo la presentaci\u00f3n oficial de la programaci\u00f3n anual de eventos...\" \/>\n<meta property=\"og:url\" content=\"https:\/\/apuntesdesanluis.com\/index.php\/2025\/03\/17\/presentaron-el-calendario-de-eventos-2025-en-merlo\/\" \/>\n<meta property=\"og:site_name\" content=\"Apuntes de San Luis\" \/>\n<meta property=\"article:published_time\" content=\"2025-03-18T01:36:42+00:00\" \/>\n<meta property=\"og:image\" content=\"https:\/\/apuntesdesanluis.com\/wp-content\/uploads\/2025\/03\/EVENTOS-EN-MERLO.png\" \/>\n\t<meta property=\"og:image:width\" content=\"705\" \/>\n\t<meta property=\"og:image:height\" content=\"420\" \/>\n\t<meta property=\"og:image:type\" content=\"image\/png\" \/>\n<meta name=\"author\" content=\"apuntesdesanluis.com\" \/>\n<meta name=\"twitter:card\" content=\"summary_large_image\" \/>\n<meta name=\"twitter:label1\" content=\"Escrito por\" \/>\n\t<meta name=\"twitter:data1\" content=\"apuntesdesanluis.com\" \/>\n\t<meta name=\"twitter:label2\" content=\"Tiempo de lectura\" \/>\n\t<meta name=\"twitter:data2\" content=\"2 minutos\" \/>\n<script type=\"application\/ld+json\" class=\"yoast-schema-graph\">{\"@context\":\"https:\/\/schema.org\",\"@graph\":[{\"@type\":\"Article\",\"@id\":\"https:\/\/apuntesdesanluis.com\/index.php\/2025\/03\/17\/presentaron-el-calendario-de-eventos-2025-en-merlo\/#article\",\"isPartOf\":{\"@id\":\"https:\/\/apuntesdesanluis.com\/index.php\/2025\/03\/17\/presentaron-el-calendario-de-eventos-2025-en-merlo\/\"},\"author\":{\"name\":\"apuntesdesanluis.com\",\"@id\":\"https:\/\/apuntesdesanluis.com\/#\/schema\/person\/b55151d52296fcce64d1a72538a70b90\"},\"headline\":\"PRESENTARON EL CALENDARIO DE EVENTOS 2025 EN MERLO\",\"datePublished\":\"2025-03-18T01:36:42+00:00\",\"mainEntityOfPage\":{\"@id\":\"https:\/\/apuntesdesanluis.com\/index.php\/2025\/03\/17\/presentaron-el-calendario-de-eventos-2025-en-merlo\/\"},\"wordCount\":252,\"publisher\":{\"@id\":\"https:\/\/apuntesdesanluis.com\/#\/schema\/person\/b55151d52296fcce64d1a72538a70b90\"},\"image\":{\"@id\":\"https:\/\/apuntesdesanluis.com\/index.php\/2025\/03\/17\/presentaron-el-calendario-de-eventos-2025-en-merlo\/#primaryimage\"},\"thumbnailUrl\":\"https:\/\/apuntesdesanluis.com\/wp-content\/uploads\/2025\/03\/EVENTOS-EN-MERLO.png\",\"articleSection\":[\"Ciudad\/Provincia\"],\"inLanguage\":\"es-AR\"},{\"@type\":\"WebPage\",\"@id\":\"https:\/\/apuntesdesanluis.com\/index.php\/2025\/03\/17\/presentaron-el-calendario-de-eventos-2025-en-merlo\/\",\"url\":\"https:\/\/apuntesdesanluis.com\/index.php\/2025\/03\/17\/presentaron-el-calendario-de-eventos-2025-en-merlo\/\",\"name\":\"PRESENTARON EL CALENDARIO DE EVENTOS 2025 EN MERLO - Apuntes de San Luis\",\"isPartOf\":{\"@id\":\"https:\/\/apuntesdesanluis.com\/#website\"},\"primaryImageOfPage\":{\"@id\":\"https:\/\/apuntesdesanluis.com\/index.php\/2025\/03\/17\/presentaron-el-calendario-de-eventos-2025-en-merlo\/#primaryimage\"},\"image\":{\"@id\":\"https:\/\/apuntesdesanluis.com\/index.php\/2025\/03\/17\/presentaron-el-calendario-de-eventos-2025-en-merlo\/#primaryimage\"},\"thumbnailUrl\":\"https:\/\/apuntesdesanluis.com\/wp-content\/uploads\/2025\/03\/EVENTOS-EN-MERLO.png\",\"datePublished\":\"2025-03-18T01:36:42+00:00\",\"breadcrumb\":{\"@id\":\"https:\/\/apuntesdesanluis.com\/index.php\/2025\/03\/17\/presentaron-el-calendario-de-eventos-2025-en-merlo\/#breadcrumb\"},\"inLanguage\":\"es-AR\",\"potentialAction\":[{\"@type\":\"ReadAction\",\"target\":[\"https:\/\/apuntesdesanluis.com\/index.php\/2025\/03\/17\/presentaron-el-calendario-de-eventos-2025-en-merlo\/\"]}]},{\"@type\":\"ImageObject\",\"inLanguage\":\"es-AR\",\"@id\":\"https:\/\/apuntesdesanluis.com\/index.php\/2025\/03\/17\/presentaron-el-calendario-de-eventos-2025-en-merlo\/#primaryimage\",\"url\":\"https:\/\/apuntesdesanluis.com\/wp-content\/uploads\/2025\/03\/EVENTOS-EN-MERLO.png\",\"contentUrl\":\"https:\/\/apuntesdesanluis.com\/wp-content\/uploads\/2025\/03\/EVENTOS-EN-MERLO.png\",\"width\":705,\"height\":420},{\"@type\":\"BreadcrumbList\",\"@id\":\"https:\/\/apuntesdesanluis.com\/index.php\/2025\/03\/17\/presentaron-el-calendario-de-eventos-2025-en-merlo\/#breadcrumb\",\"itemListElement\":[{\"@type\":\"ListItem\",\"position\":1,\"name\":\"Inicio\",\"item\":\"https:\/\/apuntesdesanluis.com\/\"},{\"@type\":\"ListItem\",\"position\":2,\"name\":\"PRESENTARON EL CALENDARIO DE EVENTOS 2025 EN MERLO\"}]},{\"@type\":\"WebSite\",\"@id\":\"https:\/\/apuntesdesanluis.com\/#website\",\"url\":\"https:\/\/apuntesdesanluis.com\/\",\"name\":\"Apuntes de San Luis\",\"description\":\"\",\"publisher\":{\"@id\":\"https:\/\/apuntesdesanluis.com\/#\/schema\/person\/b55151d52296fcce64d1a72538a70b90\"},\"potentialAction\":[{\"@type\":\"SearchAction\",\"target\":{\"@type\":\"EntryPoint\",\"urlTemplate\":\"https:\/\/apuntesdesanluis.com\/?s={search_term_string}\"},\"query-input\":{\"@type\":\"PropertyValueSpecification\",\"valueRequired\":true,\"valueName\":\"search_term_string\"}}],\"inLanguage\":\"es-AR\"},{\"@type\":[\"Person\",\"Organization\"],\"@id\":\"https:\/\/apuntesdesanluis.com\/#\/schema\/person\/b55151d52296fcce64d1a72538a70b90\",\"name\":\"apuntesdesanluis.com\",\"image\":{\"@type\":\"ImageObject\",\"inLanguage\":\"es-AR\",\"@id\":\"https:\/\/apuntesdesanluis.com\/#\/schema\/person\/image\/\",\"url\":\"https:\/\/apuntesdesanluis.com\/wp-content\/uploads\/2023\/07\/cropped-apuntesdesanluis.png\",\"contentUrl\":\"https:\/\/apuntesdesanluis.com\/wp-content\/uploads\/2023\/07\/cropped-apuntesdesanluis.png\",\"width\":450,\"height\":112,\"caption\":\"apuntesdesanluis.com\"},\"logo\":{\"@id\":\"https:\/\/apuntesdesanluis.com\/#\/schema\/person\/image\/\"},\"sameAs\":[\"https:\/\/apuntesdesanluis.com\"],\"url\":\"https:\/\/apuntesdesanluis.com\/index.php\/author\/apuntesdesanluis-com\/\"}]}<\/script>\n<!-- \/ Yoast SEO plugin. -->","yoast_head_json":{"title":"PRESENTARON EL CALENDARIO DE EVENTOS 2025 EN MERLO - Apuntes de San Luis","robots":{"index":"index","follow":"follow","max-snippet":"max-snippet:-1","max-image-preview":"max-image-preview:large","max-video-preview":"max-video-preview:-1"},"canonical":"https:\/\/apuntesdesanluis.com\/index.php\/2025\/03\/17\/presentaron-el-calendario-de-eventos-2025-en-merlo\/","og_locale":"es_ES","og_type":"article","og_title":"PRESENTARON EL CALENDARIO DE EVENTOS 2025 EN MERLO - Apuntes de San Luis","og_description":"Este lunes se llev\u00f3 a cabo la presentaci\u00f3n oficial de la programaci\u00f3n anual de eventos...","og_url":"https:\/\/apuntesdesanluis.com\/index.php\/2025\/03\/17\/presentaron-el-calendario-de-eventos-2025-en-merlo\/","og_site_name":"Apuntes de San Luis","article_published_time":"2025-03-18T01:36:42+00:00","og_image":[{"width":705,"height":420,"url":"https:\/\/apuntesdesanluis.com\/wp-content\/uploads\/2025\/03\/EVENTOS-EN-MERLO.png","type":"image\/png"}],"author":"apuntesdesanluis.com","twitter_card":"summary_large_image","twitter_misc":{"Escrito por":"apuntesdesanluis.com","Tiempo de lectura":"2 minutos"},"schema":{"@context":"https:\/\/schema.org","@graph":[{"@type":"Article","@id":"https:\/\/apuntesdesanluis.com\/index.php\/2025\/03\/17\/presentaron-el-calendario-de-eventos-2025-en-merlo\/#article","isPartOf":{"@id":"https:\/\/apuntesdesanluis.com\/index.php\/2025\/03\/17\/presentaron-el-calendario-de-eventos-2025-en-merlo\/"},"author":{"name":"apuntesdesanluis.com","@id":"https:\/\/apuntesdesanluis.com\/#\/schema\/person\/b55151d52296fcce64d1a72538a70b90"},"headline":"PRESENTARON EL CALENDARIO DE EVENTOS 2025 EN MERLO","datePublished":"2025-03-18T01:36:42+00:00","mainEntityOfPage":{"@id":"https:\/\/apuntesdesanluis.com\/index.php\/2025\/03\/17\/presentaron-el-calendario-de-eventos-2025-en-merlo\/"},"wordCount":252,"publisher":{"@id":"https:\/\/apuntesdesanluis.com\/#\/schema\/person\/b55151d52296fcce64d1a72538a70b90"},"image":{"@id":"https:\/\/apuntesdesanluis.com\/index.php\/2025\/03\/17\/presentaron-el-calendario-de-eventos-2025-en-merlo\/#primaryimage"},"thumbnailUrl":"https:\/\/apuntesdesanluis.com\/wp-content\/uploads\/2025\/03\/EVENTOS-EN-MERLO.png","articleSection":["Ciudad\/Provincia"],"inLanguage":"es-AR"},{"@type":"WebPage","@id":"https:\/\/apuntesdesanluis.com\/index.php\/2025\/03\/17\/presentaron-el-calendario-de-eventos-2025-en-merlo\/","url":"https:\/\/apuntesdesanluis.com\/index.php\/2025\/03\/17\/presentaron-el-calendario-de-eventos-2025-en-merlo\/","name":"PRESENTARON EL CALENDARIO DE EVENTOS 2025 EN MERLO - Apuntes de San Luis","isPartOf":{"@id":"https:\/\/apuntesdesanluis.com\/#website"},"primaryImageOfPage":{"@id":"https:\/\/apuntesdesanluis.com\/index.php\/2025\/03\/17\/presentaron-el-calendario-de-eventos-2025-en-merlo\/#primaryimage"},"image":{"@id":"https:\/\/apuntesdesanluis.com\/index.php\/2025\/03\/17\/presentaron-el-calendario-de-eventos-2025-en-merlo\/#primaryimage"},"thumbnailUrl":"https:\/\/apuntesdesanluis.com\/wp-content\/uploads\/2025\/03\/EVENTOS-EN-MERLO.png","datePublished":"2025-03-18T01:36:42+00:00","breadcrumb":{"@id":"https:\/\/apuntesdesanluis.com\/index.php\/2025\/03\/17\/presentaron-el-calendario-de-eventos-2025-en-merlo\/#breadcrumb"},"inLanguage":"es-AR","potentialAction":[{"@type":"ReadAction","target":["https:\/\/apuntesdesanluis.com\/index.php\/2025\/03\/17\/presentaron-el-calendario-de-eventos-2025-en-merlo\/"]}]},{"@type":"ImageObject","inLanguage":"es-AR","@id":"https:\/\/apuntesdesanluis.com\/index.php\/2025\/03\/17\/presentaron-el-calendario-de-eventos-2025-en-merlo\/#primaryimage","url":"https:\/\/apuntesdesanluis.com\/wp-content\/uploads\/2025\/03\/EVENTOS-EN-MERLO.png","contentUrl":"https:\/\/apuntesdesanluis.com\/wp-content\/uploads\/2025\/03\/EVENTOS-EN-MERLO.png","width":705,"height":420},{"@type":"BreadcrumbList","@id":"https:\/\/apuntesdesanluis.com\/index.php\/2025\/03\/17\/presentaron-el-calendario-de-eventos-2025-en-merlo\/#breadcrumb","itemListElement":[{"@type":"ListItem","position":1,"name":"Inicio","item":"https:\/\/apuntesdesanluis.com\/"},{"@type":"ListItem","position":2,"name":"PRESENTARON EL CALENDARIO DE EVENTOS 2025 EN MERLO"}]},{"@type":"WebSite","@id":"https:\/\/apuntesdesanluis.com\/#website","url":"https:\/\/apuntesdesanluis.com\/","name":"Apuntes de San Luis","description":"","publisher":{"@id":"https:\/\/apuntesdesanluis.com\/#\/schema\/person\/b55151d52296fcce64d1a72538a70b90"},"potentialAction":[{"@type":"SearchAction","target":{"@type":"EntryPoint","urlTemplate":"https:\/\/apuntesdesanluis.com\/?s={search_term_string}"},"query-input":{"@type":"PropertyValueSpecification","valueRequired":true,"valueName":"search_term_string"}}],"inLanguage":"es-AR"},{"@type":["Person","Organization"],"@id":"https:\/\/apuntesdesanluis.com\/#\/schema\/person\/b55151d52296fcce64d1a72538a70b90","name":"apuntesdesanluis.com","image":{"@type":"ImageObject","inLanguage":"es-AR","@id":"https:\/\/apuntesdesanluis.com\/#\/schema\/person\/image\/","url":"https:\/\/apuntesdesanluis.com\/wp-content\/uploads\/2023\/07\/cropped-apuntesdesanluis.png","contentUrl":"https:\/\/apuntesdesanluis.com\/wp-content\/uploads\/2023\/07\/cropped-apuntesdesanluis.png","width":450,"height":112,"caption":"apuntesdesanluis.com"},"logo":{"@id":"https:\/\/apuntesdesanluis.com\/#\/schema\/person\/image\/"},"sameAs":["https:\/\/apuntesdesanluis.com"],"url":"https:\/\/apuntesdesanluis.com\/index.php\/author\/apuntesdesanluis-com\/"}]}},"featured_image_urls":{"full":["https:\/\/apuntesdesanluis.com\/wp-content\/uploads\/2025\/03\/EVENTOS-EN-MERLO.png",705,420,false],"thumbnail":["https:\/\/apuntesdesanluis.com\/wp-content\/uploads\/2025\/03\/EVENTOS-EN-MERLO-150x150.png",150,150,true],"medium":["https:\/\/apuntesdesanluis.com\/wp-content\/uploads\/2025\/03\/EVENTOS-EN-MERLO-300x179.png",300,179,true],"medium_large":["https:\/\/apuntesdesanluis.com\/wp-content\/uploads\/2025\/03\/EVENTOS-EN-MERLO.png",640,381,false],"large":["https:\/\/apuntesdesanluis.com\/wp-content\/uploads\/2025\/03\/EVENTOS-EN-MERLO.png",640,381,false],"1536x1536":["https:\/\/apuntesdesanluis.com\/wp-content\/uploads\/2025\/03\/EVENTOS-EN-MERLO.png",705,420,false],"2048x2048":["https:\/\/apuntesdesanluis.com\/wp-content\/uploads\/2025\/03\/EVENTOS-EN-MERLO.png",705,420,false],"newsever-slider-full":["https:\/\/apuntesdesanluis.com\/wp-content\/uploads\/2025\/03\/EVENTOS-EN-MERLO.png",705,420,false],"newsever-featured":["https:\/\/apuntesdesanluis.com\/wp-content\/uploads\/2025\/03\/EVENTOS-EN-MERLO.png",705,420,false],"newsever-medium":["https:\/\/apuntesdesanluis.com\/wp-content\/uploads\/2025\/03\/EVENTOS-EN-MERLO.png",705,420,false]},"author_info":{"display_name":"apuntesdesanluis.com","author_link":"https:\/\/apuntesdesanluis.com\/index.php\/author\/apuntesdesanluis-com\/"},"category_info":"<a href=\"https:\/\/apuntesdesanluis.com\/index.php\/category\/ciudad-provincia\/\" rel=\"category tag\">Ciudad\/Provincia<\/a>","tag_info":"Ciudad\/Provincia","comment_count":"0","_links":{"self":[{"href":"https:\/\/apuntesdesanluis.com\/index.php\/wp-json\/wp\/v2\/posts\/30558","targetHints":{"allow":["GET"]}}],"collection":[{"href":"https:\/\/apuntesdesanluis.com\/index.php\/wp-json\/wp\/v2\/posts"}],"about":[{"href":"https:\/\/apuntesdesanluis.com\/index.php\/wp-json\/wp\/v2\/types\/post"}],"author":[{"embeddable":true,"href":"https:\/\/apuntesdesanluis.com\/index.php\/wp-json\/wp\/v2\/users\/1"}],"replies":[{"embeddable":true,"href":"https:\/\/apuntesdesanluis.com\/index.php\/wp-json\/wp\/v2\/comments?post=30558"}],"version-history":[{"count":1,"href":"https:\/\/apuntesdesanluis.com\/index.php\/wp-json\/wp\/v2\/posts\/30558\/revisions"}],"predecessor-version":[{"id":30561,"href":"https:\/\/apuntesdesanluis.com\/index.php\/wp-json\/wp\/v2\/posts\/30558\/revisions\/30561"}],"wp:featuredmedia":[{"embeddable":true,"href":"https:\/\/apuntesdesanluis.com\/index.php\/wp-json\/wp\/v2\/media\/30559"}],"wp:attachment":[{"href":"https:\/\/apuntesdesanluis.com\/index.php\/wp-json\/wp\/v2\/media?parent=30558"}],"wp:term":[{"taxonomy":"category","embeddable":true,"href":"https:\/\/apuntesdesanluis.com\/index.php\/wp-json\/wp\/v2\/categories?post=30558"},{"taxonomy":"post_tag","embeddable":true,"href":"https:\/\/apuntesdesanluis.com\/index.php\/wp-json\/wp\/v2\/tags?post=30558"}],"curies":[{"name":"wp","href":"https:\/\/api.w.org\/{rel}","templated":true}]}}