{"id":30590,"date":"2025-03-18T11:51:04","date_gmt":"2025-03-18T14:51:04","guid":{"rendered":"https:\/\/apuntesdesanluis.com\/?p=30590"},"modified":"2025-03-18T12:00:37","modified_gmt":"2025-03-18T15:00:37","slug":"dia-triste-murio-antonio-gasalla-a-los-84-anos","status":"publish","type":"post","link":"https:\/\/apuntesdesanluis.com\/index.php\/2025\/03\/18\/dia-triste-murio-antonio-gasalla-a-los-84-anos\/","title":{"rendered":"D\u00cdA TRISTE: MURI\u00d3 ANTONIO GASALLA A LOS 84 A\u00d1OS"},"content":{"rendered":"<h3>Este martes muri\u00f3 <strong>Antonio Gasalla<\/strong>, a los 84 a\u00f1os. La dolorosa noticia fue confirmada por el productor teatral <strong>Carlos Rottemberg<\/strong> a trav\u00e9s de sus redes sociales.<\/h3>\n<h3>La noticia de su muerte llega tras un largo y doloroso deterioro. Hace apenas unas semanas, hab\u00eda recibido el alta m\u00e9dica luego de una internaci\u00f3n por neumon\u00eda en el Sanatorio Otamendi, de la ciudad de Buenos Aires. Su salud, ya fr\u00e1gil por la demencia senil que lo aquejaba, hab\u00eda generado gran preocupaci\u00f3n entre sus allegados y seguidores. Su partida deja un vac\u00edo imposible de llenar en el mundo del espect\u00e1culo, pero tambi\u00e9n en la memoria colectiva de un pa\u00eds que creci\u00f3 con sus personajes.<\/h3>\n<h3>El humorista pas\u00f3 sus \u00faltimos tiempos en un centro de rehabilitaci\u00f3n, lejos de los escenarios que alguna vez domin\u00f3 con una presencia inigualable. Su hermano Carlos Gasalla, quien lo acompa\u00f1\u00f3 hasta el final, hab\u00eda confirmado el diagn\u00f3stico con palabras que a\u00fan resuenan: \u201cQuiero ser claro: tiene demencia senil. Es una enfermedad que va a seguir avanzando. Antonio no tiene conocimiento ninguno, no habla\u201d.<\/h3>\n<h3>Su amigo y confidente de a\u00f1os, el periodista <strong>Marcelo Polino<\/strong>, lo describi\u00f3 con brutal honestidad en aquel momento: \u201cAntonio est\u00e1 bastante complicado. No camina, no nos reconoce desde hace m\u00e1s de un a\u00f1o. Ya casi no habla, se alimenta por un bot\u00f3n g\u00e1strico. Es un panorama muy triste\u201d.<\/h3>\n<h3>Para millones de argentinos, Gasalla no era solo un actor. Era el hombre que, con una peluca y una carcajada forzada, se convert\u00eda en Mam\u00e1 Cora, la abuela desquiciada de Esperando la carroza (1985), inmortalizando frases que hoy son parte del ADN cultural del pa\u00eds.<\/h3>\n<p><iframe title=\"mama cora\" width=\"640\" height=\"480\" src=\"https:\/\/www.youtube.com\/embed\/elCA_b53ySE?start=3&#038;feature=oembed\" frameborder=\"0\" allow=\"accelerometer; autoplay; clipboard-write; encrypted-media; gyroscope; picture-in-picture; web-share\" referrerpolicy=\"strict-origin-when-cross-origin\" allowfullscreen><\/iframe><\/p>\n<h3>Fue tambi\u00e9n La Empleada P\u00fablica, esa mujer resignada que enfrentaba la burocracia con una mezcla de iron\u00eda y hartazgo. Soledad Solari, la diva decadente. La Abuela, que en los a\u00f1os 90 y 2000 enloquec\u00eda a los invitados en los programas de Susana Gim\u00e9nez con preguntas inc\u00f3modas y comentarios filosos.<\/h3>\n<p><iframe title=\"Antonio Gasalla. Soledad en el psic\u00f3logo. A\u00f1o 1995.\" width=\"640\" height=\"480\" src=\"https:\/\/www.youtube.com\/embed\/H7yrpleggxE?feature=oembed\" frameborder=\"0\" allow=\"accelerometer; autoplay; clipboard-write; encrypted-media; gyroscope; picture-in-picture; web-share\" referrerpolicy=\"strict-origin-when-cross-origin\" allowfullscreen><\/iframe><\/p>\n<h3>Gasalla ten\u00eda un don. Su humor era un bistur\u00ed afilado, capaz de diseccionar la hipocres\u00eda con precisi\u00f3n quir\u00fargica. Nunca necesit\u00f3 recurrir a lo f\u00e1cil, a lo burdo. Hac\u00eda re\u00edr y, al mismo tiempo, obligaba a pensar.<\/h3>\n<h3>Marcelo Polino, quien comparti\u00f3 m\u00e1s de 15 a\u00f1os de amistad con \u00e9l, lo record\u00f3 con emoci\u00f3n y tristeza: \u201cNos re\u00edamos por horas de la gente de la televisi\u00f3n. Habl\u00e1bamos todos los d\u00edas. Verlo as\u00ed, que te mira y no te reconoce, es muy complicado\u201d.<\/h3>\n<h3>Hace un mes, en la entrega de los Premios Carlos en Villa Carlos Paz, en la provincia de C\u00f3rdoba, su ausencia se sinti\u00f3 con fuerza. El galard\u00f3n honor\u00edfico que recibi\u00f3 qued\u00f3 en manos de su hermano, quien subi\u00f3 al escenario con la voz entrecortada. \u201cEs muy emocionante y creo que merecido. Esto es un aliciente para nosotros y un reconocimiento por todo lo que le dio al teatro\u201d, dijo Carlos, con la estatuilla en las manos y el peso de la realidad en el rostro.<\/h3>\n<h3>Las \u00faltimas noticias sobre su salud hab\u00edan generado un movimiento de afecto en el mundo del espect\u00e1culo. Marcelo Tinelli y Susana Gim\u00e9nez, dos figuras claves en su carrera y emblem\u00e1ticas en el espect\u00e1culo argentino, se manten\u00edan pendientes de su estado. \u201cEl otro d\u00eda hablaba con Tinelli, al igual que Susana, que siempre pregunta c\u00f3mo est\u00e1\u201d, cont\u00f3 Polino. Y agreg\u00f3 con crudeza: \u201cLlega un momento en el que tu brillantez, tu inteligencia, tus premios, tu talento y tu dinero\u2026 cuando aparece una enfermedad as\u00ed, barre con todo. Es feo\u201d.<\/h3>\n<h3>Pero lo cierto es que nada puede borrar el impacto de Antonio Gasalla en la cultura argentina. Su voz, su risa y su mirada cr\u00edtica siguen vivas en cada sketch, en cada escena de cine, en cada frase de Mam\u00e1 Cora repetida hasta el cansancio en reuniones familiares.<\/h3>\n<h3>El humor argentino perdi\u00f3 a su mejor observador. Pero su legado, imborrable, seguir\u00e1 provocando risas y reflexiones por generaciones.<\/h3>\n<p>&nbsp;<\/p>\n<p>&nbsp;<\/p>\n<p>&nbsp;<\/p>\n<h3><\/h3>\n","protected":false},"excerpt":{"rendered":"<p>Este martes muri\u00f3 Antonio Gasalla, a los 84 a\u00f1os. La dolorosa noticia fue confirmada por&#8230;<\/p>\n","protected":false},"author":1,"featured_media":30591,"comment_status":"closed","ping_status":"closed","sticky":false,"template":"","format":"standard","meta":{"footnotes":""},"categories":[5],"tags":[],"class_list":["post-30590","post","type-post","status-publish","format-standard","has-post-thumbnail","hentry","category-nacionales-internacionales"],"yoast_head":"<!-- This site is optimized with the Yoast SEO plugin v26.1.1 - https:\/\/yoast.com\/wordpress\/plugins\/seo\/ -->\n<title>D\u00cdA TRISTE: MURI\u00d3 ANTONIO GASALLA A LOS 84 A\u00d1OS - Apuntes de San Luis<\/title>\n<meta name=\"robots\" content=\"index, follow, max-snippet:-1, max-image-preview:large, max-video-preview:-1\" \/>\n<link rel=\"canonical\" href=\"https:\/\/apuntesdesanluis.com\/index.php\/2025\/03\/18\/dia-triste-murio-antonio-gasalla-a-los-84-anos\/\" \/>\n<meta property=\"og:locale\" content=\"es_ES\" \/>\n<meta property=\"og:type\" content=\"article\" \/>\n<meta property=\"og:title\" content=\"D\u00cdA TRISTE: MURI\u00d3 ANTONIO GASALLA A LOS 84 A\u00d1OS - Apuntes de San Luis\" \/>\n<meta property=\"og:description\" content=\"Este martes muri\u00f3 Antonio Gasalla, a los 84 a\u00f1os. La dolorosa noticia fue confirmada por...\" \/>\n<meta property=\"og:url\" content=\"https:\/\/apuntesdesanluis.com\/index.php\/2025\/03\/18\/dia-triste-murio-antonio-gasalla-a-los-84-anos\/\" \/>\n<meta property=\"og:site_name\" content=\"Apuntes de San Luis\" \/>\n<meta property=\"article:published_time\" content=\"2025-03-18T14:51:04+00:00\" \/>\n<meta property=\"article:modified_time\" content=\"2025-03-18T15:00:37+00:00\" \/>\n<meta property=\"og:image\" content=\"https:\/\/apuntesdesanluis.com\/wp-content\/uploads\/2025\/03\/gasalla.png\" \/>\n\t<meta property=\"og:image:width\" content=\"684\" \/>\n\t<meta property=\"og:image:height\" content=\"468\" \/>\n\t<meta property=\"og:image:type\" content=\"image\/png\" \/>\n<meta name=\"author\" content=\"apuntesdesanluis.com\" \/>\n<meta name=\"twitter:card\" content=\"summary_large_image\" \/>\n<meta name=\"twitter:label1\" content=\"Escrito por\" \/>\n\t<meta name=\"twitter:data1\" content=\"apuntesdesanluis.com\" \/>\n\t<meta name=\"twitter:label2\" content=\"Tiempo de lectura\" \/>\n\t<meta name=\"twitter:data2\" content=\"4 minutos\" \/>\n<script type=\"application\/ld+json\" class=\"yoast-schema-graph\">{\"@context\":\"https:\/\/schema.org\",\"@graph\":[{\"@type\":\"Article\",\"@id\":\"https:\/\/apuntesdesanluis.com\/index.php\/2025\/03\/18\/dia-triste-murio-antonio-gasalla-a-los-84-anos\/#article\",\"isPartOf\":{\"@id\":\"https:\/\/apuntesdesanluis.com\/index.php\/2025\/03\/18\/dia-triste-murio-antonio-gasalla-a-los-84-anos\/\"},\"author\":{\"name\":\"apuntesdesanluis.com\",\"@id\":\"https:\/\/apuntesdesanluis.com\/#\/schema\/person\/b55151d52296fcce64d1a72538a70b90\"},\"headline\":\"D\u00cdA TRISTE: MURI\u00d3 ANTONIO GASALLA A LOS 84 A\u00d1OS\",\"datePublished\":\"2025-03-18T14:51:04+00:00\",\"dateModified\":\"2025-03-18T15:00:37+00:00\",\"mainEntityOfPage\":{\"@id\":\"https:\/\/apuntesdesanluis.com\/index.php\/2025\/03\/18\/dia-triste-murio-antonio-gasalla-a-los-84-anos\/\"},\"wordCount\":719,\"publisher\":{\"@id\":\"https:\/\/apuntesdesanluis.com\/#\/schema\/person\/b55151d52296fcce64d1a72538a70b90\"},\"image\":{\"@id\":\"https:\/\/apuntesdesanluis.com\/index.php\/2025\/03\/18\/dia-triste-murio-antonio-gasalla-a-los-84-anos\/#primaryimage\"},\"thumbnailUrl\":\"https:\/\/apuntesdesanluis.com\/wp-content\/uploads\/2025\/03\/gasalla.png\",\"articleSection\":[\"Nacionales\/Internacionales\"],\"inLanguage\":\"es-AR\"},{\"@type\":\"WebPage\",\"@id\":\"https:\/\/apuntesdesanluis.com\/index.php\/2025\/03\/18\/dia-triste-murio-antonio-gasalla-a-los-84-anos\/\",\"url\":\"https:\/\/apuntesdesanluis.com\/index.php\/2025\/03\/18\/dia-triste-murio-antonio-gasalla-a-los-84-anos\/\",\"name\":\"D\u00cdA TRISTE: MURI\u00d3 ANTONIO GASALLA A LOS 84 A\u00d1OS - Apuntes de San Luis\",\"isPartOf\":{\"@id\":\"https:\/\/apuntesdesanluis.com\/#website\"},\"primaryImageOfPage\":{\"@id\":\"https:\/\/apuntesdesanluis.com\/index.php\/2025\/03\/18\/dia-triste-murio-antonio-gasalla-a-los-84-anos\/#primaryimage\"},\"image\":{\"@id\":\"https:\/\/apuntesdesanluis.com\/index.php\/2025\/03\/18\/dia-triste-murio-antonio-gasalla-a-los-84-anos\/#primaryimage\"},\"thumbnailUrl\":\"https:\/\/apuntesdesanluis.com\/wp-content\/uploads\/2025\/03\/gasalla.png\",\"datePublished\":\"2025-03-18T14:51:04+00:00\",\"dateModified\":\"2025-03-18T15:00:37+00:00\",\"breadcrumb\":{\"@id\":\"https:\/\/apuntesdesanluis.com\/index.php\/2025\/03\/18\/dia-triste-murio-antonio-gasalla-a-los-84-anos\/#breadcrumb\"},\"inLanguage\":\"es-AR\",\"potentialAction\":[{\"@type\":\"ReadAction\",\"target\":[\"https:\/\/apuntesdesanluis.com\/index.php\/2025\/03\/18\/dia-triste-murio-antonio-gasalla-a-los-84-anos\/\"]}]},{\"@type\":\"ImageObject\",\"inLanguage\":\"es-AR\",\"@id\":\"https:\/\/apuntesdesanluis.com\/index.php\/2025\/03\/18\/dia-triste-murio-antonio-gasalla-a-los-84-anos\/#primaryimage\",\"url\":\"https:\/\/apuntesdesanluis.com\/wp-content\/uploads\/2025\/03\/gasalla.png\",\"contentUrl\":\"https:\/\/apuntesdesanluis.com\/wp-content\/uploads\/2025\/03\/gasalla.png\",\"width\":684,\"height\":468},{\"@type\":\"BreadcrumbList\",\"@id\":\"https:\/\/apuntesdesanluis.com\/index.php\/2025\/03\/18\/dia-triste-murio-antonio-gasalla-a-los-84-anos\/#breadcrumb\",\"itemListElement\":[{\"@type\":\"ListItem\",\"position\":1,\"name\":\"Inicio\",\"item\":\"https:\/\/apuntesdesanluis.com\/\"},{\"@type\":\"ListItem\",\"position\":2,\"name\":\"D\u00cdA TRISTE: MURI\u00d3 ANTONIO GASALLA A LOS 84 A\u00d1OS\"}]},{\"@type\":\"WebSite\",\"@id\":\"https:\/\/apuntesdesanluis.com\/#website\",\"url\":\"https:\/\/apuntesdesanluis.com\/\",\"name\":\"Apuntes de San Luis\",\"description\":\"\",\"publisher\":{\"@id\":\"https:\/\/apuntesdesanluis.com\/#\/schema\/person\/b55151d52296fcce64d1a72538a70b90\"},\"potentialAction\":[{\"@type\":\"SearchAction\",\"target\":{\"@type\":\"EntryPoint\",\"urlTemplate\":\"https:\/\/apuntesdesanluis.com\/?s={search_term_string}\"},\"query-input\":{\"@type\":\"PropertyValueSpecification\",\"valueRequired\":true,\"valueName\":\"search_term_string\"}}],\"inLanguage\":\"es-AR\"},{\"@type\":[\"Person\",\"Organization\"],\"@id\":\"https:\/\/apuntesdesanluis.com\/#\/schema\/person\/b55151d52296fcce64d1a72538a70b90\",\"name\":\"apuntesdesanluis.com\",\"image\":{\"@type\":\"ImageObject\",\"inLanguage\":\"es-AR\",\"@id\":\"https:\/\/apuntesdesanluis.com\/#\/schema\/person\/image\/\",\"url\":\"https:\/\/apuntesdesanluis.com\/wp-content\/uploads\/2023\/07\/cropped-apuntesdesanluis.png\",\"contentUrl\":\"https:\/\/apuntesdesanluis.com\/wp-content\/uploads\/2023\/07\/cropped-apuntesdesanluis.png\",\"width\":450,\"height\":112,\"caption\":\"apuntesdesanluis.com\"},\"logo\":{\"@id\":\"https:\/\/apuntesdesanluis.com\/#\/schema\/person\/image\/\"},\"sameAs\":[\"https:\/\/apuntesdesanluis.com\"],\"url\":\"https:\/\/apuntesdesanluis.com\/index.php\/author\/apuntesdesanluis-com\/\"}]}<\/script>\n<!-- \/ Yoast SEO plugin. -->","yoast_head_json":{"title":"D\u00cdA TRISTE: MURI\u00d3 ANTONIO GASALLA A LOS 84 A\u00d1OS - Apuntes de San Luis","robots":{"index":"index","follow":"follow","max-snippet":"max-snippet:-1","max-image-preview":"max-image-preview:large","max-video-preview":"max-video-preview:-1"},"canonical":"https:\/\/apuntesdesanluis.com\/index.php\/2025\/03\/18\/dia-triste-murio-antonio-gasalla-a-los-84-anos\/","og_locale":"es_ES","og_type":"article","og_title":"D\u00cdA TRISTE: MURI\u00d3 ANTONIO GASALLA A LOS 84 A\u00d1OS - Apuntes de San Luis","og_description":"Este martes muri\u00f3 Antonio Gasalla, a los 84 a\u00f1os. La dolorosa noticia fue confirmada por...","og_url":"https:\/\/apuntesdesanluis.com\/index.php\/2025\/03\/18\/dia-triste-murio-antonio-gasalla-a-los-84-anos\/","og_site_name":"Apuntes de San Luis","article_published_time":"2025-03-18T14:51:04+00:00","article_modified_time":"2025-03-18T15:00:37+00:00","og_image":[{"width":684,"height":468,"url":"https:\/\/apuntesdesanluis.com\/wp-content\/uploads\/2025\/03\/gasalla.png","type":"image\/png"}],"author":"apuntesdesanluis.com","twitter_card":"summary_large_image","twitter_misc":{"Escrito por":"apuntesdesanluis.com","Tiempo de lectura":"4 minutos"},"schema":{"@context":"https:\/\/schema.org","@graph":[{"@type":"Article","@id":"https:\/\/apuntesdesanluis.com\/index.php\/2025\/03\/18\/dia-triste-murio-antonio-gasalla-a-los-84-anos\/#article","isPartOf":{"@id":"https:\/\/apuntesdesanluis.com\/index.php\/2025\/03\/18\/dia-triste-murio-antonio-gasalla-a-los-84-anos\/"},"author":{"name":"apuntesdesanluis.com","@id":"https:\/\/apuntesdesanluis.com\/#\/schema\/person\/b55151d52296fcce64d1a72538a70b90"},"headline":"D\u00cdA TRISTE: MURI\u00d3 ANTONIO GASALLA A LOS 84 A\u00d1OS","datePublished":"2025-03-18T14:51:04+00:00","dateModified":"2025-03-18T15:00:37+00:00","mainEntityOfPage":{"@id":"https:\/\/apuntesdesanluis.com\/index.php\/2025\/03\/18\/dia-triste-murio-antonio-gasalla-a-los-84-anos\/"},"wordCount":719,"publisher":{"@id":"https:\/\/apuntesdesanluis.com\/#\/schema\/person\/b55151d52296fcce64d1a72538a70b90"},"image":{"@id":"https:\/\/apuntesdesanluis.com\/index.php\/2025\/03\/18\/dia-triste-murio-antonio-gasalla-a-los-84-anos\/#primaryimage"},"thumbnailUrl":"https:\/\/apuntesdesanluis.com\/wp-content\/uploads\/2025\/03\/gasalla.png","articleSection":["Nacionales\/Internacionales"],"inLanguage":"es-AR"},{"@type":"WebPage","@id":"https:\/\/apuntesdesanluis.com\/index.php\/2025\/03\/18\/dia-triste-murio-antonio-gasalla-a-los-84-anos\/","url":"https:\/\/apuntesdesanluis.com\/index.php\/2025\/03\/18\/dia-triste-murio-antonio-gasalla-a-los-84-anos\/","name":"D\u00cdA TRISTE: MURI\u00d3 ANTONIO GASALLA A LOS 84 A\u00d1OS - Apuntes de San Luis","isPartOf":{"@id":"https:\/\/apuntesdesanluis.com\/#website"},"primaryImageOfPage":{"@id":"https:\/\/apuntesdesanluis.com\/index.php\/2025\/03\/18\/dia-triste-murio-antonio-gasalla-a-los-84-anos\/#primaryimage"},"image":{"@id":"https:\/\/apuntesdesanluis.com\/index.php\/2025\/03\/18\/dia-triste-murio-antonio-gasalla-a-los-84-anos\/#primaryimage"},"thumbnailUrl":"https:\/\/apuntesdesanluis.com\/wp-content\/uploads\/2025\/03\/gasalla.png","datePublished":"2025-03-18T14:51:04+00:00","dateModified":"2025-03-18T15:00:37+00:00","breadcrumb":{"@id":"https:\/\/apuntesdesanluis.com\/index.php\/2025\/03\/18\/dia-triste-murio-antonio-gasalla-a-los-84-anos\/#breadcrumb"},"inLanguage":"es-AR","potentialAction":[{"@type":"ReadAction","target":["https:\/\/apuntesdesanluis.com\/index.php\/2025\/03\/18\/dia-triste-murio-antonio-gasalla-a-los-84-anos\/"]}]},{"@type":"ImageObject","inLanguage":"es-AR","@id":"https:\/\/apuntesdesanluis.com\/index.php\/2025\/03\/18\/dia-triste-murio-antonio-gasalla-a-los-84-anos\/#primaryimage","url":"https:\/\/apuntesdesanluis.com\/wp-content\/uploads\/2025\/03\/gasalla.png","contentUrl":"https:\/\/apuntesdesanluis.com\/wp-content\/uploads\/2025\/03\/gasalla.png","width":684,"height":468},{"@type":"BreadcrumbList","@id":"https:\/\/apuntesdesanluis.com\/index.php\/2025\/03\/18\/dia-triste-murio-antonio-gasalla-a-los-84-anos\/#breadcrumb","itemListElement":[{"@type":"ListItem","position":1,"name":"Inicio","item":"https:\/\/apuntesdesanluis.com\/"},{"@type":"ListItem","position":2,"name":"D\u00cdA TRISTE: MURI\u00d3 ANTONIO GASALLA A LOS 84 A\u00d1OS"}]},{"@type":"WebSite","@id":"https:\/\/apuntesdesanluis.com\/#website","url":"https:\/\/apuntesdesanluis.com\/","name":"Apuntes de San Luis","description":"","publisher":{"@id":"https:\/\/apuntesdesanluis.com\/#\/schema\/person\/b55151d52296fcce64d1a72538a70b90"},"potentialAction":[{"@type":"SearchAction","target":{"@type":"EntryPoint","urlTemplate":"https:\/\/apuntesdesanluis.com\/?s={search_term_string}"},"query-input":{"@type":"PropertyValueSpecification","valueRequired":true,"valueName":"search_term_string"}}],"inLanguage":"es-AR"},{"@type":["Person","Organization"],"@id":"https:\/\/apuntesdesanluis.com\/#\/schema\/person\/b55151d52296fcce64d1a72538a70b90","name":"apuntesdesanluis.com","image":{"@type":"ImageObject","inLanguage":"es-AR","@id":"https:\/\/apuntesdesanluis.com\/#\/schema\/person\/image\/","url":"https:\/\/apuntesdesanluis.com\/wp-content\/uploads\/2023\/07\/cropped-apuntesdesanluis.png","contentUrl":"https:\/\/apuntesdesanluis.com\/wp-content\/uploads\/2023\/07\/cropped-apuntesdesanluis.png","width":450,"height":112,"caption":"apuntesdesanluis.com"},"logo":{"@id":"https:\/\/apuntesdesanluis.com\/#\/schema\/person\/image\/"},"sameAs":["https:\/\/apuntesdesanluis.com"],"url":"https:\/\/apuntesdesanluis.com\/index.php\/author\/apuntesdesanluis-com\/"}]}},"featured_image_urls":{"full":["https:\/\/apuntesdesanluis.com\/wp-content\/uploads\/2025\/03\/gasalla.png",684,468,false],"thumbnail":["https:\/\/apuntesdesanluis.com\/wp-content\/uploads\/2025\/03\/gasalla-150x150.png",150,150,true],"medium":["https:\/\/apuntesdesanluis.com\/wp-content\/uploads\/2025\/03\/gasalla-300x205.png",300,205,true],"medium_large":["https:\/\/apuntesdesanluis.com\/wp-content\/uploads\/2025\/03\/gasalla.png",640,438,false],"large":["https:\/\/apuntesdesanluis.com\/wp-content\/uploads\/2025\/03\/gasalla.png",640,438,false],"1536x1536":["https:\/\/apuntesdesanluis.com\/wp-content\/uploads\/2025\/03\/gasalla.png",684,468,false],"2048x2048":["https:\/\/apuntesdesanluis.com\/wp-content\/uploads\/2025\/03\/gasalla.png",684,468,false],"newsever-slider-full":["https:\/\/apuntesdesanluis.com\/wp-content\/uploads\/2025\/03\/gasalla.png",684,468,false],"newsever-featured":["https:\/\/apuntesdesanluis.com\/wp-content\/uploads\/2025\/03\/gasalla.png",684,468,false],"newsever-medium":["https:\/\/apuntesdesanluis.com\/wp-content\/uploads\/2025\/03\/gasalla.png",684,468,false]},"author_info":{"display_name":"apuntesdesanluis.com","author_link":"https:\/\/apuntesdesanluis.com\/index.php\/author\/apuntesdesanluis-com\/"},"category_info":"<a href=\"https:\/\/apuntesdesanluis.com\/index.php\/category\/nacionales-internacionales\/\" rel=\"category tag\">Nacionales\/Internacionales<\/a>","tag_info":"Nacionales\/Internacionales","comment_count":"0","_links":{"self":[{"href":"https:\/\/apuntesdesanluis.com\/index.php\/wp-json\/wp\/v2\/posts\/30590","targetHints":{"allow":["GET"]}}],"collection":[{"href":"https:\/\/apuntesdesanluis.com\/index.php\/wp-json\/wp\/v2\/posts"}],"about":[{"href":"https:\/\/apuntesdesanluis.com\/index.php\/wp-json\/wp\/v2\/types\/post"}],"author":[{"embeddable":true,"href":"https:\/\/apuntesdesanluis.com\/index.php\/wp-json\/wp\/v2\/users\/1"}],"replies":[{"embeddable":true,"href":"https:\/\/apuntesdesanluis.com\/index.php\/wp-json\/wp\/v2\/comments?post=30590"}],"version-history":[{"count":3,"href":"https:\/\/apuntesdesanluis.com\/index.php\/wp-json\/wp\/v2\/posts\/30590\/revisions"}],"predecessor-version":[{"id":30594,"href":"https:\/\/apuntesdesanluis.com\/index.php\/wp-json\/wp\/v2\/posts\/30590\/revisions\/30594"}],"wp:featuredmedia":[{"embeddable":true,"href":"https:\/\/apuntesdesanluis.com\/index.php\/wp-json\/wp\/v2\/media\/30591"}],"wp:attachment":[{"href":"https:\/\/apuntesdesanluis.com\/index.php\/wp-json\/wp\/v2\/media?parent=30590"}],"wp:term":[{"taxonomy":"category","embeddable":true,"href":"https:\/\/apuntesdesanluis.com\/index.php\/wp-json\/wp\/v2\/categories?post=30590"},{"taxonomy":"post_tag","embeddable":true,"href":"https:\/\/apuntesdesanluis.com\/index.php\/wp-json\/wp\/v2\/tags?post=30590"}],"curies":[{"name":"wp","href":"https:\/\/api.w.org\/{rel}","templated":true}]}}