{"id":30595,"date":"2025-03-18T23:50:56","date_gmt":"2025-03-19T02:50:56","guid":{"rendered":"https:\/\/apuntesdesanluis.com\/?p=30595"},"modified":"2025-03-19T00:27:27","modified_gmt":"2025-03-19T03:27:27","slug":"morinigo-presidira-por-ultima-vez-el-plenario-del-cin","status":"publish","type":"post","link":"https:\/\/apuntesdesanluis.com\/index.php\/2025\/03\/18\/morinigo-presidira-por-ultima-vez-el-plenario-del-cin\/","title":{"rendered":"MORI\u00d1IGO PRESIDIR\u00c1 POR \u00daLTIMA VEZ EL PLENARIO DEL CIN"},"content":{"rendered":"<h3>Ser\u00e1 el pr\u00f3ximo viernes <strong>4 de abril<\/strong>, cuando el <strong>Consejo Interuniversitario Nacional (CIN)<\/strong> se re\u00fana en nuestra provincia, en el marco de su <strong>93\u00b0 Plenario de Rectoras y Rectores<\/strong>.<\/h3>\n<h3>El CPN <strong>V\u00edctor Mori\u00f1igo<\/strong>, actual presidente del m\u00e1ximo \u00f3rgano de representaci\u00f3n de las universidades nacionales, concluye este a\u00f1o su segundo mandato como rector de la UNSL y ser\u00e1 reemplazado en el CIN por su par de La Pampa, <strong>Oscar Alpa<\/strong>, a quien acompa\u00f1ar\u00e1 como vice el rector de la Universidad Nacional de Rosario (UNR), <strong><b>Franco Bartolacci.<\/b><\/strong><\/h3>\n<h3>Las autoridades proyectan un encuentro que contemple la participaci\u00f3n simult\u00e1nea mediante la virtualidad de quien as\u00ed lo desee. A la vez, la instancia contar\u00e1 con transmisi\u00f3n en vivo y abierta mediante el canal YouTube del CIN, a partir de las 9 de la ma\u00f1ana.<\/h3>\n<h3>El sal\u00f3n elegido para la actividad es el Malvinas Argentinas que se emplaza en la zona del parque c\u00edvico de las Terrazas de Portezuelo en la periferia de la ciudad de San Luis, provincia hom\u00f3nima. Se anuncia que el d\u00eda previo, el 3 de abril, se convocar\u00e1 al Comit\u00e9 Ejecutivo.<\/h3>\n<p><img fetchpriority=\"high\" decoding=\"async\" class=\"wp-image-30596 aligncenter\" src=\"https:\/\/apuntesdesanluis.com\/wp-content\/uploads\/2025\/03\/plenario-cin-01-01-300x157.jpg\" alt=\"\" width=\"531\" height=\"278\" srcset=\"https:\/\/apuntesdesanluis.com\/wp-content\/uploads\/2025\/03\/plenario-cin-01-01-300x157.jpg 300w, https:\/\/apuntesdesanluis.com\/wp-content\/uploads\/2025\/03\/plenario-cin-01-01-1024x537.jpg 1024w, https:\/\/apuntesdesanluis.com\/wp-content\/uploads\/2025\/03\/plenario-cin-01-01-768x403.jpg 768w, https:\/\/apuntesdesanluis.com\/wp-content\/uploads\/2025\/03\/plenario-cin-01-01.jpg 1140w\" sizes=\"(max-width: 531px) 100vw, 531px\" \/><\/p>\n<h3>La casa de estudios anfitriona ser\u00e1 la <strong>Universidad Nacional de San Luis<\/strong> (UNSL). En el evento se espera compartir debates con diferentes autoridades nacionales y locales.<\/h3>\n<h3>Asimismo, se tiene prevista la elecci\u00f3n de una nueva presidencia y vicepresidencia para el organismo, adem\u00e1s de vocales del comit\u00e9 y de vicepresidencias de las comisiones permanentes que, a la vez, determinar\u00e1n la coordinaci\u00f3n de las organizaciones interuniversitarias.<\/h3>\n<h3>El plenario constituye la asamblea general y es el \u00f3rgano m\u00e1ximo del Consejo. Entre sus atribuciones, seg\u00fan lo establecido en el art\u00edculo 8\u00b0 de su estatuto, figuran las siguientes:<\/h3>\n<ul>\n<li>\n<h3>Definir y aprobar las pol\u00edticas del Consejo.<\/h3>\n<\/li>\n<li>\n<h3>Aprobar convenios o acuerdos de inter\u00e9s interuniversitario, educativo, cient\u00edfico, cultural o tecnol\u00f3gico con entidades nacionales o internacionales, p\u00fablicas o privadas.<\/h3>\n<\/li>\n<\/ul>\n<h3><\/h3>\n<p>&nbsp;<\/p>\n<p>&nbsp;<\/p>\n<h3><\/h3>\n<h3><\/h3>\n<h3><\/h3>\n","protected":false},"excerpt":{"rendered":"<p>Ser\u00e1 el pr\u00f3ximo viernes 4 de abril, cuando el Consejo Interuniversitario Nacional (CIN) se re\u00fana&#8230;<\/p>\n","protected":false},"author":1,"featured_media":21595,"comment_status":"closed","ping_status":"closed","sticky":false,"template":"","format":"standard","meta":{"footnotes":""},"categories":[5],"tags":[],"class_list":["post-30595","post","type-post","status-publish","format-standard","has-post-thumbnail","hentry","category-nacionales-internacionales"],"yoast_head":"<!-- This site is optimized with the Yoast SEO plugin v26.1.1 - https:\/\/yoast.com\/wordpress\/plugins\/seo\/ -->\n<title>MORI\u00d1IGO PRESIDIR\u00c1 POR \u00daLTIMA VEZ EL PLENARIO DEL CIN - Apuntes de San Luis<\/title>\n<meta name=\"robots\" content=\"index, follow, max-snippet:-1, max-image-preview:large, max-video-preview:-1\" \/>\n<link rel=\"canonical\" href=\"https:\/\/apuntesdesanluis.com\/index.php\/2025\/03\/18\/morinigo-presidira-por-ultima-vez-el-plenario-del-cin\/\" \/>\n<meta property=\"og:locale\" content=\"es_ES\" \/>\n<meta property=\"og:type\" content=\"article\" \/>\n<meta property=\"og:title\" content=\"MORI\u00d1IGO PRESIDIR\u00c1 POR \u00daLTIMA VEZ EL PLENARIO DEL CIN - Apuntes de San Luis\" \/>\n<meta property=\"og:description\" content=\"Ser\u00e1 el pr\u00f3ximo viernes 4 de abril, cuando el Consejo Interuniversitario Nacional (CIN) se re\u00fana...\" \/>\n<meta property=\"og:url\" content=\"https:\/\/apuntesdesanluis.com\/index.php\/2025\/03\/18\/morinigo-presidira-por-ultima-vez-el-plenario-del-cin\/\" \/>\n<meta property=\"og:site_name\" content=\"Apuntes de San Luis\" \/>\n<meta property=\"article:published_time\" content=\"2025-03-19T02:50:56+00:00\" \/>\n<meta property=\"article:modified_time\" content=\"2025-03-19T03:27:27+00:00\" \/>\n<meta property=\"og:image\" content=\"https:\/\/apuntesdesanluis.com\/wp-content\/uploads\/2024\/08\/morinigo.jpg\" \/>\n\t<meta property=\"og:image:width\" content=\"700\" \/>\n\t<meta property=\"og:image:height\" content=\"465\" \/>\n\t<meta property=\"og:image:type\" content=\"image\/jpeg\" \/>\n<meta name=\"author\" content=\"apuntesdesanluis.com\" \/>\n<meta name=\"twitter:card\" content=\"summary_large_image\" \/>\n<meta name=\"twitter:label1\" content=\"Escrito por\" \/>\n\t<meta name=\"twitter:data1\" content=\"apuntesdesanluis.com\" \/>\n\t<meta name=\"twitter:label2\" content=\"Tiempo de lectura\" \/>\n\t<meta name=\"twitter:data2\" content=\"2 minutos\" \/>\n<script type=\"application\/ld+json\" class=\"yoast-schema-graph\">{\"@context\":\"https:\/\/schema.org\",\"@graph\":[{\"@type\":\"Article\",\"@id\":\"https:\/\/apuntesdesanluis.com\/index.php\/2025\/03\/18\/morinigo-presidira-por-ultima-vez-el-plenario-del-cin\/#article\",\"isPartOf\":{\"@id\":\"https:\/\/apuntesdesanluis.com\/index.php\/2025\/03\/18\/morinigo-presidira-por-ultima-vez-el-plenario-del-cin\/\"},\"author\":{\"name\":\"apuntesdesanluis.com\",\"@id\":\"https:\/\/apuntesdesanluis.com\/#\/schema\/person\/b55151d52296fcce64d1a72538a70b90\"},\"headline\":\"MORI\u00d1IGO PRESIDIR\u00c1 POR \u00daLTIMA VEZ EL PLENARIO DEL CIN\",\"datePublished\":\"2025-03-19T02:50:56+00:00\",\"dateModified\":\"2025-03-19T03:27:27+00:00\",\"mainEntityOfPage\":{\"@id\":\"https:\/\/apuntesdesanluis.com\/index.php\/2025\/03\/18\/morinigo-presidira-por-ultima-vez-el-plenario-del-cin\/\"},\"wordCount\":334,\"publisher\":{\"@id\":\"https:\/\/apuntesdesanluis.com\/#\/schema\/person\/b55151d52296fcce64d1a72538a70b90\"},\"image\":{\"@id\":\"https:\/\/apuntesdesanluis.com\/index.php\/2025\/03\/18\/morinigo-presidira-por-ultima-vez-el-plenario-del-cin\/#primaryimage\"},\"thumbnailUrl\":\"https:\/\/apuntesdesanluis.com\/wp-content\/uploads\/2024\/08\/morinigo.jpg\",\"articleSection\":[\"Nacionales\/Internacionales\"],\"inLanguage\":\"es-AR\"},{\"@type\":\"WebPage\",\"@id\":\"https:\/\/apuntesdesanluis.com\/index.php\/2025\/03\/18\/morinigo-presidira-por-ultima-vez-el-plenario-del-cin\/\",\"url\":\"https:\/\/apuntesdesanluis.com\/index.php\/2025\/03\/18\/morinigo-presidira-por-ultima-vez-el-plenario-del-cin\/\",\"name\":\"MORI\u00d1IGO PRESIDIR\u00c1 POR \u00daLTIMA VEZ EL PLENARIO DEL CIN - Apuntes de San Luis\",\"isPartOf\":{\"@id\":\"https:\/\/apuntesdesanluis.com\/#website\"},\"primaryImageOfPage\":{\"@id\":\"https:\/\/apuntesdesanluis.com\/index.php\/2025\/03\/18\/morinigo-presidira-por-ultima-vez-el-plenario-del-cin\/#primaryimage\"},\"image\":{\"@id\":\"https:\/\/apuntesdesanluis.com\/index.php\/2025\/03\/18\/morinigo-presidira-por-ultima-vez-el-plenario-del-cin\/#primaryimage\"},\"thumbnailUrl\":\"https:\/\/apuntesdesanluis.com\/wp-content\/uploads\/2024\/08\/morinigo.jpg\",\"datePublished\":\"2025-03-19T02:50:56+00:00\",\"dateModified\":\"2025-03-19T03:27:27+00:00\",\"breadcrumb\":{\"@id\":\"https:\/\/apuntesdesanluis.com\/index.php\/2025\/03\/18\/morinigo-presidira-por-ultima-vez-el-plenario-del-cin\/#breadcrumb\"},\"inLanguage\":\"es-AR\",\"potentialAction\":[{\"@type\":\"ReadAction\",\"target\":[\"https:\/\/apuntesdesanluis.com\/index.php\/2025\/03\/18\/morinigo-presidira-por-ultima-vez-el-plenario-del-cin\/\"]}]},{\"@type\":\"ImageObject\",\"inLanguage\":\"es-AR\",\"@id\":\"https:\/\/apuntesdesanluis.com\/index.php\/2025\/03\/18\/morinigo-presidira-por-ultima-vez-el-plenario-del-cin\/#primaryimage\",\"url\":\"https:\/\/apuntesdesanluis.com\/wp-content\/uploads\/2024\/08\/morinigo.jpg\",\"contentUrl\":\"https:\/\/apuntesdesanluis.com\/wp-content\/uploads\/2024\/08\/morinigo.jpg\",\"width\":700,\"height\":465},{\"@type\":\"BreadcrumbList\",\"@id\":\"https:\/\/apuntesdesanluis.com\/index.php\/2025\/03\/18\/morinigo-presidira-por-ultima-vez-el-plenario-del-cin\/#breadcrumb\",\"itemListElement\":[{\"@type\":\"ListItem\",\"position\":1,\"name\":\"Inicio\",\"item\":\"https:\/\/apuntesdesanluis.com\/\"},{\"@type\":\"ListItem\",\"position\":2,\"name\":\"MORI\u00d1IGO PRESIDIR\u00c1 POR \u00daLTIMA VEZ EL PLENARIO DEL CIN\"}]},{\"@type\":\"WebSite\",\"@id\":\"https:\/\/apuntesdesanluis.com\/#website\",\"url\":\"https:\/\/apuntesdesanluis.com\/\",\"name\":\"Apuntes de San Luis\",\"description\":\"\",\"publisher\":{\"@id\":\"https:\/\/apuntesdesanluis.com\/#\/schema\/person\/b55151d52296fcce64d1a72538a70b90\"},\"potentialAction\":[{\"@type\":\"SearchAction\",\"target\":{\"@type\":\"EntryPoint\",\"urlTemplate\":\"https:\/\/apuntesdesanluis.com\/?s={search_term_string}\"},\"query-input\":{\"@type\":\"PropertyValueSpecification\",\"valueRequired\":true,\"valueName\":\"search_term_string\"}}],\"inLanguage\":\"es-AR\"},{\"@type\":[\"Person\",\"Organization\"],\"@id\":\"https:\/\/apuntesdesanluis.com\/#\/schema\/person\/b55151d52296fcce64d1a72538a70b90\",\"name\":\"apuntesdesanluis.com\",\"image\":{\"@type\":\"ImageObject\",\"inLanguage\":\"es-AR\",\"@id\":\"https:\/\/apuntesdesanluis.com\/#\/schema\/person\/image\/\",\"url\":\"https:\/\/apuntesdesanluis.com\/wp-content\/uploads\/2023\/07\/cropped-apuntesdesanluis.png\",\"contentUrl\":\"https:\/\/apuntesdesanluis.com\/wp-content\/uploads\/2023\/07\/cropped-apuntesdesanluis.png\",\"width\":450,\"height\":112,\"caption\":\"apuntesdesanluis.com\"},\"logo\":{\"@id\":\"https:\/\/apuntesdesanluis.com\/#\/schema\/person\/image\/\"},\"sameAs\":[\"https:\/\/apuntesdesanluis.com\"],\"url\":\"https:\/\/apuntesdesanluis.com\/index.php\/author\/apuntesdesanluis-com\/\"}]}<\/script>\n<!-- \/ Yoast SEO plugin. -->","yoast_head_json":{"title":"MORI\u00d1IGO PRESIDIR\u00c1 POR \u00daLTIMA VEZ EL PLENARIO DEL CIN - Apuntes de San Luis","robots":{"index":"index","follow":"follow","max-snippet":"max-snippet:-1","max-image-preview":"max-image-preview:large","max-video-preview":"max-video-preview:-1"},"canonical":"https:\/\/apuntesdesanluis.com\/index.php\/2025\/03\/18\/morinigo-presidira-por-ultima-vez-el-plenario-del-cin\/","og_locale":"es_ES","og_type":"article","og_title":"MORI\u00d1IGO PRESIDIR\u00c1 POR \u00daLTIMA VEZ EL PLENARIO DEL CIN - Apuntes de San Luis","og_description":"Ser\u00e1 el pr\u00f3ximo viernes 4 de abril, cuando el Consejo Interuniversitario Nacional (CIN) se re\u00fana...","og_url":"https:\/\/apuntesdesanluis.com\/index.php\/2025\/03\/18\/morinigo-presidira-por-ultima-vez-el-plenario-del-cin\/","og_site_name":"Apuntes de San Luis","article_published_time":"2025-03-19T02:50:56+00:00","article_modified_time":"2025-03-19T03:27:27+00:00","og_image":[{"width":700,"height":465,"url":"https:\/\/apuntesdesanluis.com\/wp-content\/uploads\/2024\/08\/morinigo.jpg","type":"image\/jpeg"}],"author":"apuntesdesanluis.com","twitter_card":"summary_large_image","twitter_misc":{"Escrito por":"apuntesdesanluis.com","Tiempo de lectura":"2 minutos"},"schema":{"@context":"https:\/\/schema.org","@graph":[{"@type":"Article","@id":"https:\/\/apuntesdesanluis.com\/index.php\/2025\/03\/18\/morinigo-presidira-por-ultima-vez-el-plenario-del-cin\/#article","isPartOf":{"@id":"https:\/\/apuntesdesanluis.com\/index.php\/2025\/03\/18\/morinigo-presidira-por-ultima-vez-el-plenario-del-cin\/"},"author":{"name":"apuntesdesanluis.com","@id":"https:\/\/apuntesdesanluis.com\/#\/schema\/person\/b55151d52296fcce64d1a72538a70b90"},"headline":"MORI\u00d1IGO PRESIDIR\u00c1 POR \u00daLTIMA VEZ EL PLENARIO DEL CIN","datePublished":"2025-03-19T02:50:56+00:00","dateModified":"2025-03-19T03:27:27+00:00","mainEntityOfPage":{"@id":"https:\/\/apuntesdesanluis.com\/index.php\/2025\/03\/18\/morinigo-presidira-por-ultima-vez-el-plenario-del-cin\/"},"wordCount":334,"publisher":{"@id":"https:\/\/apuntesdesanluis.com\/#\/schema\/person\/b55151d52296fcce64d1a72538a70b90"},"image":{"@id":"https:\/\/apuntesdesanluis.com\/index.php\/2025\/03\/18\/morinigo-presidira-por-ultima-vez-el-plenario-del-cin\/#primaryimage"},"thumbnailUrl":"https:\/\/apuntesdesanluis.com\/wp-content\/uploads\/2024\/08\/morinigo.jpg","articleSection":["Nacionales\/Internacionales"],"inLanguage":"es-AR"},{"@type":"WebPage","@id":"https:\/\/apuntesdesanluis.com\/index.php\/2025\/03\/18\/morinigo-presidira-por-ultima-vez-el-plenario-del-cin\/","url":"https:\/\/apuntesdesanluis.com\/index.php\/2025\/03\/18\/morinigo-presidira-por-ultima-vez-el-plenario-del-cin\/","name":"MORI\u00d1IGO PRESIDIR\u00c1 POR \u00daLTIMA VEZ EL PLENARIO DEL CIN - Apuntes de San Luis","isPartOf":{"@id":"https:\/\/apuntesdesanluis.com\/#website"},"primaryImageOfPage":{"@id":"https:\/\/apuntesdesanluis.com\/index.php\/2025\/03\/18\/morinigo-presidira-por-ultima-vez-el-plenario-del-cin\/#primaryimage"},"image":{"@id":"https:\/\/apuntesdesanluis.com\/index.php\/2025\/03\/18\/morinigo-presidira-por-ultima-vez-el-plenario-del-cin\/#primaryimage"},"thumbnailUrl":"https:\/\/apuntesdesanluis.com\/wp-content\/uploads\/2024\/08\/morinigo.jpg","datePublished":"2025-03-19T02:50:56+00:00","dateModified":"2025-03-19T03:27:27+00:00","breadcrumb":{"@id":"https:\/\/apuntesdesanluis.com\/index.php\/2025\/03\/18\/morinigo-presidira-por-ultima-vez-el-plenario-del-cin\/#breadcrumb"},"inLanguage":"es-AR","potentialAction":[{"@type":"ReadAction","target":["https:\/\/apuntesdesanluis.com\/index.php\/2025\/03\/18\/morinigo-presidira-por-ultima-vez-el-plenario-del-cin\/"]}]},{"@type":"ImageObject","inLanguage":"es-AR","@id":"https:\/\/apuntesdesanluis.com\/index.php\/2025\/03\/18\/morinigo-presidira-por-ultima-vez-el-plenario-del-cin\/#primaryimage","url":"https:\/\/apuntesdesanluis.com\/wp-content\/uploads\/2024\/08\/morinigo.jpg","contentUrl":"https:\/\/apuntesdesanluis.com\/wp-content\/uploads\/2024\/08\/morinigo.jpg","width":700,"height":465},{"@type":"BreadcrumbList","@id":"https:\/\/apuntesdesanluis.com\/index.php\/2025\/03\/18\/morinigo-presidira-por-ultima-vez-el-plenario-del-cin\/#breadcrumb","itemListElement":[{"@type":"ListItem","position":1,"name":"Inicio","item":"https:\/\/apuntesdesanluis.com\/"},{"@type":"ListItem","position":2,"name":"MORI\u00d1IGO PRESIDIR\u00c1 POR \u00daLTIMA VEZ EL PLENARIO DEL CIN"}]},{"@type":"WebSite","@id":"https:\/\/apuntesdesanluis.com\/#website","url":"https:\/\/apuntesdesanluis.com\/","name":"Apuntes de San Luis","description":"","publisher":{"@id":"https:\/\/apuntesdesanluis.com\/#\/schema\/person\/b55151d52296fcce64d1a72538a70b90"},"potentialAction":[{"@type":"SearchAction","target":{"@type":"EntryPoint","urlTemplate":"https:\/\/apuntesdesanluis.com\/?s={search_term_string}"},"query-input":{"@type":"PropertyValueSpecification","valueRequired":true,"valueName":"search_term_string"}}],"inLanguage":"es-AR"},{"@type":["Person","Organization"],"@id":"https:\/\/apuntesdesanluis.com\/#\/schema\/person\/b55151d52296fcce64d1a72538a70b90","name":"apuntesdesanluis.com","image":{"@type":"ImageObject","inLanguage":"es-AR","@id":"https:\/\/apuntesdesanluis.com\/#\/schema\/person\/image\/","url":"https:\/\/apuntesdesanluis.com\/wp-content\/uploads\/2023\/07\/cropped-apuntesdesanluis.png","contentUrl":"https:\/\/apuntesdesanluis.com\/wp-content\/uploads\/2023\/07\/cropped-apuntesdesanluis.png","width":450,"height":112,"caption":"apuntesdesanluis.com"},"logo":{"@id":"https:\/\/apuntesdesanluis.com\/#\/schema\/person\/image\/"},"sameAs":["https:\/\/apuntesdesanluis.com"],"url":"https:\/\/apuntesdesanluis.com\/index.php\/author\/apuntesdesanluis-com\/"}]}},"featured_image_urls":{"full":["https:\/\/apuntesdesanluis.com\/wp-content\/uploads\/2024\/08\/morinigo.jpg",700,465,false],"thumbnail":["https:\/\/apuntesdesanluis.com\/wp-content\/uploads\/2024\/08\/morinigo-150x150.jpg",150,150,true],"medium":["https:\/\/apuntesdesanluis.com\/wp-content\/uploads\/2024\/08\/morinigo-300x199.jpg",300,199,true],"medium_large":["https:\/\/apuntesdesanluis.com\/wp-content\/uploads\/2024\/08\/morinigo.jpg",640,425,false],"large":["https:\/\/apuntesdesanluis.com\/wp-content\/uploads\/2024\/08\/morinigo.jpg",640,425,false],"1536x1536":["https:\/\/apuntesdesanluis.com\/wp-content\/uploads\/2024\/08\/morinigo.jpg",700,465,false],"2048x2048":["https:\/\/apuntesdesanluis.com\/wp-content\/uploads\/2024\/08\/morinigo.jpg",700,465,false],"newsever-slider-full":["https:\/\/apuntesdesanluis.com\/wp-content\/uploads\/2024\/08\/morinigo.jpg",700,465,false],"newsever-featured":["https:\/\/apuntesdesanluis.com\/wp-content\/uploads\/2024\/08\/morinigo.jpg",700,465,false],"newsever-medium":["https:\/\/apuntesdesanluis.com\/wp-content\/uploads\/2024\/08\/morinigo.jpg",700,465,false]},"author_info":{"display_name":"apuntesdesanluis.com","author_link":"https:\/\/apuntesdesanluis.com\/index.php\/author\/apuntesdesanluis-com\/"},"category_info":"<a href=\"https:\/\/apuntesdesanluis.com\/index.php\/category\/nacionales-internacionales\/\" rel=\"category tag\">Nacionales\/Internacionales<\/a>","tag_info":"Nacionales\/Internacionales","comment_count":"0","_links":{"self":[{"href":"https:\/\/apuntesdesanluis.com\/index.php\/wp-json\/wp\/v2\/posts\/30595","targetHints":{"allow":["GET"]}}],"collection":[{"href":"https:\/\/apuntesdesanluis.com\/index.php\/wp-json\/wp\/v2\/posts"}],"about":[{"href":"https:\/\/apuntesdesanluis.com\/index.php\/wp-json\/wp\/v2\/types\/post"}],"author":[{"embeddable":true,"href":"https:\/\/apuntesdesanluis.com\/index.php\/wp-json\/wp\/v2\/users\/1"}],"replies":[{"embeddable":true,"href":"https:\/\/apuntesdesanluis.com\/index.php\/wp-json\/wp\/v2\/comments?post=30595"}],"version-history":[{"count":5,"href":"https:\/\/apuntesdesanluis.com\/index.php\/wp-json\/wp\/v2\/posts\/30595\/revisions"}],"predecessor-version":[{"id":30601,"href":"https:\/\/apuntesdesanluis.com\/index.php\/wp-json\/wp\/v2\/posts\/30595\/revisions\/30601"}],"wp:featuredmedia":[{"embeddable":true,"href":"https:\/\/apuntesdesanluis.com\/index.php\/wp-json\/wp\/v2\/media\/21595"}],"wp:attachment":[{"href":"https:\/\/apuntesdesanluis.com\/index.php\/wp-json\/wp\/v2\/media?parent=30595"}],"wp:term":[{"taxonomy":"category","embeddable":true,"href":"https:\/\/apuntesdesanluis.com\/index.php\/wp-json\/wp\/v2\/categories?post=30595"},{"taxonomy":"post_tag","embeddable":true,"href":"https:\/\/apuntesdesanluis.com\/index.php\/wp-json\/wp\/v2\/tags?post=30595"}],"curies":[{"name":"wp","href":"https:\/\/api.w.org\/{rel}","templated":true}]}}