{"id":30602,"date":"2025-03-18T17:53:23","date_gmt":"2025-03-18T20:53:23","guid":{"rendered":"https:\/\/apuntesdesanluis.com\/?p=30602"},"modified":"2025-03-18T17:57:48","modified_gmt":"2025-03-18T20:57:48","slug":"comenzo-en-la-provincia-la-campana-de-vacunacion-antigripal-2025","status":"publish","type":"post","link":"https:\/\/apuntesdesanluis.com\/index.php\/2025\/03\/18\/comenzo-en-la-provincia-la-campana-de-vacunacion-antigripal-2025\/","title":{"rendered":"COMENZ\u00d3 EN LA PROVINCIA LA CAMPA\u00d1A DE VACUNACI\u00d3N ANTIGRIPAL 2025"},"content":{"rendered":"<h3>Este martes el <strong>Ministerio de Salud<\/strong> de la provincia lanz\u00f3 oficialmente la <strong>Campa\u00f1a de Vacunaci\u00f3n Antigripal 2025<\/strong>, con el objetivo de inmunizar a la poblaci\u00f3n de riesgo y reducir las complicaciones derivadas del virus influenza. La campa\u00f1a inici\u00f3 en todos los vacunatorios y hospitales p\u00fablicos con una gran convocatoria.<\/h3>\n<h3>La vacunaci\u00f3n contra la gripe es una estrategia clave para disminuir el impacto de la enfermedad en la poblaci\u00f3n m\u00e1s vulnerable. Su objetivo es reducir las complicaciones, hospitalizaciones y secuelas ocasionadas por la infecci\u00f3n del virus influenza, contribuyendo as\u00ed a la salud p\u00fablica.<\/h3>\n<h3><strong>\u00bfCu\u00e1ndo y d\u00f3nde vacunarse?<\/strong><\/h3>\n<h3>La aplicaci\u00f3n de las dosis comenz\u00f3 en todos los vacunatorios y hospitales p\u00fablicos de la provincia. Es importante destacar que se recomienda su administraci\u00f3n antes del inicio del invierno, etapa en la que el virus circula con mayor intensidad.<\/h3>\n<h3><strong>POBLACI\u00d3N OBJETIVO<\/strong><\/h3>\n<h3>La vacunaci\u00f3n antigripal est\u00e1 dirigida a los siguientes grupos:<\/h3>\n<h3>\u2013 Personal de salud.<\/h3>\n<h3>\u2013 Personas embarazadas: deben recibir la vacuna en cualquier trimestre de la gestaci\u00f3n.<\/h3>\n<h3>\u2013 Personas pu\u00e9rperas: hasta 10 d\u00edas despu\u00e9s del parto, si no fueron vacunadas durante el embarazo.<\/h3>\n<h3>\u2013 Ni\u00f1os de 6 a 24 meses: esquema de dos dosis si no las recibieron previamente.<\/h3>\n<h3>\u2013 Personas de 2 a 64 a\u00f1os con factores de riesgo: deben presentarse con documentaci\u00f3n que acredite enfermedades preexistentes.<\/h3>\n<h3>\u2013 Personas de 65 a\u00f1os o m\u00e1s: sin necesidad de indicaci\u00f3n m\u00e9dica.<\/h3>\n<h3><strong>\u00bfSe necesita orden m\u00e9dica?<\/strong><\/h3>\n<h3>No se requiere prescripci\u00f3n m\u00e9dica para recibir la vacuna si es parte de los grupos objetivos antes descritos. En el caso de personas con factores de riesgo, se podr\u00e1 solicitar una documentaci\u00f3n que acredite su condici\u00f3n.<\/h3>\n<h3><\/h3>\n<h3><\/h3>\n<h3><\/h3>\n","protected":false},"excerpt":{"rendered":"<p>Este martes el Ministerio de Salud de la provincia lanz\u00f3 oficialmente la Campa\u00f1a de Vacunaci\u00f3n&#8230;<\/p>\n","protected":false},"author":1,"featured_media":30606,"comment_status":"closed","ping_status":"closed","sticky":false,"template":"","format":"standard","meta":{"footnotes":""},"categories":[6],"tags":[],"class_list":["post-30602","post","type-post","status-publish","format-standard","has-post-thumbnail","hentry","category-ciudad-provincia"],"yoast_head":"<!-- This site is optimized with the Yoast SEO plugin v26.1.1 - https:\/\/yoast.com\/wordpress\/plugins\/seo\/ -->\n<title>COMENZ\u00d3 EN LA PROVINCIA LA CAMPA\u00d1A DE VACUNACI\u00d3N ANTIGRIPAL 2025 - Apuntes de San Luis<\/title>\n<meta name=\"robots\" content=\"index, follow, max-snippet:-1, max-image-preview:large, max-video-preview:-1\" \/>\n<link rel=\"canonical\" href=\"https:\/\/apuntesdesanluis.com\/index.php\/2025\/03\/18\/comenzo-en-la-provincia-la-campana-de-vacunacion-antigripal-2025\/\" \/>\n<meta property=\"og:locale\" content=\"es_ES\" \/>\n<meta property=\"og:type\" content=\"article\" \/>\n<meta property=\"og:title\" content=\"COMENZ\u00d3 EN LA PROVINCIA LA CAMPA\u00d1A DE VACUNACI\u00d3N ANTIGRIPAL 2025 - Apuntes de San Luis\" \/>\n<meta property=\"og:description\" content=\"Este martes el Ministerio de Salud de la provincia lanz\u00f3 oficialmente la Campa\u00f1a de Vacunaci\u00f3n...\" \/>\n<meta property=\"og:url\" content=\"https:\/\/apuntesdesanluis.com\/index.php\/2025\/03\/18\/comenzo-en-la-provincia-la-campana-de-vacunacion-antigripal-2025\/\" \/>\n<meta property=\"og:site_name\" content=\"Apuntes de San Luis\" \/>\n<meta property=\"article:published_time\" content=\"2025-03-18T20:53:23+00:00\" \/>\n<meta property=\"article:modified_time\" content=\"2025-03-18T20:57:48+00:00\" \/>\n<meta property=\"og:image\" content=\"https:\/\/apuntesdesanluis.com\/wp-content\/uploads\/2025\/03\/VACUNACION-A-NINOS.png\" \/>\n\t<meta property=\"og:image:width\" content=\"653\" \/>\n\t<meta property=\"og:image:height\" content=\"387\" \/>\n\t<meta property=\"og:image:type\" content=\"image\/png\" \/>\n<meta name=\"author\" content=\"apuntesdesanluis.com\" \/>\n<meta name=\"twitter:card\" content=\"summary_large_image\" \/>\n<meta name=\"twitter:label1\" content=\"Escrito por\" \/>\n\t<meta name=\"twitter:data1\" content=\"apuntesdesanluis.com\" \/>\n\t<meta name=\"twitter:label2\" content=\"Tiempo de lectura\" \/>\n\t<meta name=\"twitter:data2\" content=\"2 minutos\" \/>\n<script type=\"application\/ld+json\" class=\"yoast-schema-graph\">{\"@context\":\"https:\/\/schema.org\",\"@graph\":[{\"@type\":\"Article\",\"@id\":\"https:\/\/apuntesdesanluis.com\/index.php\/2025\/03\/18\/comenzo-en-la-provincia-la-campana-de-vacunacion-antigripal-2025\/#article\",\"isPartOf\":{\"@id\":\"https:\/\/apuntesdesanluis.com\/index.php\/2025\/03\/18\/comenzo-en-la-provincia-la-campana-de-vacunacion-antigripal-2025\/\"},\"author\":{\"name\":\"apuntesdesanluis.com\",\"@id\":\"https:\/\/apuntesdesanluis.com\/#\/schema\/person\/b55151d52296fcce64d1a72538a70b90\"},\"headline\":\"COMENZ\u00d3 EN LA PROVINCIA LA CAMPA\u00d1A DE VACUNACI\u00d3N ANTIGRIPAL 2025\",\"datePublished\":\"2025-03-18T20:53:23+00:00\",\"dateModified\":\"2025-03-18T20:57:48+00:00\",\"mainEntityOfPage\":{\"@id\":\"https:\/\/apuntesdesanluis.com\/index.php\/2025\/03\/18\/comenzo-en-la-provincia-la-campana-de-vacunacion-antigripal-2025\/\"},\"wordCount\":297,\"publisher\":{\"@id\":\"https:\/\/apuntesdesanluis.com\/#\/schema\/person\/b55151d52296fcce64d1a72538a70b90\"},\"image\":{\"@id\":\"https:\/\/apuntesdesanluis.com\/index.php\/2025\/03\/18\/comenzo-en-la-provincia-la-campana-de-vacunacion-antigripal-2025\/#primaryimage\"},\"thumbnailUrl\":\"https:\/\/apuntesdesanluis.com\/wp-content\/uploads\/2025\/03\/VACUNACION-A-NINOS.png\",\"articleSection\":[\"Ciudad\/Provincia\"],\"inLanguage\":\"es-AR\"},{\"@type\":\"WebPage\",\"@id\":\"https:\/\/apuntesdesanluis.com\/index.php\/2025\/03\/18\/comenzo-en-la-provincia-la-campana-de-vacunacion-antigripal-2025\/\",\"url\":\"https:\/\/apuntesdesanluis.com\/index.php\/2025\/03\/18\/comenzo-en-la-provincia-la-campana-de-vacunacion-antigripal-2025\/\",\"name\":\"COMENZ\u00d3 EN LA PROVINCIA LA CAMPA\u00d1A DE VACUNACI\u00d3N ANTIGRIPAL 2025 - Apuntes de San Luis\",\"isPartOf\":{\"@id\":\"https:\/\/apuntesdesanluis.com\/#website\"},\"primaryImageOfPage\":{\"@id\":\"https:\/\/apuntesdesanluis.com\/index.php\/2025\/03\/18\/comenzo-en-la-provincia-la-campana-de-vacunacion-antigripal-2025\/#primaryimage\"},\"image\":{\"@id\":\"https:\/\/apuntesdesanluis.com\/index.php\/2025\/03\/18\/comenzo-en-la-provincia-la-campana-de-vacunacion-antigripal-2025\/#primaryimage\"},\"thumbnailUrl\":\"https:\/\/apuntesdesanluis.com\/wp-content\/uploads\/2025\/03\/VACUNACION-A-NINOS.png\",\"datePublished\":\"2025-03-18T20:53:23+00:00\",\"dateModified\":\"2025-03-18T20:57:48+00:00\",\"breadcrumb\":{\"@id\":\"https:\/\/apuntesdesanluis.com\/index.php\/2025\/03\/18\/comenzo-en-la-provincia-la-campana-de-vacunacion-antigripal-2025\/#breadcrumb\"},\"inLanguage\":\"es-AR\",\"potentialAction\":[{\"@type\":\"ReadAction\",\"target\":[\"https:\/\/apuntesdesanluis.com\/index.php\/2025\/03\/18\/comenzo-en-la-provincia-la-campana-de-vacunacion-antigripal-2025\/\"]}]},{\"@type\":\"ImageObject\",\"inLanguage\":\"es-AR\",\"@id\":\"https:\/\/apuntesdesanluis.com\/index.php\/2025\/03\/18\/comenzo-en-la-provincia-la-campana-de-vacunacion-antigripal-2025\/#primaryimage\",\"url\":\"https:\/\/apuntesdesanluis.com\/wp-content\/uploads\/2025\/03\/VACUNACION-A-NINOS.png\",\"contentUrl\":\"https:\/\/apuntesdesanluis.com\/wp-content\/uploads\/2025\/03\/VACUNACION-A-NINOS.png\",\"width\":653,\"height\":387},{\"@type\":\"BreadcrumbList\",\"@id\":\"https:\/\/apuntesdesanluis.com\/index.php\/2025\/03\/18\/comenzo-en-la-provincia-la-campana-de-vacunacion-antigripal-2025\/#breadcrumb\",\"itemListElement\":[{\"@type\":\"ListItem\",\"position\":1,\"name\":\"Inicio\",\"item\":\"https:\/\/apuntesdesanluis.com\/\"},{\"@type\":\"ListItem\",\"position\":2,\"name\":\"COMENZ\u00d3 EN LA PROVINCIA LA CAMPA\u00d1A DE VACUNACI\u00d3N ANTIGRIPAL 2025\"}]},{\"@type\":\"WebSite\",\"@id\":\"https:\/\/apuntesdesanluis.com\/#website\",\"url\":\"https:\/\/apuntesdesanluis.com\/\",\"name\":\"Apuntes de San Luis\",\"description\":\"\",\"publisher\":{\"@id\":\"https:\/\/apuntesdesanluis.com\/#\/schema\/person\/b55151d52296fcce64d1a72538a70b90\"},\"potentialAction\":[{\"@type\":\"SearchAction\",\"target\":{\"@type\":\"EntryPoint\",\"urlTemplate\":\"https:\/\/apuntesdesanluis.com\/?s={search_term_string}\"},\"query-input\":{\"@type\":\"PropertyValueSpecification\",\"valueRequired\":true,\"valueName\":\"search_term_string\"}}],\"inLanguage\":\"es-AR\"},{\"@type\":[\"Person\",\"Organization\"],\"@id\":\"https:\/\/apuntesdesanluis.com\/#\/schema\/person\/b55151d52296fcce64d1a72538a70b90\",\"name\":\"apuntesdesanluis.com\",\"image\":{\"@type\":\"ImageObject\",\"inLanguage\":\"es-AR\",\"@id\":\"https:\/\/apuntesdesanluis.com\/#\/schema\/person\/image\/\",\"url\":\"https:\/\/apuntesdesanluis.com\/wp-content\/uploads\/2023\/07\/cropped-apuntesdesanluis.png\",\"contentUrl\":\"https:\/\/apuntesdesanluis.com\/wp-content\/uploads\/2023\/07\/cropped-apuntesdesanluis.png\",\"width\":450,\"height\":112,\"caption\":\"apuntesdesanluis.com\"},\"logo\":{\"@id\":\"https:\/\/apuntesdesanluis.com\/#\/schema\/person\/image\/\"},\"sameAs\":[\"https:\/\/apuntesdesanluis.com\"],\"url\":\"https:\/\/apuntesdesanluis.com\/index.php\/author\/apuntesdesanluis-com\/\"}]}<\/script>\n<!-- \/ Yoast SEO plugin. -->","yoast_head_json":{"title":"COMENZ\u00d3 EN LA PROVINCIA LA CAMPA\u00d1A DE VACUNACI\u00d3N ANTIGRIPAL 2025 - Apuntes de San Luis","robots":{"index":"index","follow":"follow","max-snippet":"max-snippet:-1","max-image-preview":"max-image-preview:large","max-video-preview":"max-video-preview:-1"},"canonical":"https:\/\/apuntesdesanluis.com\/index.php\/2025\/03\/18\/comenzo-en-la-provincia-la-campana-de-vacunacion-antigripal-2025\/","og_locale":"es_ES","og_type":"article","og_title":"COMENZ\u00d3 EN LA PROVINCIA LA CAMPA\u00d1A DE VACUNACI\u00d3N ANTIGRIPAL 2025 - Apuntes de San Luis","og_description":"Este martes el Ministerio de Salud de la provincia lanz\u00f3 oficialmente la Campa\u00f1a de Vacunaci\u00f3n...","og_url":"https:\/\/apuntesdesanluis.com\/index.php\/2025\/03\/18\/comenzo-en-la-provincia-la-campana-de-vacunacion-antigripal-2025\/","og_site_name":"Apuntes de San Luis","article_published_time":"2025-03-18T20:53:23+00:00","article_modified_time":"2025-03-18T20:57:48+00:00","og_image":[{"width":653,"height":387,"url":"https:\/\/apuntesdesanluis.com\/wp-content\/uploads\/2025\/03\/VACUNACION-A-NINOS.png","type":"image\/png"}],"author":"apuntesdesanluis.com","twitter_card":"summary_large_image","twitter_misc":{"Escrito por":"apuntesdesanluis.com","Tiempo de lectura":"2 minutos"},"schema":{"@context":"https:\/\/schema.org","@graph":[{"@type":"Article","@id":"https:\/\/apuntesdesanluis.com\/index.php\/2025\/03\/18\/comenzo-en-la-provincia-la-campana-de-vacunacion-antigripal-2025\/#article","isPartOf":{"@id":"https:\/\/apuntesdesanluis.com\/index.php\/2025\/03\/18\/comenzo-en-la-provincia-la-campana-de-vacunacion-antigripal-2025\/"},"author":{"name":"apuntesdesanluis.com","@id":"https:\/\/apuntesdesanluis.com\/#\/schema\/person\/b55151d52296fcce64d1a72538a70b90"},"headline":"COMENZ\u00d3 EN LA PROVINCIA LA CAMPA\u00d1A DE VACUNACI\u00d3N ANTIGRIPAL 2025","datePublished":"2025-03-18T20:53:23+00:00","dateModified":"2025-03-18T20:57:48+00:00","mainEntityOfPage":{"@id":"https:\/\/apuntesdesanluis.com\/index.php\/2025\/03\/18\/comenzo-en-la-provincia-la-campana-de-vacunacion-antigripal-2025\/"},"wordCount":297,"publisher":{"@id":"https:\/\/apuntesdesanluis.com\/#\/schema\/person\/b55151d52296fcce64d1a72538a70b90"},"image":{"@id":"https:\/\/apuntesdesanluis.com\/index.php\/2025\/03\/18\/comenzo-en-la-provincia-la-campana-de-vacunacion-antigripal-2025\/#primaryimage"},"thumbnailUrl":"https:\/\/apuntesdesanluis.com\/wp-content\/uploads\/2025\/03\/VACUNACION-A-NINOS.png","articleSection":["Ciudad\/Provincia"],"inLanguage":"es-AR"},{"@type":"WebPage","@id":"https:\/\/apuntesdesanluis.com\/index.php\/2025\/03\/18\/comenzo-en-la-provincia-la-campana-de-vacunacion-antigripal-2025\/","url":"https:\/\/apuntesdesanluis.com\/index.php\/2025\/03\/18\/comenzo-en-la-provincia-la-campana-de-vacunacion-antigripal-2025\/","name":"COMENZ\u00d3 EN LA PROVINCIA LA CAMPA\u00d1A DE VACUNACI\u00d3N ANTIGRIPAL 2025 - Apuntes de San Luis","isPartOf":{"@id":"https:\/\/apuntesdesanluis.com\/#website"},"primaryImageOfPage":{"@id":"https:\/\/apuntesdesanluis.com\/index.php\/2025\/03\/18\/comenzo-en-la-provincia-la-campana-de-vacunacion-antigripal-2025\/#primaryimage"},"image":{"@id":"https:\/\/apuntesdesanluis.com\/index.php\/2025\/03\/18\/comenzo-en-la-provincia-la-campana-de-vacunacion-antigripal-2025\/#primaryimage"},"thumbnailUrl":"https:\/\/apuntesdesanluis.com\/wp-content\/uploads\/2025\/03\/VACUNACION-A-NINOS.png","datePublished":"2025-03-18T20:53:23+00:00","dateModified":"2025-03-18T20:57:48+00:00","breadcrumb":{"@id":"https:\/\/apuntesdesanluis.com\/index.php\/2025\/03\/18\/comenzo-en-la-provincia-la-campana-de-vacunacion-antigripal-2025\/#breadcrumb"},"inLanguage":"es-AR","potentialAction":[{"@type":"ReadAction","target":["https:\/\/apuntesdesanluis.com\/index.php\/2025\/03\/18\/comenzo-en-la-provincia-la-campana-de-vacunacion-antigripal-2025\/"]}]},{"@type":"ImageObject","inLanguage":"es-AR","@id":"https:\/\/apuntesdesanluis.com\/index.php\/2025\/03\/18\/comenzo-en-la-provincia-la-campana-de-vacunacion-antigripal-2025\/#primaryimage","url":"https:\/\/apuntesdesanluis.com\/wp-content\/uploads\/2025\/03\/VACUNACION-A-NINOS.png","contentUrl":"https:\/\/apuntesdesanluis.com\/wp-content\/uploads\/2025\/03\/VACUNACION-A-NINOS.png","width":653,"height":387},{"@type":"BreadcrumbList","@id":"https:\/\/apuntesdesanluis.com\/index.php\/2025\/03\/18\/comenzo-en-la-provincia-la-campana-de-vacunacion-antigripal-2025\/#breadcrumb","itemListElement":[{"@type":"ListItem","position":1,"name":"Inicio","item":"https:\/\/apuntesdesanluis.com\/"},{"@type":"ListItem","position":2,"name":"COMENZ\u00d3 EN LA PROVINCIA LA CAMPA\u00d1A DE VACUNACI\u00d3N ANTIGRIPAL 2025"}]},{"@type":"WebSite","@id":"https:\/\/apuntesdesanluis.com\/#website","url":"https:\/\/apuntesdesanluis.com\/","name":"Apuntes de San Luis","description":"","publisher":{"@id":"https:\/\/apuntesdesanluis.com\/#\/schema\/person\/b55151d52296fcce64d1a72538a70b90"},"potentialAction":[{"@type":"SearchAction","target":{"@type":"EntryPoint","urlTemplate":"https:\/\/apuntesdesanluis.com\/?s={search_term_string}"},"query-input":{"@type":"PropertyValueSpecification","valueRequired":true,"valueName":"search_term_string"}}],"inLanguage":"es-AR"},{"@type":["Person","Organization"],"@id":"https:\/\/apuntesdesanluis.com\/#\/schema\/person\/b55151d52296fcce64d1a72538a70b90","name":"apuntesdesanluis.com","image":{"@type":"ImageObject","inLanguage":"es-AR","@id":"https:\/\/apuntesdesanluis.com\/#\/schema\/person\/image\/","url":"https:\/\/apuntesdesanluis.com\/wp-content\/uploads\/2023\/07\/cropped-apuntesdesanluis.png","contentUrl":"https:\/\/apuntesdesanluis.com\/wp-content\/uploads\/2023\/07\/cropped-apuntesdesanluis.png","width":450,"height":112,"caption":"apuntesdesanluis.com"},"logo":{"@id":"https:\/\/apuntesdesanluis.com\/#\/schema\/person\/image\/"},"sameAs":["https:\/\/apuntesdesanluis.com"],"url":"https:\/\/apuntesdesanluis.com\/index.php\/author\/apuntesdesanluis-com\/"}]}},"featured_image_urls":{"full":["https:\/\/apuntesdesanluis.com\/wp-content\/uploads\/2025\/03\/VACUNACION-A-NINOS.png",653,387,false],"thumbnail":["https:\/\/apuntesdesanluis.com\/wp-content\/uploads\/2025\/03\/VACUNACION-A-NINOS-150x150.png",150,150,true],"medium":["https:\/\/apuntesdesanluis.com\/wp-content\/uploads\/2025\/03\/VACUNACION-A-NINOS-300x178.png",300,178,true],"medium_large":["https:\/\/apuntesdesanluis.com\/wp-content\/uploads\/2025\/03\/VACUNACION-A-NINOS.png",640,379,false],"large":["https:\/\/apuntesdesanluis.com\/wp-content\/uploads\/2025\/03\/VACUNACION-A-NINOS.png",640,379,false],"1536x1536":["https:\/\/apuntesdesanluis.com\/wp-content\/uploads\/2025\/03\/VACUNACION-A-NINOS.png",653,387,false],"2048x2048":["https:\/\/apuntesdesanluis.com\/wp-content\/uploads\/2025\/03\/VACUNACION-A-NINOS.png",653,387,false],"newsever-slider-full":["https:\/\/apuntesdesanluis.com\/wp-content\/uploads\/2025\/03\/VACUNACION-A-NINOS.png",653,387,false],"newsever-featured":["https:\/\/apuntesdesanluis.com\/wp-content\/uploads\/2025\/03\/VACUNACION-A-NINOS.png",653,387,false],"newsever-medium":["https:\/\/apuntesdesanluis.com\/wp-content\/uploads\/2025\/03\/VACUNACION-A-NINOS.png",653,387,false]},"author_info":{"display_name":"apuntesdesanluis.com","author_link":"https:\/\/apuntesdesanluis.com\/index.php\/author\/apuntesdesanluis-com\/"},"category_info":"<a href=\"https:\/\/apuntesdesanluis.com\/index.php\/category\/ciudad-provincia\/\" rel=\"category tag\">Ciudad\/Provincia<\/a>","tag_info":"Ciudad\/Provincia","comment_count":"0","_links":{"self":[{"href":"https:\/\/apuntesdesanluis.com\/index.php\/wp-json\/wp\/v2\/posts\/30602","targetHints":{"allow":["GET"]}}],"collection":[{"href":"https:\/\/apuntesdesanluis.com\/index.php\/wp-json\/wp\/v2\/posts"}],"about":[{"href":"https:\/\/apuntesdesanluis.com\/index.php\/wp-json\/wp\/v2\/types\/post"}],"author":[{"embeddable":true,"href":"https:\/\/apuntesdesanluis.com\/index.php\/wp-json\/wp\/v2\/users\/1"}],"replies":[{"embeddable":true,"href":"https:\/\/apuntesdesanluis.com\/index.php\/wp-json\/wp\/v2\/comments?post=30602"}],"version-history":[{"count":1,"href":"https:\/\/apuntesdesanluis.com\/index.php\/wp-json\/wp\/v2\/posts\/30602\/revisions"}],"predecessor-version":[{"id":30603,"href":"https:\/\/apuntesdesanluis.com\/index.php\/wp-json\/wp\/v2\/posts\/30602\/revisions\/30603"}],"wp:featuredmedia":[{"embeddable":true,"href":"https:\/\/apuntesdesanluis.com\/index.php\/wp-json\/wp\/v2\/media\/30606"}],"wp:attachment":[{"href":"https:\/\/apuntesdesanluis.com\/index.php\/wp-json\/wp\/v2\/media?parent=30602"}],"wp:term":[{"taxonomy":"category","embeddable":true,"href":"https:\/\/apuntesdesanluis.com\/index.php\/wp-json\/wp\/v2\/categories?post=30602"},{"taxonomy":"post_tag","embeddable":true,"href":"https:\/\/apuntesdesanluis.com\/index.php\/wp-json\/wp\/v2\/tags?post=30602"}],"curies":[{"name":"wp","href":"https:\/\/api.w.org\/{rel}","templated":true}]}}