{"id":3061,"date":"2023-09-11T12:45:03","date_gmt":"2023-09-11T15:45:03","guid":{"rendered":"https:\/\/apuntesdesanluis.com\/?p=3061"},"modified":"2023-09-11T12:45:03","modified_gmt":"2023-09-11T15:45:03","slug":"criticas-por-la-postura-de-diana-mondino-sobre-malvinas-los-derechos-de-los-islenos-seran-respetados","status":"publish","type":"post","link":"https:\/\/apuntesdesanluis.com\/index.php\/2023\/09\/11\/criticas-por-la-postura-de-diana-mondino-sobre-malvinas-los-derechos-de-los-islenos-seran-respetados\/","title":{"rendered":"CR\u00cdTICAS POR LA POSTURA DE DIANA MONDINO SOBRE MALVINAS: &#8220;LOS DERECHOS DE LOS ISLE\u00d1OS SER\u00c1N RESPETADOS&#8221;"},"content":{"rendered":"<h3>La economista <strong>Diana Mondino<\/strong>, posible canciller en caso de que <strong>Javier Milei<\/strong> gane las elecciones 2023, se manifest\u00f3 respecto a las Islas Malvinas y afirm\u00f3 que \u201clos derechos de los isle\u00f1os ser\u00e1n respetados\u201d, despertando varias cr\u00edticas entre pol\u00edticos de la oposici\u00f3n y el oficialismo.<\/h3>\n<h3>Lo que ocurre es que esta postura coincide con la posici\u00f3n de Gran Breta\u00f1a y desconoce absolutamente los derechos soberanos que hist\u00f3ricamente ha esgrimido la Argentina.<\/h3>\n<h3>En una entrevista con el diario ingl\u00e9s The Telegraph, Mondino afirm\u00f3 que los isle\u00f1os de Malvinas deben decidir su propio destino: &#8220;Pueden pasar muchos a\u00f1os, pero no se puede imponer ninguna decisi\u00f3n a otras personas, ni a los argentinos ni a nadie. Ya no se pueden imponer decisiones, eso tiene que terminar&#8221;.<\/h3>\n<h3>Mondino dijo adem\u00e1s que &#8220;si la gente finalmente quiere hacer ciertas cosas, se har\u00e1n. Ahora mismo estamos en el peor de los mundos, porque ni Gran Breta\u00f1a ni Argentina pueden hacer un uso razonable de los recursos que hay all\u00ed abajo&#8221;.<\/h3>\n<h3>&#8220;\u00bfC\u00f3mo entender\u00eda la inflaci\u00f3n alguien que no haya nacido ni crecido en Argentina? \u00bfPor qu\u00e9 alguien querr\u00eda ser parte de una sociedad? Necesitamos convertirnos en un pa\u00eds normal y somos un pa\u00eds vac\u00edo&#8221;, asever\u00f3 Mondino en otro tramo del reportaje con el diario brit\u00e1nico.<\/h3>\n<h3>Por su parte, The Telegraph record\u00f3 que Mondino &#8220;ha sugerido en el pasado que Argentina deber\u00eda adoptar un enfoque de diplomacia al estilo de Hong Kong sobre las Islas Malvinas, con una transferencia gradual de soberan\u00eda de Gran Breta\u00f1a.<\/h3>\n<h3><strong>R\u00c9PLICAS<\/strong><\/h3>\n<h3>El secretario de Asuntos Relativos a las Islas Malvinas de la Canciller\u00eda, Guillermo Carmona, rechaz\u00f3 rotundamente la postura del partido libertario La Libertad Avanza (LLA) que propone la autodeterminaci\u00f3n de los habitantes del archipi\u00e9lago en disputa con Gran Breta\u00f1a, y consider\u00f3 que son ideas &#8220;desmalvinizadoras&#8221; que &#8220;violan la Constituci\u00f3n y el derecho internacional&#8221;.<\/h3>\n<h3>&#8220;Milei quiere imponer los deseos de 3.000 isle\u00f1os de Malvinas sobre la voluntad de m\u00e1s de 46 millones de argentinos. A pesar de sus desastrosas pol\u00edticas sobre Malvinas, ni (los expresidentes Carlos) Menem ni (Mauricio) Macri se animaron a tanto&#8221;, dijo Carmona en declaraciones a la agencia de noticias T\u00e9lam.<\/h3>\n<h3>Por su parte el exsenador del PRO y actual Coordinador de Asuntos Internacionales de la candidata presidencial Patricia Bullrich, Federico Pinedo, plante\u00f3: \u201cSer\u00eda importante entender cu\u00e1les ser\u00edan esos \u2018derechos de los isle\u00f1os\u2019\u201d. Adem\u00e1s, en su cuenta de X (exTwitter) Pinedo postul\u00f3: \u201cSiempre dijimos que corresponde respetar sus intereses y la Constituci\u00f3n aclara que se trata de su modo de vida\u201d.<\/h3>\n","protected":false},"excerpt":{"rendered":"<p>La economista Diana Mondino, posible canciller en caso de que Javier Milei gane las elecciones&#8230;<\/p>\n","protected":false},"author":1,"featured_media":3062,"comment_status":"closed","ping_status":"closed","sticky":false,"template":"","format":"standard","meta":{"footnotes":""},"categories":[5],"tags":[],"class_list":["post-3061","post","type-post","status-publish","format-standard","has-post-thumbnail","hentry","category-nacionales-internacionales"],"yoast_head":"<!-- This site is optimized with the Yoast SEO plugin v26.1.1 - https:\/\/yoast.com\/wordpress\/plugins\/seo\/ -->\n<title>CR\u00cdTICAS POR LA POSTURA DE DIANA MONDINO SOBRE MALVINAS: &quot;LOS DERECHOS DE LOS ISLE\u00d1OS SER\u00c1N RESPETADOS&quot; - Apuntes de San Luis<\/title>\n<meta name=\"robots\" content=\"index, follow, max-snippet:-1, max-image-preview:large, max-video-preview:-1\" \/>\n<link rel=\"canonical\" href=\"https:\/\/apuntesdesanluis.com\/index.php\/2023\/09\/11\/criticas-por-la-postura-de-diana-mondino-sobre-malvinas-los-derechos-de-los-islenos-seran-respetados\/\" \/>\n<meta property=\"og:locale\" content=\"es_ES\" \/>\n<meta property=\"og:type\" content=\"article\" \/>\n<meta property=\"og:title\" content=\"CR\u00cdTICAS POR LA POSTURA DE DIANA MONDINO SOBRE MALVINAS: &quot;LOS DERECHOS DE LOS ISLE\u00d1OS SER\u00c1N RESPETADOS&quot; - Apuntes de San Luis\" \/>\n<meta property=\"og:description\" content=\"La economista Diana Mondino, posible canciller en caso de que Javier Milei gane las elecciones...\" \/>\n<meta property=\"og:url\" content=\"https:\/\/apuntesdesanluis.com\/index.php\/2023\/09\/11\/criticas-por-la-postura-de-diana-mondino-sobre-malvinas-los-derechos-de-los-islenos-seran-respetados\/\" \/>\n<meta property=\"og:site_name\" content=\"Apuntes de San Luis\" \/>\n<meta property=\"article:published_time\" content=\"2023-09-11T15:45:03+00:00\" \/>\n<meta property=\"og:image\" content=\"https:\/\/apuntesdesanluis.com\/wp-content\/uploads\/2023\/09\/diana-mondino-javier-mileijpg.webp\" \/>\n\t<meta property=\"og:image:width\" content=\"610\" \/>\n\t<meta property=\"og:image:height\" content=\"343\" \/>\n\t<meta property=\"og:image:type\" content=\"image\/webp\" \/>\n<meta name=\"author\" content=\"apuntesdesanluis.com\" \/>\n<meta name=\"twitter:card\" content=\"summary_large_image\" \/>\n<meta name=\"twitter:label1\" content=\"Escrito por\" \/>\n\t<meta name=\"twitter:data1\" content=\"apuntesdesanluis.com\" \/>\n\t<meta name=\"twitter:label2\" content=\"Tiempo de lectura\" \/>\n\t<meta name=\"twitter:data2\" content=\"2 minutos\" \/>\n<script type=\"application\/ld+json\" class=\"yoast-schema-graph\">{\"@context\":\"https:\/\/schema.org\",\"@graph\":[{\"@type\":\"Article\",\"@id\":\"https:\/\/apuntesdesanluis.com\/index.php\/2023\/09\/11\/criticas-por-la-postura-de-diana-mondino-sobre-malvinas-los-derechos-de-los-islenos-seran-respetados\/#article\",\"isPartOf\":{\"@id\":\"https:\/\/apuntesdesanluis.com\/index.php\/2023\/09\/11\/criticas-por-la-postura-de-diana-mondino-sobre-malvinas-los-derechos-de-los-islenos-seran-respetados\/\"},\"author\":{\"name\":\"apuntesdesanluis.com\",\"@id\":\"https:\/\/apuntesdesanluis.com\/#\/schema\/person\/b55151d52296fcce64d1a72538a70b90\"},\"headline\":\"CR\u00cdTICAS POR LA POSTURA DE DIANA MONDINO SOBRE MALVINAS: &#8220;LOS DERECHOS DE LOS ISLE\u00d1OS SER\u00c1N RESPETADOS&#8221;\",\"datePublished\":\"2023-09-11T15:45:03+00:00\",\"mainEntityOfPage\":{\"@id\":\"https:\/\/apuntesdesanluis.com\/index.php\/2023\/09\/11\/criticas-por-la-postura-de-diana-mondino-sobre-malvinas-los-derechos-de-los-islenos-seran-respetados\/\"},\"wordCount\":468,\"publisher\":{\"@id\":\"https:\/\/apuntesdesanluis.com\/#\/schema\/person\/b55151d52296fcce64d1a72538a70b90\"},\"image\":{\"@id\":\"https:\/\/apuntesdesanluis.com\/index.php\/2023\/09\/11\/criticas-por-la-postura-de-diana-mondino-sobre-malvinas-los-derechos-de-los-islenos-seran-respetados\/#primaryimage\"},\"thumbnailUrl\":\"https:\/\/apuntesdesanluis.com\/wp-content\/uploads\/2023\/09\/diana-mondino-javier-mileijpg.webp\",\"articleSection\":[\"Nacionales\/Internacionales\"],\"inLanguage\":\"es-AR\"},{\"@type\":\"WebPage\",\"@id\":\"https:\/\/apuntesdesanluis.com\/index.php\/2023\/09\/11\/criticas-por-la-postura-de-diana-mondino-sobre-malvinas-los-derechos-de-los-islenos-seran-respetados\/\",\"url\":\"https:\/\/apuntesdesanluis.com\/index.php\/2023\/09\/11\/criticas-por-la-postura-de-diana-mondino-sobre-malvinas-los-derechos-de-los-islenos-seran-respetados\/\",\"name\":\"CR\u00cdTICAS POR LA POSTURA DE DIANA MONDINO SOBRE MALVINAS: \\\"LOS DERECHOS DE LOS ISLE\u00d1OS SER\u00c1N RESPETADOS\\\" - Apuntes de San Luis\",\"isPartOf\":{\"@id\":\"https:\/\/apuntesdesanluis.com\/#website\"},\"primaryImageOfPage\":{\"@id\":\"https:\/\/apuntesdesanluis.com\/index.php\/2023\/09\/11\/criticas-por-la-postura-de-diana-mondino-sobre-malvinas-los-derechos-de-los-islenos-seran-respetados\/#primaryimage\"},\"image\":{\"@id\":\"https:\/\/apuntesdesanluis.com\/index.php\/2023\/09\/11\/criticas-por-la-postura-de-diana-mondino-sobre-malvinas-los-derechos-de-los-islenos-seran-respetados\/#primaryimage\"},\"thumbnailUrl\":\"https:\/\/apuntesdesanluis.com\/wp-content\/uploads\/2023\/09\/diana-mondino-javier-mileijpg.webp\",\"datePublished\":\"2023-09-11T15:45:03+00:00\",\"breadcrumb\":{\"@id\":\"https:\/\/apuntesdesanluis.com\/index.php\/2023\/09\/11\/criticas-por-la-postura-de-diana-mondino-sobre-malvinas-los-derechos-de-los-islenos-seran-respetados\/#breadcrumb\"},\"inLanguage\":\"es-AR\",\"potentialAction\":[{\"@type\":\"ReadAction\",\"target\":[\"https:\/\/apuntesdesanluis.com\/index.php\/2023\/09\/11\/criticas-por-la-postura-de-diana-mondino-sobre-malvinas-los-derechos-de-los-islenos-seran-respetados\/\"]}]},{\"@type\":\"ImageObject\",\"inLanguage\":\"es-AR\",\"@id\":\"https:\/\/apuntesdesanluis.com\/index.php\/2023\/09\/11\/criticas-por-la-postura-de-diana-mondino-sobre-malvinas-los-derechos-de-los-islenos-seran-respetados\/#primaryimage\",\"url\":\"https:\/\/apuntesdesanluis.com\/wp-content\/uploads\/2023\/09\/diana-mondino-javier-mileijpg.webp\",\"contentUrl\":\"https:\/\/apuntesdesanluis.com\/wp-content\/uploads\/2023\/09\/diana-mondino-javier-mileijpg.webp\",\"width\":610,\"height\":343},{\"@type\":\"BreadcrumbList\",\"@id\":\"https:\/\/apuntesdesanluis.com\/index.php\/2023\/09\/11\/criticas-por-la-postura-de-diana-mondino-sobre-malvinas-los-derechos-de-los-islenos-seran-respetados\/#breadcrumb\",\"itemListElement\":[{\"@type\":\"ListItem\",\"position\":1,\"name\":\"Inicio\",\"item\":\"https:\/\/apuntesdesanluis.com\/\"},{\"@type\":\"ListItem\",\"position\":2,\"name\":\"CR\u00cdTICAS POR LA POSTURA DE DIANA MONDINO SOBRE MALVINAS: &#8220;LOS DERECHOS DE LOS ISLE\u00d1OS SER\u00c1N RESPETADOS&#8221;\"}]},{\"@type\":\"WebSite\",\"@id\":\"https:\/\/apuntesdesanluis.com\/#website\",\"url\":\"https:\/\/apuntesdesanluis.com\/\",\"name\":\"Apuntes de San Luis\",\"description\":\"\",\"publisher\":{\"@id\":\"https:\/\/apuntesdesanluis.com\/#\/schema\/person\/b55151d52296fcce64d1a72538a70b90\"},\"potentialAction\":[{\"@type\":\"SearchAction\",\"target\":{\"@type\":\"EntryPoint\",\"urlTemplate\":\"https:\/\/apuntesdesanluis.com\/?s={search_term_string}\"},\"query-input\":{\"@type\":\"PropertyValueSpecification\",\"valueRequired\":true,\"valueName\":\"search_term_string\"}}],\"inLanguage\":\"es-AR\"},{\"@type\":[\"Person\",\"Organization\"],\"@id\":\"https:\/\/apuntesdesanluis.com\/#\/schema\/person\/b55151d52296fcce64d1a72538a70b90\",\"name\":\"apuntesdesanluis.com\",\"image\":{\"@type\":\"ImageObject\",\"inLanguage\":\"es-AR\",\"@id\":\"https:\/\/apuntesdesanluis.com\/#\/schema\/person\/image\/\",\"url\":\"https:\/\/apuntesdesanluis.com\/wp-content\/uploads\/2023\/07\/cropped-apuntesdesanluis.png\",\"contentUrl\":\"https:\/\/apuntesdesanluis.com\/wp-content\/uploads\/2023\/07\/cropped-apuntesdesanluis.png\",\"width\":450,\"height\":112,\"caption\":\"apuntesdesanluis.com\"},\"logo\":{\"@id\":\"https:\/\/apuntesdesanluis.com\/#\/schema\/person\/image\/\"},\"sameAs\":[\"https:\/\/apuntesdesanluis.com\"],\"url\":\"https:\/\/apuntesdesanluis.com\/index.php\/author\/apuntesdesanluis-com\/\"}]}<\/script>\n<!-- \/ Yoast SEO plugin. -->","yoast_head_json":{"title":"CR\u00cdTICAS POR LA POSTURA DE DIANA MONDINO SOBRE MALVINAS: \"LOS DERECHOS DE LOS ISLE\u00d1OS SER\u00c1N RESPETADOS\" - Apuntes de San Luis","robots":{"index":"index","follow":"follow","max-snippet":"max-snippet:-1","max-image-preview":"max-image-preview:large","max-video-preview":"max-video-preview:-1"},"canonical":"https:\/\/apuntesdesanluis.com\/index.php\/2023\/09\/11\/criticas-por-la-postura-de-diana-mondino-sobre-malvinas-los-derechos-de-los-islenos-seran-respetados\/","og_locale":"es_ES","og_type":"article","og_title":"CR\u00cdTICAS POR LA POSTURA DE DIANA MONDINO SOBRE MALVINAS: \"LOS DERECHOS DE LOS ISLE\u00d1OS SER\u00c1N RESPETADOS\" - Apuntes de San Luis","og_description":"La economista Diana Mondino, posible canciller en caso de que Javier Milei gane las elecciones...","og_url":"https:\/\/apuntesdesanluis.com\/index.php\/2023\/09\/11\/criticas-por-la-postura-de-diana-mondino-sobre-malvinas-los-derechos-de-los-islenos-seran-respetados\/","og_site_name":"Apuntes de San Luis","article_published_time":"2023-09-11T15:45:03+00:00","og_image":[{"width":610,"height":343,"url":"https:\/\/apuntesdesanluis.com\/wp-content\/uploads\/2023\/09\/diana-mondino-javier-mileijpg.webp","type":"image\/webp"}],"author":"apuntesdesanluis.com","twitter_card":"summary_large_image","twitter_misc":{"Escrito por":"apuntesdesanluis.com","Tiempo de lectura":"2 minutos"},"schema":{"@context":"https:\/\/schema.org","@graph":[{"@type":"Article","@id":"https:\/\/apuntesdesanluis.com\/index.php\/2023\/09\/11\/criticas-por-la-postura-de-diana-mondino-sobre-malvinas-los-derechos-de-los-islenos-seran-respetados\/#article","isPartOf":{"@id":"https:\/\/apuntesdesanluis.com\/index.php\/2023\/09\/11\/criticas-por-la-postura-de-diana-mondino-sobre-malvinas-los-derechos-de-los-islenos-seran-respetados\/"},"author":{"name":"apuntesdesanluis.com","@id":"https:\/\/apuntesdesanluis.com\/#\/schema\/person\/b55151d52296fcce64d1a72538a70b90"},"headline":"CR\u00cdTICAS POR LA POSTURA DE DIANA MONDINO SOBRE MALVINAS: &#8220;LOS DERECHOS DE LOS ISLE\u00d1OS SER\u00c1N RESPETADOS&#8221;","datePublished":"2023-09-11T15:45:03+00:00","mainEntityOfPage":{"@id":"https:\/\/apuntesdesanluis.com\/index.php\/2023\/09\/11\/criticas-por-la-postura-de-diana-mondino-sobre-malvinas-los-derechos-de-los-islenos-seran-respetados\/"},"wordCount":468,"publisher":{"@id":"https:\/\/apuntesdesanluis.com\/#\/schema\/person\/b55151d52296fcce64d1a72538a70b90"},"image":{"@id":"https:\/\/apuntesdesanluis.com\/index.php\/2023\/09\/11\/criticas-por-la-postura-de-diana-mondino-sobre-malvinas-los-derechos-de-los-islenos-seran-respetados\/#primaryimage"},"thumbnailUrl":"https:\/\/apuntesdesanluis.com\/wp-content\/uploads\/2023\/09\/diana-mondino-javier-mileijpg.webp","articleSection":["Nacionales\/Internacionales"],"inLanguage":"es-AR"},{"@type":"WebPage","@id":"https:\/\/apuntesdesanluis.com\/index.php\/2023\/09\/11\/criticas-por-la-postura-de-diana-mondino-sobre-malvinas-los-derechos-de-los-islenos-seran-respetados\/","url":"https:\/\/apuntesdesanluis.com\/index.php\/2023\/09\/11\/criticas-por-la-postura-de-diana-mondino-sobre-malvinas-los-derechos-de-los-islenos-seran-respetados\/","name":"CR\u00cdTICAS POR LA POSTURA DE DIANA MONDINO SOBRE MALVINAS: \"LOS DERECHOS DE LOS ISLE\u00d1OS SER\u00c1N RESPETADOS\" - Apuntes de San Luis","isPartOf":{"@id":"https:\/\/apuntesdesanluis.com\/#website"},"primaryImageOfPage":{"@id":"https:\/\/apuntesdesanluis.com\/index.php\/2023\/09\/11\/criticas-por-la-postura-de-diana-mondino-sobre-malvinas-los-derechos-de-los-islenos-seran-respetados\/#primaryimage"},"image":{"@id":"https:\/\/apuntesdesanluis.com\/index.php\/2023\/09\/11\/criticas-por-la-postura-de-diana-mondino-sobre-malvinas-los-derechos-de-los-islenos-seran-respetados\/#primaryimage"},"thumbnailUrl":"https:\/\/apuntesdesanluis.com\/wp-content\/uploads\/2023\/09\/diana-mondino-javier-mileijpg.webp","datePublished":"2023-09-11T15:45:03+00:00","breadcrumb":{"@id":"https:\/\/apuntesdesanluis.com\/index.php\/2023\/09\/11\/criticas-por-la-postura-de-diana-mondino-sobre-malvinas-los-derechos-de-los-islenos-seran-respetados\/#breadcrumb"},"inLanguage":"es-AR","potentialAction":[{"@type":"ReadAction","target":["https:\/\/apuntesdesanluis.com\/index.php\/2023\/09\/11\/criticas-por-la-postura-de-diana-mondino-sobre-malvinas-los-derechos-de-los-islenos-seran-respetados\/"]}]},{"@type":"ImageObject","inLanguage":"es-AR","@id":"https:\/\/apuntesdesanluis.com\/index.php\/2023\/09\/11\/criticas-por-la-postura-de-diana-mondino-sobre-malvinas-los-derechos-de-los-islenos-seran-respetados\/#primaryimage","url":"https:\/\/apuntesdesanluis.com\/wp-content\/uploads\/2023\/09\/diana-mondino-javier-mileijpg.webp","contentUrl":"https:\/\/apuntesdesanluis.com\/wp-content\/uploads\/2023\/09\/diana-mondino-javier-mileijpg.webp","width":610,"height":343},{"@type":"BreadcrumbList","@id":"https:\/\/apuntesdesanluis.com\/index.php\/2023\/09\/11\/criticas-por-la-postura-de-diana-mondino-sobre-malvinas-los-derechos-de-los-islenos-seran-respetados\/#breadcrumb","itemListElement":[{"@type":"ListItem","position":1,"name":"Inicio","item":"https:\/\/apuntesdesanluis.com\/"},{"@type":"ListItem","position":2,"name":"CR\u00cdTICAS POR LA POSTURA DE DIANA MONDINO SOBRE MALVINAS: &#8220;LOS DERECHOS DE LOS ISLE\u00d1OS SER\u00c1N RESPETADOS&#8221;"}]},{"@type":"WebSite","@id":"https:\/\/apuntesdesanluis.com\/#website","url":"https:\/\/apuntesdesanluis.com\/","name":"Apuntes de San Luis","description":"","publisher":{"@id":"https:\/\/apuntesdesanluis.com\/#\/schema\/person\/b55151d52296fcce64d1a72538a70b90"},"potentialAction":[{"@type":"SearchAction","target":{"@type":"EntryPoint","urlTemplate":"https:\/\/apuntesdesanluis.com\/?s={search_term_string}"},"query-input":{"@type":"PropertyValueSpecification","valueRequired":true,"valueName":"search_term_string"}}],"inLanguage":"es-AR"},{"@type":["Person","Organization"],"@id":"https:\/\/apuntesdesanluis.com\/#\/schema\/person\/b55151d52296fcce64d1a72538a70b90","name":"apuntesdesanluis.com","image":{"@type":"ImageObject","inLanguage":"es-AR","@id":"https:\/\/apuntesdesanluis.com\/#\/schema\/person\/image\/","url":"https:\/\/apuntesdesanluis.com\/wp-content\/uploads\/2023\/07\/cropped-apuntesdesanluis.png","contentUrl":"https:\/\/apuntesdesanluis.com\/wp-content\/uploads\/2023\/07\/cropped-apuntesdesanluis.png","width":450,"height":112,"caption":"apuntesdesanluis.com"},"logo":{"@id":"https:\/\/apuntesdesanluis.com\/#\/schema\/person\/image\/"},"sameAs":["https:\/\/apuntesdesanluis.com"],"url":"https:\/\/apuntesdesanluis.com\/index.php\/author\/apuntesdesanluis-com\/"}]}},"featured_image_urls":{"full":["https:\/\/apuntesdesanluis.com\/wp-content\/uploads\/2023\/09\/diana-mondino-javier-mileijpg.webp",610,343,false],"thumbnail":["https:\/\/apuntesdesanluis.com\/wp-content\/uploads\/2023\/09\/diana-mondino-javier-mileijpg-150x150.webp",150,150,true],"medium":["https:\/\/apuntesdesanluis.com\/wp-content\/uploads\/2023\/09\/diana-mondino-javier-mileijpg-300x169.webp",300,169,true],"medium_large":["https:\/\/apuntesdesanluis.com\/wp-content\/uploads\/2023\/09\/diana-mondino-javier-mileijpg.webp",610,343,false],"large":["https:\/\/apuntesdesanluis.com\/wp-content\/uploads\/2023\/09\/diana-mondino-javier-mileijpg.webp",610,343,false],"1536x1536":["https:\/\/apuntesdesanluis.com\/wp-content\/uploads\/2023\/09\/diana-mondino-javier-mileijpg.webp",610,343,false],"2048x2048":["https:\/\/apuntesdesanluis.com\/wp-content\/uploads\/2023\/09\/diana-mondino-javier-mileijpg.webp",610,343,false],"newsever-slider-full":["https:\/\/apuntesdesanluis.com\/wp-content\/uploads\/2023\/09\/diana-mondino-javier-mileijpg.webp",610,343,false],"newsever-featured":["https:\/\/apuntesdesanluis.com\/wp-content\/uploads\/2023\/09\/diana-mondino-javier-mileijpg.webp",610,343,false],"newsever-medium":["https:\/\/apuntesdesanluis.com\/wp-content\/uploads\/2023\/09\/diana-mondino-javier-mileijpg.webp",610,343,false]},"author_info":{"display_name":"apuntesdesanluis.com","author_link":"https:\/\/apuntesdesanluis.com\/index.php\/author\/apuntesdesanluis-com\/"},"category_info":"<a href=\"https:\/\/apuntesdesanluis.com\/index.php\/category\/nacionales-internacionales\/\" rel=\"category tag\">Nacionales\/Internacionales<\/a>","tag_info":"Nacionales\/Internacionales","comment_count":"0","_links":{"self":[{"href":"https:\/\/apuntesdesanluis.com\/index.php\/wp-json\/wp\/v2\/posts\/3061","targetHints":{"allow":["GET"]}}],"collection":[{"href":"https:\/\/apuntesdesanluis.com\/index.php\/wp-json\/wp\/v2\/posts"}],"about":[{"href":"https:\/\/apuntesdesanluis.com\/index.php\/wp-json\/wp\/v2\/types\/post"}],"author":[{"embeddable":true,"href":"https:\/\/apuntesdesanluis.com\/index.php\/wp-json\/wp\/v2\/users\/1"}],"replies":[{"embeddable":true,"href":"https:\/\/apuntesdesanluis.com\/index.php\/wp-json\/wp\/v2\/comments?post=3061"}],"version-history":[{"count":1,"href":"https:\/\/apuntesdesanluis.com\/index.php\/wp-json\/wp\/v2\/posts\/3061\/revisions"}],"predecessor-version":[{"id":3063,"href":"https:\/\/apuntesdesanluis.com\/index.php\/wp-json\/wp\/v2\/posts\/3061\/revisions\/3063"}],"wp:featuredmedia":[{"embeddable":true,"href":"https:\/\/apuntesdesanluis.com\/index.php\/wp-json\/wp\/v2\/media\/3062"}],"wp:attachment":[{"href":"https:\/\/apuntesdesanluis.com\/index.php\/wp-json\/wp\/v2\/media?parent=3061"}],"wp:term":[{"taxonomy":"category","embeddable":true,"href":"https:\/\/apuntesdesanluis.com\/index.php\/wp-json\/wp\/v2\/categories?post=3061"},{"taxonomy":"post_tag","embeddable":true,"href":"https:\/\/apuntesdesanluis.com\/index.php\/wp-json\/wp\/v2\/tags?post=3061"}],"curies":[{"name":"wp","href":"https:\/\/api.w.org\/{rel}","templated":true}]}}