{"id":30620,"date":"2025-03-18T21:03:37","date_gmt":"2025-03-19T00:03:37","guid":{"rendered":"https:\/\/apuntesdesanluis.com\/?p=30620"},"modified":"2025-03-18T21:05:24","modified_gmt":"2025-03-19T00:05:24","slug":"mercado-de-pases-de-la-politica-billetera-mata-galan","status":"publish","type":"post","link":"https:\/\/apuntesdesanluis.com\/index.php\/2025\/03\/18\/mercado-de-pases-de-la-politica-billetera-mata-galan\/","title":{"rendered":"MERCADO DE PASES DE LA POL\u00cdTICA: BILLETERA MATA GAL\u00c1N"},"content":{"rendered":"<h3>Por <strong>Eduardo Gargiulo<\/strong><\/h3>\n<h3>A 96 horas de la presentaci\u00f3n de candidatos para las elecciones provinciales del 11 de mayo, en la provincia se suceden reuniones, p\u00fablicas y reservadas, llamadas telef\u00f3nicas y mensajes de whatsapp al por mayor. Todo es rosca y negociaci\u00f3n entre dirigentes desencantados del PJ y operadores poggistas.<\/h3>\n<h3>La extempor\u00e1nea conferencia de prensa que ofrecieron esta ma\u00f1ana legisladores y dirigentes del PJ en la Legislatura, para anunciar la denuncia penal contra el gobernador por la intoxicaci\u00f3n escolar, temin\u00f3 por desnudar las flaquezas opositoras.<\/h3>\n<h3>En la imagen que pudo observarse del bloque opositor, lo m\u00e1s notable \u2013parad\u00f3jicamente- fueron las ausencias. Pegaron el faltazo cuatro diputados: dos de Pedernera, <strong>Walter Aguilar<\/strong> y <strong>Sergio Dacu\u00f1a<\/strong>, y dos de Chacabuco, <strong>Marina Garro<\/strong> y <strong>Marcos Gatica<\/strong>.<\/h3>\n<h3>Por lo que pudo averiguar <strong>Apuntes de San Luis<\/strong>, ninguno present\u00f3 certificado m\u00e9dico ni se excus\u00f3 por su inasistencia.<\/h3>\n<h3>En el caso de los legisladores de Villa Mercedes, el distanciamiento de la conducci\u00f3n de <strong>Alberto Rodr\u00edguez Sa\u00e1<\/strong> ya se conoc\u00eda y termin\u00f3 por confirmarse en el armado de las listas partidarias, donde ninguno fue tenido en cuenta. El enojo por el ninguneo llev\u00f3 a Aguilar y a Dacu\u00f1a a no participar ni sumarse a las reuniones y conferencias de prensa que ofreci\u00f3 el ex gobernador en San Luis y en Villa Mercedes.<\/h3>\n<h3>Por el lado de los diputados de Chacabuco, la \u201cretirada\u201d ser\u00eda parte de una estrategia pol\u00edtica que involucra a la intendenta de Naschel, <strong>Valeria Khun<\/strong>, electa por el vecinalismo, quien cerr\u00f3 un acuerdo pol\u00edtico con la alianza oficialista que lidera Poggi.<\/h3>\n<h3>De hecho, este martes \u201cAhora San Luis\u201d habr\u00eda celebrado una reuni\u00f3n con los principales referentes de cada una de las 15 fuerzas pol\u00edticas que lo integran, y sectores aliados, en la que particip\u00f3 Marina Garro y en la que envi\u00f3 un representante Gatica.<\/h3>\n<h3>En las filas oficialistas est\u00e1n exultantes, aunque se muestran herm\u00e9ticos a la hora de confirmar o desmentir la informaci\u00f3n. Por discreci\u00f3n o para no \u201cquemar\u201d la jugada antes de tiempo .<\/h3>\n<h3>De confirmarse el \u201cpase\u201d de estos legisladores, su importancia radica en que \u201cvalen doble\u201d: a diferencia de quienes dieron la conferencia de prensa esta ma\u00f1ana, cuyos mandatos vencen en diciembre, los nuevos \u201crebeldes\u201d siguen hasta 2027, con lo cual le asegurar\u00edan al oficialismo alcanzar la mayor\u00eda agravada en la C\u00e1mara Baja de la provincia y tranquilidad por los pr\u00f3ximos tres a\u00f1os.<\/h3>\n<h3>La di\u00e1spora que sufre el PJ y Alberto Rodr\u00edguez Sa\u00e1 parece no terminar nunca. La dificultad para contener la tropa no es dif\u00edcil de entender: sin los recursos y la estructura pol\u00edtica que supo manejar en sus tiempos oficialistas, los amigos emigran en busca del calor del poder. Como reza aqu\u00e9l viejo refr\u00e1n: Billetera Mata Gal\u00e1n.<\/h3>\n<p>&nbsp;<\/p>\n<p>&nbsp;<\/p>\n<p>&nbsp;<\/p>\n<h3><\/h3>\n<h3><\/h3>\n<p>&nbsp;<\/p>\n","protected":false},"excerpt":{"rendered":"<p>Por Eduardo Gargiulo A 96 horas de la presentaci\u00f3n de candidatos para las elecciones provinciales&#8230;<\/p>\n","protected":false},"author":1,"featured_media":30621,"comment_status":"closed","ping_status":"closed","sticky":false,"template":"","format":"standard","meta":{"footnotes":""},"categories":[9],"tags":[],"class_list":["post-30620","post","type-post","status-publish","format-standard","has-post-thumbnail","hentry","category-opinion"],"yoast_head":"<!-- This site is optimized with the Yoast SEO plugin v26.1.1 - https:\/\/yoast.com\/wordpress\/plugins\/seo\/ -->\n<title>MERCADO DE PASES DE LA POL\u00cdTICA: BILLETERA MATA GAL\u00c1N - Apuntes de San Luis<\/title>\n<meta name=\"robots\" content=\"index, follow, max-snippet:-1, max-image-preview:large, max-video-preview:-1\" \/>\n<link rel=\"canonical\" href=\"https:\/\/apuntesdesanluis.com\/index.php\/2025\/03\/18\/mercado-de-pases-de-la-politica-billetera-mata-galan\/\" \/>\n<meta property=\"og:locale\" content=\"es_ES\" \/>\n<meta property=\"og:type\" content=\"article\" \/>\n<meta property=\"og:title\" content=\"MERCADO DE PASES DE LA POL\u00cdTICA: BILLETERA MATA GAL\u00c1N - Apuntes de San Luis\" \/>\n<meta property=\"og:description\" content=\"Por Eduardo Gargiulo A 96 horas de la presentaci\u00f3n de candidatos para las elecciones provinciales...\" \/>\n<meta property=\"og:url\" content=\"https:\/\/apuntesdesanluis.com\/index.php\/2025\/03\/18\/mercado-de-pases-de-la-politica-billetera-mata-galan\/\" \/>\n<meta property=\"og:site_name\" content=\"Apuntes de San Luis\" \/>\n<meta property=\"article:published_time\" content=\"2025-03-19T00:03:37+00:00\" \/>\n<meta property=\"article:modified_time\" content=\"2025-03-19T00:05:24+00:00\" \/>\n<meta property=\"og:image\" content=\"https:\/\/apuntesdesanluis.com\/wp-content\/uploads\/2025\/03\/cuatro-rebeldes.png\" \/>\n\t<meta property=\"og:image:width\" content=\"516\" \/>\n\t<meta property=\"og:image:height\" content=\"265\" \/>\n\t<meta property=\"og:image:type\" content=\"image\/png\" \/>\n<meta name=\"author\" content=\"apuntesdesanluis.com\" \/>\n<meta name=\"twitter:card\" content=\"summary_large_image\" \/>\n<meta name=\"twitter:label1\" content=\"Escrito por\" \/>\n\t<meta name=\"twitter:data1\" content=\"apuntesdesanluis.com\" \/>\n\t<meta name=\"twitter:label2\" content=\"Tiempo de lectura\" \/>\n\t<meta name=\"twitter:data2\" content=\"3 minutos\" \/>\n<script type=\"application\/ld+json\" class=\"yoast-schema-graph\">{\"@context\":\"https:\/\/schema.org\",\"@graph\":[{\"@type\":\"Article\",\"@id\":\"https:\/\/apuntesdesanluis.com\/index.php\/2025\/03\/18\/mercado-de-pases-de-la-politica-billetera-mata-galan\/#article\",\"isPartOf\":{\"@id\":\"https:\/\/apuntesdesanluis.com\/index.php\/2025\/03\/18\/mercado-de-pases-de-la-politica-billetera-mata-galan\/\"},\"author\":{\"name\":\"apuntesdesanluis.com\",\"@id\":\"https:\/\/apuntesdesanluis.com\/#\/schema\/person\/b55151d52296fcce64d1a72538a70b90\"},\"headline\":\"MERCADO DE PASES DE LA POL\u00cdTICA: BILLETERA MATA GAL\u00c1N\",\"datePublished\":\"2025-03-19T00:03:37+00:00\",\"dateModified\":\"2025-03-19T00:05:24+00:00\",\"mainEntityOfPage\":{\"@id\":\"https:\/\/apuntesdesanluis.com\/index.php\/2025\/03\/18\/mercado-de-pases-de-la-politica-billetera-mata-galan\/\"},\"wordCount\":495,\"publisher\":{\"@id\":\"https:\/\/apuntesdesanluis.com\/#\/schema\/person\/b55151d52296fcce64d1a72538a70b90\"},\"image\":{\"@id\":\"https:\/\/apuntesdesanluis.com\/index.php\/2025\/03\/18\/mercado-de-pases-de-la-politica-billetera-mata-galan\/#primaryimage\"},\"thumbnailUrl\":\"https:\/\/apuntesdesanluis.com\/wp-content\/uploads\/2025\/03\/cuatro-rebeldes.png\",\"articleSection\":[\"Opini\u00f3n\"],\"inLanguage\":\"es-AR\"},{\"@type\":\"WebPage\",\"@id\":\"https:\/\/apuntesdesanluis.com\/index.php\/2025\/03\/18\/mercado-de-pases-de-la-politica-billetera-mata-galan\/\",\"url\":\"https:\/\/apuntesdesanluis.com\/index.php\/2025\/03\/18\/mercado-de-pases-de-la-politica-billetera-mata-galan\/\",\"name\":\"MERCADO DE PASES DE LA POL\u00cdTICA: BILLETERA MATA GAL\u00c1N - Apuntes de San Luis\",\"isPartOf\":{\"@id\":\"https:\/\/apuntesdesanluis.com\/#website\"},\"primaryImageOfPage\":{\"@id\":\"https:\/\/apuntesdesanluis.com\/index.php\/2025\/03\/18\/mercado-de-pases-de-la-politica-billetera-mata-galan\/#primaryimage\"},\"image\":{\"@id\":\"https:\/\/apuntesdesanluis.com\/index.php\/2025\/03\/18\/mercado-de-pases-de-la-politica-billetera-mata-galan\/#primaryimage\"},\"thumbnailUrl\":\"https:\/\/apuntesdesanluis.com\/wp-content\/uploads\/2025\/03\/cuatro-rebeldes.png\",\"datePublished\":\"2025-03-19T00:03:37+00:00\",\"dateModified\":\"2025-03-19T00:05:24+00:00\",\"breadcrumb\":{\"@id\":\"https:\/\/apuntesdesanluis.com\/index.php\/2025\/03\/18\/mercado-de-pases-de-la-politica-billetera-mata-galan\/#breadcrumb\"},\"inLanguage\":\"es-AR\",\"potentialAction\":[{\"@type\":\"ReadAction\",\"target\":[\"https:\/\/apuntesdesanluis.com\/index.php\/2025\/03\/18\/mercado-de-pases-de-la-politica-billetera-mata-galan\/\"]}]},{\"@type\":\"ImageObject\",\"inLanguage\":\"es-AR\",\"@id\":\"https:\/\/apuntesdesanluis.com\/index.php\/2025\/03\/18\/mercado-de-pases-de-la-politica-billetera-mata-galan\/#primaryimage\",\"url\":\"https:\/\/apuntesdesanluis.com\/wp-content\/uploads\/2025\/03\/cuatro-rebeldes.png\",\"contentUrl\":\"https:\/\/apuntesdesanluis.com\/wp-content\/uploads\/2025\/03\/cuatro-rebeldes.png\",\"width\":516,\"height\":265},{\"@type\":\"BreadcrumbList\",\"@id\":\"https:\/\/apuntesdesanluis.com\/index.php\/2025\/03\/18\/mercado-de-pases-de-la-politica-billetera-mata-galan\/#breadcrumb\",\"itemListElement\":[{\"@type\":\"ListItem\",\"position\":1,\"name\":\"Inicio\",\"item\":\"https:\/\/apuntesdesanluis.com\/\"},{\"@type\":\"ListItem\",\"position\":2,\"name\":\"MERCADO DE PASES DE LA POL\u00cdTICA: BILLETERA MATA GAL\u00c1N\"}]},{\"@type\":\"WebSite\",\"@id\":\"https:\/\/apuntesdesanluis.com\/#website\",\"url\":\"https:\/\/apuntesdesanluis.com\/\",\"name\":\"Apuntes de San Luis\",\"description\":\"\",\"publisher\":{\"@id\":\"https:\/\/apuntesdesanluis.com\/#\/schema\/person\/b55151d52296fcce64d1a72538a70b90\"},\"potentialAction\":[{\"@type\":\"SearchAction\",\"target\":{\"@type\":\"EntryPoint\",\"urlTemplate\":\"https:\/\/apuntesdesanluis.com\/?s={search_term_string}\"},\"query-input\":{\"@type\":\"PropertyValueSpecification\",\"valueRequired\":true,\"valueName\":\"search_term_string\"}}],\"inLanguage\":\"es-AR\"},{\"@type\":[\"Person\",\"Organization\"],\"@id\":\"https:\/\/apuntesdesanluis.com\/#\/schema\/person\/b55151d52296fcce64d1a72538a70b90\",\"name\":\"apuntesdesanluis.com\",\"image\":{\"@type\":\"ImageObject\",\"inLanguage\":\"es-AR\",\"@id\":\"https:\/\/apuntesdesanluis.com\/#\/schema\/person\/image\/\",\"url\":\"https:\/\/apuntesdesanluis.com\/wp-content\/uploads\/2023\/07\/cropped-apuntesdesanluis.png\",\"contentUrl\":\"https:\/\/apuntesdesanluis.com\/wp-content\/uploads\/2023\/07\/cropped-apuntesdesanluis.png\",\"width\":450,\"height\":112,\"caption\":\"apuntesdesanluis.com\"},\"logo\":{\"@id\":\"https:\/\/apuntesdesanluis.com\/#\/schema\/person\/image\/\"},\"sameAs\":[\"https:\/\/apuntesdesanluis.com\"],\"url\":\"https:\/\/apuntesdesanluis.com\/index.php\/author\/apuntesdesanluis-com\/\"}]}<\/script>\n<!-- \/ Yoast SEO plugin. -->","yoast_head_json":{"title":"MERCADO DE PASES DE LA POL\u00cdTICA: BILLETERA MATA GAL\u00c1N - Apuntes de San Luis","robots":{"index":"index","follow":"follow","max-snippet":"max-snippet:-1","max-image-preview":"max-image-preview:large","max-video-preview":"max-video-preview:-1"},"canonical":"https:\/\/apuntesdesanluis.com\/index.php\/2025\/03\/18\/mercado-de-pases-de-la-politica-billetera-mata-galan\/","og_locale":"es_ES","og_type":"article","og_title":"MERCADO DE PASES DE LA POL\u00cdTICA: BILLETERA MATA GAL\u00c1N - Apuntes de San Luis","og_description":"Por Eduardo Gargiulo A 96 horas de la presentaci\u00f3n de candidatos para las elecciones provinciales...","og_url":"https:\/\/apuntesdesanluis.com\/index.php\/2025\/03\/18\/mercado-de-pases-de-la-politica-billetera-mata-galan\/","og_site_name":"Apuntes de San Luis","article_published_time":"2025-03-19T00:03:37+00:00","article_modified_time":"2025-03-19T00:05:24+00:00","og_image":[{"width":516,"height":265,"url":"https:\/\/apuntesdesanluis.com\/wp-content\/uploads\/2025\/03\/cuatro-rebeldes.png","type":"image\/png"}],"author":"apuntesdesanluis.com","twitter_card":"summary_large_image","twitter_misc":{"Escrito por":"apuntesdesanluis.com","Tiempo de lectura":"3 minutos"},"schema":{"@context":"https:\/\/schema.org","@graph":[{"@type":"Article","@id":"https:\/\/apuntesdesanluis.com\/index.php\/2025\/03\/18\/mercado-de-pases-de-la-politica-billetera-mata-galan\/#article","isPartOf":{"@id":"https:\/\/apuntesdesanluis.com\/index.php\/2025\/03\/18\/mercado-de-pases-de-la-politica-billetera-mata-galan\/"},"author":{"name":"apuntesdesanluis.com","@id":"https:\/\/apuntesdesanluis.com\/#\/schema\/person\/b55151d52296fcce64d1a72538a70b90"},"headline":"MERCADO DE PASES DE LA POL\u00cdTICA: BILLETERA MATA GAL\u00c1N","datePublished":"2025-03-19T00:03:37+00:00","dateModified":"2025-03-19T00:05:24+00:00","mainEntityOfPage":{"@id":"https:\/\/apuntesdesanluis.com\/index.php\/2025\/03\/18\/mercado-de-pases-de-la-politica-billetera-mata-galan\/"},"wordCount":495,"publisher":{"@id":"https:\/\/apuntesdesanluis.com\/#\/schema\/person\/b55151d52296fcce64d1a72538a70b90"},"image":{"@id":"https:\/\/apuntesdesanluis.com\/index.php\/2025\/03\/18\/mercado-de-pases-de-la-politica-billetera-mata-galan\/#primaryimage"},"thumbnailUrl":"https:\/\/apuntesdesanluis.com\/wp-content\/uploads\/2025\/03\/cuatro-rebeldes.png","articleSection":["Opini\u00f3n"],"inLanguage":"es-AR"},{"@type":"WebPage","@id":"https:\/\/apuntesdesanluis.com\/index.php\/2025\/03\/18\/mercado-de-pases-de-la-politica-billetera-mata-galan\/","url":"https:\/\/apuntesdesanluis.com\/index.php\/2025\/03\/18\/mercado-de-pases-de-la-politica-billetera-mata-galan\/","name":"MERCADO DE PASES DE LA POL\u00cdTICA: BILLETERA MATA GAL\u00c1N - Apuntes de San Luis","isPartOf":{"@id":"https:\/\/apuntesdesanluis.com\/#website"},"primaryImageOfPage":{"@id":"https:\/\/apuntesdesanluis.com\/index.php\/2025\/03\/18\/mercado-de-pases-de-la-politica-billetera-mata-galan\/#primaryimage"},"image":{"@id":"https:\/\/apuntesdesanluis.com\/index.php\/2025\/03\/18\/mercado-de-pases-de-la-politica-billetera-mata-galan\/#primaryimage"},"thumbnailUrl":"https:\/\/apuntesdesanluis.com\/wp-content\/uploads\/2025\/03\/cuatro-rebeldes.png","datePublished":"2025-03-19T00:03:37+00:00","dateModified":"2025-03-19T00:05:24+00:00","breadcrumb":{"@id":"https:\/\/apuntesdesanluis.com\/index.php\/2025\/03\/18\/mercado-de-pases-de-la-politica-billetera-mata-galan\/#breadcrumb"},"inLanguage":"es-AR","potentialAction":[{"@type":"ReadAction","target":["https:\/\/apuntesdesanluis.com\/index.php\/2025\/03\/18\/mercado-de-pases-de-la-politica-billetera-mata-galan\/"]}]},{"@type":"ImageObject","inLanguage":"es-AR","@id":"https:\/\/apuntesdesanluis.com\/index.php\/2025\/03\/18\/mercado-de-pases-de-la-politica-billetera-mata-galan\/#primaryimage","url":"https:\/\/apuntesdesanluis.com\/wp-content\/uploads\/2025\/03\/cuatro-rebeldes.png","contentUrl":"https:\/\/apuntesdesanluis.com\/wp-content\/uploads\/2025\/03\/cuatro-rebeldes.png","width":516,"height":265},{"@type":"BreadcrumbList","@id":"https:\/\/apuntesdesanluis.com\/index.php\/2025\/03\/18\/mercado-de-pases-de-la-politica-billetera-mata-galan\/#breadcrumb","itemListElement":[{"@type":"ListItem","position":1,"name":"Inicio","item":"https:\/\/apuntesdesanluis.com\/"},{"@type":"ListItem","position":2,"name":"MERCADO DE PASES DE LA POL\u00cdTICA: BILLETERA MATA GAL\u00c1N"}]},{"@type":"WebSite","@id":"https:\/\/apuntesdesanluis.com\/#website","url":"https:\/\/apuntesdesanluis.com\/","name":"Apuntes de San Luis","description":"","publisher":{"@id":"https:\/\/apuntesdesanluis.com\/#\/schema\/person\/b55151d52296fcce64d1a72538a70b90"},"potentialAction":[{"@type":"SearchAction","target":{"@type":"EntryPoint","urlTemplate":"https:\/\/apuntesdesanluis.com\/?s={search_term_string}"},"query-input":{"@type":"PropertyValueSpecification","valueRequired":true,"valueName":"search_term_string"}}],"inLanguage":"es-AR"},{"@type":["Person","Organization"],"@id":"https:\/\/apuntesdesanluis.com\/#\/schema\/person\/b55151d52296fcce64d1a72538a70b90","name":"apuntesdesanluis.com","image":{"@type":"ImageObject","inLanguage":"es-AR","@id":"https:\/\/apuntesdesanluis.com\/#\/schema\/person\/image\/","url":"https:\/\/apuntesdesanluis.com\/wp-content\/uploads\/2023\/07\/cropped-apuntesdesanluis.png","contentUrl":"https:\/\/apuntesdesanluis.com\/wp-content\/uploads\/2023\/07\/cropped-apuntesdesanluis.png","width":450,"height":112,"caption":"apuntesdesanluis.com"},"logo":{"@id":"https:\/\/apuntesdesanluis.com\/#\/schema\/person\/image\/"},"sameAs":["https:\/\/apuntesdesanluis.com"],"url":"https:\/\/apuntesdesanluis.com\/index.php\/author\/apuntesdesanluis-com\/"}]}},"featured_image_urls":{"full":["https:\/\/apuntesdesanluis.com\/wp-content\/uploads\/2025\/03\/cuatro-rebeldes.png",516,265,false],"thumbnail":["https:\/\/apuntesdesanluis.com\/wp-content\/uploads\/2025\/03\/cuatro-rebeldes-150x150.png",150,150,true],"medium":["https:\/\/apuntesdesanluis.com\/wp-content\/uploads\/2025\/03\/cuatro-rebeldes-300x154.png",300,154,true],"medium_large":["https:\/\/apuntesdesanluis.com\/wp-content\/uploads\/2025\/03\/cuatro-rebeldes.png",516,265,false],"large":["https:\/\/apuntesdesanluis.com\/wp-content\/uploads\/2025\/03\/cuatro-rebeldes.png",516,265,false],"1536x1536":["https:\/\/apuntesdesanluis.com\/wp-content\/uploads\/2025\/03\/cuatro-rebeldes.png",516,265,false],"2048x2048":["https:\/\/apuntesdesanluis.com\/wp-content\/uploads\/2025\/03\/cuatro-rebeldes.png",516,265,false],"newsever-slider-full":["https:\/\/apuntesdesanluis.com\/wp-content\/uploads\/2025\/03\/cuatro-rebeldes.png",516,265,false],"newsever-featured":["https:\/\/apuntesdesanluis.com\/wp-content\/uploads\/2025\/03\/cuatro-rebeldes.png",516,265,false],"newsever-medium":["https:\/\/apuntesdesanluis.com\/wp-content\/uploads\/2025\/03\/cuatro-rebeldes.png",516,265,false]},"author_info":{"display_name":"apuntesdesanluis.com","author_link":"https:\/\/apuntesdesanluis.com\/index.php\/author\/apuntesdesanluis-com\/"},"category_info":"<a href=\"https:\/\/apuntesdesanluis.com\/index.php\/category\/opinion\/\" rel=\"category tag\">Opini\u00f3n<\/a>","tag_info":"Opini\u00f3n","comment_count":"0","_links":{"self":[{"href":"https:\/\/apuntesdesanluis.com\/index.php\/wp-json\/wp\/v2\/posts\/30620","targetHints":{"allow":["GET"]}}],"collection":[{"href":"https:\/\/apuntesdesanluis.com\/index.php\/wp-json\/wp\/v2\/posts"}],"about":[{"href":"https:\/\/apuntesdesanluis.com\/index.php\/wp-json\/wp\/v2\/types\/post"}],"author":[{"embeddable":true,"href":"https:\/\/apuntesdesanluis.com\/index.php\/wp-json\/wp\/v2\/users\/1"}],"replies":[{"embeddable":true,"href":"https:\/\/apuntesdesanluis.com\/index.php\/wp-json\/wp\/v2\/comments?post=30620"}],"version-history":[{"count":2,"href":"https:\/\/apuntesdesanluis.com\/index.php\/wp-json\/wp\/v2\/posts\/30620\/revisions"}],"predecessor-version":[{"id":30623,"href":"https:\/\/apuntesdesanluis.com\/index.php\/wp-json\/wp\/v2\/posts\/30620\/revisions\/30623"}],"wp:featuredmedia":[{"embeddable":true,"href":"https:\/\/apuntesdesanluis.com\/index.php\/wp-json\/wp\/v2\/media\/30621"}],"wp:attachment":[{"href":"https:\/\/apuntesdesanluis.com\/index.php\/wp-json\/wp\/v2\/media?parent=30620"}],"wp:term":[{"taxonomy":"category","embeddable":true,"href":"https:\/\/apuntesdesanluis.com\/index.php\/wp-json\/wp\/v2\/categories?post=30620"},{"taxonomy":"post_tag","embeddable":true,"href":"https:\/\/apuntesdesanluis.com\/index.php\/wp-json\/wp\/v2\/tags?post=30620"}],"curies":[{"name":"wp","href":"https:\/\/api.w.org\/{rel}","templated":true}]}}