{"id":30629,"date":"2025-03-18T23:29:59","date_gmt":"2025-03-19T02:29:59","guid":{"rendered":"https:\/\/apuntesdesanluis.com\/?p=30629"},"modified":"2025-03-18T23:29:59","modified_gmt":"2025-03-19T02:29:59","slug":"duro-posteo-de-masci-contra-los-caranchos-del-albertismo","status":"publish","type":"post","link":"https:\/\/apuntesdesanluis.com\/index.php\/2025\/03\/18\/duro-posteo-de-masci-contra-los-caranchos-del-albertismo\/","title":{"rendered":"DURO POSTEO DE MASCI CONTRA LOS \u201cCARANCHOS DEL ALBERTISMO\u201d"},"content":{"rendered":"<h3>El secretario de Comunicaci\u00f3n del gobierno provincial, <strong>Diego Masci<\/strong>, se refiri\u00f3 de ese modo a los dirigentes del justicialismo que informaron este martes la presentaci\u00f3n de una denuncia penal contra <strong>Claudio Poggi,<\/strong> por los 67 casos de intoxicaci\u00f3n que afectaron a alumnos de dos escuelas de San Luis.<\/h3>\n<h3>\u201cNo les preocupa los chicos. Los que hoy fingen demencia, impostando empatia con los que m\u00e1s sufren, la memoria nos recuerda que ellos fueron los responsables de haber dejado al 70% de los chicos en la pobreza, a 2 de cada 3 chicos con las necesidades b\u00e1sicas insatisfechas\u201d, fustig\u00f3 a trav\u00e9s de X.<\/h3>\n<h3>Este martes por la ma\u00f1ana, en la Legislatura provincial, un grupo de diputados provinciales, concejales, la diputada nacional Natalia Zabala Chacur y la ex senadora Eugenia Catalfamo, confirmaron la demanda contra el mandatario provincial por mal desempe\u00f1o de sus funciones.<\/h3>\n<h3>El anuncio son\u00f3 ciertamente extempor\u00e1neo, puesto que el gobierno tom\u00f3 medidas inmediatamente, suspendiendo la concesi\u00f3n con el proveedor de las viandas y la distribuci\u00f3n de estas a partir del lunes en cuatro escuelas e incluso pidi\u00f3 a la Justicia que investigue.<\/h3>\n<h3>\u201cQue no se preocupen los &#8220;caranchos&#8221; del albertismo, ya se hizo la presentaci\u00f3n judicial y el PANE va a continuar hasta que recuperemos el tejido social que los &#8220;caranchos&#8221; de hoy,\u00a0 ayer destruyeron\u201d, expres\u00f3 Masci.<\/h3>\n<p><img fetchpriority=\"high\" decoding=\"async\" class=\"wp-image-30630 aligncenter\" src=\"https:\/\/apuntesdesanluis.com\/wp-content\/uploads\/2025\/03\/masci-300x288.png\" alt=\"\" width=\"659\" height=\"633\" srcset=\"https:\/\/apuntesdesanluis.com\/wp-content\/uploads\/2025\/03\/masci-300x288.png 300w, https:\/\/apuntesdesanluis.com\/wp-content\/uploads\/2025\/03\/masci.png 645w\" sizes=\"(max-width: 659px) 100vw, 659px\" \/><\/p>\n<p>&nbsp;<\/p>\n<p>&nbsp;<\/p>\n<p>&nbsp;<\/p>\n","protected":false},"excerpt":{"rendered":"<p>El secretario de Comunicaci\u00f3n del gobierno provincial, Diego Masci, se refiri\u00f3 de ese modo a&#8230;<\/p>\n","protected":false},"author":1,"featured_media":30631,"comment_status":"closed","ping_status":"closed","sticky":false,"template":"","format":"standard","meta":{"footnotes":""},"categories":[6],"tags":[],"class_list":["post-30629","post","type-post","status-publish","format-standard","has-post-thumbnail","hentry","category-ciudad-provincia"],"yoast_head":"<!-- This site is optimized with the Yoast SEO plugin v26.1.1 - https:\/\/yoast.com\/wordpress\/plugins\/seo\/ -->\n<title>DURO POSTEO DE MASCI CONTRA LOS \u201cCARANCHOS DEL ALBERTISMO\u201d - Apuntes de San Luis<\/title>\n<meta name=\"robots\" content=\"index, follow, max-snippet:-1, max-image-preview:large, max-video-preview:-1\" \/>\n<link rel=\"canonical\" href=\"https:\/\/apuntesdesanluis.com\/index.php\/2025\/03\/18\/duro-posteo-de-masci-contra-los-caranchos-del-albertismo\/\" \/>\n<meta property=\"og:locale\" content=\"es_ES\" \/>\n<meta property=\"og:type\" content=\"article\" \/>\n<meta property=\"og:title\" content=\"DURO POSTEO DE MASCI CONTRA LOS \u201cCARANCHOS DEL ALBERTISMO\u201d - Apuntes de San Luis\" \/>\n<meta property=\"og:description\" content=\"El secretario de Comunicaci\u00f3n del gobierno provincial, Diego Masci, se refiri\u00f3 de ese modo a...\" \/>\n<meta property=\"og:url\" content=\"https:\/\/apuntesdesanluis.com\/index.php\/2025\/03\/18\/duro-posteo-de-masci-contra-los-caranchos-del-albertismo\/\" \/>\n<meta property=\"og:site_name\" content=\"Apuntes de San Luis\" \/>\n<meta property=\"article:published_time\" content=\"2025-03-19T02:29:59+00:00\" \/>\n<meta property=\"og:image\" content=\"https:\/\/apuntesdesanluis.com\/wp-content\/uploads\/2025\/03\/diego-masci.png\" \/>\n\t<meta property=\"og:image:width\" content=\"646\" \/>\n\t<meta property=\"og:image:height\" content=\"448\" \/>\n\t<meta property=\"og:image:type\" content=\"image\/png\" \/>\n<meta name=\"author\" content=\"apuntesdesanluis.com\" \/>\n<meta name=\"twitter:card\" content=\"summary_large_image\" \/>\n<meta name=\"twitter:label1\" content=\"Escrito por\" \/>\n\t<meta name=\"twitter:data1\" content=\"apuntesdesanluis.com\" \/>\n\t<meta name=\"twitter:label2\" content=\"Tiempo de lectura\" \/>\n\t<meta name=\"twitter:data2\" content=\"2 minutos\" \/>\n<script type=\"application\/ld+json\" class=\"yoast-schema-graph\">{\"@context\":\"https:\/\/schema.org\",\"@graph\":[{\"@type\":\"Article\",\"@id\":\"https:\/\/apuntesdesanluis.com\/index.php\/2025\/03\/18\/duro-posteo-de-masci-contra-los-caranchos-del-albertismo\/#article\",\"isPartOf\":{\"@id\":\"https:\/\/apuntesdesanluis.com\/index.php\/2025\/03\/18\/duro-posteo-de-masci-contra-los-caranchos-del-albertismo\/\"},\"author\":{\"name\":\"apuntesdesanluis.com\",\"@id\":\"https:\/\/apuntesdesanluis.com\/#\/schema\/person\/b55151d52296fcce64d1a72538a70b90\"},\"headline\":\"DURO POSTEO DE MASCI CONTRA LOS \u201cCARANCHOS DEL ALBERTISMO\u201d\",\"datePublished\":\"2025-03-19T02:29:59+00:00\",\"mainEntityOfPage\":{\"@id\":\"https:\/\/apuntesdesanluis.com\/index.php\/2025\/03\/18\/duro-posteo-de-masci-contra-los-caranchos-del-albertismo\/\"},\"wordCount\":237,\"publisher\":{\"@id\":\"https:\/\/apuntesdesanluis.com\/#\/schema\/person\/b55151d52296fcce64d1a72538a70b90\"},\"image\":{\"@id\":\"https:\/\/apuntesdesanluis.com\/index.php\/2025\/03\/18\/duro-posteo-de-masci-contra-los-caranchos-del-albertismo\/#primaryimage\"},\"thumbnailUrl\":\"https:\/\/apuntesdesanluis.com\/wp-content\/uploads\/2025\/03\/diego-masci.png\",\"articleSection\":[\"Ciudad\/Provincia\"],\"inLanguage\":\"es-AR\"},{\"@type\":\"WebPage\",\"@id\":\"https:\/\/apuntesdesanluis.com\/index.php\/2025\/03\/18\/duro-posteo-de-masci-contra-los-caranchos-del-albertismo\/\",\"url\":\"https:\/\/apuntesdesanluis.com\/index.php\/2025\/03\/18\/duro-posteo-de-masci-contra-los-caranchos-del-albertismo\/\",\"name\":\"DURO POSTEO DE MASCI CONTRA LOS \u201cCARANCHOS DEL ALBERTISMO\u201d - Apuntes de San Luis\",\"isPartOf\":{\"@id\":\"https:\/\/apuntesdesanluis.com\/#website\"},\"primaryImageOfPage\":{\"@id\":\"https:\/\/apuntesdesanluis.com\/index.php\/2025\/03\/18\/duro-posteo-de-masci-contra-los-caranchos-del-albertismo\/#primaryimage\"},\"image\":{\"@id\":\"https:\/\/apuntesdesanluis.com\/index.php\/2025\/03\/18\/duro-posteo-de-masci-contra-los-caranchos-del-albertismo\/#primaryimage\"},\"thumbnailUrl\":\"https:\/\/apuntesdesanluis.com\/wp-content\/uploads\/2025\/03\/diego-masci.png\",\"datePublished\":\"2025-03-19T02:29:59+00:00\",\"breadcrumb\":{\"@id\":\"https:\/\/apuntesdesanluis.com\/index.php\/2025\/03\/18\/duro-posteo-de-masci-contra-los-caranchos-del-albertismo\/#breadcrumb\"},\"inLanguage\":\"es-AR\",\"potentialAction\":[{\"@type\":\"ReadAction\",\"target\":[\"https:\/\/apuntesdesanluis.com\/index.php\/2025\/03\/18\/duro-posteo-de-masci-contra-los-caranchos-del-albertismo\/\"]}]},{\"@type\":\"ImageObject\",\"inLanguage\":\"es-AR\",\"@id\":\"https:\/\/apuntesdesanluis.com\/index.php\/2025\/03\/18\/duro-posteo-de-masci-contra-los-caranchos-del-albertismo\/#primaryimage\",\"url\":\"https:\/\/apuntesdesanluis.com\/wp-content\/uploads\/2025\/03\/diego-masci.png\",\"contentUrl\":\"https:\/\/apuntesdesanluis.com\/wp-content\/uploads\/2025\/03\/diego-masci.png\",\"width\":646,\"height\":448},{\"@type\":\"BreadcrumbList\",\"@id\":\"https:\/\/apuntesdesanluis.com\/index.php\/2025\/03\/18\/duro-posteo-de-masci-contra-los-caranchos-del-albertismo\/#breadcrumb\",\"itemListElement\":[{\"@type\":\"ListItem\",\"position\":1,\"name\":\"Inicio\",\"item\":\"https:\/\/apuntesdesanluis.com\/\"},{\"@type\":\"ListItem\",\"position\":2,\"name\":\"DURO POSTEO DE MASCI CONTRA LOS \u201cCARANCHOS DEL ALBERTISMO\u201d\"}]},{\"@type\":\"WebSite\",\"@id\":\"https:\/\/apuntesdesanluis.com\/#website\",\"url\":\"https:\/\/apuntesdesanluis.com\/\",\"name\":\"Apuntes de San Luis\",\"description\":\"\",\"publisher\":{\"@id\":\"https:\/\/apuntesdesanluis.com\/#\/schema\/person\/b55151d52296fcce64d1a72538a70b90\"},\"potentialAction\":[{\"@type\":\"SearchAction\",\"target\":{\"@type\":\"EntryPoint\",\"urlTemplate\":\"https:\/\/apuntesdesanluis.com\/?s={search_term_string}\"},\"query-input\":{\"@type\":\"PropertyValueSpecification\",\"valueRequired\":true,\"valueName\":\"search_term_string\"}}],\"inLanguage\":\"es-AR\"},{\"@type\":[\"Person\",\"Organization\"],\"@id\":\"https:\/\/apuntesdesanluis.com\/#\/schema\/person\/b55151d52296fcce64d1a72538a70b90\",\"name\":\"apuntesdesanluis.com\",\"image\":{\"@type\":\"ImageObject\",\"inLanguage\":\"es-AR\",\"@id\":\"https:\/\/apuntesdesanluis.com\/#\/schema\/person\/image\/\",\"url\":\"https:\/\/apuntesdesanluis.com\/wp-content\/uploads\/2023\/07\/cropped-apuntesdesanluis.png\",\"contentUrl\":\"https:\/\/apuntesdesanluis.com\/wp-content\/uploads\/2023\/07\/cropped-apuntesdesanluis.png\",\"width\":450,\"height\":112,\"caption\":\"apuntesdesanluis.com\"},\"logo\":{\"@id\":\"https:\/\/apuntesdesanluis.com\/#\/schema\/person\/image\/\"},\"sameAs\":[\"https:\/\/apuntesdesanluis.com\"],\"url\":\"https:\/\/apuntesdesanluis.com\/index.php\/author\/apuntesdesanluis-com\/\"}]}<\/script>\n<!-- \/ Yoast SEO plugin. -->","yoast_head_json":{"title":"DURO POSTEO DE MASCI CONTRA LOS \u201cCARANCHOS DEL ALBERTISMO\u201d - Apuntes de San Luis","robots":{"index":"index","follow":"follow","max-snippet":"max-snippet:-1","max-image-preview":"max-image-preview:large","max-video-preview":"max-video-preview:-1"},"canonical":"https:\/\/apuntesdesanluis.com\/index.php\/2025\/03\/18\/duro-posteo-de-masci-contra-los-caranchos-del-albertismo\/","og_locale":"es_ES","og_type":"article","og_title":"DURO POSTEO DE MASCI CONTRA LOS \u201cCARANCHOS DEL ALBERTISMO\u201d - Apuntes de San Luis","og_description":"El secretario de Comunicaci\u00f3n del gobierno provincial, Diego Masci, se refiri\u00f3 de ese modo a...","og_url":"https:\/\/apuntesdesanluis.com\/index.php\/2025\/03\/18\/duro-posteo-de-masci-contra-los-caranchos-del-albertismo\/","og_site_name":"Apuntes de San Luis","article_published_time":"2025-03-19T02:29:59+00:00","og_image":[{"width":646,"height":448,"url":"https:\/\/apuntesdesanluis.com\/wp-content\/uploads\/2025\/03\/diego-masci.png","type":"image\/png"}],"author":"apuntesdesanluis.com","twitter_card":"summary_large_image","twitter_misc":{"Escrito por":"apuntesdesanluis.com","Tiempo de lectura":"2 minutos"},"schema":{"@context":"https:\/\/schema.org","@graph":[{"@type":"Article","@id":"https:\/\/apuntesdesanluis.com\/index.php\/2025\/03\/18\/duro-posteo-de-masci-contra-los-caranchos-del-albertismo\/#article","isPartOf":{"@id":"https:\/\/apuntesdesanluis.com\/index.php\/2025\/03\/18\/duro-posteo-de-masci-contra-los-caranchos-del-albertismo\/"},"author":{"name":"apuntesdesanluis.com","@id":"https:\/\/apuntesdesanluis.com\/#\/schema\/person\/b55151d52296fcce64d1a72538a70b90"},"headline":"DURO POSTEO DE MASCI CONTRA LOS \u201cCARANCHOS DEL ALBERTISMO\u201d","datePublished":"2025-03-19T02:29:59+00:00","mainEntityOfPage":{"@id":"https:\/\/apuntesdesanluis.com\/index.php\/2025\/03\/18\/duro-posteo-de-masci-contra-los-caranchos-del-albertismo\/"},"wordCount":237,"publisher":{"@id":"https:\/\/apuntesdesanluis.com\/#\/schema\/person\/b55151d52296fcce64d1a72538a70b90"},"image":{"@id":"https:\/\/apuntesdesanluis.com\/index.php\/2025\/03\/18\/duro-posteo-de-masci-contra-los-caranchos-del-albertismo\/#primaryimage"},"thumbnailUrl":"https:\/\/apuntesdesanluis.com\/wp-content\/uploads\/2025\/03\/diego-masci.png","articleSection":["Ciudad\/Provincia"],"inLanguage":"es-AR"},{"@type":"WebPage","@id":"https:\/\/apuntesdesanluis.com\/index.php\/2025\/03\/18\/duro-posteo-de-masci-contra-los-caranchos-del-albertismo\/","url":"https:\/\/apuntesdesanluis.com\/index.php\/2025\/03\/18\/duro-posteo-de-masci-contra-los-caranchos-del-albertismo\/","name":"DURO POSTEO DE MASCI CONTRA LOS \u201cCARANCHOS DEL ALBERTISMO\u201d - Apuntes de San Luis","isPartOf":{"@id":"https:\/\/apuntesdesanluis.com\/#website"},"primaryImageOfPage":{"@id":"https:\/\/apuntesdesanluis.com\/index.php\/2025\/03\/18\/duro-posteo-de-masci-contra-los-caranchos-del-albertismo\/#primaryimage"},"image":{"@id":"https:\/\/apuntesdesanluis.com\/index.php\/2025\/03\/18\/duro-posteo-de-masci-contra-los-caranchos-del-albertismo\/#primaryimage"},"thumbnailUrl":"https:\/\/apuntesdesanluis.com\/wp-content\/uploads\/2025\/03\/diego-masci.png","datePublished":"2025-03-19T02:29:59+00:00","breadcrumb":{"@id":"https:\/\/apuntesdesanluis.com\/index.php\/2025\/03\/18\/duro-posteo-de-masci-contra-los-caranchos-del-albertismo\/#breadcrumb"},"inLanguage":"es-AR","potentialAction":[{"@type":"ReadAction","target":["https:\/\/apuntesdesanluis.com\/index.php\/2025\/03\/18\/duro-posteo-de-masci-contra-los-caranchos-del-albertismo\/"]}]},{"@type":"ImageObject","inLanguage":"es-AR","@id":"https:\/\/apuntesdesanluis.com\/index.php\/2025\/03\/18\/duro-posteo-de-masci-contra-los-caranchos-del-albertismo\/#primaryimage","url":"https:\/\/apuntesdesanluis.com\/wp-content\/uploads\/2025\/03\/diego-masci.png","contentUrl":"https:\/\/apuntesdesanluis.com\/wp-content\/uploads\/2025\/03\/diego-masci.png","width":646,"height":448},{"@type":"BreadcrumbList","@id":"https:\/\/apuntesdesanluis.com\/index.php\/2025\/03\/18\/duro-posteo-de-masci-contra-los-caranchos-del-albertismo\/#breadcrumb","itemListElement":[{"@type":"ListItem","position":1,"name":"Inicio","item":"https:\/\/apuntesdesanluis.com\/"},{"@type":"ListItem","position":2,"name":"DURO POSTEO DE MASCI CONTRA LOS \u201cCARANCHOS DEL ALBERTISMO\u201d"}]},{"@type":"WebSite","@id":"https:\/\/apuntesdesanluis.com\/#website","url":"https:\/\/apuntesdesanluis.com\/","name":"Apuntes de San Luis","description":"","publisher":{"@id":"https:\/\/apuntesdesanluis.com\/#\/schema\/person\/b55151d52296fcce64d1a72538a70b90"},"potentialAction":[{"@type":"SearchAction","target":{"@type":"EntryPoint","urlTemplate":"https:\/\/apuntesdesanluis.com\/?s={search_term_string}"},"query-input":{"@type":"PropertyValueSpecification","valueRequired":true,"valueName":"search_term_string"}}],"inLanguage":"es-AR"},{"@type":["Person","Organization"],"@id":"https:\/\/apuntesdesanluis.com\/#\/schema\/person\/b55151d52296fcce64d1a72538a70b90","name":"apuntesdesanluis.com","image":{"@type":"ImageObject","inLanguage":"es-AR","@id":"https:\/\/apuntesdesanluis.com\/#\/schema\/person\/image\/","url":"https:\/\/apuntesdesanluis.com\/wp-content\/uploads\/2023\/07\/cropped-apuntesdesanluis.png","contentUrl":"https:\/\/apuntesdesanluis.com\/wp-content\/uploads\/2023\/07\/cropped-apuntesdesanluis.png","width":450,"height":112,"caption":"apuntesdesanluis.com"},"logo":{"@id":"https:\/\/apuntesdesanluis.com\/#\/schema\/person\/image\/"},"sameAs":["https:\/\/apuntesdesanluis.com"],"url":"https:\/\/apuntesdesanluis.com\/index.php\/author\/apuntesdesanluis-com\/"}]}},"featured_image_urls":{"full":["https:\/\/apuntesdesanluis.com\/wp-content\/uploads\/2025\/03\/diego-masci.png",646,448,false],"thumbnail":["https:\/\/apuntesdesanluis.com\/wp-content\/uploads\/2025\/03\/diego-masci-150x150.png",150,150,true],"medium":["https:\/\/apuntesdesanluis.com\/wp-content\/uploads\/2025\/03\/diego-masci-300x208.png",300,208,true],"medium_large":["https:\/\/apuntesdesanluis.com\/wp-content\/uploads\/2025\/03\/diego-masci.png",640,444,false],"large":["https:\/\/apuntesdesanluis.com\/wp-content\/uploads\/2025\/03\/diego-masci.png",640,444,false],"1536x1536":["https:\/\/apuntesdesanluis.com\/wp-content\/uploads\/2025\/03\/diego-masci.png",646,448,false],"2048x2048":["https:\/\/apuntesdesanluis.com\/wp-content\/uploads\/2025\/03\/diego-masci.png",646,448,false],"newsever-slider-full":["https:\/\/apuntesdesanluis.com\/wp-content\/uploads\/2025\/03\/diego-masci.png",646,448,false],"newsever-featured":["https:\/\/apuntesdesanluis.com\/wp-content\/uploads\/2025\/03\/diego-masci.png",646,448,false],"newsever-medium":["https:\/\/apuntesdesanluis.com\/wp-content\/uploads\/2025\/03\/diego-masci.png",646,448,false]},"author_info":{"display_name":"apuntesdesanluis.com","author_link":"https:\/\/apuntesdesanluis.com\/index.php\/author\/apuntesdesanluis-com\/"},"category_info":"<a href=\"https:\/\/apuntesdesanluis.com\/index.php\/category\/ciudad-provincia\/\" rel=\"category tag\">Ciudad\/Provincia<\/a>","tag_info":"Ciudad\/Provincia","comment_count":"0","_links":{"self":[{"href":"https:\/\/apuntesdesanluis.com\/index.php\/wp-json\/wp\/v2\/posts\/30629","targetHints":{"allow":["GET"]}}],"collection":[{"href":"https:\/\/apuntesdesanluis.com\/index.php\/wp-json\/wp\/v2\/posts"}],"about":[{"href":"https:\/\/apuntesdesanluis.com\/index.php\/wp-json\/wp\/v2\/types\/post"}],"author":[{"embeddable":true,"href":"https:\/\/apuntesdesanluis.com\/index.php\/wp-json\/wp\/v2\/users\/1"}],"replies":[{"embeddable":true,"href":"https:\/\/apuntesdesanluis.com\/index.php\/wp-json\/wp\/v2\/comments?post=30629"}],"version-history":[{"count":1,"href":"https:\/\/apuntesdesanluis.com\/index.php\/wp-json\/wp\/v2\/posts\/30629\/revisions"}],"predecessor-version":[{"id":30632,"href":"https:\/\/apuntesdesanluis.com\/index.php\/wp-json\/wp\/v2\/posts\/30629\/revisions\/30632"}],"wp:featuredmedia":[{"embeddable":true,"href":"https:\/\/apuntesdesanluis.com\/index.php\/wp-json\/wp\/v2\/media\/30631"}],"wp:attachment":[{"href":"https:\/\/apuntesdesanluis.com\/index.php\/wp-json\/wp\/v2\/media?parent=30629"}],"wp:term":[{"taxonomy":"category","embeddable":true,"href":"https:\/\/apuntesdesanluis.com\/index.php\/wp-json\/wp\/v2\/categories?post=30629"},{"taxonomy":"post_tag","embeddable":true,"href":"https:\/\/apuntesdesanluis.com\/index.php\/wp-json\/wp\/v2\/tags?post=30629"}],"curies":[{"name":"wp","href":"https:\/\/api.w.org\/{rel}","templated":true}]}}