{"id":30633,"date":"2025-03-18T23:41:45","date_gmt":"2025-03-19T02:41:45","guid":{"rendered":"https:\/\/apuntesdesanluis.com\/?p=30633"},"modified":"2025-03-19T00:28:04","modified_gmt":"2025-03-19T03:28:04","slug":"un-congreso-mas-que-blindado-se-esperan-mas-de-2-000-policias-en-la-marcha-de-los-jubilados","status":"publish","type":"post","link":"https:\/\/apuntesdesanluis.com\/index.php\/2025\/03\/18\/un-congreso-mas-que-blindado-se-esperan-mas-de-2-000-policias-en-la-marcha-de-los-jubilados\/","title":{"rendered":"UN CONGRESO BLINDADO: SE ESPERAN M\u00c1S DE 2.000 POLIC\u00cdAS EN LA MARCHA DE LOS JUBILADOS"},"content":{"rendered":"<h3>M\u00e1s de 2.000 efectivos, entre polic\u00edas de la Ciudad y fuerzas federales, se dispondr\u00e1n este mi\u00e9rcoles en el Congreso y sus alrededores, de cara al operativo de seguridad que se llevar\u00e1 a cabo durante la movilizaci\u00f3n de los jubilados.<\/h3>\n<h3>Fuentes oficiales revelaron que a los 900 polic\u00edas de la fuerza porte\u00f1a que pondr\u00e1 el Gobierno de la Ciudad se sumar\u00e1n 720 polic\u00edas federales y unos 400 entre miembros de Gendarmer\u00eda Nacional y Prefectura Naval.<\/h3>\n<h3>Por lo tanto, la cifra de uniformados superar\u00e1 los 2.000 efectivos, tras los incidentes que se produjeron el mi\u00e9rcoles pasado entre los manifestantes y las fuerzas de seguridad.<\/h3>\n<h3>En relaci\u00f3n a la Polic\u00eda Federal, para esta ocasi\u00f3n &#8220;pr\u00e1cticamente se duplic\u00f3&#8221; la cantidad de efectivos, algo que tambi\u00e9n copiar\u00edan Gendarmer\u00eda Nacional y Prefectura Naval.<\/h3>\n<h3>El Congreso y los alrededores estar\u00e1n blindados, ya que permanecer\u00e1n vallados a unos 100 metros a la redonda, por lo que no podr\u00e1n circular los autom\u00f3viles ni pasar las personas.<\/h3>\n<h3>Por su parte, la Polic\u00eda de la Ciudad desplegar\u00e1 unos 900 uniformados y 600 agentes de tr\u00e1nsito para llevar a cabo el control vehicular. a unas seis cuadras a la redonda.<\/h3>\n<h3>De esta manera, predomin\u00f3 la idea que ten\u00eda la ministra de Seguridad de la Naci\u00f3n, <strong>Patricia Bullrich<\/strong>, de evitar que los manifestantes pudieran llegar a las adyacencias de la Plaza del Congreso.<\/h3>\n<h3><\/h3>\n<h3><\/h3>\n<h3><\/h3>\n<p>&nbsp;<\/p>\n","protected":false},"excerpt":{"rendered":"<p>M\u00e1s de 2.000 efectivos, entre polic\u00edas de la Ciudad y fuerzas federales, se dispondr\u00e1n este&#8230;<\/p>\n","protected":false},"author":1,"featured_media":30634,"comment_status":"closed","ping_status":"closed","sticky":false,"template":"","format":"standard","meta":{"footnotes":""},"categories":[5],"tags":[],"class_list":["post-30633","post","type-post","status-publish","format-standard","has-post-thumbnail","hentry","category-nacionales-internacionales"],"yoast_head":"<!-- This site is optimized with the Yoast SEO plugin v26.1.1 - https:\/\/yoast.com\/wordpress\/plugins\/seo\/ -->\n<title>UN CONGRESO BLINDADO: SE ESPERAN M\u00c1S DE 2.000 POLIC\u00cdAS EN LA MARCHA DE LOS JUBILADOS - Apuntes de San Luis<\/title>\n<meta name=\"robots\" content=\"index, follow, max-snippet:-1, max-image-preview:large, max-video-preview:-1\" \/>\n<link rel=\"canonical\" href=\"https:\/\/apuntesdesanluis.com\/index.php\/2025\/03\/18\/un-congreso-mas-que-blindado-se-esperan-mas-de-2-000-policias-en-la-marcha-de-los-jubilados\/\" \/>\n<meta property=\"og:locale\" content=\"es_ES\" \/>\n<meta property=\"og:type\" content=\"article\" \/>\n<meta property=\"og:title\" content=\"UN CONGRESO BLINDADO: SE ESPERAN M\u00c1S DE 2.000 POLIC\u00cdAS EN LA MARCHA DE LOS JUBILADOS - Apuntes de San Luis\" \/>\n<meta property=\"og:description\" content=\"M\u00e1s de 2.000 efectivos, entre polic\u00edas de la Ciudad y fuerzas federales, se dispondr\u00e1n este...\" \/>\n<meta property=\"og:url\" content=\"https:\/\/apuntesdesanluis.com\/index.php\/2025\/03\/18\/un-congreso-mas-que-blindado-se-esperan-mas-de-2-000-policias-en-la-marcha-de-los-jubilados\/\" \/>\n<meta property=\"og:site_name\" content=\"Apuntes de San Luis\" \/>\n<meta property=\"article:published_time\" content=\"2025-03-19T02:41:45+00:00\" \/>\n<meta property=\"article:modified_time\" content=\"2025-03-19T03:28:04+00:00\" \/>\n<meta property=\"og:image\" content=\"https:\/\/apuntesdesanluis.com\/wp-content\/uploads\/2025\/03\/CONGRESO.png\" \/>\n\t<meta property=\"og:image:width\" content=\"712\" \/>\n\t<meta property=\"og:image:height\" content=\"424\" \/>\n\t<meta property=\"og:image:type\" content=\"image\/png\" \/>\n<meta name=\"author\" content=\"apuntesdesanluis.com\" \/>\n<meta name=\"twitter:card\" content=\"summary_large_image\" \/>\n<meta name=\"twitter:label1\" content=\"Escrito por\" \/>\n\t<meta name=\"twitter:data1\" content=\"apuntesdesanluis.com\" \/>\n\t<meta name=\"twitter:label2\" content=\"Tiempo de lectura\" \/>\n\t<meta name=\"twitter:data2\" content=\"2 minutos\" \/>\n<script type=\"application\/ld+json\" class=\"yoast-schema-graph\">{\"@context\":\"https:\/\/schema.org\",\"@graph\":[{\"@type\":\"Article\",\"@id\":\"https:\/\/apuntesdesanluis.com\/index.php\/2025\/03\/18\/un-congreso-mas-que-blindado-se-esperan-mas-de-2-000-policias-en-la-marcha-de-los-jubilados\/#article\",\"isPartOf\":{\"@id\":\"https:\/\/apuntesdesanluis.com\/index.php\/2025\/03\/18\/un-congreso-mas-que-blindado-se-esperan-mas-de-2-000-policias-en-la-marcha-de-los-jubilados\/\"},\"author\":{\"name\":\"apuntesdesanluis.com\",\"@id\":\"https:\/\/apuntesdesanluis.com\/#\/schema\/person\/b55151d52296fcce64d1a72538a70b90\"},\"headline\":\"UN CONGRESO BLINDADO: SE ESPERAN M\u00c1S DE 2.000 POLIC\u00cdAS EN LA MARCHA DE LOS JUBILADOS\",\"datePublished\":\"2025-03-19T02:41:45+00:00\",\"dateModified\":\"2025-03-19T03:28:04+00:00\",\"mainEntityOfPage\":{\"@id\":\"https:\/\/apuntesdesanluis.com\/index.php\/2025\/03\/18\/un-congreso-mas-que-blindado-se-esperan-mas-de-2-000-policias-en-la-marcha-de-los-jubilados\/\"},\"wordCount\":255,\"publisher\":{\"@id\":\"https:\/\/apuntesdesanluis.com\/#\/schema\/person\/b55151d52296fcce64d1a72538a70b90\"},\"image\":{\"@id\":\"https:\/\/apuntesdesanluis.com\/index.php\/2025\/03\/18\/un-congreso-mas-que-blindado-se-esperan-mas-de-2-000-policias-en-la-marcha-de-los-jubilados\/#primaryimage\"},\"thumbnailUrl\":\"https:\/\/apuntesdesanluis.com\/wp-content\/uploads\/2025\/03\/CONGRESO.png\",\"articleSection\":[\"Nacionales\/Internacionales\"],\"inLanguage\":\"es-AR\"},{\"@type\":\"WebPage\",\"@id\":\"https:\/\/apuntesdesanluis.com\/index.php\/2025\/03\/18\/un-congreso-mas-que-blindado-se-esperan-mas-de-2-000-policias-en-la-marcha-de-los-jubilados\/\",\"url\":\"https:\/\/apuntesdesanluis.com\/index.php\/2025\/03\/18\/un-congreso-mas-que-blindado-se-esperan-mas-de-2-000-policias-en-la-marcha-de-los-jubilados\/\",\"name\":\"UN CONGRESO BLINDADO: SE ESPERAN M\u00c1S DE 2.000 POLIC\u00cdAS EN LA MARCHA DE LOS JUBILADOS - Apuntes de San Luis\",\"isPartOf\":{\"@id\":\"https:\/\/apuntesdesanluis.com\/#website\"},\"primaryImageOfPage\":{\"@id\":\"https:\/\/apuntesdesanluis.com\/index.php\/2025\/03\/18\/un-congreso-mas-que-blindado-se-esperan-mas-de-2-000-policias-en-la-marcha-de-los-jubilados\/#primaryimage\"},\"image\":{\"@id\":\"https:\/\/apuntesdesanluis.com\/index.php\/2025\/03\/18\/un-congreso-mas-que-blindado-se-esperan-mas-de-2-000-policias-en-la-marcha-de-los-jubilados\/#primaryimage\"},\"thumbnailUrl\":\"https:\/\/apuntesdesanluis.com\/wp-content\/uploads\/2025\/03\/CONGRESO.png\",\"datePublished\":\"2025-03-19T02:41:45+00:00\",\"dateModified\":\"2025-03-19T03:28:04+00:00\",\"breadcrumb\":{\"@id\":\"https:\/\/apuntesdesanluis.com\/index.php\/2025\/03\/18\/un-congreso-mas-que-blindado-se-esperan-mas-de-2-000-policias-en-la-marcha-de-los-jubilados\/#breadcrumb\"},\"inLanguage\":\"es-AR\",\"potentialAction\":[{\"@type\":\"ReadAction\",\"target\":[\"https:\/\/apuntesdesanluis.com\/index.php\/2025\/03\/18\/un-congreso-mas-que-blindado-se-esperan-mas-de-2-000-policias-en-la-marcha-de-los-jubilados\/\"]}]},{\"@type\":\"ImageObject\",\"inLanguage\":\"es-AR\",\"@id\":\"https:\/\/apuntesdesanluis.com\/index.php\/2025\/03\/18\/un-congreso-mas-que-blindado-se-esperan-mas-de-2-000-policias-en-la-marcha-de-los-jubilados\/#primaryimage\",\"url\":\"https:\/\/apuntesdesanluis.com\/wp-content\/uploads\/2025\/03\/CONGRESO.png\",\"contentUrl\":\"https:\/\/apuntesdesanluis.com\/wp-content\/uploads\/2025\/03\/CONGRESO.png\",\"width\":712,\"height\":424},{\"@type\":\"BreadcrumbList\",\"@id\":\"https:\/\/apuntesdesanluis.com\/index.php\/2025\/03\/18\/un-congreso-mas-que-blindado-se-esperan-mas-de-2-000-policias-en-la-marcha-de-los-jubilados\/#breadcrumb\",\"itemListElement\":[{\"@type\":\"ListItem\",\"position\":1,\"name\":\"Inicio\",\"item\":\"https:\/\/apuntesdesanluis.com\/\"},{\"@type\":\"ListItem\",\"position\":2,\"name\":\"UN CONGRESO BLINDADO: SE ESPERAN M\u00c1S DE 2.000 POLIC\u00cdAS EN LA MARCHA DE LOS JUBILADOS\"}]},{\"@type\":\"WebSite\",\"@id\":\"https:\/\/apuntesdesanluis.com\/#website\",\"url\":\"https:\/\/apuntesdesanluis.com\/\",\"name\":\"Apuntes de San Luis\",\"description\":\"\",\"publisher\":{\"@id\":\"https:\/\/apuntesdesanluis.com\/#\/schema\/person\/b55151d52296fcce64d1a72538a70b90\"},\"potentialAction\":[{\"@type\":\"SearchAction\",\"target\":{\"@type\":\"EntryPoint\",\"urlTemplate\":\"https:\/\/apuntesdesanluis.com\/?s={search_term_string}\"},\"query-input\":{\"@type\":\"PropertyValueSpecification\",\"valueRequired\":true,\"valueName\":\"search_term_string\"}}],\"inLanguage\":\"es-AR\"},{\"@type\":[\"Person\",\"Organization\"],\"@id\":\"https:\/\/apuntesdesanluis.com\/#\/schema\/person\/b55151d52296fcce64d1a72538a70b90\",\"name\":\"apuntesdesanluis.com\",\"image\":{\"@type\":\"ImageObject\",\"inLanguage\":\"es-AR\",\"@id\":\"https:\/\/apuntesdesanluis.com\/#\/schema\/person\/image\/\",\"url\":\"https:\/\/apuntesdesanluis.com\/wp-content\/uploads\/2023\/07\/cropped-apuntesdesanluis.png\",\"contentUrl\":\"https:\/\/apuntesdesanluis.com\/wp-content\/uploads\/2023\/07\/cropped-apuntesdesanluis.png\",\"width\":450,\"height\":112,\"caption\":\"apuntesdesanluis.com\"},\"logo\":{\"@id\":\"https:\/\/apuntesdesanluis.com\/#\/schema\/person\/image\/\"},\"sameAs\":[\"https:\/\/apuntesdesanluis.com\"],\"url\":\"https:\/\/apuntesdesanluis.com\/index.php\/author\/apuntesdesanluis-com\/\"}]}<\/script>\n<!-- \/ Yoast SEO plugin. -->","yoast_head_json":{"title":"UN CONGRESO BLINDADO: SE ESPERAN M\u00c1S DE 2.000 POLIC\u00cdAS EN LA MARCHA DE LOS JUBILADOS - Apuntes de San Luis","robots":{"index":"index","follow":"follow","max-snippet":"max-snippet:-1","max-image-preview":"max-image-preview:large","max-video-preview":"max-video-preview:-1"},"canonical":"https:\/\/apuntesdesanluis.com\/index.php\/2025\/03\/18\/un-congreso-mas-que-blindado-se-esperan-mas-de-2-000-policias-en-la-marcha-de-los-jubilados\/","og_locale":"es_ES","og_type":"article","og_title":"UN CONGRESO BLINDADO: SE ESPERAN M\u00c1S DE 2.000 POLIC\u00cdAS EN LA MARCHA DE LOS JUBILADOS - Apuntes de San Luis","og_description":"M\u00e1s de 2.000 efectivos, entre polic\u00edas de la Ciudad y fuerzas federales, se dispondr\u00e1n este...","og_url":"https:\/\/apuntesdesanluis.com\/index.php\/2025\/03\/18\/un-congreso-mas-que-blindado-se-esperan-mas-de-2-000-policias-en-la-marcha-de-los-jubilados\/","og_site_name":"Apuntes de San Luis","article_published_time":"2025-03-19T02:41:45+00:00","article_modified_time":"2025-03-19T03:28:04+00:00","og_image":[{"width":712,"height":424,"url":"https:\/\/apuntesdesanluis.com\/wp-content\/uploads\/2025\/03\/CONGRESO.png","type":"image\/png"}],"author":"apuntesdesanluis.com","twitter_card":"summary_large_image","twitter_misc":{"Escrito por":"apuntesdesanluis.com","Tiempo de lectura":"2 minutos"},"schema":{"@context":"https:\/\/schema.org","@graph":[{"@type":"Article","@id":"https:\/\/apuntesdesanluis.com\/index.php\/2025\/03\/18\/un-congreso-mas-que-blindado-se-esperan-mas-de-2-000-policias-en-la-marcha-de-los-jubilados\/#article","isPartOf":{"@id":"https:\/\/apuntesdesanluis.com\/index.php\/2025\/03\/18\/un-congreso-mas-que-blindado-se-esperan-mas-de-2-000-policias-en-la-marcha-de-los-jubilados\/"},"author":{"name":"apuntesdesanluis.com","@id":"https:\/\/apuntesdesanluis.com\/#\/schema\/person\/b55151d52296fcce64d1a72538a70b90"},"headline":"UN CONGRESO BLINDADO: SE ESPERAN M\u00c1S DE 2.000 POLIC\u00cdAS EN LA MARCHA DE LOS JUBILADOS","datePublished":"2025-03-19T02:41:45+00:00","dateModified":"2025-03-19T03:28:04+00:00","mainEntityOfPage":{"@id":"https:\/\/apuntesdesanluis.com\/index.php\/2025\/03\/18\/un-congreso-mas-que-blindado-se-esperan-mas-de-2-000-policias-en-la-marcha-de-los-jubilados\/"},"wordCount":255,"publisher":{"@id":"https:\/\/apuntesdesanluis.com\/#\/schema\/person\/b55151d52296fcce64d1a72538a70b90"},"image":{"@id":"https:\/\/apuntesdesanluis.com\/index.php\/2025\/03\/18\/un-congreso-mas-que-blindado-se-esperan-mas-de-2-000-policias-en-la-marcha-de-los-jubilados\/#primaryimage"},"thumbnailUrl":"https:\/\/apuntesdesanluis.com\/wp-content\/uploads\/2025\/03\/CONGRESO.png","articleSection":["Nacionales\/Internacionales"],"inLanguage":"es-AR"},{"@type":"WebPage","@id":"https:\/\/apuntesdesanluis.com\/index.php\/2025\/03\/18\/un-congreso-mas-que-blindado-se-esperan-mas-de-2-000-policias-en-la-marcha-de-los-jubilados\/","url":"https:\/\/apuntesdesanluis.com\/index.php\/2025\/03\/18\/un-congreso-mas-que-blindado-se-esperan-mas-de-2-000-policias-en-la-marcha-de-los-jubilados\/","name":"UN CONGRESO BLINDADO: SE ESPERAN M\u00c1S DE 2.000 POLIC\u00cdAS EN LA MARCHA DE LOS JUBILADOS - Apuntes de San Luis","isPartOf":{"@id":"https:\/\/apuntesdesanluis.com\/#website"},"primaryImageOfPage":{"@id":"https:\/\/apuntesdesanluis.com\/index.php\/2025\/03\/18\/un-congreso-mas-que-blindado-se-esperan-mas-de-2-000-policias-en-la-marcha-de-los-jubilados\/#primaryimage"},"image":{"@id":"https:\/\/apuntesdesanluis.com\/index.php\/2025\/03\/18\/un-congreso-mas-que-blindado-se-esperan-mas-de-2-000-policias-en-la-marcha-de-los-jubilados\/#primaryimage"},"thumbnailUrl":"https:\/\/apuntesdesanluis.com\/wp-content\/uploads\/2025\/03\/CONGRESO.png","datePublished":"2025-03-19T02:41:45+00:00","dateModified":"2025-03-19T03:28:04+00:00","breadcrumb":{"@id":"https:\/\/apuntesdesanluis.com\/index.php\/2025\/03\/18\/un-congreso-mas-que-blindado-se-esperan-mas-de-2-000-policias-en-la-marcha-de-los-jubilados\/#breadcrumb"},"inLanguage":"es-AR","potentialAction":[{"@type":"ReadAction","target":["https:\/\/apuntesdesanluis.com\/index.php\/2025\/03\/18\/un-congreso-mas-que-blindado-se-esperan-mas-de-2-000-policias-en-la-marcha-de-los-jubilados\/"]}]},{"@type":"ImageObject","inLanguage":"es-AR","@id":"https:\/\/apuntesdesanluis.com\/index.php\/2025\/03\/18\/un-congreso-mas-que-blindado-se-esperan-mas-de-2-000-policias-en-la-marcha-de-los-jubilados\/#primaryimage","url":"https:\/\/apuntesdesanluis.com\/wp-content\/uploads\/2025\/03\/CONGRESO.png","contentUrl":"https:\/\/apuntesdesanluis.com\/wp-content\/uploads\/2025\/03\/CONGRESO.png","width":712,"height":424},{"@type":"BreadcrumbList","@id":"https:\/\/apuntesdesanluis.com\/index.php\/2025\/03\/18\/un-congreso-mas-que-blindado-se-esperan-mas-de-2-000-policias-en-la-marcha-de-los-jubilados\/#breadcrumb","itemListElement":[{"@type":"ListItem","position":1,"name":"Inicio","item":"https:\/\/apuntesdesanluis.com\/"},{"@type":"ListItem","position":2,"name":"UN CONGRESO BLINDADO: SE ESPERAN M\u00c1S DE 2.000 POLIC\u00cdAS EN LA MARCHA DE LOS JUBILADOS"}]},{"@type":"WebSite","@id":"https:\/\/apuntesdesanluis.com\/#website","url":"https:\/\/apuntesdesanluis.com\/","name":"Apuntes de San Luis","description":"","publisher":{"@id":"https:\/\/apuntesdesanluis.com\/#\/schema\/person\/b55151d52296fcce64d1a72538a70b90"},"potentialAction":[{"@type":"SearchAction","target":{"@type":"EntryPoint","urlTemplate":"https:\/\/apuntesdesanluis.com\/?s={search_term_string}"},"query-input":{"@type":"PropertyValueSpecification","valueRequired":true,"valueName":"search_term_string"}}],"inLanguage":"es-AR"},{"@type":["Person","Organization"],"@id":"https:\/\/apuntesdesanluis.com\/#\/schema\/person\/b55151d52296fcce64d1a72538a70b90","name":"apuntesdesanluis.com","image":{"@type":"ImageObject","inLanguage":"es-AR","@id":"https:\/\/apuntesdesanluis.com\/#\/schema\/person\/image\/","url":"https:\/\/apuntesdesanluis.com\/wp-content\/uploads\/2023\/07\/cropped-apuntesdesanluis.png","contentUrl":"https:\/\/apuntesdesanluis.com\/wp-content\/uploads\/2023\/07\/cropped-apuntesdesanluis.png","width":450,"height":112,"caption":"apuntesdesanluis.com"},"logo":{"@id":"https:\/\/apuntesdesanluis.com\/#\/schema\/person\/image\/"},"sameAs":["https:\/\/apuntesdesanluis.com"],"url":"https:\/\/apuntesdesanluis.com\/index.php\/author\/apuntesdesanluis-com\/"}]}},"featured_image_urls":{"full":["https:\/\/apuntesdesanluis.com\/wp-content\/uploads\/2025\/03\/CONGRESO.png",712,424,false],"thumbnail":["https:\/\/apuntesdesanluis.com\/wp-content\/uploads\/2025\/03\/CONGRESO-150x150.png",150,150,true],"medium":["https:\/\/apuntesdesanluis.com\/wp-content\/uploads\/2025\/03\/CONGRESO-300x179.png",300,179,true],"medium_large":["https:\/\/apuntesdesanluis.com\/wp-content\/uploads\/2025\/03\/CONGRESO.png",640,381,false],"large":["https:\/\/apuntesdesanluis.com\/wp-content\/uploads\/2025\/03\/CONGRESO.png",640,381,false],"1536x1536":["https:\/\/apuntesdesanluis.com\/wp-content\/uploads\/2025\/03\/CONGRESO.png",712,424,false],"2048x2048":["https:\/\/apuntesdesanluis.com\/wp-content\/uploads\/2025\/03\/CONGRESO.png",712,424,false],"newsever-slider-full":["https:\/\/apuntesdesanluis.com\/wp-content\/uploads\/2025\/03\/CONGRESO.png",712,424,false],"newsever-featured":["https:\/\/apuntesdesanluis.com\/wp-content\/uploads\/2025\/03\/CONGRESO.png",712,424,false],"newsever-medium":["https:\/\/apuntesdesanluis.com\/wp-content\/uploads\/2025\/03\/CONGRESO.png",712,424,false]},"author_info":{"display_name":"apuntesdesanluis.com","author_link":"https:\/\/apuntesdesanluis.com\/index.php\/author\/apuntesdesanluis-com\/"},"category_info":"<a href=\"https:\/\/apuntesdesanluis.com\/index.php\/category\/nacionales-internacionales\/\" rel=\"category tag\">Nacionales\/Internacionales<\/a>","tag_info":"Nacionales\/Internacionales","comment_count":"0","_links":{"self":[{"href":"https:\/\/apuntesdesanluis.com\/index.php\/wp-json\/wp\/v2\/posts\/30633","targetHints":{"allow":["GET"]}}],"collection":[{"href":"https:\/\/apuntesdesanluis.com\/index.php\/wp-json\/wp\/v2\/posts"}],"about":[{"href":"https:\/\/apuntesdesanluis.com\/index.php\/wp-json\/wp\/v2\/types\/post"}],"author":[{"embeddable":true,"href":"https:\/\/apuntesdesanluis.com\/index.php\/wp-json\/wp\/v2\/users\/1"}],"replies":[{"embeddable":true,"href":"https:\/\/apuntesdesanluis.com\/index.php\/wp-json\/wp\/v2\/comments?post=30633"}],"version-history":[{"count":2,"href":"https:\/\/apuntesdesanluis.com\/index.php\/wp-json\/wp\/v2\/posts\/30633\/revisions"}],"predecessor-version":[{"id":30642,"href":"https:\/\/apuntesdesanluis.com\/index.php\/wp-json\/wp\/v2\/posts\/30633\/revisions\/30642"}],"wp:featuredmedia":[{"embeddable":true,"href":"https:\/\/apuntesdesanluis.com\/index.php\/wp-json\/wp\/v2\/media\/30634"}],"wp:attachment":[{"href":"https:\/\/apuntesdesanluis.com\/index.php\/wp-json\/wp\/v2\/media?parent=30633"}],"wp:term":[{"taxonomy":"category","embeddable":true,"href":"https:\/\/apuntesdesanluis.com\/index.php\/wp-json\/wp\/v2\/categories?post=30633"},{"taxonomy":"post_tag","embeddable":true,"href":"https:\/\/apuntesdesanluis.com\/index.php\/wp-json\/wp\/v2\/tags?post=30633"}],"curies":[{"name":"wp","href":"https:\/\/api.w.org\/{rel}","templated":true}]}}