{"id":30664,"date":"2025-03-19T21:47:37","date_gmt":"2025-03-20T00:47:37","guid":{"rendered":"https:\/\/apuntesdesanluis.com\/?p=30664"},"modified":"2025-03-27T19:17:08","modified_gmt":"2025-03-27T22:17:08","slug":"el-cielo-esta-que-arde-implosion-en-el-otro-frente-libertario","status":"publish","type":"post","link":"https:\/\/apuntesdesanluis.com\/index.php\/2025\/03\/19\/el-cielo-esta-que-arde-implosion-en-el-otro-frente-libertario\/","title":{"rendered":"EL CIELO EST\u00c1 QUE ARDE: IMPLOSI\u00d3N EN EL OTRO FRENTE LIBERTARIO"},"content":{"rendered":"<h3>Por <strong>Eduardo Gargiulo<\/strong><\/h3>\n<h3>De papel\u00f3n en papel\u00f3n, as\u00ed est\u00e1n los libertarios de San Luis. Presentaron dos frentes, integrados por dos partidos cada uno, pero uno se cay\u00f3 por renuncia de una fuerza que adher\u00eda y el otro, porque el apoderado de un espacio pol\u00edtico que lo integra lo acaba de impugnar.<\/h3>\n<h3>As\u00ed las cosas, al parecer ninguno podr\u00e1 competir en las elecciones del 11 de mayo en nuestra provincia, y a lo sumo podr\u00e1n inscribir candidaturas cada uno de los partidos por separado y en forma individual.<\/h3>\n<h3>El martes <strong>Apuntes de San Luis<\/strong> inform\u00f3 que el Partido <strong>Uni\u00f3n Vecinal Provincial<\/strong> comunic\u00f3 formalmente a la justicia electoral que no formar\u00e1 parte del frente <strong>Las Fuerzas del Cielo<\/strong>, que se hab\u00eda inscripto junto con el partido <strong>Tercera Posici\u00f3n<\/strong>, a instancias del senador <strong>Bartolom\u00e9 Abdala<\/strong> y el diputado <strong>Carlos D\u00b4Alessandro<\/strong>.<\/h3>\n<h3>El apoderado partidario, <strong>Fernando Zeballos<\/strong>, expuso que se bajaron del frente en pos de la \u201cunidad del espacio Liberal Libertario\u201d, aunque en realidad trascendi\u00f3 que el verdadero motivo es que le ofrecieron un cargo en una delegaci\u00f3n nacional, algo m\u00e1s concreto que una candidatura para acceder a una improbable banca de concejal.<\/h3>\n<h3>Paralelamente, este mi\u00e9rcoles se conoci\u00f3 que el otro frente inscripto, <strong>Alianza La Libertad Avanza<\/strong>, tampoco podr\u00e1 ser oficializado, en virtud de que una de las fuerzas que lo integran reclam\u00f3 que se revoque el reconocimiento.<\/h3>\n<h3>La presentaci\u00f3n ante la Secretar\u00eda Electoral la hizo <strong>Adri\u00e1n Federico Posca<\/strong>, en car\u00e1cter de apoderado del <strong>Partido Libertario<\/strong> Departamento Jun\u00edn, denunciando que el Presidente del partido, <strong>Diego Balsano<\/strong>, expres\u00f3 su voluntad de conformar el frente \u201csin tener la anuencia de la Asamblea Partidaria en contraposici\u00f3n con lo dispuesto en el Art. 23 inc. q) de la Carta Org\u00e1nica Partidaria\u201d.<\/h3>\n<h3>\u201c\u2026se vulneraron los art\u00edculos 25; 32 inc v y 80 de nuestro propio cuerpo normativo interno partidario, ya que la anuencia de la Asamblea reviste un elemento esencial para poder conformar las alianzas electorales. En consecuencia, la pretendida alianza electoral transitoria \u201cLA LIBERTAD AVANZA\u201d no puede ser admitida, toda vez que uno de los dos partidos pol\u00edticos que la integran no ha cumplido con los requisitos necesarios y por lo tanto no est\u00e1 en condiciones de competir en el proceso electoral en curso\u201d, expresa en su presentaci\u00f3n el apoderado.<\/h3>\n<h3>En el final, efect\u00faa \u201cReserva Federal\u201d, adelantando \u201cinterponer oportunamente recurso extraordinario, mediante la invocaci\u00f3n del caso federal, atento a que, en el hipot\u00e9tico caso de que se rechazase esta solicitud de nulidad, se estar\u00eda afectando derechos constitucionales del PARTIDO LIBERTARIO, en su orden \u2014Departamental\u2014, por integrar una Alianza sin tener la anuencia de la Asamblea Partidaria tal como lo indica su Carta Org\u00e1nica, en el Art. 23 inc. q), vulnerando su esencia pol\u00edtica\u201d.<\/h3>\n<h3>Pasando en limpio la cuesti\u00f3n, la actualidad de los libertarios no podr\u00eda ser peor. La l\u00f3gica indica que este s\u00e1bado inscribir\u00e1n candidatos cada partido individualmente, en cuyo caso el \u00fanico que puede tener alguna chance \u2013si supera sus divisiones internas- es el Libertario de Jun\u00edn, que competir\u00eda llevando un nombre que suena bien a los o\u00eddos de los adherentes a <strong>Milei<\/strong>.<\/h3>\n<h3>Los que est\u00e1n m\u00e1s complicados son los otros: <strong>Tercera Posici\u00f3n<\/strong>, del t\u00e1ndem <strong>Abdala-D\u00b4Alessandro<\/strong>, y el <strong>Movimiento de Acci\u00f3n Vecinal<\/strong>, que orienta <strong>Rodolfo Negri<\/strong>. Presentarse con esas denominaciones partidarias de nula instalaci\u00f3n, y sin la figurita de Milei traccionando como en el 2023, implica arriesgarse a padecer una estrepitosa derrota.<\/h3>\n<h3>Para colmo, Dios sigue re-ocupado y no ayuda para nada a los porteros del cielo.<\/h3>\n<p>&nbsp;<\/p>\n<h3><span style=\"color: #3366ff;\"><strong><span style=\"color: #000000;\">VER:<\/span> <span style=\"color: #3366ff;\"><a style=\"color: #3366ff;\" href=\"https:\/\/apuntesdesanluis.com\/wp-content\/uploads\/2025\/03\/Impugacion-al-frente-la-libertad-avanza.pdf\" target=\"_blank\" rel=\"noopener\">IMPUGNACI\u00d3N DEL FRENTE LA LIBERTAD AVANZA<\/a><\/span><\/strong><\/span><\/h3>\n<p>&nbsp;<\/p>\n<h3><span style=\"color: #3366ff;\"><strong>NOTA RELACIONADA:\u00a0<\/strong><\/span><\/h3>\n<p><a href=\"https:\/\/apuntesdesanluis.com\/index.php\/2025\/03\/18\/se-cayo-un-angel-del-cielo-libertario-puntano\/\" target=\"_blank\" rel=\"noopener\"><img fetchpriority=\"high\" decoding=\"async\" class=\"alignnone wp-image-30665\" src=\"https:\/\/apuntesdesanluis.com\/wp-content\/uploads\/2025\/03\/ANGEL-CAIDO-300x191.png\" alt=\"\" width=\"584\" height=\"372\" srcset=\"https:\/\/apuntesdesanluis.com\/wp-content\/uploads\/2025\/03\/ANGEL-CAIDO-300x191.png 300w, https:\/\/apuntesdesanluis.com\/wp-content\/uploads\/2025\/03\/ANGEL-CAIDO.png 675w\" sizes=\"(max-width: 584px) 100vw, 584px\" \/><\/a><\/p>\n<p>&nbsp;<\/p>\n<p>&nbsp;<\/p>\n<p>&nbsp;<\/p>\n<h3><\/h3>\n<h3><\/h3>\n<h3><\/h3>\n","protected":false},"excerpt":{"rendered":"<p>Por Eduardo Gargiulo De papel\u00f3n en papel\u00f3n, as\u00ed est\u00e1n los libertarios de San Luis. Presentaron&#8230;<\/p>\n","protected":false},"author":1,"featured_media":30666,"comment_status":"closed","ping_status":"closed","sticky":false,"template":"","format":"standard","meta":{"footnotes":""},"categories":[6],"tags":[],"class_list":["post-30664","post","type-post","status-publish","format-standard","has-post-thumbnail","hentry","category-ciudad-provincia"],"yoast_head":"<!-- This site is optimized with the Yoast SEO plugin v26.1.1 - https:\/\/yoast.com\/wordpress\/plugins\/seo\/ -->\n<title>EL CIELO EST\u00c1 QUE ARDE: IMPLOSI\u00d3N EN EL OTRO FRENTE LIBERTARIO - Apuntes de San Luis<\/title>\n<meta name=\"robots\" content=\"index, follow, max-snippet:-1, max-image-preview:large, max-video-preview:-1\" \/>\n<link rel=\"canonical\" href=\"https:\/\/apuntesdesanluis.com\/index.php\/2025\/03\/19\/el-cielo-esta-que-arde-implosion-en-el-otro-frente-libertario\/\" \/>\n<meta property=\"og:locale\" content=\"es_ES\" \/>\n<meta property=\"og:type\" content=\"article\" \/>\n<meta property=\"og:title\" content=\"EL CIELO EST\u00c1 QUE ARDE: IMPLOSI\u00d3N EN EL OTRO FRENTE LIBERTARIO - Apuntes de San Luis\" \/>\n<meta property=\"og:description\" content=\"Por Eduardo Gargiulo De papel\u00f3n en papel\u00f3n, as\u00ed est\u00e1n los libertarios de San Luis. Presentaron...\" \/>\n<meta property=\"og:url\" content=\"https:\/\/apuntesdesanluis.com\/index.php\/2025\/03\/19\/el-cielo-esta-que-arde-implosion-en-el-otro-frente-libertario\/\" \/>\n<meta property=\"og:site_name\" content=\"Apuntes de San Luis\" \/>\n<meta property=\"article:published_time\" content=\"2025-03-20T00:47:37+00:00\" \/>\n<meta property=\"article:modified_time\" content=\"2025-03-27T22:17:08+00:00\" \/>\n<meta property=\"og:image\" content=\"https:\/\/apuntesdesanluis.com\/wp-content\/uploads\/2025\/03\/fuerzas-del-cielo.png\" \/>\n\t<meta property=\"og:image:width\" content=\"733\" \/>\n\t<meta property=\"og:image:height\" content=\"414\" \/>\n\t<meta property=\"og:image:type\" content=\"image\/png\" \/>\n<meta name=\"author\" content=\"apuntesdesanluis.com\" \/>\n<meta name=\"twitter:card\" content=\"summary_large_image\" \/>\n<meta name=\"twitter:label1\" content=\"Escrito por\" \/>\n\t<meta name=\"twitter:data1\" content=\"apuntesdesanluis.com\" \/>\n\t<meta name=\"twitter:label2\" content=\"Tiempo de lectura\" \/>\n\t<meta name=\"twitter:data2\" content=\"4 minutos\" \/>\n<script type=\"application\/ld+json\" class=\"yoast-schema-graph\">{\"@context\":\"https:\/\/schema.org\",\"@graph\":[{\"@type\":\"Article\",\"@id\":\"https:\/\/apuntesdesanluis.com\/index.php\/2025\/03\/19\/el-cielo-esta-que-arde-implosion-en-el-otro-frente-libertario\/#article\",\"isPartOf\":{\"@id\":\"https:\/\/apuntesdesanluis.com\/index.php\/2025\/03\/19\/el-cielo-esta-que-arde-implosion-en-el-otro-frente-libertario\/\"},\"author\":{\"name\":\"apuntesdesanluis.com\",\"@id\":\"https:\/\/apuntesdesanluis.com\/#\/schema\/person\/b55151d52296fcce64d1a72538a70b90\"},\"headline\":\"EL CIELO EST\u00c1 QUE ARDE: IMPLOSI\u00d3N EN EL OTRO FRENTE LIBERTARIO\",\"datePublished\":\"2025-03-20T00:47:37+00:00\",\"dateModified\":\"2025-03-27T22:17:08+00:00\",\"mainEntityOfPage\":{\"@id\":\"https:\/\/apuntesdesanluis.com\/index.php\/2025\/03\/19\/el-cielo-esta-que-arde-implosion-en-el-otro-frente-libertario\/\"},\"wordCount\":634,\"publisher\":{\"@id\":\"https:\/\/apuntesdesanluis.com\/#\/schema\/person\/b55151d52296fcce64d1a72538a70b90\"},\"image\":{\"@id\":\"https:\/\/apuntesdesanluis.com\/index.php\/2025\/03\/19\/el-cielo-esta-que-arde-implosion-en-el-otro-frente-libertario\/#primaryimage\"},\"thumbnailUrl\":\"https:\/\/apuntesdesanluis.com\/wp-content\/uploads\/2025\/03\/fuerzas-del-cielo.png\",\"articleSection\":[\"Ciudad\/Provincia\"],\"inLanguage\":\"es-AR\"},{\"@type\":\"WebPage\",\"@id\":\"https:\/\/apuntesdesanluis.com\/index.php\/2025\/03\/19\/el-cielo-esta-que-arde-implosion-en-el-otro-frente-libertario\/\",\"url\":\"https:\/\/apuntesdesanluis.com\/index.php\/2025\/03\/19\/el-cielo-esta-que-arde-implosion-en-el-otro-frente-libertario\/\",\"name\":\"EL CIELO EST\u00c1 QUE ARDE: IMPLOSI\u00d3N EN EL OTRO FRENTE LIBERTARIO - Apuntes de San Luis\",\"isPartOf\":{\"@id\":\"https:\/\/apuntesdesanluis.com\/#website\"},\"primaryImageOfPage\":{\"@id\":\"https:\/\/apuntesdesanluis.com\/index.php\/2025\/03\/19\/el-cielo-esta-que-arde-implosion-en-el-otro-frente-libertario\/#primaryimage\"},\"image\":{\"@id\":\"https:\/\/apuntesdesanluis.com\/index.php\/2025\/03\/19\/el-cielo-esta-que-arde-implosion-en-el-otro-frente-libertario\/#primaryimage\"},\"thumbnailUrl\":\"https:\/\/apuntesdesanluis.com\/wp-content\/uploads\/2025\/03\/fuerzas-del-cielo.png\",\"datePublished\":\"2025-03-20T00:47:37+00:00\",\"dateModified\":\"2025-03-27T22:17:08+00:00\",\"breadcrumb\":{\"@id\":\"https:\/\/apuntesdesanluis.com\/index.php\/2025\/03\/19\/el-cielo-esta-que-arde-implosion-en-el-otro-frente-libertario\/#breadcrumb\"},\"inLanguage\":\"es-AR\",\"potentialAction\":[{\"@type\":\"ReadAction\",\"target\":[\"https:\/\/apuntesdesanluis.com\/index.php\/2025\/03\/19\/el-cielo-esta-que-arde-implosion-en-el-otro-frente-libertario\/\"]}]},{\"@type\":\"ImageObject\",\"inLanguage\":\"es-AR\",\"@id\":\"https:\/\/apuntesdesanluis.com\/index.php\/2025\/03\/19\/el-cielo-esta-que-arde-implosion-en-el-otro-frente-libertario\/#primaryimage\",\"url\":\"https:\/\/apuntesdesanluis.com\/wp-content\/uploads\/2025\/03\/fuerzas-del-cielo.png\",\"contentUrl\":\"https:\/\/apuntesdesanluis.com\/wp-content\/uploads\/2025\/03\/fuerzas-del-cielo.png\",\"width\":733,\"height\":414},{\"@type\":\"BreadcrumbList\",\"@id\":\"https:\/\/apuntesdesanluis.com\/index.php\/2025\/03\/19\/el-cielo-esta-que-arde-implosion-en-el-otro-frente-libertario\/#breadcrumb\",\"itemListElement\":[{\"@type\":\"ListItem\",\"position\":1,\"name\":\"Inicio\",\"item\":\"https:\/\/apuntesdesanluis.com\/\"},{\"@type\":\"ListItem\",\"position\":2,\"name\":\"EL CIELO EST\u00c1 QUE ARDE: IMPLOSI\u00d3N EN EL OTRO FRENTE LIBERTARIO\"}]},{\"@type\":\"WebSite\",\"@id\":\"https:\/\/apuntesdesanluis.com\/#website\",\"url\":\"https:\/\/apuntesdesanluis.com\/\",\"name\":\"Apuntes de San Luis\",\"description\":\"\",\"publisher\":{\"@id\":\"https:\/\/apuntesdesanluis.com\/#\/schema\/person\/b55151d52296fcce64d1a72538a70b90\"},\"potentialAction\":[{\"@type\":\"SearchAction\",\"target\":{\"@type\":\"EntryPoint\",\"urlTemplate\":\"https:\/\/apuntesdesanluis.com\/?s={search_term_string}\"},\"query-input\":{\"@type\":\"PropertyValueSpecification\",\"valueRequired\":true,\"valueName\":\"search_term_string\"}}],\"inLanguage\":\"es-AR\"},{\"@type\":[\"Person\",\"Organization\"],\"@id\":\"https:\/\/apuntesdesanluis.com\/#\/schema\/person\/b55151d52296fcce64d1a72538a70b90\",\"name\":\"apuntesdesanluis.com\",\"image\":{\"@type\":\"ImageObject\",\"inLanguage\":\"es-AR\",\"@id\":\"https:\/\/apuntesdesanluis.com\/#\/schema\/person\/image\/\",\"url\":\"https:\/\/apuntesdesanluis.com\/wp-content\/uploads\/2023\/07\/cropped-apuntesdesanluis.png\",\"contentUrl\":\"https:\/\/apuntesdesanluis.com\/wp-content\/uploads\/2023\/07\/cropped-apuntesdesanluis.png\",\"width\":450,\"height\":112,\"caption\":\"apuntesdesanluis.com\"},\"logo\":{\"@id\":\"https:\/\/apuntesdesanluis.com\/#\/schema\/person\/image\/\"},\"sameAs\":[\"https:\/\/apuntesdesanluis.com\"],\"url\":\"https:\/\/apuntesdesanluis.com\/index.php\/author\/apuntesdesanluis-com\/\"}]}<\/script>\n<!-- \/ Yoast SEO plugin. -->","yoast_head_json":{"title":"EL CIELO EST\u00c1 QUE ARDE: IMPLOSI\u00d3N EN EL OTRO FRENTE LIBERTARIO - Apuntes de San Luis","robots":{"index":"index","follow":"follow","max-snippet":"max-snippet:-1","max-image-preview":"max-image-preview:large","max-video-preview":"max-video-preview:-1"},"canonical":"https:\/\/apuntesdesanluis.com\/index.php\/2025\/03\/19\/el-cielo-esta-que-arde-implosion-en-el-otro-frente-libertario\/","og_locale":"es_ES","og_type":"article","og_title":"EL CIELO EST\u00c1 QUE ARDE: IMPLOSI\u00d3N EN EL OTRO FRENTE LIBERTARIO - Apuntes de San Luis","og_description":"Por Eduardo Gargiulo De papel\u00f3n en papel\u00f3n, as\u00ed est\u00e1n los libertarios de San Luis. Presentaron...","og_url":"https:\/\/apuntesdesanluis.com\/index.php\/2025\/03\/19\/el-cielo-esta-que-arde-implosion-en-el-otro-frente-libertario\/","og_site_name":"Apuntes de San Luis","article_published_time":"2025-03-20T00:47:37+00:00","article_modified_time":"2025-03-27T22:17:08+00:00","og_image":[{"width":733,"height":414,"url":"https:\/\/apuntesdesanluis.com\/wp-content\/uploads\/2025\/03\/fuerzas-del-cielo.png","type":"image\/png"}],"author":"apuntesdesanluis.com","twitter_card":"summary_large_image","twitter_misc":{"Escrito por":"apuntesdesanluis.com","Tiempo de lectura":"4 minutos"},"schema":{"@context":"https:\/\/schema.org","@graph":[{"@type":"Article","@id":"https:\/\/apuntesdesanluis.com\/index.php\/2025\/03\/19\/el-cielo-esta-que-arde-implosion-en-el-otro-frente-libertario\/#article","isPartOf":{"@id":"https:\/\/apuntesdesanluis.com\/index.php\/2025\/03\/19\/el-cielo-esta-que-arde-implosion-en-el-otro-frente-libertario\/"},"author":{"name":"apuntesdesanluis.com","@id":"https:\/\/apuntesdesanluis.com\/#\/schema\/person\/b55151d52296fcce64d1a72538a70b90"},"headline":"EL CIELO EST\u00c1 QUE ARDE: IMPLOSI\u00d3N EN EL OTRO FRENTE LIBERTARIO","datePublished":"2025-03-20T00:47:37+00:00","dateModified":"2025-03-27T22:17:08+00:00","mainEntityOfPage":{"@id":"https:\/\/apuntesdesanluis.com\/index.php\/2025\/03\/19\/el-cielo-esta-que-arde-implosion-en-el-otro-frente-libertario\/"},"wordCount":634,"publisher":{"@id":"https:\/\/apuntesdesanluis.com\/#\/schema\/person\/b55151d52296fcce64d1a72538a70b90"},"image":{"@id":"https:\/\/apuntesdesanluis.com\/index.php\/2025\/03\/19\/el-cielo-esta-que-arde-implosion-en-el-otro-frente-libertario\/#primaryimage"},"thumbnailUrl":"https:\/\/apuntesdesanluis.com\/wp-content\/uploads\/2025\/03\/fuerzas-del-cielo.png","articleSection":["Ciudad\/Provincia"],"inLanguage":"es-AR"},{"@type":"WebPage","@id":"https:\/\/apuntesdesanluis.com\/index.php\/2025\/03\/19\/el-cielo-esta-que-arde-implosion-en-el-otro-frente-libertario\/","url":"https:\/\/apuntesdesanluis.com\/index.php\/2025\/03\/19\/el-cielo-esta-que-arde-implosion-en-el-otro-frente-libertario\/","name":"EL CIELO EST\u00c1 QUE ARDE: IMPLOSI\u00d3N EN EL OTRO FRENTE LIBERTARIO - Apuntes de San Luis","isPartOf":{"@id":"https:\/\/apuntesdesanluis.com\/#website"},"primaryImageOfPage":{"@id":"https:\/\/apuntesdesanluis.com\/index.php\/2025\/03\/19\/el-cielo-esta-que-arde-implosion-en-el-otro-frente-libertario\/#primaryimage"},"image":{"@id":"https:\/\/apuntesdesanluis.com\/index.php\/2025\/03\/19\/el-cielo-esta-que-arde-implosion-en-el-otro-frente-libertario\/#primaryimage"},"thumbnailUrl":"https:\/\/apuntesdesanluis.com\/wp-content\/uploads\/2025\/03\/fuerzas-del-cielo.png","datePublished":"2025-03-20T00:47:37+00:00","dateModified":"2025-03-27T22:17:08+00:00","breadcrumb":{"@id":"https:\/\/apuntesdesanluis.com\/index.php\/2025\/03\/19\/el-cielo-esta-que-arde-implosion-en-el-otro-frente-libertario\/#breadcrumb"},"inLanguage":"es-AR","potentialAction":[{"@type":"ReadAction","target":["https:\/\/apuntesdesanluis.com\/index.php\/2025\/03\/19\/el-cielo-esta-que-arde-implosion-en-el-otro-frente-libertario\/"]}]},{"@type":"ImageObject","inLanguage":"es-AR","@id":"https:\/\/apuntesdesanluis.com\/index.php\/2025\/03\/19\/el-cielo-esta-que-arde-implosion-en-el-otro-frente-libertario\/#primaryimage","url":"https:\/\/apuntesdesanluis.com\/wp-content\/uploads\/2025\/03\/fuerzas-del-cielo.png","contentUrl":"https:\/\/apuntesdesanluis.com\/wp-content\/uploads\/2025\/03\/fuerzas-del-cielo.png","width":733,"height":414},{"@type":"BreadcrumbList","@id":"https:\/\/apuntesdesanluis.com\/index.php\/2025\/03\/19\/el-cielo-esta-que-arde-implosion-en-el-otro-frente-libertario\/#breadcrumb","itemListElement":[{"@type":"ListItem","position":1,"name":"Inicio","item":"https:\/\/apuntesdesanluis.com\/"},{"@type":"ListItem","position":2,"name":"EL CIELO EST\u00c1 QUE ARDE: IMPLOSI\u00d3N EN EL OTRO FRENTE LIBERTARIO"}]},{"@type":"WebSite","@id":"https:\/\/apuntesdesanluis.com\/#website","url":"https:\/\/apuntesdesanluis.com\/","name":"Apuntes de San Luis","description":"","publisher":{"@id":"https:\/\/apuntesdesanluis.com\/#\/schema\/person\/b55151d52296fcce64d1a72538a70b90"},"potentialAction":[{"@type":"SearchAction","target":{"@type":"EntryPoint","urlTemplate":"https:\/\/apuntesdesanluis.com\/?s={search_term_string}"},"query-input":{"@type":"PropertyValueSpecification","valueRequired":true,"valueName":"search_term_string"}}],"inLanguage":"es-AR"},{"@type":["Person","Organization"],"@id":"https:\/\/apuntesdesanluis.com\/#\/schema\/person\/b55151d52296fcce64d1a72538a70b90","name":"apuntesdesanluis.com","image":{"@type":"ImageObject","inLanguage":"es-AR","@id":"https:\/\/apuntesdesanluis.com\/#\/schema\/person\/image\/","url":"https:\/\/apuntesdesanluis.com\/wp-content\/uploads\/2023\/07\/cropped-apuntesdesanluis.png","contentUrl":"https:\/\/apuntesdesanluis.com\/wp-content\/uploads\/2023\/07\/cropped-apuntesdesanluis.png","width":450,"height":112,"caption":"apuntesdesanluis.com"},"logo":{"@id":"https:\/\/apuntesdesanluis.com\/#\/schema\/person\/image\/"},"sameAs":["https:\/\/apuntesdesanluis.com"],"url":"https:\/\/apuntesdesanluis.com\/index.php\/author\/apuntesdesanluis-com\/"}]}},"featured_image_urls":{"full":["https:\/\/apuntesdesanluis.com\/wp-content\/uploads\/2025\/03\/fuerzas-del-cielo.png",733,414,false],"thumbnail":["https:\/\/apuntesdesanluis.com\/wp-content\/uploads\/2025\/03\/fuerzas-del-cielo-150x150.png",150,150,true],"medium":["https:\/\/apuntesdesanluis.com\/wp-content\/uploads\/2025\/03\/fuerzas-del-cielo-300x169.png",300,169,true],"medium_large":["https:\/\/apuntesdesanluis.com\/wp-content\/uploads\/2025\/03\/fuerzas-del-cielo.png",640,361,false],"large":["https:\/\/apuntesdesanluis.com\/wp-content\/uploads\/2025\/03\/fuerzas-del-cielo.png",640,361,false],"1536x1536":["https:\/\/apuntesdesanluis.com\/wp-content\/uploads\/2025\/03\/fuerzas-del-cielo.png",733,414,false],"2048x2048":["https:\/\/apuntesdesanluis.com\/wp-content\/uploads\/2025\/03\/fuerzas-del-cielo.png",733,414,false],"newsever-slider-full":["https:\/\/apuntesdesanluis.com\/wp-content\/uploads\/2025\/03\/fuerzas-del-cielo.png",733,414,false],"newsever-featured":["https:\/\/apuntesdesanluis.com\/wp-content\/uploads\/2025\/03\/fuerzas-del-cielo.png",733,414,false],"newsever-medium":["https:\/\/apuntesdesanluis.com\/wp-content\/uploads\/2025\/03\/fuerzas-del-cielo-720x414.png",720,414,true]},"author_info":{"display_name":"apuntesdesanluis.com","author_link":"https:\/\/apuntesdesanluis.com\/index.php\/author\/apuntesdesanluis-com\/"},"category_info":"<a href=\"https:\/\/apuntesdesanluis.com\/index.php\/category\/ciudad-provincia\/\" rel=\"category tag\">Ciudad\/Provincia<\/a>","tag_info":"Ciudad\/Provincia","comment_count":"0","_links":{"self":[{"href":"https:\/\/apuntesdesanluis.com\/index.php\/wp-json\/wp\/v2\/posts\/30664","targetHints":{"allow":["GET"]}}],"collection":[{"href":"https:\/\/apuntesdesanluis.com\/index.php\/wp-json\/wp\/v2\/posts"}],"about":[{"href":"https:\/\/apuntesdesanluis.com\/index.php\/wp-json\/wp\/v2\/types\/post"}],"author":[{"embeddable":true,"href":"https:\/\/apuntesdesanluis.com\/index.php\/wp-json\/wp\/v2\/users\/1"}],"replies":[{"embeddable":true,"href":"https:\/\/apuntesdesanluis.com\/index.php\/wp-json\/wp\/v2\/comments?post=30664"}],"version-history":[{"count":9,"href":"https:\/\/apuntesdesanluis.com\/index.php\/wp-json\/wp\/v2\/posts\/30664\/revisions"}],"predecessor-version":[{"id":30938,"href":"https:\/\/apuntesdesanluis.com\/index.php\/wp-json\/wp\/v2\/posts\/30664\/revisions\/30938"}],"wp:featuredmedia":[{"embeddable":true,"href":"https:\/\/apuntesdesanluis.com\/index.php\/wp-json\/wp\/v2\/media\/30666"}],"wp:attachment":[{"href":"https:\/\/apuntesdesanluis.com\/index.php\/wp-json\/wp\/v2\/media?parent=30664"}],"wp:term":[{"taxonomy":"category","embeddable":true,"href":"https:\/\/apuntesdesanluis.com\/index.php\/wp-json\/wp\/v2\/categories?post=30664"},{"taxonomy":"post_tag","embeddable":true,"href":"https:\/\/apuntesdesanluis.com\/index.php\/wp-json\/wp\/v2\/tags?post=30664"}],"curies":[{"name":"wp","href":"https:\/\/api.w.org\/{rel}","templated":true}]}}