{"id":3067,"date":"2023-09-11T13:44:34","date_gmt":"2023-09-11T16:44:34","guid":{"rendered":"https:\/\/apuntesdesanluis.com\/?p=3067"},"modified":"2023-09-11T13:44:34","modified_gmt":"2023-09-11T16:44:34","slug":"se-registraron-mas-de-70-inscriptos-en-la-upro-de-justo-daract","status":"publish","type":"post","link":"https:\/\/apuntesdesanluis.com\/index.php\/2023\/09\/11\/se-registraron-mas-de-70-inscriptos-en-la-upro-de-justo-daract\/","title":{"rendered":"SE REGISTRARON M\u00c1S DE 70 INSCRIPTOS EN LA UPRO DE JUSTO DARACT"},"content":{"rendered":"<h3>Entre el 4 de septiembre, y hasta el viernes 8, se realizaron las inscripciones para el curso de Durlock en la ciudad de Justo Daract, una nueva opci\u00f3n que ofrece la Universidad Provincial de Oficios \u201cEva Per\u00f3n\u201d.<\/h3>\n<h3>72 daractenses se acercaron hasta las oficinas del Sindicato de la Fraternidad a completar su inscripci\u00f3n. Ahora deber\u00e1n realizar un curso de nivelaci\u00f3n del 12 al 29 de septiembre.<\/h3>\n<h3>\u201cEstamos gratamente sorprendidos con la respuesta, teniendo en cuenta que esto surgi\u00f3 muy r\u00e1pido, pero este es el primer paso de la Red Provincial de Extensiones, un programa que permitir\u00e1 que la UPrO llegue a todos los rincones de la provincia\u201d, expres\u00f3 Joaqu\u00edn Surroca el Rector de la Instituci\u00f3n.<\/h3>\n<h3>Actualmente, la UPrO cuenta con su sede central en Villa Mercedes, tres extensiones en San Luis, Candelaria, Quines, Tilisarao, San Mart\u00edn, Merlo, Buena Esperanza y La Calera, mientras que se encuentran en obra, una sede en el Barrio Los Poetas de Villa Mercedes y en la localidad de San Francisco.<\/h3>\n<h3>Las clases tienen fecha de inicio el 2 de octubre, y el curso se brindar\u00e1 exclusivamente en horario nocturno (18:00 a 22:00).<\/h3>\n","protected":false},"excerpt":{"rendered":"<p>Entre el 4 de septiembre, y hasta el viernes 8, se realizaron las inscripciones para&#8230;<\/p>\n","protected":false},"author":1,"featured_media":2653,"comment_status":"closed","ping_status":"closed","sticky":false,"template":"","format":"standard","meta":{"footnotes":""},"categories":[6],"tags":[],"class_list":["post-3067","post","type-post","status-publish","format-standard","has-post-thumbnail","hentry","category-ciudad-provincia"],"yoast_head":"<!-- This site is optimized with the Yoast SEO plugin v26.1.1 - https:\/\/yoast.com\/wordpress\/plugins\/seo\/ -->\n<title>SE REGISTRARON M\u00c1S DE 70 INSCRIPTOS EN LA UPRO DE JUSTO DARACT - Apuntes de San Luis<\/title>\n<meta name=\"robots\" content=\"index, follow, max-snippet:-1, max-image-preview:large, max-video-preview:-1\" \/>\n<link rel=\"canonical\" href=\"https:\/\/apuntesdesanluis.com\/index.php\/2023\/09\/11\/se-registraron-mas-de-70-inscriptos-en-la-upro-de-justo-daract\/\" \/>\n<meta property=\"og:locale\" content=\"es_ES\" \/>\n<meta property=\"og:type\" content=\"article\" \/>\n<meta property=\"og:title\" content=\"SE REGISTRARON M\u00c1S DE 70 INSCRIPTOS EN LA UPRO DE JUSTO DARACT - Apuntes de San Luis\" \/>\n<meta property=\"og:description\" content=\"Entre el 4 de septiembre, y hasta el viernes 8, se realizaron las inscripciones para...\" \/>\n<meta property=\"og:url\" content=\"https:\/\/apuntesdesanluis.com\/index.php\/2023\/09\/11\/se-registraron-mas-de-70-inscriptos-en-la-upro-de-justo-daract\/\" \/>\n<meta property=\"og:site_name\" content=\"Apuntes de San Luis\" \/>\n<meta property=\"article:published_time\" content=\"2023-09-11T16:44:34+00:00\" \/>\n<meta property=\"og:image\" content=\"https:\/\/apuntesdesanluis.com\/wp-content\/uploads\/2023\/09\/upro-surroca.png\" \/>\n\t<meta property=\"og:image:width\" content=\"919\" \/>\n\t<meta property=\"og:image:height\" content=\"567\" \/>\n\t<meta property=\"og:image:type\" content=\"image\/png\" \/>\n<meta name=\"author\" content=\"apuntesdesanluis.com\" \/>\n<meta name=\"twitter:card\" content=\"summary_large_image\" \/>\n<meta name=\"twitter:label1\" content=\"Escrito por\" \/>\n\t<meta name=\"twitter:data1\" content=\"apuntesdesanluis.com\" \/>\n\t<meta name=\"twitter:label2\" content=\"Tiempo de lectura\" \/>\n\t<meta name=\"twitter:data2\" content=\"1 minuto\" \/>\n<script type=\"application\/ld+json\" class=\"yoast-schema-graph\">{\"@context\":\"https:\/\/schema.org\",\"@graph\":[{\"@type\":\"Article\",\"@id\":\"https:\/\/apuntesdesanluis.com\/index.php\/2023\/09\/11\/se-registraron-mas-de-70-inscriptos-en-la-upro-de-justo-daract\/#article\",\"isPartOf\":{\"@id\":\"https:\/\/apuntesdesanluis.com\/index.php\/2023\/09\/11\/se-registraron-mas-de-70-inscriptos-en-la-upro-de-justo-daract\/\"},\"author\":{\"name\":\"apuntesdesanluis.com\",\"@id\":\"https:\/\/apuntesdesanluis.com\/#\/schema\/person\/b55151d52296fcce64d1a72538a70b90\"},\"headline\":\"SE REGISTRARON M\u00c1S DE 70 INSCRIPTOS EN LA UPRO DE JUSTO DARACT\",\"datePublished\":\"2023-09-11T16:44:34+00:00\",\"mainEntityOfPage\":{\"@id\":\"https:\/\/apuntesdesanluis.com\/index.php\/2023\/09\/11\/se-registraron-mas-de-70-inscriptos-en-la-upro-de-justo-daract\/\"},\"wordCount\":200,\"publisher\":{\"@id\":\"https:\/\/apuntesdesanluis.com\/#\/schema\/person\/b55151d52296fcce64d1a72538a70b90\"},\"image\":{\"@id\":\"https:\/\/apuntesdesanluis.com\/index.php\/2023\/09\/11\/se-registraron-mas-de-70-inscriptos-en-la-upro-de-justo-daract\/#primaryimage\"},\"thumbnailUrl\":\"https:\/\/apuntesdesanluis.com\/wp-content\/uploads\/2023\/09\/upro-surroca.png\",\"articleSection\":[\"Ciudad\/Provincia\"],\"inLanguage\":\"es-AR\"},{\"@type\":\"WebPage\",\"@id\":\"https:\/\/apuntesdesanluis.com\/index.php\/2023\/09\/11\/se-registraron-mas-de-70-inscriptos-en-la-upro-de-justo-daract\/\",\"url\":\"https:\/\/apuntesdesanluis.com\/index.php\/2023\/09\/11\/se-registraron-mas-de-70-inscriptos-en-la-upro-de-justo-daract\/\",\"name\":\"SE REGISTRARON M\u00c1S DE 70 INSCRIPTOS EN LA UPRO DE JUSTO DARACT - Apuntes de San Luis\",\"isPartOf\":{\"@id\":\"https:\/\/apuntesdesanluis.com\/#website\"},\"primaryImageOfPage\":{\"@id\":\"https:\/\/apuntesdesanluis.com\/index.php\/2023\/09\/11\/se-registraron-mas-de-70-inscriptos-en-la-upro-de-justo-daract\/#primaryimage\"},\"image\":{\"@id\":\"https:\/\/apuntesdesanluis.com\/index.php\/2023\/09\/11\/se-registraron-mas-de-70-inscriptos-en-la-upro-de-justo-daract\/#primaryimage\"},\"thumbnailUrl\":\"https:\/\/apuntesdesanluis.com\/wp-content\/uploads\/2023\/09\/upro-surroca.png\",\"datePublished\":\"2023-09-11T16:44:34+00:00\",\"breadcrumb\":{\"@id\":\"https:\/\/apuntesdesanluis.com\/index.php\/2023\/09\/11\/se-registraron-mas-de-70-inscriptos-en-la-upro-de-justo-daract\/#breadcrumb\"},\"inLanguage\":\"es-AR\",\"potentialAction\":[{\"@type\":\"ReadAction\",\"target\":[\"https:\/\/apuntesdesanluis.com\/index.php\/2023\/09\/11\/se-registraron-mas-de-70-inscriptos-en-la-upro-de-justo-daract\/\"]}]},{\"@type\":\"ImageObject\",\"inLanguage\":\"es-AR\",\"@id\":\"https:\/\/apuntesdesanluis.com\/index.php\/2023\/09\/11\/se-registraron-mas-de-70-inscriptos-en-la-upro-de-justo-daract\/#primaryimage\",\"url\":\"https:\/\/apuntesdesanluis.com\/wp-content\/uploads\/2023\/09\/upro-surroca.png\",\"contentUrl\":\"https:\/\/apuntesdesanluis.com\/wp-content\/uploads\/2023\/09\/upro-surroca.png\",\"width\":919,\"height\":567},{\"@type\":\"BreadcrumbList\",\"@id\":\"https:\/\/apuntesdesanluis.com\/index.php\/2023\/09\/11\/se-registraron-mas-de-70-inscriptos-en-la-upro-de-justo-daract\/#breadcrumb\",\"itemListElement\":[{\"@type\":\"ListItem\",\"position\":1,\"name\":\"Inicio\",\"item\":\"https:\/\/apuntesdesanluis.com\/\"},{\"@type\":\"ListItem\",\"position\":2,\"name\":\"SE REGISTRARON M\u00c1S DE 70 INSCRIPTOS EN LA UPRO DE JUSTO DARACT\"}]},{\"@type\":\"WebSite\",\"@id\":\"https:\/\/apuntesdesanluis.com\/#website\",\"url\":\"https:\/\/apuntesdesanluis.com\/\",\"name\":\"Apuntes de San Luis\",\"description\":\"\",\"publisher\":{\"@id\":\"https:\/\/apuntesdesanluis.com\/#\/schema\/person\/b55151d52296fcce64d1a72538a70b90\"},\"potentialAction\":[{\"@type\":\"SearchAction\",\"target\":{\"@type\":\"EntryPoint\",\"urlTemplate\":\"https:\/\/apuntesdesanluis.com\/?s={search_term_string}\"},\"query-input\":{\"@type\":\"PropertyValueSpecification\",\"valueRequired\":true,\"valueName\":\"search_term_string\"}}],\"inLanguage\":\"es-AR\"},{\"@type\":[\"Person\",\"Organization\"],\"@id\":\"https:\/\/apuntesdesanluis.com\/#\/schema\/person\/b55151d52296fcce64d1a72538a70b90\",\"name\":\"apuntesdesanluis.com\",\"image\":{\"@type\":\"ImageObject\",\"inLanguage\":\"es-AR\",\"@id\":\"https:\/\/apuntesdesanluis.com\/#\/schema\/person\/image\/\",\"url\":\"https:\/\/apuntesdesanluis.com\/wp-content\/uploads\/2023\/07\/cropped-apuntesdesanluis.png\",\"contentUrl\":\"https:\/\/apuntesdesanluis.com\/wp-content\/uploads\/2023\/07\/cropped-apuntesdesanluis.png\",\"width\":450,\"height\":112,\"caption\":\"apuntesdesanluis.com\"},\"logo\":{\"@id\":\"https:\/\/apuntesdesanluis.com\/#\/schema\/person\/image\/\"},\"sameAs\":[\"https:\/\/apuntesdesanluis.com\"],\"url\":\"https:\/\/apuntesdesanluis.com\/index.php\/author\/apuntesdesanluis-com\/\"}]}<\/script>\n<!-- \/ Yoast SEO plugin. -->","yoast_head_json":{"title":"SE REGISTRARON M\u00c1S DE 70 INSCRIPTOS EN LA UPRO DE JUSTO DARACT - Apuntes de San Luis","robots":{"index":"index","follow":"follow","max-snippet":"max-snippet:-1","max-image-preview":"max-image-preview:large","max-video-preview":"max-video-preview:-1"},"canonical":"https:\/\/apuntesdesanluis.com\/index.php\/2023\/09\/11\/se-registraron-mas-de-70-inscriptos-en-la-upro-de-justo-daract\/","og_locale":"es_ES","og_type":"article","og_title":"SE REGISTRARON M\u00c1S DE 70 INSCRIPTOS EN LA UPRO DE JUSTO DARACT - Apuntes de San Luis","og_description":"Entre el 4 de septiembre, y hasta el viernes 8, se realizaron las inscripciones para...","og_url":"https:\/\/apuntesdesanluis.com\/index.php\/2023\/09\/11\/se-registraron-mas-de-70-inscriptos-en-la-upro-de-justo-daract\/","og_site_name":"Apuntes de San Luis","article_published_time":"2023-09-11T16:44:34+00:00","og_image":[{"width":919,"height":567,"url":"https:\/\/apuntesdesanluis.com\/wp-content\/uploads\/2023\/09\/upro-surroca.png","type":"image\/png"}],"author":"apuntesdesanluis.com","twitter_card":"summary_large_image","twitter_misc":{"Escrito por":"apuntesdesanluis.com","Tiempo de lectura":"1 minuto"},"schema":{"@context":"https:\/\/schema.org","@graph":[{"@type":"Article","@id":"https:\/\/apuntesdesanluis.com\/index.php\/2023\/09\/11\/se-registraron-mas-de-70-inscriptos-en-la-upro-de-justo-daract\/#article","isPartOf":{"@id":"https:\/\/apuntesdesanluis.com\/index.php\/2023\/09\/11\/se-registraron-mas-de-70-inscriptos-en-la-upro-de-justo-daract\/"},"author":{"name":"apuntesdesanluis.com","@id":"https:\/\/apuntesdesanluis.com\/#\/schema\/person\/b55151d52296fcce64d1a72538a70b90"},"headline":"SE REGISTRARON M\u00c1S DE 70 INSCRIPTOS EN LA UPRO DE JUSTO DARACT","datePublished":"2023-09-11T16:44:34+00:00","mainEntityOfPage":{"@id":"https:\/\/apuntesdesanluis.com\/index.php\/2023\/09\/11\/se-registraron-mas-de-70-inscriptos-en-la-upro-de-justo-daract\/"},"wordCount":200,"publisher":{"@id":"https:\/\/apuntesdesanluis.com\/#\/schema\/person\/b55151d52296fcce64d1a72538a70b90"},"image":{"@id":"https:\/\/apuntesdesanluis.com\/index.php\/2023\/09\/11\/se-registraron-mas-de-70-inscriptos-en-la-upro-de-justo-daract\/#primaryimage"},"thumbnailUrl":"https:\/\/apuntesdesanluis.com\/wp-content\/uploads\/2023\/09\/upro-surroca.png","articleSection":["Ciudad\/Provincia"],"inLanguage":"es-AR"},{"@type":"WebPage","@id":"https:\/\/apuntesdesanluis.com\/index.php\/2023\/09\/11\/se-registraron-mas-de-70-inscriptos-en-la-upro-de-justo-daract\/","url":"https:\/\/apuntesdesanluis.com\/index.php\/2023\/09\/11\/se-registraron-mas-de-70-inscriptos-en-la-upro-de-justo-daract\/","name":"SE REGISTRARON M\u00c1S DE 70 INSCRIPTOS EN LA UPRO DE JUSTO DARACT - Apuntes de San Luis","isPartOf":{"@id":"https:\/\/apuntesdesanluis.com\/#website"},"primaryImageOfPage":{"@id":"https:\/\/apuntesdesanluis.com\/index.php\/2023\/09\/11\/se-registraron-mas-de-70-inscriptos-en-la-upro-de-justo-daract\/#primaryimage"},"image":{"@id":"https:\/\/apuntesdesanluis.com\/index.php\/2023\/09\/11\/se-registraron-mas-de-70-inscriptos-en-la-upro-de-justo-daract\/#primaryimage"},"thumbnailUrl":"https:\/\/apuntesdesanluis.com\/wp-content\/uploads\/2023\/09\/upro-surroca.png","datePublished":"2023-09-11T16:44:34+00:00","breadcrumb":{"@id":"https:\/\/apuntesdesanluis.com\/index.php\/2023\/09\/11\/se-registraron-mas-de-70-inscriptos-en-la-upro-de-justo-daract\/#breadcrumb"},"inLanguage":"es-AR","potentialAction":[{"@type":"ReadAction","target":["https:\/\/apuntesdesanluis.com\/index.php\/2023\/09\/11\/se-registraron-mas-de-70-inscriptos-en-la-upro-de-justo-daract\/"]}]},{"@type":"ImageObject","inLanguage":"es-AR","@id":"https:\/\/apuntesdesanluis.com\/index.php\/2023\/09\/11\/se-registraron-mas-de-70-inscriptos-en-la-upro-de-justo-daract\/#primaryimage","url":"https:\/\/apuntesdesanluis.com\/wp-content\/uploads\/2023\/09\/upro-surroca.png","contentUrl":"https:\/\/apuntesdesanluis.com\/wp-content\/uploads\/2023\/09\/upro-surroca.png","width":919,"height":567},{"@type":"BreadcrumbList","@id":"https:\/\/apuntesdesanluis.com\/index.php\/2023\/09\/11\/se-registraron-mas-de-70-inscriptos-en-la-upro-de-justo-daract\/#breadcrumb","itemListElement":[{"@type":"ListItem","position":1,"name":"Inicio","item":"https:\/\/apuntesdesanluis.com\/"},{"@type":"ListItem","position":2,"name":"SE REGISTRARON M\u00c1S DE 70 INSCRIPTOS EN LA UPRO DE JUSTO DARACT"}]},{"@type":"WebSite","@id":"https:\/\/apuntesdesanluis.com\/#website","url":"https:\/\/apuntesdesanluis.com\/","name":"Apuntes de San Luis","description":"","publisher":{"@id":"https:\/\/apuntesdesanluis.com\/#\/schema\/person\/b55151d52296fcce64d1a72538a70b90"},"potentialAction":[{"@type":"SearchAction","target":{"@type":"EntryPoint","urlTemplate":"https:\/\/apuntesdesanluis.com\/?s={search_term_string}"},"query-input":{"@type":"PropertyValueSpecification","valueRequired":true,"valueName":"search_term_string"}}],"inLanguage":"es-AR"},{"@type":["Person","Organization"],"@id":"https:\/\/apuntesdesanluis.com\/#\/schema\/person\/b55151d52296fcce64d1a72538a70b90","name":"apuntesdesanluis.com","image":{"@type":"ImageObject","inLanguage":"es-AR","@id":"https:\/\/apuntesdesanluis.com\/#\/schema\/person\/image\/","url":"https:\/\/apuntesdesanluis.com\/wp-content\/uploads\/2023\/07\/cropped-apuntesdesanluis.png","contentUrl":"https:\/\/apuntesdesanluis.com\/wp-content\/uploads\/2023\/07\/cropped-apuntesdesanluis.png","width":450,"height":112,"caption":"apuntesdesanluis.com"},"logo":{"@id":"https:\/\/apuntesdesanluis.com\/#\/schema\/person\/image\/"},"sameAs":["https:\/\/apuntesdesanluis.com"],"url":"https:\/\/apuntesdesanluis.com\/index.php\/author\/apuntesdesanluis-com\/"}]}},"featured_image_urls":{"full":["https:\/\/apuntesdesanluis.com\/wp-content\/uploads\/2023\/09\/upro-surroca.png",919,567,false],"thumbnail":["https:\/\/apuntesdesanluis.com\/wp-content\/uploads\/2023\/09\/upro-surroca-150x150.png",150,150,true],"medium":["https:\/\/apuntesdesanluis.com\/wp-content\/uploads\/2023\/09\/upro-surroca-300x185.png",300,185,true],"medium_large":["https:\/\/apuntesdesanluis.com\/wp-content\/uploads\/2023\/09\/upro-surroca-768x474.png",640,395,true],"large":["https:\/\/apuntesdesanluis.com\/wp-content\/uploads\/2023\/09\/upro-surroca.png",640,395,false],"1536x1536":["https:\/\/apuntesdesanluis.com\/wp-content\/uploads\/2023\/09\/upro-surroca.png",919,567,false],"2048x2048":["https:\/\/apuntesdesanluis.com\/wp-content\/uploads\/2023\/09\/upro-surroca.png",919,567,false],"newsever-slider-full":["https:\/\/apuntesdesanluis.com\/wp-content\/uploads\/2023\/09\/upro-surroca.png",919,567,false],"newsever-featured":["https:\/\/apuntesdesanluis.com\/wp-content\/uploads\/2023\/09\/upro-surroca.png",919,567,false],"newsever-medium":["https:\/\/apuntesdesanluis.com\/wp-content\/uploads\/2023\/09\/upro-surroca-720x475.png",720,475,true]},"author_info":{"display_name":"apuntesdesanluis.com","author_link":"https:\/\/apuntesdesanluis.com\/index.php\/author\/apuntesdesanluis-com\/"},"category_info":"<a href=\"https:\/\/apuntesdesanluis.com\/index.php\/category\/ciudad-provincia\/\" rel=\"category tag\">Ciudad\/Provincia<\/a>","tag_info":"Ciudad\/Provincia","comment_count":"0","_links":{"self":[{"href":"https:\/\/apuntesdesanluis.com\/index.php\/wp-json\/wp\/v2\/posts\/3067","targetHints":{"allow":["GET"]}}],"collection":[{"href":"https:\/\/apuntesdesanluis.com\/index.php\/wp-json\/wp\/v2\/posts"}],"about":[{"href":"https:\/\/apuntesdesanluis.com\/index.php\/wp-json\/wp\/v2\/types\/post"}],"author":[{"embeddable":true,"href":"https:\/\/apuntesdesanluis.com\/index.php\/wp-json\/wp\/v2\/users\/1"}],"replies":[{"embeddable":true,"href":"https:\/\/apuntesdesanluis.com\/index.php\/wp-json\/wp\/v2\/comments?post=3067"}],"version-history":[{"count":1,"href":"https:\/\/apuntesdesanluis.com\/index.php\/wp-json\/wp\/v2\/posts\/3067\/revisions"}],"predecessor-version":[{"id":3068,"href":"https:\/\/apuntesdesanluis.com\/index.php\/wp-json\/wp\/v2\/posts\/3067\/revisions\/3068"}],"wp:featuredmedia":[{"embeddable":true,"href":"https:\/\/apuntesdesanluis.com\/index.php\/wp-json\/wp\/v2\/media\/2653"}],"wp:attachment":[{"href":"https:\/\/apuntesdesanluis.com\/index.php\/wp-json\/wp\/v2\/media?parent=3067"}],"wp:term":[{"taxonomy":"category","embeddable":true,"href":"https:\/\/apuntesdesanluis.com\/index.php\/wp-json\/wp\/v2\/categories?post=3067"},{"taxonomy":"post_tag","embeddable":true,"href":"https:\/\/apuntesdesanluis.com\/index.php\/wp-json\/wp\/v2\/tags?post=3067"}],"curies":[{"name":"wp","href":"https:\/\/api.w.org\/{rel}","templated":true}]}}