{"id":30681,"date":"2025-03-21T01:21:52","date_gmt":"2025-03-21T04:21:52","guid":{"rendered":"https:\/\/apuntesdesanluis.com\/?p=30681"},"modified":"2025-03-21T01:21:52","modified_gmt":"2025-03-21T04:21:52","slug":"finalmente-la-justicia-de-brasil-condeno-a-6-anos-de-prision-a-juan-darthes","status":"publish","type":"post","link":"https:\/\/apuntesdesanluis.com\/index.php\/2025\/03\/21\/finalmente-la-justicia-de-brasil-condeno-a-6-anos-de-prision-a-juan-darthes\/","title":{"rendered":"FINALMENTE, LA JUSTICIA DE BRASIL CONDEN\u00d3 A 6 A\u00d1OS DE PRISI\u00d3N A JUAN DARTH\u00c9S"},"content":{"rendered":"<h3>La justicia federal de Brasil ratific\u00f3 la culpabilidad de <strong>Juan Darth\u00e9s<\/strong> en el juicio por violaci\u00f3n contra <strong>Thelma Fardin<\/strong>, y mantuvo su condena a seis a\u00f1os de prisi\u00f3n con r\u00e9gimen semiabierto, tras un recurso presentado por los abogados del actor.<\/h3>\n<h3>El Tribunal Regional Federal de San Pablo, con el voto favorable de cinco jueces, envi\u00f3 un mensaje claro y contundente no solo a la actriz, sino tambi\u00e9n a todas las v\u00edctimas de violencia sexual, al ratificar la veracidad de los hechos denunciados<\/h3>\n<h3>Luego de la decisi\u00f3n judicial, Thelma Fardin expres\u00f3 su emoci\u00f3n: \u201cEs un d\u00eda muy movilizante. La Justicia me escuch\u00f3, y luego de tanta lucha, reconoce los hechos, eso es innegable y no hay vuelta atr\u00e1s. Esta decisi\u00f3n es un paso firme en la construcci\u00f3n de una justicia que condena la violencia sexual hacia las infancias y la violencia de g\u00e9nero, y, con ello, env\u00eda una potente se\u00f1al para las ni\u00f1as y mujeres de Latinoam\u00e9rica. Incluso a muchos varones que se conmovieron con mi historia. Hoy hay esperanzas: hemos dado un gran paso en ese camino para que las v\u00edctimas sientan la confianza a la hora de denunciar\u201d, coment\u00f3 la actriz desde Brasil seg\u00fan inform\u00f3 Amnist\u00eda Internacional.<\/h3>\n<h3>Para llegar a esta sentencia, la justicia brasile\u00f1a consider\u00f3 los est\u00e1ndares internacionales de derechos humanos en la investigaci\u00f3n de los casos de violencia sexual. Los jueces centraron su an\u00e1lisis en la responsabilidad del acusado como adulto y en su rol de poder en el v\u00ednculo con la v\u00edctima, m\u00e1s que en evaluar la resistencia de Fardin. La sentencia dej\u00f3 claro que, sin consentimiento, toda relaci\u00f3n sexual es considerada violaci\u00f3n o abuso, y otorg\u00f3 valor al relato de la actriz, respaldado por pruebas testimoniales y periciales que acreditaron la violencia sexual.<\/h3>\n<h3>Mariela Belski, directora ejecutiva de Amnist\u00eda Internacional Argentina, celebr\u00f3 la decisi\u00f3n: \u201cEn el contexto regresivo que enfrenta la Argentina en materia de persecuci\u00f3n y condena de la violencia de g\u00e9nero, esta decisi\u00f3n judicial env\u00eda un poderoso mensaje de respaldo y apoyo para todas las ni\u00f1as y adolescentes que se animan a romper el silencio y denunciar la violencia sexual, y un mensaje de que la impunidad en casos de violencia sexual no puede ser tolerada\u201d.<\/h3>\n<p><img fetchpriority=\"high\" decoding=\"async\" class=\"wp-image-17655 aligncenter\" src=\"https:\/\/apuntesdesanluis.com\/wp-content\/uploads\/2024\/06\/thelma-fardin-300x172.png\" alt=\"\" width=\"743\" height=\"426\" srcset=\"https:\/\/apuntesdesanluis.com\/wp-content\/uploads\/2024\/06\/thelma-fardin-300x172.png 300w, https:\/\/apuntesdesanluis.com\/wp-content\/uploads\/2024\/06\/thelma-fardin.png 722w\" sizes=\"(max-width: 743px) 100vw, 743px\" \/><\/p>\n<h3>El caso de Thelma Fardin fue in\u00e9dito en materia de cooperaci\u00f3n internacional. Tres Ministerios P\u00fablicos Fiscales, los de Nicaragua, Brasil y Argentina, colaboraron entre s\u00ed para llevar a juicio este caso de abuso sexual. Durante el proceso, la actriz estuvo acompa\u00f1ada por sus abogados Mart\u00edn Arias Duval, Carla Junqueira y el equipo de Amnist\u00eda Internacional Argentina.<\/h3>\n<h3>En el momento de la sentencia, Fardin se encontraba presente junto a su abogada brasile\u00f1a, Junqueira. Darth\u00e9s no se hizo presente para escuchar la sentencia y lo habr\u00eda hecho a trav\u00e9s de Zoom, aunque s\u00ed sus abogados.<\/h3>\n<h3>El Dr. Mart\u00edn Arias Duval, abogado en nuestro pa\u00eds de Thelma Fardin, habl\u00f3 con Infobae una vez conocida la sentencia y explic\u00f3 c\u00f3mo se desarroll\u00f3 la \u00faltima parte del proceso judicial contra Juan Darth\u00e9s. \u201cHoy se hizo la audiencia que estaba programada para resolver el recurso que hab\u00eda interpuesto la defensa de Darth\u00e9s contra la sentencia que hab\u00eda sido dictada, y en la cual hab\u00eda resultado condenado por abuso sexual o violaci\u00f3n a seis a\u00f1os de prisi\u00f3n\u201d, coment\u00f3.<\/h3>\n<h3>\u201cEn la primera sentencia que se dict\u00f3, el tribunal vot\u00f3 de manera dividida: dos jueces lo hicieron a favor de la condena y uno vot\u00f3 por la absoluci\u00f3n, pero es importante destacar que este \u00faltimo no lo hizo porque los hechos no estuvieran probados, sino porque consider\u00f3 que los hechos no estaban previstos en el C\u00f3digo Penal brasile\u00f1o vigente en ese<\/h3>\n<h3>El Dr. Arias Duval ampli\u00f3 c\u00f3mo se resolvi\u00f3 la situaci\u00f3n en esta segunda instancia: \u201cpor el sistema recursivo que tiene Brasil, cuando hay un voto dividido no hay unanimidad, y se debe integrar el tribunal con otros jueces. Hoy se reunieron y votaron seis jueces. Los que hab\u00edan votado con anterioridad, mantuvieron sus votos y los tres jueces nuevos escucharon a las partes y emitieron su voto condenando a Darth\u00e9s. Con esto, la causa qued\u00f3 resuelta en cuanto a los hechos, que est\u00e1n probados. Esa cuesti\u00f3n no se puede volver a discutir\u201d.<\/h3>\n<h3>Sin embargo, el letrado subray\u00f3 que la sentencia no se ejecutar\u00e1 de inmediato, ya que Darth\u00e9s tiene la posibilidad de recurrir a dos instancias superiores. \u201c\u00c9l tiene dos recursos extraordinarios posibles: un recurso extraordinario ante el Tribunal Superior de Justicia y luego, si no hay una evidencia clara de violaci\u00f3n constitucional, podr\u00eda llegar a la Corte Suprema\u201d, explic\u00f3.<\/h3>\n<h3>Pero, al mismo tiempo, aclar\u00f3 que la posibilidad de que Darth\u00e9s revierta la decisi\u00f3n es baja: \u201cEs una instancia m\u00e1s restrictiva, y consideramos que es bastante dif\u00edcil revertir una decisi\u00f3n de esta naturaleza en la cual los hechos quedaron fijados y cinco de los seis jueces ya dijeron que eran delito\u201d.<\/h3>\n<h3>El recorrido judicial de Thelma Fardin comenz\u00f3 con una sentencia de absoluci\u00f3n en mayo de 2023, por prescripci\u00f3n de los delitos de abuso sexual y con base en el beneficio de la duda. Sin embargo, el 10 de junio de 2024, los jueces de segunda instancia revocaron esta decisi\u00f3n, reconociendo la validez de las pruebas y el testimonio de la actriz, en cumplimiento con los principios establecidos en tratados internacionales como la Convenci\u00f3n Interamericana para prevenir, sancionar y erradicar la violencia contra las mujeres.<\/h3>\n<h3>Ahora, este fallo hist\u00f3rico no solo reivindica la lucha de Thelma Fardin, sino que tambi\u00e9n fortalece la confianza en la justicia para todas las v\u00edctimas de violencia sexual en la regi\u00f3n.<\/h3>\n<h3><\/h3>\n<h3><\/h3>\n<h3><\/h3>\n<h3><\/h3>\n<p>&nbsp;<\/p>\n<p>&nbsp;<\/p>\n","protected":false},"excerpt":{"rendered":"<p>La justicia federal de Brasil ratific\u00f3 la culpabilidad de Juan Darth\u00e9s en el juicio por&#8230;<\/p>\n","protected":false},"author":1,"featured_media":30682,"comment_status":"closed","ping_status":"closed","sticky":false,"template":"","format":"standard","meta":{"footnotes":""},"categories":[5],"tags":[],"class_list":["post-30681","post","type-post","status-publish","format-standard","has-post-thumbnail","hentry","category-nacionales-internacionales"],"yoast_head":"<!-- This site is optimized with the Yoast SEO plugin v26.1.1 - https:\/\/yoast.com\/wordpress\/plugins\/seo\/ -->\n<title>FINALMENTE, LA JUSTICIA DE BRASIL CONDEN\u00d3 A 6 A\u00d1OS DE PRISI\u00d3N A JUAN DARTH\u00c9S - Apuntes de San Luis<\/title>\n<meta name=\"robots\" content=\"index, follow, max-snippet:-1, max-image-preview:large, max-video-preview:-1\" \/>\n<link rel=\"canonical\" href=\"https:\/\/apuntesdesanluis.com\/index.php\/2025\/03\/21\/finalmente-la-justicia-de-brasil-condeno-a-6-anos-de-prision-a-juan-darthes\/\" \/>\n<meta property=\"og:locale\" content=\"es_ES\" \/>\n<meta property=\"og:type\" content=\"article\" \/>\n<meta property=\"og:title\" content=\"FINALMENTE, LA JUSTICIA DE BRASIL CONDEN\u00d3 A 6 A\u00d1OS DE PRISI\u00d3N A JUAN DARTH\u00c9S - Apuntes de San Luis\" \/>\n<meta property=\"og:description\" content=\"La justicia federal de Brasil ratific\u00f3 la culpabilidad de Juan Darth\u00e9s en el juicio por...\" \/>\n<meta property=\"og:url\" content=\"https:\/\/apuntesdesanluis.com\/index.php\/2025\/03\/21\/finalmente-la-justicia-de-brasil-condeno-a-6-anos-de-prision-a-juan-darthes\/\" \/>\n<meta property=\"og:site_name\" content=\"Apuntes de San Luis\" \/>\n<meta property=\"article:published_time\" content=\"2025-03-21T04:21:52+00:00\" \/>\n<meta property=\"og:image\" content=\"https:\/\/apuntesdesanluis.com\/wp-content\/uploads\/2025\/03\/juan-darthes.png\" \/>\n\t<meta property=\"og:image:width\" content=\"750\" \/>\n\t<meta property=\"og:image:height\" content=\"480\" \/>\n\t<meta property=\"og:image:type\" content=\"image\/png\" \/>\n<meta name=\"author\" content=\"apuntesdesanluis.com\" \/>\n<meta name=\"twitter:card\" content=\"summary_large_image\" \/>\n<meta name=\"twitter:label1\" content=\"Escrito por\" \/>\n\t<meta name=\"twitter:data1\" content=\"apuntesdesanluis.com\" \/>\n\t<meta name=\"twitter:label2\" content=\"Tiempo de lectura\" \/>\n\t<meta name=\"twitter:data2\" content=\"5 minutos\" \/>\n<script type=\"application\/ld+json\" class=\"yoast-schema-graph\">{\"@context\":\"https:\/\/schema.org\",\"@graph\":[{\"@type\":\"Article\",\"@id\":\"https:\/\/apuntesdesanluis.com\/index.php\/2025\/03\/21\/finalmente-la-justicia-de-brasil-condeno-a-6-anos-de-prision-a-juan-darthes\/#article\",\"isPartOf\":{\"@id\":\"https:\/\/apuntesdesanluis.com\/index.php\/2025\/03\/21\/finalmente-la-justicia-de-brasil-condeno-a-6-anos-de-prision-a-juan-darthes\/\"},\"author\":{\"name\":\"apuntesdesanluis.com\",\"@id\":\"https:\/\/apuntesdesanluis.com\/#\/schema\/person\/b55151d52296fcce64d1a72538a70b90\"},\"headline\":\"FINALMENTE, LA JUSTICIA DE BRASIL CONDEN\u00d3 A 6 A\u00d1OS DE PRISI\u00d3N A JUAN DARTH\u00c9S\",\"datePublished\":\"2025-03-21T04:21:52+00:00\",\"mainEntityOfPage\":{\"@id\":\"https:\/\/apuntesdesanluis.com\/index.php\/2025\/03\/21\/finalmente-la-justicia-de-brasil-condeno-a-6-anos-de-prision-a-juan-darthes\/\"},\"wordCount\":1009,\"publisher\":{\"@id\":\"https:\/\/apuntesdesanluis.com\/#\/schema\/person\/b55151d52296fcce64d1a72538a70b90\"},\"image\":{\"@id\":\"https:\/\/apuntesdesanluis.com\/index.php\/2025\/03\/21\/finalmente-la-justicia-de-brasil-condeno-a-6-anos-de-prision-a-juan-darthes\/#primaryimage\"},\"thumbnailUrl\":\"https:\/\/apuntesdesanluis.com\/wp-content\/uploads\/2025\/03\/juan-darthes.png\",\"articleSection\":[\"Nacionales\/Internacionales\"],\"inLanguage\":\"es-AR\"},{\"@type\":\"WebPage\",\"@id\":\"https:\/\/apuntesdesanluis.com\/index.php\/2025\/03\/21\/finalmente-la-justicia-de-brasil-condeno-a-6-anos-de-prision-a-juan-darthes\/\",\"url\":\"https:\/\/apuntesdesanluis.com\/index.php\/2025\/03\/21\/finalmente-la-justicia-de-brasil-condeno-a-6-anos-de-prision-a-juan-darthes\/\",\"name\":\"FINALMENTE, LA JUSTICIA DE BRASIL CONDEN\u00d3 A 6 A\u00d1OS DE PRISI\u00d3N A JUAN DARTH\u00c9S - Apuntes de San Luis\",\"isPartOf\":{\"@id\":\"https:\/\/apuntesdesanluis.com\/#website\"},\"primaryImageOfPage\":{\"@id\":\"https:\/\/apuntesdesanluis.com\/index.php\/2025\/03\/21\/finalmente-la-justicia-de-brasil-condeno-a-6-anos-de-prision-a-juan-darthes\/#primaryimage\"},\"image\":{\"@id\":\"https:\/\/apuntesdesanluis.com\/index.php\/2025\/03\/21\/finalmente-la-justicia-de-brasil-condeno-a-6-anos-de-prision-a-juan-darthes\/#primaryimage\"},\"thumbnailUrl\":\"https:\/\/apuntesdesanluis.com\/wp-content\/uploads\/2025\/03\/juan-darthes.png\",\"datePublished\":\"2025-03-21T04:21:52+00:00\",\"breadcrumb\":{\"@id\":\"https:\/\/apuntesdesanluis.com\/index.php\/2025\/03\/21\/finalmente-la-justicia-de-brasil-condeno-a-6-anos-de-prision-a-juan-darthes\/#breadcrumb\"},\"inLanguage\":\"es-AR\",\"potentialAction\":[{\"@type\":\"ReadAction\",\"target\":[\"https:\/\/apuntesdesanluis.com\/index.php\/2025\/03\/21\/finalmente-la-justicia-de-brasil-condeno-a-6-anos-de-prision-a-juan-darthes\/\"]}]},{\"@type\":\"ImageObject\",\"inLanguage\":\"es-AR\",\"@id\":\"https:\/\/apuntesdesanluis.com\/index.php\/2025\/03\/21\/finalmente-la-justicia-de-brasil-condeno-a-6-anos-de-prision-a-juan-darthes\/#primaryimage\",\"url\":\"https:\/\/apuntesdesanluis.com\/wp-content\/uploads\/2025\/03\/juan-darthes.png\",\"contentUrl\":\"https:\/\/apuntesdesanluis.com\/wp-content\/uploads\/2025\/03\/juan-darthes.png\",\"width\":750,\"height\":480},{\"@type\":\"BreadcrumbList\",\"@id\":\"https:\/\/apuntesdesanluis.com\/index.php\/2025\/03\/21\/finalmente-la-justicia-de-brasil-condeno-a-6-anos-de-prision-a-juan-darthes\/#breadcrumb\",\"itemListElement\":[{\"@type\":\"ListItem\",\"position\":1,\"name\":\"Inicio\",\"item\":\"https:\/\/apuntesdesanluis.com\/\"},{\"@type\":\"ListItem\",\"position\":2,\"name\":\"FINALMENTE, LA JUSTICIA DE BRASIL CONDEN\u00d3 A 6 A\u00d1OS DE PRISI\u00d3N A JUAN DARTH\u00c9S\"}]},{\"@type\":\"WebSite\",\"@id\":\"https:\/\/apuntesdesanluis.com\/#website\",\"url\":\"https:\/\/apuntesdesanluis.com\/\",\"name\":\"Apuntes de San Luis\",\"description\":\"\",\"publisher\":{\"@id\":\"https:\/\/apuntesdesanluis.com\/#\/schema\/person\/b55151d52296fcce64d1a72538a70b90\"},\"potentialAction\":[{\"@type\":\"SearchAction\",\"target\":{\"@type\":\"EntryPoint\",\"urlTemplate\":\"https:\/\/apuntesdesanluis.com\/?s={search_term_string}\"},\"query-input\":{\"@type\":\"PropertyValueSpecification\",\"valueRequired\":true,\"valueName\":\"search_term_string\"}}],\"inLanguage\":\"es-AR\"},{\"@type\":[\"Person\",\"Organization\"],\"@id\":\"https:\/\/apuntesdesanluis.com\/#\/schema\/person\/b55151d52296fcce64d1a72538a70b90\",\"name\":\"apuntesdesanluis.com\",\"image\":{\"@type\":\"ImageObject\",\"inLanguage\":\"es-AR\",\"@id\":\"https:\/\/apuntesdesanluis.com\/#\/schema\/person\/image\/\",\"url\":\"https:\/\/apuntesdesanluis.com\/wp-content\/uploads\/2023\/07\/cropped-apuntesdesanluis.png\",\"contentUrl\":\"https:\/\/apuntesdesanluis.com\/wp-content\/uploads\/2023\/07\/cropped-apuntesdesanluis.png\",\"width\":450,\"height\":112,\"caption\":\"apuntesdesanluis.com\"},\"logo\":{\"@id\":\"https:\/\/apuntesdesanluis.com\/#\/schema\/person\/image\/\"},\"sameAs\":[\"https:\/\/apuntesdesanluis.com\"],\"url\":\"https:\/\/apuntesdesanluis.com\/index.php\/author\/apuntesdesanluis-com\/\"}]}<\/script>\n<!-- \/ Yoast SEO plugin. -->","yoast_head_json":{"title":"FINALMENTE, LA JUSTICIA DE BRASIL CONDEN\u00d3 A 6 A\u00d1OS DE PRISI\u00d3N A JUAN DARTH\u00c9S - Apuntes de San Luis","robots":{"index":"index","follow":"follow","max-snippet":"max-snippet:-1","max-image-preview":"max-image-preview:large","max-video-preview":"max-video-preview:-1"},"canonical":"https:\/\/apuntesdesanluis.com\/index.php\/2025\/03\/21\/finalmente-la-justicia-de-brasil-condeno-a-6-anos-de-prision-a-juan-darthes\/","og_locale":"es_ES","og_type":"article","og_title":"FINALMENTE, LA JUSTICIA DE BRASIL CONDEN\u00d3 A 6 A\u00d1OS DE PRISI\u00d3N A JUAN DARTH\u00c9S - Apuntes de San Luis","og_description":"La justicia federal de Brasil ratific\u00f3 la culpabilidad de Juan Darth\u00e9s en el juicio por...","og_url":"https:\/\/apuntesdesanluis.com\/index.php\/2025\/03\/21\/finalmente-la-justicia-de-brasil-condeno-a-6-anos-de-prision-a-juan-darthes\/","og_site_name":"Apuntes de San Luis","article_published_time":"2025-03-21T04:21:52+00:00","og_image":[{"width":750,"height":480,"url":"https:\/\/apuntesdesanluis.com\/wp-content\/uploads\/2025\/03\/juan-darthes.png","type":"image\/png"}],"author":"apuntesdesanluis.com","twitter_card":"summary_large_image","twitter_misc":{"Escrito por":"apuntesdesanluis.com","Tiempo de lectura":"5 minutos"},"schema":{"@context":"https:\/\/schema.org","@graph":[{"@type":"Article","@id":"https:\/\/apuntesdesanluis.com\/index.php\/2025\/03\/21\/finalmente-la-justicia-de-brasil-condeno-a-6-anos-de-prision-a-juan-darthes\/#article","isPartOf":{"@id":"https:\/\/apuntesdesanluis.com\/index.php\/2025\/03\/21\/finalmente-la-justicia-de-brasil-condeno-a-6-anos-de-prision-a-juan-darthes\/"},"author":{"name":"apuntesdesanluis.com","@id":"https:\/\/apuntesdesanluis.com\/#\/schema\/person\/b55151d52296fcce64d1a72538a70b90"},"headline":"FINALMENTE, LA JUSTICIA DE BRASIL CONDEN\u00d3 A 6 A\u00d1OS DE PRISI\u00d3N A JUAN DARTH\u00c9S","datePublished":"2025-03-21T04:21:52+00:00","mainEntityOfPage":{"@id":"https:\/\/apuntesdesanluis.com\/index.php\/2025\/03\/21\/finalmente-la-justicia-de-brasil-condeno-a-6-anos-de-prision-a-juan-darthes\/"},"wordCount":1009,"publisher":{"@id":"https:\/\/apuntesdesanluis.com\/#\/schema\/person\/b55151d52296fcce64d1a72538a70b90"},"image":{"@id":"https:\/\/apuntesdesanluis.com\/index.php\/2025\/03\/21\/finalmente-la-justicia-de-brasil-condeno-a-6-anos-de-prision-a-juan-darthes\/#primaryimage"},"thumbnailUrl":"https:\/\/apuntesdesanluis.com\/wp-content\/uploads\/2025\/03\/juan-darthes.png","articleSection":["Nacionales\/Internacionales"],"inLanguage":"es-AR"},{"@type":"WebPage","@id":"https:\/\/apuntesdesanluis.com\/index.php\/2025\/03\/21\/finalmente-la-justicia-de-brasil-condeno-a-6-anos-de-prision-a-juan-darthes\/","url":"https:\/\/apuntesdesanluis.com\/index.php\/2025\/03\/21\/finalmente-la-justicia-de-brasil-condeno-a-6-anos-de-prision-a-juan-darthes\/","name":"FINALMENTE, LA JUSTICIA DE BRASIL CONDEN\u00d3 A 6 A\u00d1OS DE PRISI\u00d3N A JUAN DARTH\u00c9S - Apuntes de San Luis","isPartOf":{"@id":"https:\/\/apuntesdesanluis.com\/#website"},"primaryImageOfPage":{"@id":"https:\/\/apuntesdesanluis.com\/index.php\/2025\/03\/21\/finalmente-la-justicia-de-brasil-condeno-a-6-anos-de-prision-a-juan-darthes\/#primaryimage"},"image":{"@id":"https:\/\/apuntesdesanluis.com\/index.php\/2025\/03\/21\/finalmente-la-justicia-de-brasil-condeno-a-6-anos-de-prision-a-juan-darthes\/#primaryimage"},"thumbnailUrl":"https:\/\/apuntesdesanluis.com\/wp-content\/uploads\/2025\/03\/juan-darthes.png","datePublished":"2025-03-21T04:21:52+00:00","breadcrumb":{"@id":"https:\/\/apuntesdesanluis.com\/index.php\/2025\/03\/21\/finalmente-la-justicia-de-brasil-condeno-a-6-anos-de-prision-a-juan-darthes\/#breadcrumb"},"inLanguage":"es-AR","potentialAction":[{"@type":"ReadAction","target":["https:\/\/apuntesdesanluis.com\/index.php\/2025\/03\/21\/finalmente-la-justicia-de-brasil-condeno-a-6-anos-de-prision-a-juan-darthes\/"]}]},{"@type":"ImageObject","inLanguage":"es-AR","@id":"https:\/\/apuntesdesanluis.com\/index.php\/2025\/03\/21\/finalmente-la-justicia-de-brasil-condeno-a-6-anos-de-prision-a-juan-darthes\/#primaryimage","url":"https:\/\/apuntesdesanluis.com\/wp-content\/uploads\/2025\/03\/juan-darthes.png","contentUrl":"https:\/\/apuntesdesanluis.com\/wp-content\/uploads\/2025\/03\/juan-darthes.png","width":750,"height":480},{"@type":"BreadcrumbList","@id":"https:\/\/apuntesdesanluis.com\/index.php\/2025\/03\/21\/finalmente-la-justicia-de-brasil-condeno-a-6-anos-de-prision-a-juan-darthes\/#breadcrumb","itemListElement":[{"@type":"ListItem","position":1,"name":"Inicio","item":"https:\/\/apuntesdesanluis.com\/"},{"@type":"ListItem","position":2,"name":"FINALMENTE, LA JUSTICIA DE BRASIL CONDEN\u00d3 A 6 A\u00d1OS DE PRISI\u00d3N A JUAN DARTH\u00c9S"}]},{"@type":"WebSite","@id":"https:\/\/apuntesdesanluis.com\/#website","url":"https:\/\/apuntesdesanluis.com\/","name":"Apuntes de San Luis","description":"","publisher":{"@id":"https:\/\/apuntesdesanluis.com\/#\/schema\/person\/b55151d52296fcce64d1a72538a70b90"},"potentialAction":[{"@type":"SearchAction","target":{"@type":"EntryPoint","urlTemplate":"https:\/\/apuntesdesanluis.com\/?s={search_term_string}"},"query-input":{"@type":"PropertyValueSpecification","valueRequired":true,"valueName":"search_term_string"}}],"inLanguage":"es-AR"},{"@type":["Person","Organization"],"@id":"https:\/\/apuntesdesanluis.com\/#\/schema\/person\/b55151d52296fcce64d1a72538a70b90","name":"apuntesdesanluis.com","image":{"@type":"ImageObject","inLanguage":"es-AR","@id":"https:\/\/apuntesdesanluis.com\/#\/schema\/person\/image\/","url":"https:\/\/apuntesdesanluis.com\/wp-content\/uploads\/2023\/07\/cropped-apuntesdesanluis.png","contentUrl":"https:\/\/apuntesdesanluis.com\/wp-content\/uploads\/2023\/07\/cropped-apuntesdesanluis.png","width":450,"height":112,"caption":"apuntesdesanluis.com"},"logo":{"@id":"https:\/\/apuntesdesanluis.com\/#\/schema\/person\/image\/"},"sameAs":["https:\/\/apuntesdesanluis.com"],"url":"https:\/\/apuntesdesanluis.com\/index.php\/author\/apuntesdesanluis-com\/"}]}},"featured_image_urls":{"full":["https:\/\/apuntesdesanluis.com\/wp-content\/uploads\/2025\/03\/juan-darthes.png",750,480,false],"thumbnail":["https:\/\/apuntesdesanluis.com\/wp-content\/uploads\/2025\/03\/juan-darthes-150x150.png",150,150,true],"medium":["https:\/\/apuntesdesanluis.com\/wp-content\/uploads\/2025\/03\/juan-darthes-300x192.png",300,192,true],"medium_large":["https:\/\/apuntesdesanluis.com\/wp-content\/uploads\/2025\/03\/juan-darthes.png",640,410,false],"large":["https:\/\/apuntesdesanluis.com\/wp-content\/uploads\/2025\/03\/juan-darthes.png",640,410,false],"1536x1536":["https:\/\/apuntesdesanluis.com\/wp-content\/uploads\/2025\/03\/juan-darthes.png",750,480,false],"2048x2048":["https:\/\/apuntesdesanluis.com\/wp-content\/uploads\/2025\/03\/juan-darthes.png",750,480,false],"newsever-slider-full":["https:\/\/apuntesdesanluis.com\/wp-content\/uploads\/2025\/03\/juan-darthes.png",750,480,false],"newsever-featured":["https:\/\/apuntesdesanluis.com\/wp-content\/uploads\/2025\/03\/juan-darthes.png",750,480,false],"newsever-medium":["https:\/\/apuntesdesanluis.com\/wp-content\/uploads\/2025\/03\/juan-darthes-720x475.png",720,475,true]},"author_info":{"display_name":"apuntesdesanluis.com","author_link":"https:\/\/apuntesdesanluis.com\/index.php\/author\/apuntesdesanluis-com\/"},"category_info":"<a href=\"https:\/\/apuntesdesanluis.com\/index.php\/category\/nacionales-internacionales\/\" rel=\"category tag\">Nacionales\/Internacionales<\/a>","tag_info":"Nacionales\/Internacionales","comment_count":"0","_links":{"self":[{"href":"https:\/\/apuntesdesanluis.com\/index.php\/wp-json\/wp\/v2\/posts\/30681","targetHints":{"allow":["GET"]}}],"collection":[{"href":"https:\/\/apuntesdesanluis.com\/index.php\/wp-json\/wp\/v2\/posts"}],"about":[{"href":"https:\/\/apuntesdesanluis.com\/index.php\/wp-json\/wp\/v2\/types\/post"}],"author":[{"embeddable":true,"href":"https:\/\/apuntesdesanluis.com\/index.php\/wp-json\/wp\/v2\/users\/1"}],"replies":[{"embeddable":true,"href":"https:\/\/apuntesdesanluis.com\/index.php\/wp-json\/wp\/v2\/comments?post=30681"}],"version-history":[{"count":1,"href":"https:\/\/apuntesdesanluis.com\/index.php\/wp-json\/wp\/v2\/posts\/30681\/revisions"}],"predecessor-version":[{"id":30683,"href":"https:\/\/apuntesdesanluis.com\/index.php\/wp-json\/wp\/v2\/posts\/30681\/revisions\/30683"}],"wp:featuredmedia":[{"embeddable":true,"href":"https:\/\/apuntesdesanluis.com\/index.php\/wp-json\/wp\/v2\/media\/30682"}],"wp:attachment":[{"href":"https:\/\/apuntesdesanluis.com\/index.php\/wp-json\/wp\/v2\/media?parent=30681"}],"wp:term":[{"taxonomy":"category","embeddable":true,"href":"https:\/\/apuntesdesanluis.com\/index.php\/wp-json\/wp\/v2\/categories?post=30681"},{"taxonomy":"post_tag","embeddable":true,"href":"https:\/\/apuntesdesanluis.com\/index.php\/wp-json\/wp\/v2\/tags?post=30681"}],"curies":[{"name":"wp","href":"https:\/\/api.w.org\/{rel}","templated":true}]}}