{"id":3070,"date":"2023-09-11T19:10:53","date_gmt":"2023-09-11T22:10:53","guid":{"rendered":"https:\/\/apuntesdesanluis.com\/?p=3070"},"modified":"2023-09-11T21:42:07","modified_gmt":"2023-09-12T00:42:07","slug":"demanda-por-injurias-las-partes-dijeron-lo-suyo-y-ahora-resolvera-el-tribunal-de-impugnacion","status":"publish","type":"post","link":"https:\/\/apuntesdesanluis.com\/index.php\/2023\/09\/11\/demanda-por-injurias-las-partes-dijeron-lo-suyo-y-ahora-resolvera-el-tribunal-de-impugnacion\/","title":{"rendered":"DEMANDA POR INJURIAS: LAS PARTES DIJERON LO SUYO Y AHORA RESOLVER\u00c1 EL TRIBUNAL DE IMPUGNACI\u00d3N"},"content":{"rendered":"<h3>Este lunes por la ma\u00f1ana se realiz\u00f3 la audiencia oral y p\u00fablica en el marco de la querella por calumnias e injurias que promueve la diputada provincial <strong>Anabela Lucero<\/strong>, en contra del ciudadano <strong>Javier Bosco<\/strong>, por un comentario que hizo \u00e9ste \u00faltimo en Facebook,<\/h3>\n<h3>El hecho tuvo lugar en mayo de este a\u00f1o, cuando Javier Bosco efectu\u00f3 un posteo en Facebook sobre un banner que promocionaba la postulaci\u00f3n de la entonces candidata a intendente de Villa Mercedes, Anabela Lucero, reclam\u00e1ndole el supuesto pago de cuatro meses adeudados, por una propiedad que alquilaba a su abuelo.<\/h3>\n<h3>La candidata a Parlamentaria del Mercosur se sinti\u00f3 agraviada y le envi\u00f3 una carta documento, exigi\u00e9ndole que se retractara. Como aqu\u00e9l ratific\u00f3 sus dichos, Lucero le inici\u00f3 una demanda por calumnias e injurias.<\/h3>\n<h3>En la audiencia de esta ma\u00f1ana la querella propuso que no se permitiera el ingreso a la prensa, pero con buen tino el tribunal record\u00f3 que la audiencia era p\u00fablica, por lo que no se pod\u00eda acceder a dicha solicitud.<\/h3>\n<h3>Los representantes del hombre querellado presentaron sus agravios, mientras que tambi\u00e9n se expresaron los abogados de la querellante. El Tribunal pas\u00f3 a un cuarto intermedio y dar\u00e1 a conocer la resoluci\u00f3n a las partes por escrito en el plazo de ley.<\/h3>\n<h3>El Tribunal de Impugnaci\u00f3n de la Segunda y Tercera Circunscripci\u00f3n Judicial, integrado por las Dras. Mar\u00eda Monserrath Bocca -, Cintia Paola Mart\u00edn y Yanina Vanesa del Viso, escuch\u00f3 hoy los planteos de las partes. La audiencia se celebr\u00f3 en marco de lo previsto por el Art. 285, explic\u00f3 en el inicio la Dra. Monserrath Bocca.<\/h3>\n<h3>Luego, los doctores <strong>Jos\u00e9 Giraudo<\/strong> y <strong>Miguel Angel Ferrero<\/strong> \u2013 representantes del querellado \u2013 contextualizaron el caso y explicaron que, desde su punto de vista, los dichos de su cliente no constituyen una injuria y que por tanto, no existe delito. Solicitaron al Tribunal de Impugnaci\u00f3n que oportunamente haga lugar a la apelaci\u00f3n planteada y a la excepci\u00f3n de falta de acci\u00f3n.<\/h3>\n<p><img fetchpriority=\"high\" decoding=\"async\" class=\"wp-image-3072 aligncenter\" src=\"https:\/\/apuntesdesanluis.com\/wp-content\/uploads\/2023\/09\/giraudo-300x199.png\" alt=\"\" width=\"476\" height=\"316\" srcset=\"https:\/\/apuntesdesanluis.com\/wp-content\/uploads\/2023\/09\/giraudo-300x199.png 300w, https:\/\/apuntesdesanluis.com\/wp-content\/uploads\/2023\/09\/giraudo.png 396w\" sizes=\"(max-width: 476px) 100vw, 476px\" \/><\/p>\n<h3>La defensa de Bosco fundament\u00f3 que a su juicio no constituye delito opinar sobre una candidata y actual funcionaria, y se remiti\u00f3 al criterio establecido por la propia Corte Suprema de Justicia de la Naci\u00f3n, cuando en uno de los fallos interpret\u00f3 que \u201c\u2026los funcionarios p\u00fablicos est\u00e1n m\u00e1s expuestos al escrutinio y la cr\u00edtica del p\u00fablico\u201d, considerando que este \u201cdiferente umbral de protecci\u00f3n se explica porque se han expuesto voluntariamente a un escrutinio m\u00e1s exigente\u201d.<\/h3>\n<h3>Agreg\u00f3 que incluso el concepto de \u201cinter\u00e9s p\u00fablico\u201d abarca en relaci\u00f3n a los funcionarios p\u00fablicos \u201c\u2026no solamente en cuanto hayan actuado dentro de sus funciones, sino tambi\u00e9n cuando las imputaciones se refieran a su vida privada, en la medida en que de ellas pueda trascender el inter\u00e9s p\u00fablico\u201d.<\/h3>\n<h3>Entre los argumentos que esgrimi\u00f3 Giraudo en defensa del derecho a la libertad de expresi\u00f3n, cit\u00f3 el fallo de la Corte Suprema de Justicia de la Naci\u00f3n, que revoc\u00f3 la sentencia de los tribunales puntanos que conden\u00f3 al periodista Diego Masci por difundir un video de whatsapp de la entonces ministra de Educaci\u00f3n Natalia Spinuzza.<\/h3>\n<p><img decoding=\"async\" class=\"wp-image-3073 aligncenter\" src=\"https:\/\/apuntesdesanluis.com\/wp-content\/uploads\/2023\/09\/anabela-300x182.png\" alt=\"\" width=\"503\" height=\"305\" srcset=\"https:\/\/apuntesdesanluis.com\/wp-content\/uploads\/2023\/09\/anabela-300x182.png 300w, https:\/\/apuntesdesanluis.com\/wp-content\/uploads\/2023\/09\/anabela.png 438w\" sizes=\"(max-width: 503px) 100vw, 503px\" \/><\/p>\n<h3>Por su parte, tambi\u00e9n se expresaron los doctores <strong>Jorge Javier Quiroga<\/strong> y <strong>Ver\u00f3nica Silvina Ch\u00e1vez<\/strong>, en representaci\u00f3n de Anabela Lucero.<\/h3>\n<h3>Explicaron que ante la Jueza de Garant\u00eda se celebraron las audiencias previstas en los Art. 241 y 242 del C\u00f3digo de Procedimiento Penal. En esta \u00faltima se elev\u00f3 la causa a juicio, detallaron. Asimismo, rechazaron el planteo formulado por los representantes del querellado, con tibios argumentos.<\/h3>\n<h3>Luego de escuchar a las partes, la Dra. Monserrath Bocca explic\u00f3 que el Tribunal pasar\u00eda a un cuarto intermedio a los fines de resolver y que comunicar\u00e1n lo resuelto por escrito a las partes en el plazo de ley.<\/h3>\n<p>&nbsp;<\/p>\n<p>&nbsp;<\/p>\n<p>&nbsp;<\/p>\n","protected":false},"excerpt":{"rendered":"<p>Este lunes por la ma\u00f1ana se realiz\u00f3 la audiencia oral y p\u00fablica en el marco&#8230;<\/p>\n","protected":false},"author":1,"featured_media":3071,"comment_status":"closed","ping_status":"closed","sticky":false,"template":"","format":"standard","meta":{"footnotes":""},"categories":[6],"tags":[],"class_list":["post-3070","post","type-post","status-publish","format-standard","has-post-thumbnail","hentry","category-ciudad-provincia"],"yoast_head":"<!-- This site is optimized with the Yoast SEO plugin v26.1.1 - https:\/\/yoast.com\/wordpress\/plugins\/seo\/ -->\n<title>DEMANDA POR INJURIAS: LAS PARTES DIJERON LO SUYO Y AHORA RESOLVER\u00c1 EL TRIBUNAL DE IMPUGNACI\u00d3N - Apuntes de San Luis<\/title>\n<meta name=\"robots\" content=\"index, follow, max-snippet:-1, max-image-preview:large, max-video-preview:-1\" \/>\n<link rel=\"canonical\" href=\"https:\/\/apuntesdesanluis.com\/index.php\/2023\/09\/11\/demanda-por-injurias-las-partes-dijeron-lo-suyo-y-ahora-resolvera-el-tribunal-de-impugnacion\/\" \/>\n<meta property=\"og:locale\" content=\"es_ES\" \/>\n<meta property=\"og:type\" content=\"article\" \/>\n<meta property=\"og:title\" content=\"DEMANDA POR INJURIAS: LAS PARTES DIJERON LO SUYO Y AHORA RESOLVER\u00c1 EL TRIBUNAL DE IMPUGNACI\u00d3N - Apuntes de San Luis\" \/>\n<meta property=\"og:description\" content=\"Este lunes por la ma\u00f1ana se realiz\u00f3 la audiencia oral y p\u00fablica en el marco...\" \/>\n<meta property=\"og:url\" content=\"https:\/\/apuntesdesanluis.com\/index.php\/2023\/09\/11\/demanda-por-injurias-las-partes-dijeron-lo-suyo-y-ahora-resolvera-el-tribunal-de-impugnacion\/\" \/>\n<meta property=\"og:site_name\" content=\"Apuntes de San Luis\" \/>\n<meta property=\"article:published_time\" content=\"2023-09-11T22:10:53+00:00\" \/>\n<meta property=\"article:modified_time\" content=\"2023-09-12T00:42:07+00:00\" \/>\n<meta property=\"og:image\" content=\"https:\/\/apuntesdesanluis.com\/wp-content\/uploads\/2023\/09\/audiencia-bosco-lucero.png\" \/>\n\t<meta property=\"og:image:width\" content=\"513\" \/>\n\t<meta property=\"og:image:height\" content=\"318\" \/>\n\t<meta property=\"og:image:type\" content=\"image\/png\" \/>\n<meta name=\"author\" content=\"apuntesdesanluis.com\" \/>\n<meta name=\"twitter:card\" content=\"summary_large_image\" \/>\n<meta name=\"twitter:label1\" content=\"Escrito por\" \/>\n\t<meta name=\"twitter:data1\" content=\"apuntesdesanluis.com\" \/>\n\t<meta name=\"twitter:label2\" content=\"Tiempo de lectura\" \/>\n\t<meta name=\"twitter:data2\" content=\"4 minutos\" \/>\n<script type=\"application\/ld+json\" class=\"yoast-schema-graph\">{\"@context\":\"https:\/\/schema.org\",\"@graph\":[{\"@type\":\"Article\",\"@id\":\"https:\/\/apuntesdesanluis.com\/index.php\/2023\/09\/11\/demanda-por-injurias-las-partes-dijeron-lo-suyo-y-ahora-resolvera-el-tribunal-de-impugnacion\/#article\",\"isPartOf\":{\"@id\":\"https:\/\/apuntesdesanluis.com\/index.php\/2023\/09\/11\/demanda-por-injurias-las-partes-dijeron-lo-suyo-y-ahora-resolvera-el-tribunal-de-impugnacion\/\"},\"author\":{\"name\":\"apuntesdesanluis.com\",\"@id\":\"https:\/\/apuntesdesanluis.com\/#\/schema\/person\/b55151d52296fcce64d1a72538a70b90\"},\"headline\":\"DEMANDA POR INJURIAS: LAS PARTES DIJERON LO SUYO Y AHORA RESOLVER\u00c1 EL TRIBUNAL DE IMPUGNACI\u00d3N\",\"datePublished\":\"2023-09-11T22:10:53+00:00\",\"dateModified\":\"2023-09-12T00:42:07+00:00\",\"mainEntityOfPage\":{\"@id\":\"https:\/\/apuntesdesanluis.com\/index.php\/2023\/09\/11\/demanda-por-injurias-las-partes-dijeron-lo-suyo-y-ahora-resolvera-el-tribunal-de-impugnacion\/\"},\"wordCount\":669,\"publisher\":{\"@id\":\"https:\/\/apuntesdesanluis.com\/#\/schema\/person\/b55151d52296fcce64d1a72538a70b90\"},\"image\":{\"@id\":\"https:\/\/apuntesdesanluis.com\/index.php\/2023\/09\/11\/demanda-por-injurias-las-partes-dijeron-lo-suyo-y-ahora-resolvera-el-tribunal-de-impugnacion\/#primaryimage\"},\"thumbnailUrl\":\"https:\/\/apuntesdesanluis.com\/wp-content\/uploads\/2023\/09\/audiencia-bosco-lucero.png\",\"articleSection\":[\"Ciudad\/Provincia\"],\"inLanguage\":\"es-AR\"},{\"@type\":\"WebPage\",\"@id\":\"https:\/\/apuntesdesanluis.com\/index.php\/2023\/09\/11\/demanda-por-injurias-las-partes-dijeron-lo-suyo-y-ahora-resolvera-el-tribunal-de-impugnacion\/\",\"url\":\"https:\/\/apuntesdesanluis.com\/index.php\/2023\/09\/11\/demanda-por-injurias-las-partes-dijeron-lo-suyo-y-ahora-resolvera-el-tribunal-de-impugnacion\/\",\"name\":\"DEMANDA POR INJURIAS: LAS PARTES DIJERON LO SUYO Y AHORA RESOLVER\u00c1 EL TRIBUNAL DE IMPUGNACI\u00d3N - Apuntes de San Luis\",\"isPartOf\":{\"@id\":\"https:\/\/apuntesdesanluis.com\/#website\"},\"primaryImageOfPage\":{\"@id\":\"https:\/\/apuntesdesanluis.com\/index.php\/2023\/09\/11\/demanda-por-injurias-las-partes-dijeron-lo-suyo-y-ahora-resolvera-el-tribunal-de-impugnacion\/#primaryimage\"},\"image\":{\"@id\":\"https:\/\/apuntesdesanluis.com\/index.php\/2023\/09\/11\/demanda-por-injurias-las-partes-dijeron-lo-suyo-y-ahora-resolvera-el-tribunal-de-impugnacion\/#primaryimage\"},\"thumbnailUrl\":\"https:\/\/apuntesdesanluis.com\/wp-content\/uploads\/2023\/09\/audiencia-bosco-lucero.png\",\"datePublished\":\"2023-09-11T22:10:53+00:00\",\"dateModified\":\"2023-09-12T00:42:07+00:00\",\"breadcrumb\":{\"@id\":\"https:\/\/apuntesdesanluis.com\/index.php\/2023\/09\/11\/demanda-por-injurias-las-partes-dijeron-lo-suyo-y-ahora-resolvera-el-tribunal-de-impugnacion\/#breadcrumb\"},\"inLanguage\":\"es-AR\",\"potentialAction\":[{\"@type\":\"ReadAction\",\"target\":[\"https:\/\/apuntesdesanluis.com\/index.php\/2023\/09\/11\/demanda-por-injurias-las-partes-dijeron-lo-suyo-y-ahora-resolvera-el-tribunal-de-impugnacion\/\"]}]},{\"@type\":\"ImageObject\",\"inLanguage\":\"es-AR\",\"@id\":\"https:\/\/apuntesdesanluis.com\/index.php\/2023\/09\/11\/demanda-por-injurias-las-partes-dijeron-lo-suyo-y-ahora-resolvera-el-tribunal-de-impugnacion\/#primaryimage\",\"url\":\"https:\/\/apuntesdesanluis.com\/wp-content\/uploads\/2023\/09\/audiencia-bosco-lucero.png\",\"contentUrl\":\"https:\/\/apuntesdesanluis.com\/wp-content\/uploads\/2023\/09\/audiencia-bosco-lucero.png\",\"width\":513,\"height\":318},{\"@type\":\"BreadcrumbList\",\"@id\":\"https:\/\/apuntesdesanluis.com\/index.php\/2023\/09\/11\/demanda-por-injurias-las-partes-dijeron-lo-suyo-y-ahora-resolvera-el-tribunal-de-impugnacion\/#breadcrumb\",\"itemListElement\":[{\"@type\":\"ListItem\",\"position\":1,\"name\":\"Inicio\",\"item\":\"https:\/\/apuntesdesanluis.com\/\"},{\"@type\":\"ListItem\",\"position\":2,\"name\":\"DEMANDA POR INJURIAS: LAS PARTES DIJERON LO SUYO Y AHORA RESOLVER\u00c1 EL TRIBUNAL DE IMPUGNACI\u00d3N\"}]},{\"@type\":\"WebSite\",\"@id\":\"https:\/\/apuntesdesanluis.com\/#website\",\"url\":\"https:\/\/apuntesdesanluis.com\/\",\"name\":\"Apuntes de San Luis\",\"description\":\"\",\"publisher\":{\"@id\":\"https:\/\/apuntesdesanluis.com\/#\/schema\/person\/b55151d52296fcce64d1a72538a70b90\"},\"potentialAction\":[{\"@type\":\"SearchAction\",\"target\":{\"@type\":\"EntryPoint\",\"urlTemplate\":\"https:\/\/apuntesdesanluis.com\/?s={search_term_string}\"},\"query-input\":{\"@type\":\"PropertyValueSpecification\",\"valueRequired\":true,\"valueName\":\"search_term_string\"}}],\"inLanguage\":\"es-AR\"},{\"@type\":[\"Person\",\"Organization\"],\"@id\":\"https:\/\/apuntesdesanluis.com\/#\/schema\/person\/b55151d52296fcce64d1a72538a70b90\",\"name\":\"apuntesdesanluis.com\",\"image\":{\"@type\":\"ImageObject\",\"inLanguage\":\"es-AR\",\"@id\":\"https:\/\/apuntesdesanluis.com\/#\/schema\/person\/image\/\",\"url\":\"https:\/\/apuntesdesanluis.com\/wp-content\/uploads\/2023\/07\/cropped-apuntesdesanluis.png\",\"contentUrl\":\"https:\/\/apuntesdesanluis.com\/wp-content\/uploads\/2023\/07\/cropped-apuntesdesanluis.png\",\"width\":450,\"height\":112,\"caption\":\"apuntesdesanluis.com\"},\"logo\":{\"@id\":\"https:\/\/apuntesdesanluis.com\/#\/schema\/person\/image\/\"},\"sameAs\":[\"https:\/\/apuntesdesanluis.com\"],\"url\":\"https:\/\/apuntesdesanluis.com\/index.php\/author\/apuntesdesanluis-com\/\"}]}<\/script>\n<!-- \/ Yoast SEO plugin. -->","yoast_head_json":{"title":"DEMANDA POR INJURIAS: LAS PARTES DIJERON LO SUYO Y AHORA RESOLVER\u00c1 EL TRIBUNAL DE IMPUGNACI\u00d3N - Apuntes de San Luis","robots":{"index":"index","follow":"follow","max-snippet":"max-snippet:-1","max-image-preview":"max-image-preview:large","max-video-preview":"max-video-preview:-1"},"canonical":"https:\/\/apuntesdesanluis.com\/index.php\/2023\/09\/11\/demanda-por-injurias-las-partes-dijeron-lo-suyo-y-ahora-resolvera-el-tribunal-de-impugnacion\/","og_locale":"es_ES","og_type":"article","og_title":"DEMANDA POR INJURIAS: LAS PARTES DIJERON LO SUYO Y AHORA RESOLVER\u00c1 EL TRIBUNAL DE IMPUGNACI\u00d3N - Apuntes de San Luis","og_description":"Este lunes por la ma\u00f1ana se realiz\u00f3 la audiencia oral y p\u00fablica en el marco...","og_url":"https:\/\/apuntesdesanluis.com\/index.php\/2023\/09\/11\/demanda-por-injurias-las-partes-dijeron-lo-suyo-y-ahora-resolvera-el-tribunal-de-impugnacion\/","og_site_name":"Apuntes de San Luis","article_published_time":"2023-09-11T22:10:53+00:00","article_modified_time":"2023-09-12T00:42:07+00:00","og_image":[{"width":513,"height":318,"url":"https:\/\/apuntesdesanluis.com\/wp-content\/uploads\/2023\/09\/audiencia-bosco-lucero.png","type":"image\/png"}],"author":"apuntesdesanluis.com","twitter_card":"summary_large_image","twitter_misc":{"Escrito por":"apuntesdesanluis.com","Tiempo de lectura":"4 minutos"},"schema":{"@context":"https:\/\/schema.org","@graph":[{"@type":"Article","@id":"https:\/\/apuntesdesanluis.com\/index.php\/2023\/09\/11\/demanda-por-injurias-las-partes-dijeron-lo-suyo-y-ahora-resolvera-el-tribunal-de-impugnacion\/#article","isPartOf":{"@id":"https:\/\/apuntesdesanluis.com\/index.php\/2023\/09\/11\/demanda-por-injurias-las-partes-dijeron-lo-suyo-y-ahora-resolvera-el-tribunal-de-impugnacion\/"},"author":{"name":"apuntesdesanluis.com","@id":"https:\/\/apuntesdesanluis.com\/#\/schema\/person\/b55151d52296fcce64d1a72538a70b90"},"headline":"DEMANDA POR INJURIAS: LAS PARTES DIJERON LO SUYO Y AHORA RESOLVER\u00c1 EL TRIBUNAL DE IMPUGNACI\u00d3N","datePublished":"2023-09-11T22:10:53+00:00","dateModified":"2023-09-12T00:42:07+00:00","mainEntityOfPage":{"@id":"https:\/\/apuntesdesanluis.com\/index.php\/2023\/09\/11\/demanda-por-injurias-las-partes-dijeron-lo-suyo-y-ahora-resolvera-el-tribunal-de-impugnacion\/"},"wordCount":669,"publisher":{"@id":"https:\/\/apuntesdesanluis.com\/#\/schema\/person\/b55151d52296fcce64d1a72538a70b90"},"image":{"@id":"https:\/\/apuntesdesanluis.com\/index.php\/2023\/09\/11\/demanda-por-injurias-las-partes-dijeron-lo-suyo-y-ahora-resolvera-el-tribunal-de-impugnacion\/#primaryimage"},"thumbnailUrl":"https:\/\/apuntesdesanluis.com\/wp-content\/uploads\/2023\/09\/audiencia-bosco-lucero.png","articleSection":["Ciudad\/Provincia"],"inLanguage":"es-AR"},{"@type":"WebPage","@id":"https:\/\/apuntesdesanluis.com\/index.php\/2023\/09\/11\/demanda-por-injurias-las-partes-dijeron-lo-suyo-y-ahora-resolvera-el-tribunal-de-impugnacion\/","url":"https:\/\/apuntesdesanluis.com\/index.php\/2023\/09\/11\/demanda-por-injurias-las-partes-dijeron-lo-suyo-y-ahora-resolvera-el-tribunal-de-impugnacion\/","name":"DEMANDA POR INJURIAS: LAS PARTES DIJERON LO SUYO Y AHORA RESOLVER\u00c1 EL TRIBUNAL DE IMPUGNACI\u00d3N - Apuntes de San Luis","isPartOf":{"@id":"https:\/\/apuntesdesanluis.com\/#website"},"primaryImageOfPage":{"@id":"https:\/\/apuntesdesanluis.com\/index.php\/2023\/09\/11\/demanda-por-injurias-las-partes-dijeron-lo-suyo-y-ahora-resolvera-el-tribunal-de-impugnacion\/#primaryimage"},"image":{"@id":"https:\/\/apuntesdesanluis.com\/index.php\/2023\/09\/11\/demanda-por-injurias-las-partes-dijeron-lo-suyo-y-ahora-resolvera-el-tribunal-de-impugnacion\/#primaryimage"},"thumbnailUrl":"https:\/\/apuntesdesanluis.com\/wp-content\/uploads\/2023\/09\/audiencia-bosco-lucero.png","datePublished":"2023-09-11T22:10:53+00:00","dateModified":"2023-09-12T00:42:07+00:00","breadcrumb":{"@id":"https:\/\/apuntesdesanluis.com\/index.php\/2023\/09\/11\/demanda-por-injurias-las-partes-dijeron-lo-suyo-y-ahora-resolvera-el-tribunal-de-impugnacion\/#breadcrumb"},"inLanguage":"es-AR","potentialAction":[{"@type":"ReadAction","target":["https:\/\/apuntesdesanluis.com\/index.php\/2023\/09\/11\/demanda-por-injurias-las-partes-dijeron-lo-suyo-y-ahora-resolvera-el-tribunal-de-impugnacion\/"]}]},{"@type":"ImageObject","inLanguage":"es-AR","@id":"https:\/\/apuntesdesanluis.com\/index.php\/2023\/09\/11\/demanda-por-injurias-las-partes-dijeron-lo-suyo-y-ahora-resolvera-el-tribunal-de-impugnacion\/#primaryimage","url":"https:\/\/apuntesdesanluis.com\/wp-content\/uploads\/2023\/09\/audiencia-bosco-lucero.png","contentUrl":"https:\/\/apuntesdesanluis.com\/wp-content\/uploads\/2023\/09\/audiencia-bosco-lucero.png","width":513,"height":318},{"@type":"BreadcrumbList","@id":"https:\/\/apuntesdesanluis.com\/index.php\/2023\/09\/11\/demanda-por-injurias-las-partes-dijeron-lo-suyo-y-ahora-resolvera-el-tribunal-de-impugnacion\/#breadcrumb","itemListElement":[{"@type":"ListItem","position":1,"name":"Inicio","item":"https:\/\/apuntesdesanluis.com\/"},{"@type":"ListItem","position":2,"name":"DEMANDA POR INJURIAS: LAS PARTES DIJERON LO SUYO Y AHORA RESOLVER\u00c1 EL TRIBUNAL DE IMPUGNACI\u00d3N"}]},{"@type":"WebSite","@id":"https:\/\/apuntesdesanluis.com\/#website","url":"https:\/\/apuntesdesanluis.com\/","name":"Apuntes de San Luis","description":"","publisher":{"@id":"https:\/\/apuntesdesanluis.com\/#\/schema\/person\/b55151d52296fcce64d1a72538a70b90"},"potentialAction":[{"@type":"SearchAction","target":{"@type":"EntryPoint","urlTemplate":"https:\/\/apuntesdesanluis.com\/?s={search_term_string}"},"query-input":{"@type":"PropertyValueSpecification","valueRequired":true,"valueName":"search_term_string"}}],"inLanguage":"es-AR"},{"@type":["Person","Organization"],"@id":"https:\/\/apuntesdesanluis.com\/#\/schema\/person\/b55151d52296fcce64d1a72538a70b90","name":"apuntesdesanluis.com","image":{"@type":"ImageObject","inLanguage":"es-AR","@id":"https:\/\/apuntesdesanluis.com\/#\/schema\/person\/image\/","url":"https:\/\/apuntesdesanluis.com\/wp-content\/uploads\/2023\/07\/cropped-apuntesdesanluis.png","contentUrl":"https:\/\/apuntesdesanluis.com\/wp-content\/uploads\/2023\/07\/cropped-apuntesdesanluis.png","width":450,"height":112,"caption":"apuntesdesanluis.com"},"logo":{"@id":"https:\/\/apuntesdesanluis.com\/#\/schema\/person\/image\/"},"sameAs":["https:\/\/apuntesdesanluis.com"],"url":"https:\/\/apuntesdesanluis.com\/index.php\/author\/apuntesdesanluis-com\/"}]}},"featured_image_urls":{"full":["https:\/\/apuntesdesanluis.com\/wp-content\/uploads\/2023\/09\/audiencia-bosco-lucero.png",513,318,false],"thumbnail":["https:\/\/apuntesdesanluis.com\/wp-content\/uploads\/2023\/09\/audiencia-bosco-lucero-150x150.png",150,150,true],"medium":["https:\/\/apuntesdesanluis.com\/wp-content\/uploads\/2023\/09\/audiencia-bosco-lucero-300x186.png",300,186,true],"medium_large":["https:\/\/apuntesdesanluis.com\/wp-content\/uploads\/2023\/09\/audiencia-bosco-lucero.png",513,318,false],"large":["https:\/\/apuntesdesanluis.com\/wp-content\/uploads\/2023\/09\/audiencia-bosco-lucero.png",513,318,false],"1536x1536":["https:\/\/apuntesdesanluis.com\/wp-content\/uploads\/2023\/09\/audiencia-bosco-lucero.png",513,318,false],"2048x2048":["https:\/\/apuntesdesanluis.com\/wp-content\/uploads\/2023\/09\/audiencia-bosco-lucero.png",513,318,false],"newsever-slider-full":["https:\/\/apuntesdesanluis.com\/wp-content\/uploads\/2023\/09\/audiencia-bosco-lucero.png",513,318,false],"newsever-featured":["https:\/\/apuntesdesanluis.com\/wp-content\/uploads\/2023\/09\/audiencia-bosco-lucero.png",513,318,false],"newsever-medium":["https:\/\/apuntesdesanluis.com\/wp-content\/uploads\/2023\/09\/audiencia-bosco-lucero.png",513,318,false]},"author_info":{"display_name":"apuntesdesanluis.com","author_link":"https:\/\/apuntesdesanluis.com\/index.php\/author\/apuntesdesanluis-com\/"},"category_info":"<a href=\"https:\/\/apuntesdesanluis.com\/index.php\/category\/ciudad-provincia\/\" rel=\"category tag\">Ciudad\/Provincia<\/a>","tag_info":"Ciudad\/Provincia","comment_count":"0","_links":{"self":[{"href":"https:\/\/apuntesdesanluis.com\/index.php\/wp-json\/wp\/v2\/posts\/3070","targetHints":{"allow":["GET"]}}],"collection":[{"href":"https:\/\/apuntesdesanluis.com\/index.php\/wp-json\/wp\/v2\/posts"}],"about":[{"href":"https:\/\/apuntesdesanluis.com\/index.php\/wp-json\/wp\/v2\/types\/post"}],"author":[{"embeddable":true,"href":"https:\/\/apuntesdesanluis.com\/index.php\/wp-json\/wp\/v2\/users\/1"}],"replies":[{"embeddable":true,"href":"https:\/\/apuntesdesanluis.com\/index.php\/wp-json\/wp\/v2\/comments?post=3070"}],"version-history":[{"count":4,"href":"https:\/\/apuntesdesanluis.com\/index.php\/wp-json\/wp\/v2\/posts\/3070\/revisions"}],"predecessor-version":[{"id":3077,"href":"https:\/\/apuntesdesanluis.com\/index.php\/wp-json\/wp\/v2\/posts\/3070\/revisions\/3077"}],"wp:featuredmedia":[{"embeddable":true,"href":"https:\/\/apuntesdesanluis.com\/index.php\/wp-json\/wp\/v2\/media\/3071"}],"wp:attachment":[{"href":"https:\/\/apuntesdesanluis.com\/index.php\/wp-json\/wp\/v2\/media?parent=3070"}],"wp:term":[{"taxonomy":"category","embeddable":true,"href":"https:\/\/apuntesdesanluis.com\/index.php\/wp-json\/wp\/v2\/categories?post=3070"},{"taxonomy":"post_tag","embeddable":true,"href":"https:\/\/apuntesdesanluis.com\/index.php\/wp-json\/wp\/v2\/tags?post=3070"}],"curies":[{"name":"wp","href":"https:\/\/api.w.org\/{rel}","templated":true}]}}