{"id":30710,"date":"2025-03-21T08:57:14","date_gmt":"2025-03-21T11:57:14","guid":{"rendered":"https:\/\/apuntesdesanluis.com\/?p=30710"},"modified":"2025-03-21T22:57:39","modified_gmt":"2025-03-22T01:57:39","slug":"raul-gil-y-claudia-brusasca-seran-los-proximos-rector-y-vice-de-la-unsl","status":"publish","type":"post","link":"https:\/\/apuntesdesanluis.com\/index.php\/2025\/03\/21\/raul-gil-y-claudia-brusasca-seran-los-proximos-rector-y-vice-de-la-unsl\/","title":{"rendered":"RA\u00daL GIL Y CLAUDIA BRUSASCA SER\u00c1N LOS PR\u00d3XIMOS RECTOR Y VICE DE LA UNSL"},"content":{"rendered":"<h3>Aunque las elecciones son el pr\u00f3ximo 21 de mayo, fueron la \u00fanica f\u00f3rmula que se present\u00f3 para competir. En cinco facultades habr\u00e1 lista \u00fanica, en tanto que Humanas y Ciencias F\u00edsico Matem\u00e1ticas habr\u00e1 dos opciones.<\/h3>\n<h3>Los integrantes de la lista 1 <strong>&#8220;Consenso e Identidad Universitaria&#8221;<\/strong> se encaminan a tomar las riendas de la UNSL a partir de setiembre, cuando concluye el mandato del actual rector, <strong>V\u00edctor Mori\u00f1igo<\/strong>, referente del espacio que gobierna la casa de estudios y que marca una continuidad desde 1983 a esta parte.<\/h3>\n<h3><strong>Ra\u00fal Gil<\/strong> es actualmente secretario general, en tanto que <strong>Claudia Brusasca<\/strong> se desempe\u00f1a como decana de la Facultad de Psicolog\u00eda, ambos enrolados en el sector de Mori\u00f1igo.<\/h3>\n<h3>El pr\u00f3ximo lunes 5 de mayo se oficializar\u00e1 a todos los candidatos para que all\u00ed inicie la campa\u00f1a proselitista en el seno de la universidad. El lunes 19 comenzar\u00e1 la veda electoral y finalmente el mi\u00e9rcoles 21 se realizar\u00e1 la elecci\u00f3n.<\/h3>\n<p><img fetchpriority=\"high\" decoding=\"async\" class=\"wp-image-1578 aligncenter\" src=\"https:\/\/apuntesdesanluis.com\/wp-content\/uploads\/2023\/08\/hector-flores-300x179.png\" alt=\"\" width=\"697\" height=\"416\" srcset=\"https:\/\/apuntesdesanluis.com\/wp-content\/uploads\/2023\/08\/hector-flores-300x179.png 300w, https:\/\/apuntesdesanluis.com\/wp-content\/uploads\/2023\/08\/hector-flores-768x458.png 768w, https:\/\/apuntesdesanluis.com\/wp-content\/uploads\/2023\/08\/hector-flores.png 997w\" sizes=\"(max-width: 697px) 100vw, 697px\" \/><\/p>\n<h3>Como otro dato destacado, el actual vicerrector <strong>H\u00e9ctor Flores<\/strong> es candidato \u00fanico a dirigir la FCEJS, cargo que ya desempe\u00f1ara con anterioridad, en este caso acompa\u00f1ado por Patricia Mor\u00e1n para vicerrectora.<\/h3>\n<h3><strong>LISTAS PRESENTADAS<\/strong><\/h3>\n<h3>Lista 1 &#8220;Consenso e Identidad Universitaria&#8221;<\/h3>\n<h3><strong>RECTOR \u2013 VICERRECTORA<\/strong><\/h3>\n<h3>Ra\u00fal Gil \u2013 Claudia Brusasca<\/h3>\n<h3><strong>Facultad de Ciencias Econ\u00f3micas, Jur\u00eddicas y Sociales (FCEJS)<\/strong><\/h3>\n<h3>Lista 110 &#8220;Apertura Universitaria&#8221;<\/h3>\n<h3>DECANO \u2013 VICE DECANA<\/h3>\n<h3>H\u00e9ctor Flores \u2013 Patricia Mor\u00e1n<\/h3>\n<h3>CONSEJO SUPERIOR DOCENTE<\/h3>\n<h3>Roxana Camiletti \u2013 Jaquelina Nanclares<\/h3>\n<h3><strong>Facultad de Ingenier\u00eda y Ciencias Agropecuarias (FICA)<\/strong><\/h3>\n<h3>Lista 15 &#8220;Acci\u00f3n Universitaria)<\/h3>\n<h3>DECANO \u2013 VICE DECANO<\/h3>\n<h3>Federico Serra \u2013 Guillermo Mart\u00ednez<\/h3>\n<h3>CONSEJO SUPERIOR DOCENTE<\/h3>\n<h3>Ricardo Monasterolo \u2013 Sergio Ribotta<\/h3>\n<h3><strong>Facultad de Ciencias de la Salud (FCS)<\/strong><\/h3>\n<h3>Lista 32 &#8220;Saludar&#8221;<\/h3>\n<h3>DECANA \u2013 VICE DECANA<\/h3>\n<h3>Mar\u00eda Cecilia Camargo \u2013 Luj\u00e1n Correa<\/h3>\n<h3>CONSEJO SUPERIOR DOCENTE<\/h3>\n<h3>Johanna Vintar \u2013 Agustina Comerti<\/h3>\n<h3><strong>Facultad de Psicolog\u00eda (FAPSI)<\/strong><\/h3>\n<h3>Lista 11 &#8220;Gesti\u00f3n y Compromiso&#8221;<\/h3>\n<h3>DECANA \u2013 VICE DECANA<\/h3>\n<h3>Gladys Leoz \u2013 Mariela Lucero<\/h3>\n<h3><strong>Facultad de Ciencias Humanas (FCH)<\/strong><\/h3>\n<h3>Lista 99 &#8220;Colectivo Humanas&#8221;<\/h3>\n<h3>DECANA \u2013 VICE DECANA<\/h3>\n<h3>Ver\u00f3nica Longo \u2013 Valeria Pasqualini<\/h3>\n<h3>CONSEJO SUPERIOR DOCENTE<\/h3>\n<h3>Paola Figueroa \u2013 Horacio del Bueno<\/h3>\n<h3>Lista 83 &#8220;Integraci\u00f3n y Compromiso&#8221;<\/h3>\n<h3>DECANA \u2013 VICE DECANA<\/h3>\n<h3>Sonia Rivero \u2013 Marcela Navarrete<\/h3>\n<h3>CONSEJO SUPERIOR DOCENTE<\/h3>\n<h3>Claudio Lobo \u2013 Cecilia Montiel<\/h3>\n<h3><strong>Facultad de Ciencias F\u00edsico Matem\u00e1ticas y Naturales (FCFMyN)<\/strong><\/h3>\n<h3>Lista 37 &#8220;Transformaci\u00f3n Universitaria&#8221;<\/h3>\n<h3>DECANO \u2013 VICE DECANO<\/h3>\n<h3>Rodolfo Porasso \u2013 Daniel Sales<\/h3>\n<h3>CONSEJO SUPERIOR DOCENTE<\/h3>\n<h3>F\u00e9lix Nieto \u2013 Sergio Favier<\/h3>\n<h3>Lista 100 &#8220;Ahora&#8221;<\/h3>\n<h3>DECANO \u2013 VICE DECANA<\/h3>\n<h3>Alfredo Debattista \u2013 Nora Reyes<\/h3>\n<h3>CONSEJO SUPERIOR DOCENTE<\/h3>\n<h3>Marcela Printista \u2013 Gustavo Brauer<\/h3>\n<h3><strong>Facultad de Qu\u00edmica, Bioqu\u00edmica y Farmacia (FQByF)<\/strong><\/h3>\n<h3>Lista 9 &#8220;Gesti\u00f3n e Integraci\u00f3n y Desarrollo&#8221;<\/h3>\n<h3>DECANO \u2013 VICE DECANO<\/h3>\n<h3>Sebasti\u00e1n And\u00fajar \u2013 Maximiliano Ch\u00e1vez<\/h3>\n<h3>CONSEJO SUPERIOR DOCENTE<\/h3>\n<h3>Antonio Mangione \u2013 Jorge Fern\u00e1ndez<\/h3>\n<h3><\/h3>\n<h3><\/h3>\n","protected":false},"excerpt":{"rendered":"<p>Aunque las elecciones son el pr\u00f3ximo 21 de mayo, fueron la \u00fanica f\u00f3rmula que se&#8230;<\/p>\n","protected":false},"author":1,"featured_media":30711,"comment_status":"closed","ping_status":"closed","sticky":false,"template":"","format":"standard","meta":{"footnotes":""},"categories":[6],"tags":[],"class_list":["post-30710","post","type-post","status-publish","format-standard","has-post-thumbnail","hentry","category-ciudad-provincia"],"yoast_head":"<!-- This site is optimized with the Yoast SEO plugin v26.1.1 - https:\/\/yoast.com\/wordpress\/plugins\/seo\/ -->\n<title>RA\u00daL GIL Y CLAUDIA BRUSASCA SER\u00c1N LOS PR\u00d3XIMOS RECTOR Y VICE DE LA UNSL - Apuntes de San Luis<\/title>\n<meta name=\"robots\" content=\"index, follow, max-snippet:-1, max-image-preview:large, max-video-preview:-1\" \/>\n<link rel=\"canonical\" href=\"https:\/\/apuntesdesanluis.com\/index.php\/2025\/03\/21\/raul-gil-y-claudia-brusasca-seran-los-proximos-rector-y-vice-de-la-unsl\/\" \/>\n<meta property=\"og:locale\" content=\"es_ES\" \/>\n<meta property=\"og:type\" content=\"article\" \/>\n<meta property=\"og:title\" content=\"RA\u00daL GIL Y CLAUDIA BRUSASCA SER\u00c1N LOS PR\u00d3XIMOS RECTOR Y VICE DE LA UNSL - Apuntes de San Luis\" \/>\n<meta property=\"og:description\" content=\"Aunque las elecciones son el pr\u00f3ximo 21 de mayo, fueron la \u00fanica f\u00f3rmula que se...\" \/>\n<meta property=\"og:url\" content=\"https:\/\/apuntesdesanluis.com\/index.php\/2025\/03\/21\/raul-gil-y-claudia-brusasca-seran-los-proximos-rector-y-vice-de-la-unsl\/\" \/>\n<meta property=\"og:site_name\" content=\"Apuntes de San Luis\" \/>\n<meta property=\"article:published_time\" content=\"2025-03-21T11:57:14+00:00\" \/>\n<meta property=\"article:modified_time\" content=\"2025-03-22T01:57:39+00:00\" \/>\n<meta property=\"og:image\" content=\"https:\/\/apuntesdesanluis.com\/wp-content\/uploads\/2025\/03\/gil-y-brusasca-con-morinigo.png\" \/>\n\t<meta property=\"og:image:width\" content=\"566\" \/>\n\t<meta property=\"og:image:height\" content=\"385\" \/>\n\t<meta property=\"og:image:type\" content=\"image\/png\" \/>\n<meta name=\"author\" content=\"apuntesdesanluis.com\" \/>\n<meta name=\"twitter:card\" content=\"summary_large_image\" \/>\n<meta name=\"twitter:label1\" content=\"Escrito por\" \/>\n\t<meta name=\"twitter:data1\" content=\"apuntesdesanluis.com\" \/>\n\t<meta name=\"twitter:label2\" content=\"Tiempo de lectura\" \/>\n\t<meta name=\"twitter:data2\" content=\"3 minutos\" \/>\n<script type=\"application\/ld+json\" class=\"yoast-schema-graph\">{\"@context\":\"https:\/\/schema.org\",\"@graph\":[{\"@type\":\"Article\",\"@id\":\"https:\/\/apuntesdesanluis.com\/index.php\/2025\/03\/21\/raul-gil-y-claudia-brusasca-seran-los-proximos-rector-y-vice-de-la-unsl\/#article\",\"isPartOf\":{\"@id\":\"https:\/\/apuntesdesanluis.com\/index.php\/2025\/03\/21\/raul-gil-y-claudia-brusasca-seran-los-proximos-rector-y-vice-de-la-unsl\/\"},\"author\":{\"name\":\"apuntesdesanluis.com\",\"@id\":\"https:\/\/apuntesdesanluis.com\/#\/schema\/person\/b55151d52296fcce64d1a72538a70b90\"},\"headline\":\"RA\u00daL GIL Y CLAUDIA BRUSASCA SER\u00c1N LOS PR\u00d3XIMOS RECTOR Y VICE DE LA UNSL\",\"datePublished\":\"2025-03-21T11:57:14+00:00\",\"dateModified\":\"2025-03-22T01:57:39+00:00\",\"mainEntityOfPage\":{\"@id\":\"https:\/\/apuntesdesanluis.com\/index.php\/2025\/03\/21\/raul-gil-y-claudia-brusasca-seran-los-proximos-rector-y-vice-de-la-unsl\/\"},\"wordCount\":450,\"publisher\":{\"@id\":\"https:\/\/apuntesdesanluis.com\/#\/schema\/person\/b55151d52296fcce64d1a72538a70b90\"},\"image\":{\"@id\":\"https:\/\/apuntesdesanluis.com\/index.php\/2025\/03\/21\/raul-gil-y-claudia-brusasca-seran-los-proximos-rector-y-vice-de-la-unsl\/#primaryimage\"},\"thumbnailUrl\":\"https:\/\/apuntesdesanluis.com\/wp-content\/uploads\/2025\/03\/gil-y-brusasca-con-morinigo.png\",\"articleSection\":[\"Ciudad\/Provincia\"],\"inLanguage\":\"es-AR\"},{\"@type\":\"WebPage\",\"@id\":\"https:\/\/apuntesdesanluis.com\/index.php\/2025\/03\/21\/raul-gil-y-claudia-brusasca-seran-los-proximos-rector-y-vice-de-la-unsl\/\",\"url\":\"https:\/\/apuntesdesanluis.com\/index.php\/2025\/03\/21\/raul-gil-y-claudia-brusasca-seran-los-proximos-rector-y-vice-de-la-unsl\/\",\"name\":\"RA\u00daL GIL Y CLAUDIA BRUSASCA SER\u00c1N LOS PR\u00d3XIMOS RECTOR Y VICE DE LA UNSL - Apuntes de San Luis\",\"isPartOf\":{\"@id\":\"https:\/\/apuntesdesanluis.com\/#website\"},\"primaryImageOfPage\":{\"@id\":\"https:\/\/apuntesdesanluis.com\/index.php\/2025\/03\/21\/raul-gil-y-claudia-brusasca-seran-los-proximos-rector-y-vice-de-la-unsl\/#primaryimage\"},\"image\":{\"@id\":\"https:\/\/apuntesdesanluis.com\/index.php\/2025\/03\/21\/raul-gil-y-claudia-brusasca-seran-los-proximos-rector-y-vice-de-la-unsl\/#primaryimage\"},\"thumbnailUrl\":\"https:\/\/apuntesdesanluis.com\/wp-content\/uploads\/2025\/03\/gil-y-brusasca-con-morinigo.png\",\"datePublished\":\"2025-03-21T11:57:14+00:00\",\"dateModified\":\"2025-03-22T01:57:39+00:00\",\"breadcrumb\":{\"@id\":\"https:\/\/apuntesdesanluis.com\/index.php\/2025\/03\/21\/raul-gil-y-claudia-brusasca-seran-los-proximos-rector-y-vice-de-la-unsl\/#breadcrumb\"},\"inLanguage\":\"es-AR\",\"potentialAction\":[{\"@type\":\"ReadAction\",\"target\":[\"https:\/\/apuntesdesanluis.com\/index.php\/2025\/03\/21\/raul-gil-y-claudia-brusasca-seran-los-proximos-rector-y-vice-de-la-unsl\/\"]}]},{\"@type\":\"ImageObject\",\"inLanguage\":\"es-AR\",\"@id\":\"https:\/\/apuntesdesanluis.com\/index.php\/2025\/03\/21\/raul-gil-y-claudia-brusasca-seran-los-proximos-rector-y-vice-de-la-unsl\/#primaryimage\",\"url\":\"https:\/\/apuntesdesanluis.com\/wp-content\/uploads\/2025\/03\/gil-y-brusasca-con-morinigo.png\",\"contentUrl\":\"https:\/\/apuntesdesanluis.com\/wp-content\/uploads\/2025\/03\/gil-y-brusasca-con-morinigo.png\",\"width\":566,\"height\":385},{\"@type\":\"BreadcrumbList\",\"@id\":\"https:\/\/apuntesdesanluis.com\/index.php\/2025\/03\/21\/raul-gil-y-claudia-brusasca-seran-los-proximos-rector-y-vice-de-la-unsl\/#breadcrumb\",\"itemListElement\":[{\"@type\":\"ListItem\",\"position\":1,\"name\":\"Inicio\",\"item\":\"https:\/\/apuntesdesanluis.com\/\"},{\"@type\":\"ListItem\",\"position\":2,\"name\":\"RA\u00daL GIL Y CLAUDIA BRUSASCA SER\u00c1N LOS PR\u00d3XIMOS RECTOR Y VICE DE LA UNSL\"}]},{\"@type\":\"WebSite\",\"@id\":\"https:\/\/apuntesdesanluis.com\/#website\",\"url\":\"https:\/\/apuntesdesanluis.com\/\",\"name\":\"Apuntes de San Luis\",\"description\":\"\",\"publisher\":{\"@id\":\"https:\/\/apuntesdesanluis.com\/#\/schema\/person\/b55151d52296fcce64d1a72538a70b90\"},\"potentialAction\":[{\"@type\":\"SearchAction\",\"target\":{\"@type\":\"EntryPoint\",\"urlTemplate\":\"https:\/\/apuntesdesanluis.com\/?s={search_term_string}\"},\"query-input\":{\"@type\":\"PropertyValueSpecification\",\"valueRequired\":true,\"valueName\":\"search_term_string\"}}],\"inLanguage\":\"es-AR\"},{\"@type\":[\"Person\",\"Organization\"],\"@id\":\"https:\/\/apuntesdesanluis.com\/#\/schema\/person\/b55151d52296fcce64d1a72538a70b90\",\"name\":\"apuntesdesanluis.com\",\"image\":{\"@type\":\"ImageObject\",\"inLanguage\":\"es-AR\",\"@id\":\"https:\/\/apuntesdesanluis.com\/#\/schema\/person\/image\/\",\"url\":\"https:\/\/apuntesdesanluis.com\/wp-content\/uploads\/2023\/07\/cropped-apuntesdesanluis.png\",\"contentUrl\":\"https:\/\/apuntesdesanluis.com\/wp-content\/uploads\/2023\/07\/cropped-apuntesdesanluis.png\",\"width\":450,\"height\":112,\"caption\":\"apuntesdesanluis.com\"},\"logo\":{\"@id\":\"https:\/\/apuntesdesanluis.com\/#\/schema\/person\/image\/\"},\"sameAs\":[\"https:\/\/apuntesdesanluis.com\"],\"url\":\"https:\/\/apuntesdesanluis.com\/index.php\/author\/apuntesdesanluis-com\/\"}]}<\/script>\n<!-- \/ Yoast SEO plugin. -->","yoast_head_json":{"title":"RA\u00daL GIL Y CLAUDIA BRUSASCA SER\u00c1N LOS PR\u00d3XIMOS RECTOR Y VICE DE LA UNSL - Apuntes de San Luis","robots":{"index":"index","follow":"follow","max-snippet":"max-snippet:-1","max-image-preview":"max-image-preview:large","max-video-preview":"max-video-preview:-1"},"canonical":"https:\/\/apuntesdesanluis.com\/index.php\/2025\/03\/21\/raul-gil-y-claudia-brusasca-seran-los-proximos-rector-y-vice-de-la-unsl\/","og_locale":"es_ES","og_type":"article","og_title":"RA\u00daL GIL Y CLAUDIA BRUSASCA SER\u00c1N LOS PR\u00d3XIMOS RECTOR Y VICE DE LA UNSL - Apuntes de San Luis","og_description":"Aunque las elecciones son el pr\u00f3ximo 21 de mayo, fueron la \u00fanica f\u00f3rmula que se...","og_url":"https:\/\/apuntesdesanluis.com\/index.php\/2025\/03\/21\/raul-gil-y-claudia-brusasca-seran-los-proximos-rector-y-vice-de-la-unsl\/","og_site_name":"Apuntes de San Luis","article_published_time":"2025-03-21T11:57:14+00:00","article_modified_time":"2025-03-22T01:57:39+00:00","og_image":[{"width":566,"height":385,"url":"https:\/\/apuntesdesanluis.com\/wp-content\/uploads\/2025\/03\/gil-y-brusasca-con-morinigo.png","type":"image\/png"}],"author":"apuntesdesanluis.com","twitter_card":"summary_large_image","twitter_misc":{"Escrito por":"apuntesdesanluis.com","Tiempo de lectura":"3 minutos"},"schema":{"@context":"https:\/\/schema.org","@graph":[{"@type":"Article","@id":"https:\/\/apuntesdesanluis.com\/index.php\/2025\/03\/21\/raul-gil-y-claudia-brusasca-seran-los-proximos-rector-y-vice-de-la-unsl\/#article","isPartOf":{"@id":"https:\/\/apuntesdesanluis.com\/index.php\/2025\/03\/21\/raul-gil-y-claudia-brusasca-seran-los-proximos-rector-y-vice-de-la-unsl\/"},"author":{"name":"apuntesdesanluis.com","@id":"https:\/\/apuntesdesanluis.com\/#\/schema\/person\/b55151d52296fcce64d1a72538a70b90"},"headline":"RA\u00daL GIL Y CLAUDIA BRUSASCA SER\u00c1N LOS PR\u00d3XIMOS RECTOR Y VICE DE LA UNSL","datePublished":"2025-03-21T11:57:14+00:00","dateModified":"2025-03-22T01:57:39+00:00","mainEntityOfPage":{"@id":"https:\/\/apuntesdesanluis.com\/index.php\/2025\/03\/21\/raul-gil-y-claudia-brusasca-seran-los-proximos-rector-y-vice-de-la-unsl\/"},"wordCount":450,"publisher":{"@id":"https:\/\/apuntesdesanluis.com\/#\/schema\/person\/b55151d52296fcce64d1a72538a70b90"},"image":{"@id":"https:\/\/apuntesdesanluis.com\/index.php\/2025\/03\/21\/raul-gil-y-claudia-brusasca-seran-los-proximos-rector-y-vice-de-la-unsl\/#primaryimage"},"thumbnailUrl":"https:\/\/apuntesdesanluis.com\/wp-content\/uploads\/2025\/03\/gil-y-brusasca-con-morinigo.png","articleSection":["Ciudad\/Provincia"],"inLanguage":"es-AR"},{"@type":"WebPage","@id":"https:\/\/apuntesdesanluis.com\/index.php\/2025\/03\/21\/raul-gil-y-claudia-brusasca-seran-los-proximos-rector-y-vice-de-la-unsl\/","url":"https:\/\/apuntesdesanluis.com\/index.php\/2025\/03\/21\/raul-gil-y-claudia-brusasca-seran-los-proximos-rector-y-vice-de-la-unsl\/","name":"RA\u00daL GIL Y CLAUDIA BRUSASCA SER\u00c1N LOS PR\u00d3XIMOS RECTOR Y VICE DE LA UNSL - Apuntes de San Luis","isPartOf":{"@id":"https:\/\/apuntesdesanluis.com\/#website"},"primaryImageOfPage":{"@id":"https:\/\/apuntesdesanluis.com\/index.php\/2025\/03\/21\/raul-gil-y-claudia-brusasca-seran-los-proximos-rector-y-vice-de-la-unsl\/#primaryimage"},"image":{"@id":"https:\/\/apuntesdesanluis.com\/index.php\/2025\/03\/21\/raul-gil-y-claudia-brusasca-seran-los-proximos-rector-y-vice-de-la-unsl\/#primaryimage"},"thumbnailUrl":"https:\/\/apuntesdesanluis.com\/wp-content\/uploads\/2025\/03\/gil-y-brusasca-con-morinigo.png","datePublished":"2025-03-21T11:57:14+00:00","dateModified":"2025-03-22T01:57:39+00:00","breadcrumb":{"@id":"https:\/\/apuntesdesanluis.com\/index.php\/2025\/03\/21\/raul-gil-y-claudia-brusasca-seran-los-proximos-rector-y-vice-de-la-unsl\/#breadcrumb"},"inLanguage":"es-AR","potentialAction":[{"@type":"ReadAction","target":["https:\/\/apuntesdesanluis.com\/index.php\/2025\/03\/21\/raul-gil-y-claudia-brusasca-seran-los-proximos-rector-y-vice-de-la-unsl\/"]}]},{"@type":"ImageObject","inLanguage":"es-AR","@id":"https:\/\/apuntesdesanluis.com\/index.php\/2025\/03\/21\/raul-gil-y-claudia-brusasca-seran-los-proximos-rector-y-vice-de-la-unsl\/#primaryimage","url":"https:\/\/apuntesdesanluis.com\/wp-content\/uploads\/2025\/03\/gil-y-brusasca-con-morinigo.png","contentUrl":"https:\/\/apuntesdesanluis.com\/wp-content\/uploads\/2025\/03\/gil-y-brusasca-con-morinigo.png","width":566,"height":385},{"@type":"BreadcrumbList","@id":"https:\/\/apuntesdesanluis.com\/index.php\/2025\/03\/21\/raul-gil-y-claudia-brusasca-seran-los-proximos-rector-y-vice-de-la-unsl\/#breadcrumb","itemListElement":[{"@type":"ListItem","position":1,"name":"Inicio","item":"https:\/\/apuntesdesanluis.com\/"},{"@type":"ListItem","position":2,"name":"RA\u00daL GIL Y CLAUDIA BRUSASCA SER\u00c1N LOS PR\u00d3XIMOS RECTOR Y VICE DE LA UNSL"}]},{"@type":"WebSite","@id":"https:\/\/apuntesdesanluis.com\/#website","url":"https:\/\/apuntesdesanluis.com\/","name":"Apuntes de San Luis","description":"","publisher":{"@id":"https:\/\/apuntesdesanluis.com\/#\/schema\/person\/b55151d52296fcce64d1a72538a70b90"},"potentialAction":[{"@type":"SearchAction","target":{"@type":"EntryPoint","urlTemplate":"https:\/\/apuntesdesanluis.com\/?s={search_term_string}"},"query-input":{"@type":"PropertyValueSpecification","valueRequired":true,"valueName":"search_term_string"}}],"inLanguage":"es-AR"},{"@type":["Person","Organization"],"@id":"https:\/\/apuntesdesanluis.com\/#\/schema\/person\/b55151d52296fcce64d1a72538a70b90","name":"apuntesdesanluis.com","image":{"@type":"ImageObject","inLanguage":"es-AR","@id":"https:\/\/apuntesdesanluis.com\/#\/schema\/person\/image\/","url":"https:\/\/apuntesdesanluis.com\/wp-content\/uploads\/2023\/07\/cropped-apuntesdesanluis.png","contentUrl":"https:\/\/apuntesdesanluis.com\/wp-content\/uploads\/2023\/07\/cropped-apuntesdesanluis.png","width":450,"height":112,"caption":"apuntesdesanluis.com"},"logo":{"@id":"https:\/\/apuntesdesanluis.com\/#\/schema\/person\/image\/"},"sameAs":["https:\/\/apuntesdesanluis.com"],"url":"https:\/\/apuntesdesanluis.com\/index.php\/author\/apuntesdesanluis-com\/"}]}},"featured_image_urls":{"full":["https:\/\/apuntesdesanluis.com\/wp-content\/uploads\/2025\/03\/gil-y-brusasca-con-morinigo.png",566,385,false],"thumbnail":["https:\/\/apuntesdesanluis.com\/wp-content\/uploads\/2025\/03\/gil-y-brusasca-con-morinigo-150x150.png",150,150,true],"medium":["https:\/\/apuntesdesanluis.com\/wp-content\/uploads\/2025\/03\/gil-y-brusasca-con-morinigo-300x204.png",300,204,true],"medium_large":["https:\/\/apuntesdesanluis.com\/wp-content\/uploads\/2025\/03\/gil-y-brusasca-con-morinigo.png",566,385,false],"large":["https:\/\/apuntesdesanluis.com\/wp-content\/uploads\/2025\/03\/gil-y-brusasca-con-morinigo.png",566,385,false],"1536x1536":["https:\/\/apuntesdesanluis.com\/wp-content\/uploads\/2025\/03\/gil-y-brusasca-con-morinigo.png",566,385,false],"2048x2048":["https:\/\/apuntesdesanluis.com\/wp-content\/uploads\/2025\/03\/gil-y-brusasca-con-morinigo.png",566,385,false],"newsever-slider-full":["https:\/\/apuntesdesanluis.com\/wp-content\/uploads\/2025\/03\/gil-y-brusasca-con-morinigo.png",566,385,false],"newsever-featured":["https:\/\/apuntesdesanluis.com\/wp-content\/uploads\/2025\/03\/gil-y-brusasca-con-morinigo.png",566,385,false],"newsever-medium":["https:\/\/apuntesdesanluis.com\/wp-content\/uploads\/2025\/03\/gil-y-brusasca-con-morinigo.png",566,385,false]},"author_info":{"display_name":"apuntesdesanluis.com","author_link":"https:\/\/apuntesdesanluis.com\/index.php\/author\/apuntesdesanluis-com\/"},"category_info":"<a href=\"https:\/\/apuntesdesanluis.com\/index.php\/category\/ciudad-provincia\/\" rel=\"category tag\">Ciudad\/Provincia<\/a>","tag_info":"Ciudad\/Provincia","comment_count":"0","_links":{"self":[{"href":"https:\/\/apuntesdesanluis.com\/index.php\/wp-json\/wp\/v2\/posts\/30710","targetHints":{"allow":["GET"]}}],"collection":[{"href":"https:\/\/apuntesdesanluis.com\/index.php\/wp-json\/wp\/v2\/posts"}],"about":[{"href":"https:\/\/apuntesdesanluis.com\/index.php\/wp-json\/wp\/v2\/types\/post"}],"author":[{"embeddable":true,"href":"https:\/\/apuntesdesanluis.com\/index.php\/wp-json\/wp\/v2\/users\/1"}],"replies":[{"embeddable":true,"href":"https:\/\/apuntesdesanluis.com\/index.php\/wp-json\/wp\/v2\/comments?post=30710"}],"version-history":[{"count":1,"href":"https:\/\/apuntesdesanluis.com\/index.php\/wp-json\/wp\/v2\/posts\/30710\/revisions"}],"predecessor-version":[{"id":30712,"href":"https:\/\/apuntesdesanluis.com\/index.php\/wp-json\/wp\/v2\/posts\/30710\/revisions\/30712"}],"wp:featuredmedia":[{"embeddable":true,"href":"https:\/\/apuntesdesanluis.com\/index.php\/wp-json\/wp\/v2\/media\/30711"}],"wp:attachment":[{"href":"https:\/\/apuntesdesanluis.com\/index.php\/wp-json\/wp\/v2\/media?parent=30710"}],"wp:term":[{"taxonomy":"category","embeddable":true,"href":"https:\/\/apuntesdesanluis.com\/index.php\/wp-json\/wp\/v2\/categories?post=30710"},{"taxonomy":"post_tag","embeddable":true,"href":"https:\/\/apuntesdesanluis.com\/index.php\/wp-json\/wp\/v2\/tags?post=30710"}],"curies":[{"name":"wp","href":"https:\/\/api.w.org\/{rel}","templated":true}]}}