{"id":30719,"date":"2025-03-22T20:43:21","date_gmt":"2025-03-22T23:43:21","guid":{"rendered":"https:\/\/apuntesdesanluis.com\/?p=30719"},"modified":"2025-03-22T20:43:21","modified_gmt":"2025-03-22T23:43:21","slug":"tras-37-dias-de-internacion-se-confirmo-el-alta-del-papa-francisco","status":"publish","type":"post","link":"https:\/\/apuntesdesanluis.com\/index.php\/2025\/03\/22\/tras-37-dias-de-internacion-se-confirmo-el-alta-del-papa-francisco\/","title":{"rendered":"TRAS 37 DIAS DE INTERNACI\u00d3N, SE CONFIRM\u00d3 EL ALTA DEL PAPA FRANCISCO"},"content":{"rendered":"<h3>El pont\u00edfice regresar\u00e1 a su residencia en la Casa Santa Marta en el Vaticano, seg\u00fan anunci\u00f3 este s\u00e1bado el doctor Sergio Alfieri.<\/h3>\n<h3>Tras 37 dias de internaci\u00f3n en el Policl\u00ednico Gemelli de Roma por una infecci\u00f3n respiratoria, se confirm\u00f3 el alta del Papa Francisco de 88 a\u00f1os, el cual ser\u00e1 el domingo 23 de marzo.<\/h3>\n<h3>Luego de este acontecimiento, seg\u00fan el portal Vatican News, el Papa expres\u00f3 su alegr\u00eda por las oraciones de apoy\u00f3 tras un mensaje le\u00eddo este s\u00e1bado por la ma\u00f1ana a los peregrinos de la archidi\u00f3cesis de N\u00e1poles y de otras di\u00f3cesis italianas que acuden a la Bas\u00edlica de San Pedro con motivo del Jubileo.<\/h3>\n<h3>&#8220;En estos \u00faltimos d\u00edas, he sentido el apoyo de vuestra cercan\u00eda, especialmente a trav\u00e9s de las oraciones con las que me han acompa\u00f1ado. Por eso, aunque no pueda estar f\u00edsicamente presente entre ustedes, expreso mi gran alegr\u00eda al saber que est\u00e1n unidos a m\u00ed y entre ustedes como Iglesia en el Se\u00f1or Jes\u00fas&#8221;, detall\u00f3 el Papa.<\/h3>\n<h3>Por \u00faltimo, el Santo Padre los salud\u00f3 recordando que &#8220;la unidad que los re\u00fane como comunidad en torno a sus pastores y al Obispo de Roma&#8221; se expresa a trav\u00e9s de esta peregrinaci\u00f3n jubilar, as\u00ed como &#8220;el compromiso de acoger la invitaci\u00f3n de Jes\u00fas a entrar &#8216;por la puerta estrecha&#8217; (Mt 7,13)&#8221;. &#8220;El amor es as\u00ed: nos une y nos hace crecer juntos. Por eso, a pesar de vuestros caminos diferentes, lo que los ha tra\u00eddo aqu\u00ed juntos a la tumba de Pedro, podr\u00e1n salir a\u00fan m\u00e1s fuertes en la fe y m\u00e1s unidos en la caridad&#8221;.<\/h3>\n<p>&nbsp;<\/p>\n<p>&nbsp;<\/p>\n<p>&nbsp;<\/p>\n<h3><\/h3>\n<h3><\/h3>\n","protected":false},"excerpt":{"rendered":"<p>El pont\u00edfice regresar\u00e1 a su residencia en la Casa Santa Marta en el Vaticano, seg\u00fan&#8230;<\/p>\n","protected":false},"author":1,"featured_media":30720,"comment_status":"closed","ping_status":"closed","sticky":false,"template":"","format":"standard","meta":{"footnotes":""},"categories":[5],"tags":[],"class_list":["post-30719","post","type-post","status-publish","format-standard","has-post-thumbnail","hentry","category-nacionales-internacionales"],"yoast_head":"<!-- This site is optimized with the Yoast SEO plugin v26.1.1 - https:\/\/yoast.com\/wordpress\/plugins\/seo\/ -->\n<title>TRAS 37 DIAS DE INTERNACI\u00d3N, SE CONFIRM\u00d3 EL ALTA DEL PAPA FRANCISCO - Apuntes de San Luis<\/title>\n<meta name=\"robots\" content=\"index, follow, max-snippet:-1, max-image-preview:large, max-video-preview:-1\" \/>\n<link rel=\"canonical\" href=\"https:\/\/apuntesdesanluis.com\/index.php\/2025\/03\/22\/tras-37-dias-de-internacion-se-confirmo-el-alta-del-papa-francisco\/\" \/>\n<meta property=\"og:locale\" content=\"es_ES\" \/>\n<meta property=\"og:type\" content=\"article\" \/>\n<meta property=\"og:title\" content=\"TRAS 37 DIAS DE INTERNACI\u00d3N, SE CONFIRM\u00d3 EL ALTA DEL PAPA FRANCISCO - Apuntes de San Luis\" \/>\n<meta property=\"og:description\" content=\"El pont\u00edfice regresar\u00e1 a su residencia en la Casa Santa Marta en el Vaticano, seg\u00fan...\" \/>\n<meta property=\"og:url\" content=\"https:\/\/apuntesdesanluis.com\/index.php\/2025\/03\/22\/tras-37-dias-de-internacion-se-confirmo-el-alta-del-papa-francisco\/\" \/>\n<meta property=\"og:site_name\" content=\"Apuntes de San Luis\" \/>\n<meta property=\"article:published_time\" content=\"2025-03-22T23:43:21+00:00\" \/>\n<meta property=\"og:image\" content=\"https:\/\/apuntesdesanluis.com\/wp-content\/uploads\/2025\/03\/papa.png\" \/>\n\t<meta property=\"og:image:width\" content=\"696\" \/>\n\t<meta property=\"og:image:height\" content=\"440\" \/>\n\t<meta property=\"og:image:type\" content=\"image\/png\" \/>\n<meta name=\"author\" content=\"apuntesdesanluis.com\" \/>\n<meta name=\"twitter:card\" content=\"summary_large_image\" \/>\n<meta name=\"twitter:label1\" content=\"Escrito por\" \/>\n\t<meta name=\"twitter:data1\" content=\"apuntesdesanluis.com\" \/>\n\t<meta name=\"twitter:label2\" content=\"Tiempo de lectura\" \/>\n\t<meta name=\"twitter:data2\" content=\"2 minutos\" \/>\n<script type=\"application\/ld+json\" class=\"yoast-schema-graph\">{\"@context\":\"https:\/\/schema.org\",\"@graph\":[{\"@type\":\"Article\",\"@id\":\"https:\/\/apuntesdesanluis.com\/index.php\/2025\/03\/22\/tras-37-dias-de-internacion-se-confirmo-el-alta-del-papa-francisco\/#article\",\"isPartOf\":{\"@id\":\"https:\/\/apuntesdesanluis.com\/index.php\/2025\/03\/22\/tras-37-dias-de-internacion-se-confirmo-el-alta-del-papa-francisco\/\"},\"author\":{\"name\":\"apuntesdesanluis.com\",\"@id\":\"https:\/\/apuntesdesanluis.com\/#\/schema\/person\/b55151d52296fcce64d1a72538a70b90\"},\"headline\":\"TRAS 37 DIAS DE INTERNACI\u00d3N, SE CONFIRM\u00d3 EL ALTA DEL PAPA FRANCISCO\",\"datePublished\":\"2025-03-22T23:43:21+00:00\",\"mainEntityOfPage\":{\"@id\":\"https:\/\/apuntesdesanluis.com\/index.php\/2025\/03\/22\/tras-37-dias-de-internacion-se-confirmo-el-alta-del-papa-francisco\/\"},\"wordCount\":307,\"publisher\":{\"@id\":\"https:\/\/apuntesdesanluis.com\/#\/schema\/person\/b55151d52296fcce64d1a72538a70b90\"},\"image\":{\"@id\":\"https:\/\/apuntesdesanluis.com\/index.php\/2025\/03\/22\/tras-37-dias-de-internacion-se-confirmo-el-alta-del-papa-francisco\/#primaryimage\"},\"thumbnailUrl\":\"https:\/\/apuntesdesanluis.com\/wp-content\/uploads\/2025\/03\/papa.png\",\"articleSection\":[\"Nacionales\/Internacionales\"],\"inLanguage\":\"es-AR\"},{\"@type\":\"WebPage\",\"@id\":\"https:\/\/apuntesdesanluis.com\/index.php\/2025\/03\/22\/tras-37-dias-de-internacion-se-confirmo-el-alta-del-papa-francisco\/\",\"url\":\"https:\/\/apuntesdesanluis.com\/index.php\/2025\/03\/22\/tras-37-dias-de-internacion-se-confirmo-el-alta-del-papa-francisco\/\",\"name\":\"TRAS 37 DIAS DE INTERNACI\u00d3N, SE CONFIRM\u00d3 EL ALTA DEL PAPA FRANCISCO - Apuntes de San Luis\",\"isPartOf\":{\"@id\":\"https:\/\/apuntesdesanluis.com\/#website\"},\"primaryImageOfPage\":{\"@id\":\"https:\/\/apuntesdesanluis.com\/index.php\/2025\/03\/22\/tras-37-dias-de-internacion-se-confirmo-el-alta-del-papa-francisco\/#primaryimage\"},\"image\":{\"@id\":\"https:\/\/apuntesdesanluis.com\/index.php\/2025\/03\/22\/tras-37-dias-de-internacion-se-confirmo-el-alta-del-papa-francisco\/#primaryimage\"},\"thumbnailUrl\":\"https:\/\/apuntesdesanluis.com\/wp-content\/uploads\/2025\/03\/papa.png\",\"datePublished\":\"2025-03-22T23:43:21+00:00\",\"breadcrumb\":{\"@id\":\"https:\/\/apuntesdesanluis.com\/index.php\/2025\/03\/22\/tras-37-dias-de-internacion-se-confirmo-el-alta-del-papa-francisco\/#breadcrumb\"},\"inLanguage\":\"es-AR\",\"potentialAction\":[{\"@type\":\"ReadAction\",\"target\":[\"https:\/\/apuntesdesanluis.com\/index.php\/2025\/03\/22\/tras-37-dias-de-internacion-se-confirmo-el-alta-del-papa-francisco\/\"]}]},{\"@type\":\"ImageObject\",\"inLanguage\":\"es-AR\",\"@id\":\"https:\/\/apuntesdesanluis.com\/index.php\/2025\/03\/22\/tras-37-dias-de-internacion-se-confirmo-el-alta-del-papa-francisco\/#primaryimage\",\"url\":\"https:\/\/apuntesdesanluis.com\/wp-content\/uploads\/2025\/03\/papa.png\",\"contentUrl\":\"https:\/\/apuntesdesanluis.com\/wp-content\/uploads\/2025\/03\/papa.png\",\"width\":696,\"height\":440},{\"@type\":\"BreadcrumbList\",\"@id\":\"https:\/\/apuntesdesanluis.com\/index.php\/2025\/03\/22\/tras-37-dias-de-internacion-se-confirmo-el-alta-del-papa-francisco\/#breadcrumb\",\"itemListElement\":[{\"@type\":\"ListItem\",\"position\":1,\"name\":\"Inicio\",\"item\":\"https:\/\/apuntesdesanluis.com\/\"},{\"@type\":\"ListItem\",\"position\":2,\"name\":\"TRAS 37 DIAS DE INTERNACI\u00d3N, SE CONFIRM\u00d3 EL ALTA DEL PAPA FRANCISCO\"}]},{\"@type\":\"WebSite\",\"@id\":\"https:\/\/apuntesdesanluis.com\/#website\",\"url\":\"https:\/\/apuntesdesanluis.com\/\",\"name\":\"Apuntes de San Luis\",\"description\":\"\",\"publisher\":{\"@id\":\"https:\/\/apuntesdesanluis.com\/#\/schema\/person\/b55151d52296fcce64d1a72538a70b90\"},\"potentialAction\":[{\"@type\":\"SearchAction\",\"target\":{\"@type\":\"EntryPoint\",\"urlTemplate\":\"https:\/\/apuntesdesanluis.com\/?s={search_term_string}\"},\"query-input\":{\"@type\":\"PropertyValueSpecification\",\"valueRequired\":true,\"valueName\":\"search_term_string\"}}],\"inLanguage\":\"es-AR\"},{\"@type\":[\"Person\",\"Organization\"],\"@id\":\"https:\/\/apuntesdesanluis.com\/#\/schema\/person\/b55151d52296fcce64d1a72538a70b90\",\"name\":\"apuntesdesanluis.com\",\"image\":{\"@type\":\"ImageObject\",\"inLanguage\":\"es-AR\",\"@id\":\"https:\/\/apuntesdesanluis.com\/#\/schema\/person\/image\/\",\"url\":\"https:\/\/apuntesdesanluis.com\/wp-content\/uploads\/2023\/07\/cropped-apuntesdesanluis.png\",\"contentUrl\":\"https:\/\/apuntesdesanluis.com\/wp-content\/uploads\/2023\/07\/cropped-apuntesdesanluis.png\",\"width\":450,\"height\":112,\"caption\":\"apuntesdesanluis.com\"},\"logo\":{\"@id\":\"https:\/\/apuntesdesanluis.com\/#\/schema\/person\/image\/\"},\"sameAs\":[\"https:\/\/apuntesdesanluis.com\"],\"url\":\"https:\/\/apuntesdesanluis.com\/index.php\/author\/apuntesdesanluis-com\/\"}]}<\/script>\n<!-- \/ Yoast SEO plugin. -->","yoast_head_json":{"title":"TRAS 37 DIAS DE INTERNACI\u00d3N, SE CONFIRM\u00d3 EL ALTA DEL PAPA FRANCISCO - Apuntes de San Luis","robots":{"index":"index","follow":"follow","max-snippet":"max-snippet:-1","max-image-preview":"max-image-preview:large","max-video-preview":"max-video-preview:-1"},"canonical":"https:\/\/apuntesdesanluis.com\/index.php\/2025\/03\/22\/tras-37-dias-de-internacion-se-confirmo-el-alta-del-papa-francisco\/","og_locale":"es_ES","og_type":"article","og_title":"TRAS 37 DIAS DE INTERNACI\u00d3N, SE CONFIRM\u00d3 EL ALTA DEL PAPA FRANCISCO - Apuntes de San Luis","og_description":"El pont\u00edfice regresar\u00e1 a su residencia en la Casa Santa Marta en el Vaticano, seg\u00fan...","og_url":"https:\/\/apuntesdesanluis.com\/index.php\/2025\/03\/22\/tras-37-dias-de-internacion-se-confirmo-el-alta-del-papa-francisco\/","og_site_name":"Apuntes de San Luis","article_published_time":"2025-03-22T23:43:21+00:00","og_image":[{"width":696,"height":440,"url":"https:\/\/apuntesdesanluis.com\/wp-content\/uploads\/2025\/03\/papa.png","type":"image\/png"}],"author":"apuntesdesanluis.com","twitter_card":"summary_large_image","twitter_misc":{"Escrito por":"apuntesdesanluis.com","Tiempo de lectura":"2 minutos"},"schema":{"@context":"https:\/\/schema.org","@graph":[{"@type":"Article","@id":"https:\/\/apuntesdesanluis.com\/index.php\/2025\/03\/22\/tras-37-dias-de-internacion-se-confirmo-el-alta-del-papa-francisco\/#article","isPartOf":{"@id":"https:\/\/apuntesdesanluis.com\/index.php\/2025\/03\/22\/tras-37-dias-de-internacion-se-confirmo-el-alta-del-papa-francisco\/"},"author":{"name":"apuntesdesanluis.com","@id":"https:\/\/apuntesdesanluis.com\/#\/schema\/person\/b55151d52296fcce64d1a72538a70b90"},"headline":"TRAS 37 DIAS DE INTERNACI\u00d3N, SE CONFIRM\u00d3 EL ALTA DEL PAPA FRANCISCO","datePublished":"2025-03-22T23:43:21+00:00","mainEntityOfPage":{"@id":"https:\/\/apuntesdesanluis.com\/index.php\/2025\/03\/22\/tras-37-dias-de-internacion-se-confirmo-el-alta-del-papa-francisco\/"},"wordCount":307,"publisher":{"@id":"https:\/\/apuntesdesanluis.com\/#\/schema\/person\/b55151d52296fcce64d1a72538a70b90"},"image":{"@id":"https:\/\/apuntesdesanluis.com\/index.php\/2025\/03\/22\/tras-37-dias-de-internacion-se-confirmo-el-alta-del-papa-francisco\/#primaryimage"},"thumbnailUrl":"https:\/\/apuntesdesanluis.com\/wp-content\/uploads\/2025\/03\/papa.png","articleSection":["Nacionales\/Internacionales"],"inLanguage":"es-AR"},{"@type":"WebPage","@id":"https:\/\/apuntesdesanluis.com\/index.php\/2025\/03\/22\/tras-37-dias-de-internacion-se-confirmo-el-alta-del-papa-francisco\/","url":"https:\/\/apuntesdesanluis.com\/index.php\/2025\/03\/22\/tras-37-dias-de-internacion-se-confirmo-el-alta-del-papa-francisco\/","name":"TRAS 37 DIAS DE INTERNACI\u00d3N, SE CONFIRM\u00d3 EL ALTA DEL PAPA FRANCISCO - Apuntes de San Luis","isPartOf":{"@id":"https:\/\/apuntesdesanluis.com\/#website"},"primaryImageOfPage":{"@id":"https:\/\/apuntesdesanluis.com\/index.php\/2025\/03\/22\/tras-37-dias-de-internacion-se-confirmo-el-alta-del-papa-francisco\/#primaryimage"},"image":{"@id":"https:\/\/apuntesdesanluis.com\/index.php\/2025\/03\/22\/tras-37-dias-de-internacion-se-confirmo-el-alta-del-papa-francisco\/#primaryimage"},"thumbnailUrl":"https:\/\/apuntesdesanluis.com\/wp-content\/uploads\/2025\/03\/papa.png","datePublished":"2025-03-22T23:43:21+00:00","breadcrumb":{"@id":"https:\/\/apuntesdesanluis.com\/index.php\/2025\/03\/22\/tras-37-dias-de-internacion-se-confirmo-el-alta-del-papa-francisco\/#breadcrumb"},"inLanguage":"es-AR","potentialAction":[{"@type":"ReadAction","target":["https:\/\/apuntesdesanluis.com\/index.php\/2025\/03\/22\/tras-37-dias-de-internacion-se-confirmo-el-alta-del-papa-francisco\/"]}]},{"@type":"ImageObject","inLanguage":"es-AR","@id":"https:\/\/apuntesdesanluis.com\/index.php\/2025\/03\/22\/tras-37-dias-de-internacion-se-confirmo-el-alta-del-papa-francisco\/#primaryimage","url":"https:\/\/apuntesdesanluis.com\/wp-content\/uploads\/2025\/03\/papa.png","contentUrl":"https:\/\/apuntesdesanluis.com\/wp-content\/uploads\/2025\/03\/papa.png","width":696,"height":440},{"@type":"BreadcrumbList","@id":"https:\/\/apuntesdesanluis.com\/index.php\/2025\/03\/22\/tras-37-dias-de-internacion-se-confirmo-el-alta-del-papa-francisco\/#breadcrumb","itemListElement":[{"@type":"ListItem","position":1,"name":"Inicio","item":"https:\/\/apuntesdesanluis.com\/"},{"@type":"ListItem","position":2,"name":"TRAS 37 DIAS DE INTERNACI\u00d3N, SE CONFIRM\u00d3 EL ALTA DEL PAPA FRANCISCO"}]},{"@type":"WebSite","@id":"https:\/\/apuntesdesanluis.com\/#website","url":"https:\/\/apuntesdesanluis.com\/","name":"Apuntes de San Luis","description":"","publisher":{"@id":"https:\/\/apuntesdesanluis.com\/#\/schema\/person\/b55151d52296fcce64d1a72538a70b90"},"potentialAction":[{"@type":"SearchAction","target":{"@type":"EntryPoint","urlTemplate":"https:\/\/apuntesdesanluis.com\/?s={search_term_string}"},"query-input":{"@type":"PropertyValueSpecification","valueRequired":true,"valueName":"search_term_string"}}],"inLanguage":"es-AR"},{"@type":["Person","Organization"],"@id":"https:\/\/apuntesdesanluis.com\/#\/schema\/person\/b55151d52296fcce64d1a72538a70b90","name":"apuntesdesanluis.com","image":{"@type":"ImageObject","inLanguage":"es-AR","@id":"https:\/\/apuntesdesanluis.com\/#\/schema\/person\/image\/","url":"https:\/\/apuntesdesanluis.com\/wp-content\/uploads\/2023\/07\/cropped-apuntesdesanluis.png","contentUrl":"https:\/\/apuntesdesanluis.com\/wp-content\/uploads\/2023\/07\/cropped-apuntesdesanluis.png","width":450,"height":112,"caption":"apuntesdesanluis.com"},"logo":{"@id":"https:\/\/apuntesdesanluis.com\/#\/schema\/person\/image\/"},"sameAs":["https:\/\/apuntesdesanluis.com"],"url":"https:\/\/apuntesdesanluis.com\/index.php\/author\/apuntesdesanluis-com\/"}]}},"featured_image_urls":{"full":["https:\/\/apuntesdesanluis.com\/wp-content\/uploads\/2025\/03\/papa.png",696,440,false],"thumbnail":["https:\/\/apuntesdesanluis.com\/wp-content\/uploads\/2025\/03\/papa-150x150.png",150,150,true],"medium":["https:\/\/apuntesdesanluis.com\/wp-content\/uploads\/2025\/03\/papa-300x190.png",300,190,true],"medium_large":["https:\/\/apuntesdesanluis.com\/wp-content\/uploads\/2025\/03\/papa.png",640,405,false],"large":["https:\/\/apuntesdesanluis.com\/wp-content\/uploads\/2025\/03\/papa.png",640,405,false],"1536x1536":["https:\/\/apuntesdesanluis.com\/wp-content\/uploads\/2025\/03\/papa.png",696,440,false],"2048x2048":["https:\/\/apuntesdesanluis.com\/wp-content\/uploads\/2025\/03\/papa.png",696,440,false],"newsever-slider-full":["https:\/\/apuntesdesanluis.com\/wp-content\/uploads\/2025\/03\/papa.png",696,440,false],"newsever-featured":["https:\/\/apuntesdesanluis.com\/wp-content\/uploads\/2025\/03\/papa.png",696,440,false],"newsever-medium":["https:\/\/apuntesdesanluis.com\/wp-content\/uploads\/2025\/03\/papa.png",696,440,false]},"author_info":{"display_name":"apuntesdesanluis.com","author_link":"https:\/\/apuntesdesanluis.com\/index.php\/author\/apuntesdesanluis-com\/"},"category_info":"<a href=\"https:\/\/apuntesdesanluis.com\/index.php\/category\/nacionales-internacionales\/\" rel=\"category tag\">Nacionales\/Internacionales<\/a>","tag_info":"Nacionales\/Internacionales","comment_count":"0","_links":{"self":[{"href":"https:\/\/apuntesdesanluis.com\/index.php\/wp-json\/wp\/v2\/posts\/30719","targetHints":{"allow":["GET"]}}],"collection":[{"href":"https:\/\/apuntesdesanluis.com\/index.php\/wp-json\/wp\/v2\/posts"}],"about":[{"href":"https:\/\/apuntesdesanluis.com\/index.php\/wp-json\/wp\/v2\/types\/post"}],"author":[{"embeddable":true,"href":"https:\/\/apuntesdesanluis.com\/index.php\/wp-json\/wp\/v2\/users\/1"}],"replies":[{"embeddable":true,"href":"https:\/\/apuntesdesanluis.com\/index.php\/wp-json\/wp\/v2\/comments?post=30719"}],"version-history":[{"count":1,"href":"https:\/\/apuntesdesanluis.com\/index.php\/wp-json\/wp\/v2\/posts\/30719\/revisions"}],"predecessor-version":[{"id":30721,"href":"https:\/\/apuntesdesanluis.com\/index.php\/wp-json\/wp\/v2\/posts\/30719\/revisions\/30721"}],"wp:featuredmedia":[{"embeddable":true,"href":"https:\/\/apuntesdesanluis.com\/index.php\/wp-json\/wp\/v2\/media\/30720"}],"wp:attachment":[{"href":"https:\/\/apuntesdesanluis.com\/index.php\/wp-json\/wp\/v2\/media?parent=30719"}],"wp:term":[{"taxonomy":"category","embeddable":true,"href":"https:\/\/apuntesdesanluis.com\/index.php\/wp-json\/wp\/v2\/categories?post=30719"},{"taxonomy":"post_tag","embeddable":true,"href":"https:\/\/apuntesdesanluis.com\/index.php\/wp-json\/wp\/v2\/tags?post=30719"}],"curies":[{"name":"wp","href":"https:\/\/api.w.org\/{rel}","templated":true}]}}