{"id":30728,"date":"2025-03-22T21:25:45","date_gmt":"2025-03-23T00:25:45","guid":{"rendered":"https:\/\/apuntesdesanluis.com\/?p=30728"},"modified":"2025-03-22T21:29:09","modified_gmt":"2025-03-23T00:29:09","slug":"polemica-frase-del-principal-asesor-economico-de-milei-el-problema-de-argentina-son-los-argentinos","status":"publish","type":"post","link":"https:\/\/apuntesdesanluis.com\/index.php\/2025\/03\/22\/polemica-frase-del-principal-asesor-economico-de-milei-el-problema-de-argentina-son-los-argentinos\/","title":{"rendered":"POL\u00c9MICA FRASE DEL PRINCIPAL ASESOR ECON\u00d3MICO DE MILEI: \u201cEL PROBLEMA DE ARGENTINA SON LOS ARGENTINOS&#8221;"},"content":{"rendered":"<h3><strong>Demian Reidel<\/strong>, jefe del Consejo de Asesores Econ\u00f3micos del presidente Javier Milei, asegur\u00f3 que \u201cel \u00fanico problema de Argentina es que est\u00e1 llena de argentinos\u201d, en un foro con empresarios, petroleros y fondos de inversi\u00f3n, donde prometi\u00f3 seguridad jur\u00eddica para facilitar negocios con el pa\u00eds.<\/h3>\n<h3>Reidel particip\u00f3 del <strong>Latam Forum<\/strong>, organizado por el <strong>Foro Econ\u00f3mico Internacional de las Am\u00e9ricas<\/strong>, en el hotel Four Seasons de Buenos Aires. All\u00ed, exalt\u00f3 las condiciones geogr\u00e1ficas y energ\u00e9ticas de Argentina como ventajas para instalar centros de datos vinculados a inteligencia artificial, pero lament\u00f3: \u201cObviamente, el problema es que estas \u00e1reas est\u00e1n pobladas de argentinos. As\u00ed que esta es una de las cosas que hemos arreglado\u201d.<\/h3>\n<div style=\"width: 640px;\" class=\"wp-video\"><!--[if lt IE 9]><script>document.createElement('video');<\/script><![endif]-->\n<video class=\"wp-video-shortcode\" id=\"video-30728-1\" width=\"640\" height=\"356\" preload=\"metadata\" controls=\"controls\"><source type=\"video\/mp4\" src=\"https:\/\/apuntesdesanluis.com\/wp-content\/uploads\/2025\/03\/Demian-Reidel.mp4?_=1\" \/><a href=\"https:\/\/apuntesdesanluis.com\/wp-content\/uploads\/2025\/03\/Demian-Reidel.mp4\">https:\/\/apuntesdesanluis.com\/wp-content\/uploads\/2025\/03\/Demian-Reidel.mp4<\/a><\/video><\/div>\n<h3>\u201cEstamos estabilizando la macro, d\u00e1ndoles el marco legal para explicarles que esta vez estamos abiertos a los negocios\u201d, asegur\u00f3 el funcionario, quien afirm\u00f3 que el Gobierno busca posicionar a Argentina como un polo global de desarrollo de inteligencia artificial.<\/h3>\n<h3>Reidel, ex ejecutivo de JP Morgan y Goldman Sachs, es hoy una de las voces m\u00e1s influyentes del c\u00edrculo \u00edntimo del presidente. Designado en diciembre de 2024, su propuesta econ\u00f3mica gira en torno a atraer inversiones extranjeras, especialmente en sectores tecnol\u00f3gicos, mientras enfrenta cr\u00edticas por el contraste con el contexto social interno: inflaci\u00f3n interanual del 276,4%, m\u00e1s de la mitad de la poblaci\u00f3n en la pobreza y una econom\u00eda en recesi\u00f3n.<\/h3>\n<h3>Ante las cr\u00edticas, Reidel justific\u00f3 la visi\u00f3n presidencial con una frase provocadora: \u201cEs la t\u00edpica: vos us\u00e1s IA y La Matanza no tiene qu\u00e9 comer. S\u00ed, pero esto viene igual. No es una cosa o la otra\u201d.<\/h3>\n<h3>En defensa de los numerosos viajes internacionales de Milei \u2014que en seis meses pas\u00f3 38 d\u00edas fuera del pa\u00eds\u2014, Reidel los compar\u00f3 con una estrategia de marketing: \u201cLa gente tendr\u00eda que agradecer. Pone a Argentina de nuevo en el mapa\u201d.<\/h3>\n<h3>El economista defini\u00f3 al Presidente como una figura \u201ccarism\u00e1tica\u201d que capt\u00f3 el inter\u00e9s de l\u00edderes como Elon Musk: \u201cNo se invierte \u2018dos mil palos\u2019 en media hora. Este inter\u00e9s es bueno para el pa\u00eds. No es por sacarse fotos\u201d.<\/h3>\n<p>&nbsp;<\/p>\n<p>&nbsp;<\/p>\n<p>&nbsp;<\/p>\n<h3><\/h3>\n<h3><\/h3>\n<p>&nbsp;<\/p>\n","protected":false},"excerpt":{"rendered":"<p>Demian Reidel, jefe del Consejo de Asesores Econ\u00f3micos del presidente Javier Milei, asegur\u00f3 que \u201cel&#8230;<\/p>\n","protected":false},"author":1,"featured_media":30729,"comment_status":"closed","ping_status":"closed","sticky":false,"template":"","format":"standard","meta":{"footnotes":""},"categories":[5],"tags":[],"class_list":["post-30728","post","type-post","status-publish","format-standard","has-post-thumbnail","hentry","category-nacionales-internacionales"],"yoast_head":"<!-- This site is optimized with the Yoast SEO plugin v26.1.1 - https:\/\/yoast.com\/wordpress\/plugins\/seo\/ -->\n<title>POL\u00c9MICA FRASE DEL PRINCIPAL ASESOR ECON\u00d3MICO DE MILEI: \u201cEL PROBLEMA DE ARGENTINA SON LOS ARGENTINOS&quot; - Apuntes de San Luis<\/title>\n<meta name=\"robots\" content=\"index, follow, max-snippet:-1, max-image-preview:large, max-video-preview:-1\" \/>\n<link rel=\"canonical\" href=\"https:\/\/apuntesdesanluis.com\/index.php\/2025\/03\/22\/polemica-frase-del-principal-asesor-economico-de-milei-el-problema-de-argentina-son-los-argentinos\/\" \/>\n<meta property=\"og:locale\" content=\"es_ES\" \/>\n<meta property=\"og:type\" content=\"article\" \/>\n<meta property=\"og:title\" content=\"POL\u00c9MICA FRASE DEL PRINCIPAL ASESOR ECON\u00d3MICO DE MILEI: \u201cEL PROBLEMA DE ARGENTINA SON LOS ARGENTINOS&quot; - Apuntes de San Luis\" \/>\n<meta property=\"og:description\" content=\"Demian Reidel, jefe del Consejo de Asesores Econ\u00f3micos del presidente Javier Milei, asegur\u00f3 que \u201cel...\" \/>\n<meta property=\"og:url\" content=\"https:\/\/apuntesdesanluis.com\/index.php\/2025\/03\/22\/polemica-frase-del-principal-asesor-economico-de-milei-el-problema-de-argentina-son-los-argentinos\/\" \/>\n<meta property=\"og:site_name\" content=\"Apuntes de San Luis\" \/>\n<meta property=\"article:published_time\" content=\"2025-03-23T00:25:45+00:00\" \/>\n<meta property=\"article:modified_time\" content=\"2025-03-23T00:29:09+00:00\" \/>\n<meta property=\"og:image\" content=\"https:\/\/apuntesdesanluis.com\/wp-content\/uploads\/2025\/03\/damian-reidel-con-milei.png\" \/>\n\t<meta property=\"og:image:width\" content=\"756\" \/>\n\t<meta property=\"og:image:height\" content=\"519\" \/>\n\t<meta property=\"og:image:type\" content=\"image\/png\" \/>\n<meta name=\"author\" content=\"apuntesdesanluis.com\" \/>\n<meta name=\"twitter:card\" content=\"summary_large_image\" \/>\n<meta name=\"twitter:label1\" content=\"Escrito por\" \/>\n\t<meta name=\"twitter:data1\" content=\"apuntesdesanluis.com\" \/>\n\t<meta name=\"twitter:label2\" content=\"Tiempo de lectura\" \/>\n\t<meta name=\"twitter:data2\" content=\"2 minutos\" \/>\n<script type=\"application\/ld+json\" class=\"yoast-schema-graph\">{\"@context\":\"https:\/\/schema.org\",\"@graph\":[{\"@type\":\"Article\",\"@id\":\"https:\/\/apuntesdesanluis.com\/index.php\/2025\/03\/22\/polemica-frase-del-principal-asesor-economico-de-milei-el-problema-de-argentina-son-los-argentinos\/#article\",\"isPartOf\":{\"@id\":\"https:\/\/apuntesdesanluis.com\/index.php\/2025\/03\/22\/polemica-frase-del-principal-asesor-economico-de-milei-el-problema-de-argentina-son-los-argentinos\/\"},\"author\":{\"name\":\"apuntesdesanluis.com\",\"@id\":\"https:\/\/apuntesdesanluis.com\/#\/schema\/person\/b55151d52296fcce64d1a72538a70b90\"},\"headline\":\"POL\u00c9MICA FRASE DEL PRINCIPAL ASESOR ECON\u00d3MICO DE MILEI: \u201cEL PROBLEMA DE ARGENTINA SON LOS ARGENTINOS&#8221;\",\"datePublished\":\"2025-03-23T00:25:45+00:00\",\"dateModified\":\"2025-03-23T00:29:09+00:00\",\"mainEntityOfPage\":{\"@id\":\"https:\/\/apuntesdesanluis.com\/index.php\/2025\/03\/22\/polemica-frase-del-principal-asesor-economico-de-milei-el-problema-de-argentina-son-los-argentinos\/\"},\"wordCount\":399,\"publisher\":{\"@id\":\"https:\/\/apuntesdesanluis.com\/#\/schema\/person\/b55151d52296fcce64d1a72538a70b90\"},\"image\":{\"@id\":\"https:\/\/apuntesdesanluis.com\/index.php\/2025\/03\/22\/polemica-frase-del-principal-asesor-economico-de-milei-el-problema-de-argentina-son-los-argentinos\/#primaryimage\"},\"thumbnailUrl\":\"https:\/\/apuntesdesanluis.com\/wp-content\/uploads\/2025\/03\/damian-reidel-con-milei.png\",\"articleSection\":[\"Nacionales\/Internacionales\"],\"inLanguage\":\"es-AR\"},{\"@type\":\"WebPage\",\"@id\":\"https:\/\/apuntesdesanluis.com\/index.php\/2025\/03\/22\/polemica-frase-del-principal-asesor-economico-de-milei-el-problema-de-argentina-son-los-argentinos\/\",\"url\":\"https:\/\/apuntesdesanluis.com\/index.php\/2025\/03\/22\/polemica-frase-del-principal-asesor-economico-de-milei-el-problema-de-argentina-son-los-argentinos\/\",\"name\":\"POL\u00c9MICA FRASE DEL PRINCIPAL ASESOR ECON\u00d3MICO DE MILEI: \u201cEL PROBLEMA DE ARGENTINA SON LOS ARGENTINOS\\\" - Apuntes de San Luis\",\"isPartOf\":{\"@id\":\"https:\/\/apuntesdesanluis.com\/#website\"},\"primaryImageOfPage\":{\"@id\":\"https:\/\/apuntesdesanluis.com\/index.php\/2025\/03\/22\/polemica-frase-del-principal-asesor-economico-de-milei-el-problema-de-argentina-son-los-argentinos\/#primaryimage\"},\"image\":{\"@id\":\"https:\/\/apuntesdesanluis.com\/index.php\/2025\/03\/22\/polemica-frase-del-principal-asesor-economico-de-milei-el-problema-de-argentina-son-los-argentinos\/#primaryimage\"},\"thumbnailUrl\":\"https:\/\/apuntesdesanluis.com\/wp-content\/uploads\/2025\/03\/damian-reidel-con-milei.png\",\"datePublished\":\"2025-03-23T00:25:45+00:00\",\"dateModified\":\"2025-03-23T00:29:09+00:00\",\"breadcrumb\":{\"@id\":\"https:\/\/apuntesdesanluis.com\/index.php\/2025\/03\/22\/polemica-frase-del-principal-asesor-economico-de-milei-el-problema-de-argentina-son-los-argentinos\/#breadcrumb\"},\"inLanguage\":\"es-AR\",\"potentialAction\":[{\"@type\":\"ReadAction\",\"target\":[\"https:\/\/apuntesdesanluis.com\/index.php\/2025\/03\/22\/polemica-frase-del-principal-asesor-economico-de-milei-el-problema-de-argentina-son-los-argentinos\/\"]}]},{\"@type\":\"ImageObject\",\"inLanguage\":\"es-AR\",\"@id\":\"https:\/\/apuntesdesanluis.com\/index.php\/2025\/03\/22\/polemica-frase-del-principal-asesor-economico-de-milei-el-problema-de-argentina-son-los-argentinos\/#primaryimage\",\"url\":\"https:\/\/apuntesdesanluis.com\/wp-content\/uploads\/2025\/03\/damian-reidel-con-milei.png\",\"contentUrl\":\"https:\/\/apuntesdesanluis.com\/wp-content\/uploads\/2025\/03\/damian-reidel-con-milei.png\",\"width\":756,\"height\":519},{\"@type\":\"BreadcrumbList\",\"@id\":\"https:\/\/apuntesdesanluis.com\/index.php\/2025\/03\/22\/polemica-frase-del-principal-asesor-economico-de-milei-el-problema-de-argentina-son-los-argentinos\/#breadcrumb\",\"itemListElement\":[{\"@type\":\"ListItem\",\"position\":1,\"name\":\"Inicio\",\"item\":\"https:\/\/apuntesdesanluis.com\/\"},{\"@type\":\"ListItem\",\"position\":2,\"name\":\"POL\u00c9MICA FRASE DEL PRINCIPAL ASESOR ECON\u00d3MICO DE MILEI: \u201cEL PROBLEMA DE ARGENTINA SON LOS ARGENTINOS&#8221;\"}]},{\"@type\":\"WebSite\",\"@id\":\"https:\/\/apuntesdesanluis.com\/#website\",\"url\":\"https:\/\/apuntesdesanluis.com\/\",\"name\":\"Apuntes de San Luis\",\"description\":\"\",\"publisher\":{\"@id\":\"https:\/\/apuntesdesanluis.com\/#\/schema\/person\/b55151d52296fcce64d1a72538a70b90\"},\"potentialAction\":[{\"@type\":\"SearchAction\",\"target\":{\"@type\":\"EntryPoint\",\"urlTemplate\":\"https:\/\/apuntesdesanluis.com\/?s={search_term_string}\"},\"query-input\":{\"@type\":\"PropertyValueSpecification\",\"valueRequired\":true,\"valueName\":\"search_term_string\"}}],\"inLanguage\":\"es-AR\"},{\"@type\":[\"Person\",\"Organization\"],\"@id\":\"https:\/\/apuntesdesanluis.com\/#\/schema\/person\/b55151d52296fcce64d1a72538a70b90\",\"name\":\"apuntesdesanluis.com\",\"image\":{\"@type\":\"ImageObject\",\"inLanguage\":\"es-AR\",\"@id\":\"https:\/\/apuntesdesanluis.com\/#\/schema\/person\/image\/\",\"url\":\"https:\/\/apuntesdesanluis.com\/wp-content\/uploads\/2023\/07\/cropped-apuntesdesanluis.png\",\"contentUrl\":\"https:\/\/apuntesdesanluis.com\/wp-content\/uploads\/2023\/07\/cropped-apuntesdesanluis.png\",\"width\":450,\"height\":112,\"caption\":\"apuntesdesanluis.com\"},\"logo\":{\"@id\":\"https:\/\/apuntesdesanluis.com\/#\/schema\/person\/image\/\"},\"sameAs\":[\"https:\/\/apuntesdesanluis.com\"],\"url\":\"https:\/\/apuntesdesanluis.com\/index.php\/author\/apuntesdesanluis-com\/\"}]}<\/script>\n<!-- \/ Yoast SEO plugin. -->","yoast_head_json":{"title":"POL\u00c9MICA FRASE DEL PRINCIPAL ASESOR ECON\u00d3MICO DE MILEI: \u201cEL PROBLEMA DE ARGENTINA SON LOS ARGENTINOS\" - Apuntes de San Luis","robots":{"index":"index","follow":"follow","max-snippet":"max-snippet:-1","max-image-preview":"max-image-preview:large","max-video-preview":"max-video-preview:-1"},"canonical":"https:\/\/apuntesdesanluis.com\/index.php\/2025\/03\/22\/polemica-frase-del-principal-asesor-economico-de-milei-el-problema-de-argentina-son-los-argentinos\/","og_locale":"es_ES","og_type":"article","og_title":"POL\u00c9MICA FRASE DEL PRINCIPAL ASESOR ECON\u00d3MICO DE MILEI: \u201cEL PROBLEMA DE ARGENTINA SON LOS ARGENTINOS\" - Apuntes de San Luis","og_description":"Demian Reidel, jefe del Consejo de Asesores Econ\u00f3micos del presidente Javier Milei, asegur\u00f3 que \u201cel...","og_url":"https:\/\/apuntesdesanluis.com\/index.php\/2025\/03\/22\/polemica-frase-del-principal-asesor-economico-de-milei-el-problema-de-argentina-son-los-argentinos\/","og_site_name":"Apuntes de San Luis","article_published_time":"2025-03-23T00:25:45+00:00","article_modified_time":"2025-03-23T00:29:09+00:00","og_image":[{"width":756,"height":519,"url":"https:\/\/apuntesdesanluis.com\/wp-content\/uploads\/2025\/03\/damian-reidel-con-milei.png","type":"image\/png"}],"author":"apuntesdesanluis.com","twitter_card":"summary_large_image","twitter_misc":{"Escrito por":"apuntesdesanluis.com","Tiempo de lectura":"2 minutos"},"schema":{"@context":"https:\/\/schema.org","@graph":[{"@type":"Article","@id":"https:\/\/apuntesdesanluis.com\/index.php\/2025\/03\/22\/polemica-frase-del-principal-asesor-economico-de-milei-el-problema-de-argentina-son-los-argentinos\/#article","isPartOf":{"@id":"https:\/\/apuntesdesanluis.com\/index.php\/2025\/03\/22\/polemica-frase-del-principal-asesor-economico-de-milei-el-problema-de-argentina-son-los-argentinos\/"},"author":{"name":"apuntesdesanluis.com","@id":"https:\/\/apuntesdesanluis.com\/#\/schema\/person\/b55151d52296fcce64d1a72538a70b90"},"headline":"POL\u00c9MICA FRASE DEL PRINCIPAL ASESOR ECON\u00d3MICO DE MILEI: \u201cEL PROBLEMA DE ARGENTINA SON LOS ARGENTINOS&#8221;","datePublished":"2025-03-23T00:25:45+00:00","dateModified":"2025-03-23T00:29:09+00:00","mainEntityOfPage":{"@id":"https:\/\/apuntesdesanluis.com\/index.php\/2025\/03\/22\/polemica-frase-del-principal-asesor-economico-de-milei-el-problema-de-argentina-son-los-argentinos\/"},"wordCount":399,"publisher":{"@id":"https:\/\/apuntesdesanluis.com\/#\/schema\/person\/b55151d52296fcce64d1a72538a70b90"},"image":{"@id":"https:\/\/apuntesdesanluis.com\/index.php\/2025\/03\/22\/polemica-frase-del-principal-asesor-economico-de-milei-el-problema-de-argentina-son-los-argentinos\/#primaryimage"},"thumbnailUrl":"https:\/\/apuntesdesanluis.com\/wp-content\/uploads\/2025\/03\/damian-reidel-con-milei.png","articleSection":["Nacionales\/Internacionales"],"inLanguage":"es-AR"},{"@type":"WebPage","@id":"https:\/\/apuntesdesanluis.com\/index.php\/2025\/03\/22\/polemica-frase-del-principal-asesor-economico-de-milei-el-problema-de-argentina-son-los-argentinos\/","url":"https:\/\/apuntesdesanluis.com\/index.php\/2025\/03\/22\/polemica-frase-del-principal-asesor-economico-de-milei-el-problema-de-argentina-son-los-argentinos\/","name":"POL\u00c9MICA FRASE DEL PRINCIPAL ASESOR ECON\u00d3MICO DE MILEI: \u201cEL PROBLEMA DE ARGENTINA SON LOS ARGENTINOS\" - Apuntes de San Luis","isPartOf":{"@id":"https:\/\/apuntesdesanluis.com\/#website"},"primaryImageOfPage":{"@id":"https:\/\/apuntesdesanluis.com\/index.php\/2025\/03\/22\/polemica-frase-del-principal-asesor-economico-de-milei-el-problema-de-argentina-son-los-argentinos\/#primaryimage"},"image":{"@id":"https:\/\/apuntesdesanluis.com\/index.php\/2025\/03\/22\/polemica-frase-del-principal-asesor-economico-de-milei-el-problema-de-argentina-son-los-argentinos\/#primaryimage"},"thumbnailUrl":"https:\/\/apuntesdesanluis.com\/wp-content\/uploads\/2025\/03\/damian-reidel-con-milei.png","datePublished":"2025-03-23T00:25:45+00:00","dateModified":"2025-03-23T00:29:09+00:00","breadcrumb":{"@id":"https:\/\/apuntesdesanluis.com\/index.php\/2025\/03\/22\/polemica-frase-del-principal-asesor-economico-de-milei-el-problema-de-argentina-son-los-argentinos\/#breadcrumb"},"inLanguage":"es-AR","potentialAction":[{"@type":"ReadAction","target":["https:\/\/apuntesdesanluis.com\/index.php\/2025\/03\/22\/polemica-frase-del-principal-asesor-economico-de-milei-el-problema-de-argentina-son-los-argentinos\/"]}]},{"@type":"ImageObject","inLanguage":"es-AR","@id":"https:\/\/apuntesdesanluis.com\/index.php\/2025\/03\/22\/polemica-frase-del-principal-asesor-economico-de-milei-el-problema-de-argentina-son-los-argentinos\/#primaryimage","url":"https:\/\/apuntesdesanluis.com\/wp-content\/uploads\/2025\/03\/damian-reidel-con-milei.png","contentUrl":"https:\/\/apuntesdesanluis.com\/wp-content\/uploads\/2025\/03\/damian-reidel-con-milei.png","width":756,"height":519},{"@type":"BreadcrumbList","@id":"https:\/\/apuntesdesanluis.com\/index.php\/2025\/03\/22\/polemica-frase-del-principal-asesor-economico-de-milei-el-problema-de-argentina-son-los-argentinos\/#breadcrumb","itemListElement":[{"@type":"ListItem","position":1,"name":"Inicio","item":"https:\/\/apuntesdesanluis.com\/"},{"@type":"ListItem","position":2,"name":"POL\u00c9MICA FRASE DEL PRINCIPAL ASESOR ECON\u00d3MICO DE MILEI: \u201cEL PROBLEMA DE ARGENTINA SON LOS ARGENTINOS&#8221;"}]},{"@type":"WebSite","@id":"https:\/\/apuntesdesanluis.com\/#website","url":"https:\/\/apuntesdesanluis.com\/","name":"Apuntes de San Luis","description":"","publisher":{"@id":"https:\/\/apuntesdesanluis.com\/#\/schema\/person\/b55151d52296fcce64d1a72538a70b90"},"potentialAction":[{"@type":"SearchAction","target":{"@type":"EntryPoint","urlTemplate":"https:\/\/apuntesdesanluis.com\/?s={search_term_string}"},"query-input":{"@type":"PropertyValueSpecification","valueRequired":true,"valueName":"search_term_string"}}],"inLanguage":"es-AR"},{"@type":["Person","Organization"],"@id":"https:\/\/apuntesdesanluis.com\/#\/schema\/person\/b55151d52296fcce64d1a72538a70b90","name":"apuntesdesanluis.com","image":{"@type":"ImageObject","inLanguage":"es-AR","@id":"https:\/\/apuntesdesanluis.com\/#\/schema\/person\/image\/","url":"https:\/\/apuntesdesanluis.com\/wp-content\/uploads\/2023\/07\/cropped-apuntesdesanluis.png","contentUrl":"https:\/\/apuntesdesanluis.com\/wp-content\/uploads\/2023\/07\/cropped-apuntesdesanluis.png","width":450,"height":112,"caption":"apuntesdesanluis.com"},"logo":{"@id":"https:\/\/apuntesdesanluis.com\/#\/schema\/person\/image\/"},"sameAs":["https:\/\/apuntesdesanluis.com"],"url":"https:\/\/apuntesdesanluis.com\/index.php\/author\/apuntesdesanluis-com\/"}]}},"featured_image_urls":{"full":["https:\/\/apuntesdesanluis.com\/wp-content\/uploads\/2025\/03\/damian-reidel-con-milei.png",756,519,false],"thumbnail":["https:\/\/apuntesdesanluis.com\/wp-content\/uploads\/2025\/03\/damian-reidel-con-milei-150x150.png",150,150,true],"medium":["https:\/\/apuntesdesanluis.com\/wp-content\/uploads\/2025\/03\/damian-reidel-con-milei-300x206.png",300,206,true],"medium_large":["https:\/\/apuntesdesanluis.com\/wp-content\/uploads\/2025\/03\/damian-reidel-con-milei.png",640,439,false],"large":["https:\/\/apuntesdesanluis.com\/wp-content\/uploads\/2025\/03\/damian-reidel-con-milei.png",640,439,false],"1536x1536":["https:\/\/apuntesdesanluis.com\/wp-content\/uploads\/2025\/03\/damian-reidel-con-milei.png",756,519,false],"2048x2048":["https:\/\/apuntesdesanluis.com\/wp-content\/uploads\/2025\/03\/damian-reidel-con-milei.png",756,519,false],"newsever-slider-full":["https:\/\/apuntesdesanluis.com\/wp-content\/uploads\/2025\/03\/damian-reidel-con-milei.png",756,519,false],"newsever-featured":["https:\/\/apuntesdesanluis.com\/wp-content\/uploads\/2025\/03\/damian-reidel-con-milei.png",756,519,false],"newsever-medium":["https:\/\/apuntesdesanluis.com\/wp-content\/uploads\/2025\/03\/damian-reidel-con-milei-720x475.png",720,475,true]},"author_info":{"display_name":"apuntesdesanluis.com","author_link":"https:\/\/apuntesdesanluis.com\/index.php\/author\/apuntesdesanluis-com\/"},"category_info":"<a href=\"https:\/\/apuntesdesanluis.com\/index.php\/category\/nacionales-internacionales\/\" rel=\"category tag\">Nacionales\/Internacionales<\/a>","tag_info":"Nacionales\/Internacionales","comment_count":"0","_links":{"self":[{"href":"https:\/\/apuntesdesanluis.com\/index.php\/wp-json\/wp\/v2\/posts\/30728","targetHints":{"allow":["GET"]}}],"collection":[{"href":"https:\/\/apuntesdesanluis.com\/index.php\/wp-json\/wp\/v2\/posts"}],"about":[{"href":"https:\/\/apuntesdesanluis.com\/index.php\/wp-json\/wp\/v2\/types\/post"}],"author":[{"embeddable":true,"href":"https:\/\/apuntesdesanluis.com\/index.php\/wp-json\/wp\/v2\/users\/1"}],"replies":[{"embeddable":true,"href":"https:\/\/apuntesdesanluis.com\/index.php\/wp-json\/wp\/v2\/comments?post=30728"}],"version-history":[{"count":1,"href":"https:\/\/apuntesdesanluis.com\/index.php\/wp-json\/wp\/v2\/posts\/30728\/revisions"}],"predecessor-version":[{"id":30731,"href":"https:\/\/apuntesdesanluis.com\/index.php\/wp-json\/wp\/v2\/posts\/30728\/revisions\/30731"}],"wp:featuredmedia":[{"embeddable":true,"href":"https:\/\/apuntesdesanluis.com\/index.php\/wp-json\/wp\/v2\/media\/30729"}],"wp:attachment":[{"href":"https:\/\/apuntesdesanluis.com\/index.php\/wp-json\/wp\/v2\/media?parent=30728"}],"wp:term":[{"taxonomy":"category","embeddable":true,"href":"https:\/\/apuntesdesanluis.com\/index.php\/wp-json\/wp\/v2\/categories?post=30728"},{"taxonomy":"post_tag","embeddable":true,"href":"https:\/\/apuntesdesanluis.com\/index.php\/wp-json\/wp\/v2\/tags?post=30728"}],"curies":[{"name":"wp","href":"https:\/\/api.w.org\/{rel}","templated":true}]}}