{"id":30732,"date":"2025-03-23T19:31:33","date_gmt":"2025-03-23T22:31:33","guid":{"rendered":"https:\/\/apuntesdesanluis.com\/?p=30732"},"modified":"2025-03-23T19:31:33","modified_gmt":"2025-03-23T22:31:33","slug":"en-el-pj-renovacion-al-reves-sosa-araujo-encabeza-en-pueyrredon-y-juvein-quiroga-en-pedernera","status":"publish","type":"post","link":"https:\/\/apuntesdesanluis.com\/index.php\/2025\/03\/23\/en-el-pj-renovacion-al-reves-sosa-araujo-encabeza-en-pueyrredon-y-juvein-quiroga-en-pedernera\/","title":{"rendered":"EN EL PJ, RENOVACI\u00d3N AL REV\u00c9S: SOSA ARAUJO ENCABEZA EN PUEYRRED\u00d3N Y JUVE\u00cdN QUIROGA EN PEDERNERA"},"content":{"rendered":"<h3>Como se preve\u00eda, la actual legisladora opositora se postula para la reelecci\u00f3n, en tanto que el hist\u00f3rico dirigente villamercedino ser\u00e1 candidato a senador provincial.<\/h3>\n<h3>Aunque algunos pensaban que el justicialismo podr\u00eda impulsar algunos \u201ctapados\u201d para comenzar el trasvasamiento generacional, <strong>Alberto Rodr\u00edguez Sa\u00e1<\/strong> hizo todo lo contrario: resolvi\u00f3 recostarse en dirigentes de amplia trayectoria, cuya principal virtud es la lealtad.<\/h3>\n<h3>La n\u00f3mina de diputados provinciales del PJ la encabeza <strong>Silvia Sosa Araujo<\/strong>, acompa\u00f1ada por el ex jefe de polic\u00eda <strong>Jos\u00e9 Dar\u00edo Neira<\/strong> y la doctora <strong>Mar\u00eda Jos\u00e9 Zangl\u00e1<\/strong>.<\/h3>\n<h3>La ex ministra de Educaci\u00f3n <strong>Mar\u00eda Eugenia Cantaolube<\/strong> se presenta como candidata a intendenta de J<strong>uana Koslay<\/strong>.<\/h3>\n<h3>En el otro distrito de mayor pero electoral, Pedernera, la boleta opositora la lidera el dirigente <strong>Juve\u00edn Quiroga<\/strong> como candidato a senador, acompa\u00f1ado por la vice intendenta de Juan Jorba, <strong>Sonia Pansa<\/strong>.<\/h3>\n<h3><a href=\"https:\/\/apuntesdesanluis.com\/wp-content\/uploads\/2025\/03\/Candidatos-Frente-Justicialista-.pdf\" target=\"_blank\" rel=\"noopener\"><span style=\"color: #3366ff;\"><strong>LISTA COMPLETA<\/strong><\/span><\/a><\/h3>\n<p>&nbsp;<\/p>\n<p>&nbsp;<\/p>\n<p>&nbsp;<\/p>\n","protected":false},"excerpt":{"rendered":"<p>Como se preve\u00eda, la actual legisladora opositora se postula para la reelecci\u00f3n, en tanto que&#8230;<\/p>\n","protected":false},"author":1,"featured_media":30737,"comment_status":"closed","ping_status":"closed","sticky":false,"template":"","format":"standard","meta":{"footnotes":""},"categories":[6],"tags":[],"class_list":["post-30732","post","type-post","status-publish","format-standard","has-post-thumbnail","hentry","category-ciudad-provincia"],"yoast_head":"<!-- This site is optimized with the Yoast SEO plugin v26.1.1 - https:\/\/yoast.com\/wordpress\/plugins\/seo\/ -->\n<title>EN EL PJ, RENOVACI\u00d3N AL REV\u00c9S: SOSA ARAUJO ENCABEZA EN PUEYRRED\u00d3N Y JUVE\u00cdN QUIROGA EN PEDERNERA - Apuntes de San Luis<\/title>\n<meta name=\"robots\" content=\"index, follow, max-snippet:-1, max-image-preview:large, max-video-preview:-1\" \/>\n<link rel=\"canonical\" href=\"https:\/\/apuntesdesanluis.com\/index.php\/2025\/03\/23\/en-el-pj-renovacion-al-reves-sosa-araujo-encabeza-en-pueyrredon-y-juvein-quiroga-en-pedernera\/\" \/>\n<meta property=\"og:locale\" content=\"es_ES\" \/>\n<meta property=\"og:type\" content=\"article\" \/>\n<meta property=\"og:title\" content=\"EN EL PJ, RENOVACI\u00d3N AL REV\u00c9S: SOSA ARAUJO ENCABEZA EN PUEYRRED\u00d3N Y JUVE\u00cdN QUIROGA EN PEDERNERA - Apuntes de San Luis\" \/>\n<meta property=\"og:description\" content=\"Como se preve\u00eda, la actual legisladora opositora se postula para la reelecci\u00f3n, en tanto que...\" \/>\n<meta property=\"og:url\" content=\"https:\/\/apuntesdesanluis.com\/index.php\/2025\/03\/23\/en-el-pj-renovacion-al-reves-sosa-araujo-encabeza-en-pueyrredon-y-juvein-quiroga-en-pedernera\/\" \/>\n<meta property=\"og:site_name\" content=\"Apuntes de San Luis\" \/>\n<meta property=\"article:published_time\" content=\"2025-03-23T22:31:33+00:00\" \/>\n<meta property=\"og:image\" content=\"https:\/\/apuntesdesanluis.com\/wp-content\/uploads\/2025\/03\/SOSA-ARAUJO-JUVEIN-QUIROGA.png\" \/>\n\t<meta property=\"og:image:width\" content=\"569\" \/>\n\t<meta property=\"og:image:height\" content=\"334\" \/>\n\t<meta property=\"og:image:type\" content=\"image\/png\" \/>\n<meta name=\"author\" content=\"apuntesdesanluis.com\" \/>\n<meta name=\"twitter:card\" content=\"summary_large_image\" \/>\n<meta name=\"twitter:label1\" content=\"Escrito por\" \/>\n\t<meta name=\"twitter:data1\" content=\"apuntesdesanluis.com\" \/>\n\t<meta name=\"twitter:label2\" content=\"Tiempo de lectura\" \/>\n\t<meta name=\"twitter:data2\" content=\"1 minuto\" \/>\n<script type=\"application\/ld+json\" class=\"yoast-schema-graph\">{\"@context\":\"https:\/\/schema.org\",\"@graph\":[{\"@type\":\"Article\",\"@id\":\"https:\/\/apuntesdesanluis.com\/index.php\/2025\/03\/23\/en-el-pj-renovacion-al-reves-sosa-araujo-encabeza-en-pueyrredon-y-juvein-quiroga-en-pedernera\/#article\",\"isPartOf\":{\"@id\":\"https:\/\/apuntesdesanluis.com\/index.php\/2025\/03\/23\/en-el-pj-renovacion-al-reves-sosa-araujo-encabeza-en-pueyrredon-y-juvein-quiroga-en-pedernera\/\"},\"author\":{\"name\":\"apuntesdesanluis.com\",\"@id\":\"https:\/\/apuntesdesanluis.com\/#\/schema\/person\/b55151d52296fcce64d1a72538a70b90\"},\"headline\":\"EN EL PJ, RENOVACI\u00d3N AL REV\u00c9S: SOSA ARAUJO ENCABEZA EN PUEYRRED\u00d3N Y JUVE\u00cdN QUIROGA EN PEDERNERA\",\"datePublished\":\"2025-03-23T22:31:33+00:00\",\"mainEntityOfPage\":{\"@id\":\"https:\/\/apuntesdesanluis.com\/index.php\/2025\/03\/23\/en-el-pj-renovacion-al-reves-sosa-araujo-encabeza-en-pueyrredon-y-juvein-quiroga-en-pedernera\/\"},\"wordCount\":175,\"publisher\":{\"@id\":\"https:\/\/apuntesdesanluis.com\/#\/schema\/person\/b55151d52296fcce64d1a72538a70b90\"},\"image\":{\"@id\":\"https:\/\/apuntesdesanluis.com\/index.php\/2025\/03\/23\/en-el-pj-renovacion-al-reves-sosa-araujo-encabeza-en-pueyrredon-y-juvein-quiroga-en-pedernera\/#primaryimage\"},\"thumbnailUrl\":\"https:\/\/apuntesdesanluis.com\/wp-content\/uploads\/2025\/03\/SOSA-ARAUJO-JUVEIN-QUIROGA.png\",\"articleSection\":[\"Ciudad\/Provincia\"],\"inLanguage\":\"es-AR\"},{\"@type\":\"WebPage\",\"@id\":\"https:\/\/apuntesdesanluis.com\/index.php\/2025\/03\/23\/en-el-pj-renovacion-al-reves-sosa-araujo-encabeza-en-pueyrredon-y-juvein-quiroga-en-pedernera\/\",\"url\":\"https:\/\/apuntesdesanluis.com\/index.php\/2025\/03\/23\/en-el-pj-renovacion-al-reves-sosa-araujo-encabeza-en-pueyrredon-y-juvein-quiroga-en-pedernera\/\",\"name\":\"EN EL PJ, RENOVACI\u00d3N AL REV\u00c9S: SOSA ARAUJO ENCABEZA EN PUEYRRED\u00d3N Y JUVE\u00cdN QUIROGA EN PEDERNERA - Apuntes de San Luis\",\"isPartOf\":{\"@id\":\"https:\/\/apuntesdesanluis.com\/#website\"},\"primaryImageOfPage\":{\"@id\":\"https:\/\/apuntesdesanluis.com\/index.php\/2025\/03\/23\/en-el-pj-renovacion-al-reves-sosa-araujo-encabeza-en-pueyrredon-y-juvein-quiroga-en-pedernera\/#primaryimage\"},\"image\":{\"@id\":\"https:\/\/apuntesdesanluis.com\/index.php\/2025\/03\/23\/en-el-pj-renovacion-al-reves-sosa-araujo-encabeza-en-pueyrredon-y-juvein-quiroga-en-pedernera\/#primaryimage\"},\"thumbnailUrl\":\"https:\/\/apuntesdesanluis.com\/wp-content\/uploads\/2025\/03\/SOSA-ARAUJO-JUVEIN-QUIROGA.png\",\"datePublished\":\"2025-03-23T22:31:33+00:00\",\"breadcrumb\":{\"@id\":\"https:\/\/apuntesdesanluis.com\/index.php\/2025\/03\/23\/en-el-pj-renovacion-al-reves-sosa-araujo-encabeza-en-pueyrredon-y-juvein-quiroga-en-pedernera\/#breadcrumb\"},\"inLanguage\":\"es-AR\",\"potentialAction\":[{\"@type\":\"ReadAction\",\"target\":[\"https:\/\/apuntesdesanluis.com\/index.php\/2025\/03\/23\/en-el-pj-renovacion-al-reves-sosa-araujo-encabeza-en-pueyrredon-y-juvein-quiroga-en-pedernera\/\"]}]},{\"@type\":\"ImageObject\",\"inLanguage\":\"es-AR\",\"@id\":\"https:\/\/apuntesdesanluis.com\/index.php\/2025\/03\/23\/en-el-pj-renovacion-al-reves-sosa-araujo-encabeza-en-pueyrredon-y-juvein-quiroga-en-pedernera\/#primaryimage\",\"url\":\"https:\/\/apuntesdesanluis.com\/wp-content\/uploads\/2025\/03\/SOSA-ARAUJO-JUVEIN-QUIROGA.png\",\"contentUrl\":\"https:\/\/apuntesdesanluis.com\/wp-content\/uploads\/2025\/03\/SOSA-ARAUJO-JUVEIN-QUIROGA.png\",\"width\":569,\"height\":334},{\"@type\":\"BreadcrumbList\",\"@id\":\"https:\/\/apuntesdesanluis.com\/index.php\/2025\/03\/23\/en-el-pj-renovacion-al-reves-sosa-araujo-encabeza-en-pueyrredon-y-juvein-quiroga-en-pedernera\/#breadcrumb\",\"itemListElement\":[{\"@type\":\"ListItem\",\"position\":1,\"name\":\"Inicio\",\"item\":\"https:\/\/apuntesdesanluis.com\/\"},{\"@type\":\"ListItem\",\"position\":2,\"name\":\"EN EL PJ, RENOVACI\u00d3N AL REV\u00c9S: SOSA ARAUJO ENCABEZA EN PUEYRRED\u00d3N Y JUVE\u00cdN QUIROGA EN PEDERNERA\"}]},{\"@type\":\"WebSite\",\"@id\":\"https:\/\/apuntesdesanluis.com\/#website\",\"url\":\"https:\/\/apuntesdesanluis.com\/\",\"name\":\"Apuntes de San Luis\",\"description\":\"\",\"publisher\":{\"@id\":\"https:\/\/apuntesdesanluis.com\/#\/schema\/person\/b55151d52296fcce64d1a72538a70b90\"},\"potentialAction\":[{\"@type\":\"SearchAction\",\"target\":{\"@type\":\"EntryPoint\",\"urlTemplate\":\"https:\/\/apuntesdesanluis.com\/?s={search_term_string}\"},\"query-input\":{\"@type\":\"PropertyValueSpecification\",\"valueRequired\":true,\"valueName\":\"search_term_string\"}}],\"inLanguage\":\"es-AR\"},{\"@type\":[\"Person\",\"Organization\"],\"@id\":\"https:\/\/apuntesdesanluis.com\/#\/schema\/person\/b55151d52296fcce64d1a72538a70b90\",\"name\":\"apuntesdesanluis.com\",\"image\":{\"@type\":\"ImageObject\",\"inLanguage\":\"es-AR\",\"@id\":\"https:\/\/apuntesdesanluis.com\/#\/schema\/person\/image\/\",\"url\":\"https:\/\/apuntesdesanluis.com\/wp-content\/uploads\/2023\/07\/cropped-apuntesdesanluis.png\",\"contentUrl\":\"https:\/\/apuntesdesanluis.com\/wp-content\/uploads\/2023\/07\/cropped-apuntesdesanluis.png\",\"width\":450,\"height\":112,\"caption\":\"apuntesdesanluis.com\"},\"logo\":{\"@id\":\"https:\/\/apuntesdesanluis.com\/#\/schema\/person\/image\/\"},\"sameAs\":[\"https:\/\/apuntesdesanluis.com\"],\"url\":\"https:\/\/apuntesdesanluis.com\/index.php\/author\/apuntesdesanluis-com\/\"}]}<\/script>\n<!-- \/ Yoast SEO plugin. -->","yoast_head_json":{"title":"EN EL PJ, RENOVACI\u00d3N AL REV\u00c9S: SOSA ARAUJO ENCABEZA EN PUEYRRED\u00d3N Y JUVE\u00cdN QUIROGA EN PEDERNERA - Apuntes de San Luis","robots":{"index":"index","follow":"follow","max-snippet":"max-snippet:-1","max-image-preview":"max-image-preview:large","max-video-preview":"max-video-preview:-1"},"canonical":"https:\/\/apuntesdesanluis.com\/index.php\/2025\/03\/23\/en-el-pj-renovacion-al-reves-sosa-araujo-encabeza-en-pueyrredon-y-juvein-quiroga-en-pedernera\/","og_locale":"es_ES","og_type":"article","og_title":"EN EL PJ, RENOVACI\u00d3N AL REV\u00c9S: SOSA ARAUJO ENCABEZA EN PUEYRRED\u00d3N Y JUVE\u00cdN QUIROGA EN PEDERNERA - Apuntes de San Luis","og_description":"Como se preve\u00eda, la actual legisladora opositora se postula para la reelecci\u00f3n, en tanto que...","og_url":"https:\/\/apuntesdesanluis.com\/index.php\/2025\/03\/23\/en-el-pj-renovacion-al-reves-sosa-araujo-encabeza-en-pueyrredon-y-juvein-quiroga-en-pedernera\/","og_site_name":"Apuntes de San Luis","article_published_time":"2025-03-23T22:31:33+00:00","og_image":[{"width":569,"height":334,"url":"https:\/\/apuntesdesanluis.com\/wp-content\/uploads\/2025\/03\/SOSA-ARAUJO-JUVEIN-QUIROGA.png","type":"image\/png"}],"author":"apuntesdesanluis.com","twitter_card":"summary_large_image","twitter_misc":{"Escrito por":"apuntesdesanluis.com","Tiempo de lectura":"1 minuto"},"schema":{"@context":"https:\/\/schema.org","@graph":[{"@type":"Article","@id":"https:\/\/apuntesdesanluis.com\/index.php\/2025\/03\/23\/en-el-pj-renovacion-al-reves-sosa-araujo-encabeza-en-pueyrredon-y-juvein-quiroga-en-pedernera\/#article","isPartOf":{"@id":"https:\/\/apuntesdesanluis.com\/index.php\/2025\/03\/23\/en-el-pj-renovacion-al-reves-sosa-araujo-encabeza-en-pueyrredon-y-juvein-quiroga-en-pedernera\/"},"author":{"name":"apuntesdesanluis.com","@id":"https:\/\/apuntesdesanluis.com\/#\/schema\/person\/b55151d52296fcce64d1a72538a70b90"},"headline":"EN EL PJ, RENOVACI\u00d3N AL REV\u00c9S: SOSA ARAUJO ENCABEZA EN PUEYRRED\u00d3N Y JUVE\u00cdN QUIROGA EN PEDERNERA","datePublished":"2025-03-23T22:31:33+00:00","mainEntityOfPage":{"@id":"https:\/\/apuntesdesanluis.com\/index.php\/2025\/03\/23\/en-el-pj-renovacion-al-reves-sosa-araujo-encabeza-en-pueyrredon-y-juvein-quiroga-en-pedernera\/"},"wordCount":175,"publisher":{"@id":"https:\/\/apuntesdesanluis.com\/#\/schema\/person\/b55151d52296fcce64d1a72538a70b90"},"image":{"@id":"https:\/\/apuntesdesanluis.com\/index.php\/2025\/03\/23\/en-el-pj-renovacion-al-reves-sosa-araujo-encabeza-en-pueyrredon-y-juvein-quiroga-en-pedernera\/#primaryimage"},"thumbnailUrl":"https:\/\/apuntesdesanluis.com\/wp-content\/uploads\/2025\/03\/SOSA-ARAUJO-JUVEIN-QUIROGA.png","articleSection":["Ciudad\/Provincia"],"inLanguage":"es-AR"},{"@type":"WebPage","@id":"https:\/\/apuntesdesanluis.com\/index.php\/2025\/03\/23\/en-el-pj-renovacion-al-reves-sosa-araujo-encabeza-en-pueyrredon-y-juvein-quiroga-en-pedernera\/","url":"https:\/\/apuntesdesanluis.com\/index.php\/2025\/03\/23\/en-el-pj-renovacion-al-reves-sosa-araujo-encabeza-en-pueyrredon-y-juvein-quiroga-en-pedernera\/","name":"EN EL PJ, RENOVACI\u00d3N AL REV\u00c9S: SOSA ARAUJO ENCABEZA EN PUEYRRED\u00d3N Y JUVE\u00cdN QUIROGA EN PEDERNERA - Apuntes de San Luis","isPartOf":{"@id":"https:\/\/apuntesdesanluis.com\/#website"},"primaryImageOfPage":{"@id":"https:\/\/apuntesdesanluis.com\/index.php\/2025\/03\/23\/en-el-pj-renovacion-al-reves-sosa-araujo-encabeza-en-pueyrredon-y-juvein-quiroga-en-pedernera\/#primaryimage"},"image":{"@id":"https:\/\/apuntesdesanluis.com\/index.php\/2025\/03\/23\/en-el-pj-renovacion-al-reves-sosa-araujo-encabeza-en-pueyrredon-y-juvein-quiroga-en-pedernera\/#primaryimage"},"thumbnailUrl":"https:\/\/apuntesdesanluis.com\/wp-content\/uploads\/2025\/03\/SOSA-ARAUJO-JUVEIN-QUIROGA.png","datePublished":"2025-03-23T22:31:33+00:00","breadcrumb":{"@id":"https:\/\/apuntesdesanluis.com\/index.php\/2025\/03\/23\/en-el-pj-renovacion-al-reves-sosa-araujo-encabeza-en-pueyrredon-y-juvein-quiroga-en-pedernera\/#breadcrumb"},"inLanguage":"es-AR","potentialAction":[{"@type":"ReadAction","target":["https:\/\/apuntesdesanluis.com\/index.php\/2025\/03\/23\/en-el-pj-renovacion-al-reves-sosa-araujo-encabeza-en-pueyrredon-y-juvein-quiroga-en-pedernera\/"]}]},{"@type":"ImageObject","inLanguage":"es-AR","@id":"https:\/\/apuntesdesanluis.com\/index.php\/2025\/03\/23\/en-el-pj-renovacion-al-reves-sosa-araujo-encabeza-en-pueyrredon-y-juvein-quiroga-en-pedernera\/#primaryimage","url":"https:\/\/apuntesdesanluis.com\/wp-content\/uploads\/2025\/03\/SOSA-ARAUJO-JUVEIN-QUIROGA.png","contentUrl":"https:\/\/apuntesdesanluis.com\/wp-content\/uploads\/2025\/03\/SOSA-ARAUJO-JUVEIN-QUIROGA.png","width":569,"height":334},{"@type":"BreadcrumbList","@id":"https:\/\/apuntesdesanluis.com\/index.php\/2025\/03\/23\/en-el-pj-renovacion-al-reves-sosa-araujo-encabeza-en-pueyrredon-y-juvein-quiroga-en-pedernera\/#breadcrumb","itemListElement":[{"@type":"ListItem","position":1,"name":"Inicio","item":"https:\/\/apuntesdesanluis.com\/"},{"@type":"ListItem","position":2,"name":"EN EL PJ, RENOVACI\u00d3N AL REV\u00c9S: SOSA ARAUJO ENCABEZA EN PUEYRRED\u00d3N Y JUVE\u00cdN QUIROGA EN PEDERNERA"}]},{"@type":"WebSite","@id":"https:\/\/apuntesdesanluis.com\/#website","url":"https:\/\/apuntesdesanluis.com\/","name":"Apuntes de San Luis","description":"","publisher":{"@id":"https:\/\/apuntesdesanluis.com\/#\/schema\/person\/b55151d52296fcce64d1a72538a70b90"},"potentialAction":[{"@type":"SearchAction","target":{"@type":"EntryPoint","urlTemplate":"https:\/\/apuntesdesanluis.com\/?s={search_term_string}"},"query-input":{"@type":"PropertyValueSpecification","valueRequired":true,"valueName":"search_term_string"}}],"inLanguage":"es-AR"},{"@type":["Person","Organization"],"@id":"https:\/\/apuntesdesanluis.com\/#\/schema\/person\/b55151d52296fcce64d1a72538a70b90","name":"apuntesdesanluis.com","image":{"@type":"ImageObject","inLanguage":"es-AR","@id":"https:\/\/apuntesdesanluis.com\/#\/schema\/person\/image\/","url":"https:\/\/apuntesdesanluis.com\/wp-content\/uploads\/2023\/07\/cropped-apuntesdesanluis.png","contentUrl":"https:\/\/apuntesdesanluis.com\/wp-content\/uploads\/2023\/07\/cropped-apuntesdesanluis.png","width":450,"height":112,"caption":"apuntesdesanluis.com"},"logo":{"@id":"https:\/\/apuntesdesanluis.com\/#\/schema\/person\/image\/"},"sameAs":["https:\/\/apuntesdesanluis.com"],"url":"https:\/\/apuntesdesanluis.com\/index.php\/author\/apuntesdesanluis-com\/"}]}},"featured_image_urls":{"full":["https:\/\/apuntesdesanluis.com\/wp-content\/uploads\/2025\/03\/SOSA-ARAUJO-JUVEIN-QUIROGA.png",569,334,false],"thumbnail":["https:\/\/apuntesdesanluis.com\/wp-content\/uploads\/2025\/03\/SOSA-ARAUJO-JUVEIN-QUIROGA-150x150.png",150,150,true],"medium":["https:\/\/apuntesdesanluis.com\/wp-content\/uploads\/2025\/03\/SOSA-ARAUJO-JUVEIN-QUIROGA-300x176.png",300,176,true],"medium_large":["https:\/\/apuntesdesanluis.com\/wp-content\/uploads\/2025\/03\/SOSA-ARAUJO-JUVEIN-QUIROGA.png",569,334,false],"large":["https:\/\/apuntesdesanluis.com\/wp-content\/uploads\/2025\/03\/SOSA-ARAUJO-JUVEIN-QUIROGA.png",569,334,false],"1536x1536":["https:\/\/apuntesdesanluis.com\/wp-content\/uploads\/2025\/03\/SOSA-ARAUJO-JUVEIN-QUIROGA.png",569,334,false],"2048x2048":["https:\/\/apuntesdesanluis.com\/wp-content\/uploads\/2025\/03\/SOSA-ARAUJO-JUVEIN-QUIROGA.png",569,334,false],"newsever-slider-full":["https:\/\/apuntesdesanluis.com\/wp-content\/uploads\/2025\/03\/SOSA-ARAUJO-JUVEIN-QUIROGA.png",569,334,false],"newsever-featured":["https:\/\/apuntesdesanluis.com\/wp-content\/uploads\/2025\/03\/SOSA-ARAUJO-JUVEIN-QUIROGA.png",569,334,false],"newsever-medium":["https:\/\/apuntesdesanluis.com\/wp-content\/uploads\/2025\/03\/SOSA-ARAUJO-JUVEIN-QUIROGA.png",569,334,false]},"author_info":{"display_name":"apuntesdesanluis.com","author_link":"https:\/\/apuntesdesanluis.com\/index.php\/author\/apuntesdesanluis-com\/"},"category_info":"<a href=\"https:\/\/apuntesdesanluis.com\/index.php\/category\/ciudad-provincia\/\" rel=\"category tag\">Ciudad\/Provincia<\/a>","tag_info":"Ciudad\/Provincia","comment_count":"0","_links":{"self":[{"href":"https:\/\/apuntesdesanluis.com\/index.php\/wp-json\/wp\/v2\/posts\/30732","targetHints":{"allow":["GET"]}}],"collection":[{"href":"https:\/\/apuntesdesanluis.com\/index.php\/wp-json\/wp\/v2\/posts"}],"about":[{"href":"https:\/\/apuntesdesanluis.com\/index.php\/wp-json\/wp\/v2\/types\/post"}],"author":[{"embeddable":true,"href":"https:\/\/apuntesdesanluis.com\/index.php\/wp-json\/wp\/v2\/users\/1"}],"replies":[{"embeddable":true,"href":"https:\/\/apuntesdesanluis.com\/index.php\/wp-json\/wp\/v2\/comments?post=30732"}],"version-history":[{"count":3,"href":"https:\/\/apuntesdesanluis.com\/index.php\/wp-json\/wp\/v2\/posts\/30732\/revisions"}],"predecessor-version":[{"id":30738,"href":"https:\/\/apuntesdesanluis.com\/index.php\/wp-json\/wp\/v2\/posts\/30732\/revisions\/30738"}],"wp:featuredmedia":[{"embeddable":true,"href":"https:\/\/apuntesdesanluis.com\/index.php\/wp-json\/wp\/v2\/media\/30737"}],"wp:attachment":[{"href":"https:\/\/apuntesdesanluis.com\/index.php\/wp-json\/wp\/v2\/media?parent=30732"}],"wp:term":[{"taxonomy":"category","embeddable":true,"href":"https:\/\/apuntesdesanluis.com\/index.php\/wp-json\/wp\/v2\/categories?post=30732"},{"taxonomy":"post_tag","embeddable":true,"href":"https:\/\/apuntesdesanluis.com\/index.php\/wp-json\/wp\/v2\/tags?post=30732"}],"curies":[{"name":"wp","href":"https:\/\/api.w.org\/{rel}","templated":true}]}}