{"id":30739,"date":"2025-03-23T20:30:42","date_gmt":"2025-03-23T23:30:42","guid":{"rendered":"https:\/\/apuntesdesanluis.com\/?p=30739"},"modified":"2025-03-23T22:15:50","modified_gmt":"2025-03-24T01:15:50","slug":"toti-videla-encabeza-la-boleta-de-ahora-san-luis-en-capital-y-castro-luna-en-pedernera","status":"publish","type":"post","link":"https:\/\/apuntesdesanluis.com\/index.php\/2025\/03\/23\/toti-videla-encabeza-la-boleta-de-ahora-san-luis-en-capital-y-castro-luna-en-pedernera\/","title":{"rendered":"\u201cTOTI\u201d VIDELA ENCABEZA LA BOLETA DE \u201cAHORA SAN LUIS\u201d EN CAPITAL Y CASTRO LUNA EN PEDERNERA"},"content":{"rendered":"<h3>El intendente Jorge<strong> \u201cToti\u201d Videla<\/strong> tendr\u00e1 la responsabilidad de liderar la lista de candidatos a diputados provinciales del Departamento General Pueyrred\u00f3n, acompa\u00f1ado por la legisladora de Avanzar <strong>Eugenia Gallardo<\/strong> y el todav\u00eda rector de la UNSL, <strong>V\u00edctor Mori\u00f1igo<\/strong>.<\/h3>\n<h3>Los otros lugares expectables corresponden a <strong>Luciana Perano<\/strong> (Avanzar), <strong>Carlos \u201cCharly\u201d Pereyra<\/strong> (PRO) y <strong>Marisa Patafio<\/strong> (Avanzar).<\/h3>\n<h3>Por otro lado, en Pedernera va de candidato a la reelecci\u00f3n como senador el ing. <strong>Adolfo Castro Luna.<\/strong><\/h3>\n<p><img fetchpriority=\"high\" decoding=\"async\" class=\"wp-image-17353 aligncenter\" src=\"https:\/\/apuntesdesanluis.com\/wp-content\/uploads\/2024\/06\/ADOLFO-CASTRO-LUNA-300x273.png\" alt=\"\" width=\"562\" height=\"511\" srcset=\"https:\/\/apuntesdesanluis.com\/wp-content\/uploads\/2024\/06\/ADOLFO-CASTRO-LUNA-300x273.png 300w, https:\/\/apuntesdesanluis.com\/wp-content\/uploads\/2024\/06\/ADOLFO-CASTRO-LUNA.png 561w\" sizes=\"(max-width: 562px) 100vw, 562px\" \/><\/p>\n<h3>Se confirm\u00f3 que en la lista de candidatos a concejales de Villa Mercedes los primeros tres pertenecen al sector del intendente Maximiliano Frontera (MUP): <strong>Fernando Revello, Luc\u00eda \u201cPicky\u201d Lacerca<\/strong> y <strong>Juan Pablo Godoy<\/strong>. En el cuarto lugar buscar\u00e1 su reelecci\u00f3n <strong>Cecilia Lucero<\/strong> (Avanzar).<\/h3>\n<h3>El oficialismo tambi\u00e9n cumpli\u00f3 con compromisos asumidos en la C\u00e1mara Alta con referentes \u201cprestados\u201d del PJ: les otorg\u00f3 la candidatura a la reelecci\u00f3n a los senadores <strong>Diego Garc\u00eda<\/strong> (Ayacucho) y <strong>Juan Carlos Garc\u00eda<\/strong> (Belgrano). Y en Diputados, al actual presidente del cuerpo, <strong>Ram\u00f3n Leyes<\/strong> (Belgrano).<\/h3>\n<h3>Por otro lado, \u201cincorpor\u00f3\u201d a la alianza a la intendenta de Naschel, <strong>Valeria Khun<\/strong>, que va por su reelecci\u00f3n.<\/h3>\n<h3>En Dupuy encabezar\u00e1 la n\u00f3mina de candidatos a diputados el intendente de Uni\u00f3n, <strong>Marcos Esp\u00f3sito<\/strong>, de muy buena gesti\u00f3n e imagen en el sur de la provincia.<\/h3>\n<h3><a href=\"https:\/\/apuntesdesanluis.com\/wp-content\/uploads\/2025\/03\/Ahora-San-Luis-ReporteDeCandidatos.pdf\" target=\"_blank\" rel=\"noopener\"><span style=\"color: #3366ff;\"><strong>LISTA COMPLETA<\/strong><\/span><\/a><\/h3>\n<p>&nbsp;<\/p>\n<p>&nbsp;<\/p>\n<p>&nbsp;<\/p>\n<p>&nbsp;<\/p>\n<p>&nbsp;<\/p>\n<p>&nbsp;<\/p>\n","protected":false},"excerpt":{"rendered":"<p>El intendente Jorge \u201cToti\u201d Videla tendr\u00e1 la responsabilidad de liderar la lista de candidatos a&#8230;<\/p>\n","protected":false},"author":1,"featured_media":30743,"comment_status":"closed","ping_status":"closed","sticky":false,"template":"","format":"standard","meta":{"footnotes":""},"categories":[6],"tags":[],"class_list":["post-30739","post","type-post","status-publish","format-standard","has-post-thumbnail","hentry","category-ciudad-provincia"],"yoast_head":"<!-- This site is optimized with the Yoast SEO plugin v26.1.1 - https:\/\/yoast.com\/wordpress\/plugins\/seo\/ -->\n<title>\u201cTOTI\u201d VIDELA ENCABEZA LA BOLETA DE \u201cAHORA SAN LUIS\u201d EN CAPITAL Y CASTRO LUNA EN PEDERNERA - Apuntes de San Luis<\/title>\n<meta name=\"robots\" content=\"index, follow, max-snippet:-1, max-image-preview:large, max-video-preview:-1\" \/>\n<link rel=\"canonical\" href=\"https:\/\/apuntesdesanluis.com\/index.php\/2025\/03\/23\/toti-videla-encabeza-la-boleta-de-ahora-san-luis-en-capital-y-castro-luna-en-pedernera\/\" \/>\n<meta property=\"og:locale\" content=\"es_ES\" \/>\n<meta property=\"og:type\" content=\"article\" \/>\n<meta property=\"og:title\" content=\"\u201cTOTI\u201d VIDELA ENCABEZA LA BOLETA DE \u201cAHORA SAN LUIS\u201d EN CAPITAL Y CASTRO LUNA EN PEDERNERA - Apuntes de San Luis\" \/>\n<meta property=\"og:description\" content=\"El intendente Jorge \u201cToti\u201d Videla tendr\u00e1 la responsabilidad de liderar la lista de candidatos a...\" \/>\n<meta property=\"og:url\" content=\"https:\/\/apuntesdesanluis.com\/index.php\/2025\/03\/23\/toti-videla-encabeza-la-boleta-de-ahora-san-luis-en-capital-y-castro-luna-en-pedernera\/\" \/>\n<meta property=\"og:site_name\" content=\"Apuntes de San Luis\" \/>\n<meta property=\"article:published_time\" content=\"2025-03-23T23:30:42+00:00\" \/>\n<meta property=\"article:modified_time\" content=\"2025-03-24T01:15:50+00:00\" \/>\n<meta property=\"og:image\" content=\"https:\/\/apuntesdesanluis.com\/wp-content\/uploads\/2025\/03\/candidatos-a-diputados-de-san-luis.png\" \/>\n\t<meta property=\"og:image:width\" content=\"916\" \/>\n\t<meta property=\"og:image:height\" content=\"407\" \/>\n\t<meta property=\"og:image:type\" content=\"image\/png\" \/>\n<meta name=\"author\" content=\"apuntesdesanluis.com\" \/>\n<meta name=\"twitter:card\" content=\"summary_large_image\" \/>\n<meta name=\"twitter:label1\" content=\"Escrito por\" \/>\n\t<meta name=\"twitter:data1\" content=\"apuntesdesanluis.com\" \/>\n\t<meta name=\"twitter:label2\" content=\"Tiempo de lectura\" \/>\n\t<meta name=\"twitter:data2\" content=\"2 minutos\" \/>\n<script type=\"application\/ld+json\" class=\"yoast-schema-graph\">{\"@context\":\"https:\/\/schema.org\",\"@graph\":[{\"@type\":\"Article\",\"@id\":\"https:\/\/apuntesdesanluis.com\/index.php\/2025\/03\/23\/toti-videla-encabeza-la-boleta-de-ahora-san-luis-en-capital-y-castro-luna-en-pedernera\/#article\",\"isPartOf\":{\"@id\":\"https:\/\/apuntesdesanluis.com\/index.php\/2025\/03\/23\/toti-videla-encabeza-la-boleta-de-ahora-san-luis-en-capital-y-castro-luna-en-pedernera\/\"},\"author\":{\"name\":\"apuntesdesanluis.com\",\"@id\":\"https:\/\/apuntesdesanluis.com\/#\/schema\/person\/b55151d52296fcce64d1a72538a70b90\"},\"headline\":\"\u201cTOTI\u201d VIDELA ENCABEZA LA BOLETA DE \u201cAHORA SAN LUIS\u201d EN CAPITAL Y CASTRO LUNA EN PEDERNERA\",\"datePublished\":\"2025-03-23T23:30:42+00:00\",\"dateModified\":\"2025-03-24T01:15:50+00:00\",\"mainEntityOfPage\":{\"@id\":\"https:\/\/apuntesdesanluis.com\/index.php\/2025\/03\/23\/toti-videla-encabeza-la-boleta-de-ahora-san-luis-en-capital-y-castro-luna-en-pedernera\/\"},\"wordCount\":250,\"publisher\":{\"@id\":\"https:\/\/apuntesdesanluis.com\/#\/schema\/person\/b55151d52296fcce64d1a72538a70b90\"},\"image\":{\"@id\":\"https:\/\/apuntesdesanluis.com\/index.php\/2025\/03\/23\/toti-videla-encabeza-la-boleta-de-ahora-san-luis-en-capital-y-castro-luna-en-pedernera\/#primaryimage\"},\"thumbnailUrl\":\"https:\/\/apuntesdesanluis.com\/wp-content\/uploads\/2025\/03\/candidatos-a-diputados-de-san-luis.png\",\"articleSection\":[\"Ciudad\/Provincia\"],\"inLanguage\":\"es-AR\"},{\"@type\":\"WebPage\",\"@id\":\"https:\/\/apuntesdesanluis.com\/index.php\/2025\/03\/23\/toti-videla-encabeza-la-boleta-de-ahora-san-luis-en-capital-y-castro-luna-en-pedernera\/\",\"url\":\"https:\/\/apuntesdesanluis.com\/index.php\/2025\/03\/23\/toti-videla-encabeza-la-boleta-de-ahora-san-luis-en-capital-y-castro-luna-en-pedernera\/\",\"name\":\"\u201cTOTI\u201d VIDELA ENCABEZA LA BOLETA DE \u201cAHORA SAN LUIS\u201d EN CAPITAL Y CASTRO LUNA EN PEDERNERA - Apuntes de San Luis\",\"isPartOf\":{\"@id\":\"https:\/\/apuntesdesanluis.com\/#website\"},\"primaryImageOfPage\":{\"@id\":\"https:\/\/apuntesdesanluis.com\/index.php\/2025\/03\/23\/toti-videla-encabeza-la-boleta-de-ahora-san-luis-en-capital-y-castro-luna-en-pedernera\/#primaryimage\"},\"image\":{\"@id\":\"https:\/\/apuntesdesanluis.com\/index.php\/2025\/03\/23\/toti-videla-encabeza-la-boleta-de-ahora-san-luis-en-capital-y-castro-luna-en-pedernera\/#primaryimage\"},\"thumbnailUrl\":\"https:\/\/apuntesdesanluis.com\/wp-content\/uploads\/2025\/03\/candidatos-a-diputados-de-san-luis.png\",\"datePublished\":\"2025-03-23T23:30:42+00:00\",\"dateModified\":\"2025-03-24T01:15:50+00:00\",\"breadcrumb\":{\"@id\":\"https:\/\/apuntesdesanluis.com\/index.php\/2025\/03\/23\/toti-videla-encabeza-la-boleta-de-ahora-san-luis-en-capital-y-castro-luna-en-pedernera\/#breadcrumb\"},\"inLanguage\":\"es-AR\",\"potentialAction\":[{\"@type\":\"ReadAction\",\"target\":[\"https:\/\/apuntesdesanluis.com\/index.php\/2025\/03\/23\/toti-videla-encabeza-la-boleta-de-ahora-san-luis-en-capital-y-castro-luna-en-pedernera\/\"]}]},{\"@type\":\"ImageObject\",\"inLanguage\":\"es-AR\",\"@id\":\"https:\/\/apuntesdesanluis.com\/index.php\/2025\/03\/23\/toti-videla-encabeza-la-boleta-de-ahora-san-luis-en-capital-y-castro-luna-en-pedernera\/#primaryimage\",\"url\":\"https:\/\/apuntesdesanluis.com\/wp-content\/uploads\/2025\/03\/candidatos-a-diputados-de-san-luis.png\",\"contentUrl\":\"https:\/\/apuntesdesanluis.com\/wp-content\/uploads\/2025\/03\/candidatos-a-diputados-de-san-luis.png\",\"width\":916,\"height\":407},{\"@type\":\"BreadcrumbList\",\"@id\":\"https:\/\/apuntesdesanluis.com\/index.php\/2025\/03\/23\/toti-videla-encabeza-la-boleta-de-ahora-san-luis-en-capital-y-castro-luna-en-pedernera\/#breadcrumb\",\"itemListElement\":[{\"@type\":\"ListItem\",\"position\":1,\"name\":\"Inicio\",\"item\":\"https:\/\/apuntesdesanluis.com\/\"},{\"@type\":\"ListItem\",\"position\":2,\"name\":\"\u201cTOTI\u201d VIDELA ENCABEZA LA BOLETA DE \u201cAHORA SAN LUIS\u201d EN CAPITAL Y CASTRO LUNA EN PEDERNERA\"}]},{\"@type\":\"WebSite\",\"@id\":\"https:\/\/apuntesdesanluis.com\/#website\",\"url\":\"https:\/\/apuntesdesanluis.com\/\",\"name\":\"Apuntes de San Luis\",\"description\":\"\",\"publisher\":{\"@id\":\"https:\/\/apuntesdesanluis.com\/#\/schema\/person\/b55151d52296fcce64d1a72538a70b90\"},\"potentialAction\":[{\"@type\":\"SearchAction\",\"target\":{\"@type\":\"EntryPoint\",\"urlTemplate\":\"https:\/\/apuntesdesanluis.com\/?s={search_term_string}\"},\"query-input\":{\"@type\":\"PropertyValueSpecification\",\"valueRequired\":true,\"valueName\":\"search_term_string\"}}],\"inLanguage\":\"es-AR\"},{\"@type\":[\"Person\",\"Organization\"],\"@id\":\"https:\/\/apuntesdesanluis.com\/#\/schema\/person\/b55151d52296fcce64d1a72538a70b90\",\"name\":\"apuntesdesanluis.com\",\"image\":{\"@type\":\"ImageObject\",\"inLanguage\":\"es-AR\",\"@id\":\"https:\/\/apuntesdesanluis.com\/#\/schema\/person\/image\/\",\"url\":\"https:\/\/apuntesdesanluis.com\/wp-content\/uploads\/2023\/07\/cropped-apuntesdesanluis.png\",\"contentUrl\":\"https:\/\/apuntesdesanluis.com\/wp-content\/uploads\/2023\/07\/cropped-apuntesdesanluis.png\",\"width\":450,\"height\":112,\"caption\":\"apuntesdesanluis.com\"},\"logo\":{\"@id\":\"https:\/\/apuntesdesanluis.com\/#\/schema\/person\/image\/\"},\"sameAs\":[\"https:\/\/apuntesdesanluis.com\"],\"url\":\"https:\/\/apuntesdesanluis.com\/index.php\/author\/apuntesdesanluis-com\/\"}]}<\/script>\n<!-- \/ Yoast SEO plugin. -->","yoast_head_json":{"title":"\u201cTOTI\u201d VIDELA ENCABEZA LA BOLETA DE \u201cAHORA SAN LUIS\u201d EN CAPITAL Y CASTRO LUNA EN PEDERNERA - Apuntes de San Luis","robots":{"index":"index","follow":"follow","max-snippet":"max-snippet:-1","max-image-preview":"max-image-preview:large","max-video-preview":"max-video-preview:-1"},"canonical":"https:\/\/apuntesdesanluis.com\/index.php\/2025\/03\/23\/toti-videla-encabeza-la-boleta-de-ahora-san-luis-en-capital-y-castro-luna-en-pedernera\/","og_locale":"es_ES","og_type":"article","og_title":"\u201cTOTI\u201d VIDELA ENCABEZA LA BOLETA DE \u201cAHORA SAN LUIS\u201d EN CAPITAL Y CASTRO LUNA EN PEDERNERA - Apuntes de San Luis","og_description":"El intendente Jorge \u201cToti\u201d Videla tendr\u00e1 la responsabilidad de liderar la lista de candidatos a...","og_url":"https:\/\/apuntesdesanluis.com\/index.php\/2025\/03\/23\/toti-videla-encabeza-la-boleta-de-ahora-san-luis-en-capital-y-castro-luna-en-pedernera\/","og_site_name":"Apuntes de San Luis","article_published_time":"2025-03-23T23:30:42+00:00","article_modified_time":"2025-03-24T01:15:50+00:00","og_image":[{"width":916,"height":407,"url":"https:\/\/apuntesdesanluis.com\/wp-content\/uploads\/2025\/03\/candidatos-a-diputados-de-san-luis.png","type":"image\/png"}],"author":"apuntesdesanluis.com","twitter_card":"summary_large_image","twitter_misc":{"Escrito por":"apuntesdesanluis.com","Tiempo de lectura":"2 minutos"},"schema":{"@context":"https:\/\/schema.org","@graph":[{"@type":"Article","@id":"https:\/\/apuntesdesanluis.com\/index.php\/2025\/03\/23\/toti-videla-encabeza-la-boleta-de-ahora-san-luis-en-capital-y-castro-luna-en-pedernera\/#article","isPartOf":{"@id":"https:\/\/apuntesdesanluis.com\/index.php\/2025\/03\/23\/toti-videla-encabeza-la-boleta-de-ahora-san-luis-en-capital-y-castro-luna-en-pedernera\/"},"author":{"name":"apuntesdesanluis.com","@id":"https:\/\/apuntesdesanluis.com\/#\/schema\/person\/b55151d52296fcce64d1a72538a70b90"},"headline":"\u201cTOTI\u201d VIDELA ENCABEZA LA BOLETA DE \u201cAHORA SAN LUIS\u201d EN CAPITAL Y CASTRO LUNA EN PEDERNERA","datePublished":"2025-03-23T23:30:42+00:00","dateModified":"2025-03-24T01:15:50+00:00","mainEntityOfPage":{"@id":"https:\/\/apuntesdesanluis.com\/index.php\/2025\/03\/23\/toti-videla-encabeza-la-boleta-de-ahora-san-luis-en-capital-y-castro-luna-en-pedernera\/"},"wordCount":250,"publisher":{"@id":"https:\/\/apuntesdesanluis.com\/#\/schema\/person\/b55151d52296fcce64d1a72538a70b90"},"image":{"@id":"https:\/\/apuntesdesanluis.com\/index.php\/2025\/03\/23\/toti-videla-encabeza-la-boleta-de-ahora-san-luis-en-capital-y-castro-luna-en-pedernera\/#primaryimage"},"thumbnailUrl":"https:\/\/apuntesdesanluis.com\/wp-content\/uploads\/2025\/03\/candidatos-a-diputados-de-san-luis.png","articleSection":["Ciudad\/Provincia"],"inLanguage":"es-AR"},{"@type":"WebPage","@id":"https:\/\/apuntesdesanluis.com\/index.php\/2025\/03\/23\/toti-videla-encabeza-la-boleta-de-ahora-san-luis-en-capital-y-castro-luna-en-pedernera\/","url":"https:\/\/apuntesdesanluis.com\/index.php\/2025\/03\/23\/toti-videla-encabeza-la-boleta-de-ahora-san-luis-en-capital-y-castro-luna-en-pedernera\/","name":"\u201cTOTI\u201d VIDELA ENCABEZA LA BOLETA DE \u201cAHORA SAN LUIS\u201d EN CAPITAL Y CASTRO LUNA EN PEDERNERA - Apuntes de San Luis","isPartOf":{"@id":"https:\/\/apuntesdesanluis.com\/#website"},"primaryImageOfPage":{"@id":"https:\/\/apuntesdesanluis.com\/index.php\/2025\/03\/23\/toti-videla-encabeza-la-boleta-de-ahora-san-luis-en-capital-y-castro-luna-en-pedernera\/#primaryimage"},"image":{"@id":"https:\/\/apuntesdesanluis.com\/index.php\/2025\/03\/23\/toti-videla-encabeza-la-boleta-de-ahora-san-luis-en-capital-y-castro-luna-en-pedernera\/#primaryimage"},"thumbnailUrl":"https:\/\/apuntesdesanluis.com\/wp-content\/uploads\/2025\/03\/candidatos-a-diputados-de-san-luis.png","datePublished":"2025-03-23T23:30:42+00:00","dateModified":"2025-03-24T01:15:50+00:00","breadcrumb":{"@id":"https:\/\/apuntesdesanluis.com\/index.php\/2025\/03\/23\/toti-videla-encabeza-la-boleta-de-ahora-san-luis-en-capital-y-castro-luna-en-pedernera\/#breadcrumb"},"inLanguage":"es-AR","potentialAction":[{"@type":"ReadAction","target":["https:\/\/apuntesdesanluis.com\/index.php\/2025\/03\/23\/toti-videla-encabeza-la-boleta-de-ahora-san-luis-en-capital-y-castro-luna-en-pedernera\/"]}]},{"@type":"ImageObject","inLanguage":"es-AR","@id":"https:\/\/apuntesdesanluis.com\/index.php\/2025\/03\/23\/toti-videla-encabeza-la-boleta-de-ahora-san-luis-en-capital-y-castro-luna-en-pedernera\/#primaryimage","url":"https:\/\/apuntesdesanluis.com\/wp-content\/uploads\/2025\/03\/candidatos-a-diputados-de-san-luis.png","contentUrl":"https:\/\/apuntesdesanluis.com\/wp-content\/uploads\/2025\/03\/candidatos-a-diputados-de-san-luis.png","width":916,"height":407},{"@type":"BreadcrumbList","@id":"https:\/\/apuntesdesanluis.com\/index.php\/2025\/03\/23\/toti-videla-encabeza-la-boleta-de-ahora-san-luis-en-capital-y-castro-luna-en-pedernera\/#breadcrumb","itemListElement":[{"@type":"ListItem","position":1,"name":"Inicio","item":"https:\/\/apuntesdesanluis.com\/"},{"@type":"ListItem","position":2,"name":"\u201cTOTI\u201d VIDELA ENCABEZA LA BOLETA DE \u201cAHORA SAN LUIS\u201d EN CAPITAL Y CASTRO LUNA EN PEDERNERA"}]},{"@type":"WebSite","@id":"https:\/\/apuntesdesanluis.com\/#website","url":"https:\/\/apuntesdesanluis.com\/","name":"Apuntes de San Luis","description":"","publisher":{"@id":"https:\/\/apuntesdesanluis.com\/#\/schema\/person\/b55151d52296fcce64d1a72538a70b90"},"potentialAction":[{"@type":"SearchAction","target":{"@type":"EntryPoint","urlTemplate":"https:\/\/apuntesdesanluis.com\/?s={search_term_string}"},"query-input":{"@type":"PropertyValueSpecification","valueRequired":true,"valueName":"search_term_string"}}],"inLanguage":"es-AR"},{"@type":["Person","Organization"],"@id":"https:\/\/apuntesdesanluis.com\/#\/schema\/person\/b55151d52296fcce64d1a72538a70b90","name":"apuntesdesanluis.com","image":{"@type":"ImageObject","inLanguage":"es-AR","@id":"https:\/\/apuntesdesanluis.com\/#\/schema\/person\/image\/","url":"https:\/\/apuntesdesanluis.com\/wp-content\/uploads\/2023\/07\/cropped-apuntesdesanluis.png","contentUrl":"https:\/\/apuntesdesanluis.com\/wp-content\/uploads\/2023\/07\/cropped-apuntesdesanluis.png","width":450,"height":112,"caption":"apuntesdesanluis.com"},"logo":{"@id":"https:\/\/apuntesdesanluis.com\/#\/schema\/person\/image\/"},"sameAs":["https:\/\/apuntesdesanluis.com"],"url":"https:\/\/apuntesdesanluis.com\/index.php\/author\/apuntesdesanluis-com\/"}]}},"featured_image_urls":{"full":["https:\/\/apuntesdesanluis.com\/wp-content\/uploads\/2025\/03\/candidatos-a-diputados-de-san-luis.png",916,407,false],"thumbnail":["https:\/\/apuntesdesanluis.com\/wp-content\/uploads\/2025\/03\/candidatos-a-diputados-de-san-luis-150x150.png",150,150,true],"medium":["https:\/\/apuntesdesanluis.com\/wp-content\/uploads\/2025\/03\/candidatos-a-diputados-de-san-luis-300x133.png",300,133,true],"medium_large":["https:\/\/apuntesdesanluis.com\/wp-content\/uploads\/2025\/03\/candidatos-a-diputados-de-san-luis-768x341.png",640,284,true],"large":["https:\/\/apuntesdesanluis.com\/wp-content\/uploads\/2025\/03\/candidatos-a-diputados-de-san-luis.png",640,284,false],"1536x1536":["https:\/\/apuntesdesanluis.com\/wp-content\/uploads\/2025\/03\/candidatos-a-diputados-de-san-luis.png",916,407,false],"2048x2048":["https:\/\/apuntesdesanluis.com\/wp-content\/uploads\/2025\/03\/candidatos-a-diputados-de-san-luis.png",916,407,false],"newsever-slider-full":["https:\/\/apuntesdesanluis.com\/wp-content\/uploads\/2025\/03\/candidatos-a-diputados-de-san-luis.png",916,407,false],"newsever-featured":["https:\/\/apuntesdesanluis.com\/wp-content\/uploads\/2025\/03\/candidatos-a-diputados-de-san-luis.png",916,407,false],"newsever-medium":["https:\/\/apuntesdesanluis.com\/wp-content\/uploads\/2025\/03\/candidatos-a-diputados-de-san-luis-720x407.png",720,407,true]},"author_info":{"display_name":"apuntesdesanluis.com","author_link":"https:\/\/apuntesdesanluis.com\/index.php\/author\/apuntesdesanluis-com\/"},"category_info":"<a href=\"https:\/\/apuntesdesanluis.com\/index.php\/category\/ciudad-provincia\/\" rel=\"category tag\">Ciudad\/Provincia<\/a>","tag_info":"Ciudad\/Provincia","comment_count":"0","_links":{"self":[{"href":"https:\/\/apuntesdesanluis.com\/index.php\/wp-json\/wp\/v2\/posts\/30739","targetHints":{"allow":["GET"]}}],"collection":[{"href":"https:\/\/apuntesdesanluis.com\/index.php\/wp-json\/wp\/v2\/posts"}],"about":[{"href":"https:\/\/apuntesdesanluis.com\/index.php\/wp-json\/wp\/v2\/types\/post"}],"author":[{"embeddable":true,"href":"https:\/\/apuntesdesanluis.com\/index.php\/wp-json\/wp\/v2\/users\/1"}],"replies":[{"embeddable":true,"href":"https:\/\/apuntesdesanluis.com\/index.php\/wp-json\/wp\/v2\/comments?post=30739"}],"version-history":[{"count":7,"href":"https:\/\/apuntesdesanluis.com\/index.php\/wp-json\/wp\/v2\/posts\/30739\/revisions"}],"predecessor-version":[{"id":30753,"href":"https:\/\/apuntesdesanluis.com\/index.php\/wp-json\/wp\/v2\/posts\/30739\/revisions\/30753"}],"wp:featuredmedia":[{"embeddable":true,"href":"https:\/\/apuntesdesanluis.com\/index.php\/wp-json\/wp\/v2\/media\/30743"}],"wp:attachment":[{"href":"https:\/\/apuntesdesanluis.com\/index.php\/wp-json\/wp\/v2\/media?parent=30739"}],"wp:term":[{"taxonomy":"category","embeddable":true,"href":"https:\/\/apuntesdesanluis.com\/index.php\/wp-json\/wp\/v2\/categories?post=30739"},{"taxonomy":"post_tag","embeddable":true,"href":"https:\/\/apuntesdesanluis.com\/index.php\/wp-json\/wp\/v2\/tags?post=30739"}],"curies":[{"name":"wp","href":"https:\/\/api.w.org\/{rel}","templated":true}]}}