{"id":30748,"date":"2025-03-23T21:57:09","date_gmt":"2025-03-24T00:57:09","guid":{"rendered":"https:\/\/apuntesdesanluis.com\/?p=30748"},"modified":"2025-03-27T19:16:11","modified_gmt":"2025-03-27T22:16:11","slug":"la-libertad-avanza-va-con-partido-prestado-y-familia-incluida","status":"publish","type":"post","link":"https:\/\/apuntesdesanluis.com\/index.php\/2025\/03\/23\/la-libertad-avanza-va-con-partido-prestado-y-familia-incluida\/","title":{"rendered":"LA LIBERTAD AVANZA VA CON PARTIDO PRESTADO Y FAMILIA INCLUIDA"},"content":{"rendered":"<h3>Tras no ser habilitados los dos frentes libertarios que se inscribieron para las elecciones del 11 de mayo, el diputado nacional <strong>Carlos D\u00b4alessandro<\/strong> tuvo que pedir \u201cprestado\u201d el sello de <strong>Tercera Posici\u00f3n<\/strong>, para inscribir los candidatos que representan la ideolog\u00eda de <strong>Javier Milei<\/strong>.<\/h3>\n<h3>El pol\u00e9mico legislador que pretende ser candidato a gobernador en 2027, se anot\u00f3 como primer candidato a diputado provincial por el departamento General Pueyrred\u00f3n, acompa\u00f1ado en segundo lugar por <strong>Sof\u00eda Villagra<\/strong> y en tercer t\u00e9rmino <strong>Mat\u00edas D\u00b4alessandro<\/strong>.<\/h3>\n<h3>La decisi\u00f3n de incluir a su hijo en un lugar m\u00e1s que expectable, gener\u00f3 un profundo malestar entre algunos seguidores, que le enrostraron comportarse \u201cigual que la casta\u201d a la que tanto critica.<\/h3>\n<h3>Al parecer, D\u00b4alessandro planea tambi\u00e9n encabezar la boleta de candidato a diputado nacional en octubre, con lo cual de ser electo diputado provincial renunciar\u00eda y su lugar ser\u00eda ocupado prec\u00edsamente por su hijo, en caso que el mismo no sea electo el 11 de mayo.<\/h3>\n<h3>Por otro lado, se aguarda conocer qu\u00e9 suceder\u00e1 con uno de los frentes libertarios, dado que se ha apelado el fallo de la justicia electoral.<\/h3>\n<h3><strong>\u00a0<\/strong><\/h3>\n<h3><a href=\"https:\/\/apuntesdesanluis.com\/wp-content\/uploads\/2025\/03\/ReporteDeCandidatos_250323_000619.pdf\" target=\"_blank\" rel=\"noopener\"><span style=\"color: #3366ff;\"><strong>LISTA COMPLETA<\/strong><\/span><\/a><\/h3>\n<p>&nbsp;<\/p>\n<p>&nbsp;<\/p>\n<p>&nbsp;<\/p>\n","protected":false},"excerpt":{"rendered":"<p>Tras no ser habilitados los dos frentes libertarios que se inscribieron para las elecciones del&#8230;<\/p>\n","protected":false},"author":1,"featured_media":30751,"comment_status":"closed","ping_status":"closed","sticky":false,"template":"","format":"standard","meta":{"footnotes":""},"categories":[6],"tags":[],"class_list":["post-30748","post","type-post","status-publish","format-standard","has-post-thumbnail","hentry","category-ciudad-provincia"],"yoast_head":"<!-- This site is optimized with the Yoast SEO plugin v26.1.1 - https:\/\/yoast.com\/wordpress\/plugins\/seo\/ -->\n<title>LA LIBERTAD AVANZA VA CON PARTIDO PRESTADO Y FAMILIA INCLUIDA - Apuntes de San Luis<\/title>\n<meta name=\"robots\" content=\"index, follow, max-snippet:-1, max-image-preview:large, max-video-preview:-1\" \/>\n<link rel=\"canonical\" href=\"https:\/\/apuntesdesanluis.com\/index.php\/2025\/03\/23\/la-libertad-avanza-va-con-partido-prestado-y-familia-incluida\/\" \/>\n<meta property=\"og:locale\" content=\"es_ES\" \/>\n<meta property=\"og:type\" content=\"article\" \/>\n<meta property=\"og:title\" content=\"LA LIBERTAD AVANZA VA CON PARTIDO PRESTADO Y FAMILIA INCLUIDA - Apuntes de San Luis\" \/>\n<meta property=\"og:description\" content=\"Tras no ser habilitados los dos frentes libertarios que se inscribieron para las elecciones del...\" \/>\n<meta property=\"og:url\" content=\"https:\/\/apuntesdesanluis.com\/index.php\/2025\/03\/23\/la-libertad-avanza-va-con-partido-prestado-y-familia-incluida\/\" \/>\n<meta property=\"og:site_name\" content=\"Apuntes de San Luis\" \/>\n<meta property=\"article:published_time\" content=\"2025-03-24T00:57:09+00:00\" \/>\n<meta property=\"article:modified_time\" content=\"2025-03-27T22:16:11+00:00\" \/>\n<meta property=\"og:image\" content=\"https:\/\/apuntesdesanluis.com\/wp-content\/uploads\/2025\/03\/d-alessandro-y-su-hijo.png\" \/>\n\t<meta property=\"og:image:width\" content=\"738\" \/>\n\t<meta property=\"og:image:height\" content=\"496\" \/>\n\t<meta property=\"og:image:type\" content=\"image\/png\" \/>\n<meta name=\"author\" content=\"apuntesdesanluis.com\" \/>\n<meta name=\"twitter:card\" content=\"summary_large_image\" \/>\n<meta name=\"twitter:label1\" content=\"Escrito por\" \/>\n\t<meta name=\"twitter:data1\" content=\"apuntesdesanluis.com\" \/>\n\t<meta name=\"twitter:label2\" content=\"Tiempo de lectura\" \/>\n\t<meta name=\"twitter:data2\" content=\"2 minutos\" \/>\n<script type=\"application\/ld+json\" class=\"yoast-schema-graph\">{\"@context\":\"https:\/\/schema.org\",\"@graph\":[{\"@type\":\"Article\",\"@id\":\"https:\/\/apuntesdesanluis.com\/index.php\/2025\/03\/23\/la-libertad-avanza-va-con-partido-prestado-y-familia-incluida\/#article\",\"isPartOf\":{\"@id\":\"https:\/\/apuntesdesanluis.com\/index.php\/2025\/03\/23\/la-libertad-avanza-va-con-partido-prestado-y-familia-incluida\/\"},\"author\":{\"name\":\"apuntesdesanluis.com\",\"@id\":\"https:\/\/apuntesdesanluis.com\/#\/schema\/person\/b55151d52296fcce64d1a72538a70b90\"},\"headline\":\"LA LIBERTAD AVANZA VA CON PARTIDO PRESTADO Y FAMILIA INCLUIDA\",\"datePublished\":\"2025-03-24T00:57:09+00:00\",\"dateModified\":\"2025-03-27T22:16:11+00:00\",\"mainEntityOfPage\":{\"@id\":\"https:\/\/apuntesdesanluis.com\/index.php\/2025\/03\/23\/la-libertad-avanza-va-con-partido-prestado-y-familia-incluida\/\"},\"wordCount\":212,\"publisher\":{\"@id\":\"https:\/\/apuntesdesanluis.com\/#\/schema\/person\/b55151d52296fcce64d1a72538a70b90\"},\"image\":{\"@id\":\"https:\/\/apuntesdesanluis.com\/index.php\/2025\/03\/23\/la-libertad-avanza-va-con-partido-prestado-y-familia-incluida\/#primaryimage\"},\"thumbnailUrl\":\"https:\/\/apuntesdesanluis.com\/wp-content\/uploads\/2025\/03\/d-alessandro-y-su-hijo.png\",\"articleSection\":[\"Ciudad\/Provincia\"],\"inLanguage\":\"es-AR\"},{\"@type\":\"WebPage\",\"@id\":\"https:\/\/apuntesdesanluis.com\/index.php\/2025\/03\/23\/la-libertad-avanza-va-con-partido-prestado-y-familia-incluida\/\",\"url\":\"https:\/\/apuntesdesanluis.com\/index.php\/2025\/03\/23\/la-libertad-avanza-va-con-partido-prestado-y-familia-incluida\/\",\"name\":\"LA LIBERTAD AVANZA VA CON PARTIDO PRESTADO Y FAMILIA INCLUIDA - Apuntes de San Luis\",\"isPartOf\":{\"@id\":\"https:\/\/apuntesdesanluis.com\/#website\"},\"primaryImageOfPage\":{\"@id\":\"https:\/\/apuntesdesanluis.com\/index.php\/2025\/03\/23\/la-libertad-avanza-va-con-partido-prestado-y-familia-incluida\/#primaryimage\"},\"image\":{\"@id\":\"https:\/\/apuntesdesanluis.com\/index.php\/2025\/03\/23\/la-libertad-avanza-va-con-partido-prestado-y-familia-incluida\/#primaryimage\"},\"thumbnailUrl\":\"https:\/\/apuntesdesanluis.com\/wp-content\/uploads\/2025\/03\/d-alessandro-y-su-hijo.png\",\"datePublished\":\"2025-03-24T00:57:09+00:00\",\"dateModified\":\"2025-03-27T22:16:11+00:00\",\"breadcrumb\":{\"@id\":\"https:\/\/apuntesdesanluis.com\/index.php\/2025\/03\/23\/la-libertad-avanza-va-con-partido-prestado-y-familia-incluida\/#breadcrumb\"},\"inLanguage\":\"es-AR\",\"potentialAction\":[{\"@type\":\"ReadAction\",\"target\":[\"https:\/\/apuntesdesanluis.com\/index.php\/2025\/03\/23\/la-libertad-avanza-va-con-partido-prestado-y-familia-incluida\/\"]}]},{\"@type\":\"ImageObject\",\"inLanguage\":\"es-AR\",\"@id\":\"https:\/\/apuntesdesanluis.com\/index.php\/2025\/03\/23\/la-libertad-avanza-va-con-partido-prestado-y-familia-incluida\/#primaryimage\",\"url\":\"https:\/\/apuntesdesanluis.com\/wp-content\/uploads\/2025\/03\/d-alessandro-y-su-hijo.png\",\"contentUrl\":\"https:\/\/apuntesdesanluis.com\/wp-content\/uploads\/2025\/03\/d-alessandro-y-su-hijo.png\",\"width\":738,\"height\":496},{\"@type\":\"BreadcrumbList\",\"@id\":\"https:\/\/apuntesdesanluis.com\/index.php\/2025\/03\/23\/la-libertad-avanza-va-con-partido-prestado-y-familia-incluida\/#breadcrumb\",\"itemListElement\":[{\"@type\":\"ListItem\",\"position\":1,\"name\":\"Inicio\",\"item\":\"https:\/\/apuntesdesanluis.com\/\"},{\"@type\":\"ListItem\",\"position\":2,\"name\":\"LA LIBERTAD AVANZA VA CON PARTIDO PRESTADO Y FAMILIA INCLUIDA\"}]},{\"@type\":\"WebSite\",\"@id\":\"https:\/\/apuntesdesanluis.com\/#website\",\"url\":\"https:\/\/apuntesdesanluis.com\/\",\"name\":\"Apuntes de San Luis\",\"description\":\"\",\"publisher\":{\"@id\":\"https:\/\/apuntesdesanluis.com\/#\/schema\/person\/b55151d52296fcce64d1a72538a70b90\"},\"potentialAction\":[{\"@type\":\"SearchAction\",\"target\":{\"@type\":\"EntryPoint\",\"urlTemplate\":\"https:\/\/apuntesdesanluis.com\/?s={search_term_string}\"},\"query-input\":{\"@type\":\"PropertyValueSpecification\",\"valueRequired\":true,\"valueName\":\"search_term_string\"}}],\"inLanguage\":\"es-AR\"},{\"@type\":[\"Person\",\"Organization\"],\"@id\":\"https:\/\/apuntesdesanluis.com\/#\/schema\/person\/b55151d52296fcce64d1a72538a70b90\",\"name\":\"apuntesdesanluis.com\",\"image\":{\"@type\":\"ImageObject\",\"inLanguage\":\"es-AR\",\"@id\":\"https:\/\/apuntesdesanluis.com\/#\/schema\/person\/image\/\",\"url\":\"https:\/\/apuntesdesanluis.com\/wp-content\/uploads\/2023\/07\/cropped-apuntesdesanluis.png\",\"contentUrl\":\"https:\/\/apuntesdesanluis.com\/wp-content\/uploads\/2023\/07\/cropped-apuntesdesanluis.png\",\"width\":450,\"height\":112,\"caption\":\"apuntesdesanluis.com\"},\"logo\":{\"@id\":\"https:\/\/apuntesdesanluis.com\/#\/schema\/person\/image\/\"},\"sameAs\":[\"https:\/\/apuntesdesanluis.com\"],\"url\":\"https:\/\/apuntesdesanluis.com\/index.php\/author\/apuntesdesanluis-com\/\"}]}<\/script>\n<!-- \/ Yoast SEO plugin. -->","yoast_head_json":{"title":"LA LIBERTAD AVANZA VA CON PARTIDO PRESTADO Y FAMILIA INCLUIDA - Apuntes de San Luis","robots":{"index":"index","follow":"follow","max-snippet":"max-snippet:-1","max-image-preview":"max-image-preview:large","max-video-preview":"max-video-preview:-1"},"canonical":"https:\/\/apuntesdesanluis.com\/index.php\/2025\/03\/23\/la-libertad-avanza-va-con-partido-prestado-y-familia-incluida\/","og_locale":"es_ES","og_type":"article","og_title":"LA LIBERTAD AVANZA VA CON PARTIDO PRESTADO Y FAMILIA INCLUIDA - Apuntes de San Luis","og_description":"Tras no ser habilitados los dos frentes libertarios que se inscribieron para las elecciones del...","og_url":"https:\/\/apuntesdesanluis.com\/index.php\/2025\/03\/23\/la-libertad-avanza-va-con-partido-prestado-y-familia-incluida\/","og_site_name":"Apuntes de San Luis","article_published_time":"2025-03-24T00:57:09+00:00","article_modified_time":"2025-03-27T22:16:11+00:00","og_image":[{"width":738,"height":496,"url":"https:\/\/apuntesdesanluis.com\/wp-content\/uploads\/2025\/03\/d-alessandro-y-su-hijo.png","type":"image\/png"}],"author":"apuntesdesanluis.com","twitter_card":"summary_large_image","twitter_misc":{"Escrito por":"apuntesdesanluis.com","Tiempo de lectura":"2 minutos"},"schema":{"@context":"https:\/\/schema.org","@graph":[{"@type":"Article","@id":"https:\/\/apuntesdesanluis.com\/index.php\/2025\/03\/23\/la-libertad-avanza-va-con-partido-prestado-y-familia-incluida\/#article","isPartOf":{"@id":"https:\/\/apuntesdesanluis.com\/index.php\/2025\/03\/23\/la-libertad-avanza-va-con-partido-prestado-y-familia-incluida\/"},"author":{"name":"apuntesdesanluis.com","@id":"https:\/\/apuntesdesanluis.com\/#\/schema\/person\/b55151d52296fcce64d1a72538a70b90"},"headline":"LA LIBERTAD AVANZA VA CON PARTIDO PRESTADO Y FAMILIA INCLUIDA","datePublished":"2025-03-24T00:57:09+00:00","dateModified":"2025-03-27T22:16:11+00:00","mainEntityOfPage":{"@id":"https:\/\/apuntesdesanluis.com\/index.php\/2025\/03\/23\/la-libertad-avanza-va-con-partido-prestado-y-familia-incluida\/"},"wordCount":212,"publisher":{"@id":"https:\/\/apuntesdesanluis.com\/#\/schema\/person\/b55151d52296fcce64d1a72538a70b90"},"image":{"@id":"https:\/\/apuntesdesanluis.com\/index.php\/2025\/03\/23\/la-libertad-avanza-va-con-partido-prestado-y-familia-incluida\/#primaryimage"},"thumbnailUrl":"https:\/\/apuntesdesanluis.com\/wp-content\/uploads\/2025\/03\/d-alessandro-y-su-hijo.png","articleSection":["Ciudad\/Provincia"],"inLanguage":"es-AR"},{"@type":"WebPage","@id":"https:\/\/apuntesdesanluis.com\/index.php\/2025\/03\/23\/la-libertad-avanza-va-con-partido-prestado-y-familia-incluida\/","url":"https:\/\/apuntesdesanluis.com\/index.php\/2025\/03\/23\/la-libertad-avanza-va-con-partido-prestado-y-familia-incluida\/","name":"LA LIBERTAD AVANZA VA CON PARTIDO PRESTADO Y FAMILIA INCLUIDA - Apuntes de San Luis","isPartOf":{"@id":"https:\/\/apuntesdesanluis.com\/#website"},"primaryImageOfPage":{"@id":"https:\/\/apuntesdesanluis.com\/index.php\/2025\/03\/23\/la-libertad-avanza-va-con-partido-prestado-y-familia-incluida\/#primaryimage"},"image":{"@id":"https:\/\/apuntesdesanluis.com\/index.php\/2025\/03\/23\/la-libertad-avanza-va-con-partido-prestado-y-familia-incluida\/#primaryimage"},"thumbnailUrl":"https:\/\/apuntesdesanluis.com\/wp-content\/uploads\/2025\/03\/d-alessandro-y-su-hijo.png","datePublished":"2025-03-24T00:57:09+00:00","dateModified":"2025-03-27T22:16:11+00:00","breadcrumb":{"@id":"https:\/\/apuntesdesanluis.com\/index.php\/2025\/03\/23\/la-libertad-avanza-va-con-partido-prestado-y-familia-incluida\/#breadcrumb"},"inLanguage":"es-AR","potentialAction":[{"@type":"ReadAction","target":["https:\/\/apuntesdesanluis.com\/index.php\/2025\/03\/23\/la-libertad-avanza-va-con-partido-prestado-y-familia-incluida\/"]}]},{"@type":"ImageObject","inLanguage":"es-AR","@id":"https:\/\/apuntesdesanluis.com\/index.php\/2025\/03\/23\/la-libertad-avanza-va-con-partido-prestado-y-familia-incluida\/#primaryimage","url":"https:\/\/apuntesdesanluis.com\/wp-content\/uploads\/2025\/03\/d-alessandro-y-su-hijo.png","contentUrl":"https:\/\/apuntesdesanluis.com\/wp-content\/uploads\/2025\/03\/d-alessandro-y-su-hijo.png","width":738,"height":496},{"@type":"BreadcrumbList","@id":"https:\/\/apuntesdesanluis.com\/index.php\/2025\/03\/23\/la-libertad-avanza-va-con-partido-prestado-y-familia-incluida\/#breadcrumb","itemListElement":[{"@type":"ListItem","position":1,"name":"Inicio","item":"https:\/\/apuntesdesanluis.com\/"},{"@type":"ListItem","position":2,"name":"LA LIBERTAD AVANZA VA CON PARTIDO PRESTADO Y FAMILIA INCLUIDA"}]},{"@type":"WebSite","@id":"https:\/\/apuntesdesanluis.com\/#website","url":"https:\/\/apuntesdesanluis.com\/","name":"Apuntes de San Luis","description":"","publisher":{"@id":"https:\/\/apuntesdesanluis.com\/#\/schema\/person\/b55151d52296fcce64d1a72538a70b90"},"potentialAction":[{"@type":"SearchAction","target":{"@type":"EntryPoint","urlTemplate":"https:\/\/apuntesdesanluis.com\/?s={search_term_string}"},"query-input":{"@type":"PropertyValueSpecification","valueRequired":true,"valueName":"search_term_string"}}],"inLanguage":"es-AR"},{"@type":["Person","Organization"],"@id":"https:\/\/apuntesdesanluis.com\/#\/schema\/person\/b55151d52296fcce64d1a72538a70b90","name":"apuntesdesanluis.com","image":{"@type":"ImageObject","inLanguage":"es-AR","@id":"https:\/\/apuntesdesanluis.com\/#\/schema\/person\/image\/","url":"https:\/\/apuntesdesanluis.com\/wp-content\/uploads\/2023\/07\/cropped-apuntesdesanluis.png","contentUrl":"https:\/\/apuntesdesanluis.com\/wp-content\/uploads\/2023\/07\/cropped-apuntesdesanluis.png","width":450,"height":112,"caption":"apuntesdesanluis.com"},"logo":{"@id":"https:\/\/apuntesdesanluis.com\/#\/schema\/person\/image\/"},"sameAs":["https:\/\/apuntesdesanluis.com"],"url":"https:\/\/apuntesdesanluis.com\/index.php\/author\/apuntesdesanluis-com\/"}]}},"featured_image_urls":{"full":["https:\/\/apuntesdesanluis.com\/wp-content\/uploads\/2025\/03\/d-alessandro-y-su-hijo.png",738,496,false],"thumbnail":["https:\/\/apuntesdesanluis.com\/wp-content\/uploads\/2025\/03\/d-alessandro-y-su-hijo-150x150.png",150,150,true],"medium":["https:\/\/apuntesdesanluis.com\/wp-content\/uploads\/2025\/03\/d-alessandro-y-su-hijo-300x202.png",300,202,true],"medium_large":["https:\/\/apuntesdesanluis.com\/wp-content\/uploads\/2025\/03\/d-alessandro-y-su-hijo.png",640,430,false],"large":["https:\/\/apuntesdesanluis.com\/wp-content\/uploads\/2025\/03\/d-alessandro-y-su-hijo.png",640,430,false],"1536x1536":["https:\/\/apuntesdesanluis.com\/wp-content\/uploads\/2025\/03\/d-alessandro-y-su-hijo.png",738,496,false],"2048x2048":["https:\/\/apuntesdesanluis.com\/wp-content\/uploads\/2025\/03\/d-alessandro-y-su-hijo.png",738,496,false],"newsever-slider-full":["https:\/\/apuntesdesanluis.com\/wp-content\/uploads\/2025\/03\/d-alessandro-y-su-hijo.png",738,496,false],"newsever-featured":["https:\/\/apuntesdesanluis.com\/wp-content\/uploads\/2025\/03\/d-alessandro-y-su-hijo.png",738,496,false],"newsever-medium":["https:\/\/apuntesdesanluis.com\/wp-content\/uploads\/2025\/03\/d-alessandro-y-su-hijo-720x475.png",720,475,true]},"author_info":{"display_name":"apuntesdesanluis.com","author_link":"https:\/\/apuntesdesanluis.com\/index.php\/author\/apuntesdesanluis-com\/"},"category_info":"<a href=\"https:\/\/apuntesdesanluis.com\/index.php\/category\/ciudad-provincia\/\" rel=\"category tag\">Ciudad\/Provincia<\/a>","tag_info":"Ciudad\/Provincia","comment_count":"0","_links":{"self":[{"href":"https:\/\/apuntesdesanluis.com\/index.php\/wp-json\/wp\/v2\/posts\/30748","targetHints":{"allow":["GET"]}}],"collection":[{"href":"https:\/\/apuntesdesanluis.com\/index.php\/wp-json\/wp\/v2\/posts"}],"about":[{"href":"https:\/\/apuntesdesanluis.com\/index.php\/wp-json\/wp\/v2\/types\/post"}],"author":[{"embeddable":true,"href":"https:\/\/apuntesdesanluis.com\/index.php\/wp-json\/wp\/v2\/users\/1"}],"replies":[{"embeddable":true,"href":"https:\/\/apuntesdesanluis.com\/index.php\/wp-json\/wp\/v2\/comments?post=30748"}],"version-history":[{"count":3,"href":"https:\/\/apuntesdesanluis.com\/index.php\/wp-json\/wp\/v2\/posts\/30748\/revisions"}],"predecessor-version":[{"id":30937,"href":"https:\/\/apuntesdesanluis.com\/index.php\/wp-json\/wp\/v2\/posts\/30748\/revisions\/30937"}],"wp:featuredmedia":[{"embeddable":true,"href":"https:\/\/apuntesdesanluis.com\/index.php\/wp-json\/wp\/v2\/media\/30751"}],"wp:attachment":[{"href":"https:\/\/apuntesdesanluis.com\/index.php\/wp-json\/wp\/v2\/media?parent=30748"}],"wp:term":[{"taxonomy":"category","embeddable":true,"href":"https:\/\/apuntesdesanluis.com\/index.php\/wp-json\/wp\/v2\/categories?post=30748"},{"taxonomy":"post_tag","embeddable":true,"href":"https:\/\/apuntesdesanluis.com\/index.php\/wp-json\/wp\/v2\/tags?post=30748"}],"curies":[{"name":"wp","href":"https:\/\/api.w.org\/{rel}","templated":true}]}}