{"id":30754,"date":"2025-03-23T23:49:19","date_gmt":"2025-03-24T02:49:19","guid":{"rendered":"https:\/\/apuntesdesanluis.com\/?p=30754"},"modified":"2025-03-23T23:53:09","modified_gmt":"2025-03-24T02:53:09","slug":"fernando-gatica-primer-candidato-a-diputado-del-frente-por-la-justicia-social","status":"publish","type":"post","link":"https:\/\/apuntesdesanluis.com\/index.php\/2025\/03\/23\/fernando-gatica-primer-candidato-a-diputado-del-frente-por-la-justicia-social\/","title":{"rendered":"FERNANDO GATICA, PRIMER CANDIDATO A DIPUTADO DEL FRENTE POR LA JUSTICIA SOCIAL"},"content":{"rendered":"<h3>El combativo Secretario General de ATE-San Luis, <strong>Fernando Gatica<\/strong>, lidera la lista para diputado provincial en el Departamento General Pueyrred\u00f3n, acompa\u00f1ado por la periodista Claudia San Mart\u00edn.<\/h3>\n<h3>La constelaci\u00f3n de fuerzas y agrupaciones que adhieren supieron formar parte de los frentes que articulaba el PJ, pero se distanciaron tras la derrota de 2023 y cuestionaron la renovaci\u00f3n que llev\u00f3 adelante Alberto Rodr\u00edguez Sa\u00e1.<\/h3>\n<h3>Seg\u00fan sus dirigentes, el frente busca \u201cofrecer alternativas y dar contenci\u00f3n al pueblo\u201d, enfrentando lo que consideran pol\u00edticas perjudiciales tanto a nivel nacional como provincial.<\/h3>\n<h3>El Frente por la Justicia Social est\u00e1 integrado por el\u00a0 Movimiento de Unidad Vecinal Provincial, Partido del Trabajo y del Pueblo, Partido Comunista, Asociaci\u00f3n Trabajadores del Estado y la Central de Trabajadores Aut\u00f3nomas, Partido Tierra, Techo y Trabajo y el Partido de Lealtad Sanluise\u00f1a.<\/h3>\n<h3><strong>LISTA DE CANDIDATOS<\/strong><\/h3>\n<h3><strong>Diputados Provinciales Dpto. Pueyrred\u00f3n <\/strong><\/h3>\n<h3><strong>Titulares <\/strong><\/h3>\n<ol>\n<li>\n<h3>Fernando Gatica<\/h3>\n<\/li>\n<li>\n<h3>Claudia San Mart\u00edn<\/h3>\n<\/li>\n<li>\n<h3>Lucas Mirabile<\/h3>\n<\/li>\n<li>\n<h3>Victoria Cobarrubia<\/h3>\n<\/li>\n<li>\n<h3>Carlos G\u00f3mez<\/h3>\n<\/li>\n<li>\n<h3>Ana Rojas<\/h3>\n<\/li>\n<li>\n<h3>Daniel Pe\u00f1aloza<\/h3>\n<\/li>\n<li>\n<h3>Liliana Funes<\/h3>\n<\/li>\n<li>\n<h3>Roberto Clark<\/h3>\n<\/li>\n<li>\n<h3>Galia Poblete<\/h3>\n<\/li>\n<\/ol>\n<h3><strong>Suplentes<\/strong><\/h3>\n<ol>\n<li>\n<h3>Rodrigo Vel\u00e1zquez<\/h3>\n<\/li>\n<li>\n<h3>Andrea Gerez<\/h3>\n<\/li>\n<li>\n<h3>Juan Manuel M\u00e9ndez<\/h3>\n<\/li>\n<li>\n<h3>Susana Domeniconi<\/h3>\n<\/li>\n<li>\n<h3>Emiliano Gonz\u00e1lez<\/h3>\n<\/li>\n<li>\n<h3>Gloria Bustos<\/h3>\n<\/li>\n<li>\n<h3>Marcio Escalante<\/h3>\n<\/li>\n<li>\n<h3>Soledad Gonz\u00e1lez<\/h3>\n<\/li>\n<li>\n<h3>Daniel Sosa<\/h3>\n<\/li>\n<li>\n<h3>Ana Mar\u00eda Puentes<\/h3>\n<\/li>\n<\/ol>\n<h3><strong>Concejales San Luis <\/strong><\/h3>\n<h3><strong>Titulares <\/strong><\/h3>\n<ol>\n<li>\n<h3>Mariela Cros<\/h3>\n<\/li>\n<li>\n<h3>Cristian Koklov<\/h3>\n<\/li>\n<li>\n<h3>Noelia Su\u00e1rez<\/h3>\n<\/li>\n<li>\n<h3>Guillermino Limbrici<\/h3>\n<\/li>\n<li>\n<h3>Marisol Moreno<\/h3>\n<\/li>\n<li>\n<h3>Fabi\u00e1n Rojas<\/h3>\n<\/li>\n<li>\n<h3>Florencia Mendoza<\/h3>\n<\/li>\n<\/ol>\n<h3><strong>Suplentes <\/strong><\/h3>\n<ol>\n<li>\n<h3>Sabino Sosa M\u00e1rquez<\/h3>\n<\/li>\n<li>\n<h3>Andrea Blanco<\/h3>\n<\/li>\n<li>\n<h3>Sim\u00f3n Rojas<\/h3>\n<\/li>\n<li>\n<h3>Lucrecia Clark<\/h3>\n<\/li>\n<li>\n<h3>Ricardo Cruce\u00f1o<\/h3>\n<\/li>\n<li>\n<h3>Violeta Paez<\/h3>\n<\/li>\n<li>\n<h3>Braulio Lopez<\/h3>\n<\/li>\n<\/ol>\n<h3><strong>Concejales de La Punta<\/strong><\/h3>\n<h3><strong>Titulares<\/strong><\/h3>\n<h3><strong>1- <\/strong>Juan Manuel Lobera<\/h3>\n<h3>2- Emilia Mondino<\/h3>\n<h3>3- Agustin Reynoso<\/h3>\n<h3>4-\u00a0 Gisela Demalde<\/h3>\n<h3>5- Leopoldo &#8220;Leo&#8221; Pinela<\/h3>\n<h3><strong>Suplentes<\/strong><\/h3>\n<h3><strong>1- <\/strong>Cecilia Videla<\/h3>\n<h3>2- Diego Alvarez<\/h3>\n<h3>3- D\u00e9bora Escudero Careglio<\/h3>\n<h3>4- Alejandro Vera.<\/h3>\n<h3>5- Gabriela Cirica<\/h3>\n<h3><strong>Concejales San Francisco <\/strong><\/h3>\n<h3><strong>Titulares<\/strong><\/h3>\n<ol>\n<li>\n<h3>S\u00e1nchez Carlos<\/h3>\n<\/li>\n<li>\n<h3>Amieva Bibiana<\/h3>\n<\/li>\n<li>\n<h3>Toja Xavier<\/h3>\n<\/li>\n<\/ol>\n<h3><strong>Suplentes <\/strong><\/h3>\n<ol>\n<li>\n<h3>Dolcemascolo Miriam<\/h3>\n<\/li>\n<li>\n<h3>Aurand Santiago<\/h3>\n<\/li>\n<li>\n<h3>Nu\u00f1ez Toledo Erika<\/h3>\n<\/li>\n<\/ol>\n<h3><strong>Juana Koslay <\/strong><\/h3>\n<h3><strong>Intendente <\/strong><\/h3>\n<h3>Juan Larrea<\/h3>\n<h3><strong>Concejales<\/strong><\/h3>\n<h3><strong>Titulares<\/strong><\/h3>\n<ol>\n<li>\n<h3>Neder, Maria<\/h3>\n<\/li>\n<li>\n<h3>Sanchez, Pedro<\/h3>\n<\/li>\n<\/ol>\n<h3><strong>Suplentes<\/strong><\/h3>\n<ol>\n<li>\n<h3>Lingardo, Maria<\/h3>\n<\/li>\n<li>\n<h3>Matias, Omar<\/h3>\n<\/li>\n<\/ol>\n<h3><strong>Diputadas Jun\u00edn <\/strong><\/h3>\n<h3><strong>Titulares <\/strong><\/h3>\n<ol>\n<li>\n<h3>Sergio Ortega<\/h3>\n<\/li>\n<li>\n<h3>Sheila Lubrano Cervetto<\/h3>\n<\/li>\n<li>\n<h3>Toque Russo<\/h3>\n<\/li>\n<\/ol>\n<h3><strong>Suplentes <\/strong><\/h3>\n<ol>\n<li>\n<h3>Cecilia Espino<\/h3>\n<\/li>\n<li>\n<h3>Ruben Basualdo<\/h3>\n<\/li>\n<li>\n<h3>Gilda Mangiaterra<\/h3>\n<\/li>\n<\/ol>\n<h3><strong>Merlo<\/strong><\/h3>\n<h3><strong>Concejales Titulares<\/strong><\/h3>\n<ol>\n<li>\n<h3>Gustavo Su\u00e1rez<\/h3>\n<\/li>\n<li>\n<h3>Vanesa Flores<\/h3>\n<\/li>\n<li>\n<h3>Diego Aquino<\/h3>\n<\/li>\n<li>\n<h3>Antonia Ramallo<\/h3>\n<\/li>\n<li>\n<h3>Gonzalo Su\u00e1rez<\/h3>\n<\/li>\n<\/ol>\n<h3><strong>Suplentes<\/strong><\/h3>\n<ol>\n<li>\n<h3>Julissa Mora<\/h3>\n<\/li>\n<li>\n<h3>Gast\u00f3n Ibarra<\/h3>\n<\/li>\n<li>\n<h3>Adriana Nu\u00f1ez<\/h3>\n<\/li>\n<li>\n<h3>Franco Larrarte<\/h3>\n<\/li>\n<\/ol>\n<h3><strong>La Toma<\/strong><\/h3>\n<h3><strong>Concejales Titulares<\/strong><\/h3>\n<ol>\n<li>\n<h3>Jos\u00e9 Mar\u00eda Escudero &#8220;El diente&#8221;<\/h3>\n<\/li>\n<li>\n<h3>Nathalia Olguin<\/h3>\n<\/li>\n<li>\n<h3>Alejandro Ramos<\/h3>\n<\/li>\n<li>\n<h3>Vanesa Posdeley<\/h3>\n<\/li>\n<\/ol>\n<h3><strong>Suplentes <\/strong><\/h3>\n<ol>\n<li>\n<h3>Eduardo Willem<\/h3>\n<\/li>\n<li>\n<h3>Valeria Simonin<\/h3>\n<\/li>\n<li>\n<h3>Gerardo Gonz\u00e1lez<\/h3>\n<\/li>\n<li>\n<h3>Milena Gui\u00f1az\u00fa<\/h3>\n<\/li>\n<\/ol>\n<h3><strong>Ayacucho<\/strong><\/h3>\n<h3><strong>Senador titular<\/strong><\/h3>\n<ol>\n<li>\n<h3>Cacho Lebri<\/h3>\n<\/li>\n<\/ol>\n<h3><strong>Suplente<\/strong><\/h3>\n<h3>Ilda Su\u00e1rez<\/h3>\n<h3><strong>Pedernera<\/strong><\/h3>\n<h3><strong>Senador titular \u00a0<\/strong><\/h3>\n<h3>Camilo Sosa R\u00edos<\/h3>\n<h3><strong>Suplente<\/strong><\/h3>\n<h3>Mane Quattropani<\/h3>\n<h3><strong>Concejales Villa Mercedes<\/strong><\/h3>\n<h3><strong>Titulares<\/strong><\/h3>\n<ol>\n<li>\n<h3>Pablo Pati\u00f1o<\/h3>\n<\/li>\n<li>\n<h3>Paola Giovannoni<\/h3>\n<\/li>\n<li>\n<h3>Armado Ojeda<\/h3>\n<\/li>\n<li>\n<h3>Analia Peralta<\/h3>\n<\/li>\n<li>\n<h3>Cristian Maidana<\/h3>\n<\/li>\n<li>\n<h3>Estela Dom\u00ednguez<\/h3>\n<\/li>\n<\/ol>\n<h3><strong>Suplentes <\/strong><\/h3>\n<ol>\n<li>\n<h3>Luisina Acera<\/h3>\n<\/li>\n<li>\n<h3>Juan Bautista Videla<\/h3>\n<\/li>\n<li>\n<h3>Virginia Pati\u00f1o<\/h3>\n<\/li>\n<li>\n<h3>Jos\u00e9 Mortenssen<\/h3>\n<\/li>\n<li>\n<h3>Maria Isabel Jofr\u00e9<\/h3>\n<\/li>\n<li>\n<h3>Juan Manuel Cisterna<\/h3>\n<\/li>\n<\/ol>\n<h3><strong>Beazley <\/strong><\/h3>\n<h3><strong>Intendenta<\/strong><\/h3>\n<ol>\n<li>\n<h3>Daniela Guzm\u00e1n<\/h3>\n<\/li>\n<\/ol>\n<h3><strong>Suplente<\/strong><\/h3>\n<h3>Celeste Diaz<\/h3>\n<h3><strong>El Volc\u00e1n <\/strong><\/h3>\n<h3><strong>Concejales titulares<\/strong><\/h3>\n<ol>\n<li>\n<h3>Peralta Mar\u00eda Claudia<\/h3>\n<\/li>\n<li>\n<h3>Calder\u00f3n Brian Ram\u00f3n<\/h3>\n<\/li>\n<\/ol>\n<h3><strong>Suplentes<\/strong><\/h3>\n<ol>\n<li>\n<h3>G\u00f3mez Laura Soledad<\/h3>\n<\/li>\n<li>\n<h3>Lagos Jos\u00e9 Luis<\/h3>\n<\/li>\n<\/ol>\n<h3><\/h3>\n<h3><\/h3>\n<h3><\/h3>\n<h3><\/h3>\n<h3><\/h3>\n","protected":false},"excerpt":{"rendered":"<p>El combativo Secretario General de ATE-San Luis, Fernando Gatica, lidera la lista para diputado provincial&#8230;<\/p>\n","protected":false},"author":1,"featured_media":30755,"comment_status":"closed","ping_status":"closed","sticky":false,"template":"","format":"standard","meta":{"footnotes":""},"categories":[6],"tags":[],"class_list":["post-30754","post","type-post","status-publish","format-standard","has-post-thumbnail","hentry","category-ciudad-provincia"],"yoast_head":"<!-- This site is optimized with the Yoast SEO plugin v26.1.1 - https:\/\/yoast.com\/wordpress\/plugins\/seo\/ -->\n<title>FERNANDO GATICA, PRIMER CANDIDATO A DIPUTADO DEL FRENTE POR LA JUSTICIA SOCIAL - Apuntes de San Luis<\/title>\n<meta name=\"robots\" content=\"index, follow, max-snippet:-1, max-image-preview:large, max-video-preview:-1\" \/>\n<link rel=\"canonical\" href=\"https:\/\/apuntesdesanluis.com\/index.php\/2025\/03\/23\/fernando-gatica-primer-candidato-a-diputado-del-frente-por-la-justicia-social\/\" \/>\n<meta property=\"og:locale\" content=\"es_ES\" \/>\n<meta property=\"og:type\" content=\"article\" \/>\n<meta property=\"og:title\" content=\"FERNANDO GATICA, PRIMER CANDIDATO A DIPUTADO DEL FRENTE POR LA JUSTICIA SOCIAL - Apuntes de San Luis\" \/>\n<meta property=\"og:description\" content=\"El combativo Secretario General de ATE-San Luis, Fernando Gatica, lidera la lista para diputado provincial...\" \/>\n<meta property=\"og:url\" content=\"https:\/\/apuntesdesanluis.com\/index.php\/2025\/03\/23\/fernando-gatica-primer-candidato-a-diputado-del-frente-por-la-justicia-social\/\" \/>\n<meta property=\"og:site_name\" content=\"Apuntes de San Luis\" \/>\n<meta property=\"article:published_time\" content=\"2025-03-24T02:49:19+00:00\" \/>\n<meta property=\"article:modified_time\" content=\"2025-03-24T02:53:09+00:00\" \/>\n<meta property=\"og:image\" content=\"https:\/\/apuntesdesanluis.com\/wp-content\/uploads\/2025\/03\/FERNANDO-GATICA.png\" \/>\n\t<meta property=\"og:image:width\" content=\"781\" \/>\n\t<meta property=\"og:image:height\" content=\"556\" \/>\n\t<meta property=\"og:image:type\" content=\"image\/png\" \/>\n<meta name=\"author\" content=\"apuntesdesanluis.com\" \/>\n<meta name=\"twitter:card\" content=\"summary_large_image\" \/>\n<meta name=\"twitter:label1\" content=\"Escrito por\" \/>\n\t<meta name=\"twitter:data1\" content=\"apuntesdesanluis.com\" \/>\n\t<meta name=\"twitter:label2\" content=\"Tiempo de lectura\" \/>\n\t<meta name=\"twitter:data2\" content=\"3 minutos\" \/>\n<script type=\"application\/ld+json\" class=\"yoast-schema-graph\">{\"@context\":\"https:\/\/schema.org\",\"@graph\":[{\"@type\":\"Article\",\"@id\":\"https:\/\/apuntesdesanluis.com\/index.php\/2025\/03\/23\/fernando-gatica-primer-candidato-a-diputado-del-frente-por-la-justicia-social\/#article\",\"isPartOf\":{\"@id\":\"https:\/\/apuntesdesanluis.com\/index.php\/2025\/03\/23\/fernando-gatica-primer-candidato-a-diputado-del-frente-por-la-justicia-social\/\"},\"author\":{\"name\":\"apuntesdesanluis.com\",\"@id\":\"https:\/\/apuntesdesanluis.com\/#\/schema\/person\/b55151d52296fcce64d1a72538a70b90\"},\"headline\":\"FERNANDO GATICA, PRIMER CANDIDATO A DIPUTADO DEL FRENTE POR LA JUSTICIA SOCIAL\",\"datePublished\":\"2025-03-24T02:49:19+00:00\",\"dateModified\":\"2025-03-24T02:53:09+00:00\",\"mainEntityOfPage\":{\"@id\":\"https:\/\/apuntesdesanluis.com\/index.php\/2025\/03\/23\/fernando-gatica-primer-candidato-a-diputado-del-frente-por-la-justicia-social\/\"},\"wordCount\":486,\"publisher\":{\"@id\":\"https:\/\/apuntesdesanluis.com\/#\/schema\/person\/b55151d52296fcce64d1a72538a70b90\"},\"image\":{\"@id\":\"https:\/\/apuntesdesanluis.com\/index.php\/2025\/03\/23\/fernando-gatica-primer-candidato-a-diputado-del-frente-por-la-justicia-social\/#primaryimage\"},\"thumbnailUrl\":\"https:\/\/apuntesdesanluis.com\/wp-content\/uploads\/2025\/03\/FERNANDO-GATICA.png\",\"articleSection\":[\"Ciudad\/Provincia\"],\"inLanguage\":\"es-AR\"},{\"@type\":\"WebPage\",\"@id\":\"https:\/\/apuntesdesanluis.com\/index.php\/2025\/03\/23\/fernando-gatica-primer-candidato-a-diputado-del-frente-por-la-justicia-social\/\",\"url\":\"https:\/\/apuntesdesanluis.com\/index.php\/2025\/03\/23\/fernando-gatica-primer-candidato-a-diputado-del-frente-por-la-justicia-social\/\",\"name\":\"FERNANDO GATICA, PRIMER CANDIDATO A DIPUTADO DEL FRENTE POR LA JUSTICIA SOCIAL - Apuntes de San Luis\",\"isPartOf\":{\"@id\":\"https:\/\/apuntesdesanluis.com\/#website\"},\"primaryImageOfPage\":{\"@id\":\"https:\/\/apuntesdesanluis.com\/index.php\/2025\/03\/23\/fernando-gatica-primer-candidato-a-diputado-del-frente-por-la-justicia-social\/#primaryimage\"},\"image\":{\"@id\":\"https:\/\/apuntesdesanluis.com\/index.php\/2025\/03\/23\/fernando-gatica-primer-candidato-a-diputado-del-frente-por-la-justicia-social\/#primaryimage\"},\"thumbnailUrl\":\"https:\/\/apuntesdesanluis.com\/wp-content\/uploads\/2025\/03\/FERNANDO-GATICA.png\",\"datePublished\":\"2025-03-24T02:49:19+00:00\",\"dateModified\":\"2025-03-24T02:53:09+00:00\",\"breadcrumb\":{\"@id\":\"https:\/\/apuntesdesanluis.com\/index.php\/2025\/03\/23\/fernando-gatica-primer-candidato-a-diputado-del-frente-por-la-justicia-social\/#breadcrumb\"},\"inLanguage\":\"es-AR\",\"potentialAction\":[{\"@type\":\"ReadAction\",\"target\":[\"https:\/\/apuntesdesanluis.com\/index.php\/2025\/03\/23\/fernando-gatica-primer-candidato-a-diputado-del-frente-por-la-justicia-social\/\"]}]},{\"@type\":\"ImageObject\",\"inLanguage\":\"es-AR\",\"@id\":\"https:\/\/apuntesdesanluis.com\/index.php\/2025\/03\/23\/fernando-gatica-primer-candidato-a-diputado-del-frente-por-la-justicia-social\/#primaryimage\",\"url\":\"https:\/\/apuntesdesanluis.com\/wp-content\/uploads\/2025\/03\/FERNANDO-GATICA.png\",\"contentUrl\":\"https:\/\/apuntesdesanluis.com\/wp-content\/uploads\/2025\/03\/FERNANDO-GATICA.png\",\"width\":781,\"height\":556},{\"@type\":\"BreadcrumbList\",\"@id\":\"https:\/\/apuntesdesanluis.com\/index.php\/2025\/03\/23\/fernando-gatica-primer-candidato-a-diputado-del-frente-por-la-justicia-social\/#breadcrumb\",\"itemListElement\":[{\"@type\":\"ListItem\",\"position\":1,\"name\":\"Inicio\",\"item\":\"https:\/\/apuntesdesanluis.com\/\"},{\"@type\":\"ListItem\",\"position\":2,\"name\":\"FERNANDO GATICA, PRIMER CANDIDATO A DIPUTADO DEL FRENTE POR LA JUSTICIA SOCIAL\"}]},{\"@type\":\"WebSite\",\"@id\":\"https:\/\/apuntesdesanluis.com\/#website\",\"url\":\"https:\/\/apuntesdesanluis.com\/\",\"name\":\"Apuntes de San Luis\",\"description\":\"\",\"publisher\":{\"@id\":\"https:\/\/apuntesdesanluis.com\/#\/schema\/person\/b55151d52296fcce64d1a72538a70b90\"},\"potentialAction\":[{\"@type\":\"SearchAction\",\"target\":{\"@type\":\"EntryPoint\",\"urlTemplate\":\"https:\/\/apuntesdesanluis.com\/?s={search_term_string}\"},\"query-input\":{\"@type\":\"PropertyValueSpecification\",\"valueRequired\":true,\"valueName\":\"search_term_string\"}}],\"inLanguage\":\"es-AR\"},{\"@type\":[\"Person\",\"Organization\"],\"@id\":\"https:\/\/apuntesdesanluis.com\/#\/schema\/person\/b55151d52296fcce64d1a72538a70b90\",\"name\":\"apuntesdesanluis.com\",\"image\":{\"@type\":\"ImageObject\",\"inLanguage\":\"es-AR\",\"@id\":\"https:\/\/apuntesdesanluis.com\/#\/schema\/person\/image\/\",\"url\":\"https:\/\/apuntesdesanluis.com\/wp-content\/uploads\/2023\/07\/cropped-apuntesdesanluis.png\",\"contentUrl\":\"https:\/\/apuntesdesanluis.com\/wp-content\/uploads\/2023\/07\/cropped-apuntesdesanluis.png\",\"width\":450,\"height\":112,\"caption\":\"apuntesdesanluis.com\"},\"logo\":{\"@id\":\"https:\/\/apuntesdesanluis.com\/#\/schema\/person\/image\/\"},\"sameAs\":[\"https:\/\/apuntesdesanluis.com\"],\"url\":\"https:\/\/apuntesdesanluis.com\/index.php\/author\/apuntesdesanluis-com\/\"}]}<\/script>\n<!-- \/ Yoast SEO plugin. -->","yoast_head_json":{"title":"FERNANDO GATICA, PRIMER CANDIDATO A DIPUTADO DEL FRENTE POR LA JUSTICIA SOCIAL - Apuntes de San Luis","robots":{"index":"index","follow":"follow","max-snippet":"max-snippet:-1","max-image-preview":"max-image-preview:large","max-video-preview":"max-video-preview:-1"},"canonical":"https:\/\/apuntesdesanluis.com\/index.php\/2025\/03\/23\/fernando-gatica-primer-candidato-a-diputado-del-frente-por-la-justicia-social\/","og_locale":"es_ES","og_type":"article","og_title":"FERNANDO GATICA, PRIMER CANDIDATO A DIPUTADO DEL FRENTE POR LA JUSTICIA SOCIAL - Apuntes de San Luis","og_description":"El combativo Secretario General de ATE-San Luis, Fernando Gatica, lidera la lista para diputado provincial...","og_url":"https:\/\/apuntesdesanluis.com\/index.php\/2025\/03\/23\/fernando-gatica-primer-candidato-a-diputado-del-frente-por-la-justicia-social\/","og_site_name":"Apuntes de San Luis","article_published_time":"2025-03-24T02:49:19+00:00","article_modified_time":"2025-03-24T02:53:09+00:00","og_image":[{"width":781,"height":556,"url":"https:\/\/apuntesdesanluis.com\/wp-content\/uploads\/2025\/03\/FERNANDO-GATICA.png","type":"image\/png"}],"author":"apuntesdesanluis.com","twitter_card":"summary_large_image","twitter_misc":{"Escrito por":"apuntesdesanluis.com","Tiempo de lectura":"3 minutos"},"schema":{"@context":"https:\/\/schema.org","@graph":[{"@type":"Article","@id":"https:\/\/apuntesdesanluis.com\/index.php\/2025\/03\/23\/fernando-gatica-primer-candidato-a-diputado-del-frente-por-la-justicia-social\/#article","isPartOf":{"@id":"https:\/\/apuntesdesanluis.com\/index.php\/2025\/03\/23\/fernando-gatica-primer-candidato-a-diputado-del-frente-por-la-justicia-social\/"},"author":{"name":"apuntesdesanluis.com","@id":"https:\/\/apuntesdesanluis.com\/#\/schema\/person\/b55151d52296fcce64d1a72538a70b90"},"headline":"FERNANDO GATICA, PRIMER CANDIDATO A DIPUTADO DEL FRENTE POR LA JUSTICIA SOCIAL","datePublished":"2025-03-24T02:49:19+00:00","dateModified":"2025-03-24T02:53:09+00:00","mainEntityOfPage":{"@id":"https:\/\/apuntesdesanluis.com\/index.php\/2025\/03\/23\/fernando-gatica-primer-candidato-a-diputado-del-frente-por-la-justicia-social\/"},"wordCount":486,"publisher":{"@id":"https:\/\/apuntesdesanluis.com\/#\/schema\/person\/b55151d52296fcce64d1a72538a70b90"},"image":{"@id":"https:\/\/apuntesdesanluis.com\/index.php\/2025\/03\/23\/fernando-gatica-primer-candidato-a-diputado-del-frente-por-la-justicia-social\/#primaryimage"},"thumbnailUrl":"https:\/\/apuntesdesanluis.com\/wp-content\/uploads\/2025\/03\/FERNANDO-GATICA.png","articleSection":["Ciudad\/Provincia"],"inLanguage":"es-AR"},{"@type":"WebPage","@id":"https:\/\/apuntesdesanluis.com\/index.php\/2025\/03\/23\/fernando-gatica-primer-candidato-a-diputado-del-frente-por-la-justicia-social\/","url":"https:\/\/apuntesdesanluis.com\/index.php\/2025\/03\/23\/fernando-gatica-primer-candidato-a-diputado-del-frente-por-la-justicia-social\/","name":"FERNANDO GATICA, PRIMER CANDIDATO A DIPUTADO DEL FRENTE POR LA JUSTICIA SOCIAL - Apuntes de San Luis","isPartOf":{"@id":"https:\/\/apuntesdesanluis.com\/#website"},"primaryImageOfPage":{"@id":"https:\/\/apuntesdesanluis.com\/index.php\/2025\/03\/23\/fernando-gatica-primer-candidato-a-diputado-del-frente-por-la-justicia-social\/#primaryimage"},"image":{"@id":"https:\/\/apuntesdesanluis.com\/index.php\/2025\/03\/23\/fernando-gatica-primer-candidato-a-diputado-del-frente-por-la-justicia-social\/#primaryimage"},"thumbnailUrl":"https:\/\/apuntesdesanluis.com\/wp-content\/uploads\/2025\/03\/FERNANDO-GATICA.png","datePublished":"2025-03-24T02:49:19+00:00","dateModified":"2025-03-24T02:53:09+00:00","breadcrumb":{"@id":"https:\/\/apuntesdesanluis.com\/index.php\/2025\/03\/23\/fernando-gatica-primer-candidato-a-diputado-del-frente-por-la-justicia-social\/#breadcrumb"},"inLanguage":"es-AR","potentialAction":[{"@type":"ReadAction","target":["https:\/\/apuntesdesanluis.com\/index.php\/2025\/03\/23\/fernando-gatica-primer-candidato-a-diputado-del-frente-por-la-justicia-social\/"]}]},{"@type":"ImageObject","inLanguage":"es-AR","@id":"https:\/\/apuntesdesanluis.com\/index.php\/2025\/03\/23\/fernando-gatica-primer-candidato-a-diputado-del-frente-por-la-justicia-social\/#primaryimage","url":"https:\/\/apuntesdesanluis.com\/wp-content\/uploads\/2025\/03\/FERNANDO-GATICA.png","contentUrl":"https:\/\/apuntesdesanluis.com\/wp-content\/uploads\/2025\/03\/FERNANDO-GATICA.png","width":781,"height":556},{"@type":"BreadcrumbList","@id":"https:\/\/apuntesdesanluis.com\/index.php\/2025\/03\/23\/fernando-gatica-primer-candidato-a-diputado-del-frente-por-la-justicia-social\/#breadcrumb","itemListElement":[{"@type":"ListItem","position":1,"name":"Inicio","item":"https:\/\/apuntesdesanluis.com\/"},{"@type":"ListItem","position":2,"name":"FERNANDO GATICA, PRIMER CANDIDATO A DIPUTADO DEL FRENTE POR LA JUSTICIA SOCIAL"}]},{"@type":"WebSite","@id":"https:\/\/apuntesdesanluis.com\/#website","url":"https:\/\/apuntesdesanluis.com\/","name":"Apuntes de San Luis","description":"","publisher":{"@id":"https:\/\/apuntesdesanluis.com\/#\/schema\/person\/b55151d52296fcce64d1a72538a70b90"},"potentialAction":[{"@type":"SearchAction","target":{"@type":"EntryPoint","urlTemplate":"https:\/\/apuntesdesanluis.com\/?s={search_term_string}"},"query-input":{"@type":"PropertyValueSpecification","valueRequired":true,"valueName":"search_term_string"}}],"inLanguage":"es-AR"},{"@type":["Person","Organization"],"@id":"https:\/\/apuntesdesanluis.com\/#\/schema\/person\/b55151d52296fcce64d1a72538a70b90","name":"apuntesdesanluis.com","image":{"@type":"ImageObject","inLanguage":"es-AR","@id":"https:\/\/apuntesdesanluis.com\/#\/schema\/person\/image\/","url":"https:\/\/apuntesdesanluis.com\/wp-content\/uploads\/2023\/07\/cropped-apuntesdesanluis.png","contentUrl":"https:\/\/apuntesdesanluis.com\/wp-content\/uploads\/2023\/07\/cropped-apuntesdesanluis.png","width":450,"height":112,"caption":"apuntesdesanluis.com"},"logo":{"@id":"https:\/\/apuntesdesanluis.com\/#\/schema\/person\/image\/"},"sameAs":["https:\/\/apuntesdesanluis.com"],"url":"https:\/\/apuntesdesanluis.com\/index.php\/author\/apuntesdesanluis-com\/"}]}},"featured_image_urls":{"full":["https:\/\/apuntesdesanluis.com\/wp-content\/uploads\/2025\/03\/FERNANDO-GATICA.png",781,556,false],"thumbnail":["https:\/\/apuntesdesanluis.com\/wp-content\/uploads\/2025\/03\/FERNANDO-GATICA-150x150.png",150,150,true],"medium":["https:\/\/apuntesdesanluis.com\/wp-content\/uploads\/2025\/03\/FERNANDO-GATICA-300x214.png",300,214,true],"medium_large":["https:\/\/apuntesdesanluis.com\/wp-content\/uploads\/2025\/03\/FERNANDO-GATICA-768x547.png",640,456,true],"large":["https:\/\/apuntesdesanluis.com\/wp-content\/uploads\/2025\/03\/FERNANDO-GATICA.png",640,456,false],"1536x1536":["https:\/\/apuntesdesanluis.com\/wp-content\/uploads\/2025\/03\/FERNANDO-GATICA.png",781,556,false],"2048x2048":["https:\/\/apuntesdesanluis.com\/wp-content\/uploads\/2025\/03\/FERNANDO-GATICA.png",781,556,false],"newsever-slider-full":["https:\/\/apuntesdesanluis.com\/wp-content\/uploads\/2025\/03\/FERNANDO-GATICA.png",781,556,false],"newsever-featured":["https:\/\/apuntesdesanluis.com\/wp-content\/uploads\/2025\/03\/FERNANDO-GATICA.png",781,556,false],"newsever-medium":["https:\/\/apuntesdesanluis.com\/wp-content\/uploads\/2025\/03\/FERNANDO-GATICA-720x475.png",720,475,true]},"author_info":{"display_name":"apuntesdesanluis.com","author_link":"https:\/\/apuntesdesanluis.com\/index.php\/author\/apuntesdesanluis-com\/"},"category_info":"<a href=\"https:\/\/apuntesdesanluis.com\/index.php\/category\/ciudad-provincia\/\" rel=\"category tag\">Ciudad\/Provincia<\/a>","tag_info":"Ciudad\/Provincia","comment_count":"0","_links":{"self":[{"href":"https:\/\/apuntesdesanluis.com\/index.php\/wp-json\/wp\/v2\/posts\/30754","targetHints":{"allow":["GET"]}}],"collection":[{"href":"https:\/\/apuntesdesanluis.com\/index.php\/wp-json\/wp\/v2\/posts"}],"about":[{"href":"https:\/\/apuntesdesanluis.com\/index.php\/wp-json\/wp\/v2\/types\/post"}],"author":[{"embeddable":true,"href":"https:\/\/apuntesdesanluis.com\/index.php\/wp-json\/wp\/v2\/users\/1"}],"replies":[{"embeddable":true,"href":"https:\/\/apuntesdesanluis.com\/index.php\/wp-json\/wp\/v2\/comments?post=30754"}],"version-history":[{"count":4,"href":"https:\/\/apuntesdesanluis.com\/index.php\/wp-json\/wp\/v2\/posts\/30754\/revisions"}],"predecessor-version":[{"id":30759,"href":"https:\/\/apuntesdesanluis.com\/index.php\/wp-json\/wp\/v2\/posts\/30754\/revisions\/30759"}],"wp:featuredmedia":[{"embeddable":true,"href":"https:\/\/apuntesdesanluis.com\/index.php\/wp-json\/wp\/v2\/media\/30755"}],"wp:attachment":[{"href":"https:\/\/apuntesdesanluis.com\/index.php\/wp-json\/wp\/v2\/media?parent=30754"}],"wp:term":[{"taxonomy":"category","embeddable":true,"href":"https:\/\/apuntesdesanluis.com\/index.php\/wp-json\/wp\/v2\/categories?post=30754"},{"taxonomy":"post_tag","embeddable":true,"href":"https:\/\/apuntesdesanluis.com\/index.php\/wp-json\/wp\/v2\/tags?post=30754"}],"curies":[{"name":"wp","href":"https:\/\/api.w.org\/{rel}","templated":true}]}}