{"id":30774,"date":"2025-03-24T20:38:46","date_gmt":"2025-03-24T23:38:46","guid":{"rendered":"https:\/\/apuntesdesanluis.com\/?p=30774"},"modified":"2025-03-24T20:38:46","modified_gmt":"2025-03-24T23:38:46","slug":"la-unsl-conmemoro-el-dia-nacional-de-la-memoria-por-la-verdad-y-la-justicia","status":"publish","type":"post","link":"https:\/\/apuntesdesanluis.com\/index.php\/2025\/03\/24\/la-unsl-conmemoro-el-dia-nacional-de-la-memoria-por-la-verdad-y-la-justicia\/","title":{"rendered":"LA UNSL CONMEMOR\u00d3 EL D\u00cdA NACIONAL DE LA MEMORIA, POR LA VERDAD Y LA JUSTICIA"},"content":{"rendered":"<h3>Este lunes 24 por la ma\u00f1ana en la explanada del Rectorado de la <strong>UNSL<\/strong> se llev\u00f3 a cabo el acto central en conmemoraci\u00f3n de este D\u00eda. Luego de entonar las estrofas del Himno Nacional, se invit\u00f3 al rector de la Instituci\u00f3n, <strong>V\u00edctor Mori\u00f1igo<\/strong>, junto al Vicegobernador de la Provincia, <strong>Ricardo Endeiza<\/strong>, Decanos y Decanas, y representantes estudiantiles y gremiales, a colocar la tradicional ofrenda floral ante el busto de quien fuera nuestro primer rector, Profesor <strong>Mauricio Am\u00edlcar L\u00f3pez<\/strong>.<\/h3>\n<p><img fetchpriority=\"high\" decoding=\"async\" class=\"wp-image-30776 aligncenter\" src=\"https:\/\/apuntesdesanluis.com\/wp-content\/uploads\/2025\/03\/flores-1-300x174.png\" alt=\"\" width=\"578\" height=\"335\" srcset=\"https:\/\/apuntesdesanluis.com\/wp-content\/uploads\/2025\/03\/flores-1-300x174.png 300w, https:\/\/apuntesdesanluis.com\/wp-content\/uploads\/2025\/03\/flores-1-768x446.png 768w, https:\/\/apuntesdesanluis.com\/wp-content\/uploads\/2025\/03\/flores-1.png 867w\" sizes=\"(max-width: 578px) 100vw, 578px\" \/><\/p>\n<h3>El 24 de marzo de 1976, Argentina comenzaba la larga noche de la Dictadura C\u00edvico Militar que asol\u00f3 el pa\u00eds durante m\u00e1s de siete (7) a\u00f1os. Las secuelas del terrorismo de Estado, que afectan a toda la comunidad, incluyen la desigualdad y la miseria y miles de personas desparecidas y asesinadas, exiliadas, prisioneras y apropiadas.<\/h3>\n<h3>Homenajear a nuestro primer rector, el Profesor Mauricio Am\u00edlcar L\u00f3pez, que a\u00fan contin\u00faa en calidad de detenido\/desaparecido, y a todas las ausencias, compromete a todas las personas, instituciones y sectores de la sociedad que valoran el sistema democr\u00e1tico, a continuar promocionando y defendiendo los Derechos Humanos, para la construcci\u00f3n de una sociedad m\u00e1s justa, equitativa y soberana, indic\u00f3 la UNSL.<\/h3>\n<h3>El evento continu\u00f3 con el discurso de la Dra. Clotilde De Paw, docente jubilada de nuestra Universidad y coordinadora de la Red Interuniversitaria de Derechos Humanos, del Consejo Interuniversitario Nacional (CIN).<\/h3>\n<h3>\u00abHan pasado 49 a\u00f1os de aquella dictadura militar, econ\u00f3mica, eclesi\u00e1stica, corporativa, aquel genocidio perpetrado por el Estado y seguimos buscando los cuerpos de m\u00e1s de 30.000 desaparecidos y desaparecidas\u00bb. A eso agreg\u00f3: \u00abhoy conmemoramos otro 24 de marzo para no olvidar que aquel de 1976 se convirti\u00f3 en la m\u00e1s perversa y cruenta dictadura de toda nuestra historia, en una maquinaria de muerte y exterminio de toda una generaci\u00f3n con sue\u00f1os de libertad, de justicia social y un mundo de iguales\u00bb.<\/h3>\n<h3>En este sentido prosigui\u00f3: \u00abEste 24 de marzo, esos 30.000 detenidos\/desaparecidos, a los que quisieron enterrar sin dejar rastros de sus cuerpos, est\u00e1n aqu\u00ed convertidos en semilla, para poner el mundo sobre sus pies, para que dejemos amores, abrazos y continuidades tejiendo sue\u00f1os como condici\u00f3n ontol\u00f3gica ante lo inadmisible y soportable\u00bb.<\/h3>\n<h3>Luego de estas palabras se realiz\u00f3 un minuto de aplausos para reconocer a las v\u00edctimas. Para finalizar, se invit\u00f3 a las personas presentes a integrarse a la Marcha por la Memoria, la Verdad y la Justicia por las calles de nuestra Ciudad, y a participar en el acto conmemorativo en la esquina de Rivadavia y Pringles, en el espacio de la Plaza principal, en donde se encuentra el monolito en homenaje a nuestras ausencias.<\/h3>\n<p>&nbsp;<\/p>\n<p>&nbsp;<\/p>\n<p>&nbsp;<\/p>\n<h3><\/h3>\n<h3><\/h3>\n<h3><\/h3>\n","protected":false},"excerpt":{"rendered":"<p>Este lunes 24 por la ma\u00f1ana en la explanada del Rectorado de la UNSL se&#8230;<\/p>\n","protected":false},"author":1,"featured_media":30775,"comment_status":"closed","ping_status":"closed","sticky":false,"template":"","format":"standard","meta":{"footnotes":""},"categories":[6],"tags":[],"class_list":["post-30774","post","type-post","status-publish","format-standard","has-post-thumbnail","hentry","category-ciudad-provincia"],"yoast_head":"<!-- This site is optimized with the Yoast SEO plugin v26.1.1 - https:\/\/yoast.com\/wordpress\/plugins\/seo\/ -->\n<title>LA UNSL CONMEMOR\u00d3 EL D\u00cdA NACIONAL DE LA MEMORIA, POR LA VERDAD Y LA JUSTICIA - Apuntes de San Luis<\/title>\n<meta name=\"robots\" content=\"index, follow, max-snippet:-1, max-image-preview:large, max-video-preview:-1\" \/>\n<link rel=\"canonical\" href=\"https:\/\/apuntesdesanluis.com\/index.php\/2025\/03\/24\/la-unsl-conmemoro-el-dia-nacional-de-la-memoria-por-la-verdad-y-la-justicia\/\" \/>\n<meta property=\"og:locale\" content=\"es_ES\" \/>\n<meta property=\"og:type\" content=\"article\" \/>\n<meta property=\"og:title\" content=\"LA UNSL CONMEMOR\u00d3 EL D\u00cdA NACIONAL DE LA MEMORIA, POR LA VERDAD Y LA JUSTICIA - Apuntes de San Luis\" \/>\n<meta property=\"og:description\" content=\"Este lunes 24 por la ma\u00f1ana en la explanada del Rectorado de la UNSL se...\" \/>\n<meta property=\"og:url\" content=\"https:\/\/apuntesdesanluis.com\/index.php\/2025\/03\/24\/la-unsl-conmemoro-el-dia-nacional-de-la-memoria-por-la-verdad-y-la-justicia\/\" \/>\n<meta property=\"og:site_name\" content=\"Apuntes de San Luis\" \/>\n<meta property=\"article:published_time\" content=\"2025-03-24T23:38:46+00:00\" \/>\n<meta property=\"og:image\" content=\"https:\/\/apuntesdesanluis.com\/wp-content\/uploads\/2025\/03\/acto.png\" \/>\n\t<meta property=\"og:image:width\" content=\"700\" \/>\n\t<meta property=\"og:image:height\" content=\"366\" \/>\n\t<meta property=\"og:image:type\" content=\"image\/png\" \/>\n<meta name=\"author\" content=\"apuntesdesanluis.com\" \/>\n<meta name=\"twitter:card\" content=\"summary_large_image\" \/>\n<meta name=\"twitter:label1\" content=\"Escrito por\" \/>\n\t<meta name=\"twitter:data1\" content=\"apuntesdesanluis.com\" \/>\n\t<meta name=\"twitter:label2\" content=\"Tiempo de lectura\" \/>\n\t<meta name=\"twitter:data2\" content=\"3 minutos\" \/>\n<script type=\"application\/ld+json\" class=\"yoast-schema-graph\">{\"@context\":\"https:\/\/schema.org\",\"@graph\":[{\"@type\":\"Article\",\"@id\":\"https:\/\/apuntesdesanluis.com\/index.php\/2025\/03\/24\/la-unsl-conmemoro-el-dia-nacional-de-la-memoria-por-la-verdad-y-la-justicia\/#article\",\"isPartOf\":{\"@id\":\"https:\/\/apuntesdesanluis.com\/index.php\/2025\/03\/24\/la-unsl-conmemoro-el-dia-nacional-de-la-memoria-por-la-verdad-y-la-justicia\/\"},\"author\":{\"name\":\"apuntesdesanluis.com\",\"@id\":\"https:\/\/apuntesdesanluis.com\/#\/schema\/person\/b55151d52296fcce64d1a72538a70b90\"},\"headline\":\"LA UNSL CONMEMOR\u00d3 EL D\u00cdA NACIONAL DE LA MEMORIA, POR LA VERDAD Y LA JUSTICIA\",\"datePublished\":\"2025-03-24T23:38:46+00:00\",\"mainEntityOfPage\":{\"@id\":\"https:\/\/apuntesdesanluis.com\/index.php\/2025\/03\/24\/la-unsl-conmemoro-el-dia-nacional-de-la-memoria-por-la-verdad-y-la-justicia\/\"},\"wordCount\":472,\"publisher\":{\"@id\":\"https:\/\/apuntesdesanluis.com\/#\/schema\/person\/b55151d52296fcce64d1a72538a70b90\"},\"image\":{\"@id\":\"https:\/\/apuntesdesanluis.com\/index.php\/2025\/03\/24\/la-unsl-conmemoro-el-dia-nacional-de-la-memoria-por-la-verdad-y-la-justicia\/#primaryimage\"},\"thumbnailUrl\":\"https:\/\/apuntesdesanluis.com\/wp-content\/uploads\/2025\/03\/acto.png\",\"articleSection\":[\"Ciudad\/Provincia\"],\"inLanguage\":\"es-AR\"},{\"@type\":\"WebPage\",\"@id\":\"https:\/\/apuntesdesanluis.com\/index.php\/2025\/03\/24\/la-unsl-conmemoro-el-dia-nacional-de-la-memoria-por-la-verdad-y-la-justicia\/\",\"url\":\"https:\/\/apuntesdesanluis.com\/index.php\/2025\/03\/24\/la-unsl-conmemoro-el-dia-nacional-de-la-memoria-por-la-verdad-y-la-justicia\/\",\"name\":\"LA UNSL CONMEMOR\u00d3 EL D\u00cdA NACIONAL DE LA MEMORIA, POR LA VERDAD Y LA JUSTICIA - Apuntes de San Luis\",\"isPartOf\":{\"@id\":\"https:\/\/apuntesdesanluis.com\/#website\"},\"primaryImageOfPage\":{\"@id\":\"https:\/\/apuntesdesanluis.com\/index.php\/2025\/03\/24\/la-unsl-conmemoro-el-dia-nacional-de-la-memoria-por-la-verdad-y-la-justicia\/#primaryimage\"},\"image\":{\"@id\":\"https:\/\/apuntesdesanluis.com\/index.php\/2025\/03\/24\/la-unsl-conmemoro-el-dia-nacional-de-la-memoria-por-la-verdad-y-la-justicia\/#primaryimage\"},\"thumbnailUrl\":\"https:\/\/apuntesdesanluis.com\/wp-content\/uploads\/2025\/03\/acto.png\",\"datePublished\":\"2025-03-24T23:38:46+00:00\",\"breadcrumb\":{\"@id\":\"https:\/\/apuntesdesanluis.com\/index.php\/2025\/03\/24\/la-unsl-conmemoro-el-dia-nacional-de-la-memoria-por-la-verdad-y-la-justicia\/#breadcrumb\"},\"inLanguage\":\"es-AR\",\"potentialAction\":[{\"@type\":\"ReadAction\",\"target\":[\"https:\/\/apuntesdesanluis.com\/index.php\/2025\/03\/24\/la-unsl-conmemoro-el-dia-nacional-de-la-memoria-por-la-verdad-y-la-justicia\/\"]}]},{\"@type\":\"ImageObject\",\"inLanguage\":\"es-AR\",\"@id\":\"https:\/\/apuntesdesanluis.com\/index.php\/2025\/03\/24\/la-unsl-conmemoro-el-dia-nacional-de-la-memoria-por-la-verdad-y-la-justicia\/#primaryimage\",\"url\":\"https:\/\/apuntesdesanluis.com\/wp-content\/uploads\/2025\/03\/acto.png\",\"contentUrl\":\"https:\/\/apuntesdesanluis.com\/wp-content\/uploads\/2025\/03\/acto.png\",\"width\":700,\"height\":366},{\"@type\":\"BreadcrumbList\",\"@id\":\"https:\/\/apuntesdesanluis.com\/index.php\/2025\/03\/24\/la-unsl-conmemoro-el-dia-nacional-de-la-memoria-por-la-verdad-y-la-justicia\/#breadcrumb\",\"itemListElement\":[{\"@type\":\"ListItem\",\"position\":1,\"name\":\"Inicio\",\"item\":\"https:\/\/apuntesdesanluis.com\/\"},{\"@type\":\"ListItem\",\"position\":2,\"name\":\"LA UNSL CONMEMOR\u00d3 EL D\u00cdA NACIONAL DE LA MEMORIA, POR LA VERDAD Y LA JUSTICIA\"}]},{\"@type\":\"WebSite\",\"@id\":\"https:\/\/apuntesdesanluis.com\/#website\",\"url\":\"https:\/\/apuntesdesanluis.com\/\",\"name\":\"Apuntes de San Luis\",\"description\":\"\",\"publisher\":{\"@id\":\"https:\/\/apuntesdesanluis.com\/#\/schema\/person\/b55151d52296fcce64d1a72538a70b90\"},\"potentialAction\":[{\"@type\":\"SearchAction\",\"target\":{\"@type\":\"EntryPoint\",\"urlTemplate\":\"https:\/\/apuntesdesanluis.com\/?s={search_term_string}\"},\"query-input\":{\"@type\":\"PropertyValueSpecification\",\"valueRequired\":true,\"valueName\":\"search_term_string\"}}],\"inLanguage\":\"es-AR\"},{\"@type\":[\"Person\",\"Organization\"],\"@id\":\"https:\/\/apuntesdesanluis.com\/#\/schema\/person\/b55151d52296fcce64d1a72538a70b90\",\"name\":\"apuntesdesanluis.com\",\"image\":{\"@type\":\"ImageObject\",\"inLanguage\":\"es-AR\",\"@id\":\"https:\/\/apuntesdesanluis.com\/#\/schema\/person\/image\/\",\"url\":\"https:\/\/apuntesdesanluis.com\/wp-content\/uploads\/2023\/07\/cropped-apuntesdesanluis.png\",\"contentUrl\":\"https:\/\/apuntesdesanluis.com\/wp-content\/uploads\/2023\/07\/cropped-apuntesdesanluis.png\",\"width\":450,\"height\":112,\"caption\":\"apuntesdesanluis.com\"},\"logo\":{\"@id\":\"https:\/\/apuntesdesanluis.com\/#\/schema\/person\/image\/\"},\"sameAs\":[\"https:\/\/apuntesdesanluis.com\"],\"url\":\"https:\/\/apuntesdesanluis.com\/index.php\/author\/apuntesdesanluis-com\/\"}]}<\/script>\n<!-- \/ Yoast SEO plugin. -->","yoast_head_json":{"title":"LA UNSL CONMEMOR\u00d3 EL D\u00cdA NACIONAL DE LA MEMORIA, POR LA VERDAD Y LA JUSTICIA - Apuntes de San Luis","robots":{"index":"index","follow":"follow","max-snippet":"max-snippet:-1","max-image-preview":"max-image-preview:large","max-video-preview":"max-video-preview:-1"},"canonical":"https:\/\/apuntesdesanluis.com\/index.php\/2025\/03\/24\/la-unsl-conmemoro-el-dia-nacional-de-la-memoria-por-la-verdad-y-la-justicia\/","og_locale":"es_ES","og_type":"article","og_title":"LA UNSL CONMEMOR\u00d3 EL D\u00cdA NACIONAL DE LA MEMORIA, POR LA VERDAD Y LA JUSTICIA - Apuntes de San Luis","og_description":"Este lunes 24 por la ma\u00f1ana en la explanada del Rectorado de la UNSL se...","og_url":"https:\/\/apuntesdesanluis.com\/index.php\/2025\/03\/24\/la-unsl-conmemoro-el-dia-nacional-de-la-memoria-por-la-verdad-y-la-justicia\/","og_site_name":"Apuntes de San Luis","article_published_time":"2025-03-24T23:38:46+00:00","og_image":[{"width":700,"height":366,"url":"https:\/\/apuntesdesanluis.com\/wp-content\/uploads\/2025\/03\/acto.png","type":"image\/png"}],"author":"apuntesdesanluis.com","twitter_card":"summary_large_image","twitter_misc":{"Escrito por":"apuntesdesanluis.com","Tiempo de lectura":"3 minutos"},"schema":{"@context":"https:\/\/schema.org","@graph":[{"@type":"Article","@id":"https:\/\/apuntesdesanluis.com\/index.php\/2025\/03\/24\/la-unsl-conmemoro-el-dia-nacional-de-la-memoria-por-la-verdad-y-la-justicia\/#article","isPartOf":{"@id":"https:\/\/apuntesdesanluis.com\/index.php\/2025\/03\/24\/la-unsl-conmemoro-el-dia-nacional-de-la-memoria-por-la-verdad-y-la-justicia\/"},"author":{"name":"apuntesdesanluis.com","@id":"https:\/\/apuntesdesanluis.com\/#\/schema\/person\/b55151d52296fcce64d1a72538a70b90"},"headline":"LA UNSL CONMEMOR\u00d3 EL D\u00cdA NACIONAL DE LA MEMORIA, POR LA VERDAD Y LA JUSTICIA","datePublished":"2025-03-24T23:38:46+00:00","mainEntityOfPage":{"@id":"https:\/\/apuntesdesanluis.com\/index.php\/2025\/03\/24\/la-unsl-conmemoro-el-dia-nacional-de-la-memoria-por-la-verdad-y-la-justicia\/"},"wordCount":472,"publisher":{"@id":"https:\/\/apuntesdesanluis.com\/#\/schema\/person\/b55151d52296fcce64d1a72538a70b90"},"image":{"@id":"https:\/\/apuntesdesanluis.com\/index.php\/2025\/03\/24\/la-unsl-conmemoro-el-dia-nacional-de-la-memoria-por-la-verdad-y-la-justicia\/#primaryimage"},"thumbnailUrl":"https:\/\/apuntesdesanluis.com\/wp-content\/uploads\/2025\/03\/acto.png","articleSection":["Ciudad\/Provincia"],"inLanguage":"es-AR"},{"@type":"WebPage","@id":"https:\/\/apuntesdesanluis.com\/index.php\/2025\/03\/24\/la-unsl-conmemoro-el-dia-nacional-de-la-memoria-por-la-verdad-y-la-justicia\/","url":"https:\/\/apuntesdesanluis.com\/index.php\/2025\/03\/24\/la-unsl-conmemoro-el-dia-nacional-de-la-memoria-por-la-verdad-y-la-justicia\/","name":"LA UNSL CONMEMOR\u00d3 EL D\u00cdA NACIONAL DE LA MEMORIA, POR LA VERDAD Y LA JUSTICIA - Apuntes de San Luis","isPartOf":{"@id":"https:\/\/apuntesdesanluis.com\/#website"},"primaryImageOfPage":{"@id":"https:\/\/apuntesdesanluis.com\/index.php\/2025\/03\/24\/la-unsl-conmemoro-el-dia-nacional-de-la-memoria-por-la-verdad-y-la-justicia\/#primaryimage"},"image":{"@id":"https:\/\/apuntesdesanluis.com\/index.php\/2025\/03\/24\/la-unsl-conmemoro-el-dia-nacional-de-la-memoria-por-la-verdad-y-la-justicia\/#primaryimage"},"thumbnailUrl":"https:\/\/apuntesdesanluis.com\/wp-content\/uploads\/2025\/03\/acto.png","datePublished":"2025-03-24T23:38:46+00:00","breadcrumb":{"@id":"https:\/\/apuntesdesanluis.com\/index.php\/2025\/03\/24\/la-unsl-conmemoro-el-dia-nacional-de-la-memoria-por-la-verdad-y-la-justicia\/#breadcrumb"},"inLanguage":"es-AR","potentialAction":[{"@type":"ReadAction","target":["https:\/\/apuntesdesanluis.com\/index.php\/2025\/03\/24\/la-unsl-conmemoro-el-dia-nacional-de-la-memoria-por-la-verdad-y-la-justicia\/"]}]},{"@type":"ImageObject","inLanguage":"es-AR","@id":"https:\/\/apuntesdesanluis.com\/index.php\/2025\/03\/24\/la-unsl-conmemoro-el-dia-nacional-de-la-memoria-por-la-verdad-y-la-justicia\/#primaryimage","url":"https:\/\/apuntesdesanluis.com\/wp-content\/uploads\/2025\/03\/acto.png","contentUrl":"https:\/\/apuntesdesanluis.com\/wp-content\/uploads\/2025\/03\/acto.png","width":700,"height":366},{"@type":"BreadcrumbList","@id":"https:\/\/apuntesdesanluis.com\/index.php\/2025\/03\/24\/la-unsl-conmemoro-el-dia-nacional-de-la-memoria-por-la-verdad-y-la-justicia\/#breadcrumb","itemListElement":[{"@type":"ListItem","position":1,"name":"Inicio","item":"https:\/\/apuntesdesanluis.com\/"},{"@type":"ListItem","position":2,"name":"LA UNSL CONMEMOR\u00d3 EL D\u00cdA NACIONAL DE LA MEMORIA, POR LA VERDAD Y LA JUSTICIA"}]},{"@type":"WebSite","@id":"https:\/\/apuntesdesanluis.com\/#website","url":"https:\/\/apuntesdesanluis.com\/","name":"Apuntes de San Luis","description":"","publisher":{"@id":"https:\/\/apuntesdesanluis.com\/#\/schema\/person\/b55151d52296fcce64d1a72538a70b90"},"potentialAction":[{"@type":"SearchAction","target":{"@type":"EntryPoint","urlTemplate":"https:\/\/apuntesdesanluis.com\/?s={search_term_string}"},"query-input":{"@type":"PropertyValueSpecification","valueRequired":true,"valueName":"search_term_string"}}],"inLanguage":"es-AR"},{"@type":["Person","Organization"],"@id":"https:\/\/apuntesdesanluis.com\/#\/schema\/person\/b55151d52296fcce64d1a72538a70b90","name":"apuntesdesanluis.com","image":{"@type":"ImageObject","inLanguage":"es-AR","@id":"https:\/\/apuntesdesanluis.com\/#\/schema\/person\/image\/","url":"https:\/\/apuntesdesanluis.com\/wp-content\/uploads\/2023\/07\/cropped-apuntesdesanluis.png","contentUrl":"https:\/\/apuntesdesanluis.com\/wp-content\/uploads\/2023\/07\/cropped-apuntesdesanluis.png","width":450,"height":112,"caption":"apuntesdesanluis.com"},"logo":{"@id":"https:\/\/apuntesdesanluis.com\/#\/schema\/person\/image\/"},"sameAs":["https:\/\/apuntesdesanluis.com"],"url":"https:\/\/apuntesdesanluis.com\/index.php\/author\/apuntesdesanluis-com\/"}]}},"featured_image_urls":{"full":["https:\/\/apuntesdesanluis.com\/wp-content\/uploads\/2025\/03\/acto.png",700,366,false],"thumbnail":["https:\/\/apuntesdesanluis.com\/wp-content\/uploads\/2025\/03\/acto-150x150.png",150,150,true],"medium":["https:\/\/apuntesdesanluis.com\/wp-content\/uploads\/2025\/03\/acto-300x157.png",300,157,true],"medium_large":["https:\/\/apuntesdesanluis.com\/wp-content\/uploads\/2025\/03\/acto.png",640,335,false],"large":["https:\/\/apuntesdesanluis.com\/wp-content\/uploads\/2025\/03\/acto.png",640,335,false],"1536x1536":["https:\/\/apuntesdesanluis.com\/wp-content\/uploads\/2025\/03\/acto.png",700,366,false],"2048x2048":["https:\/\/apuntesdesanluis.com\/wp-content\/uploads\/2025\/03\/acto.png",700,366,false],"newsever-slider-full":["https:\/\/apuntesdesanluis.com\/wp-content\/uploads\/2025\/03\/acto.png",700,366,false],"newsever-featured":["https:\/\/apuntesdesanluis.com\/wp-content\/uploads\/2025\/03\/acto.png",700,366,false],"newsever-medium":["https:\/\/apuntesdesanluis.com\/wp-content\/uploads\/2025\/03\/acto.png",700,366,false]},"author_info":{"display_name":"apuntesdesanluis.com","author_link":"https:\/\/apuntesdesanluis.com\/index.php\/author\/apuntesdesanluis-com\/"},"category_info":"<a href=\"https:\/\/apuntesdesanluis.com\/index.php\/category\/ciudad-provincia\/\" rel=\"category tag\">Ciudad\/Provincia<\/a>","tag_info":"Ciudad\/Provincia","comment_count":"0","_links":{"self":[{"href":"https:\/\/apuntesdesanluis.com\/index.php\/wp-json\/wp\/v2\/posts\/30774","targetHints":{"allow":["GET"]}}],"collection":[{"href":"https:\/\/apuntesdesanluis.com\/index.php\/wp-json\/wp\/v2\/posts"}],"about":[{"href":"https:\/\/apuntesdesanluis.com\/index.php\/wp-json\/wp\/v2\/types\/post"}],"author":[{"embeddable":true,"href":"https:\/\/apuntesdesanluis.com\/index.php\/wp-json\/wp\/v2\/users\/1"}],"replies":[{"embeddable":true,"href":"https:\/\/apuntesdesanluis.com\/index.php\/wp-json\/wp\/v2\/comments?post=30774"}],"version-history":[{"count":1,"href":"https:\/\/apuntesdesanluis.com\/index.php\/wp-json\/wp\/v2\/posts\/30774\/revisions"}],"predecessor-version":[{"id":30777,"href":"https:\/\/apuntesdesanluis.com\/index.php\/wp-json\/wp\/v2\/posts\/30774\/revisions\/30777"}],"wp:featuredmedia":[{"embeddable":true,"href":"https:\/\/apuntesdesanluis.com\/index.php\/wp-json\/wp\/v2\/media\/30775"}],"wp:attachment":[{"href":"https:\/\/apuntesdesanluis.com\/index.php\/wp-json\/wp\/v2\/media?parent=30774"}],"wp:term":[{"taxonomy":"category","embeddable":true,"href":"https:\/\/apuntesdesanluis.com\/index.php\/wp-json\/wp\/v2\/categories?post=30774"},{"taxonomy":"post_tag","embeddable":true,"href":"https:\/\/apuntesdesanluis.com\/index.php\/wp-json\/wp\/v2\/tags?post=30774"}],"curies":[{"name":"wp","href":"https:\/\/api.w.org\/{rel}","templated":true}]}}