{"id":30778,"date":"2025-03-22T15:46:35","date_gmt":"2025-03-22T18:46:35","guid":{"rendered":"https:\/\/apuntesdesanluis.com\/?p=30778"},"modified":"2025-03-24T20:51:21","modified_gmt":"2025-03-24T23:51:21","slug":"homicidio-de-una-beba-18-anos-de-prision-al-hombre-y-12-a-la-mama","status":"publish","type":"post","link":"https:\/\/apuntesdesanluis.com\/index.php\/2025\/03\/22\/homicidio-de-una-beba-18-anos-de-prision-al-hombre-y-12-a-la-mama\/","title":{"rendered":"HOMICIDIO DE UNA BEBA: 18 A\u00d1OS DE PRISI\u00d3N AL HOMBRE Y 12 A LA MAM\u00c1"},"content":{"rendered":"<h3>En una audiencia de cesura de juicio, un tribunal del Colegio de Jueces de la Primera Circunscripci\u00f3n conden\u00f3 a 18 a\u00f1os de prisi\u00f3n a <strong>Edgar S\u00e1nchez<\/strong> y a <strong>Melanie Castro<\/strong> a 12 a\u00f1os por el homicidio de una beba de 9 meses, hija de la mujer. El veredicto condenatorio se emiti\u00f3 este viernes al mediod\u00eda, un d\u00eda despu\u00e9s que se declarara la responsabilidad penal de ambos acusados.<\/h3>\n<h3>S\u00e1nchez fue condenado por el delito de homicidio simple en calidad de autor (Art. 79\u00ba y 45\u00ba del C.P. de la Naci\u00f3n Argentina) y Castro como coautora penalmente responsable de homicidio calificado por el v\u00ednculo, en comisi\u00f3n por omisi\u00f3n, mediando circunstancias\u00a0\u00a0 extraordinarias de atenuaci\u00f3n en calidad de autora (Art. 80 inc.1\u00ba y \u00faltimo p\u00e1rrafo y 45 del C.P. de la Naci\u00f3n Argentina). Luego de la audiencia, ambos fueron trasladados al Servicio Penitenciario Provincial.<\/h3>\n<h3><img fetchpriority=\"high\" decoding=\"async\" class=\"wp-image-30780 aligncenter\" src=\"https:\/\/apuntesdesanluis.com\/wp-content\/uploads\/2025\/03\/TRIBUNAL-1-300x155.png\" alt=\"\" width=\"577\" height=\"298\" srcset=\"https:\/\/apuntesdesanluis.com\/wp-content\/uploads\/2025\/03\/TRIBUNAL-1-300x155.png 300w, https:\/\/apuntesdesanluis.com\/wp-content\/uploads\/2025\/03\/TRIBUNAL-1-768x396.png 768w, https:\/\/apuntesdesanluis.com\/wp-content\/uploads\/2025\/03\/TRIBUNAL-1.png 800w\" sizes=\"(max-width: 577px) 100vw, 577px\" \/><\/h3>\n<h3>Un juicio de cesura es un tipo de juicio penal que se divide en dos partes: una primera parte donde se decide si la persona es culpable o no.\u00a0 En esta etapa, el tribunal escucha las pruebas y los argumentos de la fiscal\u00eda y la defensa para determinar si la persona acusada cometi\u00f3 el delito. Si el tribunal decide que es inocente, el proceso termina ah\u00ed. Pero si lo considera culpable, pasa a la segunda etapa. Eso sucedi\u00f3 el jueves a la tarde y se fij\u00f3 audiencia para este viernes.<\/h3>\n<h3>El tribunal del Colegio de Jueces, estuvo integrado por Adriana Lucero Alfonso, Julio Fernando De Viana y Hugo Guillermo Saa Petrino<\/h3>\n<h3><strong>SEGUNDA ETAPA<\/strong><\/h3>\n<h3>En esta segunda parte, y una vez establecida la culpabilidad, se debate qu\u00e9 sanci\u00f3n debe aplicarse. Para esto, se analizan distintos factores, como la gravedad del delito, los antecedentes del acusado y el impacto en la v\u00edctima. Tanto la fiscal\u00eda como la defensa presentan sus argumentos antes de que el tribunal decida la pena final.<\/h3>\n<h3>La fiscal de Juicio, Virginia Palacios, considero que la disposici\u00f3n de una pena de 20 a\u00f1os de prisi\u00f3n para S\u00e1nchez era justa, proporcional, proporcional y razonable y que respond\u00eda a las premisas esenciales constitucionales.<\/h3>\n<h3>\u201cPorque ac\u00e1 hay una cuesti\u00f3n de maltrato infantil. Y es una cuesti\u00f3n social. S\u00ed, es una cuesti\u00f3n social. Y en la funci\u00f3n de ejercicio representaci\u00f3n de intereses que tambi\u00e9n en ese orden se deben ponderar. Aqu\u00ed estamos hablando de una v\u00edctima absolutamente vulnerable. Y en ese orden de ideas la interpretaci\u00f3n y la motivaci\u00f3n de las decisiones deben estar a soluciones y diligencias que importen el reflejo o la visibilizaci\u00f3n de la absoluta protecci\u00f3n y garant\u00eda de los derechos del ni\u00f1o\u201d, sostuvo Palacios.<\/h3>\n<h3>Respecto a Castro, la fiscal entendi\u00f3 que la imposici\u00f3n de una pena de 15 a\u00f1os de prisi\u00f3n \u201cera una pena acorde, justa, razonable y proporcional\u201d, y pidi\u00f3 que la condena la transite en el Servicio Penitenciario Provincial. La mujer lleg\u00f3 al debate bajo prisi\u00f3n domiciliaria.<\/h3>\n<h3>Cit\u00f3 como circunstancias atenuantes para Castro la edad y la falta de antecedentes y como agravantes la circunstancia de tiempo, modo y lugar, y la extensi\u00f3n del da\u00f1o causado.<\/h3>\n<h3>Esteban Sala, Defensor Oficial en lo Penal, y representante de Castro, dijo que el monto de pena solicitado por el Ministerio P\u00fablico Fiscal era excesivo y que no hab\u00eda motivos para apartarse del m\u00ednimo legal, que es de ocho a\u00f1os.<\/h3>\n<h3>Ra\u00fal Sanabria, abogado de S\u00e1nchez, tambi\u00e9n atac\u00f3 el pedido de pena de la Fiscal\u00eda y solicit\u00f3 el m\u00ednimo establecido en la escala penal para ese tipo de delito. \u201cLa prueba fue imprecisa y este caso no dej\u00f3 de ser un homicidio culposo, accidental. Mandar a S\u00e1nchez a prisi\u00f3n 20 a\u00f1os es sobreactuar y dejar a dos ni\u00f1os sin su padre\u201d, enfatiz\u00f3.<\/h3>\n<h3><strong>EL CASO<\/strong><\/h3>\n<h3>El caso se inici\u00f3 el 8 de octubre, cuando Castro llev\u00f3 a la peque\u00f1a al Hospital Cerro de la Cruz en estado de desvanecimiento y sin signos vitales. Ante la gravedad del cuadro, los m\u00e9dicos activaron el C\u00f3digo Rojo y la derivaron de urgencia. En el Policl\u00ednico, los profesionales lograron reanimarla y detectaron que presentaba una fractura de cr\u00e1neo, por lo que fue internada en terapia intensiva.<\/h3>\n<h3><strong>Las lesiones que delataron el maltrato:<\/strong><\/h3>\n<h3>El diagn\u00f3stico m\u00e9dico indic\u00f3 que la ni\u00f1a ten\u00eda edema cerebral, hematoma subdural en la cabeza, fractura de cr\u00e1neo, hematomas en el rostro y en el pie derecho. D\u00edas despu\u00e9s, el 15 de octubre, su estado se agrav\u00f3 y falleci\u00f3.<\/h3>\n<h3>La m\u00e9dica forense Marcela G\u00f3mez, del Poder Judicial, descart\u00f3 que las heridas fueran producto de una ca\u00edda accidental. En su informe, determin\u00f3 que la beba sufri\u00f3 una muerte cerebral irreversible y present\u00f3 una hemorragia en llamas en la retina, una lesi\u00f3n caracter\u00edstica del maltrato infantil.<\/h3>\n<h3><strong>La investigaci\u00f3n y el veredicto:<\/strong><\/h3>\n<h3>Seg\u00fan la investigaci\u00f3n, S\u00e1nchez y Castro manten\u00edan una relaci\u00f3n desde hac\u00eda dos meses y solo se ve\u00edan los fines de semana en la casa del hombre, ubicada en el barrio 208 Viviendas, donde ocurri\u00f3 el hecho. La madre sostuvo que la beb\u00e9 se cay\u00f3 de la cama, pero la fiscal\u00eda rechaz\u00f3 esa versi\u00f3n y concluy\u00f3 que la peque\u00f1a sufri\u00f3 un fuerte impacto que le provoc\u00f3 una fractura de cr\u00e1neo, una hemorragia aguda cerebral y, finalmente, la muerte.<\/h3>\n","protected":false},"excerpt":{"rendered":"<p>En una audiencia de cesura de juicio, un tribunal del Colegio de Jueces de la&#8230;<\/p>\n","protected":false},"author":1,"featured_media":30779,"comment_status":"closed","ping_status":"closed","sticky":false,"template":"","format":"standard","meta":{"footnotes":""},"categories":[6],"tags":[],"class_list":["post-30778","post","type-post","status-publish","format-standard","has-post-thumbnail","hentry","category-ciudad-provincia"],"yoast_head":"<!-- This site is optimized with the Yoast SEO plugin v26.1.1 - https:\/\/yoast.com\/wordpress\/plugins\/seo\/ -->\n<title>HOMICIDIO DE UNA BEBA: 18 A\u00d1OS DE PRISI\u00d3N AL HOMBRE Y 12 A LA MAM\u00c1 - Apuntes de San Luis<\/title>\n<meta name=\"robots\" content=\"index, follow, max-snippet:-1, max-image-preview:large, max-video-preview:-1\" \/>\n<link rel=\"canonical\" href=\"https:\/\/apuntesdesanluis.com\/index.php\/2025\/03\/22\/homicidio-de-una-beba-18-anos-de-prision-al-hombre-y-12-a-la-mama\/\" \/>\n<meta property=\"og:locale\" content=\"es_ES\" \/>\n<meta property=\"og:type\" content=\"article\" \/>\n<meta property=\"og:title\" content=\"HOMICIDIO DE UNA BEBA: 18 A\u00d1OS DE PRISI\u00d3N AL HOMBRE Y 12 A LA MAM\u00c1 - Apuntes de San Luis\" \/>\n<meta property=\"og:description\" content=\"En una audiencia de cesura de juicio, un tribunal del Colegio de Jueces de la...\" \/>\n<meta property=\"og:url\" content=\"https:\/\/apuntesdesanluis.com\/index.php\/2025\/03\/22\/homicidio-de-una-beba-18-anos-de-prision-al-hombre-y-12-a-la-mama\/\" \/>\n<meta property=\"og:site_name\" content=\"Apuntes de San Luis\" \/>\n<meta property=\"article:published_time\" content=\"2025-03-22T18:46:35+00:00\" \/>\n<meta property=\"article:modified_time\" content=\"2025-03-24T23:51:21+00:00\" \/>\n<meta property=\"og:image\" content=\"https:\/\/apuntesdesanluis.com\/wp-content\/uploads\/2025\/03\/PAREJA.png\" \/>\n\t<meta property=\"og:image:width\" content=\"800\" \/>\n\t<meta property=\"og:image:height\" content=\"554\" \/>\n\t<meta property=\"og:image:type\" content=\"image\/png\" \/>\n<meta name=\"author\" content=\"apuntesdesanluis.com\" \/>\n<meta name=\"twitter:card\" content=\"summary_large_image\" \/>\n<meta name=\"twitter:label1\" content=\"Escrito por\" \/>\n\t<meta name=\"twitter:data1\" content=\"apuntesdesanluis.com\" \/>\n\t<meta name=\"twitter:label2\" content=\"Tiempo de lectura\" \/>\n\t<meta name=\"twitter:data2\" content=\"5 minutos\" \/>\n<script type=\"application\/ld+json\" class=\"yoast-schema-graph\">{\"@context\":\"https:\/\/schema.org\",\"@graph\":[{\"@type\":\"Article\",\"@id\":\"https:\/\/apuntesdesanluis.com\/index.php\/2025\/03\/22\/homicidio-de-una-beba-18-anos-de-prision-al-hombre-y-12-a-la-mama\/#article\",\"isPartOf\":{\"@id\":\"https:\/\/apuntesdesanluis.com\/index.php\/2025\/03\/22\/homicidio-de-una-beba-18-anos-de-prision-al-hombre-y-12-a-la-mama\/\"},\"author\":{\"name\":\"apuntesdesanluis.com\",\"@id\":\"https:\/\/apuntesdesanluis.com\/#\/schema\/person\/b55151d52296fcce64d1a72538a70b90\"},\"headline\":\"HOMICIDIO DE UNA BEBA: 18 A\u00d1OS DE PRISI\u00d3N AL HOMBRE Y 12 A LA MAM\u00c1\",\"datePublished\":\"2025-03-22T18:46:35+00:00\",\"dateModified\":\"2025-03-24T23:51:21+00:00\",\"mainEntityOfPage\":{\"@id\":\"https:\/\/apuntesdesanluis.com\/index.php\/2025\/03\/22\/homicidio-de-una-beba-18-anos-de-prision-al-hombre-y-12-a-la-mama\/\"},\"wordCount\":931,\"publisher\":{\"@id\":\"https:\/\/apuntesdesanluis.com\/#\/schema\/person\/b55151d52296fcce64d1a72538a70b90\"},\"image\":{\"@id\":\"https:\/\/apuntesdesanluis.com\/index.php\/2025\/03\/22\/homicidio-de-una-beba-18-anos-de-prision-al-hombre-y-12-a-la-mama\/#primaryimage\"},\"thumbnailUrl\":\"https:\/\/apuntesdesanluis.com\/wp-content\/uploads\/2025\/03\/PAREJA.png\",\"articleSection\":[\"Ciudad\/Provincia\"],\"inLanguage\":\"es-AR\"},{\"@type\":\"WebPage\",\"@id\":\"https:\/\/apuntesdesanluis.com\/index.php\/2025\/03\/22\/homicidio-de-una-beba-18-anos-de-prision-al-hombre-y-12-a-la-mama\/\",\"url\":\"https:\/\/apuntesdesanluis.com\/index.php\/2025\/03\/22\/homicidio-de-una-beba-18-anos-de-prision-al-hombre-y-12-a-la-mama\/\",\"name\":\"HOMICIDIO DE UNA BEBA: 18 A\u00d1OS DE PRISI\u00d3N AL HOMBRE Y 12 A LA MAM\u00c1 - Apuntes de San Luis\",\"isPartOf\":{\"@id\":\"https:\/\/apuntesdesanluis.com\/#website\"},\"primaryImageOfPage\":{\"@id\":\"https:\/\/apuntesdesanluis.com\/index.php\/2025\/03\/22\/homicidio-de-una-beba-18-anos-de-prision-al-hombre-y-12-a-la-mama\/#primaryimage\"},\"image\":{\"@id\":\"https:\/\/apuntesdesanluis.com\/index.php\/2025\/03\/22\/homicidio-de-una-beba-18-anos-de-prision-al-hombre-y-12-a-la-mama\/#primaryimage\"},\"thumbnailUrl\":\"https:\/\/apuntesdesanluis.com\/wp-content\/uploads\/2025\/03\/PAREJA.png\",\"datePublished\":\"2025-03-22T18:46:35+00:00\",\"dateModified\":\"2025-03-24T23:51:21+00:00\",\"breadcrumb\":{\"@id\":\"https:\/\/apuntesdesanluis.com\/index.php\/2025\/03\/22\/homicidio-de-una-beba-18-anos-de-prision-al-hombre-y-12-a-la-mama\/#breadcrumb\"},\"inLanguage\":\"es-AR\",\"potentialAction\":[{\"@type\":\"ReadAction\",\"target\":[\"https:\/\/apuntesdesanluis.com\/index.php\/2025\/03\/22\/homicidio-de-una-beba-18-anos-de-prision-al-hombre-y-12-a-la-mama\/\"]}]},{\"@type\":\"ImageObject\",\"inLanguage\":\"es-AR\",\"@id\":\"https:\/\/apuntesdesanluis.com\/index.php\/2025\/03\/22\/homicidio-de-una-beba-18-anos-de-prision-al-hombre-y-12-a-la-mama\/#primaryimage\",\"url\":\"https:\/\/apuntesdesanluis.com\/wp-content\/uploads\/2025\/03\/PAREJA.png\",\"contentUrl\":\"https:\/\/apuntesdesanluis.com\/wp-content\/uploads\/2025\/03\/PAREJA.png\",\"width\":800,\"height\":554},{\"@type\":\"BreadcrumbList\",\"@id\":\"https:\/\/apuntesdesanluis.com\/index.php\/2025\/03\/22\/homicidio-de-una-beba-18-anos-de-prision-al-hombre-y-12-a-la-mama\/#breadcrumb\",\"itemListElement\":[{\"@type\":\"ListItem\",\"position\":1,\"name\":\"Inicio\",\"item\":\"https:\/\/apuntesdesanluis.com\/\"},{\"@type\":\"ListItem\",\"position\":2,\"name\":\"HOMICIDIO DE UNA BEBA: 18 A\u00d1OS DE PRISI\u00d3N AL HOMBRE Y 12 A LA MAM\u00c1\"}]},{\"@type\":\"WebSite\",\"@id\":\"https:\/\/apuntesdesanluis.com\/#website\",\"url\":\"https:\/\/apuntesdesanluis.com\/\",\"name\":\"Apuntes de San Luis\",\"description\":\"\",\"publisher\":{\"@id\":\"https:\/\/apuntesdesanluis.com\/#\/schema\/person\/b55151d52296fcce64d1a72538a70b90\"},\"potentialAction\":[{\"@type\":\"SearchAction\",\"target\":{\"@type\":\"EntryPoint\",\"urlTemplate\":\"https:\/\/apuntesdesanluis.com\/?s={search_term_string}\"},\"query-input\":{\"@type\":\"PropertyValueSpecification\",\"valueRequired\":true,\"valueName\":\"search_term_string\"}}],\"inLanguage\":\"es-AR\"},{\"@type\":[\"Person\",\"Organization\"],\"@id\":\"https:\/\/apuntesdesanluis.com\/#\/schema\/person\/b55151d52296fcce64d1a72538a70b90\",\"name\":\"apuntesdesanluis.com\",\"image\":{\"@type\":\"ImageObject\",\"inLanguage\":\"es-AR\",\"@id\":\"https:\/\/apuntesdesanluis.com\/#\/schema\/person\/image\/\",\"url\":\"https:\/\/apuntesdesanluis.com\/wp-content\/uploads\/2023\/07\/cropped-apuntesdesanluis.png\",\"contentUrl\":\"https:\/\/apuntesdesanluis.com\/wp-content\/uploads\/2023\/07\/cropped-apuntesdesanluis.png\",\"width\":450,\"height\":112,\"caption\":\"apuntesdesanluis.com\"},\"logo\":{\"@id\":\"https:\/\/apuntesdesanluis.com\/#\/schema\/person\/image\/\"},\"sameAs\":[\"https:\/\/apuntesdesanluis.com\"],\"url\":\"https:\/\/apuntesdesanluis.com\/index.php\/author\/apuntesdesanluis-com\/\"}]}<\/script>\n<!-- \/ Yoast SEO plugin. -->","yoast_head_json":{"title":"HOMICIDIO DE UNA BEBA: 18 A\u00d1OS DE PRISI\u00d3N AL HOMBRE Y 12 A LA MAM\u00c1 - Apuntes de San Luis","robots":{"index":"index","follow":"follow","max-snippet":"max-snippet:-1","max-image-preview":"max-image-preview:large","max-video-preview":"max-video-preview:-1"},"canonical":"https:\/\/apuntesdesanluis.com\/index.php\/2025\/03\/22\/homicidio-de-una-beba-18-anos-de-prision-al-hombre-y-12-a-la-mama\/","og_locale":"es_ES","og_type":"article","og_title":"HOMICIDIO DE UNA BEBA: 18 A\u00d1OS DE PRISI\u00d3N AL HOMBRE Y 12 A LA MAM\u00c1 - Apuntes de San Luis","og_description":"En una audiencia de cesura de juicio, un tribunal del Colegio de Jueces de la...","og_url":"https:\/\/apuntesdesanluis.com\/index.php\/2025\/03\/22\/homicidio-de-una-beba-18-anos-de-prision-al-hombre-y-12-a-la-mama\/","og_site_name":"Apuntes de San Luis","article_published_time":"2025-03-22T18:46:35+00:00","article_modified_time":"2025-03-24T23:51:21+00:00","og_image":[{"width":800,"height":554,"url":"https:\/\/apuntesdesanluis.com\/wp-content\/uploads\/2025\/03\/PAREJA.png","type":"image\/png"}],"author":"apuntesdesanluis.com","twitter_card":"summary_large_image","twitter_misc":{"Escrito por":"apuntesdesanluis.com","Tiempo de lectura":"5 minutos"},"schema":{"@context":"https:\/\/schema.org","@graph":[{"@type":"Article","@id":"https:\/\/apuntesdesanluis.com\/index.php\/2025\/03\/22\/homicidio-de-una-beba-18-anos-de-prision-al-hombre-y-12-a-la-mama\/#article","isPartOf":{"@id":"https:\/\/apuntesdesanluis.com\/index.php\/2025\/03\/22\/homicidio-de-una-beba-18-anos-de-prision-al-hombre-y-12-a-la-mama\/"},"author":{"name":"apuntesdesanluis.com","@id":"https:\/\/apuntesdesanluis.com\/#\/schema\/person\/b55151d52296fcce64d1a72538a70b90"},"headline":"HOMICIDIO DE UNA BEBA: 18 A\u00d1OS DE PRISI\u00d3N AL HOMBRE Y 12 A LA MAM\u00c1","datePublished":"2025-03-22T18:46:35+00:00","dateModified":"2025-03-24T23:51:21+00:00","mainEntityOfPage":{"@id":"https:\/\/apuntesdesanluis.com\/index.php\/2025\/03\/22\/homicidio-de-una-beba-18-anos-de-prision-al-hombre-y-12-a-la-mama\/"},"wordCount":931,"publisher":{"@id":"https:\/\/apuntesdesanluis.com\/#\/schema\/person\/b55151d52296fcce64d1a72538a70b90"},"image":{"@id":"https:\/\/apuntesdesanluis.com\/index.php\/2025\/03\/22\/homicidio-de-una-beba-18-anos-de-prision-al-hombre-y-12-a-la-mama\/#primaryimage"},"thumbnailUrl":"https:\/\/apuntesdesanluis.com\/wp-content\/uploads\/2025\/03\/PAREJA.png","articleSection":["Ciudad\/Provincia"],"inLanguage":"es-AR"},{"@type":"WebPage","@id":"https:\/\/apuntesdesanluis.com\/index.php\/2025\/03\/22\/homicidio-de-una-beba-18-anos-de-prision-al-hombre-y-12-a-la-mama\/","url":"https:\/\/apuntesdesanluis.com\/index.php\/2025\/03\/22\/homicidio-de-una-beba-18-anos-de-prision-al-hombre-y-12-a-la-mama\/","name":"HOMICIDIO DE UNA BEBA: 18 A\u00d1OS DE PRISI\u00d3N AL HOMBRE Y 12 A LA MAM\u00c1 - Apuntes de San Luis","isPartOf":{"@id":"https:\/\/apuntesdesanluis.com\/#website"},"primaryImageOfPage":{"@id":"https:\/\/apuntesdesanluis.com\/index.php\/2025\/03\/22\/homicidio-de-una-beba-18-anos-de-prision-al-hombre-y-12-a-la-mama\/#primaryimage"},"image":{"@id":"https:\/\/apuntesdesanluis.com\/index.php\/2025\/03\/22\/homicidio-de-una-beba-18-anos-de-prision-al-hombre-y-12-a-la-mama\/#primaryimage"},"thumbnailUrl":"https:\/\/apuntesdesanluis.com\/wp-content\/uploads\/2025\/03\/PAREJA.png","datePublished":"2025-03-22T18:46:35+00:00","dateModified":"2025-03-24T23:51:21+00:00","breadcrumb":{"@id":"https:\/\/apuntesdesanluis.com\/index.php\/2025\/03\/22\/homicidio-de-una-beba-18-anos-de-prision-al-hombre-y-12-a-la-mama\/#breadcrumb"},"inLanguage":"es-AR","potentialAction":[{"@type":"ReadAction","target":["https:\/\/apuntesdesanluis.com\/index.php\/2025\/03\/22\/homicidio-de-una-beba-18-anos-de-prision-al-hombre-y-12-a-la-mama\/"]}]},{"@type":"ImageObject","inLanguage":"es-AR","@id":"https:\/\/apuntesdesanluis.com\/index.php\/2025\/03\/22\/homicidio-de-una-beba-18-anos-de-prision-al-hombre-y-12-a-la-mama\/#primaryimage","url":"https:\/\/apuntesdesanluis.com\/wp-content\/uploads\/2025\/03\/PAREJA.png","contentUrl":"https:\/\/apuntesdesanluis.com\/wp-content\/uploads\/2025\/03\/PAREJA.png","width":800,"height":554},{"@type":"BreadcrumbList","@id":"https:\/\/apuntesdesanluis.com\/index.php\/2025\/03\/22\/homicidio-de-una-beba-18-anos-de-prision-al-hombre-y-12-a-la-mama\/#breadcrumb","itemListElement":[{"@type":"ListItem","position":1,"name":"Inicio","item":"https:\/\/apuntesdesanluis.com\/"},{"@type":"ListItem","position":2,"name":"HOMICIDIO DE UNA BEBA: 18 A\u00d1OS DE PRISI\u00d3N AL HOMBRE Y 12 A LA MAM\u00c1"}]},{"@type":"WebSite","@id":"https:\/\/apuntesdesanluis.com\/#website","url":"https:\/\/apuntesdesanluis.com\/","name":"Apuntes de San Luis","description":"","publisher":{"@id":"https:\/\/apuntesdesanluis.com\/#\/schema\/person\/b55151d52296fcce64d1a72538a70b90"},"potentialAction":[{"@type":"SearchAction","target":{"@type":"EntryPoint","urlTemplate":"https:\/\/apuntesdesanluis.com\/?s={search_term_string}"},"query-input":{"@type":"PropertyValueSpecification","valueRequired":true,"valueName":"search_term_string"}}],"inLanguage":"es-AR"},{"@type":["Person","Organization"],"@id":"https:\/\/apuntesdesanluis.com\/#\/schema\/person\/b55151d52296fcce64d1a72538a70b90","name":"apuntesdesanluis.com","image":{"@type":"ImageObject","inLanguage":"es-AR","@id":"https:\/\/apuntesdesanluis.com\/#\/schema\/person\/image\/","url":"https:\/\/apuntesdesanluis.com\/wp-content\/uploads\/2023\/07\/cropped-apuntesdesanluis.png","contentUrl":"https:\/\/apuntesdesanluis.com\/wp-content\/uploads\/2023\/07\/cropped-apuntesdesanluis.png","width":450,"height":112,"caption":"apuntesdesanluis.com"},"logo":{"@id":"https:\/\/apuntesdesanluis.com\/#\/schema\/person\/image\/"},"sameAs":["https:\/\/apuntesdesanluis.com"],"url":"https:\/\/apuntesdesanluis.com\/index.php\/author\/apuntesdesanluis-com\/"}]}},"featured_image_urls":{"full":["https:\/\/apuntesdesanluis.com\/wp-content\/uploads\/2025\/03\/PAREJA.png",800,554,false],"thumbnail":["https:\/\/apuntesdesanluis.com\/wp-content\/uploads\/2025\/03\/PAREJA-150x150.png",150,150,true],"medium":["https:\/\/apuntesdesanluis.com\/wp-content\/uploads\/2025\/03\/PAREJA-300x208.png",300,208,true],"medium_large":["https:\/\/apuntesdesanluis.com\/wp-content\/uploads\/2025\/03\/PAREJA-768x532.png",640,443,true],"large":["https:\/\/apuntesdesanluis.com\/wp-content\/uploads\/2025\/03\/PAREJA.png",640,443,false],"1536x1536":["https:\/\/apuntesdesanluis.com\/wp-content\/uploads\/2025\/03\/PAREJA.png",800,554,false],"2048x2048":["https:\/\/apuntesdesanluis.com\/wp-content\/uploads\/2025\/03\/PAREJA.png",800,554,false],"newsever-slider-full":["https:\/\/apuntesdesanluis.com\/wp-content\/uploads\/2025\/03\/PAREJA.png",800,554,false],"newsever-featured":["https:\/\/apuntesdesanluis.com\/wp-content\/uploads\/2025\/03\/PAREJA.png",800,554,false],"newsever-medium":["https:\/\/apuntesdesanluis.com\/wp-content\/uploads\/2025\/03\/PAREJA-720x475.png",720,475,true]},"author_info":{"display_name":"apuntesdesanluis.com","author_link":"https:\/\/apuntesdesanluis.com\/index.php\/author\/apuntesdesanluis-com\/"},"category_info":"<a href=\"https:\/\/apuntesdesanluis.com\/index.php\/category\/ciudad-provincia\/\" rel=\"category tag\">Ciudad\/Provincia<\/a>","tag_info":"Ciudad\/Provincia","comment_count":"0","_links":{"self":[{"href":"https:\/\/apuntesdesanluis.com\/index.php\/wp-json\/wp\/v2\/posts\/30778","targetHints":{"allow":["GET"]}}],"collection":[{"href":"https:\/\/apuntesdesanluis.com\/index.php\/wp-json\/wp\/v2\/posts"}],"about":[{"href":"https:\/\/apuntesdesanluis.com\/index.php\/wp-json\/wp\/v2\/types\/post"}],"author":[{"embeddable":true,"href":"https:\/\/apuntesdesanluis.com\/index.php\/wp-json\/wp\/v2\/users\/1"}],"replies":[{"embeddable":true,"href":"https:\/\/apuntesdesanluis.com\/index.php\/wp-json\/wp\/v2\/comments?post=30778"}],"version-history":[{"count":1,"href":"https:\/\/apuntesdesanluis.com\/index.php\/wp-json\/wp\/v2\/posts\/30778\/revisions"}],"predecessor-version":[{"id":30781,"href":"https:\/\/apuntesdesanluis.com\/index.php\/wp-json\/wp\/v2\/posts\/30778\/revisions\/30781"}],"wp:featuredmedia":[{"embeddable":true,"href":"https:\/\/apuntesdesanluis.com\/index.php\/wp-json\/wp\/v2\/media\/30779"}],"wp:attachment":[{"href":"https:\/\/apuntesdesanluis.com\/index.php\/wp-json\/wp\/v2\/media?parent=30778"}],"wp:term":[{"taxonomy":"category","embeddable":true,"href":"https:\/\/apuntesdesanluis.com\/index.php\/wp-json\/wp\/v2\/categories?post=30778"},{"taxonomy":"post_tag","embeddable":true,"href":"https:\/\/apuntesdesanluis.com\/index.php\/wp-json\/wp\/v2\/tags?post=30778"}],"curies":[{"name":"wp","href":"https:\/\/api.w.org\/{rel}","templated":true}]}}